{"id":153,"date":"2024-01-22T09:00:35","date_gmt":"2024-01-22T08:00:35","guid":{"rendered":"https:\/\/web.umons.ac.be\/afon\/?p=153"},"modified":"2026-02-05T15:50:34","modified_gmt":"2026-02-05T14:50:34","slug":"plus-besoin-decharpe-pour-fernando-vieira-costa-jr","status":"publish","type":"post","link":"https:\/\/web.umons.ac.be\/afon\/2024\/01\/22\/plus-besoin-decharpe-pour-fernando-vieira-costa-jr\/","title":{"rendered":"Plus besoin d&rsquo;\u00e9charpe pour Fernando Vieira Costa Jr"},"content":{"rendered":"<p>Apr\u00e8s plusieurs \u00e9preuves de s\u00e9lection, Fernando Vieira Costa Jr vient en effet d&rsquo;obtenir un poste permanent de Professeur associ\u00e9 \u00e0 l&rsquo;<a href=\"https:\/\/www.ufpb.br\/\" target=\"_blank\" rel=\"external nofollow noopener\">Universit\u00e9 F\u00e9d\u00e9ral de Paraiba<\/a> situ\u00e9 \u00e0 Jo\u00e3o Pessoa au Br\u00e9sil. Il quittera donc Mons (et son \u00e9charpe) d\u00e8s le mois de mars pour s&rsquo;envoler vers le Br\u00e9sil, son pays natal. M\u00eame si son passage dans notre service se trouve \u00e9courter, cela nous aura permis de mieux comprendre le lien inattendu entre dimension fractale et hypercyclicit\u00e9 commune. Nous lui souhaitons beaucoup de succ\u00e8s dans tous ses projets \u00e0 venir.<\/p>\n","protected":false},"excerpt":{"rendered":"<p>Fernando Vieira Costa Jr qui a rejoint notre service en octobre 2023 n&rsquo;aura pas eu besoin de ses trois ann\u00e9es de postdoc chez nous en tant que Charg\u00e9 de Recherche pour obtenir un poste permanent.<\/p>\n","protected":false},"author":318,"featured_media":154,"comment_status":"closed","ping_status":"closed","sticky":false,"template":"","format":"standard","meta":{"footnotes":""},"categories":[47],"tags":[],"class_list":["post-153","post","type-post","status-publish","format-standard","has-post-thumbnail","hentry","category-recherche"],"yoast_head":"<!-- This site is optimized with the Yoast SEO plugin v27.2 - https:\/\/yoast.com\/product\/yoast-seo-wordpress\/ -->\n<title>Plus besoin d&#039;\u00e9charpe pour Fernando Vieira Costa Jr - Service \/ FS - Analyse fonctionnelle<\/title>\n<meta name=\"robots\" content=\"index, follow, max-snippet:-1, max-image-preview:large, max-video-preview:-1\" \/>\n<link rel=\"canonical\" href=\"https:\/\/web.umons.ac.be\/afon\/2024\/01\/22\/plus-besoin-decharpe-pour-fernando-vieira-costa-jr\/\" \/>\n<meta property=\"og:locale\" content=\"fr_FR\" \/>\n<meta property=\"og:type\" content=\"article\" \/>\n<meta property=\"og:title\" content=\"Plus besoin d&#039;\u00e9charpe pour Fernando Vieira Costa Jr - Service \/ FS - Analyse fonctionnelle\" \/>\n<meta property=\"og:description\" content=\"Fernando Vieira Costa Jr qui a rejoint notre service en octobre 2023 n&#039;aura pas eu besoin de ses trois ann\u00e9es de postdoc chez nous en tant que Charg\u00e9 de Recherche pour obtenir un poste permanent.\" \/>\n<meta property=\"og:url\" content=\"https:\/\/web.umons.ac.be\/afon\/2024\/01\/22\/plus-besoin-decharpe-pour-fernando-vieira-costa-jr\/\" \/>\n<meta property=\"og:site_name\" content=\"Service \/ FS - Analyse fonctionnelle\" \/>\n<meta property=\"article:published_time\" content=\"2024-01-22T08:00:35+00:00\" \/>\n<meta property=\"article:modified_time\" content=\"2026-02-05T14:50:34+00:00\" \/>\n<meta property=\"og:image\" content=\"https:\/\/web.umons.ac.be\/app\/uploads\/sites\/89\/2026\/02\/fernandopic.jpg\" \/>\n\t<meta property=\"og:image:width\" content=\"914\" \/>\n\t<meta property=\"og:image:height\" content=\"1098\" \/>\n\t<meta property=\"og:image:type\" content=\"image\/jpeg\" \/>\n<meta name=\"author\" content=\"Quentin Menet\" \/>\n<meta name=\"twitter:card\" content=\"summary_large_image\" \/>\n<meta name=\"twitter:label1\" content=\"\u00c9crit par\" \/>\n\t<meta name=\"twitter:data1\" content=\"Quentin Menet\" \/>\n\t<meta name=\"twitter:label2\" content=\"Dur\u00e9e de lecture estim\u00e9e\" \/>\n\t<meta name=\"twitter:data2\" content=\"1 minute\" \/>\n<script type=\"application\/ld+json\" class=\"yoast-schema-graph\">{\"@context\":\"https:\/\/schema.org\",\"@graph\":[{\"@type\":\"Article\",\"@id\":\"https:\/\/web.umons.ac.be\/afon\/2024\/01\/22\/plus-besoin-decharpe-pour-fernando-vieira-costa-jr\/#article\",\"isPartOf\":{\"@id\":\"https:\/\/web.umons.ac.be\/afon\/2024\/01\/22\/plus-besoin-decharpe-pour-fernando-vieira-costa-jr\/\"},\"author\":{\"name\":\"Quentin Menet\",\"@id\":\"https:\/\/web.umons.ac.be\/afon\/#\/schema\/person\/b129e9eb2445b2ae47a80438cfecb96a\"},\"headline\":\"Plus besoin d&rsquo;\u00e9charpe pour Fernando Vieira Costa Jr\",\"datePublished\":\"2024-01-22T08:00:35+00:00\",\"dateModified\":\"2026-02-05T14:50:34+00:00\",\"mainEntityOfPage\":{\"@id\":\"https:\/\/web.umons.ac.be\/afon\/2024\/01\/22\/plus-besoin-decharpe-pour-fernando-vieira-costa-jr\/\"},\"wordCount\":107,\"image\":{\"@id\":\"https:\/\/web.umons.ac.be\/afon\/2024\/01\/22\/plus-besoin-decharpe-pour-fernando-vieira-costa-jr\/#primaryimage\"},\"thumbnailUrl\":\"https:\/\/web.umons.ac.be\/app\/uploads\/sites\/89\/2026\/02\/fernandopic.jpg\",\"articleSection\":[\"Recherche\"],\"inLanguage\":\"fr-FR\"},{\"@type\":\"WebPage\",\"@id\":\"https:\/\/web.umons.ac.be\/afon\/2024\/01\/22\/plus-besoin-decharpe-pour-fernando-vieira-costa-jr\/\",\"url\":\"https:\/\/web.umons.ac.be\/afon\/2024\/01\/22\/plus-besoin-decharpe-pour-fernando-vieira-costa-jr\/\",\"name\":\"Plus besoin d'\u00e9charpe pour Fernando Vieira Costa Jr - Service \/ FS - Analyse fonctionnelle\",\"isPartOf\":{\"@id\":\"https:\/\/web.umons.ac.be\/afon\/#website\"},\"primaryImageOfPage\":{\"@id\":\"https:\/\/web.umons.ac.be\/afon\/2024\/01\/22\/plus-besoin-decharpe-pour-fernando-vieira-costa-jr\/#primaryimage\"},\"image\":{\"@id\":\"https:\/\/web.umons.ac.be\/afon\/2024\/01\/22\/plus-besoin-decharpe-pour-fernando-vieira-costa-jr\/#primaryimage\"},\"thumbnailUrl\":\"https:\/\/web.umons.ac.be\/app\/uploads\/sites\/89\/2026\/02\/fernandopic.jpg\",\"datePublished\":\"2024-01-22T08:00:35+00:00\",\"dateModified\":\"2026-02-05T14:50:34+00:00\",\"author\":{\"@id\":\"https:\/\/web.umons.ac.be\/afon\/#\/schema\/person\/b129e9eb2445b2ae47a80438cfecb96a\"},\"breadcrumb\":{\"@id\":\"https:\/\/web.umons.ac.be\/afon\/2024\/01\/22\/plus-besoin-decharpe-pour-fernando-vieira-costa-jr\/#breadcrumb\"},\"inLanguage\":\"fr-FR\",\"potentialAction\":[{\"@type\":\"ReadAction\",\"target\":[\"https:\/\/web.umons.ac.be\/afon\/2024\/01\/22\/plus-besoin-decharpe-pour-fernando-vieira-costa-jr\/\"]}]},{\"@type\":\"ImageObject\",\"inLanguage\":\"fr-FR\",\"@id\":\"https:\/\/web.umons.ac.be\/afon\/2024\/01\/22\/plus-besoin-decharpe-pour-fernando-vieira-costa-jr\/#primaryimage\",\"url\":\"https:\/\/web.umons.ac.be\/app\/uploads\/sites\/89\/2026\/02\/fernandopic.jpg\",\"contentUrl\":\"https:\/\/web.umons.ac.be\/app\/uploads\/sites\/89\/2026\/02\/fernandopic.jpg\",\"width\":914,\"height\":1098,\"caption\":\"Screenshot\"},{\"@type\":\"BreadcrumbList\",\"@id\":\"https:\/\/web.umons.ac.be\/afon\/2024\/01\/22\/plus-besoin-decharpe-pour-fernando-vieira-costa-jr\/#breadcrumb\",\"itemListElement\":[{\"@type\":\"ListItem\",\"position\":1,\"name\":\"Home\",\"item\":\"https:\/\/web.umons.ac.be\/afon\/\"},{\"@type\":\"ListItem\",\"position\":2,\"name\":\"Plus besoin d&rsquo;\u00e9charpe pour Fernando Vieira Costa Jr\"}]},{\"@type\":\"WebSite\",\"@id\":\"https:\/\/web.umons.ac.be\/afon\/#website\",\"url\":\"https:\/\/web.umons.ac.be\/afon\/\",\"name\":\"Service \/ FS - Analyse fonctionnelle\",\"description\":\"\",\"potentialAction\":[{\"@type\":\"SearchAction\",\"target\":{\"@type\":\"EntryPoint\",\"urlTemplate\":\"https:\/\/web.umons.ac.be\/afon\/?s={search_term_string}\"},\"query-input\":{\"@type\":\"PropertyValueSpecification\",\"valueRequired\":true,\"valueName\":\"search_term_string\"}}],\"inLanguage\":\"fr-FR\"},{\"@type\":\"Person\",\"@id\":\"https:\/\/web.umons.ac.be\/afon\/#\/schema\/person\/b129e9eb2445b2ae47a80438cfecb96a\",\"name\":\"Quentin Menet\",\"image\":{\"@type\":\"ImageObject\",\"inLanguage\":\"fr-FR\",\"@id\":\"https:\/\/secure.gravatar.com\/avatar\/6046f52dee445b25a9ccd38e0f62f1f628fe27fd6399f3508767d8bc15cf7ee7?s=96&d=mm&r=g\",\"url\":\"https:\/\/secure.gravatar.com\/avatar\/6046f52dee445b25a9ccd38e0f62f1f628fe27fd6399f3508767d8bc15cf7ee7?s=96&d=mm&r=g\",\"contentUrl\":\"https:\/\/secure.gravatar.com\/avatar\/6046f52dee445b25a9ccd38e0f62f1f628fe27fd6399f3508767d8bc15cf7ee7?s=96&d=mm&r=g\",\"caption\":\"Quentin Menet\"},\"url\":\"https:\/\/web.umons.ac.be\/afon\/author\/qmenet\/\"}]}<\/script>\n<!-- \/ Yoast SEO plugin. -->","yoast_head_json":{"title":"Plus besoin d'\u00e9charpe pour Fernando Vieira Costa Jr - Service \/ FS - Analyse fonctionnelle","robots":{"index":"index","follow":"follow","max-snippet":"max-snippet:-1","max-image-preview":"max-image-preview:large","max-video-preview":"max-video-preview:-1"},"canonical":"https:\/\/web.umons.ac.be\/afon\/2024\/01\/22\/plus-besoin-decharpe-pour-fernando-vieira-costa-jr\/","og_locale":"fr_FR","og_type":"article","og_title":"Plus besoin d'\u00e9charpe pour Fernando Vieira Costa Jr - Service \/ FS - Analyse fonctionnelle","og_description":"Fernando Vieira Costa Jr qui a rejoint notre service en octobre 2023 n'aura pas eu besoin de ses trois ann\u00e9es de postdoc chez nous en tant que Charg\u00e9 de Recherche pour obtenir un poste permanent.","og_url":"https:\/\/web.umons.ac.be\/afon\/2024\/01\/22\/plus-besoin-decharpe-pour-fernando-vieira-costa-jr\/","og_site_name":"Service \/ FS - Analyse fonctionnelle","article_published_time":"2024-01-22T08:00:35+00:00","article_modified_time":"2026-02-05T14:50:34+00:00","og_image":[{"width":914,"height":1098,"url":"https:\/\/web.umons.ac.be\/app\/uploads\/sites\/89\/2026\/02\/fernandopic.jpg","type":"image\/jpeg"}],"author":"Quentin Menet","twitter_card":"summary_large_image","twitter_misc":{"\u00c9crit par":"Quentin Menet","Dur\u00e9e de lecture estim\u00e9e":"1 minute"},"schema":{"@context":"https:\/\/schema.org","@graph":[{"@type":"Article","@id":"https:\/\/web.umons.ac.be\/afon\/2024\/01\/22\/plus-besoin-decharpe-pour-fernando-vieira-costa-jr\/#article","isPartOf":{"@id":"https:\/\/web.umons.ac.be\/afon\/2024\/01\/22\/plus-besoin-decharpe-pour-fernando-vieira-costa-jr\/"},"author":{"name":"Quentin Menet","@id":"https:\/\/web.umons.ac.be\/afon\/#\/schema\/person\/b129e9eb2445b2ae47a80438cfecb96a"},"headline":"Plus besoin d&rsquo;\u00e9charpe pour Fernando Vieira Costa Jr","datePublished":"2024-01-22T08:00:35+00:00","dateModified":"2026-02-05T14:50:34+00:00","mainEntityOfPage":{"@id":"https:\/\/web.umons.ac.be\/afon\/2024\/01\/22\/plus-besoin-decharpe-pour-fernando-vieira-costa-jr\/"},"wordCount":107,"image":{"@id":"https:\/\/web.umons.ac.be\/afon\/2024\/01\/22\/plus-besoin-decharpe-pour-fernando-vieira-costa-jr\/#primaryimage"},"thumbnailUrl":"https:\/\/web.umons.ac.be\/app\/uploads\/sites\/89\/2026\/02\/fernandopic.jpg","articleSection":["Recherche"],"inLanguage":"fr-FR"},{"@type":"WebPage","@id":"https:\/\/web.umons.ac.be\/afon\/2024\/01\/22\/plus-besoin-decharpe-pour-fernando-vieira-costa-jr\/","url":"https:\/\/web.umons.ac.be\/afon\/2024\/01\/22\/plus-besoin-decharpe-pour-fernando-vieira-costa-jr\/","name":"Plus besoin d'\u00e9charpe pour Fernando Vieira Costa Jr - Service \/ FS - Analyse fonctionnelle","isPartOf":{"@id":"https:\/\/web.umons.ac.be\/afon\/#website"},"primaryImageOfPage":{"@id":"https:\/\/web.umons.ac.be\/afon\/2024\/01\/22\/plus-besoin-decharpe-pour-fernando-vieira-costa-jr\/#primaryimage"},"image":{"@id":"https:\/\/web.umons.ac.be\/afon\/2024\/01\/22\/plus-besoin-decharpe-pour-fernando-vieira-costa-jr\/#primaryimage"},"thumbnailUrl":"https:\/\/web.umons.ac.be\/app\/uploads\/sites\/89\/2026\/02\/fernandopic.jpg","datePublished":"2024-01-22T08:00:35+00:00","dateModified":"2026-02-05T14:50:34+00:00","author":{"@id":"https:\/\/web.umons.ac.be\/afon\/#\/schema\/person\/b129e9eb2445b2ae47a80438cfecb96a"},"breadcrumb":{"@id":"https:\/\/web.umons.ac.be\/afon\/2024\/01\/22\/plus-besoin-decharpe-pour-fernando-vieira-costa-jr\/#breadcrumb"},"inLanguage":"fr-FR","potentialAction":[{"@type":"ReadAction","target":["https:\/\/web.umons.ac.be\/afon\/2024\/01\/22\/plus-besoin-decharpe-pour-fernando-vieira-costa-jr\/"]}]},{"@type":"ImageObject","inLanguage":"fr-FR","@id":"https:\/\/web.umons.ac.be\/afon\/2024\/01\/22\/plus-besoin-decharpe-pour-fernando-vieira-costa-jr\/#primaryimage","url":"https:\/\/web.umons.ac.be\/app\/uploads\/sites\/89\/2026\/02\/fernandopic.jpg","contentUrl":"https:\/\/web.umons.ac.be\/app\/uploads\/sites\/89\/2026\/02\/fernandopic.jpg","width":914,"height":1098,"caption":"Screenshot"},{"@type":"BreadcrumbList","@id":"https:\/\/web.umons.ac.be\/afon\/2024\/01\/22\/plus-besoin-decharpe-pour-fernando-vieira-costa-jr\/#breadcrumb","itemListElement":[{"@type":"ListItem","position":1,"name":"Home","item":"https:\/\/web.umons.ac.be\/afon\/"},{"@type":"ListItem","position":2,"name":"Plus besoin d&rsquo;\u00e9charpe pour Fernando Vieira Costa Jr"}]},{"@type":"WebSite","@id":"https:\/\/web.umons.ac.be\/afon\/#website","url":"https:\/\/web.umons.ac.be\/afon\/","name":"Service \/ FS - Analyse fonctionnelle","description":"","potentialAction":[{"@type":"SearchAction","target":{"@type":"EntryPoint","urlTemplate":"https:\/\/web.umons.ac.be\/afon\/?s={search_term_string}"},"query-input":{"@type":"PropertyValueSpecification","valueRequired":true,"valueName":"search_term_string"}}],"inLanguage":"fr-FR"},{"@type":"Person","@id":"https:\/\/web.umons.ac.be\/afon\/#\/schema\/person\/b129e9eb2445b2ae47a80438cfecb96a","name":"Quentin Menet","image":{"@type":"ImageObject","inLanguage":"fr-FR","@id":"https:\/\/secure.gravatar.com\/avatar\/6046f52dee445b25a9ccd38e0f62f1f628fe27fd6399f3508767d8bc15cf7ee7?s=96&d=mm&r=g","url":"https:\/\/secure.gravatar.com\/avatar\/6046f52dee445b25a9ccd38e0f62f1f628fe27fd6399f3508767d8bc15cf7ee7?s=96&d=mm&r=g","contentUrl":"https:\/\/secure.gravatar.com\/avatar\/6046f52dee445b25a9ccd38e0f62f1f628fe27fd6399f3508767d8bc15cf7ee7?s=96&d=mm&r=g","caption":"Quentin Menet"},"url":"https:\/\/web.umons.ac.be\/afon\/author\/qmenet\/"}]}},"lang":"fr","translations":{"fr":153},"pll_sync_post":[],"_links":{"self":[{"href":"https:\/\/web.umons.ac.be\/afon\/wp-json\/wp\/v2\/posts\/153","targetHints":{"allow":["GET"]}}],"collection":[{"href":"https:\/\/web.umons.ac.be\/afon\/wp-json\/wp\/v2\/posts"}],"about":[{"href":"https:\/\/web.umons.ac.be\/afon\/wp-json\/wp\/v2\/types\/post"}],"author":[{"embeddable":true,"href":"https:\/\/web.umons.ac.be\/afon\/wp-json\/wp\/v2\/users\/318"}],"replies":[{"embeddable":true,"href":"https:\/\/web.umons.ac.be\/afon\/wp-json\/wp\/v2\/comments?post=153"}],"version-history":[{"count":3,"href":"https:\/\/web.umons.ac.be\/afon\/wp-json\/wp\/v2\/posts\/153\/revisions"}],"predecessor-version":[{"id":159,"href":"https:\/\/web.umons.ac.be\/afon\/wp-json\/wp\/v2\/posts\/153\/revisions\/159"}],"wp:featuredmedia":[{"embeddable":true,"href":"https:\/\/web.umons.ac.be\/afon\/wp-json\/wp\/v2\/media\/154"}],"wp:attachment":[{"href":"https:\/\/web.umons.ac.be\/afon\/wp-json\/wp\/v2\/media?parent=153"}],"wp:term":[{"taxonomy":"category","embeddable":true,"href":"https:\/\/web.umons.ac.be\/afon\/wp-json\/wp\/v2\/categories?post=153"},{"taxonomy":"post_tag","embeddable":true,"href":"https:\/\/web.umons.ac.be\/afon\/wp-json\/wp\/v2\/tags?post=153"}],"curies":[{"name":"wp","href":"https:\/\/api.w.org\/{rel}","templated":true}]}}