{"id":644,"date":"2023-12-19T09:54:07","date_gmt":"2023-12-19T08:54:07","guid":{"rendered":"https:\/\/web.umons.ac.be\/biosciences\/?p=644"},"modified":"2023-12-19T09:54:07","modified_gmt":"2023-12-19T08:54:07","slug":"des-chercheurs-de-lumons-remportent-le-1er-prix-de-lesa-lagence-spatiale-europeenne","status":"publish","type":"post","link":"https:\/\/web.umons.ac.be\/biosciences\/fr\/des-chercheurs-de-lumons-remportent-le-1er-prix-de-lesa-lagence-spatiale-europeenne\/","title":{"rendered":"Des chercheurs de l\u2019UMONS remportent le 1er prix de l\u2019ESA, l\u2019Agence spatiale europ\u00e9enne"},"content":{"rendered":"<p style=\"font-weight: 400;\">Les chercheurs de l&rsquo;UMONS ont r\u00e9cemment \u00e9t\u00e9 honor\u00e9s par l&rsquo;ESA, <em>l\u2019European Space Agency<\/em>\u00a0: Baptiste Leroy et Guillaume Bayon-Vicente (Service de Prot\u00e9omie et Microbiologie, Institut de Recherche Biosciences) viennent de remporter le premier prix (20 000 \u20ac) d&rsquo;une comp\u00e9tition ax\u00e9e sur la cr\u00e9ation d&rsquo;id\u00e9es innovantes bas\u00e9es sur la technologie spatiale. Le concours, intitul\u00e9 \u00ab\u00a0<em>Technology Transfer Competition<\/em>\u00ab\u00a0, encourage les participants \u00e0 exploiter les d\u00e9veloppements technologiques issus de la recherche spatiale pour de nouvelles applications terrestres. Les chercheurs ont \u00e9t\u00e9 r\u00e9compens\u00e9s gr\u00e2ce \u00e0 leurs travaux dans le cadre du projet PROTEBoost.<\/p>\n<p>La recherche menant \u00e0 ces r\u00e9sultats a \u00e9t\u00e9 financ\u00e9e par le Service Public de Wallonie (Economie, Emploi et Recherche), sous la convention FoodWal n\u00b02210182 int\u00e9gr\u00e9e dans le projet Win4Excellence du Plan de Relance de la Wallonie.<\/p>\n<h5>Vers une alimentation du futur\u00a0avec PROTEBoost<\/h5>\n<p style=\"font-weight: 400;\">Ce projet vise le d\u00e9veloppement de technologie de rupture dans le domaine de la production, de la conservation et de la transformation de biomasses de bact\u00e9ries pourpres riches en prot\u00e9ines \u00e0 des fins d\u2019alimentation humaine.<\/p>\n<p style=\"font-weight: 400;\">Les chercheurs de l&rsquo;UMONS se sont particuli\u00e8rement distingu\u00e9s en utilisant des sous-produits de l&rsquo;industrie agroalimentaire tels que la m\u00e9lasse de betterave, le lactos\u00e9rum ou encore les digestats comme sources de nutriments pour la culture de bact\u00e9ries pourpres. Cette approche durable s&rsquo;inscrit dans la vision globale de cr\u00e9er des solutions alimentaires novatrices, soulignant le potentiel des d\u00e9chets industriels pour des applications nutritives.<\/p>\n<p style=\"font-weight: 400;\">\u00ab\u00a0<em>Cette recherche est r\u00e9alis\u00e9e en collaboration avec sept partenaires wallons dont le \u00a0Service Syst\u00e8mes, Estimation, Commande et Optimisation de l\u2019UMONS\u00a0\u00bb<\/em>, pr\u00e9cise Guillaume Bayon-Vicente, chercheur au sein du Service de Prot\u00e9omie et Microbiologie. \u00ab\u00a0<em>Cette collaboration pluridisciplinaire enrichit notre approche, montrant comment des expertises vari\u00e9es convergent pour faire progresser la recherche alimentaire\u00a0\u00bb.<\/em><\/p>\n<table style=\"height: 210px; width: 100%; border-collapse: collapse;\">\n<tbody>\n<tr>\n<td style=\"width: 50%;\"><img loading=\"lazy\" decoding=\"async\" class=\"size-medium wp-image-646 aligncenter\" src=\"https:\/\/web.umons.ac.be\/app\/uploads\/sites\/30\/2023\/12\/ESA-UMONS_5-300x169.jpg\" alt=\"\" width=\"300\" height=\"169\" srcset=\"https:\/\/web.umons.ac.be\/app\/uploads\/sites\/30\/2023\/12\/ESA-UMONS_5-300x169.jpg 300w, https:\/\/web.umons.ac.be\/app\/uploads\/sites\/30\/2023\/12\/ESA-UMONS_5-1024x576.jpg 1024w, https:\/\/web.umons.ac.be\/app\/uploads\/sites\/30\/2023\/12\/ESA-UMONS_5-768x432.jpg 768w, https:\/\/web.umons.ac.be\/app\/uploads\/sites\/30\/2023\/12\/ESA-UMONS_5-1536x864.jpg 1536w, https:\/\/web.umons.ac.be\/app\/uploads\/sites\/30\/2023\/12\/ESA-UMONS_5-2048x1152.jpg 2048w, https:\/\/web.umons.ac.be\/app\/uploads\/sites\/30\/2023\/12\/ESA-UMONS_5-1173x660.jpg 1173w, https:\/\/web.umons.ac.be\/app\/uploads\/sites\/30\/2023\/12\/ESA-UMONS_5-30x17.jpg 30w, https:\/\/web.umons.ac.be\/app\/uploads\/sites\/30\/2023\/12\/ESA-UMONS_5-60x34.jpg 60w, https:\/\/web.umons.ac.be\/app\/uploads\/sites\/30\/2023\/12\/ESA-UMONS_5-360x203.jpg 360w\" sizes=\"auto, (max-width: 300px) 100vw, 300px\" \/><\/td>\n<td style=\"width: 50%;\"><img loading=\"lazy\" decoding=\"async\" class=\"size-medium wp-image-647 aligncenter\" src=\"https:\/\/web.umons.ac.be\/app\/uploads\/sites\/30\/2023\/12\/ESA-UMONS_1-300x169.jpg\" alt=\"\" width=\"300\" height=\"169\" srcset=\"https:\/\/web.umons.ac.be\/app\/uploads\/sites\/30\/2023\/12\/ESA-UMONS_1-300x169.jpg 300w, https:\/\/web.umons.ac.be\/app\/uploads\/sites\/30\/2023\/12\/ESA-UMONS_1-1024x576.jpg 1024w, https:\/\/web.umons.ac.be\/app\/uploads\/sites\/30\/2023\/12\/ESA-UMONS_1-768x432.jpg 768w, https:\/\/web.umons.ac.be\/app\/uploads\/sites\/30\/2023\/12\/ESA-UMONS_1-1536x864.jpg 1536w, https:\/\/web.umons.ac.be\/app\/uploads\/sites\/30\/2023\/12\/ESA-UMONS_1-2048x1152.jpg 2048w, https:\/\/web.umons.ac.be\/app\/uploads\/sites\/30\/2023\/12\/ESA-UMONS_1-1173x660.jpg 1173w, https:\/\/web.umons.ac.be\/app\/uploads\/sites\/30\/2023\/12\/ESA-UMONS_1-30x17.jpg 30w, https:\/\/web.umons.ac.be\/app\/uploads\/sites\/30\/2023\/12\/ESA-UMONS_1-60x34.jpg 60w, https:\/\/web.umons.ac.be\/app\/uploads\/sites\/30\/2023\/12\/ESA-UMONS_1-360x203.jpg 360w\" sizes=\"auto, (max-width: 300px) 100vw, 300px\" \/><\/td>\n<\/tr>\n<\/tbody>\n<\/table>\n<p style=\"font-weight: 400;\"><em>\u00ab\u00a0L\u2019UMONS confirme sa position d&rsquo;expert en prot\u00e9omie et microbiologie<\/em>\u00a0\u00bb, souligne Baptiste Leroy, coordinateur du projet. \u00ab\u00a0<em>En collaborant avec des partenaires vari\u00e9s au sein du projet, l&rsquo;UMONS d\u00e9montre son engagement envers la recherche alimentaire de pointe et durable<\/em>\u00a0\u00bb.<\/p>\n<h5>PROTEBoost et le projet d\u2019\u00e9cosyst\u00e8mes ferm\u00e9s de l\u2019ESA<\/h5>\n<p style=\"font-weight: 400;\">Le succ\u00e8s de PROTEBoost est ancr\u00e9 dans le projet MELiSSA (<em>Micro-Ecological Life Support Alternative<\/em>) de l&rsquo;ESA, explorant depuis plus de 25 ans la transformation des vaisseaux spatiaux en \u00e9cosyst\u00e8mes ferm\u00e9s reposant sur des \u00e9l\u00e9ments naturels tels que bact\u00e9ries et des plantes. Les retomb\u00e9es sur Terre de ces recherches spatiales ont \u00e9t\u00e9 majeures, soulignant l&rsquo;importance des initiatives spatiales dans le domaine de l&rsquo;innovation alimentaire.<\/p>\n<p style=\"font-weight: 400;\"><span style=\"font-weight: 400;\">Le projet PROTEBOOST fait partie du portefeuille de projets FoodWal. Il est coordonn\u00e9 par Baptiste Leroy. Les partenaires du projet sont le Centre d\u2019investigation clinique en nutrition (CICN) de l\u2019UCLouvain, le laboratoire TIPs (Transferts, Interfaces et Proc\u00e9d\u00e9s) de l\u2019ULB, le Smart Gastronomy Lab de l\u2019ULi\u00e8ge, Materia Nova, le Celabor, et Multitel.<\/span><\/p>\n<table style=\"border-collapse: collapse; width: 100%;\">\n<tbody>\n<tr>\n<td style=\"width: 33.333333%;\"><img loading=\"lazy\" decoding=\"async\" class=\"size-medium wp-image-648 aligncenter\" src=\"https:\/\/web.umons.ac.be\/app\/uploads\/sites\/30\/2023\/12\/ESA-UMONS_3-300x169.jpg\" alt=\"\" width=\"300\" height=\"169\" srcset=\"https:\/\/web.umons.ac.be\/app\/uploads\/sites\/30\/2023\/12\/ESA-UMONS_3-300x169.jpg 300w, https:\/\/web.umons.ac.be\/app\/uploads\/sites\/30\/2023\/12\/ESA-UMONS_3-1024x576.jpg 1024w, https:\/\/web.umons.ac.be\/app\/uploads\/sites\/30\/2023\/12\/ESA-UMONS_3-768x432.jpg 768w, https:\/\/web.umons.ac.be\/app\/uploads\/sites\/30\/2023\/12\/ESA-UMONS_3-1536x864.jpg 1536w, https:\/\/web.umons.ac.be\/app\/uploads\/sites\/30\/2023\/12\/ESA-UMONS_3-2048x1152.jpg 2048w, https:\/\/web.umons.ac.be\/app\/uploads\/sites\/30\/2023\/12\/ESA-UMONS_3-1173x660.jpg 1173w, https:\/\/web.umons.ac.be\/app\/uploads\/sites\/30\/2023\/12\/ESA-UMONS_3-30x17.jpg 30w, https:\/\/web.umons.ac.be\/app\/uploads\/sites\/30\/2023\/12\/ESA-UMONS_3-60x34.jpg 60w, https:\/\/web.umons.ac.be\/app\/uploads\/sites\/30\/2023\/12\/ESA-UMONS_3-360x203.jpg 360w\" sizes=\"auto, (max-width: 300px) 100vw, 300px\" \/><\/td>\n<td style=\"width: 33.333333%;\"><img loading=\"lazy\" decoding=\"async\" class=\"size-medium wp-image-649 aligncenter\" src=\"https:\/\/web.umons.ac.be\/app\/uploads\/sites\/30\/2023\/12\/ESA-UMONS_6-300x169.jpg\" alt=\"\" width=\"300\" height=\"169\" srcset=\"https:\/\/web.umons.ac.be\/app\/uploads\/sites\/30\/2023\/12\/ESA-UMONS_6-300x169.jpg 300w, https:\/\/web.umons.ac.be\/app\/uploads\/sites\/30\/2023\/12\/ESA-UMONS_6-1024x576.jpg 1024w, https:\/\/web.umons.ac.be\/app\/uploads\/sites\/30\/2023\/12\/ESA-UMONS_6-768x432.jpg 768w, https:\/\/web.umons.ac.be\/app\/uploads\/sites\/30\/2023\/12\/ESA-UMONS_6-1536x864.jpg 1536w, https:\/\/web.umons.ac.be\/app\/uploads\/sites\/30\/2023\/12\/ESA-UMONS_6-2048x1152.jpg 2048w, https:\/\/web.umons.ac.be\/app\/uploads\/sites\/30\/2023\/12\/ESA-UMONS_6-1173x660.jpg 1173w, https:\/\/web.umons.ac.be\/app\/uploads\/sites\/30\/2023\/12\/ESA-UMONS_6-30x17.jpg 30w, https:\/\/web.umons.ac.be\/app\/uploads\/sites\/30\/2023\/12\/ESA-UMONS_6-60x34.jpg 60w, https:\/\/web.umons.ac.be\/app\/uploads\/sites\/30\/2023\/12\/ESA-UMONS_6-360x203.jpg 360w\" sizes=\"auto, (max-width: 300px) 100vw, 300px\" \/><\/td>\n<td style=\"width: 33.333333%;\"><img loading=\"lazy\" decoding=\"async\" class=\"size-medium wp-image-650 aligncenter\" src=\"https:\/\/web.umons.ac.be\/app\/uploads\/sites\/30\/2023\/12\/ESA-UMONS_7-300x169.jpg\" alt=\"\" width=\"300\" height=\"169\" srcset=\"https:\/\/web.umons.ac.be\/app\/uploads\/sites\/30\/2023\/12\/ESA-UMONS_7-300x169.jpg 300w, https:\/\/web.umons.ac.be\/app\/uploads\/sites\/30\/2023\/12\/ESA-UMONS_7-1024x576.jpg 1024w, https:\/\/web.umons.ac.be\/app\/uploads\/sites\/30\/2023\/12\/ESA-UMONS_7-768x432.jpg 768w, https:\/\/web.umons.ac.be\/app\/uploads\/sites\/30\/2023\/12\/ESA-UMONS_7-1536x864.jpg 1536w, https:\/\/web.umons.ac.be\/app\/uploads\/sites\/30\/2023\/12\/ESA-UMONS_7-2048x1152.jpg 2048w, https:\/\/web.umons.ac.be\/app\/uploads\/sites\/30\/2023\/12\/ESA-UMONS_7-1173x660.jpg 1173w, https:\/\/web.umons.ac.be\/app\/uploads\/sites\/30\/2023\/12\/ESA-UMONS_7-30x17.jpg 30w, https:\/\/web.umons.ac.be\/app\/uploads\/sites\/30\/2023\/12\/ESA-UMONS_7-60x34.jpg 60w, https:\/\/web.umons.ac.be\/app\/uploads\/sites\/30\/2023\/12\/ESA-UMONS_7-360x203.jpg 360w\" sizes=\"auto, (max-width: 300px) 100vw, 300px\" \/><\/td>\n<\/tr>\n<\/tbody>\n<\/table>\n","protected":false},"excerpt":{"rendered":"<p>Des chercheurs de l\u2019UMONS | Service de Prot\u00e9omie et Microbiologie du Professeur Ruddy Wattiez ont remport\u00e9 le premier prix de l&rsquo;Agence spatiale europ\u00e9enne (ESA) dans le cadre de la Technology Transfer Competition, gr\u00e2ce au projet PROTEBoost. Objectif de la recherche ? Transformer des d\u00e9chets en alimentation durable en d\u00e9veloppant des bact\u00e9ries riches en prot\u00e9ines pour les humains.<\/p>\n","protected":false},"author":209,"featured_media":645,"comment_status":"open","ping_status":"open","sticky":false,"template":"","format":"standard","meta":{"footnotes":""},"categories":[57,67,55],"tags":[],"class_list":["post-644","post","type-post","status-publish","format-standard","has-post-thumbnail","hentry","category-international","category-prix-bourses-et-distinctions","category-recherche"],"yoast_head":"<!-- This site is optimized with the Yoast SEO plugin v27.2 - https:\/\/yoast.com\/product\/yoast-seo-wordpress\/ -->\n<title>Des chercheurs de l\u2019UMONS remportent le 1er prix de l\u2019ESA, l\u2019Agence spatiale europ\u00e9enne - Institut \/ Biosciences<\/title>\n<meta name=\"robots\" content=\"index, follow, max-snippet:-1, max-image-preview:large, max-video-preview:-1\" \/>\n<link rel=\"canonical\" href=\"https:\/\/web.umons.ac.be\/biosciences\/fr\/des-chercheurs-de-lumons-remportent-le-1er-prix-de-lesa-lagence-spatiale-europeenne\/\" \/>\n<meta property=\"og:locale\" content=\"fr_FR\" \/>\n<meta property=\"og:type\" content=\"article\" \/>\n<meta property=\"og:title\" content=\"Des chercheurs de l\u2019UMONS remportent le 1er prix de l\u2019ESA, l\u2019Agence spatiale europ\u00e9enne - Institut \/ Biosciences\" \/>\n<meta property=\"og:description\" content=\"Des chercheurs de l\u2019UMONS | Service de Prot\u00e9omie et Microbiologie du Professeur Ruddy Wattiez ont remport\u00e9 le premier prix de l&#039;Agence spatiale europ\u00e9enne (ESA) dans le cadre de la Technology Transfer Competition, gr\u00e2ce au projet PROTEBoost. Objectif de la recherche ? Transformer des d\u00e9chets en alimentation durable en d\u00e9veloppant des bact\u00e9ries riches en prot\u00e9ines pour les humains.\" \/>\n<meta property=\"og:url\" content=\"https:\/\/web.umons.ac.be\/biosciences\/fr\/des-chercheurs-de-lumons-remportent-le-1er-prix-de-lesa-lagence-spatiale-europeenne\/\" \/>\n<meta property=\"og:site_name\" content=\"Institut \/ Biosciences\" \/>\n<meta property=\"article:published_time\" content=\"2023-12-19T08:54:07+00:00\" \/>\n<meta property=\"og:image\" content=\"https:\/\/web.umons.ac.be\/app\/uploads\/sites\/30\/2023\/12\/ESA-UMONS_2-scaled.jpg\" \/>\n\t<meta property=\"og:image:width\" content=\"2560\" \/>\n\t<meta property=\"og:image:height\" content=\"1440\" \/>\n\t<meta property=\"og:image:type\" content=\"image\/jpeg\" \/>\n<meta name=\"author\" content=\"Damiano Di Stazio\" \/>\n<meta name=\"twitter:card\" content=\"summary_large_image\" \/>\n<meta name=\"twitter:label1\" content=\"\u00c9crit par\" \/>\n\t<meta name=\"twitter:data1\" content=\"AVRE\" \/>\n\t<meta name=\"twitter:label2\" content=\"Dur\u00e9e de lecture estim\u00e9e\" \/>\n\t<meta name=\"twitter:data2\" content=\"4 minutes\" \/>\n<script type=\"application\/ld+json\" class=\"yoast-schema-graph\">{\"@context\":\"https:\/\/schema.org\",\"@graph\":[{\"@type\":\"Article\",\"@id\":\"https:\/\/web.umons.ac.be\/biosciences\/fr\/des-chercheurs-de-lumons-remportent-le-1er-prix-de-lesa-lagence-spatiale-europeenne\/#article\",\"isPartOf\":{\"@id\":\"https:\/\/web.umons.ac.be\/biosciences\/fr\/des-chercheurs-de-lumons-remportent-le-1er-prix-de-lesa-lagence-spatiale-europeenne\/\"},\"author\":{\"name\":\"Damiano Di Stazio\",\"@id\":\"https:\/\/web.umons.ac.be\/biosciences\/#\/schema\/person\/9ebd47776577983ce0c6fd57d432ed15\"},\"headline\":\"Des chercheurs de l\u2019UMONS remportent le 1er prix de l\u2019ESA, l\u2019Agence spatiale europ\u00e9enne\",\"datePublished\":\"2023-12-19T08:54:07+00:00\",\"mainEntityOfPage\":{\"@id\":\"https:\/\/web.umons.ac.be\/biosciences\/fr\/des-chercheurs-de-lumons-remportent-le-1er-prix-de-lesa-lagence-spatiale-europeenne\/\"},\"wordCount\":514,\"commentCount\":0,\"image\":{\"@id\":\"https:\/\/web.umons.ac.be\/biosciences\/fr\/des-chercheurs-de-lumons-remportent-le-1er-prix-de-lesa-lagence-spatiale-europeenne\/#primaryimage\"},\"thumbnailUrl\":\"https:\/\/web.umons.ac.be\/app\/uploads\/sites\/30\/2023\/12\/ESA-UMONS_2-scaled.jpg\",\"articleSection\":[\"International\",\"Prix, bourses et distinctions\",\"Recherche\"],\"inLanguage\":\"fr-FR\",\"potentialAction\":[{\"@type\":\"CommentAction\",\"name\":\"Comment\",\"target\":[\"https:\/\/web.umons.ac.be\/biosciences\/fr\/des-chercheurs-de-lumons-remportent-le-1er-prix-de-lesa-lagence-spatiale-europeenne\/#respond\"]}]},{\"@type\":\"WebPage\",\"@id\":\"https:\/\/web.umons.ac.be\/biosciences\/fr\/des-chercheurs-de-lumons-remportent-le-1er-prix-de-lesa-lagence-spatiale-europeenne\/\",\"url\":\"https:\/\/web.umons.ac.be\/biosciences\/fr\/des-chercheurs-de-lumons-remportent-le-1er-prix-de-lesa-lagence-spatiale-europeenne\/\",\"name\":\"Des chercheurs de l\u2019UMONS remportent le 1er prix de l\u2019ESA, l\u2019Agence spatiale europ\u00e9enne - Institut \/ Biosciences\",\"isPartOf\":{\"@id\":\"https:\/\/web.umons.ac.be\/biosciences\/#website\"},\"primaryImageOfPage\":{\"@id\":\"https:\/\/web.umons.ac.be\/biosciences\/fr\/des-chercheurs-de-lumons-remportent-le-1er-prix-de-lesa-lagence-spatiale-europeenne\/#primaryimage\"},\"image\":{\"@id\":\"https:\/\/web.umons.ac.be\/biosciences\/fr\/des-chercheurs-de-lumons-remportent-le-1er-prix-de-lesa-lagence-spatiale-europeenne\/#primaryimage\"},\"thumbnailUrl\":\"https:\/\/web.umons.ac.be\/app\/uploads\/sites\/30\/2023\/12\/ESA-UMONS_2-scaled.jpg\",\"datePublished\":\"2023-12-19T08:54:07+00:00\",\"author\":{\"@id\":\"https:\/\/web.umons.ac.be\/biosciences\/#\/schema\/person\/9ebd47776577983ce0c6fd57d432ed15\"},\"breadcrumb\":{\"@id\":\"https:\/\/web.umons.ac.be\/biosciences\/fr\/des-chercheurs-de-lumons-remportent-le-1er-prix-de-lesa-lagence-spatiale-europeenne\/#breadcrumb\"},\"inLanguage\":\"fr-FR\",\"potentialAction\":[{\"@type\":\"ReadAction\",\"target\":[\"https:\/\/web.umons.ac.be\/biosciences\/fr\/des-chercheurs-de-lumons-remportent-le-1er-prix-de-lesa-lagence-spatiale-europeenne\/\"]}]},{\"@type\":\"ImageObject\",\"inLanguage\":\"fr-FR\",\"@id\":\"https:\/\/web.umons.ac.be\/biosciences\/fr\/des-chercheurs-de-lumons-remportent-le-1er-prix-de-lesa-lagence-spatiale-europeenne\/#primaryimage\",\"url\":\"https:\/\/web.umons.ac.be\/app\/uploads\/sites\/30\/2023\/12\/ESA-UMONS_2-scaled.jpg\",\"contentUrl\":\"https:\/\/web.umons.ac.be\/app\/uploads\/sites\/30\/2023\/12\/ESA-UMONS_2-scaled.jpg\",\"width\":2560,\"height\":1440},{\"@type\":\"BreadcrumbList\",\"@id\":\"https:\/\/web.umons.ac.be\/biosciences\/fr\/des-chercheurs-de-lumons-remportent-le-1er-prix-de-lesa-lagence-spatiale-europeenne\/#breadcrumb\",\"itemListElement\":[{\"@type\":\"ListItem\",\"position\":1,\"name\":\"Accueil\",\"item\":\"https:\/\/web.umons.ac.be\/biosciences\/fr\/\"},{\"@type\":\"ListItem\",\"position\":2,\"name\":\"Des chercheurs de l\u2019UMONS remportent le 1er prix de l\u2019ESA, l\u2019Agence spatiale europ\u00e9enne\"}]},{\"@type\":\"WebSite\",\"@id\":\"https:\/\/web.umons.ac.be\/biosciences\/#website\",\"url\":\"https:\/\/web.umons.ac.be\/biosciences\/\",\"name\":\"Institut \/ Biosciences\",\"description\":\"Un site utilisant Universit\u00e9 de Mons \u2013 UMONS\",\"potentialAction\":[{\"@type\":\"SearchAction\",\"target\":{\"@type\":\"EntryPoint\",\"urlTemplate\":\"https:\/\/web.umons.ac.be\/biosciences\/?s={search_term_string}\"},\"query-input\":{\"@type\":\"PropertyValueSpecification\",\"valueRequired\":true,\"valueName\":\"search_term_string\"}}],\"inLanguage\":\"fr-FR\"},{\"@type\":\"Person\",\"@id\":\"https:\/\/web.umons.ac.be\/biosciences\/#\/schema\/person\/9ebd47776577983ce0c6fd57d432ed15\",\"name\":\"Damiano Di Stazio\",\"image\":{\"@type\":\"ImageObject\",\"inLanguage\":\"fr-FR\",\"@id\":\"https:\/\/secure.gravatar.com\/avatar\/8f8800ce50c63e3da3af996b36ff63eb6e55b85aed77828a11eb864879bf2a59?s=96&d=mm&r=g\",\"url\":\"https:\/\/secure.gravatar.com\/avatar\/8f8800ce50c63e3da3af996b36ff63eb6e55b85aed77828a11eb864879bf2a59?s=96&d=mm&r=g\",\"contentUrl\":\"https:\/\/secure.gravatar.com\/avatar\/8f8800ce50c63e3da3af996b36ff63eb6e55b85aed77828a11eb864879bf2a59?s=96&d=mm&r=g\",\"caption\":\"Damiano Di Stazio\"},\"url\":\"https:\/\/web.umons.ac.be\/biosciences\/author\/ddistazio\/\"}]}<\/script>\n<!-- \/ Yoast SEO plugin. -->","yoast_head_json":{"title":"Des chercheurs de l\u2019UMONS remportent le 1er prix de l\u2019ESA, l\u2019Agence spatiale europ\u00e9enne - Institut \/ Biosciences","robots":{"index":"index","follow":"follow","max-snippet":"max-snippet:-1","max-image-preview":"max-image-preview:large","max-video-preview":"max-video-preview:-1"},"canonical":"https:\/\/web.umons.ac.be\/biosciences\/fr\/des-chercheurs-de-lumons-remportent-le-1er-prix-de-lesa-lagence-spatiale-europeenne\/","og_locale":"fr_FR","og_type":"article","og_title":"Des chercheurs de l\u2019UMONS remportent le 1er prix de l\u2019ESA, l\u2019Agence spatiale europ\u00e9enne - Institut \/ Biosciences","og_description":"Des chercheurs de l\u2019UMONS | Service de Prot\u00e9omie et Microbiologie du Professeur Ruddy Wattiez ont remport\u00e9 le premier prix de l'Agence spatiale europ\u00e9enne (ESA) dans le cadre de la Technology Transfer Competition, gr\u00e2ce au projet PROTEBoost. Objectif de la recherche ? Transformer des d\u00e9chets en alimentation durable en d\u00e9veloppant des bact\u00e9ries riches en prot\u00e9ines pour les humains.","og_url":"https:\/\/web.umons.ac.be\/biosciences\/fr\/des-chercheurs-de-lumons-remportent-le-1er-prix-de-lesa-lagence-spatiale-europeenne\/","og_site_name":"Institut \/ Biosciences","article_published_time":"2023-12-19T08:54:07+00:00","og_image":[{"width":2560,"height":1440,"url":"https:\/\/web.umons.ac.be\/app\/uploads\/sites\/30\/2023\/12\/ESA-UMONS_2-scaled.jpg","type":"image\/jpeg"}],"author":"Damiano Di Stazio","twitter_card":"summary_large_image","twitter_misc":{"\u00c9crit par":"AVRE","Dur\u00e9e de lecture estim\u00e9e":"4 minutes"},"schema":{"@context":"https:\/\/schema.org","@graph":[{"@type":"Article","@id":"https:\/\/web.umons.ac.be\/biosciences\/fr\/des-chercheurs-de-lumons-remportent-le-1er-prix-de-lesa-lagence-spatiale-europeenne\/#article","isPartOf":{"@id":"https:\/\/web.umons.ac.be\/biosciences\/fr\/des-chercheurs-de-lumons-remportent-le-1er-prix-de-lesa-lagence-spatiale-europeenne\/"},"author":{"name":"Damiano Di Stazio","@id":"https:\/\/web.umons.ac.be\/biosciences\/#\/schema\/person\/9ebd47776577983ce0c6fd57d432ed15"},"headline":"Des chercheurs de l\u2019UMONS remportent le 1er prix de l\u2019ESA, l\u2019Agence spatiale europ\u00e9enne","datePublished":"2023-12-19T08:54:07+00:00","mainEntityOfPage":{"@id":"https:\/\/web.umons.ac.be\/biosciences\/fr\/des-chercheurs-de-lumons-remportent-le-1er-prix-de-lesa-lagence-spatiale-europeenne\/"},"wordCount":514,"commentCount":0,"image":{"@id":"https:\/\/web.umons.ac.be\/biosciences\/fr\/des-chercheurs-de-lumons-remportent-le-1er-prix-de-lesa-lagence-spatiale-europeenne\/#primaryimage"},"thumbnailUrl":"https:\/\/web.umons.ac.be\/app\/uploads\/sites\/30\/2023\/12\/ESA-UMONS_2-scaled.jpg","articleSection":["International","Prix, bourses et distinctions","Recherche"],"inLanguage":"fr-FR","potentialAction":[{"@type":"CommentAction","name":"Comment","target":["https:\/\/web.umons.ac.be\/biosciences\/fr\/des-chercheurs-de-lumons-remportent-le-1er-prix-de-lesa-lagence-spatiale-europeenne\/#respond"]}]},{"@type":"WebPage","@id":"https:\/\/web.umons.ac.be\/biosciences\/fr\/des-chercheurs-de-lumons-remportent-le-1er-prix-de-lesa-lagence-spatiale-europeenne\/","url":"https:\/\/web.umons.ac.be\/biosciences\/fr\/des-chercheurs-de-lumons-remportent-le-1er-prix-de-lesa-lagence-spatiale-europeenne\/","name":"Des chercheurs de l\u2019UMONS remportent le 1er prix de l\u2019ESA, l\u2019Agence spatiale europ\u00e9enne - Institut \/ Biosciences","isPartOf":{"@id":"https:\/\/web.umons.ac.be\/biosciences\/#website"},"primaryImageOfPage":{"@id":"https:\/\/web.umons.ac.be\/biosciences\/fr\/des-chercheurs-de-lumons-remportent-le-1er-prix-de-lesa-lagence-spatiale-europeenne\/#primaryimage"},"image":{"@id":"https:\/\/web.umons.ac.be\/biosciences\/fr\/des-chercheurs-de-lumons-remportent-le-1er-prix-de-lesa-lagence-spatiale-europeenne\/#primaryimage"},"thumbnailUrl":"https:\/\/web.umons.ac.be\/app\/uploads\/sites\/30\/2023\/12\/ESA-UMONS_2-scaled.jpg","datePublished":"2023-12-19T08:54:07+00:00","author":{"@id":"https:\/\/web.umons.ac.be\/biosciences\/#\/schema\/person\/9ebd47776577983ce0c6fd57d432ed15"},"breadcrumb":{"@id":"https:\/\/web.umons.ac.be\/biosciences\/fr\/des-chercheurs-de-lumons-remportent-le-1er-prix-de-lesa-lagence-spatiale-europeenne\/#breadcrumb"},"inLanguage":"fr-FR","potentialAction":[{"@type":"ReadAction","target":["https:\/\/web.umons.ac.be\/biosciences\/fr\/des-chercheurs-de-lumons-remportent-le-1er-prix-de-lesa-lagence-spatiale-europeenne\/"]}]},{"@type":"ImageObject","inLanguage":"fr-FR","@id":"https:\/\/web.umons.ac.be\/biosciences\/fr\/des-chercheurs-de-lumons-remportent-le-1er-prix-de-lesa-lagence-spatiale-europeenne\/#primaryimage","url":"https:\/\/web.umons.ac.be\/app\/uploads\/sites\/30\/2023\/12\/ESA-UMONS_2-scaled.jpg","contentUrl":"https:\/\/web.umons.ac.be\/app\/uploads\/sites\/30\/2023\/12\/ESA-UMONS_2-scaled.jpg","width":2560,"height":1440},{"@type":"BreadcrumbList","@id":"https:\/\/web.umons.ac.be\/biosciences\/fr\/des-chercheurs-de-lumons-remportent-le-1er-prix-de-lesa-lagence-spatiale-europeenne\/#breadcrumb","itemListElement":[{"@type":"ListItem","position":1,"name":"Accueil","item":"https:\/\/web.umons.ac.be\/biosciences\/fr\/"},{"@type":"ListItem","position":2,"name":"Des chercheurs de l\u2019UMONS remportent le 1er prix de l\u2019ESA, l\u2019Agence spatiale europ\u00e9enne"}]},{"@type":"WebSite","@id":"https:\/\/web.umons.ac.be\/biosciences\/#website","url":"https:\/\/web.umons.ac.be\/biosciences\/","name":"Institut \/ Biosciences","description":"Un site utilisant Universit\u00e9 de Mons \u2013 UMONS","potentialAction":[{"@type":"SearchAction","target":{"@type":"EntryPoint","urlTemplate":"https:\/\/web.umons.ac.be\/biosciences\/?s={search_term_string}"},"query-input":{"@type":"PropertyValueSpecification","valueRequired":true,"valueName":"search_term_string"}}],"inLanguage":"fr-FR"},{"@type":"Person","@id":"https:\/\/web.umons.ac.be\/biosciences\/#\/schema\/person\/9ebd47776577983ce0c6fd57d432ed15","name":"Damiano Di Stazio","image":{"@type":"ImageObject","inLanguage":"fr-FR","@id":"https:\/\/secure.gravatar.com\/avatar\/8f8800ce50c63e3da3af996b36ff63eb6e55b85aed77828a11eb864879bf2a59?s=96&d=mm&r=g","url":"https:\/\/secure.gravatar.com\/avatar\/8f8800ce50c63e3da3af996b36ff63eb6e55b85aed77828a11eb864879bf2a59?s=96&d=mm&r=g","contentUrl":"https:\/\/secure.gravatar.com\/avatar\/8f8800ce50c63e3da3af996b36ff63eb6e55b85aed77828a11eb864879bf2a59?s=96&d=mm&r=g","caption":"Damiano Di Stazio"},"url":"https:\/\/web.umons.ac.be\/biosciences\/author\/ddistazio\/"}]}},"lang":"fr","translations":{"fr":644},"pll_sync_post":[],"_links":{"self":[{"href":"https:\/\/web.umons.ac.be\/biosciences\/wp-json\/wp\/v2\/posts\/644","targetHints":{"allow":["GET"]}}],"collection":[{"href":"https:\/\/web.umons.ac.be\/biosciences\/wp-json\/wp\/v2\/posts"}],"about":[{"href":"https:\/\/web.umons.ac.be\/biosciences\/wp-json\/wp\/v2\/types\/post"}],"author":[{"embeddable":true,"href":"https:\/\/web.umons.ac.be\/biosciences\/wp-json\/wp\/v2\/users\/209"}],"replies":[{"embeddable":true,"href":"https:\/\/web.umons.ac.be\/biosciences\/wp-json\/wp\/v2\/comments?post=644"}],"version-history":[{"count":3,"href":"https:\/\/web.umons.ac.be\/biosciences\/wp-json\/wp\/v2\/posts\/644\/revisions"}],"predecessor-version":[{"id":655,"href":"https:\/\/web.umons.ac.be\/biosciences\/wp-json\/wp\/v2\/posts\/644\/revisions\/655"}],"wp:featuredmedia":[{"embeddable":true,"href":"https:\/\/web.umons.ac.be\/biosciences\/wp-json\/wp\/v2\/media\/645"}],"wp:attachment":[{"href":"https:\/\/web.umons.ac.be\/biosciences\/wp-json\/wp\/v2\/media?parent=644"}],"wp:term":[{"taxonomy":"category","embeddable":true,"href":"https:\/\/web.umons.ac.be\/biosciences\/wp-json\/wp\/v2\/categories?post=644"},{"taxonomy":"post_tag","embeddable":true,"href":"https:\/\/web.umons.ac.be\/biosciences\/wp-json\/wp\/v2\/tags?post=644"}],"curies":[{"name":"wp","href":"https:\/\/api.w.org\/{rel}","templated":true}]}}