{"id":1742,"date":"2024-10-07T16:04:51","date_gmt":"2024-10-07T14:04:51","guid":{"rendered":"https:\/\/web.umons.ac.be\/charleroi\/?p=1742"},"modified":"2024-10-07T16:34:25","modified_gmt":"2024-10-07T14:34:25","slug":"une-rentree-academique-prometteuse-au-campusucharleroi","status":"publish","type":"post","link":"https:\/\/web.umons.ac.be\/charleroi\/2024\/10\/07\/une-rentree-academique-prometteuse-au-campusucharleroi\/","title":{"rendered":"Une rentr\u00e9e acad\u00e9mique prometteuse au CampusUCharleroi"},"content":{"rendered":"<p><strong><em><span style=\"color: #d60044; font-size: 12pt;\">L&rsquo;UMONS participait jeudi dernier \u00e0 la rentr\u00e9e acad\u00e9mique du CampusUCharleroi.<\/span><\/em><\/strong><\/p>\n<p><span style=\"color: #00abcc;\">A Charleroi, la rectrice de l\u2019ULB Annemie Schaus, le recteur de l\u2019UMONS Philippe Dubois, l\u2019administrateur d\u00e9l\u00e9gu\u00e9 de l\u2019UO Dominique Cabiaux, le d\u00e9put\u00e9 provincial Eric Massin en charge de l\u2019Enseignement Sup\u00e9rieur en Hainaut et la <\/span><span style=\"color: #00abcc;\"><strong><em>bourgmestre faisant fonction<\/em><\/strong><strong><em> de Charleroi Julie Patte se r\u00e9unissaient le 03 octobre 2024 pour une nouvelle rentr\u00e9e acad\u00e9mique. <\/em><\/strong><strong><em>Cette rentr\u00e9e est marqu\u00e9e par une offre de formations \u00e9largie et une augmentation notable du nombre d\u2019inscriptions, cl\u00f4tur\u00e9es le 30 septembre, avec quelques dossiers encore en cours de traitement.<\/em><\/strong><\/span><\/p>\n<p>Le corps enseignant se compose de plus de 400 charg\u00e9s de cours, portant le nombre total de personnes actives sur le site \u00e0 <strong>550<\/strong>, en incluant les \u00e9quipes administratives, techniques et logistiques.<\/p>\n<p><span style=\"color: #00abcc;\"><strong>L\u2019offre de formation s\u2019est enrichie avec de nouveaux programmes dans des domaines aussi vari\u00e9s que les sciences de l\u2019ing\u00e9nieur ou de l\u2019\u00e9ducation, en passant par la chimie et la biochimie, l\u2019informatique, la gestion de la maintenance, l\u2019eco-design, la sant\u00e9, etc.<\/strong><\/span><\/p>\n<p><strong>Philippe DUBOIS<\/strong>, recteur de l&rsquo;Universit\u00e9 de Mons est mont\u00e9 sur sc\u00e8ne apr\u00e8s le discours de la rectrice en rappelant des faits importants: \u00a0\u00bb <em>Comme l\u2019a rappel\u00e9 Annemie il y a quelques instants, cette rentr\u00e9e 2024-2025 est donc celle qui marque le d\u00e9but de l\u2019an 2 au sein de notre CampusUCharleroi, celle de la confirmation que nous avions bien raison de croire en ce projet qui vise \u00e0 doter la 2<sup>e<\/sup> ville de Wallonie d\u2019une offre d\u2019enseignement sup\u00e9rieur digne de ce nom, au b\u00e9n\u00e9fice de sa jeunesse locale. <\/em><em>Mais au-del\u00e0 des chiffres, ce qui me r\u00e9jouit c\u2019est que ce sont surtout des destins et des vies qui sont en train de changer. <\/em><em>C\u2019est le c\u0153ur de notre ambition avec le CampusUCharleroi : agir comme un levier d&rsquo;ascension sociale et soci\u00e9tale.\u00a0\u00bb<\/em><\/p>\n<p><span style=\"color: #d60044;\"><strong>Le Campus: u<\/strong><strong>n moteur d\u2019animation urbaine !<\/strong><\/span><\/p>\n<p>Le CampusUCharleroi s\u2019impose comme <strong>un acteur cl\u00e9 du dynamisme urbain<\/strong>, avec des infrastructures modernes incluant 5 auditoires, 47 salles de cours, 7 laboratoires informatiques, 450 places dans les laboratoires de sciences, 1 500 m\u00b2 de locaux de recherche, ainsi que des espaces d\u00e9di\u00e9s aux rencontres et \u00e0 la convivialit\u00e9.<\/p>\n<p>Le campus accueille \u00e9galement de <strong>nombreux \u00e9v\u00e9nements<\/strong> : s\u00e9minaires, conf\u00e9rences, colloques, visites scolaires, d\u00e9bats, ateliers, et activit\u00e9s de promotion. De plus, le <strong>centre d&rsquo;excellence en efficacit\u00e9 \u00e9nerg\u00e9tique et d\u00e9veloppement durable<\/strong> (C3E2D) pilote deux projets majeurs, l&rsquo;un \u00e0 l\u2019\u00e9chelle europ\u00e9enne et l\u2019autre r\u00e9gional, consolidant ainsi le r\u00f4le du CampusUCharleroi comme moteur \u00e9conomique et acad\u00e9mique de Charleroi et de la Wallonie. Son d\u00e9veloppement ne fait que commencer !<\/p>\n<p>Charleroi: rentr\u00e9e du Campus U, nombre d&rsquo;\u00e9tudiants en hausse et offre de formations renforc\u00e9e<\/p>\n<p><a href=\"https:\/\/www.dhnet.be\/regions\/charleroi\/2024\/10\/04\/rentree-au-campus-u-charleroi-nombre-detudiants-en-hausse-et-offre-de-formations-renforcee-YPRTDMJSUFAV5LGB3T5JNMFIIY\/?fbclid=IwY2xjawFw0ANleHRuA2FlbQIxMQABHVyZbzPCvcJbZwth60BT5CLQYUVZD21LDdBCQydjKeSihjXF7atzLD7LWw_aem_oGSEDbXMTYzed3fydhyeiA\">Lien vers l&rsquo;article de presse<\/a> ( DH &#8211; 05-10-2024)<\/p>\n<p><a href=\"https:\/\/www.lavenir.net\/regions\/charleroi\/charleroi\/2024\/10\/04\/charleroi-rentere-du-campus-u-nombre-detudiants-en-hausse-et-offre-de-formations-renforcee-T6UNWQ2C5FDRDO7Y5LEUUI545U\/\">Lien vers l&rsquo;article de presse\u00a0 (L\u2019Avenir WEBSITE \u2013 04.10.2024)<\/a><\/p>\n","protected":false},"excerpt":{"rendered":"<p>Alors que la formation continue enregistre les plus belles progressions, la formation initiale voit sa population d\u2019\u00e9tudiants augmenter de 16 \u00e0 30% selon les op\u00e9rateurs, avec des pics dans les cursus d\u2019ing\u00e9nieur civil et industriel. Ce sont d\u00e9sormais quelque 4.500 \u00e9tudiants qui fr\u00e9quentent le CampusUCharleroi.<\/p>\n","protected":false},"author":56,"featured_media":1743,"comment_status":"closed","ping_status":"closed","sticky":false,"template":"","format":"standard","meta":{"footnotes":""},"categories":[43],"tags":[],"class_list":["post-1742","post","type-post","status-publish","format-standard","has-post-thumbnail","hentry","category-institution"],"yoast_head":"<!-- This site is optimized with the Yoast SEO plugin v27.2 - https:\/\/yoast.com\/product\/yoast-seo-wordpress\/ -->\n<title>Une rentr\u00e9e acad\u00e9mique prometteuse au CampusUCharleroi - UMONS Charleroi<\/title>\n<meta name=\"robots\" content=\"index, follow, max-snippet:-1, max-image-preview:large, max-video-preview:-1\" \/>\n<link rel=\"canonical\" href=\"https:\/\/web.umons.ac.be\/charleroi\/2024\/10\/07\/une-rentree-academique-prometteuse-au-campusucharleroi\/\" \/>\n<meta property=\"og:locale\" content=\"fr_FR\" \/>\n<meta property=\"og:type\" content=\"article\" \/>\n<meta property=\"og:title\" content=\"Une rentr\u00e9e acad\u00e9mique prometteuse au CampusUCharleroi - UMONS Charleroi\" \/>\n<meta property=\"og:description\" content=\"Alors que la formation continue enregistre les plus belles progressions, la formation initiale voit sa population d\u2019\u00e9tudiants augmenter de 16 \u00e0 30% selon les op\u00e9rateurs, avec des pics dans les cursus d\u2019ing\u00e9nieur civil et industriel. Ce sont d\u00e9sormais quelque 4.500 \u00e9tudiants qui fr\u00e9quentent le CampusUCharleroi.\" \/>\n<meta property=\"og:url\" content=\"https:\/\/web.umons.ac.be\/charleroi\/2024\/10\/07\/une-rentree-academique-prometteuse-au-campusucharleroi\/\" \/>\n<meta property=\"og:site_name\" content=\"UMONS Charleroi\" \/>\n<meta property=\"article:published_time\" content=\"2024-10-07T14:04:51+00:00\" \/>\n<meta property=\"article:modified_time\" content=\"2024-10-07T14:34:25+00:00\" \/>\n<meta property=\"og:image\" content=\"https:\/\/web.umons.ac.be\/app\/uploads\/sites\/43\/2024\/10\/original-261836BE-C9CB-44D8-8374-9429DE6D92F3.jpeg\" \/>\n\t<meta property=\"og:image:width\" content=\"1600\" \/>\n\t<meta property=\"og:image:height\" content=\"1200\" \/>\n\t<meta property=\"og:image:type\" content=\"image\/jpeg\" \/>\n<meta name=\"author\" content=\"C\u00e9line Pourbaix\" \/>\n<meta name=\"twitter:card\" content=\"summary_large_image\" \/>\n<meta name=\"twitter:label1\" content=\"\u00c9crit par\" \/>\n\t<meta name=\"twitter:data1\" content=\"C\u00e9line Pourbaix\" \/>\n\t<meta name=\"twitter:label2\" content=\"Dur\u00e9e de lecture estim\u00e9e\" \/>\n\t<meta name=\"twitter:data2\" content=\"3 minutes\" \/>\n<script type=\"application\/ld+json\" class=\"yoast-schema-graph\">{\"@context\":\"https:\/\/schema.org\",\"@graph\":[{\"@type\":\"Article\",\"@id\":\"https:\/\/web.umons.ac.be\/charleroi\/2024\/10\/07\/une-rentree-academique-prometteuse-au-campusucharleroi\/#article\",\"isPartOf\":{\"@id\":\"https:\/\/web.umons.ac.be\/charleroi\/2024\/10\/07\/une-rentree-academique-prometteuse-au-campusucharleroi\/\"},\"author\":{\"name\":\"C\u00e9line Pourbaix\",\"@id\":\"https:\/\/web.umons.ac.be\/charleroi\/#\/schema\/person\/c5ec4f8c80ed1135daed47dce9297043\"},\"headline\":\"Une rentr\u00e9e acad\u00e9mique prometteuse au CampusUCharleroi\",\"datePublished\":\"2024-10-07T14:04:51+00:00\",\"dateModified\":\"2024-10-07T14:34:25+00:00\",\"mainEntityOfPage\":{\"@id\":\"https:\/\/web.umons.ac.be\/charleroi\/2024\/10\/07\/une-rentree-academique-prometteuse-au-campusucharleroi\/\"},\"wordCount\":506,\"image\":{\"@id\":\"https:\/\/web.umons.ac.be\/charleroi\/2024\/10\/07\/une-rentree-academique-prometteuse-au-campusucharleroi\/#primaryimage\"},\"thumbnailUrl\":\"https:\/\/web.umons.ac.be\/app\/uploads\/sites\/43\/2024\/10\/original-261836BE-C9CB-44D8-8374-9429DE6D92F3.jpeg\",\"articleSection\":[\"Institution\"],\"inLanguage\":\"fr-FR\"},{\"@type\":\"WebPage\",\"@id\":\"https:\/\/web.umons.ac.be\/charleroi\/2024\/10\/07\/une-rentree-academique-prometteuse-au-campusucharleroi\/\",\"url\":\"https:\/\/web.umons.ac.be\/charleroi\/2024\/10\/07\/une-rentree-academique-prometteuse-au-campusucharleroi\/\",\"name\":\"Une rentr\u00e9e acad\u00e9mique prometteuse au CampusUCharleroi - UMONS Charleroi\",\"isPartOf\":{\"@id\":\"https:\/\/web.umons.ac.be\/charleroi\/#website\"},\"primaryImageOfPage\":{\"@id\":\"https:\/\/web.umons.ac.be\/charleroi\/2024\/10\/07\/une-rentree-academique-prometteuse-au-campusucharleroi\/#primaryimage\"},\"image\":{\"@id\":\"https:\/\/web.umons.ac.be\/charleroi\/2024\/10\/07\/une-rentree-academique-prometteuse-au-campusucharleroi\/#primaryimage\"},\"thumbnailUrl\":\"https:\/\/web.umons.ac.be\/app\/uploads\/sites\/43\/2024\/10\/original-261836BE-C9CB-44D8-8374-9429DE6D92F3.jpeg\",\"datePublished\":\"2024-10-07T14:04:51+00:00\",\"dateModified\":\"2024-10-07T14:34:25+00:00\",\"author\":{\"@id\":\"https:\/\/web.umons.ac.be\/charleroi\/#\/schema\/person\/c5ec4f8c80ed1135daed47dce9297043\"},\"breadcrumb\":{\"@id\":\"https:\/\/web.umons.ac.be\/charleroi\/2024\/10\/07\/une-rentree-academique-prometteuse-au-campusucharleroi\/#breadcrumb\"},\"inLanguage\":\"fr-FR\",\"potentialAction\":[{\"@type\":\"ReadAction\",\"target\":[\"https:\/\/web.umons.ac.be\/charleroi\/2024\/10\/07\/une-rentree-academique-prometteuse-au-campusucharleroi\/\"]}]},{\"@type\":\"ImageObject\",\"inLanguage\":\"fr-FR\",\"@id\":\"https:\/\/web.umons.ac.be\/charleroi\/2024\/10\/07\/une-rentree-academique-prometteuse-au-campusucharleroi\/#primaryimage\",\"url\":\"https:\/\/web.umons.ac.be\/app\/uploads\/sites\/43\/2024\/10\/original-261836BE-C9CB-44D8-8374-9429DE6D92F3.jpeg\",\"contentUrl\":\"https:\/\/web.umons.ac.be\/app\/uploads\/sites\/43\/2024\/10\/original-261836BE-C9CB-44D8-8374-9429DE6D92F3.jpeg\",\"width\":1600,\"height\":1200},{\"@type\":\"BreadcrumbList\",\"@id\":\"https:\/\/web.umons.ac.be\/charleroi\/2024\/10\/07\/une-rentree-academique-prometteuse-au-campusucharleroi\/#breadcrumb\",\"itemListElement\":[{\"@type\":\"ListItem\",\"position\":1,\"name\":\"Accueil\",\"item\":\"https:\/\/web.umons.ac.be\/charleroi\/\"},{\"@type\":\"ListItem\",\"position\":2,\"name\":\"Une rentr\u00e9e acad\u00e9mique prometteuse au CampusUCharleroi\"}]},{\"@type\":\"WebSite\",\"@id\":\"https:\/\/web.umons.ac.be\/charleroi\/#website\",\"url\":\"https:\/\/web.umons.ac.be\/charleroi\/\",\"name\":\"UMONS Charleroi\",\"description\":\"\",\"potentialAction\":[{\"@type\":\"SearchAction\",\"target\":{\"@type\":\"EntryPoint\",\"urlTemplate\":\"https:\/\/web.umons.ac.be\/charleroi\/?s={search_term_string}\"},\"query-input\":{\"@type\":\"PropertyValueSpecification\",\"valueRequired\":true,\"valueName\":\"search_term_string\"}}],\"inLanguage\":\"fr-FR\"},{\"@type\":\"Person\",\"@id\":\"https:\/\/web.umons.ac.be\/charleroi\/#\/schema\/person\/c5ec4f8c80ed1135daed47dce9297043\",\"name\":\"C\u00e9line Pourbaix\",\"image\":{\"@type\":\"ImageObject\",\"inLanguage\":\"fr-FR\",\"@id\":\"https:\/\/secure.gravatar.com\/avatar\/7b988a736ffd94c45920401bbeb7a9f265b269679434fc38c66e0dadc58927d3?s=96&d=mm&r=g\",\"url\":\"https:\/\/secure.gravatar.com\/avatar\/7b988a736ffd94c45920401bbeb7a9f265b269679434fc38c66e0dadc58927d3?s=96&d=mm&r=g\",\"contentUrl\":\"https:\/\/secure.gravatar.com\/avatar\/7b988a736ffd94c45920401bbeb7a9f265b269679434fc38c66e0dadc58927d3?s=96&d=mm&r=g\",\"caption\":\"C\u00e9line Pourbaix\"},\"url\":\"https:\/\/web.umons.ac.be\/charleroi\/author\/cpourbaix\/\"}]}<\/script>\n<!-- \/ Yoast SEO plugin. -->","yoast_head_json":{"title":"Une rentr\u00e9e acad\u00e9mique prometteuse au CampusUCharleroi - UMONS Charleroi","robots":{"index":"index","follow":"follow","max-snippet":"max-snippet:-1","max-image-preview":"max-image-preview:large","max-video-preview":"max-video-preview:-1"},"canonical":"https:\/\/web.umons.ac.be\/charleroi\/2024\/10\/07\/une-rentree-academique-prometteuse-au-campusucharleroi\/","og_locale":"fr_FR","og_type":"article","og_title":"Une rentr\u00e9e acad\u00e9mique prometteuse au CampusUCharleroi - UMONS Charleroi","og_description":"Alors que la formation continue enregistre les plus belles progressions, la formation initiale voit sa population d\u2019\u00e9tudiants augmenter de 16 \u00e0 30% selon les op\u00e9rateurs, avec des pics dans les cursus d\u2019ing\u00e9nieur civil et industriel. Ce sont d\u00e9sormais quelque 4.500 \u00e9tudiants qui fr\u00e9quentent le CampusUCharleroi.","og_url":"https:\/\/web.umons.ac.be\/charleroi\/2024\/10\/07\/une-rentree-academique-prometteuse-au-campusucharleroi\/","og_site_name":"UMONS Charleroi","article_published_time":"2024-10-07T14:04:51+00:00","article_modified_time":"2024-10-07T14:34:25+00:00","og_image":[{"width":1600,"height":1200,"url":"https:\/\/web.umons.ac.be\/app\/uploads\/sites\/43\/2024\/10\/original-261836BE-C9CB-44D8-8374-9429DE6D92F3.jpeg","type":"image\/jpeg"}],"author":"C\u00e9line Pourbaix","twitter_card":"summary_large_image","twitter_misc":{"\u00c9crit par":"C\u00e9line Pourbaix","Dur\u00e9e de lecture estim\u00e9e":"3 minutes"},"schema":{"@context":"https:\/\/schema.org","@graph":[{"@type":"Article","@id":"https:\/\/web.umons.ac.be\/charleroi\/2024\/10\/07\/une-rentree-academique-prometteuse-au-campusucharleroi\/#article","isPartOf":{"@id":"https:\/\/web.umons.ac.be\/charleroi\/2024\/10\/07\/une-rentree-academique-prometteuse-au-campusucharleroi\/"},"author":{"name":"C\u00e9line Pourbaix","@id":"https:\/\/web.umons.ac.be\/charleroi\/#\/schema\/person\/c5ec4f8c80ed1135daed47dce9297043"},"headline":"Une rentr\u00e9e acad\u00e9mique prometteuse au CampusUCharleroi","datePublished":"2024-10-07T14:04:51+00:00","dateModified":"2024-10-07T14:34:25+00:00","mainEntityOfPage":{"@id":"https:\/\/web.umons.ac.be\/charleroi\/2024\/10\/07\/une-rentree-academique-prometteuse-au-campusucharleroi\/"},"wordCount":506,"image":{"@id":"https:\/\/web.umons.ac.be\/charleroi\/2024\/10\/07\/une-rentree-academique-prometteuse-au-campusucharleroi\/#primaryimage"},"thumbnailUrl":"https:\/\/web.umons.ac.be\/app\/uploads\/sites\/43\/2024\/10\/original-261836BE-C9CB-44D8-8374-9429DE6D92F3.jpeg","articleSection":["Institution"],"inLanguage":"fr-FR"},{"@type":"WebPage","@id":"https:\/\/web.umons.ac.be\/charleroi\/2024\/10\/07\/une-rentree-academique-prometteuse-au-campusucharleroi\/","url":"https:\/\/web.umons.ac.be\/charleroi\/2024\/10\/07\/une-rentree-academique-prometteuse-au-campusucharleroi\/","name":"Une rentr\u00e9e acad\u00e9mique prometteuse au CampusUCharleroi - UMONS Charleroi","isPartOf":{"@id":"https:\/\/web.umons.ac.be\/charleroi\/#website"},"primaryImageOfPage":{"@id":"https:\/\/web.umons.ac.be\/charleroi\/2024\/10\/07\/une-rentree-academique-prometteuse-au-campusucharleroi\/#primaryimage"},"image":{"@id":"https:\/\/web.umons.ac.be\/charleroi\/2024\/10\/07\/une-rentree-academique-prometteuse-au-campusucharleroi\/#primaryimage"},"thumbnailUrl":"https:\/\/web.umons.ac.be\/app\/uploads\/sites\/43\/2024\/10\/original-261836BE-C9CB-44D8-8374-9429DE6D92F3.jpeg","datePublished":"2024-10-07T14:04:51+00:00","dateModified":"2024-10-07T14:34:25+00:00","author":{"@id":"https:\/\/web.umons.ac.be\/charleroi\/#\/schema\/person\/c5ec4f8c80ed1135daed47dce9297043"},"breadcrumb":{"@id":"https:\/\/web.umons.ac.be\/charleroi\/2024\/10\/07\/une-rentree-academique-prometteuse-au-campusucharleroi\/#breadcrumb"},"inLanguage":"fr-FR","potentialAction":[{"@type":"ReadAction","target":["https:\/\/web.umons.ac.be\/charleroi\/2024\/10\/07\/une-rentree-academique-prometteuse-au-campusucharleroi\/"]}]},{"@type":"ImageObject","inLanguage":"fr-FR","@id":"https:\/\/web.umons.ac.be\/charleroi\/2024\/10\/07\/une-rentree-academique-prometteuse-au-campusucharleroi\/#primaryimage","url":"https:\/\/web.umons.ac.be\/app\/uploads\/sites\/43\/2024\/10\/original-261836BE-C9CB-44D8-8374-9429DE6D92F3.jpeg","contentUrl":"https:\/\/web.umons.ac.be\/app\/uploads\/sites\/43\/2024\/10\/original-261836BE-C9CB-44D8-8374-9429DE6D92F3.jpeg","width":1600,"height":1200},{"@type":"BreadcrumbList","@id":"https:\/\/web.umons.ac.be\/charleroi\/2024\/10\/07\/une-rentree-academique-prometteuse-au-campusucharleroi\/#breadcrumb","itemListElement":[{"@type":"ListItem","position":1,"name":"Accueil","item":"https:\/\/web.umons.ac.be\/charleroi\/"},{"@type":"ListItem","position":2,"name":"Une rentr\u00e9e acad\u00e9mique prometteuse au CampusUCharleroi"}]},{"@type":"WebSite","@id":"https:\/\/web.umons.ac.be\/charleroi\/#website","url":"https:\/\/web.umons.ac.be\/charleroi\/","name":"UMONS Charleroi","description":"","potentialAction":[{"@type":"SearchAction","target":{"@type":"EntryPoint","urlTemplate":"https:\/\/web.umons.ac.be\/charleroi\/?s={search_term_string}"},"query-input":{"@type":"PropertyValueSpecification","valueRequired":true,"valueName":"search_term_string"}}],"inLanguage":"fr-FR"},{"@type":"Person","@id":"https:\/\/web.umons.ac.be\/charleroi\/#\/schema\/person\/c5ec4f8c80ed1135daed47dce9297043","name":"C\u00e9line Pourbaix","image":{"@type":"ImageObject","inLanguage":"fr-FR","@id":"https:\/\/secure.gravatar.com\/avatar\/7b988a736ffd94c45920401bbeb7a9f265b269679434fc38c66e0dadc58927d3?s=96&d=mm&r=g","url":"https:\/\/secure.gravatar.com\/avatar\/7b988a736ffd94c45920401bbeb7a9f265b269679434fc38c66e0dadc58927d3?s=96&d=mm&r=g","contentUrl":"https:\/\/secure.gravatar.com\/avatar\/7b988a736ffd94c45920401bbeb7a9f265b269679434fc38c66e0dadc58927d3?s=96&d=mm&r=g","caption":"C\u00e9line Pourbaix"},"url":"https:\/\/web.umons.ac.be\/charleroi\/author\/cpourbaix\/"}]}},"lang":"fr","translations":{"fr":1742},"pll_sync_post":[],"_links":{"self":[{"href":"https:\/\/web.umons.ac.be\/charleroi\/wp-json\/wp\/v2\/posts\/1742","targetHints":{"allow":["GET"]}}],"collection":[{"href":"https:\/\/web.umons.ac.be\/charleroi\/wp-json\/wp\/v2\/posts"}],"about":[{"href":"https:\/\/web.umons.ac.be\/charleroi\/wp-json\/wp\/v2\/types\/post"}],"author":[{"embeddable":true,"href":"https:\/\/web.umons.ac.be\/charleroi\/wp-json\/wp\/v2\/users\/56"}],"replies":[{"embeddable":true,"href":"https:\/\/web.umons.ac.be\/charleroi\/wp-json\/wp\/v2\/comments?post=1742"}],"version-history":[{"count":3,"href":"https:\/\/web.umons.ac.be\/charleroi\/wp-json\/wp\/v2\/posts\/1742\/revisions"}],"predecessor-version":[{"id":1747,"href":"https:\/\/web.umons.ac.be\/charleroi\/wp-json\/wp\/v2\/posts\/1742\/revisions\/1747"}],"wp:featuredmedia":[{"embeddable":true,"href":"https:\/\/web.umons.ac.be\/charleroi\/wp-json\/wp\/v2\/media\/1743"}],"wp:attachment":[{"href":"https:\/\/web.umons.ac.be\/charleroi\/wp-json\/wp\/v2\/media?parent=1742"}],"wp:term":[{"taxonomy":"category","embeddable":true,"href":"https:\/\/web.umons.ac.be\/charleroi\/wp-json\/wp\/v2\/categories?post=1742"},{"taxonomy":"post_tag","embeddable":true,"href":"https:\/\/web.umons.ac.be\/charleroi\/wp-json\/wp\/v2\/tags?post=1742"}],"curies":[{"name":"wp","href":"https:\/\/api.w.org\/{rel}","templated":true}]}}