{"id":2128,"date":"2026-04-23T14:00:09","date_gmt":"2026-04-23T12:00:09","guid":{"rendered":"https:\/\/web.umons.ac.be\/charleroi\/?p=2128"},"modified":"2026-04-23T14:00:09","modified_gmt":"2026-04-23T12:00:09","slug":"conference-davril-2026-du-cycle-les-invites-de-lumons-a-charleroi","status":"publish","type":"post","link":"https:\/\/web.umons.ac.be\/charleroi\/2026\/04\/23\/conference-davril-2026-du-cycle-les-invites-de-lumons-a-charleroi\/","title":{"rendered":"Conf\u00e9rence d&rsquo;avril 2026 du cycle LES INVITES DE L\u2019UMONS \u00e0 Charleroi"},"content":{"rendered":"<h1>Les coulisses de l\u2019h\u00f4tellerie et de la restauration de luxe par Mme Angy Geerts ( UMONS &#8211; Facult\u00e9 Warocqu\u00e9 d&rsquo;Economie et de Gestion)<\/h1>\n<p><img loading=\"lazy\" decoding=\"async\" class=\"size-medium wp-image-2130 aligncenter\" src=\"https:\/\/web.umons.ac.be\/app\/uploads\/sites\/43\/2026\/04\/Angy2024-169x300.jpg\" alt=\"\" width=\"169\" height=\"300\" srcset=\"https:\/\/web.umons.ac.be\/app\/uploads\/sites\/43\/2026\/04\/Angy2024-169x300.jpg 169w, https:\/\/web.umons.ac.be\/app\/uploads\/sites\/43\/2026\/04\/Angy2024-576x1024.jpg 576w, https:\/\/web.umons.ac.be\/app\/uploads\/sites\/43\/2026\/04\/Angy2024-768x1365.jpg 768w, https:\/\/web.umons.ac.be\/app\/uploads\/sites\/43\/2026\/04\/Angy2024-864x1536.jpg 864w, https:\/\/web.umons.ac.be\/app\/uploads\/sites\/43\/2026\/04\/Angy2024-1152x2048.jpg 1152w, https:\/\/web.umons.ac.be\/app\/uploads\/sites\/43\/2026\/04\/Angy2024-371x660.jpg 371w, https:\/\/web.umons.ac.be\/app\/uploads\/sites\/43\/2026\/04\/Angy2024-30x53.jpg 30w, https:\/\/web.umons.ac.be\/app\/uploads\/sites\/43\/2026\/04\/Angy2024-34x60.jpg 34w, https:\/\/web.umons.ac.be\/app\/uploads\/sites\/43\/2026\/04\/Angy2024-360x640.jpg 360w, https:\/\/web.umons.ac.be\/app\/uploads\/sites\/43\/2026\/04\/Angy2024.jpg 1179w\" sizes=\"auto, (max-width: 169px) 100vw, 169px\" \/><\/p>\n<p>\u00c0 partir de l\u2019ouvrage paru r\u00e9cemment \u00ab <em><a href=\"https:\/\/www.fr.fnac.be\/a14616685\/Anouche-der-Sarkissian-Hotellerie-et-restauration-de-luxe\"><span data-markjs=\"true\">H\u00f4tellerie<\/span>\u00a0et restauration de luxe<\/a>\u00a0\u00bb<\/em>, l&rsquo;oratrice a mis en lumi\u00e8re les fondements du luxe appliqu\u00e9 aux services, les attentes sp\u00e9cifiques des client\u00e8les contemporaines et les transformations qui traversent aujourd\u2019hui ce secteur.<\/p>\n<p>Elle a \u00e9galement abord\u00e9 le r\u00f4le central des \u00e9quipes dans la cr\u00e9ation d\u2019exp\u00e9riences m\u00e9morables, ainsi que les enjeux actuels li\u00e9s \u00e0 l\u2019innovation, \u00e0 la durabilit\u00e9 et \u00e0 l\u2019\u00e9volution des parcours professionnels dans cet univers exigeant.<\/p>\n<p><img loading=\"lazy\" decoding=\"async\" class=\"size-medium wp-image-2129 aligncenter\" src=\"https:\/\/web.umons.ac.be\/app\/uploads\/sites\/43\/2026\/04\/9782311413878-200x300.jpg\" alt=\"\" width=\"200\" height=\"300\" srcset=\"https:\/\/web.umons.ac.be\/app\/uploads\/sites\/43\/2026\/04\/9782311413878-200x300.jpg 200w, https:\/\/web.umons.ac.be\/app\/uploads\/sites\/43\/2026\/04\/9782311413878-683x1024.jpg 683w, https:\/\/web.umons.ac.be\/app\/uploads\/sites\/43\/2026\/04\/9782311413878-768x1152.jpg 768w, https:\/\/web.umons.ac.be\/app\/uploads\/sites\/43\/2026\/04\/9782311413878-1024x1536.jpg 1024w, https:\/\/web.umons.ac.be\/app\/uploads\/sites\/43\/2026\/04\/9782311413878-1365x2048.jpg 1365w, https:\/\/web.umons.ac.be\/app\/uploads\/sites\/43\/2026\/04\/9782311413878-440x660.jpg 440w, https:\/\/web.umons.ac.be\/app\/uploads\/sites\/43\/2026\/04\/9782311413878-30x45.jpg 30w, https:\/\/web.umons.ac.be\/app\/uploads\/sites\/43\/2026\/04\/9782311413878-40x60.jpg 40w, https:\/\/web.umons.ac.be\/app\/uploads\/sites\/43\/2026\/04\/9782311413878-360x540.jpg 360w, https:\/\/web.umons.ac.be\/app\/uploads\/sites\/43\/2026\/04\/9782311413878.jpg 1400w\" sizes=\"auto, (max-width: 200px) 100vw, 200px\" \/><\/p>\n<p>LA conf\u00e9rence s&rsquo;est d\u00e9roul\u00e9e dans la salle Boyington de l&rsquo;h\u00f4tel VanderValk Charleroi Airport Gosselies. Nous remercions chaleureusement les \u00e9quipes du VanderValk pour l&rsquo;accueil et l&rsquo;aide pr\u00e9cieuse.<\/p>\n<p><span style=\"font-size: 14pt;\"><strong>Le prochain rdv du cycle de conf\u00e9rences se fera d\u00e8s le mois de mai prochain.<\/strong> <a href=\"https:\/\/web.umons.ac.be\/charleroi\/evenements\/cycle-de-conferences-les-invites-de-lumons-a-charleroi\/\">Plus d&rsquo;infos ici !<\/a><\/span><\/p>\n","protected":false},"excerpt":{"rendered":"<p>Cette conf\u00e9rence nous a propos\u00e9 une plong\u00e9e au c\u0153ur de l\u2019univers de l\u2019h\u00f4tellerie\u00a0et de la restauration de luxe, afin de comprendre ce qui distingue v\u00e9ritablement l\u2019exp\u00e9rience d\u2019exception.<\/p>\n","protected":false},"author":56,"featured_media":2131,"comment_status":"closed","ping_status":"closed","sticky":false,"template":"","format":"standard","meta":{"footnotes":""},"categories":[25,43,41],"tags":[],"class_list":["post-2128","post","type-post","status-publish","format-standard","has-post-thumbnail","hentry","category-conferences-colloques","category-institution","category-vie-culturelle-et-sportive"],"yoast_head":"<!-- This site is optimized with the Yoast SEO plugin v27.2 - https:\/\/yoast.com\/product\/yoast-seo-wordpress\/ -->\n<title>Conf\u00e9rence d&#039;avril 2026 du cycle LES INVITES DE L\u2019UMONS \u00e0 Charleroi - UMONS Charleroi<\/title>\n<meta name=\"robots\" content=\"index, follow, max-snippet:-1, max-image-preview:large, max-video-preview:-1\" \/>\n<link rel=\"canonical\" href=\"https:\/\/web.umons.ac.be\/charleroi\/2026\/04\/23\/conference-davril-2026-du-cycle-les-invites-de-lumons-a-charleroi\/\" \/>\n<meta property=\"og:locale\" content=\"fr_FR\" \/>\n<meta property=\"og:type\" content=\"article\" \/>\n<meta property=\"og:title\" content=\"Conf\u00e9rence d&#039;avril 2026 du cycle LES INVITES DE L\u2019UMONS \u00e0 Charleroi - UMONS Charleroi\" \/>\n<meta property=\"og:description\" content=\"Cette conf\u00e9rence nous a propos\u00e9 une plong\u00e9e au c\u0153ur de l\u2019univers de l\u2019h\u00f4tellerie\u00a0et de la restauration de luxe, afin de comprendre ce qui distingue v\u00e9ritablement l\u2019exp\u00e9rience d\u2019exception.\" \/>\n<meta property=\"og:url\" content=\"https:\/\/web.umons.ac.be\/charleroi\/2026\/04\/23\/conference-davril-2026-du-cycle-les-invites-de-lumons-a-charleroi\/\" \/>\n<meta property=\"og:site_name\" content=\"UMONS Charleroi\" \/>\n<meta property=\"article:published_time\" content=\"2026-04-23T12:00:09+00:00\" \/>\n<meta property=\"og:image\" content=\"https:\/\/web.umons.ac.be\/app\/uploads\/sites\/43\/2026\/04\/Apercu-Internet_Hotellerie-et-restauration-de-luxe.png\" \/>\n\t<meta property=\"og:image:width\" content=\"1669\" \/>\n\t<meta property=\"og:image:height\" content=\"1337\" \/>\n\t<meta property=\"og:image:type\" content=\"image\/png\" \/>\n<meta name=\"author\" content=\"C\u00e9line Pourbaix\" \/>\n<meta name=\"twitter:card\" content=\"summary_large_image\" \/>\n<meta name=\"twitter:label1\" content=\"\u00c9crit par\" \/>\n\t<meta name=\"twitter:data1\" content=\"C\u00e9line Pourbaix\" \/>\n\t<meta name=\"twitter:label2\" content=\"Dur\u00e9e de lecture estim\u00e9e\" \/>\n\t<meta name=\"twitter:data2\" content=\"2 minutes\" \/>\n<script type=\"application\/ld+json\" class=\"yoast-schema-graph\">{\"@context\":\"https:\/\/schema.org\",\"@graph\":[{\"@type\":\"Article\",\"@id\":\"https:\/\/web.umons.ac.be\/charleroi\/2026\/04\/23\/conference-davril-2026-du-cycle-les-invites-de-lumons-a-charleroi\/#article\",\"isPartOf\":{\"@id\":\"https:\/\/web.umons.ac.be\/charleroi\/2026\/04\/23\/conference-davril-2026-du-cycle-les-invites-de-lumons-a-charleroi\/\"},\"author\":{\"name\":\"C\u00e9line Pourbaix\",\"@id\":\"https:\/\/web.umons.ac.be\/charleroi\/#\/schema\/person\/c5ec4f8c80ed1135daed47dce9297043\"},\"headline\":\"Conf\u00e9rence d&rsquo;avril 2026 du cycle LES INVITES DE L\u2019UMONS \u00e0 Charleroi\",\"datePublished\":\"2026-04-23T12:00:09+00:00\",\"mainEntityOfPage\":{\"@id\":\"https:\/\/web.umons.ac.be\/charleroi\/2026\/04\/23\/conference-davril-2026-du-cycle-les-invites-de-lumons-a-charleroi\/\"},\"wordCount\":177,\"image\":{\"@id\":\"https:\/\/web.umons.ac.be\/charleroi\/2026\/04\/23\/conference-davril-2026-du-cycle-les-invites-de-lumons-a-charleroi\/#primaryimage\"},\"thumbnailUrl\":\"https:\/\/web.umons.ac.be\/app\/uploads\/sites\/43\/2026\/04\/Apercu-Internet_Hotellerie-et-restauration-de-luxe.png\",\"articleSection\":[\"Conf\u00e9rences\/Colloques\",\"Institution\",\"Vie culturelle et sportive\"],\"inLanguage\":\"fr-FR\"},{\"@type\":\"WebPage\",\"@id\":\"https:\/\/web.umons.ac.be\/charleroi\/2026\/04\/23\/conference-davril-2026-du-cycle-les-invites-de-lumons-a-charleroi\/\",\"url\":\"https:\/\/web.umons.ac.be\/charleroi\/2026\/04\/23\/conference-davril-2026-du-cycle-les-invites-de-lumons-a-charleroi\/\",\"name\":\"Conf\u00e9rence d'avril 2026 du cycle LES INVITES DE L\u2019UMONS \u00e0 Charleroi - UMONS Charleroi\",\"isPartOf\":{\"@id\":\"https:\/\/web.umons.ac.be\/charleroi\/#website\"},\"primaryImageOfPage\":{\"@id\":\"https:\/\/web.umons.ac.be\/charleroi\/2026\/04\/23\/conference-davril-2026-du-cycle-les-invites-de-lumons-a-charleroi\/#primaryimage\"},\"image\":{\"@id\":\"https:\/\/web.umons.ac.be\/charleroi\/2026\/04\/23\/conference-davril-2026-du-cycle-les-invites-de-lumons-a-charleroi\/#primaryimage\"},\"thumbnailUrl\":\"https:\/\/web.umons.ac.be\/app\/uploads\/sites\/43\/2026\/04\/Apercu-Internet_Hotellerie-et-restauration-de-luxe.png\",\"datePublished\":\"2026-04-23T12:00:09+00:00\",\"author\":{\"@id\":\"https:\/\/web.umons.ac.be\/charleroi\/#\/schema\/person\/c5ec4f8c80ed1135daed47dce9297043\"},\"breadcrumb\":{\"@id\":\"https:\/\/web.umons.ac.be\/charleroi\/2026\/04\/23\/conference-davril-2026-du-cycle-les-invites-de-lumons-a-charleroi\/#breadcrumb\"},\"inLanguage\":\"fr-FR\",\"potentialAction\":[{\"@type\":\"ReadAction\",\"target\":[\"https:\/\/web.umons.ac.be\/charleroi\/2026\/04\/23\/conference-davril-2026-du-cycle-les-invites-de-lumons-a-charleroi\/\"]}]},{\"@type\":\"ImageObject\",\"inLanguage\":\"fr-FR\",\"@id\":\"https:\/\/web.umons.ac.be\/charleroi\/2026\/04\/23\/conference-davril-2026-du-cycle-les-invites-de-lumons-a-charleroi\/#primaryimage\",\"url\":\"https:\/\/web.umons.ac.be\/app\/uploads\/sites\/43\/2026\/04\/Apercu-Internet_Hotellerie-et-restauration-de-luxe.png\",\"contentUrl\":\"https:\/\/web.umons.ac.be\/app\/uploads\/sites\/43\/2026\/04\/Apercu-Internet_Hotellerie-et-restauration-de-luxe.png\",\"width\":1669,\"height\":1337},{\"@type\":\"BreadcrumbList\",\"@id\":\"https:\/\/web.umons.ac.be\/charleroi\/2026\/04\/23\/conference-davril-2026-du-cycle-les-invites-de-lumons-a-charleroi\/#breadcrumb\",\"itemListElement\":[{\"@type\":\"ListItem\",\"position\":1,\"name\":\"Accueil\",\"item\":\"https:\/\/web.umons.ac.be\/charleroi\/\"},{\"@type\":\"ListItem\",\"position\":2,\"name\":\"Conf\u00e9rence d&rsquo;avril 2026 du cycle LES INVITES DE L\u2019UMONS \u00e0 Charleroi\"}]},{\"@type\":\"WebSite\",\"@id\":\"https:\/\/web.umons.ac.be\/charleroi\/#website\",\"url\":\"https:\/\/web.umons.ac.be\/charleroi\/\",\"name\":\"UMONS Charleroi\",\"description\":\"\",\"potentialAction\":[{\"@type\":\"SearchAction\",\"target\":{\"@type\":\"EntryPoint\",\"urlTemplate\":\"https:\/\/web.umons.ac.be\/charleroi\/?s={search_term_string}\"},\"query-input\":{\"@type\":\"PropertyValueSpecification\",\"valueRequired\":true,\"valueName\":\"search_term_string\"}}],\"inLanguage\":\"fr-FR\"},{\"@type\":\"Person\",\"@id\":\"https:\/\/web.umons.ac.be\/charleroi\/#\/schema\/person\/c5ec4f8c80ed1135daed47dce9297043\",\"name\":\"C\u00e9line Pourbaix\",\"image\":{\"@type\":\"ImageObject\",\"inLanguage\":\"fr-FR\",\"@id\":\"https:\/\/secure.gravatar.com\/avatar\/7b988a736ffd94c45920401bbeb7a9f265b269679434fc38c66e0dadc58927d3?s=96&d=mm&r=g\",\"url\":\"https:\/\/secure.gravatar.com\/avatar\/7b988a736ffd94c45920401bbeb7a9f265b269679434fc38c66e0dadc58927d3?s=96&d=mm&r=g\",\"contentUrl\":\"https:\/\/secure.gravatar.com\/avatar\/7b988a736ffd94c45920401bbeb7a9f265b269679434fc38c66e0dadc58927d3?s=96&d=mm&r=g\",\"caption\":\"C\u00e9line Pourbaix\"},\"url\":\"https:\/\/web.umons.ac.be\/charleroi\/author\/cpourbaix\/\"}]}<\/script>\n<!-- \/ Yoast SEO plugin. -->","yoast_head_json":{"title":"Conf\u00e9rence d'avril 2026 du cycle LES INVITES DE L\u2019UMONS \u00e0 Charleroi - UMONS Charleroi","robots":{"index":"index","follow":"follow","max-snippet":"max-snippet:-1","max-image-preview":"max-image-preview:large","max-video-preview":"max-video-preview:-1"},"canonical":"https:\/\/web.umons.ac.be\/charleroi\/2026\/04\/23\/conference-davril-2026-du-cycle-les-invites-de-lumons-a-charleroi\/","og_locale":"fr_FR","og_type":"article","og_title":"Conf\u00e9rence d'avril 2026 du cycle LES INVITES DE L\u2019UMONS \u00e0 Charleroi - UMONS Charleroi","og_description":"Cette conf\u00e9rence nous a propos\u00e9 une plong\u00e9e au c\u0153ur de l\u2019univers de l\u2019h\u00f4tellerie\u00a0et de la restauration de luxe, afin de comprendre ce qui distingue v\u00e9ritablement l\u2019exp\u00e9rience d\u2019exception.","og_url":"https:\/\/web.umons.ac.be\/charleroi\/2026\/04\/23\/conference-davril-2026-du-cycle-les-invites-de-lumons-a-charleroi\/","og_site_name":"UMONS Charleroi","article_published_time":"2026-04-23T12:00:09+00:00","og_image":[{"width":1669,"height":1337,"url":"https:\/\/web.umons.ac.be\/app\/uploads\/sites\/43\/2026\/04\/Apercu-Internet_Hotellerie-et-restauration-de-luxe.png","type":"image\/png"}],"author":"C\u00e9line Pourbaix","twitter_card":"summary_large_image","twitter_misc":{"\u00c9crit par":"C\u00e9line Pourbaix","Dur\u00e9e de lecture estim\u00e9e":"2 minutes"},"schema":{"@context":"https:\/\/schema.org","@graph":[{"@type":"Article","@id":"https:\/\/web.umons.ac.be\/charleroi\/2026\/04\/23\/conference-davril-2026-du-cycle-les-invites-de-lumons-a-charleroi\/#article","isPartOf":{"@id":"https:\/\/web.umons.ac.be\/charleroi\/2026\/04\/23\/conference-davril-2026-du-cycle-les-invites-de-lumons-a-charleroi\/"},"author":{"name":"C\u00e9line Pourbaix","@id":"https:\/\/web.umons.ac.be\/charleroi\/#\/schema\/person\/c5ec4f8c80ed1135daed47dce9297043"},"headline":"Conf\u00e9rence d&rsquo;avril 2026 du cycle LES INVITES DE L\u2019UMONS \u00e0 Charleroi","datePublished":"2026-04-23T12:00:09+00:00","mainEntityOfPage":{"@id":"https:\/\/web.umons.ac.be\/charleroi\/2026\/04\/23\/conference-davril-2026-du-cycle-les-invites-de-lumons-a-charleroi\/"},"wordCount":177,"image":{"@id":"https:\/\/web.umons.ac.be\/charleroi\/2026\/04\/23\/conference-davril-2026-du-cycle-les-invites-de-lumons-a-charleroi\/#primaryimage"},"thumbnailUrl":"https:\/\/web.umons.ac.be\/app\/uploads\/sites\/43\/2026\/04\/Apercu-Internet_Hotellerie-et-restauration-de-luxe.png","articleSection":["Conf\u00e9rences\/Colloques","Institution","Vie culturelle et sportive"],"inLanguage":"fr-FR"},{"@type":"WebPage","@id":"https:\/\/web.umons.ac.be\/charleroi\/2026\/04\/23\/conference-davril-2026-du-cycle-les-invites-de-lumons-a-charleroi\/","url":"https:\/\/web.umons.ac.be\/charleroi\/2026\/04\/23\/conference-davril-2026-du-cycle-les-invites-de-lumons-a-charleroi\/","name":"Conf\u00e9rence d'avril 2026 du cycle LES INVITES DE L\u2019UMONS \u00e0 Charleroi - UMONS Charleroi","isPartOf":{"@id":"https:\/\/web.umons.ac.be\/charleroi\/#website"},"primaryImageOfPage":{"@id":"https:\/\/web.umons.ac.be\/charleroi\/2026\/04\/23\/conference-davril-2026-du-cycle-les-invites-de-lumons-a-charleroi\/#primaryimage"},"image":{"@id":"https:\/\/web.umons.ac.be\/charleroi\/2026\/04\/23\/conference-davril-2026-du-cycle-les-invites-de-lumons-a-charleroi\/#primaryimage"},"thumbnailUrl":"https:\/\/web.umons.ac.be\/app\/uploads\/sites\/43\/2026\/04\/Apercu-Internet_Hotellerie-et-restauration-de-luxe.png","datePublished":"2026-04-23T12:00:09+00:00","author":{"@id":"https:\/\/web.umons.ac.be\/charleroi\/#\/schema\/person\/c5ec4f8c80ed1135daed47dce9297043"},"breadcrumb":{"@id":"https:\/\/web.umons.ac.be\/charleroi\/2026\/04\/23\/conference-davril-2026-du-cycle-les-invites-de-lumons-a-charleroi\/#breadcrumb"},"inLanguage":"fr-FR","potentialAction":[{"@type":"ReadAction","target":["https:\/\/web.umons.ac.be\/charleroi\/2026\/04\/23\/conference-davril-2026-du-cycle-les-invites-de-lumons-a-charleroi\/"]}]},{"@type":"ImageObject","inLanguage":"fr-FR","@id":"https:\/\/web.umons.ac.be\/charleroi\/2026\/04\/23\/conference-davril-2026-du-cycle-les-invites-de-lumons-a-charleroi\/#primaryimage","url":"https:\/\/web.umons.ac.be\/app\/uploads\/sites\/43\/2026\/04\/Apercu-Internet_Hotellerie-et-restauration-de-luxe.png","contentUrl":"https:\/\/web.umons.ac.be\/app\/uploads\/sites\/43\/2026\/04\/Apercu-Internet_Hotellerie-et-restauration-de-luxe.png","width":1669,"height":1337},{"@type":"BreadcrumbList","@id":"https:\/\/web.umons.ac.be\/charleroi\/2026\/04\/23\/conference-davril-2026-du-cycle-les-invites-de-lumons-a-charleroi\/#breadcrumb","itemListElement":[{"@type":"ListItem","position":1,"name":"Accueil","item":"https:\/\/web.umons.ac.be\/charleroi\/"},{"@type":"ListItem","position":2,"name":"Conf\u00e9rence d&rsquo;avril 2026 du cycle LES INVITES DE L\u2019UMONS \u00e0 Charleroi"}]},{"@type":"WebSite","@id":"https:\/\/web.umons.ac.be\/charleroi\/#website","url":"https:\/\/web.umons.ac.be\/charleroi\/","name":"UMONS Charleroi","description":"","potentialAction":[{"@type":"SearchAction","target":{"@type":"EntryPoint","urlTemplate":"https:\/\/web.umons.ac.be\/charleroi\/?s={search_term_string}"},"query-input":{"@type":"PropertyValueSpecification","valueRequired":true,"valueName":"search_term_string"}}],"inLanguage":"fr-FR"},{"@type":"Person","@id":"https:\/\/web.umons.ac.be\/charleroi\/#\/schema\/person\/c5ec4f8c80ed1135daed47dce9297043","name":"C\u00e9line Pourbaix","image":{"@type":"ImageObject","inLanguage":"fr-FR","@id":"https:\/\/secure.gravatar.com\/avatar\/7b988a736ffd94c45920401bbeb7a9f265b269679434fc38c66e0dadc58927d3?s=96&d=mm&r=g","url":"https:\/\/secure.gravatar.com\/avatar\/7b988a736ffd94c45920401bbeb7a9f265b269679434fc38c66e0dadc58927d3?s=96&d=mm&r=g","contentUrl":"https:\/\/secure.gravatar.com\/avatar\/7b988a736ffd94c45920401bbeb7a9f265b269679434fc38c66e0dadc58927d3?s=96&d=mm&r=g","caption":"C\u00e9line Pourbaix"},"url":"https:\/\/web.umons.ac.be\/charleroi\/author\/cpourbaix\/"}]}},"lang":"fr","translations":{"fr":2128},"pll_sync_post":[],"_links":{"self":[{"href":"https:\/\/web.umons.ac.be\/charleroi\/wp-json\/wp\/v2\/posts\/2128","targetHints":{"allow":["GET"]}}],"collection":[{"href":"https:\/\/web.umons.ac.be\/charleroi\/wp-json\/wp\/v2\/posts"}],"about":[{"href":"https:\/\/web.umons.ac.be\/charleroi\/wp-json\/wp\/v2\/types\/post"}],"author":[{"embeddable":true,"href":"https:\/\/web.umons.ac.be\/charleroi\/wp-json\/wp\/v2\/users\/56"}],"replies":[{"embeddable":true,"href":"https:\/\/web.umons.ac.be\/charleroi\/wp-json\/wp\/v2\/comments?post=2128"}],"version-history":[{"count":1,"href":"https:\/\/web.umons.ac.be\/charleroi\/wp-json\/wp\/v2\/posts\/2128\/revisions"}],"predecessor-version":[{"id":2132,"href":"https:\/\/web.umons.ac.be\/charleroi\/wp-json\/wp\/v2\/posts\/2128\/revisions\/2132"}],"wp:featuredmedia":[{"embeddable":true,"href":"https:\/\/web.umons.ac.be\/charleroi\/wp-json\/wp\/v2\/media\/2131"}],"wp:attachment":[{"href":"https:\/\/web.umons.ac.be\/charleroi\/wp-json\/wp\/v2\/media?parent=2128"}],"wp:term":[{"taxonomy":"category","embeddable":true,"href":"https:\/\/web.umons.ac.be\/charleroi\/wp-json\/wp\/v2\/categories?post=2128"},{"taxonomy":"post_tag","embeddable":true,"href":"https:\/\/web.umons.ac.be\/charleroi\/wp-json\/wp\/v2\/tags?post=2128"}],"curies":[{"name":"wp","href":"https:\/\/api.w.org\/{rel}","templated":true}]}}