{"id":626,"date":"2019-06-25T09:44:20","date_gmt":"2019-06-25T07:44:20","guid":{"rendered":"https:\/\/web.umons.ac.be\/charleroi\/?p=626"},"modified":"2019-06-25T10:37:41","modified_gmt":"2019-06-25T08:37:41","slug":"olivier-houde-de-charleroi-a-paris-de-lumons-a-la-sorbonne","status":"publish","type":"post","link":"https:\/\/web.umons.ac.be\/charleroi\/2019\/06\/25\/olivier-houde-de-charleroi-a-paris-de-lumons-a-la-sorbonne\/","title":{"rendered":"Olivier Houd\u00e9, de Charleroi \u00e0 Paris. De l&rsquo;UMONS \u00e0 la Sorbonne."},"content":{"rendered":"<h4><strong>Consid\u00e9r\u00e9 par ses pairs comme le \u00ab Piaget du XXIe si\u00e8cle \u00bb, Olivier Houd\u00e9, ancien \u00e9tudiant de l\u2019Universit\u00e9 de Mons \u00e0 Charleroi, a acquis ses lettres de noblesse \u00e0 Paris. Bruxellois de naissance, instituteur de formation, il est aujourd\u2019hui professeur de psychologie du d\u00e9veloppement \u00e0 la Sorbonne. Dans cette interview,<\/strong><strong> il revient sur sa premi\u00e8re formation universitaire qu&rsquo;il a suivie \u00e0 horaire d\u00e9cal\u00e9 \u00e0 l&rsquo;UMONS Charleroi.\u00a0<\/strong><\/h4>\n<h6><span style=\"color: #00abcc\"><strong><img loading=\"lazy\" decoding=\"async\" class=\"size-medium wp-image-632 alignleft\" src=\"https:\/\/web.umons.ac.be\/app\/uploads\/sites\/43\/2019\/06\/Hero-image-300x128.jpg\" alt=\"\" width=\"300\" height=\"128\" srcset=\"https:\/\/web.umons.ac.be\/app\/uploads\/sites\/43\/2019\/06\/Hero-image-300x128.jpg 300w, https:\/\/web.umons.ac.be\/app\/uploads\/sites\/43\/2019\/06\/Hero-image-30x13.jpg 30w, https:\/\/web.umons.ac.be\/app\/uploads\/sites\/43\/2019\/06\/Hero-image-60x26.jpg 60w, https:\/\/web.umons.ac.be\/app\/uploads\/sites\/43\/2019\/06\/Hero-image-360x153.jpg 360w, https:\/\/web.umons.ac.be\/app\/uploads\/sites\/43\/2019\/06\/Hero-image.jpg 660w\" sizes=\"auto, (max-width: 300px) 100vw, 300px\" \/>A l&rsquo;occasion des 40 ans de l&rsquo;UMONS Charleroi, vous avez expos\u00e9 votre th\u00e9orie du d\u00e9veloppement de l&rsquo;intelligence chez l&rsquo;enfant. Votre th\u00e9orie de l\u2019apprentissage va un pas plus loin que les travaux de Jean Piaget. En quoi vos recherches d\u00e9passent-elles celles de votre mod\u00e8le ?<\/strong> <\/span><\/h6>\n<p>Jean Piaget consid\u00e9rait la construction de l&rsquo;intelligence chez l&rsquo;enfant (calculer, raisonner, etc.) comme l&rsquo;une des formes les plus subtiles de l&rsquo;adaptation biologique. A l&rsquo;\u00e9poque, ces r\u00e9flexions restaient tr\u00e8s th\u00e9oriques. Aujourd&rsquo;hui, avec l&rsquo;imagerie c\u00e9r\u00e9brale, on peut commencer \u00e0 r\u00e9ellement explorer la biologie du d\u00e9veloppement cognitif. Nos jugements et d\u00e9cisions sont le plus souvent domin\u00e9s par des heuristiques intuitives, tr\u00e8s rapides, fond\u00e9es sur des biais cognitifs erron\u00e9s. D\u2019o\u00f9 nos illogismes !<\/p>\n<p>A partir de mes propres d\u00e9couvertes chez l\u2019enfant et l\u2019adulte, j\u2019ai propos\u00e9 une nouvelle th\u00e9orie de l\u2019intelligence en trois syst\u00e8mes: 1) le circuit court des heuristiques approximatives, 2) le circuit long des algorithmes logiques exacts et 3) le syst\u00e8me inhibiteur qui bloque les heuristiques, au cas par cas, selon le but et le contexte. Il est guid\u00e9 par des \u00e9motions telles que le regret. C\u2019est cette inhibition positive, cr\u00e9atrice, qui est la cl\u00e9 de l\u2019intelligence dans le cerveau et qu\u2019il faut \u00e9duquer ou coder.<\/p>\n<h6><span style=\"color: #00abcc\"><strong>Comment est n\u00e9e votre vocation pour l\u2019\u00e9ducation des enfants et, plus tard, pour la psychologie et le d\u00e9veloppement de l\u2019enfant ?<\/strong> <\/span><\/h6>\n<p>En 1981, \u00e0 18 ans, je r\u00eavais de devenir instituteur, le plus beau m\u00e9tier qui soit : apprendre aux enfants le monde et \u00e9veiller leur intelligence ! Encore en Belgique \u00e0 cette \u00e9poque, j\u2019apprends en Haute Ecole \u00e0 enseigner le fran\u00e7ais, les math\u00e9matiques, mais aussi la g\u00e9ographie et l\u2019histoire, ainsi que le dessin aux jeunes \u00e9l\u00e8ves. Peintre amateur et passionn\u00e9 durant mon adolescence, l\u2019id\u00e9e d\u2019\u00e9veiller tout \u00e0 la fois la beaut\u00e9 et l\u2019intelligence dans le cerveau des enfants me comble.<\/p>\n<p>A l\u2019aube de mes 20 ans, lors de la r\u00e9daction de mon m\u00e9moire de fi n d\u2019\u00e9tudes \u2013 celles d\u2019instituteur duraient alors deux ans \u2013 je me plonge dans la lecture d\u2019un livre de Jean Piaget, \u00ab La formation du symbole chez l\u2019enfant \u00bb, paru en 1945. Ce fut un choc, une r\u00e9v\u00e9lation ! J\u2019y d\u00e9couvre l\u2019existence d\u2019une science exp\u00e9rimentale (comme la physique, la chimie, la biologie) de l\u2019intelligence en construction chez les enfants. C\u2019est extraordinaire ! Moi-m\u00eame \u00e0 peine sorti de l\u2019enfance, cette d\u00e9couverte m\u2019avait boulevers\u00e9. La voie \u00e9tait alors trac\u00e9e : le m\u00e9tier de chercheur comme Piaget sera le mien.<\/p>\n<p>Je d\u00e9cide alors de m\u2019inscrire dans un cursus universitaire de <a href=\"https:\/\/web.umons.ac.be\/charleroi\/offre-de-formations\/\">psychop\u00e9dagogie \u00e0 Charleroi<\/a>. L\u2019UMONS y offrait une formation acc\u00e9l\u00e9r\u00e9e en psychologie de l\u2019enfant pour les \u00e9tudiants d\u00e9j\u00e0 instituteurs. C\u2019est ensuite \u00e0 Paris, \u00e0 la Sorbonne, que je poursuis en 1985 ma licence de psychologie, suivie du cursus jusqu\u2019au Doctorat soutenu en 1991 sur le d\u00e9veloppement de la cat\u00e9gorisation chez l\u2019enfant.<\/p>\n<h6><span style=\"color: #00abcc\"><strong>Quel souvenir gardez-vous de vos \u00e9tudes \u00e0 l\u2019UMONS Charleroi ?<\/strong> <\/span><\/h6>\n<p>J\u2019en garde un excellent souvenir, tr\u00e8s studieux. C\u2019\u00e9tait ma premi\u00e8re formation universitaire d\u2019embl\u00e9e de haut niveau en psychologie de l\u2019\u00e9ducation et en sciences exp\u00e9rimentales.<\/p>\n<p>Je me souviens surtout du Prof. Jean Dierkens, \u00e9loquent, captivant tout son auditoire, \u00ab LE \u00bb mod\u00e8le de professeur d\u2019universit\u00e9 tel que je n\u2019en ai jamais rencontr\u00e9 d\u2019autre, m\u00eame en France \u00e0 la Sorbonne. J\u2019ai aussi gard\u00e9 de bons contacts avec Bruno De Li\u00e8vre, compagnon tr\u00e8s amical d\u2019\u00e9tude en 1984-85.<\/p>\n<p>En savoir plus sur les travaux de recherche d&rsquo;Olivier Houd\u00e9 : <a href=\"http:\/\/olivier.houde.free.fr\/\">http:\/\/olivier.houde.free.fr\/\u00a0<\/a><\/p>\n","protected":false},"excerpt":{"rendered":"<p>Consid\u00e9r\u00e9 par ses pairs comme le \u00ab Piaget du XXIe si\u00e8cle \u00bb, Olivier Houd\u00e9, ancien \u00e9tudiant de l\u2019Universit\u00e9 de Mons \u00e0 Charleroi, a acquis ses lettres de noblesse \u00e0 Paris. Bruxellois de naissance, instituteur de formation, il est aujourd\u2019hui professeur de psychologie du d\u00e9veloppement \u00e0 la Sorbonne. <\/p>\n","protected":false},"author":11,"featured_media":632,"comment_status":"open","ping_status":"open","sticky":false,"template":"","format":"standard","meta":{"footnotes":""},"categories":[7],"tags":[],"class_list":["post-626","post","type-post","status-publish","format-standard","has-post-thumbnail","hentry","category-non-classe"],"yoast_head":"<!-- This site is optimized with the Yoast SEO plugin v27.2 - https:\/\/yoast.com\/product\/yoast-seo-wordpress\/ -->\n<title>Olivier Houd\u00e9, de Charleroi \u00e0 Paris. De l&#039;UMONS \u00e0 la Sorbonne. - UMONS Charleroi<\/title>\n<meta name=\"description\" content=\"Olivier Houd\u00e9, ancien \u00e9tudiant de l&#039;Universit\u00e9 de Mons \u00e0 Charleroi, est aujourd&#039;hui professeur de psychologie du d\u00e9veloppement \u00e0 la Sorbonne.\" \/>\n<meta name=\"robots\" content=\"index, follow, max-snippet:-1, max-image-preview:large, max-video-preview:-1\" \/>\n<link rel=\"canonical\" href=\"https:\/\/web.umons.ac.be\/charleroi\/2019\/06\/25\/olivier-houde-de-charleroi-a-paris-de-lumons-a-la-sorbonne\/\" \/>\n<meta property=\"og:locale\" content=\"fr_FR\" \/>\n<meta property=\"og:type\" content=\"article\" \/>\n<meta property=\"og:title\" content=\"Olivier Houd\u00e9, de Charleroi \u00e0 Paris. De l&#039;UMONS \u00e0 la Sorbonne. - UMONS Charleroi\" \/>\n<meta property=\"og:description\" content=\"Olivier Houd\u00e9, ancien \u00e9tudiant de l&#039;Universit\u00e9 de Mons \u00e0 Charleroi, est aujourd&#039;hui professeur de psychologie du d\u00e9veloppement \u00e0 la Sorbonne.\" \/>\n<meta property=\"og:url\" content=\"https:\/\/web.umons.ac.be\/charleroi\/2019\/06\/25\/olivier-houde-de-charleroi-a-paris-de-lumons-a-la-sorbonne\/\" \/>\n<meta property=\"og:site_name\" content=\"UMONS Charleroi\" \/>\n<meta property=\"article:published_time\" content=\"2019-06-25T07:44:20+00:00\" \/>\n<meta property=\"article:modified_time\" content=\"2019-06-25T08:37:41+00:00\" \/>\n<meta property=\"og:image\" content=\"https:\/\/web.umons.ac.be\/app\/uploads\/sites\/43\/2019\/06\/Hero-image.jpg\" \/>\n\t<meta property=\"og:image:width\" content=\"660\" \/>\n\t<meta property=\"og:image:height\" content=\"281\" \/>\n\t<meta property=\"og:image:type\" content=\"image\/jpeg\" \/>\n<meta name=\"author\" content=\"Lena Goessens\" \/>\n<meta name=\"twitter:card\" content=\"summary_large_image\" \/>\n<meta name=\"twitter:label1\" content=\"\u00c9crit par\" \/>\n\t<meta name=\"twitter:data1\" content=\"Lena Goessens\" \/>\n\t<meta name=\"twitter:label2\" content=\"Dur\u00e9e de lecture estim\u00e9e\" \/>\n\t<meta name=\"twitter:data2\" content=\"4 minutes\" \/>\n<script type=\"application\/ld+json\" class=\"yoast-schema-graph\">{\"@context\":\"https:\/\/schema.org\",\"@graph\":[{\"@type\":\"Article\",\"@id\":\"https:\/\/web.umons.ac.be\/charleroi\/2019\/06\/25\/olivier-houde-de-charleroi-a-paris-de-lumons-a-la-sorbonne\/#article\",\"isPartOf\":{\"@id\":\"https:\/\/web.umons.ac.be\/charleroi\/2019\/06\/25\/olivier-houde-de-charleroi-a-paris-de-lumons-a-la-sorbonne\/\"},\"author\":{\"name\":\"Lena Goessens\",\"@id\":\"https:\/\/web.umons.ac.be\/charleroi\/#\/schema\/person\/fb3e7c6a83f2c0a2a36f5c19bde69634\"},\"headline\":\"Olivier Houd\u00e9, de Charleroi \u00e0 Paris. De l&rsquo;UMONS \u00e0 la Sorbonne.\",\"datePublished\":\"2019-06-25T07:44:20+00:00\",\"dateModified\":\"2019-06-25T08:37:41+00:00\",\"mainEntityOfPage\":{\"@id\":\"https:\/\/web.umons.ac.be\/charleroi\/2019\/06\/25\/olivier-houde-de-charleroi-a-paris-de-lumons-a-la-sorbonne\/\"},\"wordCount\":715,\"commentCount\":0,\"image\":{\"@id\":\"https:\/\/web.umons.ac.be\/charleroi\/2019\/06\/25\/olivier-houde-de-charleroi-a-paris-de-lumons-a-la-sorbonne\/#primaryimage\"},\"thumbnailUrl\":\"https:\/\/web.umons.ac.be\/app\/uploads\/sites\/43\/2019\/06\/Hero-image.jpg\",\"inLanguage\":\"fr-FR\",\"potentialAction\":[{\"@type\":\"CommentAction\",\"name\":\"Comment\",\"target\":[\"https:\/\/web.umons.ac.be\/charleroi\/2019\/06\/25\/olivier-houde-de-charleroi-a-paris-de-lumons-a-la-sorbonne\/#respond\"]}]},{\"@type\":\"WebPage\",\"@id\":\"https:\/\/web.umons.ac.be\/charleroi\/2019\/06\/25\/olivier-houde-de-charleroi-a-paris-de-lumons-a-la-sorbonne\/\",\"url\":\"https:\/\/web.umons.ac.be\/charleroi\/2019\/06\/25\/olivier-houde-de-charleroi-a-paris-de-lumons-a-la-sorbonne\/\",\"name\":\"Olivier Houd\u00e9, de Charleroi \u00e0 Paris. De l'UMONS \u00e0 la Sorbonne. - UMONS Charleroi\",\"isPartOf\":{\"@id\":\"https:\/\/web.umons.ac.be\/charleroi\/#website\"},\"primaryImageOfPage\":{\"@id\":\"https:\/\/web.umons.ac.be\/charleroi\/2019\/06\/25\/olivier-houde-de-charleroi-a-paris-de-lumons-a-la-sorbonne\/#primaryimage\"},\"image\":{\"@id\":\"https:\/\/web.umons.ac.be\/charleroi\/2019\/06\/25\/olivier-houde-de-charleroi-a-paris-de-lumons-a-la-sorbonne\/#primaryimage\"},\"thumbnailUrl\":\"https:\/\/web.umons.ac.be\/app\/uploads\/sites\/43\/2019\/06\/Hero-image.jpg\",\"datePublished\":\"2019-06-25T07:44:20+00:00\",\"dateModified\":\"2019-06-25T08:37:41+00:00\",\"author\":{\"@id\":\"https:\/\/web.umons.ac.be\/charleroi\/#\/schema\/person\/fb3e7c6a83f2c0a2a36f5c19bde69634\"},\"description\":\"Olivier Houd\u00e9, ancien \u00e9tudiant de l'Universit\u00e9 de Mons \u00e0 Charleroi, est aujourd'hui professeur de psychologie du d\u00e9veloppement \u00e0 la Sorbonne.\",\"breadcrumb\":{\"@id\":\"https:\/\/web.umons.ac.be\/charleroi\/2019\/06\/25\/olivier-houde-de-charleroi-a-paris-de-lumons-a-la-sorbonne\/#breadcrumb\"},\"inLanguage\":\"fr-FR\",\"potentialAction\":[{\"@type\":\"ReadAction\",\"target\":[\"https:\/\/web.umons.ac.be\/charleroi\/2019\/06\/25\/olivier-houde-de-charleroi-a-paris-de-lumons-a-la-sorbonne\/\"]}]},{\"@type\":\"ImageObject\",\"inLanguage\":\"fr-FR\",\"@id\":\"https:\/\/web.umons.ac.be\/charleroi\/2019\/06\/25\/olivier-houde-de-charleroi-a-paris-de-lumons-a-la-sorbonne\/#primaryimage\",\"url\":\"https:\/\/web.umons.ac.be\/app\/uploads\/sites\/43\/2019\/06\/Hero-image.jpg\",\"contentUrl\":\"https:\/\/web.umons.ac.be\/app\/uploads\/sites\/43\/2019\/06\/Hero-image.jpg\",\"width\":660,\"height\":281},{\"@type\":\"BreadcrumbList\",\"@id\":\"https:\/\/web.umons.ac.be\/charleroi\/2019\/06\/25\/olivier-houde-de-charleroi-a-paris-de-lumons-a-la-sorbonne\/#breadcrumb\",\"itemListElement\":[{\"@type\":\"ListItem\",\"position\":1,\"name\":\"Accueil\",\"item\":\"https:\/\/web.umons.ac.be\/charleroi\/\"},{\"@type\":\"ListItem\",\"position\":2,\"name\":\"Olivier Houd\u00e9, de Charleroi \u00e0 Paris. De l&rsquo;UMONS \u00e0 la Sorbonne.\"}]},{\"@type\":\"WebSite\",\"@id\":\"https:\/\/web.umons.ac.be\/charleroi\/#website\",\"url\":\"https:\/\/web.umons.ac.be\/charleroi\/\",\"name\":\"UMONS Charleroi\",\"description\":\"\",\"potentialAction\":[{\"@type\":\"SearchAction\",\"target\":{\"@type\":\"EntryPoint\",\"urlTemplate\":\"https:\/\/web.umons.ac.be\/charleroi\/?s={search_term_string}\"},\"query-input\":{\"@type\":\"PropertyValueSpecification\",\"valueRequired\":true,\"valueName\":\"search_term_string\"}}],\"inLanguage\":\"fr-FR\"},{\"@type\":\"Person\",\"@id\":\"https:\/\/web.umons.ac.be\/charleroi\/#\/schema\/person\/fb3e7c6a83f2c0a2a36f5c19bde69634\",\"name\":\"Lena Goessens\",\"image\":{\"@type\":\"ImageObject\",\"inLanguage\":\"fr-FR\",\"@id\":\"https:\/\/secure.gravatar.com\/avatar\/f133cee81206dc1fa166963ec1a424ba746ac6a4dcca92f9185dd402d03f8c70?s=96&d=mm&r=g\",\"url\":\"https:\/\/secure.gravatar.com\/avatar\/f133cee81206dc1fa166963ec1a424ba746ac6a4dcca92f9185dd402d03f8c70?s=96&d=mm&r=g\",\"contentUrl\":\"https:\/\/secure.gravatar.com\/avatar\/f133cee81206dc1fa166963ec1a424ba746ac6a4dcca92f9185dd402d03f8c70?s=96&d=mm&r=g\",\"caption\":\"Lena Goessens\"},\"url\":\"https:\/\/web.umons.ac.be\/charleroi\/author\/lgoessens\/\"}]}<\/script>\n<!-- \/ Yoast SEO plugin. -->","yoast_head_json":{"title":"Olivier Houd\u00e9, de Charleroi \u00e0 Paris. De l'UMONS \u00e0 la Sorbonne. - UMONS Charleroi","description":"Olivier Houd\u00e9, ancien \u00e9tudiant de l'Universit\u00e9 de Mons \u00e0 Charleroi, est aujourd'hui professeur de psychologie du d\u00e9veloppement \u00e0 la Sorbonne.","robots":{"index":"index","follow":"follow","max-snippet":"max-snippet:-1","max-image-preview":"max-image-preview:large","max-video-preview":"max-video-preview:-1"},"canonical":"https:\/\/web.umons.ac.be\/charleroi\/2019\/06\/25\/olivier-houde-de-charleroi-a-paris-de-lumons-a-la-sorbonne\/","og_locale":"fr_FR","og_type":"article","og_title":"Olivier Houd\u00e9, de Charleroi \u00e0 Paris. De l'UMONS \u00e0 la Sorbonne. - UMONS Charleroi","og_description":"Olivier Houd\u00e9, ancien \u00e9tudiant de l'Universit\u00e9 de Mons \u00e0 Charleroi, est aujourd'hui professeur de psychologie du d\u00e9veloppement \u00e0 la Sorbonne.","og_url":"https:\/\/web.umons.ac.be\/charleroi\/2019\/06\/25\/olivier-houde-de-charleroi-a-paris-de-lumons-a-la-sorbonne\/","og_site_name":"UMONS Charleroi","article_published_time":"2019-06-25T07:44:20+00:00","article_modified_time":"2019-06-25T08:37:41+00:00","og_image":[{"width":660,"height":281,"url":"https:\/\/web.umons.ac.be\/app\/uploads\/sites\/43\/2019\/06\/Hero-image.jpg","type":"image\/jpeg"}],"author":"Lena Goessens","twitter_card":"summary_large_image","twitter_misc":{"\u00c9crit par":"Lena Goessens","Dur\u00e9e de lecture estim\u00e9e":"4 minutes"},"schema":{"@context":"https:\/\/schema.org","@graph":[{"@type":"Article","@id":"https:\/\/web.umons.ac.be\/charleroi\/2019\/06\/25\/olivier-houde-de-charleroi-a-paris-de-lumons-a-la-sorbonne\/#article","isPartOf":{"@id":"https:\/\/web.umons.ac.be\/charleroi\/2019\/06\/25\/olivier-houde-de-charleroi-a-paris-de-lumons-a-la-sorbonne\/"},"author":{"name":"Lena Goessens","@id":"https:\/\/web.umons.ac.be\/charleroi\/#\/schema\/person\/fb3e7c6a83f2c0a2a36f5c19bde69634"},"headline":"Olivier Houd\u00e9, de Charleroi \u00e0 Paris. De l&rsquo;UMONS \u00e0 la Sorbonne.","datePublished":"2019-06-25T07:44:20+00:00","dateModified":"2019-06-25T08:37:41+00:00","mainEntityOfPage":{"@id":"https:\/\/web.umons.ac.be\/charleroi\/2019\/06\/25\/olivier-houde-de-charleroi-a-paris-de-lumons-a-la-sorbonne\/"},"wordCount":715,"commentCount":0,"image":{"@id":"https:\/\/web.umons.ac.be\/charleroi\/2019\/06\/25\/olivier-houde-de-charleroi-a-paris-de-lumons-a-la-sorbonne\/#primaryimage"},"thumbnailUrl":"https:\/\/web.umons.ac.be\/app\/uploads\/sites\/43\/2019\/06\/Hero-image.jpg","inLanguage":"fr-FR","potentialAction":[{"@type":"CommentAction","name":"Comment","target":["https:\/\/web.umons.ac.be\/charleroi\/2019\/06\/25\/olivier-houde-de-charleroi-a-paris-de-lumons-a-la-sorbonne\/#respond"]}]},{"@type":"WebPage","@id":"https:\/\/web.umons.ac.be\/charleroi\/2019\/06\/25\/olivier-houde-de-charleroi-a-paris-de-lumons-a-la-sorbonne\/","url":"https:\/\/web.umons.ac.be\/charleroi\/2019\/06\/25\/olivier-houde-de-charleroi-a-paris-de-lumons-a-la-sorbonne\/","name":"Olivier Houd\u00e9, de Charleroi \u00e0 Paris. De l'UMONS \u00e0 la Sorbonne. - UMONS Charleroi","isPartOf":{"@id":"https:\/\/web.umons.ac.be\/charleroi\/#website"},"primaryImageOfPage":{"@id":"https:\/\/web.umons.ac.be\/charleroi\/2019\/06\/25\/olivier-houde-de-charleroi-a-paris-de-lumons-a-la-sorbonne\/#primaryimage"},"image":{"@id":"https:\/\/web.umons.ac.be\/charleroi\/2019\/06\/25\/olivier-houde-de-charleroi-a-paris-de-lumons-a-la-sorbonne\/#primaryimage"},"thumbnailUrl":"https:\/\/web.umons.ac.be\/app\/uploads\/sites\/43\/2019\/06\/Hero-image.jpg","datePublished":"2019-06-25T07:44:20+00:00","dateModified":"2019-06-25T08:37:41+00:00","author":{"@id":"https:\/\/web.umons.ac.be\/charleroi\/#\/schema\/person\/fb3e7c6a83f2c0a2a36f5c19bde69634"},"description":"Olivier Houd\u00e9, ancien \u00e9tudiant de l'Universit\u00e9 de Mons \u00e0 Charleroi, est aujourd'hui professeur de psychologie du d\u00e9veloppement \u00e0 la Sorbonne.","breadcrumb":{"@id":"https:\/\/web.umons.ac.be\/charleroi\/2019\/06\/25\/olivier-houde-de-charleroi-a-paris-de-lumons-a-la-sorbonne\/#breadcrumb"},"inLanguage":"fr-FR","potentialAction":[{"@type":"ReadAction","target":["https:\/\/web.umons.ac.be\/charleroi\/2019\/06\/25\/olivier-houde-de-charleroi-a-paris-de-lumons-a-la-sorbonne\/"]}]},{"@type":"ImageObject","inLanguage":"fr-FR","@id":"https:\/\/web.umons.ac.be\/charleroi\/2019\/06\/25\/olivier-houde-de-charleroi-a-paris-de-lumons-a-la-sorbonne\/#primaryimage","url":"https:\/\/web.umons.ac.be\/app\/uploads\/sites\/43\/2019\/06\/Hero-image.jpg","contentUrl":"https:\/\/web.umons.ac.be\/app\/uploads\/sites\/43\/2019\/06\/Hero-image.jpg","width":660,"height":281},{"@type":"BreadcrumbList","@id":"https:\/\/web.umons.ac.be\/charleroi\/2019\/06\/25\/olivier-houde-de-charleroi-a-paris-de-lumons-a-la-sorbonne\/#breadcrumb","itemListElement":[{"@type":"ListItem","position":1,"name":"Accueil","item":"https:\/\/web.umons.ac.be\/charleroi\/"},{"@type":"ListItem","position":2,"name":"Olivier Houd\u00e9, de Charleroi \u00e0 Paris. De l&rsquo;UMONS \u00e0 la Sorbonne."}]},{"@type":"WebSite","@id":"https:\/\/web.umons.ac.be\/charleroi\/#website","url":"https:\/\/web.umons.ac.be\/charleroi\/","name":"UMONS Charleroi","description":"","potentialAction":[{"@type":"SearchAction","target":{"@type":"EntryPoint","urlTemplate":"https:\/\/web.umons.ac.be\/charleroi\/?s={search_term_string}"},"query-input":{"@type":"PropertyValueSpecification","valueRequired":true,"valueName":"search_term_string"}}],"inLanguage":"fr-FR"},{"@type":"Person","@id":"https:\/\/web.umons.ac.be\/charleroi\/#\/schema\/person\/fb3e7c6a83f2c0a2a36f5c19bde69634","name":"Lena Goessens","image":{"@type":"ImageObject","inLanguage":"fr-FR","@id":"https:\/\/secure.gravatar.com\/avatar\/f133cee81206dc1fa166963ec1a424ba746ac6a4dcca92f9185dd402d03f8c70?s=96&d=mm&r=g","url":"https:\/\/secure.gravatar.com\/avatar\/f133cee81206dc1fa166963ec1a424ba746ac6a4dcca92f9185dd402d03f8c70?s=96&d=mm&r=g","contentUrl":"https:\/\/secure.gravatar.com\/avatar\/f133cee81206dc1fa166963ec1a424ba746ac6a4dcca92f9185dd402d03f8c70?s=96&d=mm&r=g","caption":"Lena Goessens"},"url":"https:\/\/web.umons.ac.be\/charleroi\/author\/lgoessens\/"}]}},"lang":"fr","translations":{"fr":626},"pll_sync_post":[],"_links":{"self":[{"href":"https:\/\/web.umons.ac.be\/charleroi\/wp-json\/wp\/v2\/posts\/626","targetHints":{"allow":["GET"]}}],"collection":[{"href":"https:\/\/web.umons.ac.be\/charleroi\/wp-json\/wp\/v2\/posts"}],"about":[{"href":"https:\/\/web.umons.ac.be\/charleroi\/wp-json\/wp\/v2\/types\/post"}],"author":[{"embeddable":true,"href":"https:\/\/web.umons.ac.be\/charleroi\/wp-json\/wp\/v2\/users\/11"}],"replies":[{"embeddable":true,"href":"https:\/\/web.umons.ac.be\/charleroi\/wp-json\/wp\/v2\/comments?post=626"}],"version-history":[{"count":3,"href":"https:\/\/web.umons.ac.be\/charleroi\/wp-json\/wp\/v2\/posts\/626\/revisions"}],"predecessor-version":[{"id":634,"href":"https:\/\/web.umons.ac.be\/charleroi\/wp-json\/wp\/v2\/posts\/626\/revisions\/634"}],"wp:featuredmedia":[{"embeddable":true,"href":"https:\/\/web.umons.ac.be\/charleroi\/wp-json\/wp\/v2\/media\/632"}],"wp:attachment":[{"href":"https:\/\/web.umons.ac.be\/charleroi\/wp-json\/wp\/v2\/media?parent=626"}],"wp:term":[{"taxonomy":"category","embeddable":true,"href":"https:\/\/web.umons.ac.be\/charleroi\/wp-json\/wp\/v2\/categories?post=626"},{"taxonomy":"post_tag","embeddable":true,"href":"https:\/\/web.umons.ac.be\/charleroi\/wp-json\/wp\/v2\/tags?post=626"}],"curies":[{"name":"wp","href":"https:\/\/api.w.org\/{rel}","templated":true}]}}