{"id":68,"date":"2016-05-03T15:31:12","date_gmt":"2016-05-03T13:31:12","guid":{"rendered":"https:\/\/web.umons.ac.be\/complexys\/?p=68"},"modified":"2018-01-30T10:45:37","modified_gmt":"2018-01-30T09:45:37","slug":"un-prof-de-la-fac-des-sciences-laureat-dun-prix-recompensant-la-gestion-informatique-des-donnees","status":"publish","type":"post","link":"https:\/\/web.umons.ac.be\/complexys\/fr\/2016\/05\/03\/un-prof-de-la-fac-des-sciences-laureat-dun-prix-recompensant-la-gestion-informatique-des-donnees\/","title":{"rendered":"Un Prof de la Fac des Sciences, laur\u00e9at d&rsquo;un prix r\u00e9compensant la gestion informatique des donn\u00e9es"},"content":{"rendered":"<p><span style=\"font-weight: inherit; font-style: inherit;\">Jef Wijsen, professeur dans le D\u00e9partement d\u2019Informatique de la Facult\u00e9 des Sciences, a re\u00e7u l\u2019<strong>ACM SIGMOD Research Highlight Award 2015<\/strong>.<\/span><\/p>\n<p><span style=\"font-weight: inherit; font-style: inherit;\">Cette r\u00e9compense est d\u00e9cern\u00e9e par l\u2019Association for Computing Machinery (ACM) aux plus importantes contributions scientifiques parues en 2015 dans le domaine de la gestion informatique de donn\u00e9es. Le jury a notamment couronn\u00e9 huit projets de recherche qui s\u2019attaquent \u00e0 un probl\u00e8me important, qui constituent une \u00e9tape cl\u00e9 dans la r\u00e9solution du probl\u00e8me et qui ont potentiellement un impact majeur. L\u2019ACM est la premi\u00e8re association scientifique dans le domaine de l\u2019informatique.<\/span><\/p>\n<p><span style=\"font-weight: inherit; font-style: inherit;\">Dans leur publication couronn\u00e9e, Jef Wijsen et son co-auteur, Paraschos Koutris (University of Wisconsin-Madison, USA), ont r\u00e9solu un probl\u00e8me qui restait ouvert depuis dix ans. Leur publication s\u2019inscrit dans la probl\u00e9matique g\u00e9n\u00e9rale de la repr\u00e9sentation et l\u2019interrogation des donn\u00e9es imparfaites, incoh\u00e9rentes et incompl\u00e8tes contenues dans des bases de donn\u00e9es. Cette question est d\u2019actualit\u00e9 puisque dans un monde baign\u00e9 par le big data, les entreprises sont de plus en plus fr\u00e9quemment confront\u00e9es \u00e0 des probl\u00e8mes de qualit\u00e9 de donn\u00e9es.<\/span><\/p>\n<p><span style=\"font-weight: inherit; font-style: inherit;\"><b><span style=\"font-style: inherit;\">Plus d\u2019infos\u00a0?<\/span><\/b>\u00a0<a style=\"font-weight: inherit; font-style: inherit;\" href=\"mailto:Jef.WIJSEN@umons.ac.be\">Jef.WIJSEN@umons.ac.be<\/a><\/span><\/p>\n","protected":false},"excerpt":{"rendered":"<p>Jef Wijsen  a re\u00e7u l\u2019ACM SIGMOD Research Highlight Award 2015. Cette r\u00e9compense est d\u00e9cern\u00e9e aux plus importantes contributions scientifiques parues en 2015 dans le domaine de la gestion informatique de donn\u00e9es. <\/p>\n","protected":false},"author":1,"featured_media":70,"comment_status":"open","ping_status":"open","sticky":false,"template":"","format":"standard","meta":{"footnotes":""},"categories":[54,42],"tags":[],"class_list":["post-68","post","type-post","status-publish","format-standard","has-post-thumbnail","hentry","category-prix-bourses-et-distinctions","category-recherche"],"yoast_head":"<!-- This site is optimized with the Yoast SEO plugin v27.2 - https:\/\/yoast.com\/product\/yoast-seo-wordpress\/ -->\n<title>Un Prof de la Fac des Sciences, laur\u00e9at d&#039;un prix r\u00e9compensant la gestion informatique des donn\u00e9es - Institut \/ Complexys<\/title>\n<meta name=\"robots\" content=\"index, follow, max-snippet:-1, max-image-preview:large, max-video-preview:-1\" \/>\n<link rel=\"canonical\" href=\"https:\/\/web.umons.ac.be\/complexys\/fr\/2016\/05\/03\/un-prof-de-la-fac-des-sciences-laureat-dun-prix-recompensant-la-gestion-informatique-des-donnees\/\" \/>\n<meta property=\"og:locale\" content=\"fr_FR\" \/>\n<meta property=\"og:type\" content=\"article\" \/>\n<meta property=\"og:title\" content=\"Un Prof de la Fac des Sciences, laur\u00e9at d&#039;un prix r\u00e9compensant la gestion informatique des donn\u00e9es - Institut \/ Complexys\" \/>\n<meta property=\"og:description\" content=\"Jef Wijsen a re\u00e7u l\u2019ACM SIGMOD Research Highlight Award 2015. Cette r\u00e9compense est d\u00e9cern\u00e9e aux plus importantes contributions scientifiques parues en 2015 dans le domaine de la gestion informatique de donn\u00e9es.\" \/>\n<meta property=\"og:url\" content=\"https:\/\/web.umons.ac.be\/complexys\/fr\/2016\/05\/03\/un-prof-de-la-fac-des-sciences-laureat-dun-prix-recompensant-la-gestion-informatique-des-donnees\/\" \/>\n<meta property=\"og:site_name\" content=\"Institut \/ Complexys\" \/>\n<meta property=\"article:published_time\" content=\"2016-05-03T13:31:12+00:00\" \/>\n<meta property=\"article:modified_time\" content=\"2018-01-30T09:45:37+00:00\" \/>\n<meta property=\"og:image\" content=\"https:\/\/web.umons.ac.be\/app\/uploads\/sites\/31\/2016\/05\/JefWijsen.jpg\" \/>\n\t<meta property=\"og:image:width\" content=\"328\" \/>\n\t<meta property=\"og:image:height\" content=\"327\" \/>\n\t<meta property=\"og:image:type\" content=\"image\/jpeg\" \/>\n<meta name=\"author\" content=\"UMONS Administration\" \/>\n<meta name=\"twitter:card\" content=\"summary_large_image\" \/>\n<meta name=\"twitter:label1\" content=\"\u00c9crit par\" \/>\n\t<meta name=\"twitter:data1\" content=\"UMONS Administration\" \/>\n\t<meta name=\"twitter:label2\" content=\"Dur\u00e9e de lecture estim\u00e9e\" \/>\n\t<meta name=\"twitter:data2\" content=\"1 minute\" \/>\n<script type=\"application\/ld+json\" class=\"yoast-schema-graph\">{\"@context\":\"https:\/\/schema.org\",\"@graph\":[{\"@type\":\"Article\",\"@id\":\"https:\/\/web.umons.ac.be\/complexys\/fr\/2016\/05\/03\/un-prof-de-la-fac-des-sciences-laureat-dun-prix-recompensant-la-gestion-informatique-des-donnees\/#article\",\"isPartOf\":{\"@id\":\"https:\/\/web.umons.ac.be\/complexys\/fr\/2016\/05\/03\/un-prof-de-la-fac-des-sciences-laureat-dun-prix-recompensant-la-gestion-informatique-des-donnees\/\"},\"author\":{\"name\":\"UMONS Administration\",\"@id\":\"https:\/\/web.umons.ac.be\/complexys\/#\/schema\/person\/fe6f953d2fd33e92c6d457f8f86a305f\"},\"headline\":\"Un Prof de la Fac des Sciences, laur\u00e9at d&rsquo;un prix r\u00e9compensant la gestion informatique des donn\u00e9es\",\"datePublished\":\"2016-05-03T13:31:12+00:00\",\"dateModified\":\"2018-01-30T09:45:37+00:00\",\"mainEntityOfPage\":{\"@id\":\"https:\/\/web.umons.ac.be\/complexys\/fr\/2016\/05\/03\/un-prof-de-la-fac-des-sciences-laureat-dun-prix-recompensant-la-gestion-informatique-des-donnees\/\"},\"wordCount\":226,\"commentCount\":0,\"image\":{\"@id\":\"https:\/\/web.umons.ac.be\/complexys\/fr\/2016\/05\/03\/un-prof-de-la-fac-des-sciences-laureat-dun-prix-recompensant-la-gestion-informatique-des-donnees\/#primaryimage\"},\"thumbnailUrl\":\"https:\/\/web.umons.ac.be\/app\/uploads\/sites\/31\/2016\/05\/JefWijsen.jpg\",\"articleSection\":[\"Prix, bourses et distinctions\",\"Recherche\"],\"inLanguage\":\"fr-FR\",\"potentialAction\":[{\"@type\":\"CommentAction\",\"name\":\"Comment\",\"target\":[\"https:\/\/web.umons.ac.be\/complexys\/fr\/2016\/05\/03\/un-prof-de-la-fac-des-sciences-laureat-dun-prix-recompensant-la-gestion-informatique-des-donnees\/#respond\"]}]},{\"@type\":\"WebPage\",\"@id\":\"https:\/\/web.umons.ac.be\/complexys\/fr\/2016\/05\/03\/un-prof-de-la-fac-des-sciences-laureat-dun-prix-recompensant-la-gestion-informatique-des-donnees\/\",\"url\":\"https:\/\/web.umons.ac.be\/complexys\/fr\/2016\/05\/03\/un-prof-de-la-fac-des-sciences-laureat-dun-prix-recompensant-la-gestion-informatique-des-donnees\/\",\"name\":\"Un Prof de la Fac des Sciences, laur\u00e9at d'un prix r\u00e9compensant la gestion informatique des donn\u00e9es - Institut \/ Complexys\",\"isPartOf\":{\"@id\":\"https:\/\/web.umons.ac.be\/complexys\/#website\"},\"primaryImageOfPage\":{\"@id\":\"https:\/\/web.umons.ac.be\/complexys\/fr\/2016\/05\/03\/un-prof-de-la-fac-des-sciences-laureat-dun-prix-recompensant-la-gestion-informatique-des-donnees\/#primaryimage\"},\"image\":{\"@id\":\"https:\/\/web.umons.ac.be\/complexys\/fr\/2016\/05\/03\/un-prof-de-la-fac-des-sciences-laureat-dun-prix-recompensant-la-gestion-informatique-des-donnees\/#primaryimage\"},\"thumbnailUrl\":\"https:\/\/web.umons.ac.be\/app\/uploads\/sites\/31\/2016\/05\/JefWijsen.jpg\",\"datePublished\":\"2016-05-03T13:31:12+00:00\",\"dateModified\":\"2018-01-30T09:45:37+00:00\",\"author\":{\"@id\":\"https:\/\/web.umons.ac.be\/complexys\/#\/schema\/person\/fe6f953d2fd33e92c6d457f8f86a305f\"},\"breadcrumb\":{\"@id\":\"https:\/\/web.umons.ac.be\/complexys\/fr\/2016\/05\/03\/un-prof-de-la-fac-des-sciences-laureat-dun-prix-recompensant-la-gestion-informatique-des-donnees\/#breadcrumb\"},\"inLanguage\":\"fr-FR\",\"potentialAction\":[{\"@type\":\"ReadAction\",\"target\":[\"https:\/\/web.umons.ac.be\/complexys\/fr\/2016\/05\/03\/un-prof-de-la-fac-des-sciences-laureat-dun-prix-recompensant-la-gestion-informatique-des-donnees\/\"]}]},{\"@type\":\"ImageObject\",\"inLanguage\":\"fr-FR\",\"@id\":\"https:\/\/web.umons.ac.be\/complexys\/fr\/2016\/05\/03\/un-prof-de-la-fac-des-sciences-laureat-dun-prix-recompensant-la-gestion-informatique-des-donnees\/#primaryimage\",\"url\":\"https:\/\/web.umons.ac.be\/app\/uploads\/sites\/31\/2016\/05\/JefWijsen.jpg\",\"contentUrl\":\"https:\/\/web.umons.ac.be\/app\/uploads\/sites\/31\/2016\/05\/JefWijsen.jpg\",\"width\":328,\"height\":327,\"caption\":\"Le Prof. Jef Wijsen\"},{\"@type\":\"BreadcrumbList\",\"@id\":\"https:\/\/web.umons.ac.be\/complexys\/fr\/2016\/05\/03\/un-prof-de-la-fac-des-sciences-laureat-dun-prix-recompensant-la-gestion-informatique-des-donnees\/#breadcrumb\",\"itemListElement\":[{\"@type\":\"ListItem\",\"position\":1,\"name\":\"Accueil\",\"item\":\"https:\/\/web.umons.ac.be\/complexys\/fr\/\"},{\"@type\":\"ListItem\",\"position\":2,\"name\":\"Un Prof de la Fac des Sciences, laur\u00e9at d&rsquo;un prix r\u00e9compensant la gestion informatique des donn\u00e9es\"}]},{\"@type\":\"WebSite\",\"@id\":\"https:\/\/web.umons.ac.be\/complexys\/#website\",\"url\":\"https:\/\/web.umons.ac.be\/complexys\/\",\"name\":\"Institut \/ Complexys\",\"description\":\"Un site utilisant Universit\u00e9 de Mons \u2013 UMONS\",\"potentialAction\":[{\"@type\":\"SearchAction\",\"target\":{\"@type\":\"EntryPoint\",\"urlTemplate\":\"https:\/\/web.umons.ac.be\/complexys\/?s={search_term_string}\"},\"query-input\":{\"@type\":\"PropertyValueSpecification\",\"valueRequired\":true,\"valueName\":\"search_term_string\"}}],\"inLanguage\":\"fr-FR\"},{\"@type\":\"Person\",\"@id\":\"https:\/\/web.umons.ac.be\/complexys\/#\/schema\/person\/fe6f953d2fd33e92c6d457f8f86a305f\",\"name\":\"UMONS Administration\",\"image\":{\"@type\":\"ImageObject\",\"inLanguage\":\"fr-FR\",\"@id\":\"https:\/\/secure.gravatar.com\/avatar\/a2a4086b60c40f46aa897949adc459f31405f93c9f0702f0a82b68f226f30bdc?s=96&d=mm&r=g\",\"url\":\"https:\/\/secure.gravatar.com\/avatar\/a2a4086b60c40f46aa897949adc459f31405f93c9f0702f0a82b68f226f30bdc?s=96&d=mm&r=g\",\"contentUrl\":\"https:\/\/secure.gravatar.com\/avatar\/a2a4086b60c40f46aa897949adc459f31405f93c9f0702f0a82b68f226f30bdc?s=96&d=mm&r=g\",\"caption\":\"UMONS Administration\"},\"url\":\"https:\/\/web.umons.ac.be\/complexys\/author\/umons\/\"}]}<\/script>\n<!-- \/ Yoast SEO plugin. -->","yoast_head_json":{"title":"Un Prof de la Fac des Sciences, laur\u00e9at d'un prix r\u00e9compensant la gestion informatique des donn\u00e9es - Institut \/ Complexys","robots":{"index":"index","follow":"follow","max-snippet":"max-snippet:-1","max-image-preview":"max-image-preview:large","max-video-preview":"max-video-preview:-1"},"canonical":"https:\/\/web.umons.ac.be\/complexys\/fr\/2016\/05\/03\/un-prof-de-la-fac-des-sciences-laureat-dun-prix-recompensant-la-gestion-informatique-des-donnees\/","og_locale":"fr_FR","og_type":"article","og_title":"Un Prof de la Fac des Sciences, laur\u00e9at d'un prix r\u00e9compensant la gestion informatique des donn\u00e9es - Institut \/ Complexys","og_description":"Jef Wijsen a re\u00e7u l\u2019ACM SIGMOD Research Highlight Award 2015. Cette r\u00e9compense est d\u00e9cern\u00e9e aux plus importantes contributions scientifiques parues en 2015 dans le domaine de la gestion informatique de donn\u00e9es.","og_url":"https:\/\/web.umons.ac.be\/complexys\/fr\/2016\/05\/03\/un-prof-de-la-fac-des-sciences-laureat-dun-prix-recompensant-la-gestion-informatique-des-donnees\/","og_site_name":"Institut \/ Complexys","article_published_time":"2016-05-03T13:31:12+00:00","article_modified_time":"2018-01-30T09:45:37+00:00","og_image":[{"width":328,"height":327,"url":"https:\/\/web.umons.ac.be\/app\/uploads\/sites\/31\/2016\/05\/JefWijsen.jpg","type":"image\/jpeg"}],"author":"UMONS Administration","twitter_card":"summary_large_image","twitter_misc":{"\u00c9crit par":"UMONS Administration","Dur\u00e9e de lecture estim\u00e9e":"1 minute"},"schema":{"@context":"https:\/\/schema.org","@graph":[{"@type":"Article","@id":"https:\/\/web.umons.ac.be\/complexys\/fr\/2016\/05\/03\/un-prof-de-la-fac-des-sciences-laureat-dun-prix-recompensant-la-gestion-informatique-des-donnees\/#article","isPartOf":{"@id":"https:\/\/web.umons.ac.be\/complexys\/fr\/2016\/05\/03\/un-prof-de-la-fac-des-sciences-laureat-dun-prix-recompensant-la-gestion-informatique-des-donnees\/"},"author":{"name":"UMONS Administration","@id":"https:\/\/web.umons.ac.be\/complexys\/#\/schema\/person\/fe6f953d2fd33e92c6d457f8f86a305f"},"headline":"Un Prof de la Fac des Sciences, laur\u00e9at d&rsquo;un prix r\u00e9compensant la gestion informatique des donn\u00e9es","datePublished":"2016-05-03T13:31:12+00:00","dateModified":"2018-01-30T09:45:37+00:00","mainEntityOfPage":{"@id":"https:\/\/web.umons.ac.be\/complexys\/fr\/2016\/05\/03\/un-prof-de-la-fac-des-sciences-laureat-dun-prix-recompensant-la-gestion-informatique-des-donnees\/"},"wordCount":226,"commentCount":0,"image":{"@id":"https:\/\/web.umons.ac.be\/complexys\/fr\/2016\/05\/03\/un-prof-de-la-fac-des-sciences-laureat-dun-prix-recompensant-la-gestion-informatique-des-donnees\/#primaryimage"},"thumbnailUrl":"https:\/\/web.umons.ac.be\/app\/uploads\/sites\/31\/2016\/05\/JefWijsen.jpg","articleSection":["Prix, bourses et distinctions","Recherche"],"inLanguage":"fr-FR","potentialAction":[{"@type":"CommentAction","name":"Comment","target":["https:\/\/web.umons.ac.be\/complexys\/fr\/2016\/05\/03\/un-prof-de-la-fac-des-sciences-laureat-dun-prix-recompensant-la-gestion-informatique-des-donnees\/#respond"]}]},{"@type":"WebPage","@id":"https:\/\/web.umons.ac.be\/complexys\/fr\/2016\/05\/03\/un-prof-de-la-fac-des-sciences-laureat-dun-prix-recompensant-la-gestion-informatique-des-donnees\/","url":"https:\/\/web.umons.ac.be\/complexys\/fr\/2016\/05\/03\/un-prof-de-la-fac-des-sciences-laureat-dun-prix-recompensant-la-gestion-informatique-des-donnees\/","name":"Un Prof de la Fac des Sciences, laur\u00e9at d'un prix r\u00e9compensant la gestion informatique des donn\u00e9es - Institut \/ Complexys","isPartOf":{"@id":"https:\/\/web.umons.ac.be\/complexys\/#website"},"primaryImageOfPage":{"@id":"https:\/\/web.umons.ac.be\/complexys\/fr\/2016\/05\/03\/un-prof-de-la-fac-des-sciences-laureat-dun-prix-recompensant-la-gestion-informatique-des-donnees\/#primaryimage"},"image":{"@id":"https:\/\/web.umons.ac.be\/complexys\/fr\/2016\/05\/03\/un-prof-de-la-fac-des-sciences-laureat-dun-prix-recompensant-la-gestion-informatique-des-donnees\/#primaryimage"},"thumbnailUrl":"https:\/\/web.umons.ac.be\/app\/uploads\/sites\/31\/2016\/05\/JefWijsen.jpg","datePublished":"2016-05-03T13:31:12+00:00","dateModified":"2018-01-30T09:45:37+00:00","author":{"@id":"https:\/\/web.umons.ac.be\/complexys\/#\/schema\/person\/fe6f953d2fd33e92c6d457f8f86a305f"},"breadcrumb":{"@id":"https:\/\/web.umons.ac.be\/complexys\/fr\/2016\/05\/03\/un-prof-de-la-fac-des-sciences-laureat-dun-prix-recompensant-la-gestion-informatique-des-donnees\/#breadcrumb"},"inLanguage":"fr-FR","potentialAction":[{"@type":"ReadAction","target":["https:\/\/web.umons.ac.be\/complexys\/fr\/2016\/05\/03\/un-prof-de-la-fac-des-sciences-laureat-dun-prix-recompensant-la-gestion-informatique-des-donnees\/"]}]},{"@type":"ImageObject","inLanguage":"fr-FR","@id":"https:\/\/web.umons.ac.be\/complexys\/fr\/2016\/05\/03\/un-prof-de-la-fac-des-sciences-laureat-dun-prix-recompensant-la-gestion-informatique-des-donnees\/#primaryimage","url":"https:\/\/web.umons.ac.be\/app\/uploads\/sites\/31\/2016\/05\/JefWijsen.jpg","contentUrl":"https:\/\/web.umons.ac.be\/app\/uploads\/sites\/31\/2016\/05\/JefWijsen.jpg","width":328,"height":327,"caption":"Le Prof. Jef Wijsen"},{"@type":"BreadcrumbList","@id":"https:\/\/web.umons.ac.be\/complexys\/fr\/2016\/05\/03\/un-prof-de-la-fac-des-sciences-laureat-dun-prix-recompensant-la-gestion-informatique-des-donnees\/#breadcrumb","itemListElement":[{"@type":"ListItem","position":1,"name":"Accueil","item":"https:\/\/web.umons.ac.be\/complexys\/fr\/"},{"@type":"ListItem","position":2,"name":"Un Prof de la Fac des Sciences, laur\u00e9at d&rsquo;un prix r\u00e9compensant la gestion informatique des donn\u00e9es"}]},{"@type":"WebSite","@id":"https:\/\/web.umons.ac.be\/complexys\/#website","url":"https:\/\/web.umons.ac.be\/complexys\/","name":"Institut \/ Complexys","description":"Un site utilisant Universit\u00e9 de Mons \u2013 UMONS","potentialAction":[{"@type":"SearchAction","target":{"@type":"EntryPoint","urlTemplate":"https:\/\/web.umons.ac.be\/complexys\/?s={search_term_string}"},"query-input":{"@type":"PropertyValueSpecification","valueRequired":true,"valueName":"search_term_string"}}],"inLanguage":"fr-FR"},{"@type":"Person","@id":"https:\/\/web.umons.ac.be\/complexys\/#\/schema\/person\/fe6f953d2fd33e92c6d457f8f86a305f","name":"UMONS Administration","image":{"@type":"ImageObject","inLanguage":"fr-FR","@id":"https:\/\/secure.gravatar.com\/avatar\/a2a4086b60c40f46aa897949adc459f31405f93c9f0702f0a82b68f226f30bdc?s=96&d=mm&r=g","url":"https:\/\/secure.gravatar.com\/avatar\/a2a4086b60c40f46aa897949adc459f31405f93c9f0702f0a82b68f226f30bdc?s=96&d=mm&r=g","contentUrl":"https:\/\/secure.gravatar.com\/avatar\/a2a4086b60c40f46aa897949adc459f31405f93c9f0702f0a82b68f226f30bdc?s=96&d=mm&r=g","caption":"UMONS Administration"},"url":"https:\/\/web.umons.ac.be\/complexys\/author\/umons\/"}]}},"lang":"fr","translations":{"fr":68},"pll_sync_post":[],"_links":{"self":[{"href":"https:\/\/web.umons.ac.be\/complexys\/wp-json\/wp\/v2\/posts\/68","targetHints":{"allow":["GET"]}}],"collection":[{"href":"https:\/\/web.umons.ac.be\/complexys\/wp-json\/wp\/v2\/posts"}],"about":[{"href":"https:\/\/web.umons.ac.be\/complexys\/wp-json\/wp\/v2\/types\/post"}],"author":[{"embeddable":true,"href":"https:\/\/web.umons.ac.be\/complexys\/wp-json\/wp\/v2\/users\/1"}],"replies":[{"embeddable":true,"href":"https:\/\/web.umons.ac.be\/complexys\/wp-json\/wp\/v2\/comments?post=68"}],"version-history":[{"count":1,"href":"https:\/\/web.umons.ac.be\/complexys\/wp-json\/wp\/v2\/posts\/68\/revisions"}],"predecessor-version":[{"id":215,"href":"https:\/\/web.umons.ac.be\/complexys\/wp-json\/wp\/v2\/posts\/68\/revisions\/215"}],"wp:featuredmedia":[{"embeddable":true,"href":"https:\/\/web.umons.ac.be\/complexys\/wp-json\/wp\/v2\/media\/70"}],"wp:attachment":[{"href":"https:\/\/web.umons.ac.be\/complexys\/wp-json\/wp\/v2\/media?parent=68"}],"wp:term":[{"taxonomy":"category","embeddable":true,"href":"https:\/\/web.umons.ac.be\/complexys\/wp-json\/wp\/v2\/categories?post=68"},{"taxonomy":"post_tag","embeddable":true,"href":"https:\/\/web.umons.ac.be\/complexys\/wp-json\/wp\/v2\/tags?post=68"}],"curies":[{"name":"wp","href":"https:\/\/api.w.org\/{rel}","templated":true}]}}