{"id":85,"date":"2023-09-20T18:37:50","date_gmt":"2023-09-20T16:37:50","guid":{"rendered":"https:\/\/web.umons.ac.be\/ellit\/?p=85"},"modified":"2023-09-20T18:37:50","modified_gmt":"2023-09-20T16:37:50","slug":"throwback-to-a-year-of-localisation-classes-in-the-ellit-department","status":"publish","type":"post","link":"https:\/\/web.umons.ac.be\/ellit\/en\/2023\/09\/20\/throwback-to-a-year-of-localisation-classes-in-the-ellit-department\/","title":{"rendered":"Throwback to a year of localisation classes in the ELLIT department"},"content":{"rendered":"<p>As part of the renewal of our Master&rsquo;s programs, localisation classes have been introduced in all FTI-EII language departments, and more specifically in the compulsory programme of the first year of Master&rsquo;s (fourth year of our translation curriculum).<\/p>\n<p>Our ELLIT department is, of course, no exception! Jesse Marion and Lo\u00efc de Faria Pires have put together a busy and varied program for this new class at the FTI-EII \ud83d\ude09. Over the course of the teaching sessions, our students had the opportunity to get acquainted with the theoretical foundations and translational constraints of localisation, to try their hand at linguistic adaptation of software and video games, and much more.<\/p>\n<p>With a view to familiarising our fourth-year students with the professional practice of localisation, we invited several speakers from the localisation industry to present their respective professional localisation practises (from their working language into French). The presentations by Pauline For\u00eat, localiser at Audible, and Jean-Manuel Roy (ULB), who localised the Final Fantasy XIII game into French, gave our students the chance to discover new professional horizons they may not have been aware of before.<\/p>\n<p>But that&rsquo;s not all! Apart from the weekly peregrinations of our students when localising contents and struggling with reformulation constraints, character limits and sometimes capricious client files, they were allowed, for their final work, to choose a piece of software or a video game to localise in groups. They were also required to get in touch with the translated document\u2019s developers to obtain their official permission. As a result, two groups of students were lucky and talented enough to have their production embedded into the game and becoming the official French-speaking localised version of the game on the Steam platform, no less!<\/p>\n<p>The\u00a0 students are Souheir al-Jammal, Maoua Baidouri, Louise Fontenelle and Yasmina Graindorge, who localised a game entitled \u00ab\u00a0Looking Up I See Only A Ceiling\u00a0\u00bb (<a href=\"https:\/\/store.steampowered.com\/app\/1742930\/Looking_Up_I_See_Only_A_Ceiling\/\">https:\/\/store.steampowered.com\/app\/1742930\/Looking_Up_I_See_Only_A_Ceiling\/<\/a>), and Cl\u00e9mentine Andr\u00e9, Laura Badalamenti, Morgane Bertieaux and Julia Rugbur, who localised a game entitled \u00ab\u00a0Lock(ed)\u00a0\u00bb (<a href=\"https:\/\/store.steampowered.com\/app\/2267810\/Locked\/\">https:\/\/store.steampowered.com\/app\/2267810\/Locked\/<\/a>). They were, of course, credited by the developers, both in the game and via social networks&#8230; Well done!<\/p>\n<p><img loading=\"lazy\" decoding=\"async\" class=\"alignnone wp-image-77 \" src=\"https:\/\/web.umons.ac.be\/app\/uploads\/sites\/198\/2023\/09\/Locked.png\" alt=\"\" width=\"713\" height=\"46\" srcset=\"https:\/\/web.umons.ac.be\/app\/uploads\/sites\/198\/2023\/09\/Locked.png 789w, https:\/\/web.umons.ac.be\/app\/uploads\/sites\/198\/2023\/09\/Locked-300x19.png 300w, https:\/\/web.umons.ac.be\/app\/uploads\/sites\/198\/2023\/09\/Locked-768x50.png 768w, https:\/\/web.umons.ac.be\/app\/uploads\/sites\/198\/2023\/09\/Locked-30x2.png 30w, https:\/\/web.umons.ac.be\/app\/uploads\/sites\/198\/2023\/09\/Locked-60x4.png 60w, https:\/\/web.umons.ac.be\/app\/uploads\/sites\/198\/2023\/09\/Locked-360x23.png 360w\" sizes=\"auto, (max-width: 713px) 100vw, 713px\" \/><\/p>\n<p><img loading=\"lazy\" decoding=\"async\" class=\"alignnone  wp-image-79\" src=\"https:\/\/web.umons.ac.be\/app\/uploads\/sites\/198\/2023\/09\/Looking-Up-I-Only-See-A-Ceiling.png\" alt=\"\" width=\"707\" height=\"166\" srcset=\"https:\/\/web.umons.ac.be\/app\/uploads\/sites\/198\/2023\/09\/Looking-Up-I-Only-See-A-Ceiling.png 1004w, https:\/\/web.umons.ac.be\/app\/uploads\/sites\/198\/2023\/09\/Looking-Up-I-Only-See-A-Ceiling-300x71.png 300w, https:\/\/web.umons.ac.be\/app\/uploads\/sites\/198\/2023\/09\/Looking-Up-I-Only-See-A-Ceiling-768x181.png 768w, https:\/\/web.umons.ac.be\/app\/uploads\/sites\/198\/2023\/09\/Looking-Up-I-Only-See-A-Ceiling-30x7.png 30w, https:\/\/web.umons.ac.be\/app\/uploads\/sites\/198\/2023\/09\/Looking-Up-I-Only-See-A-Ceiling-60x14.png 60w, https:\/\/web.umons.ac.be\/app\/uploads\/sites\/198\/2023\/09\/Looking-Up-I-Only-See-A-Ceiling-360x85.png 360w\" sizes=\"auto, (max-width: 707px) 100vw, 707px\" \/><\/p>\n<p>Localisation is off to a flying start at the FTI-EII, and contributes to modernising the courses taught in our Faculty, anchoring the Master&rsquo;s programs ever more firmly in the modern world and the evolution of professional practices.<\/p>\n","protected":false},"excerpt":{"rendered":"<p>As part of the renewal of our Master&rsquo;s programs, localisation classes have been introduced in all FTI-EII language departments, and more specifically in the compulsory programme of the first year of Master&rsquo;s (fourth year of our translation curriculum). Our ELLIT department is, of course, no exception! Jesse Marion and Lo\u00efc de Faria Pires have put [&hellip;]<\/p>\n","protected":false},"author":223,"featured_media":81,"comment_status":"open","ping_status":"open","sticky":false,"template":"","format":"standard","meta":{"footnotes":""},"categories":[19],"tags":[],"class_list":["post-85","post","type-post","status-publish","format-standard","has-post-thumbnail","hentry","category-teaching"],"yoast_head":"<!-- This site is optimized with the Yoast SEO plugin v27.2 - https:\/\/yoast.com\/product\/yoast-seo-wordpress\/ -->\n<title>Throwback to a year of localisation classes in the ELLIT department - Service \/ FTI-EII - \u00c9tudes anglaises\u202f: Litt\u00e9rature, langue, interpr\u00e9tation et traduction<\/title>\n<meta name=\"robots\" content=\"index, follow, max-snippet:-1, max-image-preview:large, max-video-preview:-1\" \/>\n<link rel=\"canonical\" href=\"https:\/\/web.umons.ac.be\/ellit\/en\/2023\/09\/20\/throwback-to-a-year-of-localisation-classes-in-the-ellit-department\/\" \/>\n<meta property=\"og:locale\" content=\"fr_FR\" \/>\n<meta property=\"og:type\" content=\"article\" \/>\n<meta property=\"og:title\" content=\"Throwback to a year of localisation classes in the ELLIT department - Service \/ FTI-EII - \u00c9tudes anglaises\u202f: Litt\u00e9rature, langue, interpr\u00e9tation et traduction\" \/>\n<meta property=\"og:description\" content=\"As part of the renewal of our Master&rsquo;s programs, localisation classes have been introduced in all FTI-EII language departments, and more specifically in the compulsory programme of the first year of Master&rsquo;s (fourth year of our translation curriculum). Our ELLIT department is, of course, no exception! Jesse Marion and Lo\u00efc de Faria Pires have put [&hellip;]\" \/>\n<meta property=\"og:url\" content=\"https:\/\/web.umons.ac.be\/ellit\/en\/2023\/09\/20\/throwback-to-a-year-of-localisation-classes-in-the-ellit-department\/\" \/>\n<meta property=\"og:site_name\" content=\"Service \/ FTI-EII - \u00c9tudes anglaises\u202f: Litt\u00e9rature, langue, interpr\u00e9tation et traduction\" \/>\n<meta property=\"article:published_time\" content=\"2023-09-20T16:37:50+00:00\" \/>\n<meta property=\"og:image\" content=\"https:\/\/web.umons.ac.be\/app\/uploads\/sites\/198\/2023\/09\/20230920_161605-scaled-e1695219523902.jpg\" \/>\n\t<meta property=\"og:image:width\" content=\"1849\" \/>\n\t<meta property=\"og:image:height\" content=\"2291\" \/>\n\t<meta property=\"og:image:type\" content=\"image\/jpeg\" \/>\n<meta name=\"author\" content=\"Lo\u00efc de Faria Pires\" \/>\n<meta name=\"twitter:card\" content=\"summary_large_image\" \/>\n<meta name=\"twitter:label1\" content=\"\u00c9crit par\" \/>\n\t<meta name=\"twitter:data1\" content=\"Lo\u00efc de Faria Pires\" \/>\n\t<meta name=\"twitter:label2\" content=\"Dur\u00e9e de lecture estim\u00e9e\" \/>\n\t<meta name=\"twitter:data2\" content=\"3 minutes\" \/>\n<script type=\"application\/ld+json\" class=\"yoast-schema-graph\">{\"@context\":\"https:\/\/schema.org\",\"@graph\":[{\"@type\":\"Article\",\"@id\":\"https:\/\/web.umons.ac.be\/ellit\/en\/2023\/09\/20\/throwback-to-a-year-of-localisation-classes-in-the-ellit-department\/#article\",\"isPartOf\":{\"@id\":\"https:\/\/web.umons.ac.be\/ellit\/en\/2023\/09\/20\/throwback-to-a-year-of-localisation-classes-in-the-ellit-department\/\"},\"author\":{\"name\":\"Lo\u00efc de Faria Pires\",\"@id\":\"https:\/\/web.umons.ac.be\/ellit\/#\/schema\/person\/a69ece4c26abce81cd6af7dd98462b05\"},\"headline\":\"Throwback to a year of localisation classes in the ELLIT department\",\"datePublished\":\"2023-09-20T16:37:50+00:00\",\"mainEntityOfPage\":{\"@id\":\"https:\/\/web.umons.ac.be\/ellit\/en\/2023\/09\/20\/throwback-to-a-year-of-localisation-classes-in-the-ellit-department\/\"},\"wordCount\":417,\"commentCount\":0,\"image\":{\"@id\":\"https:\/\/web.umons.ac.be\/ellit\/en\/2023\/09\/20\/throwback-to-a-year-of-localisation-classes-in-the-ellit-department\/#primaryimage\"},\"thumbnailUrl\":\"https:\/\/web.umons.ac.be\/app\/uploads\/sites\/198\/2023\/09\/20230920_161605-scaled-e1695219523902.jpg\",\"articleSection\":[\"Teaching\"],\"inLanguage\":\"fr-FR\",\"potentialAction\":[{\"@type\":\"CommentAction\",\"name\":\"Comment\",\"target\":[\"https:\/\/web.umons.ac.be\/ellit\/en\/2023\/09\/20\/throwback-to-a-year-of-localisation-classes-in-the-ellit-department\/#respond\"]}]},{\"@type\":\"WebPage\",\"@id\":\"https:\/\/web.umons.ac.be\/ellit\/en\/2023\/09\/20\/throwback-to-a-year-of-localisation-classes-in-the-ellit-department\/\",\"url\":\"https:\/\/web.umons.ac.be\/ellit\/en\/2023\/09\/20\/throwback-to-a-year-of-localisation-classes-in-the-ellit-department\/\",\"name\":\"Throwback to a year of localisation classes in the ELLIT department - Service \/ FTI-EII - \u00c9tudes anglaises\u202f: Litt\u00e9rature, langue, interpr\u00e9tation et traduction\",\"isPartOf\":{\"@id\":\"https:\/\/web.umons.ac.be\/ellit\/#website\"},\"primaryImageOfPage\":{\"@id\":\"https:\/\/web.umons.ac.be\/ellit\/en\/2023\/09\/20\/throwback-to-a-year-of-localisation-classes-in-the-ellit-department\/#primaryimage\"},\"image\":{\"@id\":\"https:\/\/web.umons.ac.be\/ellit\/en\/2023\/09\/20\/throwback-to-a-year-of-localisation-classes-in-the-ellit-department\/#primaryimage\"},\"thumbnailUrl\":\"https:\/\/web.umons.ac.be\/app\/uploads\/sites\/198\/2023\/09\/20230920_161605-scaled-e1695219523902.jpg\",\"datePublished\":\"2023-09-20T16:37:50+00:00\",\"author\":{\"@id\":\"https:\/\/web.umons.ac.be\/ellit\/#\/schema\/person\/a69ece4c26abce81cd6af7dd98462b05\"},\"breadcrumb\":{\"@id\":\"https:\/\/web.umons.ac.be\/ellit\/en\/2023\/09\/20\/throwback-to-a-year-of-localisation-classes-in-the-ellit-department\/#breadcrumb\"},\"inLanguage\":\"fr-FR\",\"potentialAction\":[{\"@type\":\"ReadAction\",\"target\":[\"https:\/\/web.umons.ac.be\/ellit\/en\/2023\/09\/20\/throwback-to-a-year-of-localisation-classes-in-the-ellit-department\/\"]}]},{\"@type\":\"ImageObject\",\"inLanguage\":\"fr-FR\",\"@id\":\"https:\/\/web.umons.ac.be\/ellit\/en\/2023\/09\/20\/throwback-to-a-year-of-localisation-classes-in-the-ellit-department\/#primaryimage\",\"url\":\"https:\/\/web.umons.ac.be\/app\/uploads\/sites\/198\/2023\/09\/20230920_161605-scaled-e1695219523902.jpg\",\"contentUrl\":\"https:\/\/web.umons.ac.be\/app\/uploads\/sites\/198\/2023\/09\/20230920_161605-scaled-e1695219523902.jpg\",\"width\":1849,\"height\":2291},{\"@type\":\"BreadcrumbList\",\"@id\":\"https:\/\/web.umons.ac.be\/ellit\/en\/2023\/09\/20\/throwback-to-a-year-of-localisation-classes-in-the-ellit-department\/#breadcrumb\",\"itemListElement\":[{\"@type\":\"ListItem\",\"position\":1,\"name\":\"Accueil\",\"item\":\"https:\/\/web.umons.ac.be\/ellit\/fr\/\"},{\"@type\":\"ListItem\",\"position\":2,\"name\":\"Throwback to a year of localisation classes in the ELLIT department\"}]},{\"@type\":\"WebSite\",\"@id\":\"https:\/\/web.umons.ac.be\/ellit\/#website\",\"url\":\"https:\/\/web.umons.ac.be\/ellit\/\",\"name\":\"Service \/ FTI-EII - \u00c9tudes anglaises\u202f: Litt\u00e9rature, langue, interpr\u00e9tation et traduction\",\"description\":\"\",\"potentialAction\":[{\"@type\":\"SearchAction\",\"target\":{\"@type\":\"EntryPoint\",\"urlTemplate\":\"https:\/\/web.umons.ac.be\/ellit\/?s={search_term_string}\"},\"query-input\":{\"@type\":\"PropertyValueSpecification\",\"valueRequired\":true,\"valueName\":\"search_term_string\"}}],\"inLanguage\":\"fr-FR\"},{\"@type\":\"Person\",\"@id\":\"https:\/\/web.umons.ac.be\/ellit\/#\/schema\/person\/a69ece4c26abce81cd6af7dd98462b05\",\"name\":\"Lo\u00efc de Faria Pires\",\"image\":{\"@type\":\"ImageObject\",\"inLanguage\":\"fr-FR\",\"@id\":\"https:\/\/secure.gravatar.com\/avatar\/cc0523a4b2690f17bd028847e31edae16411f297176bf2dba5615fcbcf6ef713?s=96&d=mm&r=g\",\"url\":\"https:\/\/secure.gravatar.com\/avatar\/cc0523a4b2690f17bd028847e31edae16411f297176bf2dba5615fcbcf6ef713?s=96&d=mm&r=g\",\"contentUrl\":\"https:\/\/secure.gravatar.com\/avatar\/cc0523a4b2690f17bd028847e31edae16411f297176bf2dba5615fcbcf6ef713?s=96&d=mm&r=g\",\"caption\":\"Lo\u00efc de Faria Pires\"},\"url\":\"https:\/\/web.umons.ac.be\/ellit\/author\/ldefariapires\/\"}]}<\/script>\n<!-- \/ Yoast SEO plugin. -->","yoast_head_json":{"title":"Throwback to a year of localisation classes in the ELLIT department - Service \/ FTI-EII - \u00c9tudes anglaises\u202f: Litt\u00e9rature, langue, interpr\u00e9tation et traduction","robots":{"index":"index","follow":"follow","max-snippet":"max-snippet:-1","max-image-preview":"max-image-preview:large","max-video-preview":"max-video-preview:-1"},"canonical":"https:\/\/web.umons.ac.be\/ellit\/en\/2023\/09\/20\/throwback-to-a-year-of-localisation-classes-in-the-ellit-department\/","og_locale":"fr_FR","og_type":"article","og_title":"Throwback to a year of localisation classes in the ELLIT department - Service \/ FTI-EII - \u00c9tudes anglaises\u202f: Litt\u00e9rature, langue, interpr\u00e9tation et traduction","og_description":"As part of the renewal of our Master&rsquo;s programs, localisation classes have been introduced in all FTI-EII language departments, and more specifically in the compulsory programme of the first year of Master&rsquo;s (fourth year of our translation curriculum). Our ELLIT department is, of course, no exception! Jesse Marion and Lo\u00efc de Faria Pires have put [&hellip;]","og_url":"https:\/\/web.umons.ac.be\/ellit\/en\/2023\/09\/20\/throwback-to-a-year-of-localisation-classes-in-the-ellit-department\/","og_site_name":"Service \/ FTI-EII - \u00c9tudes anglaises\u202f: Litt\u00e9rature, langue, interpr\u00e9tation et traduction","article_published_time":"2023-09-20T16:37:50+00:00","og_image":[{"width":1849,"height":2291,"url":"https:\/\/web.umons.ac.be\/app\/uploads\/sites\/198\/2023\/09\/20230920_161605-scaled-e1695219523902.jpg","type":"image\/jpeg"}],"author":"Lo\u00efc de Faria Pires","twitter_card":"summary_large_image","twitter_misc":{"\u00c9crit par":"Lo\u00efc de Faria Pires","Dur\u00e9e de lecture estim\u00e9e":"3 minutes"},"schema":{"@context":"https:\/\/schema.org","@graph":[{"@type":"Article","@id":"https:\/\/web.umons.ac.be\/ellit\/en\/2023\/09\/20\/throwback-to-a-year-of-localisation-classes-in-the-ellit-department\/#article","isPartOf":{"@id":"https:\/\/web.umons.ac.be\/ellit\/en\/2023\/09\/20\/throwback-to-a-year-of-localisation-classes-in-the-ellit-department\/"},"author":{"name":"Lo\u00efc de Faria Pires","@id":"https:\/\/web.umons.ac.be\/ellit\/#\/schema\/person\/a69ece4c26abce81cd6af7dd98462b05"},"headline":"Throwback to a year of localisation classes in the ELLIT department","datePublished":"2023-09-20T16:37:50+00:00","mainEntityOfPage":{"@id":"https:\/\/web.umons.ac.be\/ellit\/en\/2023\/09\/20\/throwback-to-a-year-of-localisation-classes-in-the-ellit-department\/"},"wordCount":417,"commentCount":0,"image":{"@id":"https:\/\/web.umons.ac.be\/ellit\/en\/2023\/09\/20\/throwback-to-a-year-of-localisation-classes-in-the-ellit-department\/#primaryimage"},"thumbnailUrl":"https:\/\/web.umons.ac.be\/app\/uploads\/sites\/198\/2023\/09\/20230920_161605-scaled-e1695219523902.jpg","articleSection":["Teaching"],"inLanguage":"fr-FR","potentialAction":[{"@type":"CommentAction","name":"Comment","target":["https:\/\/web.umons.ac.be\/ellit\/en\/2023\/09\/20\/throwback-to-a-year-of-localisation-classes-in-the-ellit-department\/#respond"]}]},{"@type":"WebPage","@id":"https:\/\/web.umons.ac.be\/ellit\/en\/2023\/09\/20\/throwback-to-a-year-of-localisation-classes-in-the-ellit-department\/","url":"https:\/\/web.umons.ac.be\/ellit\/en\/2023\/09\/20\/throwback-to-a-year-of-localisation-classes-in-the-ellit-department\/","name":"Throwback to a year of localisation classes in the ELLIT department - Service \/ FTI-EII - \u00c9tudes anglaises\u202f: Litt\u00e9rature, langue, interpr\u00e9tation et traduction","isPartOf":{"@id":"https:\/\/web.umons.ac.be\/ellit\/#website"},"primaryImageOfPage":{"@id":"https:\/\/web.umons.ac.be\/ellit\/en\/2023\/09\/20\/throwback-to-a-year-of-localisation-classes-in-the-ellit-department\/#primaryimage"},"image":{"@id":"https:\/\/web.umons.ac.be\/ellit\/en\/2023\/09\/20\/throwback-to-a-year-of-localisation-classes-in-the-ellit-department\/#primaryimage"},"thumbnailUrl":"https:\/\/web.umons.ac.be\/app\/uploads\/sites\/198\/2023\/09\/20230920_161605-scaled-e1695219523902.jpg","datePublished":"2023-09-20T16:37:50+00:00","author":{"@id":"https:\/\/web.umons.ac.be\/ellit\/#\/schema\/person\/a69ece4c26abce81cd6af7dd98462b05"},"breadcrumb":{"@id":"https:\/\/web.umons.ac.be\/ellit\/en\/2023\/09\/20\/throwback-to-a-year-of-localisation-classes-in-the-ellit-department\/#breadcrumb"},"inLanguage":"fr-FR","potentialAction":[{"@type":"ReadAction","target":["https:\/\/web.umons.ac.be\/ellit\/en\/2023\/09\/20\/throwback-to-a-year-of-localisation-classes-in-the-ellit-department\/"]}]},{"@type":"ImageObject","inLanguage":"fr-FR","@id":"https:\/\/web.umons.ac.be\/ellit\/en\/2023\/09\/20\/throwback-to-a-year-of-localisation-classes-in-the-ellit-department\/#primaryimage","url":"https:\/\/web.umons.ac.be\/app\/uploads\/sites\/198\/2023\/09\/20230920_161605-scaled-e1695219523902.jpg","contentUrl":"https:\/\/web.umons.ac.be\/app\/uploads\/sites\/198\/2023\/09\/20230920_161605-scaled-e1695219523902.jpg","width":1849,"height":2291},{"@type":"BreadcrumbList","@id":"https:\/\/web.umons.ac.be\/ellit\/en\/2023\/09\/20\/throwback-to-a-year-of-localisation-classes-in-the-ellit-department\/#breadcrumb","itemListElement":[{"@type":"ListItem","position":1,"name":"Accueil","item":"https:\/\/web.umons.ac.be\/ellit\/fr\/"},{"@type":"ListItem","position":2,"name":"Throwback to a year of localisation classes in the ELLIT department"}]},{"@type":"WebSite","@id":"https:\/\/web.umons.ac.be\/ellit\/#website","url":"https:\/\/web.umons.ac.be\/ellit\/","name":"Service \/ FTI-EII - \u00c9tudes anglaises\u202f: Litt\u00e9rature, langue, interpr\u00e9tation et traduction","description":"","potentialAction":[{"@type":"SearchAction","target":{"@type":"EntryPoint","urlTemplate":"https:\/\/web.umons.ac.be\/ellit\/?s={search_term_string}"},"query-input":{"@type":"PropertyValueSpecification","valueRequired":true,"valueName":"search_term_string"}}],"inLanguage":"fr-FR"},{"@type":"Person","@id":"https:\/\/web.umons.ac.be\/ellit\/#\/schema\/person\/a69ece4c26abce81cd6af7dd98462b05","name":"Lo\u00efc de Faria Pires","image":{"@type":"ImageObject","inLanguage":"fr-FR","@id":"https:\/\/secure.gravatar.com\/avatar\/cc0523a4b2690f17bd028847e31edae16411f297176bf2dba5615fcbcf6ef713?s=96&d=mm&r=g","url":"https:\/\/secure.gravatar.com\/avatar\/cc0523a4b2690f17bd028847e31edae16411f297176bf2dba5615fcbcf6ef713?s=96&d=mm&r=g","contentUrl":"https:\/\/secure.gravatar.com\/avatar\/cc0523a4b2690f17bd028847e31edae16411f297176bf2dba5615fcbcf6ef713?s=96&d=mm&r=g","caption":"Lo\u00efc de Faria Pires"},"url":"https:\/\/web.umons.ac.be\/ellit\/author\/ldefariapires\/"}]}},"lang":"en","translations":{"en":85,"fr":75},"pll_sync_post":[],"_links":{"self":[{"href":"https:\/\/web.umons.ac.be\/ellit\/wp-json\/wp\/v2\/posts\/85","targetHints":{"allow":["GET"]}}],"collection":[{"href":"https:\/\/web.umons.ac.be\/ellit\/wp-json\/wp\/v2\/posts"}],"about":[{"href":"https:\/\/web.umons.ac.be\/ellit\/wp-json\/wp\/v2\/types\/post"}],"author":[{"embeddable":true,"href":"https:\/\/web.umons.ac.be\/ellit\/wp-json\/wp\/v2\/users\/223"}],"replies":[{"embeddable":true,"href":"https:\/\/web.umons.ac.be\/ellit\/wp-json\/wp\/v2\/comments?post=85"}],"version-history":[{"count":2,"href":"https:\/\/web.umons.ac.be\/ellit\/wp-json\/wp\/v2\/posts\/85\/revisions"}],"predecessor-version":[{"id":87,"href":"https:\/\/web.umons.ac.be\/ellit\/wp-json\/wp\/v2\/posts\/85\/revisions\/87"}],"wp:featuredmedia":[{"embeddable":true,"href":"https:\/\/web.umons.ac.be\/ellit\/wp-json\/wp\/v2\/media\/81"}],"wp:attachment":[{"href":"https:\/\/web.umons.ac.be\/ellit\/wp-json\/wp\/v2\/media?parent=85"}],"wp:term":[{"taxonomy":"category","embeddable":true,"href":"https:\/\/web.umons.ac.be\/ellit\/wp-json\/wp\/v2\/categories?post=85"},{"taxonomy":"post_tag","embeddable":true,"href":"https:\/\/web.umons.ac.be\/ellit\/wp-json\/wp\/v2\/tags?post=85"}],"curies":[{"name":"wp","href":"https:\/\/api.w.org\/{rel}","templated":true}]}}