{"id":1001,"date":"2022-12-12T17:04:02","date_gmt":"2022-12-12T16:04:02","guid":{"rendered":"https:\/\/web.umons.ac.be\/eshs\/?p=1001"},"modified":"2022-12-12T17:04:02","modified_gmt":"2022-12-12T16:04:02","slug":"des-journalistes-exiles-ont-temoigne-aupres-des-etudiant-e-s-de-leshs","status":"publish","type":"post","link":"https:\/\/web.umons.ac.be\/eshs\/fr\/des-journalistes-exiles-ont-temoigne-aupres-des-etudiant-e-s-de-leshs\/","title":{"rendered":"Des journalistes exil\u00e9s ont t\u00e9moign\u00e9 aupr\u00e8s des \u00e9tudiant.e.s de l\u2019ESHS"},"content":{"rendered":"<p>Jos\u00e9phine-Jones, Emmanuel et Fatimetou viennent de loin. Et pourtant, ces trois journalistes sont l\u00e0, devant les \u00e9tudiant.e.s de 2\u00e8me ann\u00e9e en option information \u2013 communication et de 3\u00e8me ann\u00e9e de Bachelier en Sciences Humaines et Sociales. L\u2019auditoire, presque plein, s\u2019appr\u00eate \u00e0 \u00e9couter les r\u00e9cits de vie de ces femmes et de cet homme qui ont tout quitt\u00e9 en raison des menaces qui pesaient sur eux dans leur pays. Le Burundi pour Jos\u00e9phine-Jones Nkunzimana, le Cameroun pour Emmanuel Nlend-Nlend et la Mauritanie pour Fatimetou Sow. Ce qui les r\u00e9unit, c\u2019est l\u2019exil, la fuite, l\u2019exercice du journalisme menac\u00e9 et des vies boulevers\u00e9es. Mais c\u2019est aussi l\u2019association <a href=\"https:\/\/www.engaje.be\/\">En-GAJE<\/a> (Ensemble Groupe d\u2019Aide aux Journalistes Exil\u00e9s asbl), structure d\u2019accueil, de rencontres et de reconnaissances pour les travailleurs et travailleuses des m\u00e9dias \u00e9trangers r\u00e9fugi\u00e9s en Belgique du fait de leur profession.<\/p>\n<p>Pour donner \u00e0 voir leur r\u00e9alit\u00e9, Julien Cr\u00e8te, journaliste montois et vice-pr\u00e9sident du <a href=\"http:\/\/pressclubmons.be\/wordpress\/\">Club de la presse Hainaut-Mons<\/a>, a anim\u00e9 la rencontre-discussion. Aux \u00e9tudiant.e.s, il annonce :<\/p>\n<blockquote><p><em>des personnes extraordinaires vont nous partager une partie de leur r\u00e9alit\u00e9 ici, de leur vie, l\u00e0-bas et nous dire ce qu\u2019\u00e9tait d\u2019\u00eatre journaliste ailleurs.<\/em><\/p><\/blockquote>\n<h1><strong>Le prix de la libert\u00e9 d\u2019informer <\/strong><\/h1>\n<p>Jos\u00e9phine-Jones, Emmanuel et Fatimetou, dans leur pays, tentaient d\u2019exercer leur m\u00e9tier de journaliste malgr\u00e9 les pressions et les menaces dont ils faisaient l\u2019objet. Tous les trois, dans leur pratique, avaient pour habitude de d\u00e9noncer des situations : politiques pour les uns, humaines pour d\u2019autres comme les mariages forc\u00e9s ou l\u2019esclavage.<\/p>\n<blockquote><p><em>Ma grande gueule n\u2019a pas plu aux dirigeants, confie Emmanuel.<\/em><\/p><\/blockquote>\n<p>Jos\u00e9phine, quant \u00e0 elle, ajoute :<\/p>\n<blockquote><p><em>J\u2019ai commenc\u00e9 \u00e0 avoir des menaces parce que je continuais \u00e0 d\u00e9noncer. Il fallait que je me taise, il fallait que je n\u2019\u00e9crive plus rien. Ils m\u2019ont juste donn\u00e9 ma lettre qui disait \u00e0 partir d\u2019aujourd\u2019hui, tu ne travailles plus pour nous.<\/em><\/p><\/blockquote>\n<p>En effet, r\u00e9colter des informations, les recouper, les v\u00e9rifier ne se fait pas partout avec la m\u00eame la libert\u00e9 et certains en payent le prix, comme Fatimetou l\u2019explique :<\/p>\n<blockquote><p><em>J\u2019ai \u00e9t\u00e9 arr\u00eat\u00e9e par la police mauritanienne, j\u2019ai \u00e9t\u00e9 au cachot. J\u2019ai \u00e9t\u00e9 en garde \u00e0 vue et le lendemain, on m\u2019a demand\u00e9 de quitter le pays.<\/em><\/p><\/blockquote>\n<p><em> Pourtant, Jos\u00e9phine-Jones, Emmanuel et Fatimetou restent<\/em> habit\u00e9s par la passion du journalisme, Emmanuel parle m\u00eame <em>d\u2019amour pour le journalisme<\/em>, et de cette conviction et de cette envie de d\u00e9noncer qui les a men\u00e9s \u00e0 l\u2019exil. <em>\u201cQuand on me demande comment j\u2019ai pu survivre, je me pose aussi la question parce que c\u2019\u00e9tait tr\u00e8s difficile\u201d <\/em>confie-t-il.<\/p>\n<p>In\u00e9vitablement, les trois journalistes ont partag\u00e9 avec les \u00e9tudiant.e.s venu.e.s les \u00e9couter, leur vie priv\u00e9e, ont ouvert les coulisses de leurs histoires levant le voile sur les enfants rest\u00e9s au pays, sur les familles plus vues depuis plusieurs ann\u00e9es, sur la crainte aussi parfois qu\u2019il leur arrive aussi quelque chose ici ou sur les marques de torture qui restent sur les corps.<\/p>\n<h1><strong>En-GAJE : le d\u00e9nominateur commun <\/strong><\/h1>\n<p>Jos\u00e9phine-Jones, Emmanuel et Fatimetou ont plus d\u2019un point commun. Le journalisme, la d\u00e9fense de la libert\u00e9 d\u2019expression et l\u2019exil, mais aussi l\u2019association En-GAJE. Cr\u00e9\u00e9e en 2018 \u00e0 Bruxelles par quelques journalistes et repr\u00e9sentants d\u2019institutions (FIJ, CIRE, ULB, LDH, HCR, AJP, VVJ, FEJ), En-GAJE vient en aide aux journalistes qui n\u2019ont pas eu d\u2019autre choix que de quitter leur pays en raison des menaces qui pesaient sur eux et de la torture et de la maltraitance dont ils ont \u00e9t\u00e9 victimes : plus de septante. L\u2019association d\u00e9finit son objet social comme <em>l\u2019aide aux travailleurs des m\u00e9dias en exil et le soutien \u00e0 la libert\u00e9 d\u2019informer<\/em>. C\u2019est ainsi qu\u2019elle souhaite cr\u00e9er du lien entre journalistes, mais tente aussi de les mettre en relation avec des m\u00e9dias belges. Et pour que les voix de ces journalistes puissent toujours se faire entendre, un web m\u00e9dia collaboratif a vu le jour en mars 2022.<\/p>\n<p>Des journalistes exil\u00e9s alimentent <em>Latitudes <\/em>tout comme des \u00e9tudiant.e.s de l\u2019ULB et de la VUB sur des questions telles que les droits humains, la libert\u00e9 d\u2019informer ou toute th\u00e9matique en lien avec la question m\u00e9diatique. Plus de 70 travailleurs des m\u00e9dias sont pass\u00e9s par En-GAJE depuis sa cr\u00e9ation.<\/p>\n<p>Cet engagement humain et ce soutien aux travailleurs des m\u00e9dias ont d\u2019ailleurs \u00e9t\u00e9 r\u00e9compens\u00e9s puisque l\u2019association a re\u00e7u en mars 2022 le Prix pour la D\u00e9mocratie et les Droits de l\u2019Homme, du Parlement de la F\u00e9d\u00e9ration Wallonie-Bruxelles.<\/p>\n<h1><strong>Une exp\u00e9rience p\u00e9dagogique <\/strong><\/h1>\n<p>Les \u00e9tudiant.e.s de l\u2019ESHS qui ont pris part \u00e0 cette rencontre-discussion ont donc avant tout v\u00e9cu une v\u00e9ritable exp\u00e9rience humaine mais aussi p\u00e9dagogique. C\u2019est en effet dans le cadre des cours dispens\u00e9s par Manon Libert, professeure en information et communication et Pr\u00e9sidente de l\u2019ESHS, que cette organisation a vu le jour. A travers des cours tels qu\u2019<em>Analyse critique des m\u00e9dias, les \u00e9tudiant.e.s de 3\u00e8me ann\u00e9e sont invit\u00e9.e.s <\/em>\u00e0 porter un regard critique sur le monde m\u00e9diatique et \u00e0 en d\u00e9couvrir ses r\u00e9alit\u00e9s parfois pas si faciles \u00e0 d\u00e9crypter. Quant aux \u00e9tudiant.e.s de 2\u00e8me, c\u2019est en r\u00e9alisant leur premier reportage sur ce vernissage et cette rencontre-discussion, qu\u2019ils.elles ont pu s\u2019essayer \u00e0 la pratique du journalisme.<\/p>\n<p>L\u2019exposition aura \u00e9t\u00e9 visible durant trois semaines au sein du b\u00e2timent Rosa Parks, \u00e0 l\u2019\u00e9tage de l\u2019Ecole des Sciences Humaines et Sociales. L\u2019occasion pour \u00e9tudiants, enseignants, visiteurs occasionnels ou membres du personnel, de la d\u00e9couvrir.<\/p>\n<div id='gallery-1' class='gallery galleryid-1001 gallery-columns-3 gallery-size-medium'><figure class='gallery-item'>\n\t\t\t<div class='gallery-icon landscape'>\n\t\t\t\t<a href='https:\/\/web.umons.ac.be\/eshs\/fr\/des-journalistes-exiles-ont-temoigne-aupres-des-etudiant-e-s-de-leshs\/dsc_9657\/'><img loading=\"lazy\" decoding=\"async\" width=\"300\" height=\"191\" src=\"https:\/\/web.umons.ac.be\/app\/uploads\/sites\/8\/2022\/12\/DSC_9657-300x191.jpg\" class=\"attachment-medium size-medium\" alt=\"\" srcset=\"https:\/\/web.umons.ac.be\/app\/uploads\/sites\/8\/2022\/12\/DSC_9657-300x191.jpg 300w, https:\/\/web.umons.ac.be\/app\/uploads\/sites\/8\/2022\/12\/DSC_9657-1024x653.jpg 1024w, https:\/\/web.umons.ac.be\/app\/uploads\/sites\/8\/2022\/12\/DSC_9657-768x490.jpg 768w, https:\/\/web.umons.ac.be\/app\/uploads\/sites\/8\/2022\/12\/DSC_9657-1536x980.jpg 1536w, https:\/\/web.umons.ac.be\/app\/uploads\/sites\/8\/2022\/12\/DSC_9657-2048x1307.jpg 2048w, https:\/\/web.umons.ac.be\/app\/uploads\/sites\/8\/2022\/12\/DSC_9657-1034x660.jpg 1034w, https:\/\/web.umons.ac.be\/app\/uploads\/sites\/8\/2022\/12\/DSC_9657-30x19.jpg 30w, https:\/\/web.umons.ac.be\/app\/uploads\/sites\/8\/2022\/12\/DSC_9657-60x38.jpg 60w, https:\/\/web.umons.ac.be\/app\/uploads\/sites\/8\/2022\/12\/DSC_9657-360x230.jpg 360w\" sizes=\"auto, (max-width: 300px) 100vw, 300px\" \/><\/a>\n\t\t\t<\/div><\/figure><figure class='gallery-item'>\n\t\t\t<div class='gallery-icon landscape'>\n\t\t\t\t<a href='https:\/\/web.umons.ac.be\/eshs\/fr\/des-journalistes-exiles-ont-temoigne-aupres-des-etudiant-e-s-de-leshs\/dsc_9669\/'><img loading=\"lazy\" decoding=\"async\" width=\"300\" height=\"200\" src=\"https:\/\/web.umons.ac.be\/app\/uploads\/sites\/8\/2022\/12\/DSC_9669-300x200.jpg\" class=\"attachment-medium size-medium\" alt=\"\" srcset=\"https:\/\/web.umons.ac.be\/app\/uploads\/sites\/8\/2022\/12\/DSC_9669-300x200.jpg 300w, https:\/\/web.umons.ac.be\/app\/uploads\/sites\/8\/2022\/12\/DSC_9669-1024x683.jpg 1024w, https:\/\/web.umons.ac.be\/app\/uploads\/sites\/8\/2022\/12\/DSC_9669-768x512.jpg 768w, https:\/\/web.umons.ac.be\/app\/uploads\/sites\/8\/2022\/12\/DSC_9669-1536x1024.jpg 1536w, https:\/\/web.umons.ac.be\/app\/uploads\/sites\/8\/2022\/12\/DSC_9669-2048x1365.jpg 2048w, https:\/\/web.umons.ac.be\/app\/uploads\/sites\/8\/2022\/12\/DSC_9669-990x660.jpg 990w, https:\/\/web.umons.ac.be\/app\/uploads\/sites\/8\/2022\/12\/DSC_9669-30x20.jpg 30w, https:\/\/web.umons.ac.be\/app\/uploads\/sites\/8\/2022\/12\/DSC_9669-60x40.jpg 60w, https:\/\/web.umons.ac.be\/app\/uploads\/sites\/8\/2022\/12\/DSC_9669-360x240.jpg 360w\" sizes=\"auto, (max-width: 300px) 100vw, 300px\" \/><\/a>\n\t\t\t<\/div><\/figure><figure class='gallery-item'>\n\t\t\t<div class='gallery-icon landscape'>\n\t\t\t\t<a href='https:\/\/web.umons.ac.be\/eshs\/fr\/des-journalistes-exiles-ont-temoigne-aupres-des-etudiant-e-s-de-leshs\/dsc_9692\/'><img loading=\"lazy\" decoding=\"async\" width=\"300\" height=\"200\" src=\"https:\/\/web.umons.ac.be\/app\/uploads\/sites\/8\/2022\/12\/DSC_9692-300x200.jpg\" class=\"attachment-medium size-medium\" alt=\"\" srcset=\"https:\/\/web.umons.ac.be\/app\/uploads\/sites\/8\/2022\/12\/DSC_9692-300x200.jpg 300w, https:\/\/web.umons.ac.be\/app\/uploads\/sites\/8\/2022\/12\/DSC_9692-1024x683.jpg 1024w, https:\/\/web.umons.ac.be\/app\/uploads\/sites\/8\/2022\/12\/DSC_9692-768x512.jpg 768w, https:\/\/web.umons.ac.be\/app\/uploads\/sites\/8\/2022\/12\/DSC_9692-1536x1024.jpg 1536w, https:\/\/web.umons.ac.be\/app\/uploads\/sites\/8\/2022\/12\/DSC_9692-2048x1365.jpg 2048w, https:\/\/web.umons.ac.be\/app\/uploads\/sites\/8\/2022\/12\/DSC_9692-990x660.jpg 990w, https:\/\/web.umons.ac.be\/app\/uploads\/sites\/8\/2022\/12\/DSC_9692-30x20.jpg 30w, https:\/\/web.umons.ac.be\/app\/uploads\/sites\/8\/2022\/12\/DSC_9692-60x40.jpg 60w, https:\/\/web.umons.ac.be\/app\/uploads\/sites\/8\/2022\/12\/DSC_9692-360x240.jpg 360w\" sizes=\"auto, (max-width: 300px) 100vw, 300px\" \/><\/a>\n\t\t\t<\/div><\/figure><figure class='gallery-item'>\n\t\t\t<div class='gallery-icon landscape'>\n\t\t\t\t<a href='https:\/\/web.umons.ac.be\/eshs\/fr\/des-journalistes-exiles-ont-temoigne-aupres-des-etudiant-e-s-de-leshs\/dsc_9655\/'><img loading=\"lazy\" decoding=\"async\" width=\"300\" height=\"189\" src=\"https:\/\/web.umons.ac.be\/app\/uploads\/sites\/8\/2022\/12\/DSC_9655-300x189.jpg\" class=\"attachment-medium size-medium\" alt=\"\" srcset=\"https:\/\/web.umons.ac.be\/app\/uploads\/sites\/8\/2022\/12\/DSC_9655-300x189.jpg 300w, https:\/\/web.umons.ac.be\/app\/uploads\/sites\/8\/2022\/12\/DSC_9655-1024x645.jpg 1024w, https:\/\/web.umons.ac.be\/app\/uploads\/sites\/8\/2022\/12\/DSC_9655-768x484.jpg 768w, https:\/\/web.umons.ac.be\/app\/uploads\/sites\/8\/2022\/12\/DSC_9655-1536x967.jpg 1536w, https:\/\/web.umons.ac.be\/app\/uploads\/sites\/8\/2022\/12\/DSC_9655-2048x1290.jpg 2048w, https:\/\/web.umons.ac.be\/app\/uploads\/sites\/8\/2022\/12\/DSC_9655-1048x660.jpg 1048w, https:\/\/web.umons.ac.be\/app\/uploads\/sites\/8\/2022\/12\/DSC_9655-30x19.jpg 30w, https:\/\/web.umons.ac.be\/app\/uploads\/sites\/8\/2022\/12\/DSC_9655-60x38.jpg 60w, https:\/\/web.umons.ac.be\/app\/uploads\/sites\/8\/2022\/12\/DSC_9655-360x227.jpg 360w\" sizes=\"auto, (max-width: 300px) 100vw, 300px\" \/><\/a>\n\t\t\t<\/div><\/figure><figure class='gallery-item'>\n\t\t\t<div class='gallery-icon landscape'>\n\t\t\t\t<a href='https:\/\/web.umons.ac.be\/eshs\/fr\/des-journalistes-exiles-ont-temoigne-aupres-des-etudiant-e-s-de-leshs\/dsc_9741\/'><img loading=\"lazy\" decoding=\"async\" width=\"300\" height=\"200\" src=\"https:\/\/web.umons.ac.be\/app\/uploads\/sites\/8\/2022\/12\/DSC_9741-300x200.jpg\" class=\"attachment-medium size-medium\" alt=\"\" srcset=\"https:\/\/web.umons.ac.be\/app\/uploads\/sites\/8\/2022\/12\/DSC_9741-300x200.jpg 300w, https:\/\/web.umons.ac.be\/app\/uploads\/sites\/8\/2022\/12\/DSC_9741-1024x683.jpg 1024w, https:\/\/web.umons.ac.be\/app\/uploads\/sites\/8\/2022\/12\/DSC_9741-768x512.jpg 768w, https:\/\/web.umons.ac.be\/app\/uploads\/sites\/8\/2022\/12\/DSC_9741-1536x1024.jpg 1536w, https:\/\/web.umons.ac.be\/app\/uploads\/sites\/8\/2022\/12\/DSC_9741-2048x1365.jpg 2048w, https:\/\/web.umons.ac.be\/app\/uploads\/sites\/8\/2022\/12\/DSC_9741-990x660.jpg 990w, https:\/\/web.umons.ac.be\/app\/uploads\/sites\/8\/2022\/12\/DSC_9741-30x20.jpg 30w, https:\/\/web.umons.ac.be\/app\/uploads\/sites\/8\/2022\/12\/DSC_9741-60x40.jpg 60w, https:\/\/web.umons.ac.be\/app\/uploads\/sites\/8\/2022\/12\/DSC_9741-360x240.jpg 360w\" sizes=\"auto, (max-width: 300px) 100vw, 300px\" \/><\/a>\n\t\t\t<\/div><\/figure><figure class='gallery-item'>\n\t\t\t<div class='gallery-icon landscape'>\n\t\t\t\t<a href='https:\/\/web.umons.ac.be\/eshs\/fr\/des-journalistes-exiles-ont-temoigne-aupres-des-etudiant-e-s-de-leshs\/dsc_9759\/'><img loading=\"lazy\" decoding=\"async\" width=\"300\" height=\"189\" src=\"https:\/\/web.umons.ac.be\/app\/uploads\/sites\/8\/2022\/12\/DSC_9759-300x189.jpg\" class=\"attachment-medium size-medium\" alt=\"\" srcset=\"https:\/\/web.umons.ac.be\/app\/uploads\/sites\/8\/2022\/12\/DSC_9759-300x189.jpg 300w, https:\/\/web.umons.ac.be\/app\/uploads\/sites\/8\/2022\/12\/DSC_9759-1024x647.jpg 1024w, https:\/\/web.umons.ac.be\/app\/uploads\/sites\/8\/2022\/12\/DSC_9759-768x485.jpg 768w, https:\/\/web.umons.ac.be\/app\/uploads\/sites\/8\/2022\/12\/DSC_9759-1536x970.jpg 1536w, https:\/\/web.umons.ac.be\/app\/uploads\/sites\/8\/2022\/12\/DSC_9759-2048x1293.jpg 2048w, https:\/\/web.umons.ac.be\/app\/uploads\/sites\/8\/2022\/12\/DSC_9759-1045x660.jpg 1045w, https:\/\/web.umons.ac.be\/app\/uploads\/sites\/8\/2022\/12\/DSC_9759-30x19.jpg 30w, https:\/\/web.umons.ac.be\/app\/uploads\/sites\/8\/2022\/12\/DSC_9759-60x38.jpg 60w, https:\/\/web.umons.ac.be\/app\/uploads\/sites\/8\/2022\/12\/DSC_9759-360x227.jpg 360w\" sizes=\"auto, (max-width: 300px) 100vw, 300px\" \/><\/a>\n\t\t\t<\/div><\/figure><figure class='gallery-item'>\n\t\t\t<div class='gallery-icon landscape'>\n\t\t\t\t<a href='https:\/\/web.umons.ac.be\/eshs\/fr\/des-journalistes-exiles-ont-temoigne-aupres-des-etudiant-e-s-de-leshs\/dsc_9756\/'><img loading=\"lazy\" decoding=\"async\" width=\"300\" height=\"200\" src=\"https:\/\/web.umons.ac.be\/app\/uploads\/sites\/8\/2022\/12\/DSC_9756-300x200.jpg\" class=\"attachment-medium size-medium\" alt=\"\" srcset=\"https:\/\/web.umons.ac.be\/app\/uploads\/sites\/8\/2022\/12\/DSC_9756-300x200.jpg 300w, https:\/\/web.umons.ac.be\/app\/uploads\/sites\/8\/2022\/12\/DSC_9756-1024x683.jpg 1024w, https:\/\/web.umons.ac.be\/app\/uploads\/sites\/8\/2022\/12\/DSC_9756-768x512.jpg 768w, https:\/\/web.umons.ac.be\/app\/uploads\/sites\/8\/2022\/12\/DSC_9756-1536x1024.jpg 1536w, https:\/\/web.umons.ac.be\/app\/uploads\/sites\/8\/2022\/12\/DSC_9756-2048x1365.jpg 2048w, https:\/\/web.umons.ac.be\/app\/uploads\/sites\/8\/2022\/12\/DSC_9756-990x660.jpg 990w, https:\/\/web.umons.ac.be\/app\/uploads\/sites\/8\/2022\/12\/DSC_9756-30x20.jpg 30w, https:\/\/web.umons.ac.be\/app\/uploads\/sites\/8\/2022\/12\/DSC_9756-60x40.jpg 60w, https:\/\/web.umons.ac.be\/app\/uploads\/sites\/8\/2022\/12\/DSC_9756-360x240.jpg 360w\" sizes=\"auto, (max-width: 300px) 100vw, 300px\" \/><\/a>\n\t\t\t<\/div><\/figure><figure class='gallery-item'>\n\t\t\t<div class='gallery-icon landscape'>\n\t\t\t\t<a href='https:\/\/web.umons.ac.be\/eshs\/fr\/des-journalistes-exiles-ont-temoigne-aupres-des-etudiant-e-s-de-leshs\/dsc_9768\/'><img loading=\"lazy\" decoding=\"async\" width=\"300\" height=\"200\" src=\"https:\/\/web.umons.ac.be\/app\/uploads\/sites\/8\/2022\/12\/DSC_9768-300x200.jpg\" class=\"attachment-medium size-medium\" alt=\"\" srcset=\"https:\/\/web.umons.ac.be\/app\/uploads\/sites\/8\/2022\/12\/DSC_9768-300x200.jpg 300w, https:\/\/web.umons.ac.be\/app\/uploads\/sites\/8\/2022\/12\/DSC_9768-1024x683.jpg 1024w, https:\/\/web.umons.ac.be\/app\/uploads\/sites\/8\/2022\/12\/DSC_9768-768x512.jpg 768w, https:\/\/web.umons.ac.be\/app\/uploads\/sites\/8\/2022\/12\/DSC_9768-1536x1024.jpg 1536w, https:\/\/web.umons.ac.be\/app\/uploads\/sites\/8\/2022\/12\/DSC_9768-2048x1365.jpg 2048w, https:\/\/web.umons.ac.be\/app\/uploads\/sites\/8\/2022\/12\/DSC_9768-990x660.jpg 990w, https:\/\/web.umons.ac.be\/app\/uploads\/sites\/8\/2022\/12\/DSC_9768-30x20.jpg 30w, https:\/\/web.umons.ac.be\/app\/uploads\/sites\/8\/2022\/12\/DSC_9768-60x40.jpg 60w, https:\/\/web.umons.ac.be\/app\/uploads\/sites\/8\/2022\/12\/DSC_9768-360x240.jpg 360w\" sizes=\"auto, (max-width: 300px) 100vw, 300px\" \/><\/a>\n\t\t\t<\/div><\/figure><figure class='gallery-item'>\n\t\t\t<div class='gallery-icon landscape'>\n\t\t\t\t<a href='https:\/\/web.umons.ac.be\/eshs\/fr\/des-journalistes-exiles-ont-temoigne-aupres-des-etudiant-e-s-de-leshs\/dsc_9789\/'><img loading=\"lazy\" decoding=\"async\" width=\"300\" height=\"200\" src=\"https:\/\/web.umons.ac.be\/app\/uploads\/sites\/8\/2022\/12\/DSC_9789-300x200.jpg\" class=\"attachment-medium size-medium\" alt=\"\" srcset=\"https:\/\/web.umons.ac.be\/app\/uploads\/sites\/8\/2022\/12\/DSC_9789-300x200.jpg 300w, https:\/\/web.umons.ac.be\/app\/uploads\/sites\/8\/2022\/12\/DSC_9789-1024x683.jpg 1024w, https:\/\/web.umons.ac.be\/app\/uploads\/sites\/8\/2022\/12\/DSC_9789-768x512.jpg 768w, https:\/\/web.umons.ac.be\/app\/uploads\/sites\/8\/2022\/12\/DSC_9789-1536x1024.jpg 1536w, https:\/\/web.umons.ac.be\/app\/uploads\/sites\/8\/2022\/12\/DSC_9789-2048x1365.jpg 2048w, https:\/\/web.umons.ac.be\/app\/uploads\/sites\/8\/2022\/12\/DSC_9789-990x660.jpg 990w, https:\/\/web.umons.ac.be\/app\/uploads\/sites\/8\/2022\/12\/DSC_9789-30x20.jpg 30w, https:\/\/web.umons.ac.be\/app\/uploads\/sites\/8\/2022\/12\/DSC_9789-60x40.jpg 60w, https:\/\/web.umons.ac.be\/app\/uploads\/sites\/8\/2022\/12\/DSC_9789-360x240.jpg 360w\" sizes=\"auto, (max-width: 300px) 100vw, 300px\" \/><\/a>\n\t\t\t<\/div><\/figure><figure class='gallery-item'>\n\t\t\t<div class='gallery-icon landscape'>\n\t\t\t\t<a href='https:\/\/web.umons.ac.be\/eshs\/fr\/des-journalistes-exiles-ont-temoigne-aupres-des-etudiant-e-s-de-leshs\/dsc_9761\/'><img loading=\"lazy\" decoding=\"async\" width=\"300\" height=\"200\" src=\"https:\/\/web.umons.ac.be\/app\/uploads\/sites\/8\/2022\/12\/DSC_9761-300x200.jpg\" class=\"attachment-medium size-medium\" alt=\"\" srcset=\"https:\/\/web.umons.ac.be\/app\/uploads\/sites\/8\/2022\/12\/DSC_9761-300x200.jpg 300w, https:\/\/web.umons.ac.be\/app\/uploads\/sites\/8\/2022\/12\/DSC_9761-1024x683.jpg 1024w, https:\/\/web.umons.ac.be\/app\/uploads\/sites\/8\/2022\/12\/DSC_9761-768x512.jpg 768w, https:\/\/web.umons.ac.be\/app\/uploads\/sites\/8\/2022\/12\/DSC_9761-1536x1024.jpg 1536w, https:\/\/web.umons.ac.be\/app\/uploads\/sites\/8\/2022\/12\/DSC_9761-2048x1365.jpg 2048w, https:\/\/web.umons.ac.be\/app\/uploads\/sites\/8\/2022\/12\/DSC_9761-990x660.jpg 990w, https:\/\/web.umons.ac.be\/app\/uploads\/sites\/8\/2022\/12\/DSC_9761-30x20.jpg 30w, https:\/\/web.umons.ac.be\/app\/uploads\/sites\/8\/2022\/12\/DSC_9761-60x40.jpg 60w, https:\/\/web.umons.ac.be\/app\/uploads\/sites\/8\/2022\/12\/DSC_9761-360x240.jpg 360w\" sizes=\"auto, (max-width: 300px) 100vw, 300px\" \/><\/a>\n\t\t\t<\/div><\/figure><figure class='gallery-item'>\n\t\t\t<div class='gallery-icon landscape'>\n\t\t\t\t<a href='https:\/\/web.umons.ac.be\/eshs\/fr\/des-journalistes-exiles-ont-temoigne-aupres-des-etudiant-e-s-de-leshs\/dsc_9733\/'><img loading=\"lazy\" decoding=\"async\" width=\"300\" height=\"200\" src=\"https:\/\/web.umons.ac.be\/app\/uploads\/sites\/8\/2022\/12\/DSC_9733-300x200.jpg\" class=\"attachment-medium size-medium\" alt=\"\" srcset=\"https:\/\/web.umons.ac.be\/app\/uploads\/sites\/8\/2022\/12\/DSC_9733-300x200.jpg 300w, https:\/\/web.umons.ac.be\/app\/uploads\/sites\/8\/2022\/12\/DSC_9733-1024x683.jpg 1024w, https:\/\/web.umons.ac.be\/app\/uploads\/sites\/8\/2022\/12\/DSC_9733-768x512.jpg 768w, https:\/\/web.umons.ac.be\/app\/uploads\/sites\/8\/2022\/12\/DSC_9733-1536x1024.jpg 1536w, https:\/\/web.umons.ac.be\/app\/uploads\/sites\/8\/2022\/12\/DSC_9733-2048x1365.jpg 2048w, https:\/\/web.umons.ac.be\/app\/uploads\/sites\/8\/2022\/12\/DSC_9733-990x660.jpg 990w, https:\/\/web.umons.ac.be\/app\/uploads\/sites\/8\/2022\/12\/DSC_9733-30x20.jpg 30w, https:\/\/web.umons.ac.be\/app\/uploads\/sites\/8\/2022\/12\/DSC_9733-60x40.jpg 60w, https:\/\/web.umons.ac.be\/app\/uploads\/sites\/8\/2022\/12\/DSC_9733-360x240.jpg 360w\" sizes=\"auto, (max-width: 300px) 100vw, 300px\" \/><\/a>\n\t\t\t<\/div><\/figure><figure class='gallery-item'>\n\t\t\t<div class='gallery-icon landscape'>\n\t\t\t\t<a href='https:\/\/web.umons.ac.be\/eshs\/fr\/des-journalistes-exiles-ont-temoigne-aupres-des-etudiant-e-s-de-leshs\/dsc_9734\/'><img loading=\"lazy\" decoding=\"async\" width=\"300\" height=\"200\" src=\"https:\/\/web.umons.ac.be\/app\/uploads\/sites\/8\/2022\/12\/DSC_9734-300x200.jpg\" class=\"attachment-medium size-medium\" alt=\"\" srcset=\"https:\/\/web.umons.ac.be\/app\/uploads\/sites\/8\/2022\/12\/DSC_9734-300x200.jpg 300w, https:\/\/web.umons.ac.be\/app\/uploads\/sites\/8\/2022\/12\/DSC_9734-1024x683.jpg 1024w, https:\/\/web.umons.ac.be\/app\/uploads\/sites\/8\/2022\/12\/DSC_9734-768x512.jpg 768w, https:\/\/web.umons.ac.be\/app\/uploads\/sites\/8\/2022\/12\/DSC_9734-1536x1024.jpg 1536w, https:\/\/web.umons.ac.be\/app\/uploads\/sites\/8\/2022\/12\/DSC_9734-2048x1365.jpg 2048w, https:\/\/web.umons.ac.be\/app\/uploads\/sites\/8\/2022\/12\/DSC_9734-990x660.jpg 990w, https:\/\/web.umons.ac.be\/app\/uploads\/sites\/8\/2022\/12\/DSC_9734-30x20.jpg 30w, https:\/\/web.umons.ac.be\/app\/uploads\/sites\/8\/2022\/12\/DSC_9734-60x40.jpg 60w, https:\/\/web.umons.ac.be\/app\/uploads\/sites\/8\/2022\/12\/DSC_9734-360x240.jpg 360w\" sizes=\"auto, (max-width: 300px) 100vw, 300px\" \/><\/a>\n\t\t\t<\/div><\/figure>\n\t\t<\/div>\n\n","protected":false},"excerpt":{"rendered":"<p>Le jeudi 17 novembre, l\u2019ESHS, l\u2019association En-GAJE et le club de la presse Hainaut-Mons ont inaugur\u00e9 l\u2019exposition Journalistes en exil. Au programme : une exposition de portraits de journalistes du bout du monde, un vernissage mais aussi et surtout de riches \u00e9changes entre trois journalistes exil\u00e9s et \u00e9tudiant.e.s.<\/p>\n","protected":false},"author":43,"featured_media":1003,"comment_status":"open","ping_status":"open","sticky":false,"template":"","format":"standard","meta":{"footnotes":""},"categories":[74],"tags":[],"class_list":["post-1001","post","type-post","status-publish","format-standard","has-post-thumbnail","hentry","category-conferences-colloques"],"yoast_head":"<!-- This site is optimized with the Yoast SEO plugin v27.2 - https:\/\/yoast.com\/product\/yoast-seo-wordpress\/ -->\n<title>Des journalistes exil\u00e9s ont t\u00e9moign\u00e9 aupr\u00e8s des \u00e9tudiant.e.s de l\u2019ESHS - Ecole \/ ESHS<\/title>\n<meta name=\"description\" content=\"Retour sur le vernissage de l&#039;exposition Journalistes en exil \u00e0 l&#039;ESHS. Rencontre-discussion anim\u00e9e par Julien Cr\u00eate. Replay en vid\u00e9o.\" \/>\n<meta name=\"robots\" content=\"index, follow, max-snippet:-1, max-image-preview:large, max-video-preview:-1\" \/>\n<link rel=\"canonical\" href=\"https:\/\/web.umons.ac.be\/eshs\/fr\/des-journalistes-exiles-ont-temoigne-aupres-des-etudiant-e-s-de-leshs\/\" \/>\n<meta property=\"og:locale\" content=\"fr_FR\" \/>\n<meta property=\"og:type\" content=\"article\" \/>\n<meta property=\"og:title\" content=\"Des journalistes exil\u00e9s ont t\u00e9moign\u00e9 aupr\u00e8s des \u00e9tudiant.e.s de l\u2019ESHS\" \/>\n<meta property=\"og:description\" content=\"Le jeudi 17 novembre, l\u2019ESHS, l\u2019association En-GAJE et le club de la presse Hainaut-Mons ont inaugur\u00e9 l\u2019exposition Journalistes en exil. Au programme : une exposition de portraits de journalistes du bout du monde, un vernissage mais aussi et surtout de riches \u00e9changes entre trois journalistes exil\u00e9s et \u00e9tudiant.e.s.\" \/>\n<meta property=\"og:url\" content=\"https:\/\/web.umons.ac.be\/eshs\/fr\/des-journalistes-exiles-ont-temoigne-aupres-des-etudiant-e-s-de-leshs\/\" \/>\n<meta property=\"og:site_name\" content=\"Ecole \/ ESHS\" \/>\n<meta property=\"article:published_time\" content=\"2022-12-12T16:04:02+00:00\" \/>\n<meta property=\"og:image\" content=\"https:\/\/web.umons.ac.be\/app\/uploads\/sites\/8\/2022\/12\/Journalistes-en-exil.png\" \/>\n\t<meta property=\"og:image:width\" content=\"1280\" \/>\n\t<meta property=\"og:image:height\" content=\"720\" \/>\n\t<meta property=\"og:image:type\" content=\"image\/png\" \/>\n<meta name=\"author\" content=\"Am\u00e9lie Honorez\" \/>\n<meta name=\"twitter:card\" content=\"summary_large_image\" \/>\n<meta name=\"twitter:label1\" content=\"\u00c9crit par\" \/>\n\t<meta name=\"twitter:data1\" content=\"Am\u00e9lie Honorez\" \/>\n\t<meta name=\"twitter:label2\" content=\"Dur\u00e9e de lecture estim\u00e9e\" \/>\n\t<meta name=\"twitter:data2\" content=\"5 minutes\" \/>\n<script type=\"application\/ld+json\" class=\"yoast-schema-graph\">{\"@context\":\"https:\/\/schema.org\",\"@graph\":[{\"@type\":\"Article\",\"@id\":\"https:\/\/web.umons.ac.be\/eshs\/fr\/des-journalistes-exiles-ont-temoigne-aupres-des-etudiant-e-s-de-leshs\/#article\",\"isPartOf\":{\"@id\":\"https:\/\/web.umons.ac.be\/eshs\/fr\/des-journalistes-exiles-ont-temoigne-aupres-des-etudiant-e-s-de-leshs\/\"},\"author\":{\"name\":\"Am\u00e9lie Honorez\",\"@id\":\"https:\/\/web.umons.ac.be\/eshs\/#\/schema\/person\/2c3bab41553e42e9be46ff25322acaa4\"},\"headline\":\"Des journalistes exil\u00e9s ont t\u00e9moign\u00e9 aupr\u00e8s des \u00e9tudiant.e.s de l\u2019ESHS\",\"datePublished\":\"2022-12-12T16:04:02+00:00\",\"mainEntityOfPage\":{\"@id\":\"https:\/\/web.umons.ac.be\/eshs\/fr\/des-journalistes-exiles-ont-temoigne-aupres-des-etudiant-e-s-de-leshs\/\"},\"wordCount\":1015,\"commentCount\":0,\"image\":{\"@id\":\"https:\/\/web.umons.ac.be\/eshs\/fr\/des-journalistes-exiles-ont-temoigne-aupres-des-etudiant-e-s-de-leshs\/#primaryimage\"},\"thumbnailUrl\":\"https:\/\/web.umons.ac.be\/app\/uploads\/sites\/8\/2022\/12\/Journalistes-en-exil.png\",\"articleSection\":[\"Conf\u00e9rences\/Colloques\"],\"inLanguage\":\"fr-FR\",\"potentialAction\":[{\"@type\":\"CommentAction\",\"name\":\"Comment\",\"target\":[\"https:\/\/web.umons.ac.be\/eshs\/fr\/des-journalistes-exiles-ont-temoigne-aupres-des-etudiant-e-s-de-leshs\/#respond\"]}]},{\"@type\":\"WebPage\",\"@id\":\"https:\/\/web.umons.ac.be\/eshs\/fr\/des-journalistes-exiles-ont-temoigne-aupres-des-etudiant-e-s-de-leshs\/\",\"url\":\"https:\/\/web.umons.ac.be\/eshs\/fr\/des-journalistes-exiles-ont-temoigne-aupres-des-etudiant-e-s-de-leshs\/\",\"name\":\"Des journalistes exil\u00e9s ont t\u00e9moign\u00e9 aupr\u00e8s des \u00e9tudiant.e.s de l\u2019ESHS - Ecole \/ ESHS\",\"isPartOf\":{\"@id\":\"https:\/\/web.umons.ac.be\/eshs\/#website\"},\"primaryImageOfPage\":{\"@id\":\"https:\/\/web.umons.ac.be\/eshs\/fr\/des-journalistes-exiles-ont-temoigne-aupres-des-etudiant-e-s-de-leshs\/#primaryimage\"},\"image\":{\"@id\":\"https:\/\/web.umons.ac.be\/eshs\/fr\/des-journalistes-exiles-ont-temoigne-aupres-des-etudiant-e-s-de-leshs\/#primaryimage\"},\"thumbnailUrl\":\"https:\/\/web.umons.ac.be\/app\/uploads\/sites\/8\/2022\/12\/Journalistes-en-exil.png\",\"datePublished\":\"2022-12-12T16:04:02+00:00\",\"author\":{\"@id\":\"https:\/\/web.umons.ac.be\/eshs\/#\/schema\/person\/2c3bab41553e42e9be46ff25322acaa4\"},\"description\":\"Retour sur le vernissage de l'exposition Journalistes en exil \u00e0 l'ESHS. Rencontre-discussion anim\u00e9e par Julien Cr\u00eate. Replay en vid\u00e9o.\",\"breadcrumb\":{\"@id\":\"https:\/\/web.umons.ac.be\/eshs\/fr\/des-journalistes-exiles-ont-temoigne-aupres-des-etudiant-e-s-de-leshs\/#breadcrumb\"},\"inLanguage\":\"fr-FR\",\"potentialAction\":[{\"@type\":\"ReadAction\",\"target\":[\"https:\/\/web.umons.ac.be\/eshs\/fr\/des-journalistes-exiles-ont-temoigne-aupres-des-etudiant-e-s-de-leshs\/\"]}]},{\"@type\":\"ImageObject\",\"inLanguage\":\"fr-FR\",\"@id\":\"https:\/\/web.umons.ac.be\/eshs\/fr\/des-journalistes-exiles-ont-temoigne-aupres-des-etudiant-e-s-de-leshs\/#primaryimage\",\"url\":\"https:\/\/web.umons.ac.be\/app\/uploads\/sites\/8\/2022\/12\/Journalistes-en-exil.png\",\"contentUrl\":\"https:\/\/web.umons.ac.be\/app\/uploads\/sites\/8\/2022\/12\/Journalistes-en-exil.png\",\"width\":1280,\"height\":720},{\"@type\":\"BreadcrumbList\",\"@id\":\"https:\/\/web.umons.ac.be\/eshs\/fr\/des-journalistes-exiles-ont-temoigne-aupres-des-etudiant-e-s-de-leshs\/#breadcrumb\",\"itemListElement\":[{\"@type\":\"ListItem\",\"position\":1,\"name\":\"Accueil\",\"item\":\"https:\/\/web.umons.ac.be\/eshs\/fr\/\"},{\"@type\":\"ListItem\",\"position\":2,\"name\":\"Des journalistes exil\u00e9s ont t\u00e9moign\u00e9 aupr\u00e8s des \u00e9tudiant.e.s de l\u2019ESHS\"}]},{\"@type\":\"WebSite\",\"@id\":\"https:\/\/web.umons.ac.be\/eshs\/#website\",\"url\":\"https:\/\/web.umons.ac.be\/eshs\/\",\"name\":\"Ecole \/ ESHS\",\"description\":\"\",\"potentialAction\":[{\"@type\":\"SearchAction\",\"target\":{\"@type\":\"EntryPoint\",\"urlTemplate\":\"https:\/\/web.umons.ac.be\/eshs\/?s={search_term_string}\"},\"query-input\":{\"@type\":\"PropertyValueSpecification\",\"valueRequired\":true,\"valueName\":\"search_term_string\"}}],\"inLanguage\":\"fr-FR\"},{\"@type\":\"Person\",\"@id\":\"https:\/\/web.umons.ac.be\/eshs\/#\/schema\/person\/2c3bab41553e42e9be46ff25322acaa4\",\"name\":\"Am\u00e9lie Honorez\",\"image\":{\"@type\":\"ImageObject\",\"inLanguage\":\"fr-FR\",\"@id\":\"https:\/\/secure.gravatar.com\/avatar\/9c59f6e370e37a7f8cdf1962f6c0fc524d2e502d704933818079b1dfbae61d43?s=96&d=mm&r=g\",\"url\":\"https:\/\/secure.gravatar.com\/avatar\/9c59f6e370e37a7f8cdf1962f6c0fc524d2e502d704933818079b1dfbae61d43?s=96&d=mm&r=g\",\"contentUrl\":\"https:\/\/secure.gravatar.com\/avatar\/9c59f6e370e37a7f8cdf1962f6c0fc524d2e502d704933818079b1dfbae61d43?s=96&d=mm&r=g\",\"caption\":\"Am\u00e9lie Honorez\"},\"url\":\"https:\/\/web.umons.ac.be\/eshs\/author\/ahonorez\/\"}]}<\/script>\n<!-- \/ Yoast SEO plugin. -->","yoast_head_json":{"title":"Des journalistes exil\u00e9s ont t\u00e9moign\u00e9 aupr\u00e8s des \u00e9tudiant.e.s de l\u2019ESHS - Ecole \/ ESHS","description":"Retour sur le vernissage de l'exposition Journalistes en exil \u00e0 l'ESHS. Rencontre-discussion anim\u00e9e par Julien Cr\u00eate. Replay en vid\u00e9o.","robots":{"index":"index","follow":"follow","max-snippet":"max-snippet:-1","max-image-preview":"max-image-preview:large","max-video-preview":"max-video-preview:-1"},"canonical":"https:\/\/web.umons.ac.be\/eshs\/fr\/des-journalistes-exiles-ont-temoigne-aupres-des-etudiant-e-s-de-leshs\/","og_locale":"fr_FR","og_type":"article","og_title":"Des journalistes exil\u00e9s ont t\u00e9moign\u00e9 aupr\u00e8s des \u00e9tudiant.e.s de l\u2019ESHS","og_description":"Le jeudi 17 novembre, l\u2019ESHS, l\u2019association En-GAJE et le club de la presse Hainaut-Mons ont inaugur\u00e9 l\u2019exposition Journalistes en exil. Au programme : une exposition de portraits de journalistes du bout du monde, un vernissage mais aussi et surtout de riches \u00e9changes entre trois journalistes exil\u00e9s et \u00e9tudiant.e.s.","og_url":"https:\/\/web.umons.ac.be\/eshs\/fr\/des-journalistes-exiles-ont-temoigne-aupres-des-etudiant-e-s-de-leshs\/","og_site_name":"Ecole \/ ESHS","article_published_time":"2022-12-12T16:04:02+00:00","og_image":[{"width":1280,"height":720,"url":"https:\/\/web.umons.ac.be\/app\/uploads\/sites\/8\/2022\/12\/Journalistes-en-exil.png","type":"image\/png"}],"author":"Am\u00e9lie Honorez","twitter_card":"summary_large_image","twitter_misc":{"\u00c9crit par":"Am\u00e9lie Honorez","Dur\u00e9e de lecture estim\u00e9e":"5 minutes"},"schema":{"@context":"https:\/\/schema.org","@graph":[{"@type":"Article","@id":"https:\/\/web.umons.ac.be\/eshs\/fr\/des-journalistes-exiles-ont-temoigne-aupres-des-etudiant-e-s-de-leshs\/#article","isPartOf":{"@id":"https:\/\/web.umons.ac.be\/eshs\/fr\/des-journalistes-exiles-ont-temoigne-aupres-des-etudiant-e-s-de-leshs\/"},"author":{"name":"Am\u00e9lie Honorez","@id":"https:\/\/web.umons.ac.be\/eshs\/#\/schema\/person\/2c3bab41553e42e9be46ff25322acaa4"},"headline":"Des journalistes exil\u00e9s ont t\u00e9moign\u00e9 aupr\u00e8s des \u00e9tudiant.e.s de l\u2019ESHS","datePublished":"2022-12-12T16:04:02+00:00","mainEntityOfPage":{"@id":"https:\/\/web.umons.ac.be\/eshs\/fr\/des-journalistes-exiles-ont-temoigne-aupres-des-etudiant-e-s-de-leshs\/"},"wordCount":1015,"commentCount":0,"image":{"@id":"https:\/\/web.umons.ac.be\/eshs\/fr\/des-journalistes-exiles-ont-temoigne-aupres-des-etudiant-e-s-de-leshs\/#primaryimage"},"thumbnailUrl":"https:\/\/web.umons.ac.be\/app\/uploads\/sites\/8\/2022\/12\/Journalistes-en-exil.png","articleSection":["Conf\u00e9rences\/Colloques"],"inLanguage":"fr-FR","potentialAction":[{"@type":"CommentAction","name":"Comment","target":["https:\/\/web.umons.ac.be\/eshs\/fr\/des-journalistes-exiles-ont-temoigne-aupres-des-etudiant-e-s-de-leshs\/#respond"]}]},{"@type":"WebPage","@id":"https:\/\/web.umons.ac.be\/eshs\/fr\/des-journalistes-exiles-ont-temoigne-aupres-des-etudiant-e-s-de-leshs\/","url":"https:\/\/web.umons.ac.be\/eshs\/fr\/des-journalistes-exiles-ont-temoigne-aupres-des-etudiant-e-s-de-leshs\/","name":"Des journalistes exil\u00e9s ont t\u00e9moign\u00e9 aupr\u00e8s des \u00e9tudiant.e.s de l\u2019ESHS - Ecole \/ ESHS","isPartOf":{"@id":"https:\/\/web.umons.ac.be\/eshs\/#website"},"primaryImageOfPage":{"@id":"https:\/\/web.umons.ac.be\/eshs\/fr\/des-journalistes-exiles-ont-temoigne-aupres-des-etudiant-e-s-de-leshs\/#primaryimage"},"image":{"@id":"https:\/\/web.umons.ac.be\/eshs\/fr\/des-journalistes-exiles-ont-temoigne-aupres-des-etudiant-e-s-de-leshs\/#primaryimage"},"thumbnailUrl":"https:\/\/web.umons.ac.be\/app\/uploads\/sites\/8\/2022\/12\/Journalistes-en-exil.png","datePublished":"2022-12-12T16:04:02+00:00","author":{"@id":"https:\/\/web.umons.ac.be\/eshs\/#\/schema\/person\/2c3bab41553e42e9be46ff25322acaa4"},"description":"Retour sur le vernissage de l'exposition Journalistes en exil \u00e0 l'ESHS. Rencontre-discussion anim\u00e9e par Julien Cr\u00eate. Replay en vid\u00e9o.","breadcrumb":{"@id":"https:\/\/web.umons.ac.be\/eshs\/fr\/des-journalistes-exiles-ont-temoigne-aupres-des-etudiant-e-s-de-leshs\/#breadcrumb"},"inLanguage":"fr-FR","potentialAction":[{"@type":"ReadAction","target":["https:\/\/web.umons.ac.be\/eshs\/fr\/des-journalistes-exiles-ont-temoigne-aupres-des-etudiant-e-s-de-leshs\/"]}]},{"@type":"ImageObject","inLanguage":"fr-FR","@id":"https:\/\/web.umons.ac.be\/eshs\/fr\/des-journalistes-exiles-ont-temoigne-aupres-des-etudiant-e-s-de-leshs\/#primaryimage","url":"https:\/\/web.umons.ac.be\/app\/uploads\/sites\/8\/2022\/12\/Journalistes-en-exil.png","contentUrl":"https:\/\/web.umons.ac.be\/app\/uploads\/sites\/8\/2022\/12\/Journalistes-en-exil.png","width":1280,"height":720},{"@type":"BreadcrumbList","@id":"https:\/\/web.umons.ac.be\/eshs\/fr\/des-journalistes-exiles-ont-temoigne-aupres-des-etudiant-e-s-de-leshs\/#breadcrumb","itemListElement":[{"@type":"ListItem","position":1,"name":"Accueil","item":"https:\/\/web.umons.ac.be\/eshs\/fr\/"},{"@type":"ListItem","position":2,"name":"Des journalistes exil\u00e9s ont t\u00e9moign\u00e9 aupr\u00e8s des \u00e9tudiant.e.s de l\u2019ESHS"}]},{"@type":"WebSite","@id":"https:\/\/web.umons.ac.be\/eshs\/#website","url":"https:\/\/web.umons.ac.be\/eshs\/","name":"Ecole \/ ESHS","description":"","potentialAction":[{"@type":"SearchAction","target":{"@type":"EntryPoint","urlTemplate":"https:\/\/web.umons.ac.be\/eshs\/?s={search_term_string}"},"query-input":{"@type":"PropertyValueSpecification","valueRequired":true,"valueName":"search_term_string"}}],"inLanguage":"fr-FR"},{"@type":"Person","@id":"https:\/\/web.umons.ac.be\/eshs\/#\/schema\/person\/2c3bab41553e42e9be46ff25322acaa4","name":"Am\u00e9lie Honorez","image":{"@type":"ImageObject","inLanguage":"fr-FR","@id":"https:\/\/secure.gravatar.com\/avatar\/9c59f6e370e37a7f8cdf1962f6c0fc524d2e502d704933818079b1dfbae61d43?s=96&d=mm&r=g","url":"https:\/\/secure.gravatar.com\/avatar\/9c59f6e370e37a7f8cdf1962f6c0fc524d2e502d704933818079b1dfbae61d43?s=96&d=mm&r=g","contentUrl":"https:\/\/secure.gravatar.com\/avatar\/9c59f6e370e37a7f8cdf1962f6c0fc524d2e502d704933818079b1dfbae61d43?s=96&d=mm&r=g","caption":"Am\u00e9lie Honorez"},"url":"https:\/\/web.umons.ac.be\/eshs\/author\/ahonorez\/"}]}},"lang":"fr","translations":{"fr":1001},"pll_sync_post":[],"_links":{"self":[{"href":"https:\/\/web.umons.ac.be\/eshs\/wp-json\/wp\/v2\/posts\/1001","targetHints":{"allow":["GET"]}}],"collection":[{"href":"https:\/\/web.umons.ac.be\/eshs\/wp-json\/wp\/v2\/posts"}],"about":[{"href":"https:\/\/web.umons.ac.be\/eshs\/wp-json\/wp\/v2\/types\/post"}],"author":[{"embeddable":true,"href":"https:\/\/web.umons.ac.be\/eshs\/wp-json\/wp\/v2\/users\/43"}],"replies":[{"embeddable":true,"href":"https:\/\/web.umons.ac.be\/eshs\/wp-json\/wp\/v2\/comments?post=1001"}],"version-history":[{"count":2,"href":"https:\/\/web.umons.ac.be\/eshs\/wp-json\/wp\/v2\/posts\/1001\/revisions"}],"predecessor-version":[{"id":1018,"href":"https:\/\/web.umons.ac.be\/eshs\/wp-json\/wp\/v2\/posts\/1001\/revisions\/1018"}],"wp:featuredmedia":[{"embeddable":true,"href":"https:\/\/web.umons.ac.be\/eshs\/wp-json\/wp\/v2\/media\/1003"}],"wp:attachment":[{"href":"https:\/\/web.umons.ac.be\/eshs\/wp-json\/wp\/v2\/media?parent=1001"}],"wp:term":[{"taxonomy":"category","embeddable":true,"href":"https:\/\/web.umons.ac.be\/eshs\/wp-json\/wp\/v2\/categories?post=1001"},{"taxonomy":"post_tag","embeddable":true,"href":"https:\/\/web.umons.ac.be\/eshs\/wp-json\/wp\/v2\/tags?post=1001"}],"curies":[{"name":"wp","href":"https:\/\/api.w.org\/{rel}","templated":true}]}}