{"id":1022,"date":"2023-01-11T16:52:04","date_gmt":"2023-01-11T15:52:04","guid":{"rendered":"https:\/\/web.umons.ac.be\/eshs\/?p=1022"},"modified":"2023-01-12T14:11:20","modified_gmt":"2023-01-12T13:11:20","slug":"temoignage-selim-akcasar-est-parti-en-programme-dechange-au-japon","status":"publish","type":"post","link":"https:\/\/web.umons.ac.be\/eshs\/fr\/temoignage-selim-akcasar-est-parti-en-programme-dechange-au-japon\/","title":{"rendered":"T\u00e9moignage : Selim Akcasar est parti en programme d&rsquo;\u00e9change au Japon"},"content":{"rendered":"<h1 id=\"chapter_echange-entre-universites-pour-etudier-au-japon\" class=\"chapter\">Un accord entre l&rsquo;ESHS et le JAPON<\/h1>\n<p><span style=\"font-size: 14px\">Bien que le Japon ne fasse pas partie du programme Erasmus (exclusivement r\u00e9serv\u00e9 \u00e0 l\u2019Europe), le pays a pass\u00e9 des accords avec une centaine d\u2019\u00e9tablissements, <\/span><strong style=\"font-size: 14px\">dont l&rsquo;UMONS et en particulier, son \u00c9cole des Sciences Humaines et Sociales.<\/strong><\/p>\n<p>Pour candidater, l&rsquo;\u00e9tudiant\u2022e inscrit\u2022e en 2\u00e8me ann\u00e9e de Bachelier devra <strong>compl\u00e9ter un dossier<\/strong> (lettre de motivation, notes universitaires, etc) et le remettre avant le 15 f\u00e9vrier 2023. Si celui-ci est accept\u00e9, l&rsquo;\u00e9tudiant\u2022e pourra alors partir \u00e9tudier au Japon en 2024-2025, soit au cours de sa derni\u00e8re ann\u00e9e de Bachelier en Sciences humaines et sociales.<\/p>\n<blockquote><p>Au Japon, la c\u00e9r\u00e9monie du th\u00e9, les jardins gracieux et les temples paisibles c\u00f4toient les trains \u00e0 haute vitesse et les gratte-ciel ultra-modernes.<\/p><\/blockquote>\n<p>L&rsquo;ESHS b\u00e9n\u00e9ficie de conventions avec les universit\u00e9s japonaises suivantes :<\/p>\n<ul>\n<li><a href=\"http:\/\/www.nagasaki-u.ac.jp\/en\">Nagasaki University (Nagasaki)<\/a><\/li>\n<li><a href=\"http:\/\/www.ryukoku.ac.jp\/english2\">Ryukoku University (Kyoto)<\/a><\/li>\n<li><a href=\"http:\/\/www.kobe-u.ac.jp\/en\">Kobe University (Kyoto)<\/a><\/li>\n<\/ul>\n<h1>Quels sont les avantages du programme de mobilit\u00e9 internationale ?<\/h1>\n<p>L\u2019avantage de partir au Japon dans le cadre d\u2019un partenariat est non seulement que l&rsquo;\u00e9tudiant\u2022e n&rsquo;aura pas \u00e0 effectuer les d\u00e9marches tout\u2022e seul\u2022e mais aussi, et surtout, <strong>qu&rsquo;il ou elle n&rsquo;aura pas \u00e0 payer les frais de scolarit\u00e9 japonais<\/strong>. Ces derniers peuvent \u00eatre compris entre 7.000 \u20ac et plus de 40.000 \u20ac. Gr\u00e2ce au partenariat, l&rsquo;\u00e9tudiant\u2022e ne paiera que les frais d\u2019inscription en Belgique.<\/p>\n<p>Dans beaucoup d\u2019universit\u00e9s nippones, <strong>les cours sont pr\u00e9sent\u00e9s en anglais<\/strong>. L&rsquo;\u00e9tudiant\u2022e devra donc avoir un excellent niveau d\u2019anglais (avoir un bon score au TOEFL ou TOEIC) pour esp\u00e9rer \u00eatre s\u00e9lectionn\u00e9\u2022e.<\/p>\n<h2>T\u00e9moignage de Selim Akcasar<\/h2>\n<p>Selim Akcasar a obtenu son dipl\u00f4me de Bachelier en Sciences Humaines et Sociales. Durant ses \u00e9tudes, il a b\u00e9n\u00e9fici\u00e9 d&rsquo;un programme d&rsquo;\u00e9change \u00e0 Kyoto, dans l&rsquo;Universit\u00e9 Ryukoku. Il a aujourd&rsquo;hui trouv\u00e9 un emploi au Japon et a choisi de s&rsquo;y installer de mani\u00e8re plus p\u00e9r\u00e8ne.<\/p>\n<blockquote>\n<p dir=\"auto\">Le Japon.<\/p>\n<p dir=\"auto\">Mon Erasmus au pays du Soleil-Levant fut \u00e0 la fois incroyable et \u00e0 la fois unique. Je n&rsquo;aurais jamais imagin\u00e9 pouvoir un jour \u00e9tudier \u00e0 l&rsquo;autre bout du monde, cela semblait tellement irr\u00e9el. L&rsquo;UMONS m&rsquo;a cependant offert une telle opportunit\u00e9 de par ses nombreux accords avec des universit\u00e9s du monde entier.<\/p>\n<p dir=\"auto\">J&rsquo;ai eu la chance \u00e0 travers ce programme de pouvoir m&rsquo;ouvrir \u00e0 un nouveau pays, \u00e0 sa culture, \u00e0 ses traditions, mais aussi \u00e0 sa vie estudiantine.<\/p>\n<p dir=\"auto\">L&rsquo;avantage principal d&rsquo;\u00eatre \u00e9tudiant international, c&rsquo;est de pouvoir vivre dans un pays \u00e9tranger tout en \u00e9tant encadr\u00e9 au quotidien. Dans mon cas, nous avions des tuteurs assign\u00e9s par l&rsquo;universit\u00e9 d&rsquo;accueil qui nous venaient en aide pour les diff\u00e9rentes d\u00e9marches administratives, ainsi que pour n&rsquo;importe quel probl\u00e8me auquel nous pouvions faire face.<\/p>\n<p dir=\"auto\">\u00c9tudier dans un autre pays est tellement diff\u00e9rent d&rsquo;\u00e9tudier dans son pays, c&rsquo;est int\u00e9ressant de pouvoir comparer et exp\u00e9rimenter d&rsquo;autres m\u00e9thodes d&rsquo;apprentissage, d&rsquo;autres types d&rsquo;\u00e9valuation.<\/p>\n<p dir=\"auto\">J&rsquo;ai \u00e9galement ador\u00e9 l&rsquo;\u00e9change culturel que j&rsquo;ai pu faire avec les \u00e9tudiants japonais. J&rsquo;ai pu leur parler de la Belgique, de son chocolat, de ses gaufres, mais aussi plus globalement des diff\u00e9rences qui s\u00e9paraient nos deux pays.<\/p>\n<p dir=\"auto\">Dans un m\u00eame temps, j&rsquo;ai pu d\u00e9velopper mes comp\u00e9tences linguistiques en japonais, langue qui m&rsquo;\u00e9tait totalement inconnue avant mon arriv\u00e9e au Japon. L&rsquo;immersion permet d&rsquo;apprendre une langue tellement plus vite. J&rsquo;ai \u00e9galement un peu am\u00e9lior\u00e9 mon anglais, langue que je ma\u00eetrisais d\u00e9j\u00e0 assez bien, de par mes cours qui \u00e9taient exclusivement dans cette langue.<\/p>\n<p dir=\"auto\">L&rsquo;Erasmus m&rsquo;aura aussi apport\u00e9 de nombreux nouveaux amis, tant des Japonais, que d&rsquo;autres \u00e9tudiants internationaux de Cor\u00e9e, de Ta\u00efwan, mais aussi de pays europ\u00e9ens. J&rsquo;ai ainsi pu me construire un r\u00e9seau d&rsquo;amis \u00e0 travers le monde. C&rsquo;est de cette mani\u00e8re qu&rsquo;un Erasmus nous fait d\u00e9couvrir la culture du pays en question, mais \u00e9galement celle de beaucoup d&rsquo;autres pays dans un m\u00eame temps.<\/p>\n<p dir=\"auto\">Finalement, faire un Erasmus aura \u00e9t\u00e9 une opportunit\u00e9 unique et enrichissante pour moi.<\/p>\n<p dir=\"auto\">C&rsquo;est une exp\u00e9rience que je recommande \u00e0 200%, et que je referais encore et encore si j&rsquo;en avais l&rsquo;occasion. Je suis convaincu que dans la vie, il faut pouvoir sortir de sa zone de confort et tenter de nouvelles exp\u00e9riences. Il ne faut surtout pas h\u00e9siter \u00e0 se lancer car cela nous ouvre \u00e0 de nouveaux horizons, tout en nous permettant d&rsquo;avoir une perspective du monde plus globale et en nous offrant une ouverture d&rsquo;esprit toujours plus large. Et j&rsquo;ajouterais m\u00eame que cela nous enrichit \u00e9norm\u00e9ment dans de nombreux aspects de notre vie pr\u00e9sente, ainsi que future &#8230;<\/p>\n<\/blockquote>\n<h1 dir=\"auto\">Plus d&rsquo;informations \u00e0 propos des programmes d&rsquo;\u00e9change de l&rsquo;ESHS<\/h1>\n<p>L&rsquo;ESHS offre \u00e0 ses \u00e9tudiants de nombreux programmes d&rsquo;\u00e9change. Canada, Japon, Maroc, France, Espagne, Hongrie, Belgique n\u00e9erlandophone pour ne citer que celles-l\u00e0.<\/p>\n<p>Depuis de nombreuses ann\u00e9es, l\u2019UMONS conclut avec de ses partenaires internationaux des Conventions de Coop\u00e9ration et des Accords d\u2019Echange d\u2019Etudiants et de Personnel. Ces accords permettent de renforcer les liens existants, d\u2019offrir un cadre g\u00e9n\u00e9ral clair pour le d\u00e9veloppement de nouvelles collaborations d\u2019enseignement et de recherche et de r\u00e9aliser des \u00e9changes d\u2019\u00e9tudiants et de personnel en dehors du programme ERASMUS+.<\/p>\n<p>L&rsquo;ESHS b\u00e9n\u00e9ficie \u00e9galement de ces conventions, accessibles \u00e0 ses \u00e9tudiant\u2022es.<\/p>\n<p><a href=\"https:\/\/web.umons.ac.be\/fr\/international\/conventions-institutionnelles\/\">Consulter le catalogue complet<\/a><\/p>\n<h2>Vous souhaitez compl\u00e9ter votre dossier ?<\/h2>\n<p>Prenez contact avec Aymar Nyenyezi Bisoka, coordinateur acad\u00e9mique des programmes Erasmus, par <a href=\"https:\/\/web.umons.ac.be\/eshs\/wp-includes\/js\/tinymce\/Ecole \/ ESHS\/Aymar.NYENYEZIBISOKA@umons.ac.be\">email<\/a>.<\/p>\n<h1>D\u00e9couvrir le s\u00e9jour de Selim en images<\/h1>\n<div id='gallery-1' class='gallery galleryid-1022 gallery-columns-3 gallery-size-medium'><figure class='gallery-item'>\n\t\t\t<div class='gallery-icon landscape'>\n\t\t\t\t<a href='https:\/\/web.umons.ac.be\/eshs\/fr\/temoignage-selim-akcasar-est-parti-en-programme-dechange-au-japon\/20220726_144858\/'><img loading=\"lazy\" decoding=\"async\" width=\"300\" height=\"225\" src=\"https:\/\/web.umons.ac.be\/app\/uploads\/sites\/8\/2023\/01\/20220726_144858-300x225.jpg\" class=\"attachment-medium size-medium\" alt=\"\" srcset=\"https:\/\/web.umons.ac.be\/app\/uploads\/sites\/8\/2023\/01\/20220726_144858-300x225.jpg 300w, https:\/\/web.umons.ac.be\/app\/uploads\/sites\/8\/2023\/01\/20220726_144858-1024x768.jpg 1024w, https:\/\/web.umons.ac.be\/app\/uploads\/sites\/8\/2023\/01\/20220726_144858-768x576.jpg 768w, https:\/\/web.umons.ac.be\/app\/uploads\/sites\/8\/2023\/01\/20220726_144858-1536x1152.jpg 1536w, https:\/\/web.umons.ac.be\/app\/uploads\/sites\/8\/2023\/01\/20220726_144858-880x660.jpg 880w, https:\/\/web.umons.ac.be\/app\/uploads\/sites\/8\/2023\/01\/20220726_144858-30x23.jpg 30w, https:\/\/web.umons.ac.be\/app\/uploads\/sites\/8\/2023\/01\/20220726_144858-60x45.jpg 60w, https:\/\/web.umons.ac.be\/app\/uploads\/sites\/8\/2023\/01\/20220726_144858-360x270.jpg 360w, https:\/\/web.umons.ac.be\/app\/uploads\/sites\/8\/2023\/01\/20220726_144858.jpg 2016w\" sizes=\"auto, (max-width: 300px) 100vw, 300px\" \/><\/a>\n\t\t\t<\/div><\/figure><figure class='gallery-item'>\n\t\t\t<div class='gallery-icon portrait'>\n\t\t\t\t<a href='https:\/\/web.umons.ac.be\/eshs\/fr\/temoignage-selim-akcasar-est-parti-en-programme-dechange-au-japon\/20220327_091623-26\/'><img loading=\"lazy\" decoding=\"async\" width=\"218\" height=\"300\" src=\"https:\/\/web.umons.ac.be\/app\/uploads\/sites\/8\/2023\/01\/20220327_091623-26-218x300.jpg\" class=\"attachment-medium size-medium\" alt=\"\" srcset=\"https:\/\/web.umons.ac.be\/app\/uploads\/sites\/8\/2023\/01\/20220327_091623-26-218x300.jpg 218w, https:\/\/web.umons.ac.be\/app\/uploads\/sites\/8\/2023\/01\/20220327_091623-26-744x1024.jpg 744w, https:\/\/web.umons.ac.be\/app\/uploads\/sites\/8\/2023\/01\/20220327_091623-26-768x1058.jpg 768w, https:\/\/web.umons.ac.be\/app\/uploads\/sites\/8\/2023\/01\/20220327_091623-26-1115x1536.jpg 1115w, https:\/\/web.umons.ac.be\/app\/uploads\/sites\/8\/2023\/01\/20220327_091623-26-1487x2048.jpg 1487w, https:\/\/web.umons.ac.be\/app\/uploads\/sites\/8\/2023\/01\/20220327_091623-26-479x660.jpg 479w, https:\/\/web.umons.ac.be\/app\/uploads\/sites\/8\/2023\/01\/20220327_091623-26-30x41.jpg 30w, https:\/\/web.umons.ac.be\/app\/uploads\/sites\/8\/2023\/01\/20220327_091623-26-44x60.jpg 44w, https:\/\/web.umons.ac.be\/app\/uploads\/sites\/8\/2023\/01\/20220327_091623-26-360x496.jpg 360w, https:\/\/web.umons.ac.be\/app\/uploads\/sites\/8\/2023\/01\/20220327_091623-26-scaled.jpg 1859w\" sizes=\"auto, (max-width: 218px) 100vw, 218px\" \/><\/a>\n\t\t\t<\/div><\/figure><figure class='gallery-item'>\n\t\t\t<div class='gallery-icon landscape'>\n\t\t\t\t<a href='https:\/\/web.umons.ac.be\/eshs\/fr\/temoignage-selim-akcasar-est-parti-en-programme-dechange-au-japon\/20220410_145944\/'><img loading=\"lazy\" decoding=\"async\" width=\"300\" height=\"225\" src=\"https:\/\/web.umons.ac.be\/app\/uploads\/sites\/8\/2023\/01\/20220410_145944-300x225.jpg\" class=\"attachment-medium size-medium\" alt=\"\" srcset=\"https:\/\/web.umons.ac.be\/app\/uploads\/sites\/8\/2023\/01\/20220410_145944-300x225.jpg 300w, https:\/\/web.umons.ac.be\/app\/uploads\/sites\/8\/2023\/01\/20220410_145944-1024x768.jpg 1024w, https:\/\/web.umons.ac.be\/app\/uploads\/sites\/8\/2023\/01\/20220410_145944-768x576.jpg 768w, https:\/\/web.umons.ac.be\/app\/uploads\/sites\/8\/2023\/01\/20220410_145944-1536x1152.jpg 1536w, https:\/\/web.umons.ac.be\/app\/uploads\/sites\/8\/2023\/01\/20220410_145944-880x660.jpg 880w, https:\/\/web.umons.ac.be\/app\/uploads\/sites\/8\/2023\/01\/20220410_145944-30x23.jpg 30w, https:\/\/web.umons.ac.be\/app\/uploads\/sites\/8\/2023\/01\/20220410_145944-60x45.jpg 60w, https:\/\/web.umons.ac.be\/app\/uploads\/sites\/8\/2023\/01\/20220410_145944-360x270.jpg 360w, https:\/\/web.umons.ac.be\/app\/uploads\/sites\/8\/2023\/01\/20220410_145944.jpg 2016w\" sizes=\"auto, (max-width: 300px) 100vw, 300px\" \/><\/a>\n\t\t\t<\/div><\/figure><figure class='gallery-item'>\n\t\t\t<div class='gallery-icon landscape'>\n\t\t\t\t<a href='https:\/\/web.umons.ac.be\/eshs\/fr\/temoignage-selim-akcasar-est-parti-en-programme-dechange-au-japon\/20220502_193619\/'><img loading=\"lazy\" decoding=\"async\" width=\"300\" height=\"225\" src=\"https:\/\/web.umons.ac.be\/app\/uploads\/sites\/8\/2023\/01\/20220502_193619-300x225.jpg\" class=\"attachment-medium size-medium\" alt=\"\" srcset=\"https:\/\/web.umons.ac.be\/app\/uploads\/sites\/8\/2023\/01\/20220502_193619-300x225.jpg 300w, https:\/\/web.umons.ac.be\/app\/uploads\/sites\/8\/2023\/01\/20220502_193619-1024x768.jpg 1024w, https:\/\/web.umons.ac.be\/app\/uploads\/sites\/8\/2023\/01\/20220502_193619-768x576.jpg 768w, https:\/\/web.umons.ac.be\/app\/uploads\/sites\/8\/2023\/01\/20220502_193619-1536x1152.jpg 1536w, https:\/\/web.umons.ac.be\/app\/uploads\/sites\/8\/2023\/01\/20220502_193619-880x660.jpg 880w, https:\/\/web.umons.ac.be\/app\/uploads\/sites\/8\/2023\/01\/20220502_193619-30x23.jpg 30w, https:\/\/web.umons.ac.be\/app\/uploads\/sites\/8\/2023\/01\/20220502_193619-60x45.jpg 60w, https:\/\/web.umons.ac.be\/app\/uploads\/sites\/8\/2023\/01\/20220502_193619-360x270.jpg 360w, https:\/\/web.umons.ac.be\/app\/uploads\/sites\/8\/2023\/01\/20220502_193619.jpg 2016w\" sizes=\"auto, (max-width: 300px) 100vw, 300px\" \/><\/a>\n\t\t\t<\/div><\/figure><figure class='gallery-item'>\n\t\t\t<div class='gallery-icon landscape'>\n\t\t\t\t<a href='https:\/\/web.umons.ac.be\/eshs\/fr\/temoignage-selim-akcasar-est-parti-en-programme-dechange-au-japon\/20220514_164749\/'><img loading=\"lazy\" decoding=\"async\" width=\"300\" height=\"225\" src=\"https:\/\/web.umons.ac.be\/app\/uploads\/sites\/8\/2023\/01\/20220514_164749-300x225.jpg\" class=\"attachment-medium size-medium\" alt=\"\" srcset=\"https:\/\/web.umons.ac.be\/app\/uploads\/sites\/8\/2023\/01\/20220514_164749-300x225.jpg 300w, https:\/\/web.umons.ac.be\/app\/uploads\/sites\/8\/2023\/01\/20220514_164749-1024x768.jpg 1024w, https:\/\/web.umons.ac.be\/app\/uploads\/sites\/8\/2023\/01\/20220514_164749-768x576.jpg 768w, https:\/\/web.umons.ac.be\/app\/uploads\/sites\/8\/2023\/01\/20220514_164749-1536x1152.jpg 1536w, https:\/\/web.umons.ac.be\/app\/uploads\/sites\/8\/2023\/01\/20220514_164749-880x660.jpg 880w, https:\/\/web.umons.ac.be\/app\/uploads\/sites\/8\/2023\/01\/20220514_164749-30x23.jpg 30w, https:\/\/web.umons.ac.be\/app\/uploads\/sites\/8\/2023\/01\/20220514_164749-60x45.jpg 60w, https:\/\/web.umons.ac.be\/app\/uploads\/sites\/8\/2023\/01\/20220514_164749-360x270.jpg 360w, https:\/\/web.umons.ac.be\/app\/uploads\/sites\/8\/2023\/01\/20220514_164749.jpg 2016w\" sizes=\"auto, (max-width: 300px) 100vw, 300px\" \/><\/a>\n\t\t\t<\/div><\/figure><figure class='gallery-item'>\n\t\t\t<div class='gallery-icon portrait'>\n\t\t\t\t<a href='https:\/\/web.umons.ac.be\/eshs\/fr\/temoignage-selim-akcasar-est-parti-en-programme-dechange-au-japon\/20220514_171655\/'><img loading=\"lazy\" decoding=\"async\" width=\"225\" height=\"300\" src=\"https:\/\/web.umons.ac.be\/app\/uploads\/sites\/8\/2023\/01\/20220514_171655-225x300.jpg\" class=\"attachment-medium size-medium\" alt=\"\" srcset=\"https:\/\/web.umons.ac.be\/app\/uploads\/sites\/8\/2023\/01\/20220514_171655-225x300.jpg 225w, https:\/\/web.umons.ac.be\/app\/uploads\/sites\/8\/2023\/01\/20220514_171655-768x1024.jpg 768w, https:\/\/web.umons.ac.be\/app\/uploads\/sites\/8\/2023\/01\/20220514_171655-1152x1536.jpg 1152w, https:\/\/web.umons.ac.be\/app\/uploads\/sites\/8\/2023\/01\/20220514_171655-495x660.jpg 495w, https:\/\/web.umons.ac.be\/app\/uploads\/sites\/8\/2023\/01\/20220514_171655-30x40.jpg 30w, https:\/\/web.umons.ac.be\/app\/uploads\/sites\/8\/2023\/01\/20220514_171655-45x60.jpg 45w, https:\/\/web.umons.ac.be\/app\/uploads\/sites\/8\/2023\/01\/20220514_171655-360x480.jpg 360w, https:\/\/web.umons.ac.be\/app\/uploads\/sites\/8\/2023\/01\/20220514_171655-rotated.jpg 1512w\" sizes=\"auto, (max-width: 225px) 100vw, 225px\" \/><\/a>\n\t\t\t<\/div><\/figure><figure class='gallery-item'>\n\t\t\t<div class='gallery-icon landscape'>\n\t\t\t\t<a href='https:\/\/web.umons.ac.be\/eshs\/fr\/temoignage-selim-akcasar-est-parti-en-programme-dechange-au-japon\/20220514_180954\/'><img loading=\"lazy\" decoding=\"async\" width=\"300\" height=\"225\" src=\"https:\/\/web.umons.ac.be\/app\/uploads\/sites\/8\/2023\/01\/20220514_180954-300x225.jpg\" class=\"attachment-medium size-medium\" alt=\"\" srcset=\"https:\/\/web.umons.ac.be\/app\/uploads\/sites\/8\/2023\/01\/20220514_180954-300x225.jpg 300w, https:\/\/web.umons.ac.be\/app\/uploads\/sites\/8\/2023\/01\/20220514_180954-1024x768.jpg 1024w, https:\/\/web.umons.ac.be\/app\/uploads\/sites\/8\/2023\/01\/20220514_180954-768x576.jpg 768w, https:\/\/web.umons.ac.be\/app\/uploads\/sites\/8\/2023\/01\/20220514_180954-1536x1152.jpg 1536w, https:\/\/web.umons.ac.be\/app\/uploads\/sites\/8\/2023\/01\/20220514_180954-880x660.jpg 880w, https:\/\/web.umons.ac.be\/app\/uploads\/sites\/8\/2023\/01\/20220514_180954-30x23.jpg 30w, https:\/\/web.umons.ac.be\/app\/uploads\/sites\/8\/2023\/01\/20220514_180954-60x45.jpg 60w, https:\/\/web.umons.ac.be\/app\/uploads\/sites\/8\/2023\/01\/20220514_180954-360x270.jpg 360w, https:\/\/web.umons.ac.be\/app\/uploads\/sites\/8\/2023\/01\/20220514_180954.jpg 2016w\" sizes=\"auto, (max-width: 300px) 100vw, 300px\" \/><\/a>\n\t\t\t<\/div><\/figure><figure class='gallery-item'>\n\t\t\t<div class='gallery-icon portrait'>\n\t\t\t\t<a href='https:\/\/web.umons.ac.be\/eshs\/fr\/temoignage-selim-akcasar-est-parti-en-programme-dechange-au-japon\/20220517_134206\/'><img loading=\"lazy\" decoding=\"async\" width=\"225\" height=\"300\" src=\"https:\/\/web.umons.ac.be\/app\/uploads\/sites\/8\/2023\/01\/20220517_134206-225x300.jpg\" class=\"attachment-medium size-medium\" alt=\"\" srcset=\"https:\/\/web.umons.ac.be\/app\/uploads\/sites\/8\/2023\/01\/20220517_134206-225x300.jpg 225w, https:\/\/web.umons.ac.be\/app\/uploads\/sites\/8\/2023\/01\/20220517_134206-768x1024.jpg 768w, https:\/\/web.umons.ac.be\/app\/uploads\/sites\/8\/2023\/01\/20220517_134206-1152x1536.jpg 1152w, https:\/\/web.umons.ac.be\/app\/uploads\/sites\/8\/2023\/01\/20220517_134206-495x660.jpg 495w, https:\/\/web.umons.ac.be\/app\/uploads\/sites\/8\/2023\/01\/20220517_134206-30x40.jpg 30w, https:\/\/web.umons.ac.be\/app\/uploads\/sites\/8\/2023\/01\/20220517_134206-45x60.jpg 45w, https:\/\/web.umons.ac.be\/app\/uploads\/sites\/8\/2023\/01\/20220517_134206-360x480.jpg 360w, https:\/\/web.umons.ac.be\/app\/uploads\/sites\/8\/2023\/01\/20220517_134206-rotated.jpg 1512w\" sizes=\"auto, (max-width: 225px) 100vw, 225px\" \/><\/a>\n\t\t\t<\/div><\/figure><figure class='gallery-item'>\n\t\t\t<div class='gallery-icon landscape'>\n\t\t\t\t<a href='https:\/\/web.umons.ac.be\/eshs\/fr\/temoignage-selim-akcasar-est-parti-en-programme-dechange-au-japon\/20220517_140911\/'><img loading=\"lazy\" decoding=\"async\" width=\"300\" height=\"225\" src=\"https:\/\/web.umons.ac.be\/app\/uploads\/sites\/8\/2023\/01\/20220517_140911-300x225.jpg\" class=\"attachment-medium size-medium\" alt=\"\" srcset=\"https:\/\/web.umons.ac.be\/app\/uploads\/sites\/8\/2023\/01\/20220517_140911-300x225.jpg 300w, https:\/\/web.umons.ac.be\/app\/uploads\/sites\/8\/2023\/01\/20220517_140911-1024x768.jpg 1024w, https:\/\/web.umons.ac.be\/app\/uploads\/sites\/8\/2023\/01\/20220517_140911-768x576.jpg 768w, https:\/\/web.umons.ac.be\/app\/uploads\/sites\/8\/2023\/01\/20220517_140911-1536x1152.jpg 1536w, https:\/\/web.umons.ac.be\/app\/uploads\/sites\/8\/2023\/01\/20220517_140911-880x660.jpg 880w, https:\/\/web.umons.ac.be\/app\/uploads\/sites\/8\/2023\/01\/20220517_140911-30x23.jpg 30w, https:\/\/web.umons.ac.be\/app\/uploads\/sites\/8\/2023\/01\/20220517_140911-60x45.jpg 60w, https:\/\/web.umons.ac.be\/app\/uploads\/sites\/8\/2023\/01\/20220517_140911-360x270.jpg 360w, https:\/\/web.umons.ac.be\/app\/uploads\/sites\/8\/2023\/01\/20220517_140911.jpg 2016w\" sizes=\"auto, (max-width: 300px) 100vw, 300px\" \/><\/a>\n\t\t\t<\/div><\/figure><figure class='gallery-item'>\n\t\t\t<div class='gallery-icon portrait'>\n\t\t\t\t<a href='https:\/\/web.umons.ac.be\/eshs\/fr\/temoignage-selim-akcasar-est-parti-en-programme-dechange-au-japon\/20220517_152509\/'><img loading=\"lazy\" decoding=\"async\" width=\"225\" height=\"300\" src=\"https:\/\/web.umons.ac.be\/app\/uploads\/sites\/8\/2023\/01\/20220517_152509-225x300.jpg\" class=\"attachment-medium size-medium\" alt=\"\" srcset=\"https:\/\/web.umons.ac.be\/app\/uploads\/sites\/8\/2023\/01\/20220517_152509-225x300.jpg 225w, https:\/\/web.umons.ac.be\/app\/uploads\/sites\/8\/2023\/01\/20220517_152509-768x1024.jpg 768w, https:\/\/web.umons.ac.be\/app\/uploads\/sites\/8\/2023\/01\/20220517_152509-1152x1536.jpg 1152w, https:\/\/web.umons.ac.be\/app\/uploads\/sites\/8\/2023\/01\/20220517_152509-495x660.jpg 495w, https:\/\/web.umons.ac.be\/app\/uploads\/sites\/8\/2023\/01\/20220517_152509-30x40.jpg 30w, https:\/\/web.umons.ac.be\/app\/uploads\/sites\/8\/2023\/01\/20220517_152509-45x60.jpg 45w, https:\/\/web.umons.ac.be\/app\/uploads\/sites\/8\/2023\/01\/20220517_152509-360x480.jpg 360w, https:\/\/web.umons.ac.be\/app\/uploads\/sites\/8\/2023\/01\/20220517_152509-rotated.jpg 1512w\" sizes=\"auto, (max-width: 225px) 100vw, 225px\" \/><\/a>\n\t\t\t<\/div><\/figure><figure class='gallery-item'>\n\t\t\t<div class='gallery-icon portrait'>\n\t\t\t\t<a href='https:\/\/web.umons.ac.be\/eshs\/fr\/temoignage-selim-akcasar-est-parti-en-programme-dechange-au-japon\/20220517_160032\/'><img loading=\"lazy\" decoding=\"async\" width=\"225\" height=\"300\" src=\"https:\/\/web.umons.ac.be\/app\/uploads\/sites\/8\/2023\/01\/20220517_160032-225x300.jpg\" class=\"attachment-medium size-medium\" alt=\"\" srcset=\"https:\/\/web.umons.ac.be\/app\/uploads\/sites\/8\/2023\/01\/20220517_160032-225x300.jpg 225w, https:\/\/web.umons.ac.be\/app\/uploads\/sites\/8\/2023\/01\/20220517_160032-768x1024.jpg 768w, https:\/\/web.umons.ac.be\/app\/uploads\/sites\/8\/2023\/01\/20220517_160032-1152x1536.jpg 1152w, https:\/\/web.umons.ac.be\/app\/uploads\/sites\/8\/2023\/01\/20220517_160032-495x660.jpg 495w, https:\/\/web.umons.ac.be\/app\/uploads\/sites\/8\/2023\/01\/20220517_160032-30x40.jpg 30w, https:\/\/web.umons.ac.be\/app\/uploads\/sites\/8\/2023\/01\/20220517_160032-45x60.jpg 45w, https:\/\/web.umons.ac.be\/app\/uploads\/sites\/8\/2023\/01\/20220517_160032-360x480.jpg 360w, https:\/\/web.umons.ac.be\/app\/uploads\/sites\/8\/2023\/01\/20220517_160032-rotated.jpg 1512w\" sizes=\"auto, (max-width: 225px) 100vw, 225px\" \/><\/a>\n\t\t\t<\/div><\/figure><figure class='gallery-item'>\n\t\t\t<div class='gallery-icon landscape'>\n\t\t\t\t<a href='https:\/\/web.umons.ac.be\/eshs\/fr\/temoignage-selim-akcasar-est-parti-en-programme-dechange-au-japon\/20220604_180822\/'><img loading=\"lazy\" decoding=\"async\" width=\"300\" height=\"225\" src=\"https:\/\/web.umons.ac.be\/app\/uploads\/sites\/8\/2023\/01\/20220604_180822-300x225.jpg\" class=\"attachment-medium size-medium\" alt=\"\" srcset=\"https:\/\/web.umons.ac.be\/app\/uploads\/sites\/8\/2023\/01\/20220604_180822-300x225.jpg 300w, https:\/\/web.umons.ac.be\/app\/uploads\/sites\/8\/2023\/01\/20220604_180822-1024x768.jpg 1024w, https:\/\/web.umons.ac.be\/app\/uploads\/sites\/8\/2023\/01\/20220604_180822-768x576.jpg 768w, https:\/\/web.umons.ac.be\/app\/uploads\/sites\/8\/2023\/01\/20220604_180822-1536x1152.jpg 1536w, https:\/\/web.umons.ac.be\/app\/uploads\/sites\/8\/2023\/01\/20220604_180822-880x660.jpg 880w, https:\/\/web.umons.ac.be\/app\/uploads\/sites\/8\/2023\/01\/20220604_180822-30x23.jpg 30w, https:\/\/web.umons.ac.be\/app\/uploads\/sites\/8\/2023\/01\/20220604_180822-60x45.jpg 60w, https:\/\/web.umons.ac.be\/app\/uploads\/sites\/8\/2023\/01\/20220604_180822-360x270.jpg 360w, https:\/\/web.umons.ac.be\/app\/uploads\/sites\/8\/2023\/01\/20220604_180822.jpg 2016w\" sizes=\"auto, (max-width: 300px) 100vw, 300px\" \/><\/a>\n\t\t\t<\/div><\/figure><figure class='gallery-item'>\n\t\t\t<div class='gallery-icon landscape'>\n\t\t\t\t<a href='https:\/\/web.umons.ac.be\/eshs\/fr\/temoignage-selim-akcasar-est-parti-en-programme-dechange-au-japon\/20220611_141914\/'><img loading=\"lazy\" decoding=\"async\" width=\"300\" height=\"283\" src=\"https:\/\/web.umons.ac.be\/app\/uploads\/sites\/8\/2023\/01\/20220611_141914-300x283.jpg\" class=\"attachment-medium size-medium\" alt=\"\" srcset=\"https:\/\/web.umons.ac.be\/app\/uploads\/sites\/8\/2023\/01\/20220611_141914-300x283.jpg 300w, https:\/\/web.umons.ac.be\/app\/uploads\/sites\/8\/2023\/01\/20220611_141914-1024x967.jpg 1024w, https:\/\/web.umons.ac.be\/app\/uploads\/sites\/8\/2023\/01\/20220611_141914-768x725.jpg 768w, https:\/\/web.umons.ac.be\/app\/uploads\/sites\/8\/2023\/01\/20220611_141914-1536x1450.jpg 1536w, https:\/\/web.umons.ac.be\/app\/uploads\/sites\/8\/2023\/01\/20220611_141914-2048x1934.jpg 2048w, https:\/\/web.umons.ac.be\/app\/uploads\/sites\/8\/2023\/01\/20220611_141914-699x660.jpg 699w, https:\/\/web.umons.ac.be\/app\/uploads\/sites\/8\/2023\/01\/20220611_141914-30x28.jpg 30w, https:\/\/web.umons.ac.be\/app\/uploads\/sites\/8\/2023\/01\/20220611_141914-60x57.jpg 60w, https:\/\/web.umons.ac.be\/app\/uploads\/sites\/8\/2023\/01\/20220611_141914-360x340.jpg 360w\" sizes=\"auto, (max-width: 300px) 100vw, 300px\" \/><\/a>\n\t\t\t<\/div><\/figure><figure class='gallery-item'>\n\t\t\t<div class='gallery-icon landscape'>\n\t\t\t\t<a href='https:\/\/web.umons.ac.be\/eshs\/fr\/temoignage-selim-akcasar-est-parti-en-programme-dechange-au-japon\/20220618_163318\/'><img loading=\"lazy\" decoding=\"async\" width=\"300\" height=\"225\" src=\"https:\/\/web.umons.ac.be\/app\/uploads\/sites\/8\/2023\/01\/20220618_163318-300x225.jpg\" class=\"attachment-medium size-medium\" alt=\"\" srcset=\"https:\/\/web.umons.ac.be\/app\/uploads\/sites\/8\/2023\/01\/20220618_163318-300x225.jpg 300w, https:\/\/web.umons.ac.be\/app\/uploads\/sites\/8\/2023\/01\/20220618_163318-1024x768.jpg 1024w, https:\/\/web.umons.ac.be\/app\/uploads\/sites\/8\/2023\/01\/20220618_163318-768x576.jpg 768w, https:\/\/web.umons.ac.be\/app\/uploads\/sites\/8\/2023\/01\/20220618_163318-1536x1152.jpg 1536w, https:\/\/web.umons.ac.be\/app\/uploads\/sites\/8\/2023\/01\/20220618_163318-880x660.jpg 880w, https:\/\/web.umons.ac.be\/app\/uploads\/sites\/8\/2023\/01\/20220618_163318-30x23.jpg 30w, https:\/\/web.umons.ac.be\/app\/uploads\/sites\/8\/2023\/01\/20220618_163318-60x45.jpg 60w, https:\/\/web.umons.ac.be\/app\/uploads\/sites\/8\/2023\/01\/20220618_163318-360x270.jpg 360w, https:\/\/web.umons.ac.be\/app\/uploads\/sites\/8\/2023\/01\/20220618_163318.jpg 2016w\" sizes=\"auto, (max-width: 300px) 100vw, 300px\" \/><\/a>\n\t\t\t<\/div><\/figure><figure class='gallery-item'>\n\t\t\t<div class='gallery-icon landscape'>\n\t\t\t\t<a href='https:\/\/web.umons.ac.be\/eshs\/fr\/temoignage-selim-akcasar-est-parti-en-programme-dechange-au-japon\/20220626_112653\/'><img loading=\"lazy\" decoding=\"async\" width=\"300\" height=\"225\" src=\"https:\/\/web.umons.ac.be\/app\/uploads\/sites\/8\/2023\/01\/20220626_112653-300x225.jpg\" class=\"attachment-medium size-medium\" alt=\"\" srcset=\"https:\/\/web.umons.ac.be\/app\/uploads\/sites\/8\/2023\/01\/20220626_112653-300x225.jpg 300w, https:\/\/web.umons.ac.be\/app\/uploads\/sites\/8\/2023\/01\/20220626_112653-1024x768.jpg 1024w, https:\/\/web.umons.ac.be\/app\/uploads\/sites\/8\/2023\/01\/20220626_112653-768x576.jpg 768w, https:\/\/web.umons.ac.be\/app\/uploads\/sites\/8\/2023\/01\/20220626_112653-1536x1152.jpg 1536w, https:\/\/web.umons.ac.be\/app\/uploads\/sites\/8\/2023\/01\/20220626_112653-880x660.jpg 880w, https:\/\/web.umons.ac.be\/app\/uploads\/sites\/8\/2023\/01\/20220626_112653-30x23.jpg 30w, https:\/\/web.umons.ac.be\/app\/uploads\/sites\/8\/2023\/01\/20220626_112653-60x45.jpg 60w, https:\/\/web.umons.ac.be\/app\/uploads\/sites\/8\/2023\/01\/20220626_112653-360x270.jpg 360w, https:\/\/web.umons.ac.be\/app\/uploads\/sites\/8\/2023\/01\/20220626_112653.jpg 2016w\" sizes=\"auto, (max-width: 300px) 100vw, 300px\" \/><\/a>\n\t\t\t<\/div><\/figure><figure class='gallery-item'>\n\t\t\t<div class='gallery-icon landscape'>\n\t\t\t\t<a href='https:\/\/web.umons.ac.be\/eshs\/fr\/temoignage-selim-akcasar-est-parti-en-programme-dechange-au-japon\/20220715_133751\/'><img loading=\"lazy\" decoding=\"async\" width=\"300\" height=\"225\" src=\"https:\/\/web.umons.ac.be\/app\/uploads\/sites\/8\/2023\/01\/20220715_133751-300x225.jpg\" class=\"attachment-medium size-medium\" alt=\"\" srcset=\"https:\/\/web.umons.ac.be\/app\/uploads\/sites\/8\/2023\/01\/20220715_133751-300x225.jpg 300w, https:\/\/web.umons.ac.be\/app\/uploads\/sites\/8\/2023\/01\/20220715_133751-1024x768.jpg 1024w, https:\/\/web.umons.ac.be\/app\/uploads\/sites\/8\/2023\/01\/20220715_133751-768x576.jpg 768w, https:\/\/web.umons.ac.be\/app\/uploads\/sites\/8\/2023\/01\/20220715_133751-1536x1152.jpg 1536w, https:\/\/web.umons.ac.be\/app\/uploads\/sites\/8\/2023\/01\/20220715_133751-880x660.jpg 880w, https:\/\/web.umons.ac.be\/app\/uploads\/sites\/8\/2023\/01\/20220715_133751-30x23.jpg 30w, https:\/\/web.umons.ac.be\/app\/uploads\/sites\/8\/2023\/01\/20220715_133751-60x45.jpg 60w, https:\/\/web.umons.ac.be\/app\/uploads\/sites\/8\/2023\/01\/20220715_133751-360x270.jpg 360w, https:\/\/web.umons.ac.be\/app\/uploads\/sites\/8\/2023\/01\/20220715_133751.jpg 2016w\" sizes=\"auto, (max-width: 300px) 100vw, 300px\" \/><\/a>\n\t\t\t<\/div><\/figure><figure class='gallery-item'>\n\t\t\t<div class='gallery-icon landscape'>\n\t\t\t\t<a href='https:\/\/web.umons.ac.be\/eshs\/fr\/temoignage-selim-akcasar-est-parti-en-programme-dechange-au-japon\/20220716_215415\/'><img loading=\"lazy\" decoding=\"async\" width=\"300\" height=\"225\" src=\"https:\/\/web.umons.ac.be\/app\/uploads\/sites\/8\/2023\/01\/20220716_215415-300x225.jpg\" class=\"attachment-medium size-medium\" alt=\"\" srcset=\"https:\/\/web.umons.ac.be\/app\/uploads\/sites\/8\/2023\/01\/20220716_215415-300x225.jpg 300w, https:\/\/web.umons.ac.be\/app\/uploads\/sites\/8\/2023\/01\/20220716_215415-1024x768.jpg 1024w, https:\/\/web.umons.ac.be\/app\/uploads\/sites\/8\/2023\/01\/20220716_215415-768x576.jpg 768w, https:\/\/web.umons.ac.be\/app\/uploads\/sites\/8\/2023\/01\/20220716_215415-1536x1152.jpg 1536w, https:\/\/web.umons.ac.be\/app\/uploads\/sites\/8\/2023\/01\/20220716_215415-880x660.jpg 880w, https:\/\/web.umons.ac.be\/app\/uploads\/sites\/8\/2023\/01\/20220716_215415-30x23.jpg 30w, https:\/\/web.umons.ac.be\/app\/uploads\/sites\/8\/2023\/01\/20220716_215415-60x45.jpg 60w, https:\/\/web.umons.ac.be\/app\/uploads\/sites\/8\/2023\/01\/20220716_215415-360x270.jpg 360w, https:\/\/web.umons.ac.be\/app\/uploads\/sites\/8\/2023\/01\/20220716_215415.jpg 2016w\" sizes=\"auto, (max-width: 300px) 100vw, 300px\" \/><\/a>\n\t\t\t<\/div><\/figure><figure class='gallery-item'>\n\t\t\t<div class='gallery-icon portrait'>\n\t\t\t\t<a href='https:\/\/web.umons.ac.be\/eshs\/fr\/temoignage-selim-akcasar-est-parti-en-programme-dechange-au-japon\/20220729_154826\/'><img loading=\"lazy\" decoding=\"async\" width=\"225\" height=\"300\" src=\"https:\/\/web.umons.ac.be\/app\/uploads\/sites\/8\/2023\/01\/20220729_154826-225x300.jpg\" class=\"attachment-medium size-medium\" alt=\"\" srcset=\"https:\/\/web.umons.ac.be\/app\/uploads\/sites\/8\/2023\/01\/20220729_154826-225x300.jpg 225w, https:\/\/web.umons.ac.be\/app\/uploads\/sites\/8\/2023\/01\/20220729_154826-768x1024.jpg 768w, https:\/\/web.umons.ac.be\/app\/uploads\/sites\/8\/2023\/01\/20220729_154826-1152x1536.jpg 1152w, https:\/\/web.umons.ac.be\/app\/uploads\/sites\/8\/2023\/01\/20220729_154826-495x660.jpg 495w, https:\/\/web.umons.ac.be\/app\/uploads\/sites\/8\/2023\/01\/20220729_154826-30x40.jpg 30w, https:\/\/web.umons.ac.be\/app\/uploads\/sites\/8\/2023\/01\/20220729_154826-45x60.jpg 45w, https:\/\/web.umons.ac.be\/app\/uploads\/sites\/8\/2023\/01\/20220729_154826-360x480.jpg 360w, https:\/\/web.umons.ac.be\/app\/uploads\/sites\/8\/2023\/01\/20220729_154826-rotated.jpg 1512w\" sizes=\"auto, (max-width: 225px) 100vw, 225px\" \/><\/a>\n\t\t\t<\/div><\/figure>\n\t\t<\/div>\n\n<h1>Consulter d&rsquo;autres articles<\/h1>\n<ul>\n<li><a href=\"https:\/\/www.courrierinternational.com\/article\/universites-partir-etudier-au-japon-c-est-le-bon-moment\"><span class=\"strapline\">Universit\u00e9s.<\/span> Partir \u00e9tudier au\u00a0Japon\u00a0: c\u2019est le bon moment\u00a0!<\/a><\/li>\n<\/ul>\n","protected":false},"excerpt":{"rendered":"<p>Chaque ann\u00e9e, des milliers d\u2019\u00e9tudiants partent \u00e9tudier \u00e0 l\u2019\u00e9tranger dans le cadre de leurs \u00e9tudes. Largement connu gr\u00e2ce au programme Erasmus, les accords entre universit\u00e9s de diff\u00e9rents pays permettent aux \u00e9tudiants de poursuivre leur cursus de bachelier ou de master \u00e0 l\u2019international.<\/p>\n","protected":false},"author":43,"featured_media":1023,"comment_status":"open","ping_status":"open","sticky":false,"template":"","format":"standard","meta":{"footnotes":""},"categories":[90,80,128],"tags":[],"class_list":["post-1022","post","type-post","status-publish","format-standard","has-post-thumbnail","hentry","category-alumni","category-international","category-mobilite-internationale"],"yoast_head":"<!-- This site is optimized with the Yoast SEO plugin v27.2 - https:\/\/yoast.com\/product\/yoast-seo-wordpress\/ -->\n<title>T\u00e9moignage : Selim Akcasar est parti en programme d&#039;\u00e9change au Japon - Ecole \/ ESHS<\/title>\n<meta name=\"robots\" content=\"index, follow, max-snippet:-1, max-image-preview:large, max-video-preview:-1\" \/>\n<link rel=\"canonical\" href=\"https:\/\/web.umons.ac.be\/eshs\/fr\/temoignage-selim-akcasar-est-parti-en-programme-dechange-au-japon\/\" \/>\n<meta property=\"og:locale\" content=\"fr_FR\" \/>\n<meta property=\"og:type\" content=\"article\" \/>\n<meta property=\"og:title\" content=\"T\u00e9moignage : Selim Akcasar est parti en programme d\u2019\u00e9change au Japon\" \/>\n<meta property=\"og:description\" content=\"Chaque ann\u00e9e, des milliers d\u2019\u00e9tudiants partent \u00e9tudier \u00e0 l\u2019\u00e9tranger dans le cadre de leurs \u00e9tudes. Largement connu gr\u00e2ce au programme Erasmus, les accords entre universit\u00e9s de diff\u00e9rents pays permettent aux \u00e9tudiants de poursuivre leur cursus de bachelier ou de master \u00e0 l\u2019international.\" \/>\n<meta property=\"og:url\" content=\"https:\/\/web.umons.ac.be\/eshs\/fr\/temoignage-selim-akcasar-est-parti-en-programme-dechange-au-japon\/\" \/>\n<meta property=\"og:site_name\" content=\"Ecole \/ ESHS\" \/>\n<meta property=\"article:published_time\" content=\"2023-01-11T15:52:04+00:00\" \/>\n<meta property=\"article:modified_time\" content=\"2023-01-12T13:11:20+00:00\" \/>\n<meta property=\"og:image\" content=\"https:\/\/web.umons.ac.be\/app\/uploads\/sites\/8\/2023\/01\/08B99516-DEE3-47AE-946F-BD5697767128-scaled.jpeg\" \/>\n\t<meta property=\"og:image:width\" content=\"1920\" \/>\n\t<meta property=\"og:image:height\" content=\"2560\" \/>\n\t<meta property=\"og:image:type\" content=\"image\/jpeg\" \/>\n<meta name=\"author\" content=\"Am\u00e9lie Honorez\" \/>\n<meta name=\"twitter:card\" content=\"summary_large_image\" \/>\n<meta name=\"twitter:title\" content=\"T\u00e9moignage : Selim Akcasar est parti en programme d\u2019\u00e9change au Japon\" \/>\n<meta name=\"twitter:description\" content=\"Chaque ann\u00e9e, des milliers d\u2019\u00e9tudiants partent \u00e9tudier \u00e0 l\u2019\u00e9tranger dans le cadre de leurs \u00e9tudes. Largement connu gr\u00e2ce au programme Erasmus, les accords entre universit\u00e9s de diff\u00e9rents pays permettent aux \u00e9tudiants de poursuivre leur cursus de bachelier ou de master \u00e0 l\u2019international.\" \/>\n<meta name=\"twitter:image\" content=\"https:\/\/web.umons.ac.be\/app\/uploads\/sites\/8\/2023\/01\/08B99516-DEE3-47AE-946F-BD5697767128-scaled.jpeg\" \/>\n<meta name=\"twitter:label1\" content=\"\u00c9crit par\" \/>\n\t<meta name=\"twitter:data1\" content=\"Am\u00e9lie Honorez\" \/>\n\t<meta name=\"twitter:label2\" content=\"Dur\u00e9e de lecture estim\u00e9e\" \/>\n\t<meta name=\"twitter:data2\" content=\"5 minutes\" \/>\n<script type=\"application\/ld+json\" class=\"yoast-schema-graph\">{\"@context\":\"https:\/\/schema.org\",\"@graph\":[{\"@type\":\"Article\",\"@id\":\"https:\/\/web.umons.ac.be\/eshs\/fr\/temoignage-selim-akcasar-est-parti-en-programme-dechange-au-japon\/#article\",\"isPartOf\":{\"@id\":\"https:\/\/web.umons.ac.be\/eshs\/fr\/temoignage-selim-akcasar-est-parti-en-programme-dechange-au-japon\/\"},\"author\":{\"name\":\"Am\u00e9lie Honorez\",\"@id\":\"https:\/\/web.umons.ac.be\/eshs\/#\/schema\/person\/2c3bab41553e42e9be46ff25322acaa4\"},\"headline\":\"T\u00e9moignage : Selim Akcasar est parti en programme d&rsquo;\u00e9change au Japon\",\"datePublished\":\"2023-01-11T15:52:04+00:00\",\"dateModified\":\"2023-01-12T13:11:20+00:00\",\"mainEntityOfPage\":{\"@id\":\"https:\/\/web.umons.ac.be\/eshs\/fr\/temoignage-selim-akcasar-est-parti-en-programme-dechange-au-japon\/\"},\"wordCount\":1001,\"commentCount\":0,\"image\":{\"@id\":\"https:\/\/web.umons.ac.be\/eshs\/fr\/temoignage-selim-akcasar-est-parti-en-programme-dechange-au-japon\/#primaryimage\"},\"thumbnailUrl\":\"https:\/\/web.umons.ac.be\/app\/uploads\/sites\/8\/2023\/01\/08B99516-DEE3-47AE-946F-BD5697767128-scaled.jpeg\",\"articleSection\":[\"ALUMNI\",\"International\",\"Mobilit\u00e9 internationale\"],\"inLanguage\":\"fr-FR\",\"potentialAction\":[{\"@type\":\"CommentAction\",\"name\":\"Comment\",\"target\":[\"https:\/\/web.umons.ac.be\/eshs\/fr\/temoignage-selim-akcasar-est-parti-en-programme-dechange-au-japon\/#respond\"]}]},{\"@type\":\"WebPage\",\"@id\":\"https:\/\/web.umons.ac.be\/eshs\/fr\/temoignage-selim-akcasar-est-parti-en-programme-dechange-au-japon\/\",\"url\":\"https:\/\/web.umons.ac.be\/eshs\/fr\/temoignage-selim-akcasar-est-parti-en-programme-dechange-au-japon\/\",\"name\":\"T\u00e9moignage : Selim Akcasar est parti en programme d'\u00e9change au Japon - Ecole \/ ESHS\",\"isPartOf\":{\"@id\":\"https:\/\/web.umons.ac.be\/eshs\/#website\"},\"primaryImageOfPage\":{\"@id\":\"https:\/\/web.umons.ac.be\/eshs\/fr\/temoignage-selim-akcasar-est-parti-en-programme-dechange-au-japon\/#primaryimage\"},\"image\":{\"@id\":\"https:\/\/web.umons.ac.be\/eshs\/fr\/temoignage-selim-akcasar-est-parti-en-programme-dechange-au-japon\/#primaryimage\"},\"thumbnailUrl\":\"https:\/\/web.umons.ac.be\/app\/uploads\/sites\/8\/2023\/01\/08B99516-DEE3-47AE-946F-BD5697767128-scaled.jpeg\",\"datePublished\":\"2023-01-11T15:52:04+00:00\",\"dateModified\":\"2023-01-12T13:11:20+00:00\",\"author\":{\"@id\":\"https:\/\/web.umons.ac.be\/eshs\/#\/schema\/person\/2c3bab41553e42e9be46ff25322acaa4\"},\"breadcrumb\":{\"@id\":\"https:\/\/web.umons.ac.be\/eshs\/fr\/temoignage-selim-akcasar-est-parti-en-programme-dechange-au-japon\/#breadcrumb\"},\"inLanguage\":\"fr-FR\",\"potentialAction\":[{\"@type\":\"ReadAction\",\"target\":[\"https:\/\/web.umons.ac.be\/eshs\/fr\/temoignage-selim-akcasar-est-parti-en-programme-dechange-au-japon\/\"]}]},{\"@type\":\"ImageObject\",\"inLanguage\":\"fr-FR\",\"@id\":\"https:\/\/web.umons.ac.be\/eshs\/fr\/temoignage-selim-akcasar-est-parti-en-programme-dechange-au-japon\/#primaryimage\",\"url\":\"https:\/\/web.umons.ac.be\/app\/uploads\/sites\/8\/2023\/01\/08B99516-DEE3-47AE-946F-BD5697767128-scaled.jpeg\",\"contentUrl\":\"https:\/\/web.umons.ac.be\/app\/uploads\/sites\/8\/2023\/01\/08B99516-DEE3-47AE-946F-BD5697767128-scaled.jpeg\",\"width\":1920,\"height\":2560},{\"@type\":\"BreadcrumbList\",\"@id\":\"https:\/\/web.umons.ac.be\/eshs\/fr\/temoignage-selim-akcasar-est-parti-en-programme-dechange-au-japon\/#breadcrumb\",\"itemListElement\":[{\"@type\":\"ListItem\",\"position\":1,\"name\":\"Accueil\",\"item\":\"https:\/\/web.umons.ac.be\/eshs\/fr\/\"},{\"@type\":\"ListItem\",\"position\":2,\"name\":\"T\u00e9moignage : Selim Akcasar est parti en programme d&rsquo;\u00e9change au Japon\"}]},{\"@type\":\"WebSite\",\"@id\":\"https:\/\/web.umons.ac.be\/eshs\/#website\",\"url\":\"https:\/\/web.umons.ac.be\/eshs\/\",\"name\":\"Ecole \/ ESHS\",\"description\":\"\",\"potentialAction\":[{\"@type\":\"SearchAction\",\"target\":{\"@type\":\"EntryPoint\",\"urlTemplate\":\"https:\/\/web.umons.ac.be\/eshs\/?s={search_term_string}\"},\"query-input\":{\"@type\":\"PropertyValueSpecification\",\"valueRequired\":true,\"valueName\":\"search_term_string\"}}],\"inLanguage\":\"fr-FR\"},{\"@type\":\"Person\",\"@id\":\"https:\/\/web.umons.ac.be\/eshs\/#\/schema\/person\/2c3bab41553e42e9be46ff25322acaa4\",\"name\":\"Am\u00e9lie Honorez\",\"image\":{\"@type\":\"ImageObject\",\"inLanguage\":\"fr-FR\",\"@id\":\"https:\/\/secure.gravatar.com\/avatar\/9c59f6e370e37a7f8cdf1962f6c0fc524d2e502d704933818079b1dfbae61d43?s=96&d=mm&r=g\",\"url\":\"https:\/\/secure.gravatar.com\/avatar\/9c59f6e370e37a7f8cdf1962f6c0fc524d2e502d704933818079b1dfbae61d43?s=96&d=mm&r=g\",\"contentUrl\":\"https:\/\/secure.gravatar.com\/avatar\/9c59f6e370e37a7f8cdf1962f6c0fc524d2e502d704933818079b1dfbae61d43?s=96&d=mm&r=g\",\"caption\":\"Am\u00e9lie Honorez\"},\"url\":\"https:\/\/web.umons.ac.be\/eshs\/author\/ahonorez\/\"}]}<\/script>\n<!-- \/ Yoast SEO plugin. -->","yoast_head_json":{"title":"T\u00e9moignage : Selim Akcasar est parti en programme d'\u00e9change au Japon - Ecole \/ ESHS","robots":{"index":"index","follow":"follow","max-snippet":"max-snippet:-1","max-image-preview":"max-image-preview:large","max-video-preview":"max-video-preview:-1"},"canonical":"https:\/\/web.umons.ac.be\/eshs\/fr\/temoignage-selim-akcasar-est-parti-en-programme-dechange-au-japon\/","og_locale":"fr_FR","og_type":"article","og_title":"T\u00e9moignage : Selim Akcasar est parti en programme d\u2019\u00e9change au Japon","og_description":"Chaque ann\u00e9e, des milliers d\u2019\u00e9tudiants partent \u00e9tudier \u00e0 l\u2019\u00e9tranger dans le cadre de leurs \u00e9tudes. Largement connu gr\u00e2ce au programme Erasmus, les accords entre universit\u00e9s de diff\u00e9rents pays permettent aux \u00e9tudiants de poursuivre leur cursus de bachelier ou de master \u00e0 l\u2019international.","og_url":"https:\/\/web.umons.ac.be\/eshs\/fr\/temoignage-selim-akcasar-est-parti-en-programme-dechange-au-japon\/","og_site_name":"Ecole \/ ESHS","article_published_time":"2023-01-11T15:52:04+00:00","article_modified_time":"2023-01-12T13:11:20+00:00","og_image":[{"width":1920,"height":2560,"url":"https:\/\/web.umons.ac.be\/app\/uploads\/sites\/8\/2023\/01\/08B99516-DEE3-47AE-946F-BD5697767128-scaled.jpeg","type":"image\/jpeg"}],"author":"Am\u00e9lie Honorez","twitter_card":"summary_large_image","twitter_title":"T\u00e9moignage : Selim Akcasar est parti en programme d\u2019\u00e9change au Japon","twitter_description":"Chaque ann\u00e9e, des milliers d\u2019\u00e9tudiants partent \u00e9tudier \u00e0 l\u2019\u00e9tranger dans le cadre de leurs \u00e9tudes. Largement connu gr\u00e2ce au programme Erasmus, les accords entre universit\u00e9s de diff\u00e9rents pays permettent aux \u00e9tudiants de poursuivre leur cursus de bachelier ou de master \u00e0 l\u2019international.","twitter_image":"https:\/\/web.umons.ac.be\/app\/uploads\/sites\/8\/2023\/01\/08B99516-DEE3-47AE-946F-BD5697767128-scaled.jpeg","twitter_misc":{"\u00c9crit par":"Am\u00e9lie Honorez","Dur\u00e9e de lecture estim\u00e9e":"5 minutes"},"schema":{"@context":"https:\/\/schema.org","@graph":[{"@type":"Article","@id":"https:\/\/web.umons.ac.be\/eshs\/fr\/temoignage-selim-akcasar-est-parti-en-programme-dechange-au-japon\/#article","isPartOf":{"@id":"https:\/\/web.umons.ac.be\/eshs\/fr\/temoignage-selim-akcasar-est-parti-en-programme-dechange-au-japon\/"},"author":{"name":"Am\u00e9lie Honorez","@id":"https:\/\/web.umons.ac.be\/eshs\/#\/schema\/person\/2c3bab41553e42e9be46ff25322acaa4"},"headline":"T\u00e9moignage : Selim Akcasar est parti en programme d&rsquo;\u00e9change au Japon","datePublished":"2023-01-11T15:52:04+00:00","dateModified":"2023-01-12T13:11:20+00:00","mainEntityOfPage":{"@id":"https:\/\/web.umons.ac.be\/eshs\/fr\/temoignage-selim-akcasar-est-parti-en-programme-dechange-au-japon\/"},"wordCount":1001,"commentCount":0,"image":{"@id":"https:\/\/web.umons.ac.be\/eshs\/fr\/temoignage-selim-akcasar-est-parti-en-programme-dechange-au-japon\/#primaryimage"},"thumbnailUrl":"https:\/\/web.umons.ac.be\/app\/uploads\/sites\/8\/2023\/01\/08B99516-DEE3-47AE-946F-BD5697767128-scaled.jpeg","articleSection":["ALUMNI","International","Mobilit\u00e9 internationale"],"inLanguage":"fr-FR","potentialAction":[{"@type":"CommentAction","name":"Comment","target":["https:\/\/web.umons.ac.be\/eshs\/fr\/temoignage-selim-akcasar-est-parti-en-programme-dechange-au-japon\/#respond"]}]},{"@type":"WebPage","@id":"https:\/\/web.umons.ac.be\/eshs\/fr\/temoignage-selim-akcasar-est-parti-en-programme-dechange-au-japon\/","url":"https:\/\/web.umons.ac.be\/eshs\/fr\/temoignage-selim-akcasar-est-parti-en-programme-dechange-au-japon\/","name":"T\u00e9moignage : Selim Akcasar est parti en programme d'\u00e9change au Japon - Ecole \/ ESHS","isPartOf":{"@id":"https:\/\/web.umons.ac.be\/eshs\/#website"},"primaryImageOfPage":{"@id":"https:\/\/web.umons.ac.be\/eshs\/fr\/temoignage-selim-akcasar-est-parti-en-programme-dechange-au-japon\/#primaryimage"},"image":{"@id":"https:\/\/web.umons.ac.be\/eshs\/fr\/temoignage-selim-akcasar-est-parti-en-programme-dechange-au-japon\/#primaryimage"},"thumbnailUrl":"https:\/\/web.umons.ac.be\/app\/uploads\/sites\/8\/2023\/01\/08B99516-DEE3-47AE-946F-BD5697767128-scaled.jpeg","datePublished":"2023-01-11T15:52:04+00:00","dateModified":"2023-01-12T13:11:20+00:00","author":{"@id":"https:\/\/web.umons.ac.be\/eshs\/#\/schema\/person\/2c3bab41553e42e9be46ff25322acaa4"},"breadcrumb":{"@id":"https:\/\/web.umons.ac.be\/eshs\/fr\/temoignage-selim-akcasar-est-parti-en-programme-dechange-au-japon\/#breadcrumb"},"inLanguage":"fr-FR","potentialAction":[{"@type":"ReadAction","target":["https:\/\/web.umons.ac.be\/eshs\/fr\/temoignage-selim-akcasar-est-parti-en-programme-dechange-au-japon\/"]}]},{"@type":"ImageObject","inLanguage":"fr-FR","@id":"https:\/\/web.umons.ac.be\/eshs\/fr\/temoignage-selim-akcasar-est-parti-en-programme-dechange-au-japon\/#primaryimage","url":"https:\/\/web.umons.ac.be\/app\/uploads\/sites\/8\/2023\/01\/08B99516-DEE3-47AE-946F-BD5697767128-scaled.jpeg","contentUrl":"https:\/\/web.umons.ac.be\/app\/uploads\/sites\/8\/2023\/01\/08B99516-DEE3-47AE-946F-BD5697767128-scaled.jpeg","width":1920,"height":2560},{"@type":"BreadcrumbList","@id":"https:\/\/web.umons.ac.be\/eshs\/fr\/temoignage-selim-akcasar-est-parti-en-programme-dechange-au-japon\/#breadcrumb","itemListElement":[{"@type":"ListItem","position":1,"name":"Accueil","item":"https:\/\/web.umons.ac.be\/eshs\/fr\/"},{"@type":"ListItem","position":2,"name":"T\u00e9moignage : Selim Akcasar est parti en programme d&rsquo;\u00e9change au Japon"}]},{"@type":"WebSite","@id":"https:\/\/web.umons.ac.be\/eshs\/#website","url":"https:\/\/web.umons.ac.be\/eshs\/","name":"Ecole \/ ESHS","description":"","potentialAction":[{"@type":"SearchAction","target":{"@type":"EntryPoint","urlTemplate":"https:\/\/web.umons.ac.be\/eshs\/?s={search_term_string}"},"query-input":{"@type":"PropertyValueSpecification","valueRequired":true,"valueName":"search_term_string"}}],"inLanguage":"fr-FR"},{"@type":"Person","@id":"https:\/\/web.umons.ac.be\/eshs\/#\/schema\/person\/2c3bab41553e42e9be46ff25322acaa4","name":"Am\u00e9lie Honorez","image":{"@type":"ImageObject","inLanguage":"fr-FR","@id":"https:\/\/secure.gravatar.com\/avatar\/9c59f6e370e37a7f8cdf1962f6c0fc524d2e502d704933818079b1dfbae61d43?s=96&d=mm&r=g","url":"https:\/\/secure.gravatar.com\/avatar\/9c59f6e370e37a7f8cdf1962f6c0fc524d2e502d704933818079b1dfbae61d43?s=96&d=mm&r=g","contentUrl":"https:\/\/secure.gravatar.com\/avatar\/9c59f6e370e37a7f8cdf1962f6c0fc524d2e502d704933818079b1dfbae61d43?s=96&d=mm&r=g","caption":"Am\u00e9lie Honorez"},"url":"https:\/\/web.umons.ac.be\/eshs\/author\/ahonorez\/"}]}},"lang":"fr","translations":{"fr":1022},"pll_sync_post":[],"_links":{"self":[{"href":"https:\/\/web.umons.ac.be\/eshs\/wp-json\/wp\/v2\/posts\/1022","targetHints":{"allow":["GET"]}}],"collection":[{"href":"https:\/\/web.umons.ac.be\/eshs\/wp-json\/wp\/v2\/posts"}],"about":[{"href":"https:\/\/web.umons.ac.be\/eshs\/wp-json\/wp\/v2\/types\/post"}],"author":[{"embeddable":true,"href":"https:\/\/web.umons.ac.be\/eshs\/wp-json\/wp\/v2\/users\/43"}],"replies":[{"embeddable":true,"href":"https:\/\/web.umons.ac.be\/eshs\/wp-json\/wp\/v2\/comments?post=1022"}],"version-history":[{"count":3,"href":"https:\/\/web.umons.ac.be\/eshs\/wp-json\/wp\/v2\/posts\/1022\/revisions"}],"predecessor-version":[{"id":1056,"href":"https:\/\/web.umons.ac.be\/eshs\/wp-json\/wp\/v2\/posts\/1022\/revisions\/1056"}],"wp:featuredmedia":[{"embeddable":true,"href":"https:\/\/web.umons.ac.be\/eshs\/wp-json\/wp\/v2\/media\/1023"}],"wp:attachment":[{"href":"https:\/\/web.umons.ac.be\/eshs\/wp-json\/wp\/v2\/media?parent=1022"}],"wp:term":[{"taxonomy":"category","embeddable":true,"href":"https:\/\/web.umons.ac.be\/eshs\/wp-json\/wp\/v2\/categories?post=1022"},{"taxonomy":"post_tag","embeddable":true,"href":"https:\/\/web.umons.ac.be\/eshs\/wp-json\/wp\/v2\/tags?post=1022"}],"curies":[{"name":"wp","href":"https:\/\/api.w.org\/{rel}","templated":true}]}}