{"id":1164,"date":"2023-02-07T11:03:27","date_gmt":"2023-02-07T10:03:27","guid":{"rendered":"https:\/\/web.umons.ac.be\/eshs\/?p=1164"},"modified":"2023-03-30T11:08:48","modified_gmt":"2023-03-30T09:08:48","slug":"journee-des-sciences-humaines-et-sociales-le-mardi-7-mars-2023","status":"publish","type":"post","link":"https:\/\/web.umons.ac.be\/eshs\/fr\/journee-des-sciences-humaines-et-sociales-le-mardi-7-mars-2023\/","title":{"rendered":"Journ\u00e9e des Sciences humaines et sociales, le mardi 7 mars 2023"},"content":{"rendered":"<h1><span style=\"font-size: 14px;color: #333333\">Th\u00e8me de la journ\u00e9e : La discrimination.<\/span><\/h1>\n<div class=\"cxmmr5t8 oygrvhab hcukyx3x c1et5uql o9v6fnle ii04i59q\">\n<p dir=\"auto\"><span style=\"font-size: 14px\">Gestion des ressources humaines, anthropologie, sociologie, sciences politiques, information et communication : nos professeur\u2022es et charg\u00e9\u2022es de cours aborderont la discrimination sous l&rsquo;angle de leur domaine de recherche.<\/span><\/p>\n<p dir=\"auto\"><span style=\"font-size: 14px\">Apr\u00e8s le lunch, les \u00e9l\u00e8ves participeront \u00e0 un escape game sur le campus du Rosa Parks. Celui-ci leur permettra de d\u00e9couvrir nos auditoires, le secr\u00e9tariat et d&rsquo;autres lieux important de leur future vie d&rsquo;\u00e9tudiants.<\/span><\/p>\n<p dir=\"auto\"><span style=\"font-size: 14px\">Inscription obligatoire (nombre de places limit\u00e9).<\/span><\/p>\n<\/div>\n","protected":false},"excerpt":{"rendered":"<p>Vous \u00eates enseignant.e ? Vous \u00eates \u00e9l\u00e8ves en 5\u00e8me ou 6\u00e8me secondaire ?<br \/>\nL\u2019\u00c9cole des Sciences humaines et sociales (ESHS) vous convie \u00e0 sa Journ\u00e9e des Sciences humaines et sociales, le mardi 7 mars 2023 !<\/p>\n","protected":false},"author":43,"featured_media":1165,"comment_status":"open","ping_status":"open","sticky":false,"template":"","format":"standard","meta":{"footnotes":""},"categories":[96],"tags":[],"class_list":["post-1164","post","type-post","status-publish","format-standard","has-post-thumbnail","hentry","category-futur-etudiant"],"yoast_head":"<!-- This site is optimized with the Yoast SEO plugin v27.2 - https:\/\/yoast.com\/product\/yoast-seo-wordpress\/ -->\n<title>Journ\u00e9e des Sciences humaines et sociales, le mardi 7 mars 2023 - Ecole \/ ESHS<\/title>\n<meta name=\"description\" content=\"Journ\u00e9e des Sciences humaines et sociales (UMONS) pour les \u00e9l\u00e8ves de secondaires le 7 mars 2023, de 9h30 \u00e0 15h30. Inscription. Programme.\" \/>\n<meta name=\"robots\" content=\"index, follow, max-snippet:-1, max-image-preview:large, max-video-preview:-1\" \/>\n<link rel=\"canonical\" href=\"https:\/\/web.umons.ac.be\/eshs\/fr\/journee-des-sciences-humaines-et-sociales-le-mardi-7-mars-2023\/\" \/>\n<meta property=\"og:locale\" content=\"fr_FR\" \/>\n<meta property=\"og:type\" content=\"article\" \/>\n<meta property=\"og:title\" content=\"Journ\u00e9e des Sciences humaines et sociales, le mardi 7 mars 2023 - Ecole \/ ESHS\" \/>\n<meta property=\"og:description\" content=\"Journ\u00e9e des Sciences humaines et sociales (UMONS) pour les \u00e9l\u00e8ves de secondaires le 7 mars 2023, de 9h30 \u00e0 15h30. Inscription. Programme.\" \/>\n<meta property=\"og:url\" content=\"https:\/\/web.umons.ac.be\/eshs\/fr\/journee-des-sciences-humaines-et-sociales-le-mardi-7-mars-2023\/\" \/>\n<meta property=\"og:site_name\" content=\"Ecole \/ ESHS\" \/>\n<meta property=\"article:published_time\" content=\"2023-02-07T10:03:27+00:00\" \/>\n<meta property=\"article:modified_time\" content=\"2023-03-30T09:08:48+00:00\" \/>\n<meta property=\"og:image\" content=\"https:\/\/web.umons.ac.be\/app\/uploads\/sites\/8\/2023\/03\/Journee-des-Sciences-humaines-et-sociales.png\" \/>\n\t<meta property=\"og:image:width\" content=\"1280\" \/>\n\t<meta property=\"og:image:height\" content=\"720\" \/>\n\t<meta property=\"og:image:type\" content=\"image\/png\" \/>\n<meta name=\"author\" content=\"Am\u00e9lie Honorez\" \/>\n<meta name=\"twitter:card\" content=\"summary_large_image\" \/>\n<meta name=\"twitter:label1\" content=\"\u00c9crit par\" \/>\n\t<meta name=\"twitter:data1\" content=\"Am\u00e9lie Honorez\" \/>\n\t<meta name=\"twitter:label2\" content=\"Dur\u00e9e de lecture estim\u00e9e\" \/>\n\t<meta name=\"twitter:data2\" content=\"1 minute\" \/>\n<script type=\"application\/ld+json\" class=\"yoast-schema-graph\">{\"@context\":\"https:\/\/schema.org\",\"@graph\":[{\"@type\":\"Article\",\"@id\":\"https:\/\/web.umons.ac.be\/eshs\/fr\/journee-des-sciences-humaines-et-sociales-le-mardi-7-mars-2023\/#article\",\"isPartOf\":{\"@id\":\"https:\/\/web.umons.ac.be\/eshs\/fr\/journee-des-sciences-humaines-et-sociales-le-mardi-7-mars-2023\/\"},\"author\":{\"name\":\"Am\u00e9lie Honorez\",\"@id\":\"https:\/\/web.umons.ac.be\/eshs\/#\/schema\/person\/2c3bab41553e42e9be46ff25322acaa4\"},\"headline\":\"Journ\u00e9e des Sciences humaines et sociales, le mardi 7 mars 2023\",\"datePublished\":\"2023-02-07T10:03:27+00:00\",\"dateModified\":\"2023-03-30T09:08:48+00:00\",\"mainEntityOfPage\":{\"@id\":\"https:\/\/web.umons.ac.be\/eshs\/fr\/journee-des-sciences-humaines-et-sociales-le-mardi-7-mars-2023\/\"},\"wordCount\":93,\"commentCount\":0,\"image\":{\"@id\":\"https:\/\/web.umons.ac.be\/eshs\/fr\/journee-des-sciences-humaines-et-sociales-le-mardi-7-mars-2023\/#primaryimage\"},\"thumbnailUrl\":\"https:\/\/web.umons.ac.be\/app\/uploads\/sites\/8\/2023\/03\/Journee-des-Sciences-humaines-et-sociales.png\",\"articleSection\":[\"Futur \u00e9tudiant\"],\"inLanguage\":\"fr-FR\",\"potentialAction\":[{\"@type\":\"CommentAction\",\"name\":\"Comment\",\"target\":[\"https:\/\/web.umons.ac.be\/eshs\/fr\/journee-des-sciences-humaines-et-sociales-le-mardi-7-mars-2023\/#respond\"]}]},{\"@type\":\"WebPage\",\"@id\":\"https:\/\/web.umons.ac.be\/eshs\/fr\/journee-des-sciences-humaines-et-sociales-le-mardi-7-mars-2023\/\",\"url\":\"https:\/\/web.umons.ac.be\/eshs\/fr\/journee-des-sciences-humaines-et-sociales-le-mardi-7-mars-2023\/\",\"name\":\"Journ\u00e9e des Sciences humaines et sociales, le mardi 7 mars 2023 - Ecole \/ ESHS\",\"isPartOf\":{\"@id\":\"https:\/\/web.umons.ac.be\/eshs\/#website\"},\"primaryImageOfPage\":{\"@id\":\"https:\/\/web.umons.ac.be\/eshs\/fr\/journee-des-sciences-humaines-et-sociales-le-mardi-7-mars-2023\/#primaryimage\"},\"image\":{\"@id\":\"https:\/\/web.umons.ac.be\/eshs\/fr\/journee-des-sciences-humaines-et-sociales-le-mardi-7-mars-2023\/#primaryimage\"},\"thumbnailUrl\":\"https:\/\/web.umons.ac.be\/app\/uploads\/sites\/8\/2023\/03\/Journee-des-Sciences-humaines-et-sociales.png\",\"datePublished\":\"2023-02-07T10:03:27+00:00\",\"dateModified\":\"2023-03-30T09:08:48+00:00\",\"author\":{\"@id\":\"https:\/\/web.umons.ac.be\/eshs\/#\/schema\/person\/2c3bab41553e42e9be46ff25322acaa4\"},\"description\":\"Journ\u00e9e des Sciences humaines et sociales (UMONS) pour les \u00e9l\u00e8ves de secondaires le 7 mars 2023, de 9h30 \u00e0 15h30. Inscription. Programme.\",\"breadcrumb\":{\"@id\":\"https:\/\/web.umons.ac.be\/eshs\/fr\/journee-des-sciences-humaines-et-sociales-le-mardi-7-mars-2023\/#breadcrumb\"},\"inLanguage\":\"fr-FR\",\"potentialAction\":[{\"@type\":\"ReadAction\",\"target\":[\"https:\/\/web.umons.ac.be\/eshs\/fr\/journee-des-sciences-humaines-et-sociales-le-mardi-7-mars-2023\/\"]}]},{\"@type\":\"ImageObject\",\"inLanguage\":\"fr-FR\",\"@id\":\"https:\/\/web.umons.ac.be\/eshs\/fr\/journee-des-sciences-humaines-et-sociales-le-mardi-7-mars-2023\/#primaryimage\",\"url\":\"https:\/\/web.umons.ac.be\/app\/uploads\/sites\/8\/2023\/03\/Journee-des-Sciences-humaines-et-sociales.png\",\"contentUrl\":\"https:\/\/web.umons.ac.be\/app\/uploads\/sites\/8\/2023\/03\/Journee-des-Sciences-humaines-et-sociales.png\",\"width\":1280,\"height\":720},{\"@type\":\"BreadcrumbList\",\"@id\":\"https:\/\/web.umons.ac.be\/eshs\/fr\/journee-des-sciences-humaines-et-sociales-le-mardi-7-mars-2023\/#breadcrumb\",\"itemListElement\":[{\"@type\":\"ListItem\",\"position\":1,\"name\":\"Accueil\",\"item\":\"https:\/\/web.umons.ac.be\/eshs\/fr\/\"},{\"@type\":\"ListItem\",\"position\":2,\"name\":\"Journ\u00e9e des Sciences humaines et sociales, le mardi 7 mars 2023\"}]},{\"@type\":\"WebSite\",\"@id\":\"https:\/\/web.umons.ac.be\/eshs\/#website\",\"url\":\"https:\/\/web.umons.ac.be\/eshs\/\",\"name\":\"Ecole \/ ESHS\",\"description\":\"\",\"potentialAction\":[{\"@type\":\"SearchAction\",\"target\":{\"@type\":\"EntryPoint\",\"urlTemplate\":\"https:\/\/web.umons.ac.be\/eshs\/?s={search_term_string}\"},\"query-input\":{\"@type\":\"PropertyValueSpecification\",\"valueRequired\":true,\"valueName\":\"search_term_string\"}}],\"inLanguage\":\"fr-FR\"},{\"@type\":\"Person\",\"@id\":\"https:\/\/web.umons.ac.be\/eshs\/#\/schema\/person\/2c3bab41553e42e9be46ff25322acaa4\",\"name\":\"Am\u00e9lie Honorez\",\"image\":{\"@type\":\"ImageObject\",\"inLanguage\":\"fr-FR\",\"@id\":\"https:\/\/secure.gravatar.com\/avatar\/9c59f6e370e37a7f8cdf1962f6c0fc524d2e502d704933818079b1dfbae61d43?s=96&d=mm&r=g\",\"url\":\"https:\/\/secure.gravatar.com\/avatar\/9c59f6e370e37a7f8cdf1962f6c0fc524d2e502d704933818079b1dfbae61d43?s=96&d=mm&r=g\",\"contentUrl\":\"https:\/\/secure.gravatar.com\/avatar\/9c59f6e370e37a7f8cdf1962f6c0fc524d2e502d704933818079b1dfbae61d43?s=96&d=mm&r=g\",\"caption\":\"Am\u00e9lie Honorez\"},\"url\":\"https:\/\/web.umons.ac.be\/eshs\/author\/ahonorez\/\"}]}<\/script>\n<!-- \/ Yoast SEO plugin. -->","yoast_head_json":{"title":"Journ\u00e9e des Sciences humaines et sociales, le mardi 7 mars 2023 - Ecole \/ ESHS","description":"Journ\u00e9e des Sciences humaines et sociales (UMONS) pour les \u00e9l\u00e8ves de secondaires le 7 mars 2023, de 9h30 \u00e0 15h30. Inscription. Programme.","robots":{"index":"index","follow":"follow","max-snippet":"max-snippet:-1","max-image-preview":"max-image-preview:large","max-video-preview":"max-video-preview:-1"},"canonical":"https:\/\/web.umons.ac.be\/eshs\/fr\/journee-des-sciences-humaines-et-sociales-le-mardi-7-mars-2023\/","og_locale":"fr_FR","og_type":"article","og_title":"Journ\u00e9e des Sciences humaines et sociales, le mardi 7 mars 2023 - Ecole \/ ESHS","og_description":"Journ\u00e9e des Sciences humaines et sociales (UMONS) pour les \u00e9l\u00e8ves de secondaires le 7 mars 2023, de 9h30 \u00e0 15h30. Inscription. Programme.","og_url":"https:\/\/web.umons.ac.be\/eshs\/fr\/journee-des-sciences-humaines-et-sociales-le-mardi-7-mars-2023\/","og_site_name":"Ecole \/ ESHS","article_published_time":"2023-02-07T10:03:27+00:00","article_modified_time":"2023-03-30T09:08:48+00:00","og_image":[{"width":1280,"height":720,"url":"https:\/\/web.umons.ac.be\/app\/uploads\/sites\/8\/2023\/03\/Journee-des-Sciences-humaines-et-sociales.png","type":"image\/png"}],"author":"Am\u00e9lie Honorez","twitter_card":"summary_large_image","twitter_misc":{"\u00c9crit par":"Am\u00e9lie Honorez","Dur\u00e9e de lecture estim\u00e9e":"1 minute"},"schema":{"@context":"https:\/\/schema.org","@graph":[{"@type":"Article","@id":"https:\/\/web.umons.ac.be\/eshs\/fr\/journee-des-sciences-humaines-et-sociales-le-mardi-7-mars-2023\/#article","isPartOf":{"@id":"https:\/\/web.umons.ac.be\/eshs\/fr\/journee-des-sciences-humaines-et-sociales-le-mardi-7-mars-2023\/"},"author":{"name":"Am\u00e9lie Honorez","@id":"https:\/\/web.umons.ac.be\/eshs\/#\/schema\/person\/2c3bab41553e42e9be46ff25322acaa4"},"headline":"Journ\u00e9e des Sciences humaines et sociales, le mardi 7 mars 2023","datePublished":"2023-02-07T10:03:27+00:00","dateModified":"2023-03-30T09:08:48+00:00","mainEntityOfPage":{"@id":"https:\/\/web.umons.ac.be\/eshs\/fr\/journee-des-sciences-humaines-et-sociales-le-mardi-7-mars-2023\/"},"wordCount":93,"commentCount":0,"image":{"@id":"https:\/\/web.umons.ac.be\/eshs\/fr\/journee-des-sciences-humaines-et-sociales-le-mardi-7-mars-2023\/#primaryimage"},"thumbnailUrl":"https:\/\/web.umons.ac.be\/app\/uploads\/sites\/8\/2023\/03\/Journee-des-Sciences-humaines-et-sociales.png","articleSection":["Futur \u00e9tudiant"],"inLanguage":"fr-FR","potentialAction":[{"@type":"CommentAction","name":"Comment","target":["https:\/\/web.umons.ac.be\/eshs\/fr\/journee-des-sciences-humaines-et-sociales-le-mardi-7-mars-2023\/#respond"]}]},{"@type":"WebPage","@id":"https:\/\/web.umons.ac.be\/eshs\/fr\/journee-des-sciences-humaines-et-sociales-le-mardi-7-mars-2023\/","url":"https:\/\/web.umons.ac.be\/eshs\/fr\/journee-des-sciences-humaines-et-sociales-le-mardi-7-mars-2023\/","name":"Journ\u00e9e des Sciences humaines et sociales, le mardi 7 mars 2023 - Ecole \/ ESHS","isPartOf":{"@id":"https:\/\/web.umons.ac.be\/eshs\/#website"},"primaryImageOfPage":{"@id":"https:\/\/web.umons.ac.be\/eshs\/fr\/journee-des-sciences-humaines-et-sociales-le-mardi-7-mars-2023\/#primaryimage"},"image":{"@id":"https:\/\/web.umons.ac.be\/eshs\/fr\/journee-des-sciences-humaines-et-sociales-le-mardi-7-mars-2023\/#primaryimage"},"thumbnailUrl":"https:\/\/web.umons.ac.be\/app\/uploads\/sites\/8\/2023\/03\/Journee-des-Sciences-humaines-et-sociales.png","datePublished":"2023-02-07T10:03:27+00:00","dateModified":"2023-03-30T09:08:48+00:00","author":{"@id":"https:\/\/web.umons.ac.be\/eshs\/#\/schema\/person\/2c3bab41553e42e9be46ff25322acaa4"},"description":"Journ\u00e9e des Sciences humaines et sociales (UMONS) pour les \u00e9l\u00e8ves de secondaires le 7 mars 2023, de 9h30 \u00e0 15h30. Inscription. Programme.","breadcrumb":{"@id":"https:\/\/web.umons.ac.be\/eshs\/fr\/journee-des-sciences-humaines-et-sociales-le-mardi-7-mars-2023\/#breadcrumb"},"inLanguage":"fr-FR","potentialAction":[{"@type":"ReadAction","target":["https:\/\/web.umons.ac.be\/eshs\/fr\/journee-des-sciences-humaines-et-sociales-le-mardi-7-mars-2023\/"]}]},{"@type":"ImageObject","inLanguage":"fr-FR","@id":"https:\/\/web.umons.ac.be\/eshs\/fr\/journee-des-sciences-humaines-et-sociales-le-mardi-7-mars-2023\/#primaryimage","url":"https:\/\/web.umons.ac.be\/app\/uploads\/sites\/8\/2023\/03\/Journee-des-Sciences-humaines-et-sociales.png","contentUrl":"https:\/\/web.umons.ac.be\/app\/uploads\/sites\/8\/2023\/03\/Journee-des-Sciences-humaines-et-sociales.png","width":1280,"height":720},{"@type":"BreadcrumbList","@id":"https:\/\/web.umons.ac.be\/eshs\/fr\/journee-des-sciences-humaines-et-sociales-le-mardi-7-mars-2023\/#breadcrumb","itemListElement":[{"@type":"ListItem","position":1,"name":"Accueil","item":"https:\/\/web.umons.ac.be\/eshs\/fr\/"},{"@type":"ListItem","position":2,"name":"Journ\u00e9e des Sciences humaines et sociales, le mardi 7 mars 2023"}]},{"@type":"WebSite","@id":"https:\/\/web.umons.ac.be\/eshs\/#website","url":"https:\/\/web.umons.ac.be\/eshs\/","name":"Ecole \/ ESHS","description":"","potentialAction":[{"@type":"SearchAction","target":{"@type":"EntryPoint","urlTemplate":"https:\/\/web.umons.ac.be\/eshs\/?s={search_term_string}"},"query-input":{"@type":"PropertyValueSpecification","valueRequired":true,"valueName":"search_term_string"}}],"inLanguage":"fr-FR"},{"@type":"Person","@id":"https:\/\/web.umons.ac.be\/eshs\/#\/schema\/person\/2c3bab41553e42e9be46ff25322acaa4","name":"Am\u00e9lie Honorez","image":{"@type":"ImageObject","inLanguage":"fr-FR","@id":"https:\/\/secure.gravatar.com\/avatar\/9c59f6e370e37a7f8cdf1962f6c0fc524d2e502d704933818079b1dfbae61d43?s=96&d=mm&r=g","url":"https:\/\/secure.gravatar.com\/avatar\/9c59f6e370e37a7f8cdf1962f6c0fc524d2e502d704933818079b1dfbae61d43?s=96&d=mm&r=g","contentUrl":"https:\/\/secure.gravatar.com\/avatar\/9c59f6e370e37a7f8cdf1962f6c0fc524d2e502d704933818079b1dfbae61d43?s=96&d=mm&r=g","caption":"Am\u00e9lie Honorez"},"url":"https:\/\/web.umons.ac.be\/eshs\/author\/ahonorez\/"}]}},"lang":"fr","translations":{"fr":1164},"pll_sync_post":[],"_links":{"self":[{"href":"https:\/\/web.umons.ac.be\/eshs\/wp-json\/wp\/v2\/posts\/1164","targetHints":{"allow":["GET"]}}],"collection":[{"href":"https:\/\/web.umons.ac.be\/eshs\/wp-json\/wp\/v2\/posts"}],"about":[{"href":"https:\/\/web.umons.ac.be\/eshs\/wp-json\/wp\/v2\/types\/post"}],"author":[{"embeddable":true,"href":"https:\/\/web.umons.ac.be\/eshs\/wp-json\/wp\/v2\/users\/43"}],"replies":[{"embeddable":true,"href":"https:\/\/web.umons.ac.be\/eshs\/wp-json\/wp\/v2\/comments?post=1164"}],"version-history":[{"count":3,"href":"https:\/\/web.umons.ac.be\/eshs\/wp-json\/wp\/v2\/posts\/1164\/revisions"}],"predecessor-version":[{"id":1168,"href":"https:\/\/web.umons.ac.be\/eshs\/wp-json\/wp\/v2\/posts\/1164\/revisions\/1168"}],"wp:featuredmedia":[{"embeddable":true,"href":"https:\/\/web.umons.ac.be\/eshs\/wp-json\/wp\/v2\/media\/1165"}],"wp:attachment":[{"href":"https:\/\/web.umons.ac.be\/eshs\/wp-json\/wp\/v2\/media?parent=1164"}],"wp:term":[{"taxonomy":"category","embeddable":true,"href":"https:\/\/web.umons.ac.be\/eshs\/wp-json\/wp\/v2\/categories?post=1164"},{"taxonomy":"post_tag","embeddable":true,"href":"https:\/\/web.umons.ac.be\/eshs\/wp-json\/wp\/v2\/tags?post=1164"}],"curies":[{"name":"wp","href":"https:\/\/api.w.org\/{rel}","templated":true}]}}