{"id":1403,"date":"2024-04-29T15:29:35","date_gmt":"2024-04-29T13:29:35","guid":{"rendered":"https:\/\/web.umons.ac.be\/eshs\/?p=1403"},"modified":"2024-04-30T13:26:36","modified_gmt":"2024-04-30T11:26:36","slug":"apolline-dupuis-laureate-du-prix-calogero-conti-2024","status":"publish","type":"post","link":"https:\/\/web.umons.ac.be\/eshs\/fr\/apolline-dupuis-laureate-du-prix-calogero-conti-2024\/","title":{"rendered":"Apolline Dupuis, laur\u00e9ate du Prix Calogero Conti 2024"},"content":{"rendered":"<p>Plus de 130 participants ont pris part \u00e0 l\u2019\u00e9dition 2024 de la Journ\u00e9e des Enseignants de l&rsquo;UMONS ce 24 avril 2024. Cette Journ\u00e9e des Enseignants \u00e9tait l\u2019occasion de d\u00e9couvrir les innovations p\u00e9dagogiques mises en \u0153uvre pour enrichir les activit\u00e9s d&rsquo;apprentissage des enseignants de l&rsquo;UMONS, et \u00e9galement de d\u00e9cerner le prix Conti et plusieurs prix de l\u2019innovation p\u00e9dagogique r\u00e9compensant respectivement des initiatives d\u2019\u00e9tudiants et d\u2019enseignants de l\u2019UMONS.\u200b\u200b\u200b\u200b\u200b\u200b\u200b\u200b<\/p>\n<p>Cette ann\u00e9e, la laur\u00e9ate du Prix Calogero Conti se nomme <strong>Apolline Dupuis<\/strong>, r\u00e9compens\u00e9e pour son m\u00e9moire intitul\u00e9 \u00ab Incidences du capitalisme, de la mondialisation et du patriarcat sur les ouvri\u00e8res de la production industrielle \u00bb. Un m\u00e9moire r\u00e9alis\u00e9 dans le cadre de son Master en Transitions et Innovations Sociales \u00e0 l&rsquo;\u00c9cole de Sciences Humaines et Sociales, r\u00e9alis\u00e9 sous la supervision de Claire Martinus.<\/p>\n<p>Selon Apolline Dupuis, ce m\u00e9moire \u00ab\u00a0<em>propose plusieurs solutions concr\u00e8tes qui pourraient \u00eatre adopt\u00e9es afin de b\u00e2tir une soci\u00e9t\u00e9 moins in\u00e9galitaire envers les femmes et les cat\u00e9gories sociales dont on exploite le travail. Depuis sa conception, ce m\u00e9moire, loin de se vouloir une \u00e9tude exclusivement th\u00e9orique, a \u00e9t\u00e9 envisag\u00e9 comme un outil pour un changement structurel visant \u00e0 aider les secteurs de l\u2019action, que ce soit au sein des sph\u00e8res acad\u00e9miques, syndicales, politiques, militantes et associatives impliqu\u00e9es dans les questions \u00e0 la fois sociales et de genre<\/em>.\u00a0\u00bb<\/p>\n<p><img loading=\"lazy\" decoding=\"async\" class=\"aligncenter size-full wp-image-1409\" src=\"https:\/\/web.umons.ac.be\/app\/uploads\/sites\/8\/2024\/04\/DSC4945-copie.jpeg\" alt=\"\" width=\"7795\" height=\"5197\" srcset=\"https:\/\/web.umons.ac.be\/app\/uploads\/sites\/8\/2024\/04\/DSC4945-copie.jpeg 7795w, https:\/\/web.umons.ac.be\/app\/uploads\/sites\/8\/2024\/04\/DSC4945-copie-300x200.jpeg 300w, https:\/\/web.umons.ac.be\/app\/uploads\/sites\/8\/2024\/04\/DSC4945-copie-1024x683.jpeg 1024w, https:\/\/web.umons.ac.be\/app\/uploads\/sites\/8\/2024\/04\/DSC4945-copie-768x512.jpeg 768w, https:\/\/web.umons.ac.be\/app\/uploads\/sites\/8\/2024\/04\/DSC4945-copie-1536x1024.jpeg 1536w, https:\/\/web.umons.ac.be\/app\/uploads\/sites\/8\/2024\/04\/DSC4945-copie-990x660.jpeg 990w, https:\/\/web.umons.ac.be\/app\/uploads\/sites\/8\/2024\/04\/DSC4945-copie-30x20.jpeg 30w, https:\/\/web.umons.ac.be\/app\/uploads\/sites\/8\/2024\/04\/DSC4945-copie-60x40.jpeg 60w, https:\/\/web.umons.ac.be\/app\/uploads\/sites\/8\/2024\/04\/DSC4945-copie-360x240.jpeg 360w\" sizes=\"auto, (max-width: 7795px) 100vw, 7795px\" \/><\/p>\n<p>&nbsp;<\/p>\n","protected":false},"excerpt":{"rendered":"<p>Le Prix Calogero Conti\u00a0r\u00e9compense le travail d\u2019\u00e9tudiants pr\u00e9sentant une contribution p\u00e9dagogique, sociale, environnementale ou humanitaire de grande qualit\u00e9.<\/p>\n","protected":false},"author":43,"featured_media":1409,"comment_status":"closed","ping_status":"closed","sticky":false,"template":"","format":"standard","meta":{"footnotes":""},"categories":[84],"tags":[137],"class_list":["post-1403","post","type-post","status-publish","format-standard","has-post-thumbnail","hentry","category-prix-bourses-et-distinctions","tag-prix-calogero-conti"],"yoast_head":"<!-- This site is optimized with the Yoast SEO plugin v27.2 - https:\/\/yoast.com\/product\/yoast-seo-wordpress\/ -->\n<title>Apolline Dupuis, laur\u00e9ate du Prix Calogero Conti 2024 - Ecole \/ ESHS<\/title>\n<meta name=\"description\" content=\"Apolline Dupuis re\u00e7oit le Prix Calogero Conti 2024. M\u00e9moire r\u00e9alis\u00e9 dans le cadre de son Master en Transitions et Innovations Sociales.\" \/>\n<meta name=\"robots\" content=\"index, follow, max-snippet:-1, max-image-preview:large, max-video-preview:-1\" \/>\n<link rel=\"canonical\" href=\"https:\/\/web.umons.ac.be\/eshs\/fr\/apolline-dupuis-laureate-du-prix-calogero-conti-2024\/\" \/>\n<meta property=\"og:locale\" content=\"fr_FR\" \/>\n<meta property=\"og:type\" content=\"article\" \/>\n<meta property=\"og:title\" content=\"Apolline Dupuis, laur\u00e9ate du Prix Conti\" \/>\n<meta property=\"og:description\" content=\"Le Prix Calogero CONTI\u00a0r\u00e9compense le travail d\u2019\u00e9tudiants pr\u00e9sentant une contribution p\u00e9dagogique, sociale, environnementale ou humanitaire de grande qualit\u00e9.\" \/>\n<meta property=\"og:url\" content=\"https:\/\/web.umons.ac.be\/eshs\/fr\/apolline-dupuis-laureate-du-prix-calogero-conti-2024\/\" \/>\n<meta property=\"og:site_name\" content=\"Ecole \/ ESHS\" \/>\n<meta property=\"article:published_time\" content=\"2024-04-29T13:29:35+00:00\" \/>\n<meta property=\"article:modified_time\" content=\"2024-04-30T11:26:36+00:00\" \/>\n<meta property=\"og:image\" content=\"https:\/\/web.umons.ac.be\/app\/uploads\/sites\/8\/2024\/04\/prix-conti-300x200-1.jpg\" \/>\n\t<meta property=\"og:image:width\" content=\"300\" \/>\n\t<meta property=\"og:image:height\" content=\"200\" \/>\n\t<meta property=\"og:image:type\" content=\"image\/jpeg\" \/>\n<meta name=\"author\" content=\"Am\u00e9lie Honorez\" \/>\n<meta name=\"twitter:card\" content=\"summary_large_image\" \/>\n<meta name=\"twitter:title\" content=\"Apolline Dupuis, laur\u00e9ate du Prix Conti\" \/>\n<meta name=\"twitter:description\" content=\"Le Prix Calogero CONTI\u00a0r\u00e9compense le travail d\u2019\u00e9tudiants pr\u00e9sentant une contribution p\u00e9dagogique, sociale, environnementale ou humanitaire de grande qualit\u00e9.\" \/>\n<meta name=\"twitter:image\" content=\"https:\/\/web.umons.ac.be\/app\/uploads\/sites\/8\/2024\/04\/prix-conti-300x200-1.jpg\" \/>\n<meta name=\"twitter:label1\" content=\"\u00c9crit par\" \/>\n\t<meta name=\"twitter:data1\" content=\"Am\u00e9lie Honorez\" \/>\n\t<meta name=\"twitter:label2\" content=\"Dur\u00e9e de lecture estim\u00e9e\" \/>\n\t<meta name=\"twitter:data2\" content=\"2 minutes\" \/>\n<script type=\"application\/ld+json\" class=\"yoast-schema-graph\">{\"@context\":\"https:\/\/schema.org\",\"@graph\":[{\"@type\":\"Article\",\"@id\":\"https:\/\/web.umons.ac.be\/eshs\/fr\/apolline-dupuis-laureate-du-prix-calogero-conti-2024\/#article\",\"isPartOf\":{\"@id\":\"https:\/\/web.umons.ac.be\/eshs\/fr\/apolline-dupuis-laureate-du-prix-calogero-conti-2024\/\"},\"author\":{\"name\":\"Am\u00e9lie Honorez\",\"@id\":\"https:\/\/web.umons.ac.be\/eshs\/#\/schema\/person\/2c3bab41553e42e9be46ff25322acaa4\"},\"headline\":\"Apolline Dupuis, laur\u00e9ate du Prix Calogero Conti 2024\",\"datePublished\":\"2024-04-29T13:29:35+00:00\",\"dateModified\":\"2024-04-30T11:26:36+00:00\",\"mainEntityOfPage\":{\"@id\":\"https:\/\/web.umons.ac.be\/eshs\/fr\/apolline-dupuis-laureate-du-prix-calogero-conti-2024\/\"},\"wordCount\":262,\"image\":{\"@id\":\"https:\/\/web.umons.ac.be\/eshs\/fr\/apolline-dupuis-laureate-du-prix-calogero-conti-2024\/#primaryimage\"},\"thumbnailUrl\":\"https:\/\/web.umons.ac.be\/app\/uploads\/sites\/8\/2024\/04\/DSC4945-copie.jpeg\",\"keywords\":[\"Prix Calogero Conti\"],\"articleSection\":[\"Prix, bourses et distinctions\"],\"inLanguage\":\"fr-FR\"},{\"@type\":\"WebPage\",\"@id\":\"https:\/\/web.umons.ac.be\/eshs\/fr\/apolline-dupuis-laureate-du-prix-calogero-conti-2024\/\",\"url\":\"https:\/\/web.umons.ac.be\/eshs\/fr\/apolline-dupuis-laureate-du-prix-calogero-conti-2024\/\",\"name\":\"Apolline Dupuis, laur\u00e9ate du Prix Calogero Conti 2024 - Ecole \/ ESHS\",\"isPartOf\":{\"@id\":\"https:\/\/web.umons.ac.be\/eshs\/#website\"},\"primaryImageOfPage\":{\"@id\":\"https:\/\/web.umons.ac.be\/eshs\/fr\/apolline-dupuis-laureate-du-prix-calogero-conti-2024\/#primaryimage\"},\"image\":{\"@id\":\"https:\/\/web.umons.ac.be\/eshs\/fr\/apolline-dupuis-laureate-du-prix-calogero-conti-2024\/#primaryimage\"},\"thumbnailUrl\":\"https:\/\/web.umons.ac.be\/app\/uploads\/sites\/8\/2024\/04\/DSC4945-copie.jpeg\",\"datePublished\":\"2024-04-29T13:29:35+00:00\",\"dateModified\":\"2024-04-30T11:26:36+00:00\",\"author\":{\"@id\":\"https:\/\/web.umons.ac.be\/eshs\/#\/schema\/person\/2c3bab41553e42e9be46ff25322acaa4\"},\"description\":\"Apolline Dupuis re\u00e7oit le Prix Calogero Conti 2024. M\u00e9moire r\u00e9alis\u00e9 dans le cadre de son Master en Transitions et Innovations Sociales.\",\"breadcrumb\":{\"@id\":\"https:\/\/web.umons.ac.be\/eshs\/fr\/apolline-dupuis-laureate-du-prix-calogero-conti-2024\/#breadcrumb\"},\"inLanguage\":\"fr-FR\",\"potentialAction\":[{\"@type\":\"ReadAction\",\"target\":[\"https:\/\/web.umons.ac.be\/eshs\/fr\/apolline-dupuis-laureate-du-prix-calogero-conti-2024\/\"]}]},{\"@type\":\"ImageObject\",\"inLanguage\":\"fr-FR\",\"@id\":\"https:\/\/web.umons.ac.be\/eshs\/fr\/apolline-dupuis-laureate-du-prix-calogero-conti-2024\/#primaryimage\",\"url\":\"https:\/\/web.umons.ac.be\/app\/uploads\/sites\/8\/2024\/04\/DSC4945-copie.jpeg\",\"contentUrl\":\"https:\/\/web.umons.ac.be\/app\/uploads\/sites\/8\/2024\/04\/DSC4945-copie.jpeg\",\"width\":7795,\"height\":5197},{\"@type\":\"BreadcrumbList\",\"@id\":\"https:\/\/web.umons.ac.be\/eshs\/fr\/apolline-dupuis-laureate-du-prix-calogero-conti-2024\/#breadcrumb\",\"itemListElement\":[{\"@type\":\"ListItem\",\"position\":1,\"name\":\"Accueil\",\"item\":\"https:\/\/web.umons.ac.be\/eshs\/fr\/\"},{\"@type\":\"ListItem\",\"position\":2,\"name\":\"Apolline Dupuis, laur\u00e9ate du Prix Calogero Conti 2024\"}]},{\"@type\":\"WebSite\",\"@id\":\"https:\/\/web.umons.ac.be\/eshs\/#website\",\"url\":\"https:\/\/web.umons.ac.be\/eshs\/\",\"name\":\"Ecole \/ ESHS\",\"description\":\"\",\"potentialAction\":[{\"@type\":\"SearchAction\",\"target\":{\"@type\":\"EntryPoint\",\"urlTemplate\":\"https:\/\/web.umons.ac.be\/eshs\/?s={search_term_string}\"},\"query-input\":{\"@type\":\"PropertyValueSpecification\",\"valueRequired\":true,\"valueName\":\"search_term_string\"}}],\"inLanguage\":\"fr-FR\"},{\"@type\":\"Person\",\"@id\":\"https:\/\/web.umons.ac.be\/eshs\/#\/schema\/person\/2c3bab41553e42e9be46ff25322acaa4\",\"name\":\"Am\u00e9lie Honorez\",\"image\":{\"@type\":\"ImageObject\",\"inLanguage\":\"fr-FR\",\"@id\":\"https:\/\/secure.gravatar.com\/avatar\/9c59f6e370e37a7f8cdf1962f6c0fc524d2e502d704933818079b1dfbae61d43?s=96&d=mm&r=g\",\"url\":\"https:\/\/secure.gravatar.com\/avatar\/9c59f6e370e37a7f8cdf1962f6c0fc524d2e502d704933818079b1dfbae61d43?s=96&d=mm&r=g\",\"contentUrl\":\"https:\/\/secure.gravatar.com\/avatar\/9c59f6e370e37a7f8cdf1962f6c0fc524d2e502d704933818079b1dfbae61d43?s=96&d=mm&r=g\",\"caption\":\"Am\u00e9lie Honorez\"},\"url\":\"https:\/\/web.umons.ac.be\/eshs\/author\/ahonorez\/\"}]}<\/script>\n<!-- \/ Yoast SEO plugin. -->","yoast_head_json":{"title":"Apolline Dupuis, laur\u00e9ate du Prix Calogero Conti 2024 - Ecole \/ ESHS","description":"Apolline Dupuis re\u00e7oit le Prix Calogero Conti 2024. M\u00e9moire r\u00e9alis\u00e9 dans le cadre de son Master en Transitions et Innovations Sociales.","robots":{"index":"index","follow":"follow","max-snippet":"max-snippet:-1","max-image-preview":"max-image-preview:large","max-video-preview":"max-video-preview:-1"},"canonical":"https:\/\/web.umons.ac.be\/eshs\/fr\/apolline-dupuis-laureate-du-prix-calogero-conti-2024\/","og_locale":"fr_FR","og_type":"article","og_title":"Apolline Dupuis, laur\u00e9ate du Prix Conti","og_description":"Le Prix Calogero CONTI\u00a0r\u00e9compense le travail d\u2019\u00e9tudiants pr\u00e9sentant une contribution p\u00e9dagogique, sociale, environnementale ou humanitaire de grande qualit\u00e9.","og_url":"https:\/\/web.umons.ac.be\/eshs\/fr\/apolline-dupuis-laureate-du-prix-calogero-conti-2024\/","og_site_name":"Ecole \/ ESHS","article_published_time":"2024-04-29T13:29:35+00:00","article_modified_time":"2024-04-30T11:26:36+00:00","og_image":[{"width":300,"height":200,"url":"https:\/\/web.umons.ac.be\/app\/uploads\/sites\/8\/2024\/04\/prix-conti-300x200-1.jpg","type":"image\/jpeg"}],"author":"Am\u00e9lie Honorez","twitter_card":"summary_large_image","twitter_title":"Apolline Dupuis, laur\u00e9ate du Prix Conti","twitter_description":"Le Prix Calogero CONTI\u00a0r\u00e9compense le travail d\u2019\u00e9tudiants pr\u00e9sentant une contribution p\u00e9dagogique, sociale, environnementale ou humanitaire de grande qualit\u00e9.","twitter_image":"https:\/\/web.umons.ac.be\/app\/uploads\/sites\/8\/2024\/04\/prix-conti-300x200-1.jpg","twitter_misc":{"\u00c9crit par":"Am\u00e9lie Honorez","Dur\u00e9e de lecture estim\u00e9e":"2 minutes"},"schema":{"@context":"https:\/\/schema.org","@graph":[{"@type":"Article","@id":"https:\/\/web.umons.ac.be\/eshs\/fr\/apolline-dupuis-laureate-du-prix-calogero-conti-2024\/#article","isPartOf":{"@id":"https:\/\/web.umons.ac.be\/eshs\/fr\/apolline-dupuis-laureate-du-prix-calogero-conti-2024\/"},"author":{"name":"Am\u00e9lie Honorez","@id":"https:\/\/web.umons.ac.be\/eshs\/#\/schema\/person\/2c3bab41553e42e9be46ff25322acaa4"},"headline":"Apolline Dupuis, laur\u00e9ate du Prix Calogero Conti 2024","datePublished":"2024-04-29T13:29:35+00:00","dateModified":"2024-04-30T11:26:36+00:00","mainEntityOfPage":{"@id":"https:\/\/web.umons.ac.be\/eshs\/fr\/apolline-dupuis-laureate-du-prix-calogero-conti-2024\/"},"wordCount":262,"image":{"@id":"https:\/\/web.umons.ac.be\/eshs\/fr\/apolline-dupuis-laureate-du-prix-calogero-conti-2024\/#primaryimage"},"thumbnailUrl":"https:\/\/web.umons.ac.be\/app\/uploads\/sites\/8\/2024\/04\/DSC4945-copie.jpeg","keywords":["Prix Calogero Conti"],"articleSection":["Prix, bourses et distinctions"],"inLanguage":"fr-FR"},{"@type":"WebPage","@id":"https:\/\/web.umons.ac.be\/eshs\/fr\/apolline-dupuis-laureate-du-prix-calogero-conti-2024\/","url":"https:\/\/web.umons.ac.be\/eshs\/fr\/apolline-dupuis-laureate-du-prix-calogero-conti-2024\/","name":"Apolline Dupuis, laur\u00e9ate du Prix Calogero Conti 2024 - Ecole \/ ESHS","isPartOf":{"@id":"https:\/\/web.umons.ac.be\/eshs\/#website"},"primaryImageOfPage":{"@id":"https:\/\/web.umons.ac.be\/eshs\/fr\/apolline-dupuis-laureate-du-prix-calogero-conti-2024\/#primaryimage"},"image":{"@id":"https:\/\/web.umons.ac.be\/eshs\/fr\/apolline-dupuis-laureate-du-prix-calogero-conti-2024\/#primaryimage"},"thumbnailUrl":"https:\/\/web.umons.ac.be\/app\/uploads\/sites\/8\/2024\/04\/DSC4945-copie.jpeg","datePublished":"2024-04-29T13:29:35+00:00","dateModified":"2024-04-30T11:26:36+00:00","author":{"@id":"https:\/\/web.umons.ac.be\/eshs\/#\/schema\/person\/2c3bab41553e42e9be46ff25322acaa4"},"description":"Apolline Dupuis re\u00e7oit le Prix Calogero Conti 2024. M\u00e9moire r\u00e9alis\u00e9 dans le cadre de son Master en Transitions et Innovations Sociales.","breadcrumb":{"@id":"https:\/\/web.umons.ac.be\/eshs\/fr\/apolline-dupuis-laureate-du-prix-calogero-conti-2024\/#breadcrumb"},"inLanguage":"fr-FR","potentialAction":[{"@type":"ReadAction","target":["https:\/\/web.umons.ac.be\/eshs\/fr\/apolline-dupuis-laureate-du-prix-calogero-conti-2024\/"]}]},{"@type":"ImageObject","inLanguage":"fr-FR","@id":"https:\/\/web.umons.ac.be\/eshs\/fr\/apolline-dupuis-laureate-du-prix-calogero-conti-2024\/#primaryimage","url":"https:\/\/web.umons.ac.be\/app\/uploads\/sites\/8\/2024\/04\/DSC4945-copie.jpeg","contentUrl":"https:\/\/web.umons.ac.be\/app\/uploads\/sites\/8\/2024\/04\/DSC4945-copie.jpeg","width":7795,"height":5197},{"@type":"BreadcrumbList","@id":"https:\/\/web.umons.ac.be\/eshs\/fr\/apolline-dupuis-laureate-du-prix-calogero-conti-2024\/#breadcrumb","itemListElement":[{"@type":"ListItem","position":1,"name":"Accueil","item":"https:\/\/web.umons.ac.be\/eshs\/fr\/"},{"@type":"ListItem","position":2,"name":"Apolline Dupuis, laur\u00e9ate du Prix Calogero Conti 2024"}]},{"@type":"WebSite","@id":"https:\/\/web.umons.ac.be\/eshs\/#website","url":"https:\/\/web.umons.ac.be\/eshs\/","name":"Ecole \/ ESHS","description":"","potentialAction":[{"@type":"SearchAction","target":{"@type":"EntryPoint","urlTemplate":"https:\/\/web.umons.ac.be\/eshs\/?s={search_term_string}"},"query-input":{"@type":"PropertyValueSpecification","valueRequired":true,"valueName":"search_term_string"}}],"inLanguage":"fr-FR"},{"@type":"Person","@id":"https:\/\/web.umons.ac.be\/eshs\/#\/schema\/person\/2c3bab41553e42e9be46ff25322acaa4","name":"Am\u00e9lie Honorez","image":{"@type":"ImageObject","inLanguage":"fr-FR","@id":"https:\/\/secure.gravatar.com\/avatar\/9c59f6e370e37a7f8cdf1962f6c0fc524d2e502d704933818079b1dfbae61d43?s=96&d=mm&r=g","url":"https:\/\/secure.gravatar.com\/avatar\/9c59f6e370e37a7f8cdf1962f6c0fc524d2e502d704933818079b1dfbae61d43?s=96&d=mm&r=g","contentUrl":"https:\/\/secure.gravatar.com\/avatar\/9c59f6e370e37a7f8cdf1962f6c0fc524d2e502d704933818079b1dfbae61d43?s=96&d=mm&r=g","caption":"Am\u00e9lie Honorez"},"url":"https:\/\/web.umons.ac.be\/eshs\/author\/ahonorez\/"}]}},"lang":"fr","translations":{"fr":1403},"pll_sync_post":[],"_links":{"self":[{"href":"https:\/\/web.umons.ac.be\/eshs\/wp-json\/wp\/v2\/posts\/1403","targetHints":{"allow":["GET"]}}],"collection":[{"href":"https:\/\/web.umons.ac.be\/eshs\/wp-json\/wp\/v2\/posts"}],"about":[{"href":"https:\/\/web.umons.ac.be\/eshs\/wp-json\/wp\/v2\/types\/post"}],"author":[{"embeddable":true,"href":"https:\/\/web.umons.ac.be\/eshs\/wp-json\/wp\/v2\/users\/43"}],"replies":[{"embeddable":true,"href":"https:\/\/web.umons.ac.be\/eshs\/wp-json\/wp\/v2\/comments?post=1403"}],"version-history":[{"count":3,"href":"https:\/\/web.umons.ac.be\/eshs\/wp-json\/wp\/v2\/posts\/1403\/revisions"}],"predecessor-version":[{"id":1410,"href":"https:\/\/web.umons.ac.be\/eshs\/wp-json\/wp\/v2\/posts\/1403\/revisions\/1410"}],"wp:featuredmedia":[{"embeddable":true,"href":"https:\/\/web.umons.ac.be\/eshs\/wp-json\/wp\/v2\/media\/1409"}],"wp:attachment":[{"href":"https:\/\/web.umons.ac.be\/eshs\/wp-json\/wp\/v2\/media?parent=1403"}],"wp:term":[{"taxonomy":"category","embeddable":true,"href":"https:\/\/web.umons.ac.be\/eshs\/wp-json\/wp\/v2\/categories?post=1403"},{"taxonomy":"post_tag","embeddable":true,"href":"https:\/\/web.umons.ac.be\/eshs\/wp-json\/wp\/v2\/tags?post=1403"}],"curies":[{"name":"wp","href":"https:\/\/api.w.org\/{rel}","templated":true}]}}