{"id":1441,"date":"2024-12-06T12:31:44","date_gmt":"2024-12-06T11:31:44","guid":{"rendered":"https:\/\/web.umons.ac.be\/eshs\/?p=1441"},"modified":"2024-12-06T12:31:44","modified_gmt":"2024-12-06T11:31:44","slug":"retour-photo-sur-le-vingtieme-anniversaire-de-lecole-des-sciences-humaines-et-sociales","status":"publish","type":"post","link":"https:\/\/web.umons.ac.be\/eshs\/fr\/retour-photo-sur-le-vingtieme-anniversaire-de-lecole-des-sciences-humaines-et-sociales\/","title":{"rendered":"Retour photo sur le vingti\u00e8me anniversaire de l\u2019\u00c9cole des Sciences Humaines et Sociales"},"content":{"rendered":"<h1>Soir\u00e9e festive au Mundaneum<\/h1>\n<p>Fruit de la collaboration de la Facult\u00e9 Warocqu\u00e9 d\u2019\u00c9conomie et de Gestion et de la Facult\u00e9 de Psychologie et des Sciences de l\u2019\u00c9ducation de l&rsquo;UMONS, le Bachelier en Sciences Humaines et Sociales \u00e9tait mis sur les rails en 2004. Vingt ans plus tard, nous c\u00e9l\u00e9brions son anniversaire au coeur du Mundaneum.<\/p>\n<p>Au programme : des moments d\u2019\u00e9changes, une plong\u00e9e dans les archives et des retrouvailles conviviales. Les participant\u2022e\u2022s ont \u00e9galement pu d\u00e9guster des sp\u00e9cialit\u00e9s locales savoureuses, pr\u00e9par\u00e9es avec soin par <a href=\"https:\/\/www.lsctraiteur.be\/\"><em>Les Saveurs Cuisin\u00e9es<\/em><\/a>.<\/p>\n<p>Ce 20\u1d49 anniversaire a marqu\u00e9 une \u00e9tape cl\u00e9 dans le parcours de l\u2019\u00c9cole, qui continue de se distinguer dans le domaine des sciences humaines et sociales.<\/p>\n<div id='gallery-1' class='gallery galleryid-1441 gallery-columns-3 gallery-size-thumbnail'><figure class='gallery-item'>\n\t\t\t<div class='gallery-icon landscape'>\n\t\t\t\t<a href='https:\/\/web.umons.ac.be\/eshs\/fr\/retour-photo-sur-le-vingtieme-anniversaire-de-lecole-des-sciences-humaines-et-sociales\/dsc_4337-avec-accentuation-nr\/'><img loading=\"lazy\" decoding=\"async\" width=\"150\" height=\"150\" src=\"https:\/\/web.umons.ac.be\/app\/uploads\/sites\/8\/2024\/12\/DSC_4337-Avec-accentuation-NR-150x150.jpg\" class=\"attachment-thumbnail size-thumbnail\" alt=\"\" srcset=\"https:\/\/web.umons.ac.be\/app\/uploads\/sites\/8\/2024\/12\/DSC_4337-Avec-accentuation-NR-150x150.jpg 150w, https:\/\/web.umons.ac.be\/app\/uploads\/sites\/8\/2024\/12\/DSC_4337-Avec-accentuation-NR-80x80.jpg 80w, https:\/\/web.umons.ac.be\/app\/uploads\/sites\/8\/2024\/12\/DSC_4337-Avec-accentuation-NR-400x400.jpg 400w, https:\/\/web.umons.ac.be\/app\/uploads\/sites\/8\/2024\/12\/DSC_4337-Avec-accentuation-NR-200x200.jpg 200w\" sizes=\"auto, (max-width: 150px) 100vw, 150px\" \/><\/a>\n\t\t\t<\/div><\/figure><figure class='gallery-item'>\n\t\t\t<div class='gallery-icon landscape'>\n\t\t\t\t<a href='https:\/\/web.umons.ac.be\/eshs\/fr\/retour-photo-sur-le-vingtieme-anniversaire-de-lecole-des-sciences-humaines-et-sociales\/dsc_4338-avec-accentuation-nr\/'><img loading=\"lazy\" decoding=\"async\" width=\"150\" height=\"150\" src=\"https:\/\/web.umons.ac.be\/app\/uploads\/sites\/8\/2024\/12\/DSC_4338-Avec-accentuation-NR-150x150.jpg\" class=\"attachment-thumbnail size-thumbnail\" alt=\"\" srcset=\"https:\/\/web.umons.ac.be\/app\/uploads\/sites\/8\/2024\/12\/DSC_4338-Avec-accentuation-NR-150x150.jpg 150w, https:\/\/web.umons.ac.be\/app\/uploads\/sites\/8\/2024\/12\/DSC_4338-Avec-accentuation-NR-80x80.jpg 80w, https:\/\/web.umons.ac.be\/app\/uploads\/sites\/8\/2024\/12\/DSC_4338-Avec-accentuation-NR-400x400.jpg 400w, https:\/\/web.umons.ac.be\/app\/uploads\/sites\/8\/2024\/12\/DSC_4338-Avec-accentuation-NR-200x200.jpg 200w\" sizes=\"auto, (max-width: 150px) 100vw, 150px\" \/><\/a>\n\t\t\t<\/div><\/figure><figure class='gallery-item'>\n\t\t\t<div class='gallery-icon landscape'>\n\t\t\t\t<a href='https:\/\/web.umons.ac.be\/eshs\/fr\/retour-photo-sur-le-vingtieme-anniversaire-de-lecole-des-sciences-humaines-et-sociales\/dsc_4339-avec-accentuation-nr\/'><img loading=\"lazy\" decoding=\"async\" width=\"150\" height=\"150\" src=\"https:\/\/web.umons.ac.be\/app\/uploads\/sites\/8\/2024\/12\/DSC_4339-Avec-accentuation-NR-150x150.jpg\" class=\"attachment-thumbnail size-thumbnail\" alt=\"\" srcset=\"https:\/\/web.umons.ac.be\/app\/uploads\/sites\/8\/2024\/12\/DSC_4339-Avec-accentuation-NR-150x150.jpg 150w, https:\/\/web.umons.ac.be\/app\/uploads\/sites\/8\/2024\/12\/DSC_4339-Avec-accentuation-NR-80x80.jpg 80w, https:\/\/web.umons.ac.be\/app\/uploads\/sites\/8\/2024\/12\/DSC_4339-Avec-accentuation-NR-400x400.jpg 400w, https:\/\/web.umons.ac.be\/app\/uploads\/sites\/8\/2024\/12\/DSC_4339-Avec-accentuation-NR-200x200.jpg 200w\" sizes=\"auto, (max-width: 150px) 100vw, 150px\" \/><\/a>\n\t\t\t<\/div><\/figure><figure class='gallery-item'>\n\t\t\t<div class='gallery-icon landscape'>\n\t\t\t\t<a href='https:\/\/web.umons.ac.be\/eshs\/fr\/retour-photo-sur-le-vingtieme-anniversaire-de-lecole-des-sciences-humaines-et-sociales\/dsc_4341-avec-accentuation-nr\/'><img loading=\"lazy\" decoding=\"async\" width=\"150\" height=\"150\" src=\"https:\/\/web.umons.ac.be\/app\/uploads\/sites\/8\/2024\/12\/DSC_4341-Avec-accentuation-NR-150x150.jpg\" class=\"attachment-thumbnail size-thumbnail\" alt=\"\" srcset=\"https:\/\/web.umons.ac.be\/app\/uploads\/sites\/8\/2024\/12\/DSC_4341-Avec-accentuation-NR-150x150.jpg 150w, https:\/\/web.umons.ac.be\/app\/uploads\/sites\/8\/2024\/12\/DSC_4341-Avec-accentuation-NR-80x80.jpg 80w, https:\/\/web.umons.ac.be\/app\/uploads\/sites\/8\/2024\/12\/DSC_4341-Avec-accentuation-NR-400x400.jpg 400w, https:\/\/web.umons.ac.be\/app\/uploads\/sites\/8\/2024\/12\/DSC_4341-Avec-accentuation-NR-200x200.jpg 200w\" sizes=\"auto, (max-width: 150px) 100vw, 150px\" \/><\/a>\n\t\t\t<\/div><\/figure><figure class='gallery-item'>\n\t\t\t<div class='gallery-icon landscape'>\n\t\t\t\t<a href='https:\/\/web.umons.ac.be\/eshs\/fr\/retour-photo-sur-le-vingtieme-anniversaire-de-lecole-des-sciences-humaines-et-sociales\/dsc_4330-avec-accentuation-nr\/'><img loading=\"lazy\" decoding=\"async\" width=\"150\" height=\"150\" src=\"https:\/\/web.umons.ac.be\/app\/uploads\/sites\/8\/2024\/12\/DSC_4330-Avec-accentuation-NR-150x150.jpg\" class=\"attachment-thumbnail size-thumbnail\" alt=\"\" srcset=\"https:\/\/web.umons.ac.be\/app\/uploads\/sites\/8\/2024\/12\/DSC_4330-Avec-accentuation-NR-150x150.jpg 150w, https:\/\/web.umons.ac.be\/app\/uploads\/sites\/8\/2024\/12\/DSC_4330-Avec-accentuation-NR-80x80.jpg 80w, https:\/\/web.umons.ac.be\/app\/uploads\/sites\/8\/2024\/12\/DSC_4330-Avec-accentuation-NR-400x400.jpg 400w, https:\/\/web.umons.ac.be\/app\/uploads\/sites\/8\/2024\/12\/DSC_4330-Avec-accentuation-NR-200x200.jpg 200w\" sizes=\"auto, (max-width: 150px) 100vw, 150px\" \/><\/a>\n\t\t\t<\/div><\/figure><figure class='gallery-item'>\n\t\t\t<div class='gallery-icon landscape'>\n\t\t\t\t<a href='https:\/\/web.umons.ac.be\/eshs\/fr\/retour-photo-sur-le-vingtieme-anniversaire-de-lecole-des-sciences-humaines-et-sociales\/dsc_4329-avec-accentuation-nr\/'><img loading=\"lazy\" decoding=\"async\" width=\"150\" height=\"150\" src=\"https:\/\/web.umons.ac.be\/app\/uploads\/sites\/8\/2024\/12\/DSC_4329-Avec-accentuation-NR-150x150.jpg\" class=\"attachment-thumbnail size-thumbnail\" alt=\"\" srcset=\"https:\/\/web.umons.ac.be\/app\/uploads\/sites\/8\/2024\/12\/DSC_4329-Avec-accentuation-NR-150x150.jpg 150w, https:\/\/web.umons.ac.be\/app\/uploads\/sites\/8\/2024\/12\/DSC_4329-Avec-accentuation-NR-80x80.jpg 80w, https:\/\/web.umons.ac.be\/app\/uploads\/sites\/8\/2024\/12\/DSC_4329-Avec-accentuation-NR-400x400.jpg 400w, https:\/\/web.umons.ac.be\/app\/uploads\/sites\/8\/2024\/12\/DSC_4329-Avec-accentuation-NR-200x200.jpg 200w\" sizes=\"auto, (max-width: 150px) 100vw, 150px\" \/><\/a>\n\t\t\t<\/div><\/figure><figure class='gallery-item'>\n\t\t\t<div class='gallery-icon landscape'>\n\t\t\t\t<a href='https:\/\/web.umons.ac.be\/eshs\/fr\/retour-photo-sur-le-vingtieme-anniversaire-de-lecole-des-sciences-humaines-et-sociales\/dsc_4349-avec-accentuation-nr\/'><img loading=\"lazy\" decoding=\"async\" width=\"150\" height=\"150\" src=\"https:\/\/web.umons.ac.be\/app\/uploads\/sites\/8\/2024\/12\/DSC_4349-Avec-accentuation-NR-150x150.jpg\" class=\"attachment-thumbnail size-thumbnail\" alt=\"\" srcset=\"https:\/\/web.umons.ac.be\/app\/uploads\/sites\/8\/2024\/12\/DSC_4349-Avec-accentuation-NR-150x150.jpg 150w, https:\/\/web.umons.ac.be\/app\/uploads\/sites\/8\/2024\/12\/DSC_4349-Avec-accentuation-NR-80x80.jpg 80w, https:\/\/web.umons.ac.be\/app\/uploads\/sites\/8\/2024\/12\/DSC_4349-Avec-accentuation-NR-400x400.jpg 400w, https:\/\/web.umons.ac.be\/app\/uploads\/sites\/8\/2024\/12\/DSC_4349-Avec-accentuation-NR-200x200.jpg 200w\" sizes=\"auto, (max-width: 150px) 100vw, 150px\" \/><\/a>\n\t\t\t<\/div><\/figure><figure class='gallery-item'>\n\t\t\t<div class='gallery-icon landscape'>\n\t\t\t\t<a href='https:\/\/web.umons.ac.be\/eshs\/fr\/retour-photo-sur-le-vingtieme-anniversaire-de-lecole-des-sciences-humaines-et-sociales\/dsc_4359-avec-accentuation-nr\/'><img loading=\"lazy\" decoding=\"async\" width=\"150\" height=\"150\" src=\"https:\/\/web.umons.ac.be\/app\/uploads\/sites\/8\/2024\/12\/DSC_4359-Avec-accentuation-NR-150x150.jpg\" class=\"attachment-thumbnail size-thumbnail\" alt=\"\" srcset=\"https:\/\/web.umons.ac.be\/app\/uploads\/sites\/8\/2024\/12\/DSC_4359-Avec-accentuation-NR-150x150.jpg 150w, https:\/\/web.umons.ac.be\/app\/uploads\/sites\/8\/2024\/12\/DSC_4359-Avec-accentuation-NR-80x80.jpg 80w, https:\/\/web.umons.ac.be\/app\/uploads\/sites\/8\/2024\/12\/DSC_4359-Avec-accentuation-NR-400x400.jpg 400w, https:\/\/web.umons.ac.be\/app\/uploads\/sites\/8\/2024\/12\/DSC_4359-Avec-accentuation-NR-200x200.jpg 200w\" sizes=\"auto, (max-width: 150px) 100vw, 150px\" \/><\/a>\n\t\t\t<\/div><\/figure><figure class='gallery-item'>\n\t\t\t<div class='gallery-icon landscape'>\n\t\t\t\t<a href='https:\/\/web.umons.ac.be\/eshs\/fr\/retour-photo-sur-le-vingtieme-anniversaire-de-lecole-des-sciences-humaines-et-sociales\/dsc_4364-avec-accentuation-nr\/'><img loading=\"lazy\" decoding=\"async\" width=\"150\" height=\"150\" src=\"https:\/\/web.umons.ac.be\/app\/uploads\/sites\/8\/2024\/12\/DSC_4364-Avec-accentuation-NR-150x150.jpg\" class=\"attachment-thumbnail size-thumbnail\" alt=\"\" srcset=\"https:\/\/web.umons.ac.be\/app\/uploads\/sites\/8\/2024\/12\/DSC_4364-Avec-accentuation-NR-150x150.jpg 150w, https:\/\/web.umons.ac.be\/app\/uploads\/sites\/8\/2024\/12\/DSC_4364-Avec-accentuation-NR-80x80.jpg 80w, https:\/\/web.umons.ac.be\/app\/uploads\/sites\/8\/2024\/12\/DSC_4364-Avec-accentuation-NR-400x400.jpg 400w, https:\/\/web.umons.ac.be\/app\/uploads\/sites\/8\/2024\/12\/DSC_4364-Avec-accentuation-NR-200x200.jpg 200w\" sizes=\"auto, (max-width: 150px) 100vw, 150px\" \/><\/a>\n\t\t\t<\/div><\/figure><figure class='gallery-item'>\n\t\t\t<div class='gallery-icon landscape'>\n\t\t\t\t<a href='https:\/\/web.umons.ac.be\/eshs\/fr\/retour-photo-sur-le-vingtieme-anniversaire-de-lecole-des-sciences-humaines-et-sociales\/dsc_4365-avec-accentuation-nr\/'><img loading=\"lazy\" decoding=\"async\" width=\"150\" height=\"150\" src=\"https:\/\/web.umons.ac.be\/app\/uploads\/sites\/8\/2024\/12\/DSC_4365-Avec-accentuation-NR-150x150.jpg\" class=\"attachment-thumbnail size-thumbnail\" alt=\"\" srcset=\"https:\/\/web.umons.ac.be\/app\/uploads\/sites\/8\/2024\/12\/DSC_4365-Avec-accentuation-NR-150x150.jpg 150w, https:\/\/web.umons.ac.be\/app\/uploads\/sites\/8\/2024\/12\/DSC_4365-Avec-accentuation-NR-80x80.jpg 80w, https:\/\/web.umons.ac.be\/app\/uploads\/sites\/8\/2024\/12\/DSC_4365-Avec-accentuation-NR-400x400.jpg 400w, https:\/\/web.umons.ac.be\/app\/uploads\/sites\/8\/2024\/12\/DSC_4365-Avec-accentuation-NR-200x200.jpg 200w\" sizes=\"auto, (max-width: 150px) 100vw, 150px\" \/><\/a>\n\t\t\t<\/div><\/figure><figure class='gallery-item'>\n\t\t\t<div class='gallery-icon landscape'>\n\t\t\t\t<a href='https:\/\/web.umons.ac.be\/eshs\/fr\/retour-photo-sur-le-vingtieme-anniversaire-de-lecole-des-sciences-humaines-et-sociales\/dsc_4367-avec-accentuation-nr\/'><img loading=\"lazy\" decoding=\"async\" width=\"150\" height=\"150\" src=\"https:\/\/web.umons.ac.be\/app\/uploads\/sites\/8\/2024\/12\/DSC_4367-Avec-accentuation-NR-150x150.jpg\" class=\"attachment-thumbnail size-thumbnail\" alt=\"\" srcset=\"https:\/\/web.umons.ac.be\/app\/uploads\/sites\/8\/2024\/12\/DSC_4367-Avec-accentuation-NR-150x150.jpg 150w, https:\/\/web.umons.ac.be\/app\/uploads\/sites\/8\/2024\/12\/DSC_4367-Avec-accentuation-NR-80x80.jpg 80w, https:\/\/web.umons.ac.be\/app\/uploads\/sites\/8\/2024\/12\/DSC_4367-Avec-accentuation-NR-400x400.jpg 400w, https:\/\/web.umons.ac.be\/app\/uploads\/sites\/8\/2024\/12\/DSC_4367-Avec-accentuation-NR-200x200.jpg 200w\" sizes=\"auto, (max-width: 150px) 100vw, 150px\" \/><\/a>\n\t\t\t<\/div><\/figure><figure class='gallery-item'>\n\t\t\t<div class='gallery-icon landscape'>\n\t\t\t\t<a href='https:\/\/web.umons.ac.be\/eshs\/fr\/retour-photo-sur-le-vingtieme-anniversaire-de-lecole-des-sciences-humaines-et-sociales\/dsc_4368-avec-accentuation-nr\/'><img loading=\"lazy\" decoding=\"async\" width=\"150\" height=\"150\" src=\"https:\/\/web.umons.ac.be\/app\/uploads\/sites\/8\/2024\/12\/DSC_4368-Avec-accentuation-NR-150x150.jpg\" class=\"attachment-thumbnail size-thumbnail\" alt=\"\" srcset=\"https:\/\/web.umons.ac.be\/app\/uploads\/sites\/8\/2024\/12\/DSC_4368-Avec-accentuation-NR-150x150.jpg 150w, https:\/\/web.umons.ac.be\/app\/uploads\/sites\/8\/2024\/12\/DSC_4368-Avec-accentuation-NR-80x80.jpg 80w, https:\/\/web.umons.ac.be\/app\/uploads\/sites\/8\/2024\/12\/DSC_4368-Avec-accentuation-NR-400x400.jpg 400w, https:\/\/web.umons.ac.be\/app\/uploads\/sites\/8\/2024\/12\/DSC_4368-Avec-accentuation-NR-200x200.jpg 200w\" sizes=\"auto, (max-width: 150px) 100vw, 150px\" \/><\/a>\n\t\t\t<\/div><\/figure><figure class='gallery-item'>\n\t\t\t<div class='gallery-icon landscape'>\n\t\t\t\t<a href='https:\/\/web.umons.ac.be\/eshs\/fr\/retour-photo-sur-le-vingtieme-anniversaire-de-lecole-des-sciences-humaines-et-sociales\/dsc_4370-avec-accentuation-nr\/'><img loading=\"lazy\" decoding=\"async\" width=\"150\" height=\"150\" src=\"https:\/\/web.umons.ac.be\/app\/uploads\/sites\/8\/2024\/12\/DSC_4370-Avec-accentuation-NR-150x150.jpg\" class=\"attachment-thumbnail size-thumbnail\" alt=\"\" srcset=\"https:\/\/web.umons.ac.be\/app\/uploads\/sites\/8\/2024\/12\/DSC_4370-Avec-accentuation-NR-150x150.jpg 150w, https:\/\/web.umons.ac.be\/app\/uploads\/sites\/8\/2024\/12\/DSC_4370-Avec-accentuation-NR-80x80.jpg 80w, https:\/\/web.umons.ac.be\/app\/uploads\/sites\/8\/2024\/12\/DSC_4370-Avec-accentuation-NR-400x400.jpg 400w, https:\/\/web.umons.ac.be\/app\/uploads\/sites\/8\/2024\/12\/DSC_4370-Avec-accentuation-NR-200x200.jpg 200w\" sizes=\"auto, (max-width: 150px) 100vw, 150px\" \/><\/a>\n\t\t\t<\/div><\/figure><figure class='gallery-item'>\n\t\t\t<div class='gallery-icon landscape'>\n\t\t\t\t<a href='https:\/\/web.umons.ac.be\/eshs\/fr\/retour-photo-sur-le-vingtieme-anniversaire-de-lecole-des-sciences-humaines-et-sociales\/dsc_4372-avec-accentuation-nr\/'><img loading=\"lazy\" decoding=\"async\" width=\"150\" height=\"150\" src=\"https:\/\/web.umons.ac.be\/app\/uploads\/sites\/8\/2024\/12\/DSC_4372-Avec-accentuation-NR-150x150.jpg\" class=\"attachment-thumbnail size-thumbnail\" alt=\"\" srcset=\"https:\/\/web.umons.ac.be\/app\/uploads\/sites\/8\/2024\/12\/DSC_4372-Avec-accentuation-NR-150x150.jpg 150w, https:\/\/web.umons.ac.be\/app\/uploads\/sites\/8\/2024\/12\/DSC_4372-Avec-accentuation-NR-80x80.jpg 80w, https:\/\/web.umons.ac.be\/app\/uploads\/sites\/8\/2024\/12\/DSC_4372-Avec-accentuation-NR-400x400.jpg 400w, https:\/\/web.umons.ac.be\/app\/uploads\/sites\/8\/2024\/12\/DSC_4372-Avec-accentuation-NR-200x200.jpg 200w\" sizes=\"auto, (max-width: 150px) 100vw, 150px\" \/><\/a>\n\t\t\t<\/div><\/figure><figure class='gallery-item'>\n\t\t\t<div class='gallery-icon landscape'>\n\t\t\t\t<a href='https:\/\/web.umons.ac.be\/eshs\/fr\/retour-photo-sur-le-vingtieme-anniversaire-de-lecole-des-sciences-humaines-et-sociales\/dsc_4377-avec-accentuation-nr\/'><img loading=\"lazy\" decoding=\"async\" width=\"150\" height=\"150\" src=\"https:\/\/web.umons.ac.be\/app\/uploads\/sites\/8\/2024\/12\/DSC_4377-Avec-accentuation-NR-150x150.jpg\" class=\"attachment-thumbnail size-thumbnail\" alt=\"\" srcset=\"https:\/\/web.umons.ac.be\/app\/uploads\/sites\/8\/2024\/12\/DSC_4377-Avec-accentuation-NR-150x150.jpg 150w, https:\/\/web.umons.ac.be\/app\/uploads\/sites\/8\/2024\/12\/DSC_4377-Avec-accentuation-NR-80x80.jpg 80w, https:\/\/web.umons.ac.be\/app\/uploads\/sites\/8\/2024\/12\/DSC_4377-Avec-accentuation-NR-400x400.jpg 400w, https:\/\/web.umons.ac.be\/app\/uploads\/sites\/8\/2024\/12\/DSC_4377-Avec-accentuation-NR-200x200.jpg 200w\" sizes=\"auto, (max-width: 150px) 100vw, 150px\" \/><\/a>\n\t\t\t<\/div><\/figure><figure class='gallery-item'>\n\t\t\t<div class='gallery-icon landscape'>\n\t\t\t\t<a href='https:\/\/web.umons.ac.be\/eshs\/fr\/retour-photo-sur-le-vingtieme-anniversaire-de-lecole-des-sciences-humaines-et-sociales\/dsc_4379-avec-accentuation-nr\/'><img loading=\"lazy\" decoding=\"async\" width=\"150\" height=\"150\" src=\"https:\/\/web.umons.ac.be\/app\/uploads\/sites\/8\/2024\/12\/DSC_4379-Avec-accentuation-NR-150x150.jpg\" class=\"attachment-thumbnail size-thumbnail\" alt=\"\" srcset=\"https:\/\/web.umons.ac.be\/app\/uploads\/sites\/8\/2024\/12\/DSC_4379-Avec-accentuation-NR-150x150.jpg 150w, https:\/\/web.umons.ac.be\/app\/uploads\/sites\/8\/2024\/12\/DSC_4379-Avec-accentuation-NR-80x80.jpg 80w, https:\/\/web.umons.ac.be\/app\/uploads\/sites\/8\/2024\/12\/DSC_4379-Avec-accentuation-NR-400x400.jpg 400w, https:\/\/web.umons.ac.be\/app\/uploads\/sites\/8\/2024\/12\/DSC_4379-Avec-accentuation-NR-200x200.jpg 200w\" sizes=\"auto, (max-width: 150px) 100vw, 150px\" \/><\/a>\n\t\t\t<\/div><\/figure><figure class='gallery-item'>\n\t\t\t<div class='gallery-icon landscape'>\n\t\t\t\t<a href='https:\/\/web.umons.ac.be\/eshs\/fr\/retour-photo-sur-le-vingtieme-anniversaire-de-lecole-des-sciences-humaines-et-sociales\/dsc_4381-avec-accentuation-nr\/'><img loading=\"lazy\" decoding=\"async\" width=\"150\" height=\"150\" src=\"https:\/\/web.umons.ac.be\/app\/uploads\/sites\/8\/2024\/12\/DSC_4381-Avec-accentuation-NR-150x150.jpg\" class=\"attachment-thumbnail size-thumbnail\" alt=\"\" srcset=\"https:\/\/web.umons.ac.be\/app\/uploads\/sites\/8\/2024\/12\/DSC_4381-Avec-accentuation-NR-150x150.jpg 150w, https:\/\/web.umons.ac.be\/app\/uploads\/sites\/8\/2024\/12\/DSC_4381-Avec-accentuation-NR-80x80.jpg 80w, https:\/\/web.umons.ac.be\/app\/uploads\/sites\/8\/2024\/12\/DSC_4381-Avec-accentuation-NR-400x400.jpg 400w, https:\/\/web.umons.ac.be\/app\/uploads\/sites\/8\/2024\/12\/DSC_4381-Avec-accentuation-NR-200x200.jpg 200w\" sizes=\"auto, (max-width: 150px) 100vw, 150px\" \/><\/a>\n\t\t\t<\/div><\/figure><figure class='gallery-item'>\n\t\t\t<div class='gallery-icon landscape'>\n\t\t\t\t<a href='https:\/\/web.umons.ac.be\/eshs\/fr\/retour-photo-sur-le-vingtieme-anniversaire-de-lecole-des-sciences-humaines-et-sociales\/dsc_4382-avec-accentuation-nr\/'><img loading=\"lazy\" decoding=\"async\" width=\"150\" height=\"150\" src=\"https:\/\/web.umons.ac.be\/app\/uploads\/sites\/8\/2024\/12\/DSC_4382-Avec-accentuation-NR-150x150.jpg\" class=\"attachment-thumbnail size-thumbnail\" alt=\"\" srcset=\"https:\/\/web.umons.ac.be\/app\/uploads\/sites\/8\/2024\/12\/DSC_4382-Avec-accentuation-NR-150x150.jpg 150w, https:\/\/web.umons.ac.be\/app\/uploads\/sites\/8\/2024\/12\/DSC_4382-Avec-accentuation-NR-80x80.jpg 80w, https:\/\/web.umons.ac.be\/app\/uploads\/sites\/8\/2024\/12\/DSC_4382-Avec-accentuation-NR-400x400.jpg 400w, https:\/\/web.umons.ac.be\/app\/uploads\/sites\/8\/2024\/12\/DSC_4382-Avec-accentuation-NR-200x200.jpg 200w\" sizes=\"auto, (max-width: 150px) 100vw, 150px\" \/><\/a>\n\t\t\t<\/div><\/figure><figure class='gallery-item'>\n\t\t\t<div class='gallery-icon landscape'>\n\t\t\t\t<a href='https:\/\/web.umons.ac.be\/eshs\/fr\/retour-photo-sur-le-vingtieme-anniversaire-de-lecole-des-sciences-humaines-et-sociales\/dsc_4383-avec-accentuation-nr\/'><img loading=\"lazy\" decoding=\"async\" width=\"150\" height=\"150\" src=\"https:\/\/web.umons.ac.be\/app\/uploads\/sites\/8\/2024\/12\/DSC_4383-Avec-accentuation-NR-150x150.jpg\" class=\"attachment-thumbnail size-thumbnail\" alt=\"\" srcset=\"https:\/\/web.umons.ac.be\/app\/uploads\/sites\/8\/2024\/12\/DSC_4383-Avec-accentuation-NR-150x150.jpg 150w, https:\/\/web.umons.ac.be\/app\/uploads\/sites\/8\/2024\/12\/DSC_4383-Avec-accentuation-NR-80x80.jpg 80w, https:\/\/web.umons.ac.be\/app\/uploads\/sites\/8\/2024\/12\/DSC_4383-Avec-accentuation-NR-400x400.jpg 400w, https:\/\/web.umons.ac.be\/app\/uploads\/sites\/8\/2024\/12\/DSC_4383-Avec-accentuation-NR-200x200.jpg 200w\" sizes=\"auto, (max-width: 150px) 100vw, 150px\" \/><\/a>\n\t\t\t<\/div><\/figure><figure class='gallery-item'>\n\t\t\t<div class='gallery-icon landscape'>\n\t\t\t\t<a href='https:\/\/web.umons.ac.be\/eshs\/fr\/retour-photo-sur-le-vingtieme-anniversaire-de-lecole-des-sciences-humaines-et-sociales\/dsc_4384-avec-accentuation-nr\/'><img loading=\"lazy\" decoding=\"async\" width=\"150\" height=\"150\" src=\"https:\/\/web.umons.ac.be\/app\/uploads\/sites\/8\/2024\/12\/DSC_4384-Avec-accentuation-NR-150x150.jpg\" class=\"attachment-thumbnail size-thumbnail\" alt=\"\" srcset=\"https:\/\/web.umons.ac.be\/app\/uploads\/sites\/8\/2024\/12\/DSC_4384-Avec-accentuation-NR-150x150.jpg 150w, https:\/\/web.umons.ac.be\/app\/uploads\/sites\/8\/2024\/12\/DSC_4384-Avec-accentuation-NR-80x80.jpg 80w, https:\/\/web.umons.ac.be\/app\/uploads\/sites\/8\/2024\/12\/DSC_4384-Avec-accentuation-NR-400x400.jpg 400w, https:\/\/web.umons.ac.be\/app\/uploads\/sites\/8\/2024\/12\/DSC_4384-Avec-accentuation-NR-200x200.jpg 200w\" sizes=\"auto, (max-width: 150px) 100vw, 150px\" \/><\/a>\n\t\t\t<\/div><\/figure><figure class='gallery-item'>\n\t\t\t<div class='gallery-icon landscape'>\n\t\t\t\t<a href='https:\/\/web.umons.ac.be\/eshs\/fr\/retour-photo-sur-le-vingtieme-anniversaire-de-lecole-des-sciences-humaines-et-sociales\/dsc_4389-avec-accentuation-nr\/'><img loading=\"lazy\" decoding=\"async\" width=\"150\" height=\"150\" src=\"https:\/\/web.umons.ac.be\/app\/uploads\/sites\/8\/2024\/12\/DSC_4389-Avec-accentuation-NR-150x150.jpg\" class=\"attachment-thumbnail size-thumbnail\" alt=\"\" srcset=\"https:\/\/web.umons.ac.be\/app\/uploads\/sites\/8\/2024\/12\/DSC_4389-Avec-accentuation-NR-150x150.jpg 150w, https:\/\/web.umons.ac.be\/app\/uploads\/sites\/8\/2024\/12\/DSC_4389-Avec-accentuation-NR-80x80.jpg 80w, https:\/\/web.umons.ac.be\/app\/uploads\/sites\/8\/2024\/12\/DSC_4389-Avec-accentuation-NR-400x400.jpg 400w, https:\/\/web.umons.ac.be\/app\/uploads\/sites\/8\/2024\/12\/DSC_4389-Avec-accentuation-NR-200x200.jpg 200w\" sizes=\"auto, (max-width: 150px) 100vw, 150px\" \/><\/a>\n\t\t\t<\/div><\/figure><figure class='gallery-item'>\n\t\t\t<div class='gallery-icon portrait'>\n\t\t\t\t<a href='https:\/\/web.umons.ac.be\/eshs\/fr\/retour-photo-sur-le-vingtieme-anniversaire-de-lecole-des-sciences-humaines-et-sociales\/dsc_4391-avec-accentuation-nr\/'><img loading=\"lazy\" decoding=\"async\" width=\"150\" height=\"150\" src=\"https:\/\/web.umons.ac.be\/app\/uploads\/sites\/8\/2024\/12\/DSC_4391-Avec-accentuation-NR-150x150.jpg\" class=\"attachment-thumbnail size-thumbnail\" alt=\"\" srcset=\"https:\/\/web.umons.ac.be\/app\/uploads\/sites\/8\/2024\/12\/DSC_4391-Avec-accentuation-NR-150x150.jpg 150w, https:\/\/web.umons.ac.be\/app\/uploads\/sites\/8\/2024\/12\/DSC_4391-Avec-accentuation-NR-80x80.jpg 80w, https:\/\/web.umons.ac.be\/app\/uploads\/sites\/8\/2024\/12\/DSC_4391-Avec-accentuation-NR-400x400.jpg 400w, https:\/\/web.umons.ac.be\/app\/uploads\/sites\/8\/2024\/12\/DSC_4391-Avec-accentuation-NR-200x200.jpg 200w\" sizes=\"auto, (max-width: 150px) 100vw, 150px\" \/><\/a>\n\t\t\t<\/div><\/figure><figure class='gallery-item'>\n\t\t\t<div class='gallery-icon portrait'>\n\t\t\t\t<a href='https:\/\/web.umons.ac.be\/eshs\/fr\/retour-photo-sur-le-vingtieme-anniversaire-de-lecole-des-sciences-humaines-et-sociales\/dsc_4392-avec-accentuation-nr\/'><img loading=\"lazy\" decoding=\"async\" width=\"150\" height=\"150\" src=\"https:\/\/web.umons.ac.be\/app\/uploads\/sites\/8\/2024\/12\/DSC_4392-Avec-accentuation-NR-150x150.jpg\" class=\"attachment-thumbnail size-thumbnail\" alt=\"\" srcset=\"https:\/\/web.umons.ac.be\/app\/uploads\/sites\/8\/2024\/12\/DSC_4392-Avec-accentuation-NR-150x150.jpg 150w, https:\/\/web.umons.ac.be\/app\/uploads\/sites\/8\/2024\/12\/DSC_4392-Avec-accentuation-NR-80x80.jpg 80w, https:\/\/web.umons.ac.be\/app\/uploads\/sites\/8\/2024\/12\/DSC_4392-Avec-accentuation-NR-400x400.jpg 400w, https:\/\/web.umons.ac.be\/app\/uploads\/sites\/8\/2024\/12\/DSC_4392-Avec-accentuation-NR-200x200.jpg 200w\" sizes=\"auto, (max-width: 150px) 100vw, 150px\" \/><\/a>\n\t\t\t<\/div><\/figure><figure class='gallery-item'>\n\t\t\t<div class='gallery-icon landscape'>\n\t\t\t\t<a href='https:\/\/web.umons.ac.be\/eshs\/fr\/retour-photo-sur-le-vingtieme-anniversaire-de-lecole-des-sciences-humaines-et-sociales\/dsc_4402-avec-accentuation-nr\/'><img loading=\"lazy\" decoding=\"async\" width=\"150\" height=\"150\" src=\"https:\/\/web.umons.ac.be\/app\/uploads\/sites\/8\/2024\/12\/DSC_4402-Avec-accentuation-NR-150x150.jpg\" class=\"attachment-thumbnail size-thumbnail\" alt=\"\" srcset=\"https:\/\/web.umons.ac.be\/app\/uploads\/sites\/8\/2024\/12\/DSC_4402-Avec-accentuation-NR-150x150.jpg 150w, https:\/\/web.umons.ac.be\/app\/uploads\/sites\/8\/2024\/12\/DSC_4402-Avec-accentuation-NR-80x80.jpg 80w, https:\/\/web.umons.ac.be\/app\/uploads\/sites\/8\/2024\/12\/DSC_4402-Avec-accentuation-NR-400x400.jpg 400w, https:\/\/web.umons.ac.be\/app\/uploads\/sites\/8\/2024\/12\/DSC_4402-Avec-accentuation-NR-200x200.jpg 200w\" sizes=\"auto, (max-width: 150px) 100vw, 150px\" \/><\/a>\n\t\t\t<\/div><\/figure><figure class='gallery-item'>\n\t\t\t<div class='gallery-icon landscape'>\n\t\t\t\t<a href='https:\/\/web.umons.ac.be\/eshs\/fr\/retour-photo-sur-le-vingtieme-anniversaire-de-lecole-des-sciences-humaines-et-sociales\/dsc_4403-avec-accentuation-nr\/'><img loading=\"lazy\" decoding=\"async\" width=\"150\" height=\"150\" src=\"https:\/\/web.umons.ac.be\/app\/uploads\/sites\/8\/2024\/12\/DSC_4403-Avec-accentuation-NR-150x150.jpg\" class=\"attachment-thumbnail size-thumbnail\" alt=\"\" srcset=\"https:\/\/web.umons.ac.be\/app\/uploads\/sites\/8\/2024\/12\/DSC_4403-Avec-accentuation-NR-150x150.jpg 150w, https:\/\/web.umons.ac.be\/app\/uploads\/sites\/8\/2024\/12\/DSC_4403-Avec-accentuation-NR-80x80.jpg 80w, https:\/\/web.umons.ac.be\/app\/uploads\/sites\/8\/2024\/12\/DSC_4403-Avec-accentuation-NR-400x400.jpg 400w, https:\/\/web.umons.ac.be\/app\/uploads\/sites\/8\/2024\/12\/DSC_4403-Avec-accentuation-NR-200x200.jpg 200w\" sizes=\"auto, (max-width: 150px) 100vw, 150px\" \/><\/a>\n\t\t\t<\/div><\/figure><figure class='gallery-item'>\n\t\t\t<div class='gallery-icon landscape'>\n\t\t\t\t<a href='https:\/\/web.umons.ac.be\/eshs\/fr\/retour-photo-sur-le-vingtieme-anniversaire-de-lecole-des-sciences-humaines-et-sociales\/dsc_4487-avec-accentuation-nr\/'><img loading=\"lazy\" decoding=\"async\" width=\"150\" height=\"150\" src=\"https:\/\/web.umons.ac.be\/app\/uploads\/sites\/8\/2024\/12\/DSC_4487-Avec-accentuation-NR-150x150.jpg\" class=\"attachment-thumbnail size-thumbnail\" alt=\"\" srcset=\"https:\/\/web.umons.ac.be\/app\/uploads\/sites\/8\/2024\/12\/DSC_4487-Avec-accentuation-NR-150x150.jpg 150w, https:\/\/web.umons.ac.be\/app\/uploads\/sites\/8\/2024\/12\/DSC_4487-Avec-accentuation-NR-80x80.jpg 80w, https:\/\/web.umons.ac.be\/app\/uploads\/sites\/8\/2024\/12\/DSC_4487-Avec-accentuation-NR-400x400.jpg 400w, https:\/\/web.umons.ac.be\/app\/uploads\/sites\/8\/2024\/12\/DSC_4487-Avec-accentuation-NR-200x200.jpg 200w\" sizes=\"auto, (max-width: 150px) 100vw, 150px\" \/><\/a>\n\t\t\t<\/div><\/figure><figure class='gallery-item'>\n\t\t\t<div class='gallery-icon landscape'>\n\t\t\t\t<a href='https:\/\/web.umons.ac.be\/eshs\/fr\/retour-photo-sur-le-vingtieme-anniversaire-de-lecole-des-sciences-humaines-et-sociales\/dsc_4485-avec-accentuation-nr\/'><img loading=\"lazy\" decoding=\"async\" width=\"150\" height=\"150\" src=\"https:\/\/web.umons.ac.be\/app\/uploads\/sites\/8\/2024\/12\/DSC_4485-Avec-accentuation-NR-150x150.jpg\" class=\"attachment-thumbnail size-thumbnail\" alt=\"\" srcset=\"https:\/\/web.umons.ac.be\/app\/uploads\/sites\/8\/2024\/12\/DSC_4485-Avec-accentuation-NR-150x150.jpg 150w, https:\/\/web.umons.ac.be\/app\/uploads\/sites\/8\/2024\/12\/DSC_4485-Avec-accentuation-NR-80x80.jpg 80w, https:\/\/web.umons.ac.be\/app\/uploads\/sites\/8\/2024\/12\/DSC_4485-Avec-accentuation-NR-400x400.jpg 400w, https:\/\/web.umons.ac.be\/app\/uploads\/sites\/8\/2024\/12\/DSC_4485-Avec-accentuation-NR-200x200.jpg 200w\" sizes=\"auto, (max-width: 150px) 100vw, 150px\" \/><\/a>\n\t\t\t<\/div><\/figure><figure class='gallery-item'>\n\t\t\t<div class='gallery-icon landscape'>\n\t\t\t\t<a href='https:\/\/web.umons.ac.be\/eshs\/fr\/retour-photo-sur-le-vingtieme-anniversaire-de-lecole-des-sciences-humaines-et-sociales\/dsc_4500-avec-accentuation-nr\/'><img loading=\"lazy\" decoding=\"async\" width=\"150\" height=\"150\" src=\"https:\/\/web.umons.ac.be\/app\/uploads\/sites\/8\/2024\/12\/DSC_4500-Avec-accentuation-NR-150x150.jpg\" class=\"attachment-thumbnail size-thumbnail\" alt=\"\" srcset=\"https:\/\/web.umons.ac.be\/app\/uploads\/sites\/8\/2024\/12\/DSC_4500-Avec-accentuation-NR-150x150.jpg 150w, https:\/\/web.umons.ac.be\/app\/uploads\/sites\/8\/2024\/12\/DSC_4500-Avec-accentuation-NR-80x80.jpg 80w, https:\/\/web.umons.ac.be\/app\/uploads\/sites\/8\/2024\/12\/DSC_4500-Avec-accentuation-NR-400x400.jpg 400w, https:\/\/web.umons.ac.be\/app\/uploads\/sites\/8\/2024\/12\/DSC_4500-Avec-accentuation-NR-200x200.jpg 200w\" sizes=\"auto, (max-width: 150px) 100vw, 150px\" \/><\/a>\n\t\t\t<\/div><\/figure><figure class='gallery-item'>\n\t\t\t<div class='gallery-icon landscape'>\n\t\t\t\t<a href='https:\/\/web.umons.ac.be\/eshs\/fr\/retour-photo-sur-le-vingtieme-anniversaire-de-lecole-des-sciences-humaines-et-sociales\/dsc_4496-avec-accentuation-nr\/'><img loading=\"lazy\" decoding=\"async\" width=\"150\" height=\"150\" src=\"https:\/\/web.umons.ac.be\/app\/uploads\/sites\/8\/2024\/12\/DSC_4496-Avec-accentuation-NR-150x150.jpg\" class=\"attachment-thumbnail size-thumbnail\" alt=\"\" srcset=\"https:\/\/web.umons.ac.be\/app\/uploads\/sites\/8\/2024\/12\/DSC_4496-Avec-accentuation-NR-150x150.jpg 150w, https:\/\/web.umons.ac.be\/app\/uploads\/sites\/8\/2024\/12\/DSC_4496-Avec-accentuation-NR-80x80.jpg 80w, https:\/\/web.umons.ac.be\/app\/uploads\/sites\/8\/2024\/12\/DSC_4496-Avec-accentuation-NR-400x400.jpg 400w, https:\/\/web.umons.ac.be\/app\/uploads\/sites\/8\/2024\/12\/DSC_4496-Avec-accentuation-NR-200x200.jpg 200w\" sizes=\"auto, (max-width: 150px) 100vw, 150px\" \/><\/a>\n\t\t\t<\/div><\/figure><figure class='gallery-item'>\n\t\t\t<div class='gallery-icon landscape'>\n\t\t\t\t<a href='https:\/\/web.umons.ac.be\/eshs\/fr\/retour-photo-sur-le-vingtieme-anniversaire-de-lecole-des-sciences-humaines-et-sociales\/dsc_4481-avec-accentuation-nr\/'><img loading=\"lazy\" decoding=\"async\" width=\"150\" height=\"150\" src=\"https:\/\/web.umons.ac.be\/app\/uploads\/sites\/8\/2024\/12\/DSC_4481-Avec-accentuation-NR-150x150.jpg\" class=\"attachment-thumbnail size-thumbnail\" alt=\"\" srcset=\"https:\/\/web.umons.ac.be\/app\/uploads\/sites\/8\/2024\/12\/DSC_4481-Avec-accentuation-NR-150x150.jpg 150w, https:\/\/web.umons.ac.be\/app\/uploads\/sites\/8\/2024\/12\/DSC_4481-Avec-accentuation-NR-80x80.jpg 80w, https:\/\/web.umons.ac.be\/app\/uploads\/sites\/8\/2024\/12\/DSC_4481-Avec-accentuation-NR-400x400.jpg 400w, https:\/\/web.umons.ac.be\/app\/uploads\/sites\/8\/2024\/12\/DSC_4481-Avec-accentuation-NR-200x200.jpg 200w\" sizes=\"auto, (max-width: 150px) 100vw, 150px\" \/><\/a>\n\t\t\t<\/div><\/figure>\n\t\t<\/div>\n\n<h2><strong>Exposition <\/strong><strong>\u00ab <\/strong><strong>L&rsquo;\u00c9cole des Sciences Humaines et Sociales au fil du temps \u00bb<\/strong><\/h2>\n<p>Au cours de la soir\u00e9e,\u00a0les invit\u00e9\u00b7e\u00b7s ont pu d\u00e9couvrir une exposition compos\u00e9e de 9 panneaux th\u00e9matiques. Ces panneaux retracent les grandes \u00e9tapes de l\u2019histoire de l\u2019\u00c9cole, mettant en lumi\u00e8re son \u00e9volution, ses moments marquants et ses r\u00e9alisations.<\/p>\n<p>Cette r\u00e9trospective visuelle a offert aux participant\u00b7e\u00b7s une plong\u00e9e captivante dans le pass\u00e9 de l\u2019\u00c9cole, tout en soulignant ses valeurs, son engagement, ses recherches et son impact dans le domaine des sciences humaines et sociales.<\/p>\n<div id='gallery-2' class='gallery galleryid-1441 gallery-columns-3 gallery-size-thumbnail'><figure class='gallery-item'>\n\t\t\t<div class='gallery-icon landscape'>\n\t\t\t\t<a href='https:\/\/web.umons.ac.be\/eshs\/fr\/retour-photo-sur-le-vingtieme-anniversaire-de-lecole-des-sciences-humaines-et-sociales\/dsc_4374-avec-accentuation-nr\/'><img loading=\"lazy\" decoding=\"async\" width=\"150\" height=\"150\" src=\"https:\/\/web.umons.ac.be\/app\/uploads\/sites\/8\/2024\/12\/DSC_4374-Avec-accentuation-NR-150x150.jpg\" class=\"attachment-thumbnail size-thumbnail\" alt=\"\" srcset=\"https:\/\/web.umons.ac.be\/app\/uploads\/sites\/8\/2024\/12\/DSC_4374-Avec-accentuation-NR-150x150.jpg 150w, https:\/\/web.umons.ac.be\/app\/uploads\/sites\/8\/2024\/12\/DSC_4374-Avec-accentuation-NR-80x80.jpg 80w, https:\/\/web.umons.ac.be\/app\/uploads\/sites\/8\/2024\/12\/DSC_4374-Avec-accentuation-NR-400x400.jpg 400w, https:\/\/web.umons.ac.be\/app\/uploads\/sites\/8\/2024\/12\/DSC_4374-Avec-accentuation-NR-200x200.jpg 200w\" sizes=\"auto, (max-width: 150px) 100vw, 150px\" \/><\/a>\n\t\t\t<\/div><\/figure><figure class='gallery-item'>\n\t\t\t<div class='gallery-icon landscape'>\n\t\t\t\t<a href='https:\/\/web.umons.ac.be\/eshs\/fr\/retour-photo-sur-le-vingtieme-anniversaire-de-lecole-des-sciences-humaines-et-sociales\/dsc_4394-avec-accentuation-nr\/'><img loading=\"lazy\" decoding=\"async\" width=\"150\" height=\"150\" src=\"https:\/\/web.umons.ac.be\/app\/uploads\/sites\/8\/2024\/12\/DSC_4394-Avec-accentuation-NR-150x150.jpg\" class=\"attachment-thumbnail size-thumbnail\" alt=\"\" srcset=\"https:\/\/web.umons.ac.be\/app\/uploads\/sites\/8\/2024\/12\/DSC_4394-Avec-accentuation-NR-150x150.jpg 150w, https:\/\/web.umons.ac.be\/app\/uploads\/sites\/8\/2024\/12\/DSC_4394-Avec-accentuation-NR-80x80.jpg 80w, https:\/\/web.umons.ac.be\/app\/uploads\/sites\/8\/2024\/12\/DSC_4394-Avec-accentuation-NR-400x400.jpg 400w, https:\/\/web.umons.ac.be\/app\/uploads\/sites\/8\/2024\/12\/DSC_4394-Avec-accentuation-NR-200x200.jpg 200w\" sizes=\"auto, (max-width: 150px) 100vw, 150px\" \/><\/a>\n\t\t\t<\/div><\/figure><figure class='gallery-item'>\n\t\t\t<div class='gallery-icon landscape'>\n\t\t\t\t<a href='https:\/\/web.umons.ac.be\/eshs\/fr\/retour-photo-sur-le-vingtieme-anniversaire-de-lecole-des-sciences-humaines-et-sociales\/dsc_4331-avec-accentuation-nr\/'><img loading=\"lazy\" decoding=\"async\" width=\"150\" height=\"150\" src=\"https:\/\/web.umons.ac.be\/app\/uploads\/sites\/8\/2024\/12\/DSC_4331-Avec-accentuation-NR-150x150.jpg\" class=\"attachment-thumbnail size-thumbnail\" alt=\"\" srcset=\"https:\/\/web.umons.ac.be\/app\/uploads\/sites\/8\/2024\/12\/DSC_4331-Avec-accentuation-NR-150x150.jpg 150w, https:\/\/web.umons.ac.be\/app\/uploads\/sites\/8\/2024\/12\/DSC_4331-Avec-accentuation-NR-80x80.jpg 80w, https:\/\/web.umons.ac.be\/app\/uploads\/sites\/8\/2024\/12\/DSC_4331-Avec-accentuation-NR-400x400.jpg 400w, https:\/\/web.umons.ac.be\/app\/uploads\/sites\/8\/2024\/12\/DSC_4331-Avec-accentuation-NR-200x200.jpg 200w\" sizes=\"auto, (max-width: 150px) 100vw, 150px\" \/><\/a>\n\t\t\t<\/div><\/figure><figure class='gallery-item'>\n\t\t\t<div class='gallery-icon landscape'>\n\t\t\t\t<a href='https:\/\/web.umons.ac.be\/eshs\/fr\/retour-photo-sur-le-vingtieme-anniversaire-de-lecole-des-sciences-humaines-et-sociales\/dsc_4345-avec-accentuation-nr\/'><img loading=\"lazy\" decoding=\"async\" width=\"150\" height=\"150\" src=\"https:\/\/web.umons.ac.be\/app\/uploads\/sites\/8\/2024\/12\/DSC_4345-Avec-accentuation-NR-150x150.jpg\" class=\"attachment-thumbnail size-thumbnail\" alt=\"\" srcset=\"https:\/\/web.umons.ac.be\/app\/uploads\/sites\/8\/2024\/12\/DSC_4345-Avec-accentuation-NR-150x150.jpg 150w, https:\/\/web.umons.ac.be\/app\/uploads\/sites\/8\/2024\/12\/DSC_4345-Avec-accentuation-NR-80x80.jpg 80w, https:\/\/web.umons.ac.be\/app\/uploads\/sites\/8\/2024\/12\/DSC_4345-Avec-accentuation-NR-400x400.jpg 400w, https:\/\/web.umons.ac.be\/app\/uploads\/sites\/8\/2024\/12\/DSC_4345-Avec-accentuation-NR-200x200.jpg 200w\" sizes=\"auto, (max-width: 150px) 100vw, 150px\" \/><\/a>\n\t\t\t<\/div><\/figure><figure class='gallery-item'>\n\t\t\t<div class='gallery-icon landscape'>\n\t\t\t\t<a href='https:\/\/web.umons.ac.be\/eshs\/fr\/retour-photo-sur-le-vingtieme-anniversaire-de-lecole-des-sciences-humaines-et-sociales\/dsc_4375-avec-accentuation-nr\/'><img loading=\"lazy\" decoding=\"async\" width=\"150\" height=\"150\" src=\"https:\/\/web.umons.ac.be\/app\/uploads\/sites\/8\/2024\/12\/DSC_4375-Avec-accentuation-NR-150x150.jpg\" class=\"attachment-thumbnail size-thumbnail\" alt=\"\" srcset=\"https:\/\/web.umons.ac.be\/app\/uploads\/sites\/8\/2024\/12\/DSC_4375-Avec-accentuation-NR-150x150.jpg 150w, https:\/\/web.umons.ac.be\/app\/uploads\/sites\/8\/2024\/12\/DSC_4375-Avec-accentuation-NR-80x80.jpg 80w, https:\/\/web.umons.ac.be\/app\/uploads\/sites\/8\/2024\/12\/DSC_4375-Avec-accentuation-NR-400x400.jpg 400w, https:\/\/web.umons.ac.be\/app\/uploads\/sites\/8\/2024\/12\/DSC_4375-Avec-accentuation-NR-200x200.jpg 200w\" sizes=\"auto, (max-width: 150px) 100vw, 150px\" \/><\/a>\n\t\t\t<\/div><\/figure><figure class='gallery-item'>\n\t\t\t<div class='gallery-icon landscape'>\n\t\t\t\t<a href='https:\/\/web.umons.ac.be\/eshs\/fr\/retour-photo-sur-le-vingtieme-anniversaire-de-lecole-des-sciences-humaines-et-sociales\/dsc_4395-avec-accentuation-nr\/'><img loading=\"lazy\" decoding=\"async\" width=\"150\" height=\"150\" src=\"https:\/\/web.umons.ac.be\/app\/uploads\/sites\/8\/2024\/12\/DSC_4395-Avec-accentuation-NR-150x150.jpg\" class=\"attachment-thumbnail size-thumbnail\" alt=\"\" srcset=\"https:\/\/web.umons.ac.be\/app\/uploads\/sites\/8\/2024\/12\/DSC_4395-Avec-accentuation-NR-150x150.jpg 150w, https:\/\/web.umons.ac.be\/app\/uploads\/sites\/8\/2024\/12\/DSC_4395-Avec-accentuation-NR-80x80.jpg 80w, https:\/\/web.umons.ac.be\/app\/uploads\/sites\/8\/2024\/12\/DSC_4395-Avec-accentuation-NR-400x400.jpg 400w, https:\/\/web.umons.ac.be\/app\/uploads\/sites\/8\/2024\/12\/DSC_4395-Avec-accentuation-NR-200x200.jpg 200w\" sizes=\"auto, (max-width: 150px) 100vw, 150px\" \/><\/a>\n\t\t\t<\/div><\/figure>\n\t\t<\/div>\n\n<h2><strong>Discours<\/strong><\/h2>\n<div class=\"x11i5rnm xat24cr x1mh8g0r x1vvkbs xtlvy1s x126k92a\">\n<div dir=\"auto\">\n<p>Plusieurs intervenants ont partag\u00e9 leurs souvenirs et leur vision pour l\u2019avenir de l&rsquo;\u00c9cole des Sciences Humaines et Sociales.<\/p>\n<p>Le Premier Vice-Recteur de l\u2019UMONS, Marc Labie, a retrac\u00e9 des moments marquants de l\u2019histoire de l\u2019\u00c9cole.<\/p>\n<p>Alice Crucq et Selviano Scifo, repr\u00e9sentants de l\u2019ASHS, ont mis en lumi\u00e8re l\u2019engagement de la communaut\u00e9 \u00e9tudiante.<\/p>\n<p>Enfin, Manon Libert, Pr\u00e9sidente de l\u2019\u00c9cole, a exprim\u00e9 ses aspirations pour un futur toujours plus innovant et inclusif.<\/p>\n<p>Ces t\u00e9moignages ont \u00e9t\u00e9 au c\u0153ur de cette soir\u00e9e comm\u00e9morative, symbolisant \u00e0 la fois la richesse de notre pass\u00e9 et nos ambitions pour les ann\u00e9es \u00e0 venir.<\/p>\n<\/div>\n<\/div>\n<div class=\"x11i5rnm xat24cr x1mh8g0r x1vvkbs xtlvy1s x126k92a\">\n<div dir=\"auto\">\n<div id='gallery-3' class='gallery galleryid-1441 gallery-columns-3 gallery-size-thumbnail'><figure class='gallery-item'>\n\t\t\t<div class='gallery-icon landscape'>\n\t\t\t\t<a href='https:\/\/web.umons.ac.be\/eshs\/fr\/retour-photo-sur-le-vingtieme-anniversaire-de-lecole-des-sciences-humaines-et-sociales\/dsc_4414-avec-accentuation-nr\/'><img loading=\"lazy\" decoding=\"async\" width=\"150\" height=\"150\" src=\"https:\/\/web.umons.ac.be\/app\/uploads\/sites\/8\/2024\/12\/DSC_4414-Avec-accentuation-NR-150x150.jpg\" class=\"attachment-thumbnail size-thumbnail\" alt=\"\" srcset=\"https:\/\/web.umons.ac.be\/app\/uploads\/sites\/8\/2024\/12\/DSC_4414-Avec-accentuation-NR-150x150.jpg 150w, https:\/\/web.umons.ac.be\/app\/uploads\/sites\/8\/2024\/12\/DSC_4414-Avec-accentuation-NR-80x80.jpg 80w, https:\/\/web.umons.ac.be\/app\/uploads\/sites\/8\/2024\/12\/DSC_4414-Avec-accentuation-NR-400x400.jpg 400w, https:\/\/web.umons.ac.be\/app\/uploads\/sites\/8\/2024\/12\/DSC_4414-Avec-accentuation-NR-200x200.jpg 200w\" sizes=\"auto, (max-width: 150px) 100vw, 150px\" \/><\/a>\n\t\t\t<\/div><\/figure><figure class='gallery-item'>\n\t\t\t<div class='gallery-icon landscape'>\n\t\t\t\t<a href='https:\/\/web.umons.ac.be\/eshs\/fr\/retour-photo-sur-le-vingtieme-anniversaire-de-lecole-des-sciences-humaines-et-sociales\/dsc_4410-avec-accentuation-nr-1\/'><img loading=\"lazy\" decoding=\"async\" width=\"150\" height=\"150\" src=\"https:\/\/web.umons.ac.be\/app\/uploads\/sites\/8\/2024\/12\/DSC_4410-Avec-accentuation-NR-1-150x150.jpg\" class=\"attachment-thumbnail size-thumbnail\" alt=\"\" srcset=\"https:\/\/web.umons.ac.be\/app\/uploads\/sites\/8\/2024\/12\/DSC_4410-Avec-accentuation-NR-1-150x150.jpg 150w, https:\/\/web.umons.ac.be\/app\/uploads\/sites\/8\/2024\/12\/DSC_4410-Avec-accentuation-NR-1-80x80.jpg 80w, https:\/\/web.umons.ac.be\/app\/uploads\/sites\/8\/2024\/12\/DSC_4410-Avec-accentuation-NR-1-400x400.jpg 400w, https:\/\/web.umons.ac.be\/app\/uploads\/sites\/8\/2024\/12\/DSC_4410-Avec-accentuation-NR-1-200x200.jpg 200w\" sizes=\"auto, (max-width: 150px) 100vw, 150px\" \/><\/a>\n\t\t\t<\/div><\/figure><figure class='gallery-item'>\n\t\t\t<div class='gallery-icon landscape'>\n\t\t\t\t<a href='https:\/\/web.umons.ac.be\/eshs\/fr\/retour-photo-sur-le-vingtieme-anniversaire-de-lecole-des-sciences-humaines-et-sociales\/dsc_4424-avec-accentuation-nr\/'><img loading=\"lazy\" decoding=\"async\" width=\"150\" height=\"150\" src=\"https:\/\/web.umons.ac.be\/app\/uploads\/sites\/8\/2024\/12\/DSC_4424-Avec-accentuation-NR-150x150.jpg\" class=\"attachment-thumbnail size-thumbnail\" alt=\"\" srcset=\"https:\/\/web.umons.ac.be\/app\/uploads\/sites\/8\/2024\/12\/DSC_4424-Avec-accentuation-NR-150x150.jpg 150w, https:\/\/web.umons.ac.be\/app\/uploads\/sites\/8\/2024\/12\/DSC_4424-Avec-accentuation-NR-80x80.jpg 80w, https:\/\/web.umons.ac.be\/app\/uploads\/sites\/8\/2024\/12\/DSC_4424-Avec-accentuation-NR-400x400.jpg 400w, https:\/\/web.umons.ac.be\/app\/uploads\/sites\/8\/2024\/12\/DSC_4424-Avec-accentuation-NR-200x200.jpg 200w\" sizes=\"auto, (max-width: 150px) 100vw, 150px\" \/><\/a>\n\t\t\t<\/div><\/figure><figure class='gallery-item'>\n\t\t\t<div class='gallery-icon landscape'>\n\t\t\t\t<a href='https:\/\/web.umons.ac.be\/eshs\/fr\/retour-photo-sur-le-vingtieme-anniversaire-de-lecole-des-sciences-humaines-et-sociales\/dsc_4426-avec-accentuation-nr\/'><img loading=\"lazy\" decoding=\"async\" width=\"150\" height=\"150\" src=\"https:\/\/web.umons.ac.be\/app\/uploads\/sites\/8\/2024\/12\/DSC_4426-Avec-accentuation-NR-150x150.jpg\" class=\"attachment-thumbnail size-thumbnail\" alt=\"\" srcset=\"https:\/\/web.umons.ac.be\/app\/uploads\/sites\/8\/2024\/12\/DSC_4426-Avec-accentuation-NR-150x150.jpg 150w, https:\/\/web.umons.ac.be\/app\/uploads\/sites\/8\/2024\/12\/DSC_4426-Avec-accentuation-NR-80x80.jpg 80w, https:\/\/web.umons.ac.be\/app\/uploads\/sites\/8\/2024\/12\/DSC_4426-Avec-accentuation-NR-400x400.jpg 400w, https:\/\/web.umons.ac.be\/app\/uploads\/sites\/8\/2024\/12\/DSC_4426-Avec-accentuation-NR-200x200.jpg 200w\" sizes=\"auto, (max-width: 150px) 100vw, 150px\" \/><\/a>\n\t\t\t<\/div><\/figure><figure class='gallery-item'>\n\t\t\t<div class='gallery-icon landscape'>\n\t\t\t\t<a href='https:\/\/web.umons.ac.be\/eshs\/fr\/retour-photo-sur-le-vingtieme-anniversaire-de-lecole-des-sciences-humaines-et-sociales\/dsc_4450-avec-accentuation-nr\/'><img loading=\"lazy\" decoding=\"async\" width=\"150\" height=\"150\" src=\"https:\/\/web.umons.ac.be\/app\/uploads\/sites\/8\/2024\/12\/DSC_4450-Avec-accentuation-NR-150x150.jpg\" class=\"attachment-thumbnail size-thumbnail\" alt=\"\" srcset=\"https:\/\/web.umons.ac.be\/app\/uploads\/sites\/8\/2024\/12\/DSC_4450-Avec-accentuation-NR-150x150.jpg 150w, https:\/\/web.umons.ac.be\/app\/uploads\/sites\/8\/2024\/12\/DSC_4450-Avec-accentuation-NR-80x80.jpg 80w, https:\/\/web.umons.ac.be\/app\/uploads\/sites\/8\/2024\/12\/DSC_4450-Avec-accentuation-NR-400x400.jpg 400w, https:\/\/web.umons.ac.be\/app\/uploads\/sites\/8\/2024\/12\/DSC_4450-Avec-accentuation-NR-200x200.jpg 200w\" sizes=\"auto, (max-width: 150px) 100vw, 150px\" \/><\/a>\n\t\t\t<\/div><\/figure><figure class='gallery-item'>\n\t\t\t<div class='gallery-icon landscape'>\n\t\t\t\t<a href='https:\/\/web.umons.ac.be\/eshs\/fr\/retour-photo-sur-le-vingtieme-anniversaire-de-lecole-des-sciences-humaines-et-sociales\/dsc_4454-avec-accentuation-nr\/'><img loading=\"lazy\" decoding=\"async\" width=\"150\" height=\"150\" src=\"https:\/\/web.umons.ac.be\/app\/uploads\/sites\/8\/2024\/12\/DSC_4454-Avec-accentuation-NR-150x150.jpg\" class=\"attachment-thumbnail size-thumbnail\" alt=\"\" srcset=\"https:\/\/web.umons.ac.be\/app\/uploads\/sites\/8\/2024\/12\/DSC_4454-Avec-accentuation-NR-150x150.jpg 150w, https:\/\/web.umons.ac.be\/app\/uploads\/sites\/8\/2024\/12\/DSC_4454-Avec-accentuation-NR-80x80.jpg 80w, https:\/\/web.umons.ac.be\/app\/uploads\/sites\/8\/2024\/12\/DSC_4454-Avec-accentuation-NR-400x400.jpg 400w, https:\/\/web.umons.ac.be\/app\/uploads\/sites\/8\/2024\/12\/DSC_4454-Avec-accentuation-NR-200x200.jpg 200w\" sizes=\"auto, (max-width: 150px) 100vw, 150px\" \/><\/a>\n\t\t\t<\/div><\/figure><figure class='gallery-item'>\n\t\t\t<div class='gallery-icon landscape'>\n\t\t\t\t<a href='https:\/\/web.umons.ac.be\/eshs\/fr\/retour-photo-sur-le-vingtieme-anniversaire-de-lecole-des-sciences-humaines-et-sociales\/dsc_4421-avec-accentuation-nr\/'><img loading=\"lazy\" decoding=\"async\" width=\"150\" height=\"150\" src=\"https:\/\/web.umons.ac.be\/app\/uploads\/sites\/8\/2024\/12\/DSC_4421-Avec-accentuation-NR-150x150.jpg\" class=\"attachment-thumbnail size-thumbnail\" alt=\"\" srcset=\"https:\/\/web.umons.ac.be\/app\/uploads\/sites\/8\/2024\/12\/DSC_4421-Avec-accentuation-NR-150x150.jpg 150w, https:\/\/web.umons.ac.be\/app\/uploads\/sites\/8\/2024\/12\/DSC_4421-Avec-accentuation-NR-80x80.jpg 80w, https:\/\/web.umons.ac.be\/app\/uploads\/sites\/8\/2024\/12\/DSC_4421-Avec-accentuation-NR-400x400.jpg 400w, https:\/\/web.umons.ac.be\/app\/uploads\/sites\/8\/2024\/12\/DSC_4421-Avec-accentuation-NR-200x200.jpg 200w\" sizes=\"auto, (max-width: 150px) 100vw, 150px\" \/><\/a>\n\t\t\t<\/div><\/figure><figure class='gallery-item'>\n\t\t\t<div class='gallery-icon landscape'>\n\t\t\t\t<a href='https:\/\/web.umons.ac.be\/eshs\/fr\/retour-photo-sur-le-vingtieme-anniversaire-de-lecole-des-sciences-humaines-et-sociales\/dsc_4400-avec-accentuation-nr\/'><img loading=\"lazy\" decoding=\"async\" width=\"150\" height=\"150\" src=\"https:\/\/web.umons.ac.be\/app\/uploads\/sites\/8\/2024\/12\/DSC_4400-Avec-accentuation-NR-150x150.jpg\" class=\"attachment-thumbnail size-thumbnail\" alt=\"\" srcset=\"https:\/\/web.umons.ac.be\/app\/uploads\/sites\/8\/2024\/12\/DSC_4400-Avec-accentuation-NR-150x150.jpg 150w, https:\/\/web.umons.ac.be\/app\/uploads\/sites\/8\/2024\/12\/DSC_4400-Avec-accentuation-NR-80x80.jpg 80w, https:\/\/web.umons.ac.be\/app\/uploads\/sites\/8\/2024\/12\/DSC_4400-Avec-accentuation-NR-400x400.jpg 400w, https:\/\/web.umons.ac.be\/app\/uploads\/sites\/8\/2024\/12\/DSC_4400-Avec-accentuation-NR-200x200.jpg 200w\" sizes=\"auto, (max-width: 150px) 100vw, 150px\" \/><\/a>\n\t\t\t<\/div><\/figure>\n\t\t<\/div>\n\n<\/div>\n<\/div>\n<h2><strong>Exp\u00e9rience en r\u00e9alit\u00e9 virtuelle par Addmire<\/strong><\/h2>\n<p>Depuis 2022, l\u2019\u00c9cole des Sciences Humaines et Sociales de l\u2019UMONS s\u2019\u00e9panouit dans un b\u00e2timent embl\u00e9matique : le <em>Rosa Parks<\/em>. Ce lieu symbolique incarne les valeurs d\u2019inclusion et d\u2019innovation port\u00e9es par l\u2019\u00c9cole.<\/p>\n<p>Pour offrir une exp\u00e9rience unique \u00e0 ses visiteurs, l\u2019\u00c9cole s\u2019est associ\u00e9e \u00e0 Nathan Puozzo, fondateur de la start-up <a href=\"https:\/\/www.addmire.net\/\"><em>Addmire<\/em><\/a>. Celui-ci a d\u00e9velopp\u00e9 une exp\u00e9rience immersive utilisant les technologies XR (R\u00e9alit\u00e9 \u00c9tendue). Gr\u00e2ce \u00e0 cette innovation, les invit\u00e9\u00b7e\u00b7s ont pu explorer virtuellement le b\u00e2timent Rosa Parks tout en d\u00e9couvrant l\u2019histoire riche et inspirante de l\u2019\u00c9cole des Sciences Humaines et Sociales.<\/p>\n<p>Cette collaboration souligne l\u2019engagement de l\u2019\u00c9cole \u00e0 marier tradition et technologie pour partager son patrimoine avec modernit\u00e9.<\/p>\n<div id='gallery-4' class='gallery galleryid-1441 gallery-columns-3 gallery-size-thumbnail'><figure class='gallery-item'>\n\t\t\t<div class='gallery-icon landscape'>\n\t\t\t\t<a href='https:\/\/web.umons.ac.be\/eshs\/fr\/retour-photo-sur-le-vingtieme-anniversaire-de-lecole-des-sciences-humaines-et-sociales\/dsc_4457-avec-accentuation-nr\/'><img loading=\"lazy\" decoding=\"async\" width=\"150\" height=\"150\" src=\"https:\/\/web.umons.ac.be\/app\/uploads\/sites\/8\/2024\/12\/DSC_4457-Avec-accentuation-NR-150x150.jpg\" class=\"attachment-thumbnail size-thumbnail\" alt=\"\" srcset=\"https:\/\/web.umons.ac.be\/app\/uploads\/sites\/8\/2024\/12\/DSC_4457-Avec-accentuation-NR-150x150.jpg 150w, https:\/\/web.umons.ac.be\/app\/uploads\/sites\/8\/2024\/12\/DSC_4457-Avec-accentuation-NR-80x80.jpg 80w, https:\/\/web.umons.ac.be\/app\/uploads\/sites\/8\/2024\/12\/DSC_4457-Avec-accentuation-NR-400x400.jpg 400w, https:\/\/web.umons.ac.be\/app\/uploads\/sites\/8\/2024\/12\/DSC_4457-Avec-accentuation-NR-200x200.jpg 200w\" sizes=\"auto, (max-width: 150px) 100vw, 150px\" \/><\/a>\n\t\t\t<\/div><\/figure><figure class='gallery-item'>\n\t\t\t<div class='gallery-icon landscape'>\n\t\t\t\t<a href='https:\/\/web.umons.ac.be\/eshs\/fr\/retour-photo-sur-le-vingtieme-anniversaire-de-lecole-des-sciences-humaines-et-sociales\/dsc_4458-avec-accentuation-nr\/'><img loading=\"lazy\" decoding=\"async\" width=\"150\" height=\"150\" src=\"https:\/\/web.umons.ac.be\/app\/uploads\/sites\/8\/2024\/12\/DSC_4458-Avec-accentuation-NR-150x150.jpg\" class=\"attachment-thumbnail size-thumbnail\" alt=\"\" srcset=\"https:\/\/web.umons.ac.be\/app\/uploads\/sites\/8\/2024\/12\/DSC_4458-Avec-accentuation-NR-150x150.jpg 150w, https:\/\/web.umons.ac.be\/app\/uploads\/sites\/8\/2024\/12\/DSC_4458-Avec-accentuation-NR-80x80.jpg 80w, https:\/\/web.umons.ac.be\/app\/uploads\/sites\/8\/2024\/12\/DSC_4458-Avec-accentuation-NR-400x400.jpg 400w, https:\/\/web.umons.ac.be\/app\/uploads\/sites\/8\/2024\/12\/DSC_4458-Avec-accentuation-NR-200x200.jpg 200w\" sizes=\"auto, (max-width: 150px) 100vw, 150px\" \/><\/a>\n\t\t\t<\/div><\/figure><figure class='gallery-item'>\n\t\t\t<div class='gallery-icon landscape'>\n\t\t\t\t<a href='https:\/\/web.umons.ac.be\/eshs\/fr\/retour-photo-sur-le-vingtieme-anniversaire-de-lecole-des-sciences-humaines-et-sociales\/dsc_4459-avec-accentuation-nr\/'><img loading=\"lazy\" decoding=\"async\" width=\"150\" height=\"150\" src=\"https:\/\/web.umons.ac.be\/app\/uploads\/sites\/8\/2024\/12\/DSC_4459-Avec-accentuation-NR-150x150.jpg\" class=\"attachment-thumbnail size-thumbnail\" alt=\"\" srcset=\"https:\/\/web.umons.ac.be\/app\/uploads\/sites\/8\/2024\/12\/DSC_4459-Avec-accentuation-NR-150x150.jpg 150w, https:\/\/web.umons.ac.be\/app\/uploads\/sites\/8\/2024\/12\/DSC_4459-Avec-accentuation-NR-80x80.jpg 80w, https:\/\/web.umons.ac.be\/app\/uploads\/sites\/8\/2024\/12\/DSC_4459-Avec-accentuation-NR-400x400.jpg 400w, https:\/\/web.umons.ac.be\/app\/uploads\/sites\/8\/2024\/12\/DSC_4459-Avec-accentuation-NR-200x200.jpg 200w\" sizes=\"auto, (max-width: 150px) 100vw, 150px\" \/><\/a>\n\t\t\t<\/div><\/figure><figure class='gallery-item'>\n\t\t\t<div class='gallery-icon landscape'>\n\t\t\t\t<a href='https:\/\/web.umons.ac.be\/eshs\/fr\/retour-photo-sur-le-vingtieme-anniversaire-de-lecole-des-sciences-humaines-et-sociales\/dsc_4460-avec-accentuation-nr\/'><img loading=\"lazy\" decoding=\"async\" width=\"150\" height=\"150\" src=\"https:\/\/web.umons.ac.be\/app\/uploads\/sites\/8\/2024\/12\/DSC_4460-Avec-accentuation-NR-150x150.jpg\" class=\"attachment-thumbnail size-thumbnail\" alt=\"\" srcset=\"https:\/\/web.umons.ac.be\/app\/uploads\/sites\/8\/2024\/12\/DSC_4460-Avec-accentuation-NR-150x150.jpg 150w, https:\/\/web.umons.ac.be\/app\/uploads\/sites\/8\/2024\/12\/DSC_4460-Avec-accentuation-NR-80x80.jpg 80w, https:\/\/web.umons.ac.be\/app\/uploads\/sites\/8\/2024\/12\/DSC_4460-Avec-accentuation-NR-400x400.jpg 400w, https:\/\/web.umons.ac.be\/app\/uploads\/sites\/8\/2024\/12\/DSC_4460-Avec-accentuation-NR-200x200.jpg 200w\" sizes=\"auto, (max-width: 150px) 100vw, 150px\" \/><\/a>\n\t\t\t<\/div><\/figure><figure class='gallery-item'>\n\t\t\t<div class='gallery-icon landscape'>\n\t\t\t\t<a href='https:\/\/web.umons.ac.be\/eshs\/fr\/retour-photo-sur-le-vingtieme-anniversaire-de-lecole-des-sciences-humaines-et-sociales\/dsc_4461-avec-accentuation-nr\/'><img loading=\"lazy\" decoding=\"async\" width=\"150\" height=\"150\" src=\"https:\/\/web.umons.ac.be\/app\/uploads\/sites\/8\/2024\/12\/DSC_4461-Avec-accentuation-NR-150x150.jpg\" class=\"attachment-thumbnail size-thumbnail\" alt=\"\" srcset=\"https:\/\/web.umons.ac.be\/app\/uploads\/sites\/8\/2024\/12\/DSC_4461-Avec-accentuation-NR-150x150.jpg 150w, https:\/\/web.umons.ac.be\/app\/uploads\/sites\/8\/2024\/12\/DSC_4461-Avec-accentuation-NR-80x80.jpg 80w, https:\/\/web.umons.ac.be\/app\/uploads\/sites\/8\/2024\/12\/DSC_4461-Avec-accentuation-NR-400x400.jpg 400w, https:\/\/web.umons.ac.be\/app\/uploads\/sites\/8\/2024\/12\/DSC_4461-Avec-accentuation-NR-200x200.jpg 200w\" sizes=\"auto, (max-width: 150px) 100vw, 150px\" \/><\/a>\n\t\t\t<\/div><\/figure><figure class='gallery-item'>\n\t\t\t<div class='gallery-icon landscape'>\n\t\t\t\t<a href='https:\/\/web.umons.ac.be\/eshs\/fr\/retour-photo-sur-le-vingtieme-anniversaire-de-lecole-des-sciences-humaines-et-sociales\/dsc_4462-avec-accentuation-nr\/'><img loading=\"lazy\" decoding=\"async\" width=\"150\" height=\"150\" src=\"https:\/\/web.umons.ac.be\/app\/uploads\/sites\/8\/2024\/12\/DSC_4462-Avec-accentuation-NR-150x150.jpg\" class=\"attachment-thumbnail size-thumbnail\" alt=\"\" srcset=\"https:\/\/web.umons.ac.be\/app\/uploads\/sites\/8\/2024\/12\/DSC_4462-Avec-accentuation-NR-150x150.jpg 150w, https:\/\/web.umons.ac.be\/app\/uploads\/sites\/8\/2024\/12\/DSC_4462-Avec-accentuation-NR-80x80.jpg 80w, https:\/\/web.umons.ac.be\/app\/uploads\/sites\/8\/2024\/12\/DSC_4462-Avec-accentuation-NR-400x400.jpg 400w, https:\/\/web.umons.ac.be\/app\/uploads\/sites\/8\/2024\/12\/DSC_4462-Avec-accentuation-NR-200x200.jpg 200w\" sizes=\"auto, (max-width: 150px) 100vw, 150px\" \/><\/a>\n\t\t\t<\/div><\/figure><figure class='gallery-item'>\n\t\t\t<div class='gallery-icon landscape'>\n\t\t\t\t<a href='https:\/\/web.umons.ac.be\/eshs\/fr\/retour-photo-sur-le-vingtieme-anniversaire-de-lecole-des-sciences-humaines-et-sociales\/dsc_4465-avec-accentuation-nr\/'><img loading=\"lazy\" decoding=\"async\" width=\"150\" height=\"150\" src=\"https:\/\/web.umons.ac.be\/app\/uploads\/sites\/8\/2024\/12\/DSC_4465-Avec-accentuation-NR-150x150.jpg\" class=\"attachment-thumbnail size-thumbnail\" alt=\"\" srcset=\"https:\/\/web.umons.ac.be\/app\/uploads\/sites\/8\/2024\/12\/DSC_4465-Avec-accentuation-NR-150x150.jpg 150w, https:\/\/web.umons.ac.be\/app\/uploads\/sites\/8\/2024\/12\/DSC_4465-Avec-accentuation-NR-80x80.jpg 80w, https:\/\/web.umons.ac.be\/app\/uploads\/sites\/8\/2024\/12\/DSC_4465-Avec-accentuation-NR-400x400.jpg 400w, https:\/\/web.umons.ac.be\/app\/uploads\/sites\/8\/2024\/12\/DSC_4465-Avec-accentuation-NR-200x200.jpg 200w\" sizes=\"auto, (max-width: 150px) 100vw, 150px\" \/><\/a>\n\t\t\t<\/div><\/figure><figure class='gallery-item'>\n\t\t\t<div class='gallery-icon landscape'>\n\t\t\t\t<a href='https:\/\/web.umons.ac.be\/eshs\/fr\/retour-photo-sur-le-vingtieme-anniversaire-de-lecole-des-sciences-humaines-et-sociales\/dsc_4466-avec-accentuation-nr\/'><img loading=\"lazy\" decoding=\"async\" width=\"150\" height=\"150\" src=\"https:\/\/web.umons.ac.be\/app\/uploads\/sites\/8\/2024\/12\/DSC_4466-Avec-accentuation-NR-150x150.jpg\" class=\"attachment-thumbnail size-thumbnail\" alt=\"\" srcset=\"https:\/\/web.umons.ac.be\/app\/uploads\/sites\/8\/2024\/12\/DSC_4466-Avec-accentuation-NR-150x150.jpg 150w, https:\/\/web.umons.ac.be\/app\/uploads\/sites\/8\/2024\/12\/DSC_4466-Avec-accentuation-NR-80x80.jpg 80w, https:\/\/web.umons.ac.be\/app\/uploads\/sites\/8\/2024\/12\/DSC_4466-Avec-accentuation-NR-400x400.jpg 400w, https:\/\/web.umons.ac.be\/app\/uploads\/sites\/8\/2024\/12\/DSC_4466-Avec-accentuation-NR-200x200.jpg 200w\" sizes=\"auto, (max-width: 150px) 100vw, 150px\" \/><\/a>\n\t\t\t<\/div><\/figure><figure class='gallery-item'>\n\t\t\t<div class='gallery-icon landscape'>\n\t\t\t\t<a href='https:\/\/web.umons.ac.be\/eshs\/fr\/retour-photo-sur-le-vingtieme-anniversaire-de-lecole-des-sciences-humaines-et-sociales\/dsc_4467-avec-accentuation-nr\/'><img loading=\"lazy\" decoding=\"async\" width=\"150\" height=\"150\" src=\"https:\/\/web.umons.ac.be\/app\/uploads\/sites\/8\/2024\/12\/DSC_4467-Avec-accentuation-NR-150x150.jpg\" class=\"attachment-thumbnail size-thumbnail\" alt=\"\" srcset=\"https:\/\/web.umons.ac.be\/app\/uploads\/sites\/8\/2024\/12\/DSC_4467-Avec-accentuation-NR-150x150.jpg 150w, https:\/\/web.umons.ac.be\/app\/uploads\/sites\/8\/2024\/12\/DSC_4467-Avec-accentuation-NR-80x80.jpg 80w, https:\/\/web.umons.ac.be\/app\/uploads\/sites\/8\/2024\/12\/DSC_4467-Avec-accentuation-NR-400x400.jpg 400w, https:\/\/web.umons.ac.be\/app\/uploads\/sites\/8\/2024\/12\/DSC_4467-Avec-accentuation-NR-200x200.jpg 200w\" sizes=\"auto, (max-width: 150px) 100vw, 150px\" \/><\/a>\n\t\t\t<\/div><\/figure><figure class='gallery-item'>\n\t\t\t<div class='gallery-icon landscape'>\n\t\t\t\t<a href='https:\/\/web.umons.ac.be\/eshs\/fr\/retour-photo-sur-le-vingtieme-anniversaire-de-lecole-des-sciences-humaines-et-sociales\/dsc_4507-avec-accentuation-nr\/'><img loading=\"lazy\" decoding=\"async\" width=\"150\" height=\"150\" src=\"https:\/\/web.umons.ac.be\/app\/uploads\/sites\/8\/2024\/12\/DSC_4507-Avec-accentuation-NR-150x150.jpg\" class=\"attachment-thumbnail size-thumbnail\" alt=\"\" srcset=\"https:\/\/web.umons.ac.be\/app\/uploads\/sites\/8\/2024\/12\/DSC_4507-Avec-accentuation-NR-150x150.jpg 150w, https:\/\/web.umons.ac.be\/app\/uploads\/sites\/8\/2024\/12\/DSC_4507-Avec-accentuation-NR-80x80.jpg 80w, https:\/\/web.umons.ac.be\/app\/uploads\/sites\/8\/2024\/12\/DSC_4507-Avec-accentuation-NR-400x400.jpg 400w, https:\/\/web.umons.ac.be\/app\/uploads\/sites\/8\/2024\/12\/DSC_4507-Avec-accentuation-NR-200x200.jpg 200w\" sizes=\"auto, (max-width: 150px) 100vw, 150px\" \/><\/a>\n\t\t\t<\/div><\/figure><figure class='gallery-item'>\n\t\t\t<div class='gallery-icon landscape'>\n\t\t\t\t<a href='https:\/\/web.umons.ac.be\/eshs\/fr\/retour-photo-sur-le-vingtieme-anniversaire-de-lecole-des-sciences-humaines-et-sociales\/dsc_4475-avec-accentuation-nr\/'><img loading=\"lazy\" decoding=\"async\" width=\"150\" height=\"150\" src=\"https:\/\/web.umons.ac.be\/app\/uploads\/sites\/8\/2024\/12\/DSC_4475-Avec-accentuation-NR-150x150.jpg\" class=\"attachment-thumbnail size-thumbnail\" alt=\"\" srcset=\"https:\/\/web.umons.ac.be\/app\/uploads\/sites\/8\/2024\/12\/DSC_4475-Avec-accentuation-NR-150x150.jpg 150w, https:\/\/web.umons.ac.be\/app\/uploads\/sites\/8\/2024\/12\/DSC_4475-Avec-accentuation-NR-80x80.jpg 80w, https:\/\/web.umons.ac.be\/app\/uploads\/sites\/8\/2024\/12\/DSC_4475-Avec-accentuation-NR-400x400.jpg 400w, https:\/\/web.umons.ac.be\/app\/uploads\/sites\/8\/2024\/12\/DSC_4475-Avec-accentuation-NR-200x200.jpg 200w\" sizes=\"auto, (max-width: 150px) 100vw, 150px\" \/><\/a>\n\t\t\t<\/div><\/figure>\n\t\t<\/div>\n\n<h2>Un livre d&rsquo;or audio, pr\u00e9nomm\u00e9 Zorro<\/h2>\n<p>Pour marquer les 20 ans de l\u2019\u00c9cole des Sciences Humaines et Sociales, un livre d\u2019or audio a \u00e9t\u00e9 mis \u00e0 la disposition de nos invit\u00e9\u2022e\u2022s, leur offrant une exp\u00e9rience unique et interactive. Ce dispositif innovant, propos\u00e9 par <a href=\"https:\/\/www.lestelephonesgaston.com\/\">Les T\u00e9l\u00e9phones Gaston<\/a>, leur a permis d\u2019enregistrer messages, souvenirs marquants, t\u00e9moignages sinc\u00e8res et v\u0153ux pour l\u2019avenir de l\u2019\u00c9cole.<\/p>\n<p>Ce format audio, moderne et authentique, capture les \u00e9motions et les r\u00e9flexions des participants, tout en cr\u00e9ant une archive vivante et m\u00e9morable. Un moyen original de pr\u00e9server les moments forts de cette c\u00e9l\u00e9bration tout en mettant en valeur la voix de notre communaut\u00e9.<\/p>\n<div id='gallery-5' class='gallery galleryid-1441 gallery-columns-3 gallery-size-thumbnail'><figure class='gallery-item'>\n\t\t\t<div class='gallery-icon landscape'>\n\t\t\t\t<a href='https:\/\/web.umons.ac.be\/eshs\/fr\/retour-photo-sur-le-vingtieme-anniversaire-de-lecole-des-sciences-humaines-et-sociales\/dsc_4477-avec-accentuation-nr\/'><img loading=\"lazy\" decoding=\"async\" width=\"150\" height=\"150\" src=\"https:\/\/web.umons.ac.be\/app\/uploads\/sites\/8\/2024\/12\/DSC_4477-Avec-accentuation-NR-150x150.jpg\" class=\"attachment-thumbnail size-thumbnail\" alt=\"\" srcset=\"https:\/\/web.umons.ac.be\/app\/uploads\/sites\/8\/2024\/12\/DSC_4477-Avec-accentuation-NR-150x150.jpg 150w, https:\/\/web.umons.ac.be\/app\/uploads\/sites\/8\/2024\/12\/DSC_4477-Avec-accentuation-NR-80x80.jpg 80w, https:\/\/web.umons.ac.be\/app\/uploads\/sites\/8\/2024\/12\/DSC_4477-Avec-accentuation-NR-400x400.jpg 400w, https:\/\/web.umons.ac.be\/app\/uploads\/sites\/8\/2024\/12\/DSC_4477-Avec-accentuation-NR-200x200.jpg 200w\" sizes=\"auto, (max-width: 150px) 100vw, 150px\" \/><\/a>\n\t\t\t<\/div><\/figure><figure class='gallery-item'>\n\t\t\t<div class='gallery-icon landscape'>\n\t\t\t\t<a href='https:\/\/web.umons.ac.be\/eshs\/fr\/retour-photo-sur-le-vingtieme-anniversaire-de-lecole-des-sciences-humaines-et-sociales\/dsc_4469-avec-accentuation-nr\/'><img loading=\"lazy\" decoding=\"async\" width=\"150\" height=\"150\" src=\"https:\/\/web.umons.ac.be\/app\/uploads\/sites\/8\/2024\/12\/DSC_4469-Avec-accentuation-NR-150x150.jpg\" class=\"attachment-thumbnail size-thumbnail\" alt=\"\" srcset=\"https:\/\/web.umons.ac.be\/app\/uploads\/sites\/8\/2024\/12\/DSC_4469-Avec-accentuation-NR-150x150.jpg 150w, https:\/\/web.umons.ac.be\/app\/uploads\/sites\/8\/2024\/12\/DSC_4469-Avec-accentuation-NR-80x80.jpg 80w, https:\/\/web.umons.ac.be\/app\/uploads\/sites\/8\/2024\/12\/DSC_4469-Avec-accentuation-NR-400x400.jpg 400w, https:\/\/web.umons.ac.be\/app\/uploads\/sites\/8\/2024\/12\/DSC_4469-Avec-accentuation-NR-200x200.jpg 200w\" sizes=\"auto, (max-width: 150px) 100vw, 150px\" \/><\/a>\n\t\t\t<\/div><\/figure><figure class='gallery-item'>\n\t\t\t<div class='gallery-icon landscape'>\n\t\t\t\t<a href='https:\/\/web.umons.ac.be\/eshs\/fr\/retour-photo-sur-le-vingtieme-anniversaire-de-lecole-des-sciences-humaines-et-sociales\/dsc_4464-avec-accentuation-nr\/'><img loading=\"lazy\" decoding=\"async\" width=\"150\" height=\"150\" src=\"https:\/\/web.umons.ac.be\/app\/uploads\/sites\/8\/2024\/12\/DSC_4464-Avec-accentuation-NR-150x150.jpg\" class=\"attachment-thumbnail size-thumbnail\" alt=\"\" srcset=\"https:\/\/web.umons.ac.be\/app\/uploads\/sites\/8\/2024\/12\/DSC_4464-Avec-accentuation-NR-150x150.jpg 150w, https:\/\/web.umons.ac.be\/app\/uploads\/sites\/8\/2024\/12\/DSC_4464-Avec-accentuation-NR-80x80.jpg 80w, https:\/\/web.umons.ac.be\/app\/uploads\/sites\/8\/2024\/12\/DSC_4464-Avec-accentuation-NR-400x400.jpg 400w, https:\/\/web.umons.ac.be\/app\/uploads\/sites\/8\/2024\/12\/DSC_4464-Avec-accentuation-NR-200x200.jpg 200w\" sizes=\"auto, (max-width: 150px) 100vw, 150px\" \/><\/a>\n\t\t\t<\/div><\/figure>\n\t\t<\/div>\n\n<p>&nbsp;<\/p>\n","protected":false},"excerpt":{"rendered":"<p>Le 28 novembre dernier, l&rsquo;\u00c9cole des Sciences Humaines et Sociales a c\u00e9l\u00e9br\u00e9 son 20\u1d49 anniversaire lors d\u2019une soir\u00e9e m\u00e9morable. Cet \u00e9v\u00e9nement a \u00e9t\u00e9 l\u2019occasion de revenir sur l\u2019histoire de l\u2019\u00c9cole, de mettre en lumi\u00e8re son pass\u00e9, valoriser son pr\u00e9sent et imaginer son avenir.<\/p>\n","protected":false},"author":43,"featured_media":1457,"comment_status":"closed","ping_status":"closed","sticky":false,"template":"","format":"standard","meta":{"footnotes":""},"categories":[90],"tags":[],"class_list":["post-1441","post","type-post","status-publish","format-standard","has-post-thumbnail","hentry","category-alumni"],"yoast_head":"<!-- This site is optimized with the Yoast SEO plugin v27.2 - https:\/\/yoast.com\/product\/yoast-seo-wordpress\/ -->\n<title>Retour photo sur le vingti\u00e8me anniversaire de l\u2019\u00c9cole des Sciences Humaines et Sociales - Ecole \/ ESHS<\/title>\n<meta name=\"description\" content=\"L&#039;\u00c9cole des Sciences Humaines et Sociales (UMONS) a f\u00eat\u00e9 son 20\u00e8me anniversaire le 28 novembre 2024. D\u00e9couvrez les photos de la soir\u00e9e !\" \/>\n<meta name=\"robots\" content=\"index, follow, max-snippet:-1, max-image-preview:large, max-video-preview:-1\" \/>\n<link rel=\"canonical\" href=\"https:\/\/web.umons.ac.be\/eshs\/fr\/retour-photo-sur-le-vingtieme-anniversaire-de-lecole-des-sciences-humaines-et-sociales\/\" \/>\n<meta property=\"og:locale\" content=\"fr_FR\" \/>\n<meta property=\"og:type\" content=\"article\" \/>\n<meta property=\"og:title\" content=\"Retour photo sur le vingti\u00e8me anniversaire de l\u2019\u00c9cole des Sciences Humaines et Sociales\" \/>\n<meta property=\"og:description\" content=\"Fruit de la collaboration de la Facult\u00e9 Warocqu\u00e9 d\u2019\u00c9conomie et de Gestion et de la Facult\u00e9 de Psychologie et des Sciences de l\u2019\u00c9ducation de l&#039;UMONS, le Bachelier en Sciences Humaines et Sociales \u00e9tait mis sur les rails en 2004. Vingt ans plus tard, nous c\u00e9l\u00e9brions son anniversaire au coeur du Mundaneum.\" \/>\n<meta property=\"og:url\" content=\"https:\/\/web.umons.ac.be\/eshs\/fr\/retour-photo-sur-le-vingtieme-anniversaire-de-lecole-des-sciences-humaines-et-sociales\/\" \/>\n<meta property=\"og:site_name\" content=\"Ecole \/ ESHS\" \/>\n<meta property=\"article:published_time\" content=\"2024-12-06T11:31:44+00:00\" \/>\n<meta property=\"og:image\" content=\"https:\/\/web.umons.ac.be\/app\/uploads\/sites\/8\/2024\/12\/DSC_4392-Avec-accentuation-NR-scaled.jpg\" \/>\n\t<meta property=\"og:image:width\" content=\"1707\" \/>\n\t<meta property=\"og:image:height\" content=\"2560\" \/>\n\t<meta property=\"og:image:type\" content=\"image\/jpeg\" \/>\n<meta name=\"author\" content=\"Am\u00e9lie Honorez\" \/>\n<meta name=\"twitter:card\" content=\"summary_large_image\" \/>\n<meta name=\"twitter:title\" content=\"Retour photo sur le vingti\u00e8me anniversaire de l\u2019\u00c9cole des Sciences Humaines et Sociales\" \/>\n<meta name=\"twitter:description\" content=\"Fruit de la collaboration de la Facult\u00e9 Warocqu\u00e9 d\u2019\u00c9conomie et de Gestion et de la Facult\u00e9 de Psychologie et des Sciences de l\u2019\u00c9ducation de l&#039;UMONS, le Bachelier en Sciences Humaines et Sociales \u00e9tait mis sur les rails en 2004. Vingt ans plus tard, nous c\u00e9l\u00e9brions son anniversaire au coeur du Mundaneum.\" \/>\n<meta name=\"twitter:image\" content=\"https:\/\/web.umons.ac.be\/app\/uploads\/sites\/8\/2024\/12\/DSC_4389-Avec-accentuation-NR-scaled.jpg\" \/>\n<meta name=\"twitter:label1\" content=\"\u00c9crit par\" \/>\n\t<meta name=\"twitter:data1\" content=\"Am\u00e9lie Honorez\" \/>\n\t<meta name=\"twitter:label2\" content=\"Dur\u00e9e de lecture estim\u00e9e\" \/>\n\t<meta name=\"twitter:data2\" content=\"3 minutes\" \/>\n<script type=\"application\/ld+json\" class=\"yoast-schema-graph\">{\"@context\":\"https:\/\/schema.org\",\"@graph\":[{\"@type\":\"Article\",\"@id\":\"https:\/\/web.umons.ac.be\/eshs\/fr\/retour-photo-sur-le-vingtieme-anniversaire-de-lecole-des-sciences-humaines-et-sociales\/#article\",\"isPartOf\":{\"@id\":\"https:\/\/web.umons.ac.be\/eshs\/fr\/retour-photo-sur-le-vingtieme-anniversaire-de-lecole-des-sciences-humaines-et-sociales\/\"},\"author\":{\"name\":\"Am\u00e9lie Honorez\",\"@id\":\"https:\/\/web.umons.ac.be\/eshs\/#\/schema\/person\/2c3bab41553e42e9be46ff25322acaa4\"},\"headline\":\"Retour photo sur le vingti\u00e8me anniversaire de l\u2019\u00c9cole des Sciences Humaines et Sociales\",\"datePublished\":\"2024-12-06T11:31:44+00:00\",\"mainEntityOfPage\":{\"@id\":\"https:\/\/web.umons.ac.be\/eshs\/fr\/retour-photo-sur-le-vingtieme-anniversaire-de-lecole-des-sciences-humaines-et-sociales\/\"},\"wordCount\":621,\"image\":{\"@id\":\"https:\/\/web.umons.ac.be\/eshs\/fr\/retour-photo-sur-le-vingtieme-anniversaire-de-lecole-des-sciences-humaines-et-sociales\/#primaryimage\"},\"thumbnailUrl\":\"https:\/\/web.umons.ac.be\/app\/uploads\/sites\/8\/2024\/12\/DSC_4450-Avec-accentuation-NR-scaled.jpg\",\"articleSection\":[\"ALUMNI\"],\"inLanguage\":\"fr-FR\"},{\"@type\":\"WebPage\",\"@id\":\"https:\/\/web.umons.ac.be\/eshs\/fr\/retour-photo-sur-le-vingtieme-anniversaire-de-lecole-des-sciences-humaines-et-sociales\/\",\"url\":\"https:\/\/web.umons.ac.be\/eshs\/fr\/retour-photo-sur-le-vingtieme-anniversaire-de-lecole-des-sciences-humaines-et-sociales\/\",\"name\":\"Retour photo sur le vingti\u00e8me anniversaire de l\u2019\u00c9cole des Sciences Humaines et Sociales - Ecole \/ ESHS\",\"isPartOf\":{\"@id\":\"https:\/\/web.umons.ac.be\/eshs\/#website\"},\"primaryImageOfPage\":{\"@id\":\"https:\/\/web.umons.ac.be\/eshs\/fr\/retour-photo-sur-le-vingtieme-anniversaire-de-lecole-des-sciences-humaines-et-sociales\/#primaryimage\"},\"image\":{\"@id\":\"https:\/\/web.umons.ac.be\/eshs\/fr\/retour-photo-sur-le-vingtieme-anniversaire-de-lecole-des-sciences-humaines-et-sociales\/#primaryimage\"},\"thumbnailUrl\":\"https:\/\/web.umons.ac.be\/app\/uploads\/sites\/8\/2024\/12\/DSC_4450-Avec-accentuation-NR-scaled.jpg\",\"datePublished\":\"2024-12-06T11:31:44+00:00\",\"author\":{\"@id\":\"https:\/\/web.umons.ac.be\/eshs\/#\/schema\/person\/2c3bab41553e42e9be46ff25322acaa4\"},\"description\":\"L'\u00c9cole des Sciences Humaines et Sociales (UMONS) a f\u00eat\u00e9 son 20\u00e8me anniversaire le 28 novembre 2024. D\u00e9couvrez les photos de la soir\u00e9e !\",\"breadcrumb\":{\"@id\":\"https:\/\/web.umons.ac.be\/eshs\/fr\/retour-photo-sur-le-vingtieme-anniversaire-de-lecole-des-sciences-humaines-et-sociales\/#breadcrumb\"},\"inLanguage\":\"fr-FR\",\"potentialAction\":[{\"@type\":\"ReadAction\",\"target\":[\"https:\/\/web.umons.ac.be\/eshs\/fr\/retour-photo-sur-le-vingtieme-anniversaire-de-lecole-des-sciences-humaines-et-sociales\/\"]}]},{\"@type\":\"ImageObject\",\"inLanguage\":\"fr-FR\",\"@id\":\"https:\/\/web.umons.ac.be\/eshs\/fr\/retour-photo-sur-le-vingtieme-anniversaire-de-lecole-des-sciences-humaines-et-sociales\/#primaryimage\",\"url\":\"https:\/\/web.umons.ac.be\/app\/uploads\/sites\/8\/2024\/12\/DSC_4450-Avec-accentuation-NR-scaled.jpg\",\"contentUrl\":\"https:\/\/web.umons.ac.be\/app\/uploads\/sites\/8\/2024\/12\/DSC_4450-Avec-accentuation-NR-scaled.jpg\",\"width\":2560,\"height\":1707},{\"@type\":\"BreadcrumbList\",\"@id\":\"https:\/\/web.umons.ac.be\/eshs\/fr\/retour-photo-sur-le-vingtieme-anniversaire-de-lecole-des-sciences-humaines-et-sociales\/#breadcrumb\",\"itemListElement\":[{\"@type\":\"ListItem\",\"position\":1,\"name\":\"Accueil\",\"item\":\"https:\/\/web.umons.ac.be\/eshs\/fr\/\"},{\"@type\":\"ListItem\",\"position\":2,\"name\":\"Retour photo sur le vingti\u00e8me anniversaire de l\u2019\u00c9cole des Sciences Humaines et Sociales\"}]},{\"@type\":\"WebSite\",\"@id\":\"https:\/\/web.umons.ac.be\/eshs\/#website\",\"url\":\"https:\/\/web.umons.ac.be\/eshs\/\",\"name\":\"Ecole \/ ESHS\",\"description\":\"\",\"potentialAction\":[{\"@type\":\"SearchAction\",\"target\":{\"@type\":\"EntryPoint\",\"urlTemplate\":\"https:\/\/web.umons.ac.be\/eshs\/?s={search_term_string}\"},\"query-input\":{\"@type\":\"PropertyValueSpecification\",\"valueRequired\":true,\"valueName\":\"search_term_string\"}}],\"inLanguage\":\"fr-FR\"},{\"@type\":\"Person\",\"@id\":\"https:\/\/web.umons.ac.be\/eshs\/#\/schema\/person\/2c3bab41553e42e9be46ff25322acaa4\",\"name\":\"Am\u00e9lie Honorez\",\"image\":{\"@type\":\"ImageObject\",\"inLanguage\":\"fr-FR\",\"@id\":\"https:\/\/secure.gravatar.com\/avatar\/9c59f6e370e37a7f8cdf1962f6c0fc524d2e502d704933818079b1dfbae61d43?s=96&d=mm&r=g\",\"url\":\"https:\/\/secure.gravatar.com\/avatar\/9c59f6e370e37a7f8cdf1962f6c0fc524d2e502d704933818079b1dfbae61d43?s=96&d=mm&r=g\",\"contentUrl\":\"https:\/\/secure.gravatar.com\/avatar\/9c59f6e370e37a7f8cdf1962f6c0fc524d2e502d704933818079b1dfbae61d43?s=96&d=mm&r=g\",\"caption\":\"Am\u00e9lie Honorez\"},\"url\":\"https:\/\/web.umons.ac.be\/eshs\/author\/ahonorez\/\"}]}<\/script>\n<!-- \/ Yoast SEO plugin. -->","yoast_head_json":{"title":"Retour photo sur le vingti\u00e8me anniversaire de l\u2019\u00c9cole des Sciences Humaines et Sociales - Ecole \/ ESHS","description":"L'\u00c9cole des Sciences Humaines et Sociales (UMONS) a f\u00eat\u00e9 son 20\u00e8me anniversaire le 28 novembre 2024. D\u00e9couvrez les photos de la soir\u00e9e !","robots":{"index":"index","follow":"follow","max-snippet":"max-snippet:-1","max-image-preview":"max-image-preview:large","max-video-preview":"max-video-preview:-1"},"canonical":"https:\/\/web.umons.ac.be\/eshs\/fr\/retour-photo-sur-le-vingtieme-anniversaire-de-lecole-des-sciences-humaines-et-sociales\/","og_locale":"fr_FR","og_type":"article","og_title":"Retour photo sur le vingti\u00e8me anniversaire de l\u2019\u00c9cole des Sciences Humaines et Sociales","og_description":"Fruit de la collaboration de la Facult\u00e9 Warocqu\u00e9 d\u2019\u00c9conomie et de Gestion et de la Facult\u00e9 de Psychologie et des Sciences de l\u2019\u00c9ducation de l'UMONS, le Bachelier en Sciences Humaines et Sociales \u00e9tait mis sur les rails en 2004. Vingt ans plus tard, nous c\u00e9l\u00e9brions son anniversaire au coeur du Mundaneum.","og_url":"https:\/\/web.umons.ac.be\/eshs\/fr\/retour-photo-sur-le-vingtieme-anniversaire-de-lecole-des-sciences-humaines-et-sociales\/","og_site_name":"Ecole \/ ESHS","article_published_time":"2024-12-06T11:31:44+00:00","og_image":[{"width":1707,"height":2560,"url":"https:\/\/web.umons.ac.be\/app\/uploads\/sites\/8\/2024\/12\/DSC_4392-Avec-accentuation-NR-scaled.jpg","type":"image\/jpeg"}],"author":"Am\u00e9lie Honorez","twitter_card":"summary_large_image","twitter_title":"Retour photo sur le vingti\u00e8me anniversaire de l\u2019\u00c9cole des Sciences Humaines et Sociales","twitter_description":"Fruit de la collaboration de la Facult\u00e9 Warocqu\u00e9 d\u2019\u00c9conomie et de Gestion et de la Facult\u00e9 de Psychologie et des Sciences de l\u2019\u00c9ducation de l'UMONS, le Bachelier en Sciences Humaines et Sociales \u00e9tait mis sur les rails en 2004. Vingt ans plus tard, nous c\u00e9l\u00e9brions son anniversaire au coeur du Mundaneum.","twitter_image":"https:\/\/web.umons.ac.be\/app\/uploads\/sites\/8\/2024\/12\/DSC_4389-Avec-accentuation-NR-scaled.jpg","twitter_misc":{"\u00c9crit par":"Am\u00e9lie Honorez","Dur\u00e9e de lecture estim\u00e9e":"3 minutes"},"schema":{"@context":"https:\/\/schema.org","@graph":[{"@type":"Article","@id":"https:\/\/web.umons.ac.be\/eshs\/fr\/retour-photo-sur-le-vingtieme-anniversaire-de-lecole-des-sciences-humaines-et-sociales\/#article","isPartOf":{"@id":"https:\/\/web.umons.ac.be\/eshs\/fr\/retour-photo-sur-le-vingtieme-anniversaire-de-lecole-des-sciences-humaines-et-sociales\/"},"author":{"name":"Am\u00e9lie Honorez","@id":"https:\/\/web.umons.ac.be\/eshs\/#\/schema\/person\/2c3bab41553e42e9be46ff25322acaa4"},"headline":"Retour photo sur le vingti\u00e8me anniversaire de l\u2019\u00c9cole des Sciences Humaines et Sociales","datePublished":"2024-12-06T11:31:44+00:00","mainEntityOfPage":{"@id":"https:\/\/web.umons.ac.be\/eshs\/fr\/retour-photo-sur-le-vingtieme-anniversaire-de-lecole-des-sciences-humaines-et-sociales\/"},"wordCount":621,"image":{"@id":"https:\/\/web.umons.ac.be\/eshs\/fr\/retour-photo-sur-le-vingtieme-anniversaire-de-lecole-des-sciences-humaines-et-sociales\/#primaryimage"},"thumbnailUrl":"https:\/\/web.umons.ac.be\/app\/uploads\/sites\/8\/2024\/12\/DSC_4450-Avec-accentuation-NR-scaled.jpg","articleSection":["ALUMNI"],"inLanguage":"fr-FR"},{"@type":"WebPage","@id":"https:\/\/web.umons.ac.be\/eshs\/fr\/retour-photo-sur-le-vingtieme-anniversaire-de-lecole-des-sciences-humaines-et-sociales\/","url":"https:\/\/web.umons.ac.be\/eshs\/fr\/retour-photo-sur-le-vingtieme-anniversaire-de-lecole-des-sciences-humaines-et-sociales\/","name":"Retour photo sur le vingti\u00e8me anniversaire de l\u2019\u00c9cole des Sciences Humaines et Sociales - Ecole \/ ESHS","isPartOf":{"@id":"https:\/\/web.umons.ac.be\/eshs\/#website"},"primaryImageOfPage":{"@id":"https:\/\/web.umons.ac.be\/eshs\/fr\/retour-photo-sur-le-vingtieme-anniversaire-de-lecole-des-sciences-humaines-et-sociales\/#primaryimage"},"image":{"@id":"https:\/\/web.umons.ac.be\/eshs\/fr\/retour-photo-sur-le-vingtieme-anniversaire-de-lecole-des-sciences-humaines-et-sociales\/#primaryimage"},"thumbnailUrl":"https:\/\/web.umons.ac.be\/app\/uploads\/sites\/8\/2024\/12\/DSC_4450-Avec-accentuation-NR-scaled.jpg","datePublished":"2024-12-06T11:31:44+00:00","author":{"@id":"https:\/\/web.umons.ac.be\/eshs\/#\/schema\/person\/2c3bab41553e42e9be46ff25322acaa4"},"description":"L'\u00c9cole des Sciences Humaines et Sociales (UMONS) a f\u00eat\u00e9 son 20\u00e8me anniversaire le 28 novembre 2024. D\u00e9couvrez les photos de la soir\u00e9e !","breadcrumb":{"@id":"https:\/\/web.umons.ac.be\/eshs\/fr\/retour-photo-sur-le-vingtieme-anniversaire-de-lecole-des-sciences-humaines-et-sociales\/#breadcrumb"},"inLanguage":"fr-FR","potentialAction":[{"@type":"ReadAction","target":["https:\/\/web.umons.ac.be\/eshs\/fr\/retour-photo-sur-le-vingtieme-anniversaire-de-lecole-des-sciences-humaines-et-sociales\/"]}]},{"@type":"ImageObject","inLanguage":"fr-FR","@id":"https:\/\/web.umons.ac.be\/eshs\/fr\/retour-photo-sur-le-vingtieme-anniversaire-de-lecole-des-sciences-humaines-et-sociales\/#primaryimage","url":"https:\/\/web.umons.ac.be\/app\/uploads\/sites\/8\/2024\/12\/DSC_4450-Avec-accentuation-NR-scaled.jpg","contentUrl":"https:\/\/web.umons.ac.be\/app\/uploads\/sites\/8\/2024\/12\/DSC_4450-Avec-accentuation-NR-scaled.jpg","width":2560,"height":1707},{"@type":"BreadcrumbList","@id":"https:\/\/web.umons.ac.be\/eshs\/fr\/retour-photo-sur-le-vingtieme-anniversaire-de-lecole-des-sciences-humaines-et-sociales\/#breadcrumb","itemListElement":[{"@type":"ListItem","position":1,"name":"Accueil","item":"https:\/\/web.umons.ac.be\/eshs\/fr\/"},{"@type":"ListItem","position":2,"name":"Retour photo sur le vingti\u00e8me anniversaire de l\u2019\u00c9cole des Sciences Humaines et Sociales"}]},{"@type":"WebSite","@id":"https:\/\/web.umons.ac.be\/eshs\/#website","url":"https:\/\/web.umons.ac.be\/eshs\/","name":"Ecole \/ ESHS","description":"","potentialAction":[{"@type":"SearchAction","target":{"@type":"EntryPoint","urlTemplate":"https:\/\/web.umons.ac.be\/eshs\/?s={search_term_string}"},"query-input":{"@type":"PropertyValueSpecification","valueRequired":true,"valueName":"search_term_string"}}],"inLanguage":"fr-FR"},{"@type":"Person","@id":"https:\/\/web.umons.ac.be\/eshs\/#\/schema\/person\/2c3bab41553e42e9be46ff25322acaa4","name":"Am\u00e9lie Honorez","image":{"@type":"ImageObject","inLanguage":"fr-FR","@id":"https:\/\/secure.gravatar.com\/avatar\/9c59f6e370e37a7f8cdf1962f6c0fc524d2e502d704933818079b1dfbae61d43?s=96&d=mm&r=g","url":"https:\/\/secure.gravatar.com\/avatar\/9c59f6e370e37a7f8cdf1962f6c0fc524d2e502d704933818079b1dfbae61d43?s=96&d=mm&r=g","contentUrl":"https:\/\/secure.gravatar.com\/avatar\/9c59f6e370e37a7f8cdf1962f6c0fc524d2e502d704933818079b1dfbae61d43?s=96&d=mm&r=g","caption":"Am\u00e9lie Honorez"},"url":"https:\/\/web.umons.ac.be\/eshs\/author\/ahonorez\/"}]}},"lang":"fr","translations":{"fr":1441},"pll_sync_post":[],"_links":{"self":[{"href":"https:\/\/web.umons.ac.be\/eshs\/wp-json\/wp\/v2\/posts\/1441","targetHints":{"allow":["GET"]}}],"collection":[{"href":"https:\/\/web.umons.ac.be\/eshs\/wp-json\/wp\/v2\/posts"}],"about":[{"href":"https:\/\/web.umons.ac.be\/eshs\/wp-json\/wp\/v2\/types\/post"}],"author":[{"embeddable":true,"href":"https:\/\/web.umons.ac.be\/eshs\/wp-json\/wp\/v2\/users\/43"}],"replies":[{"embeddable":true,"href":"https:\/\/web.umons.ac.be\/eshs\/wp-json\/wp\/v2\/comments?post=1441"}],"version-history":[{"count":3,"href":"https:\/\/web.umons.ac.be\/eshs\/wp-json\/wp\/v2\/posts\/1441\/revisions"}],"predecessor-version":[{"id":1526,"href":"https:\/\/web.umons.ac.be\/eshs\/wp-json\/wp\/v2\/posts\/1441\/revisions\/1526"}],"wp:featuredmedia":[{"embeddable":true,"href":"https:\/\/web.umons.ac.be\/eshs\/wp-json\/wp\/v2\/media\/1457"}],"wp:attachment":[{"href":"https:\/\/web.umons.ac.be\/eshs\/wp-json\/wp\/v2\/media?parent=1441"}],"wp:term":[{"taxonomy":"category","embeddable":true,"href":"https:\/\/web.umons.ac.be\/eshs\/wp-json\/wp\/v2\/categories?post=1441"},{"taxonomy":"post_tag","embeddable":true,"href":"https:\/\/web.umons.ac.be\/eshs\/wp-json\/wp\/v2\/tags?post=1441"}],"curies":[{"name":"wp","href":"https:\/\/api.w.org\/{rel}","templated":true}]}}