{"id":2169,"date":"2026-01-28T16:09:36","date_gmt":"2026-01-28T15:09:36","guid":{"rendered":"https:\/\/web.umons.ac.be\/eshs\/?p=2169"},"modified":"2026-04-15T11:18:27","modified_gmt":"2026-04-15T09:18:27","slug":"antimaconnisme-chez-les-jeunes-de-vieux-recits-a-lere-numerique","status":"publish","type":"post","link":"https:\/\/web.umons.ac.be\/eshs\/fr\/antimaconnisme-chez-les-jeunes-de-vieux-recits-a-lere-numerique\/","title":{"rendered":"Antima\u00e7onnisme chez les jeunes : de vieux r\u00e9cits \u00e0 l\u2019\u00e8re num\u00e9rique"},"content":{"rendered":"<p data-start=\"608\" data-end=\"1134\">Dans une analyse propos\u00e9e par <span class=\"hover:entity-accent entity-underline inline cursor-pointer align-baseline\"><span class=\"whitespace-normal\">St\u00e9phane Fran\u00e7ois<\/span><\/span>, professeur de science politique \u00e0 l\u2019\u00c9cole des Sciences Humaines et Sociales, l\u2019antima\u00e7onnisme contemporain est \u00e9tudi\u00e9 \u00e0 partir de discours spontan\u00e9s recueillis aupr\u00e8s d\u2019\u00e9tudiant\u00b7e\u00b7s. Ces repr\u00e9sentations apparaissent souvent de mani\u00e8re fragment\u00e9e : r\u00e9f\u00e9rences aux Illuminati, \u00e9vocation d\u2019\u00e9lites occultes ou contenus culturels glan\u00e9s en ligne, qui servent de r\u00e9cits explicatifs simplificateurs face \u00e0 un monde per\u00e7u comme complexe et anxiog\u00e8ne.<\/p>\n<p data-start=\"1136\" data-end=\"1560\">Avec l\u2019\u00e2ge, ces discours tendent \u00e0 se structurer et \u00e0 se politiser. Internet joue alors un r\u00f4le central, en favorisant une s\u00e9lection d\u2019informations conforme aux convictions individuelles et en disqualifiant les savoirs acad\u00e9miques. Pour St\u00e9phane Fran\u00e7ois, cette dynamique n\u2019est pas nouvelle : elle illustre la persistance de r\u00e9cits complotistes anciens, simplement r\u00e9adapt\u00e9s aux formats et aux codes des soci\u00e9t\u00e9s num\u00e9riques.<\/p>\n<p data-start=\"1136\" data-end=\"1560\">Pour une analyse approfondie, St\u00e9phane Fran\u00e7ois revient en d\u00e9tail sur ces dynamiques dans son <a href=\"https:\/\/tempspresents.com\/2026\/01\/26\/lantimaconnisme-3-0\/?fbclid=IwY2xjawPnAkFleHRuA2FlbQIxMQBzcnRjBmFwcF9pZBAyMjIwMzkxNzg4MjAwODkyAAEeuP5-FJi4egpRsx77PISj954yEIjHF_OorQ6geZN4LLi9JpKZDlW__-TXOAU_aem_5x528UlPG-VAlUrc2q2Juw\" target=\"_blank\" rel=\"noopener\">article publi\u00e9 sur <em data-start=\"520\" data-end=\"554\">Fragments sur les temps pr\u00e9sents<\/em>.<\/a><\/p>\n","protected":false},"excerpt":{"rendered":"<p>Contrairement \u00e0 l\u2019id\u00e9e selon laquelle l\u2019antima\u00e7onnisme rel\u00e8verait de traditions id\u00e9ologiques d\u00e9pass\u00e9es, ce type de discours demeure bien pr\u00e9sent chez les adolescents et les jeunes adultes. Sous des formes renouvel\u00e9es, il s\u2019appuie toutefois sur des sch\u00e9mas anciens, aujourd\u2019hui largement diffus\u00e9s par la culture num\u00e9rique.<\/p>\n","protected":false},"author":305,"featured_media":2170,"comment_status":"closed","ping_status":"closed","sticky":false,"template":"","format":"standard","meta":{"footnotes":""},"categories":[117,86],"tags":[],"class_list":["post-2169","post","type-post","status-publish","format-standard","has-post-thumbnail","hentry","category-publication","category-recherche"],"yoast_head":"<!-- This site is optimized with the Yoast SEO plugin v27.2 - https:\/\/yoast.com\/product\/yoast-seo-wordpress\/ -->\n<title>Antima\u00e7onnisme chez les jeunes : de vieux r\u00e9cits \u00e0 l\u2019\u00e8re num\u00e9rique - Ecole \/ ESHS<\/title>\n<meta name=\"robots\" content=\"index, follow, max-snippet:-1, max-image-preview:large, max-video-preview:-1\" \/>\n<link rel=\"canonical\" href=\"https:\/\/web.umons.ac.be\/eshs\/fr\/antimaconnisme-chez-les-jeunes-de-vieux-recits-a-lere-numerique\/\" \/>\n<meta property=\"og:locale\" content=\"fr_FR\" \/>\n<meta property=\"og:type\" content=\"article\" \/>\n<meta property=\"og:title\" content=\"Antima\u00e7onnisme chez les jeunes : de vieux r\u00e9cits \u00e0 l\u2019\u00e8re num\u00e9rique - Ecole \/ ESHS\" \/>\n<meta property=\"og:description\" content=\"Contrairement \u00e0 l\u2019id\u00e9e selon laquelle l\u2019antima\u00e7onnisme rel\u00e8verait de traditions id\u00e9ologiques d\u00e9pass\u00e9es, ce type de discours demeure bien pr\u00e9sent chez les adolescents et les jeunes adultes. Sous des formes renouvel\u00e9es, il s\u2019appuie toutefois sur des sch\u00e9mas anciens, aujourd\u2019hui largement diffus\u00e9s par la culture num\u00e9rique.\" \/>\n<meta property=\"og:url\" content=\"https:\/\/web.umons.ac.be\/eshs\/fr\/antimaconnisme-chez-les-jeunes-de-vieux-recits-a-lere-numerique\/\" \/>\n<meta property=\"og:site_name\" content=\"Ecole \/ ESHS\" \/>\n<meta property=\"article:published_time\" content=\"2026-01-28T15:09:36+00:00\" \/>\n<meta property=\"article:modified_time\" content=\"2026-04-15T09:18:27+00:00\" \/>\n<meta property=\"og:image\" content=\"https:\/\/web.umons.ac.be\/app\/uploads\/sites\/8\/2026\/01\/AdobeStock_1078128862-scaled.jpeg\" \/>\n\t<meta property=\"og:image:width\" content=\"2560\" \/>\n\t<meta property=\"og:image:height\" content=\"1707\" \/>\n\t<meta property=\"og:image:type\" content=\"image\/jpeg\" \/>\n<meta name=\"author\" content=\"L\u00e9a Saintghislain\" \/>\n<meta name=\"twitter:card\" content=\"summary_large_image\" \/>\n<meta name=\"twitter:label1\" content=\"\u00c9crit par\" \/>\n\t<meta name=\"twitter:data1\" content=\"L\u00e9a SAINTGHISLAIN\" \/>\n\t<meta name=\"twitter:label2\" content=\"Dur\u00e9e de lecture estim\u00e9e\" \/>\n\t<meta name=\"twitter:data2\" content=\"1 minute\" \/>\n<script type=\"application\/ld+json\" class=\"yoast-schema-graph\">{\"@context\":\"https:\/\/schema.org\",\"@graph\":[{\"@type\":\"Article\",\"@id\":\"https:\/\/web.umons.ac.be\/eshs\/fr\/antimaconnisme-chez-les-jeunes-de-vieux-recits-a-lere-numerique\/#article\",\"isPartOf\":{\"@id\":\"https:\/\/web.umons.ac.be\/eshs\/fr\/antimaconnisme-chez-les-jeunes-de-vieux-recits-a-lere-numerique\/\"},\"author\":{\"name\":\"L\u00e9a Saintghislain\",\"@id\":\"https:\/\/web.umons.ac.be\/eshs\/#\/schema\/person\/a2e7829f82d5f2e86b736a8a05b1dcde\"},\"headline\":\"Antima\u00e7onnisme chez les jeunes : de vieux r\u00e9cits \u00e0 l\u2019\u00e8re num\u00e9rique\",\"datePublished\":\"2026-01-28T15:09:36+00:00\",\"dateModified\":\"2026-04-15T09:18:27+00:00\",\"mainEntityOfPage\":{\"@id\":\"https:\/\/web.umons.ac.be\/eshs\/fr\/antimaconnisme-chez-les-jeunes-de-vieux-recits-a-lere-numerique\/\"},\"wordCount\":192,\"image\":{\"@id\":\"https:\/\/web.umons.ac.be\/eshs\/fr\/antimaconnisme-chez-les-jeunes-de-vieux-recits-a-lere-numerique\/#primaryimage\"},\"thumbnailUrl\":\"https:\/\/web.umons.ac.be\/app\/uploads\/sites\/8\/2026\/01\/AdobeStock_1078128862-scaled.jpeg\",\"articleSection\":[\"Publication\",\"Recherche\"],\"inLanguage\":\"fr-FR\"},{\"@type\":\"WebPage\",\"@id\":\"https:\/\/web.umons.ac.be\/eshs\/fr\/antimaconnisme-chez-les-jeunes-de-vieux-recits-a-lere-numerique\/\",\"url\":\"https:\/\/web.umons.ac.be\/eshs\/fr\/antimaconnisme-chez-les-jeunes-de-vieux-recits-a-lere-numerique\/\",\"name\":\"Antima\u00e7onnisme chez les jeunes : de vieux r\u00e9cits \u00e0 l\u2019\u00e8re num\u00e9rique - Ecole \/ ESHS\",\"isPartOf\":{\"@id\":\"https:\/\/web.umons.ac.be\/eshs\/#website\"},\"primaryImageOfPage\":{\"@id\":\"https:\/\/web.umons.ac.be\/eshs\/fr\/antimaconnisme-chez-les-jeunes-de-vieux-recits-a-lere-numerique\/#primaryimage\"},\"image\":{\"@id\":\"https:\/\/web.umons.ac.be\/eshs\/fr\/antimaconnisme-chez-les-jeunes-de-vieux-recits-a-lere-numerique\/#primaryimage\"},\"thumbnailUrl\":\"https:\/\/web.umons.ac.be\/app\/uploads\/sites\/8\/2026\/01\/AdobeStock_1078128862-scaled.jpeg\",\"datePublished\":\"2026-01-28T15:09:36+00:00\",\"dateModified\":\"2026-04-15T09:18:27+00:00\",\"author\":{\"@id\":\"https:\/\/web.umons.ac.be\/eshs\/#\/schema\/person\/a2e7829f82d5f2e86b736a8a05b1dcde\"},\"breadcrumb\":{\"@id\":\"https:\/\/web.umons.ac.be\/eshs\/fr\/antimaconnisme-chez-les-jeunes-de-vieux-recits-a-lere-numerique\/#breadcrumb\"},\"inLanguage\":\"fr-FR\",\"potentialAction\":[{\"@type\":\"ReadAction\",\"target\":[\"https:\/\/web.umons.ac.be\/eshs\/fr\/antimaconnisme-chez-les-jeunes-de-vieux-recits-a-lere-numerique\/\"]}]},{\"@type\":\"ImageObject\",\"inLanguage\":\"fr-FR\",\"@id\":\"https:\/\/web.umons.ac.be\/eshs\/fr\/antimaconnisme-chez-les-jeunes-de-vieux-recits-a-lere-numerique\/#primaryimage\",\"url\":\"https:\/\/web.umons.ac.be\/app\/uploads\/sites\/8\/2026\/01\/AdobeStock_1078128862-scaled.jpeg\",\"contentUrl\":\"https:\/\/web.umons.ac.be\/app\/uploads\/sites\/8\/2026\/01\/AdobeStock_1078128862-scaled.jpeg\",\"width\":2560,\"height\":1707,\"caption\":\"Sad and Tired Teenager Lying in Bed at Night Using Smartphone. Teenager using a smartphone lying in bed late at night, playing games, watching videos online, and scrolling the screen. Children's screen addiction. Screen Addiction in Youth\"},{\"@type\":\"BreadcrumbList\",\"@id\":\"https:\/\/web.umons.ac.be\/eshs\/fr\/antimaconnisme-chez-les-jeunes-de-vieux-recits-a-lere-numerique\/#breadcrumb\",\"itemListElement\":[{\"@type\":\"ListItem\",\"position\":1,\"name\":\"Accueil\",\"item\":\"https:\/\/web.umons.ac.be\/eshs\/fr\/\"},{\"@type\":\"ListItem\",\"position\":2,\"name\":\"Antima\u00e7onnisme chez les jeunes : de vieux r\u00e9cits \u00e0 l\u2019\u00e8re num\u00e9rique\"}]},{\"@type\":\"WebSite\",\"@id\":\"https:\/\/web.umons.ac.be\/eshs\/#website\",\"url\":\"https:\/\/web.umons.ac.be\/eshs\/\",\"name\":\"Ecole \/ ESHS\",\"description\":\"\",\"potentialAction\":[{\"@type\":\"SearchAction\",\"target\":{\"@type\":\"EntryPoint\",\"urlTemplate\":\"https:\/\/web.umons.ac.be\/eshs\/?s={search_term_string}\"},\"query-input\":{\"@type\":\"PropertyValueSpecification\",\"valueRequired\":true,\"valueName\":\"search_term_string\"}}],\"inLanguage\":\"fr-FR\"},{\"@type\":\"Person\",\"@id\":\"https:\/\/web.umons.ac.be\/eshs\/#\/schema\/person\/a2e7829f82d5f2e86b736a8a05b1dcde\",\"name\":\"L\u00e9a Saintghislain\",\"image\":{\"@type\":\"ImageObject\",\"inLanguage\":\"fr-FR\",\"@id\":\"https:\/\/secure.gravatar.com\/avatar\/bb5fde63361462e4e464331fc7c73b4a6f6cee93d69d52772a25b2050e9a9487?s=96&d=mm&r=g\",\"url\":\"https:\/\/secure.gravatar.com\/avatar\/bb5fde63361462e4e464331fc7c73b4a6f6cee93d69d52772a25b2050e9a9487?s=96&d=mm&r=g\",\"contentUrl\":\"https:\/\/secure.gravatar.com\/avatar\/bb5fde63361462e4e464331fc7c73b4a6f6cee93d69d52772a25b2050e9a9487?s=96&d=mm&r=g\",\"caption\":\"L\u00e9a Saintghislain\"},\"url\":\"https:\/\/web.umons.ac.be\/eshs\/author\/lsaintghislain\/\"}]}<\/script>\n<!-- \/ Yoast SEO plugin. -->","yoast_head_json":{"title":"Antima\u00e7onnisme chez les jeunes : de vieux r\u00e9cits \u00e0 l\u2019\u00e8re num\u00e9rique - Ecole \/ ESHS","robots":{"index":"index","follow":"follow","max-snippet":"max-snippet:-1","max-image-preview":"max-image-preview:large","max-video-preview":"max-video-preview:-1"},"canonical":"https:\/\/web.umons.ac.be\/eshs\/fr\/antimaconnisme-chez-les-jeunes-de-vieux-recits-a-lere-numerique\/","og_locale":"fr_FR","og_type":"article","og_title":"Antima\u00e7onnisme chez les jeunes : de vieux r\u00e9cits \u00e0 l\u2019\u00e8re num\u00e9rique - Ecole \/ ESHS","og_description":"Contrairement \u00e0 l\u2019id\u00e9e selon laquelle l\u2019antima\u00e7onnisme rel\u00e8verait de traditions id\u00e9ologiques d\u00e9pass\u00e9es, ce type de discours demeure bien pr\u00e9sent chez les adolescents et les jeunes adultes. Sous des formes renouvel\u00e9es, il s\u2019appuie toutefois sur des sch\u00e9mas anciens, aujourd\u2019hui largement diffus\u00e9s par la culture num\u00e9rique.","og_url":"https:\/\/web.umons.ac.be\/eshs\/fr\/antimaconnisme-chez-les-jeunes-de-vieux-recits-a-lere-numerique\/","og_site_name":"Ecole \/ ESHS","article_published_time":"2026-01-28T15:09:36+00:00","article_modified_time":"2026-04-15T09:18:27+00:00","og_image":[{"width":2560,"height":1707,"url":"https:\/\/web.umons.ac.be\/app\/uploads\/sites\/8\/2026\/01\/AdobeStock_1078128862-scaled.jpeg","type":"image\/jpeg"}],"author":"L\u00e9a Saintghislain","twitter_card":"summary_large_image","twitter_misc":{"\u00c9crit par":"L\u00e9a SAINTGHISLAIN","Dur\u00e9e de lecture estim\u00e9e":"1 minute"},"schema":{"@context":"https:\/\/schema.org","@graph":[{"@type":"Article","@id":"https:\/\/web.umons.ac.be\/eshs\/fr\/antimaconnisme-chez-les-jeunes-de-vieux-recits-a-lere-numerique\/#article","isPartOf":{"@id":"https:\/\/web.umons.ac.be\/eshs\/fr\/antimaconnisme-chez-les-jeunes-de-vieux-recits-a-lere-numerique\/"},"author":{"name":"L\u00e9a Saintghislain","@id":"https:\/\/web.umons.ac.be\/eshs\/#\/schema\/person\/a2e7829f82d5f2e86b736a8a05b1dcde"},"headline":"Antima\u00e7onnisme chez les jeunes : de vieux r\u00e9cits \u00e0 l\u2019\u00e8re num\u00e9rique","datePublished":"2026-01-28T15:09:36+00:00","dateModified":"2026-04-15T09:18:27+00:00","mainEntityOfPage":{"@id":"https:\/\/web.umons.ac.be\/eshs\/fr\/antimaconnisme-chez-les-jeunes-de-vieux-recits-a-lere-numerique\/"},"wordCount":192,"image":{"@id":"https:\/\/web.umons.ac.be\/eshs\/fr\/antimaconnisme-chez-les-jeunes-de-vieux-recits-a-lere-numerique\/#primaryimage"},"thumbnailUrl":"https:\/\/web.umons.ac.be\/app\/uploads\/sites\/8\/2026\/01\/AdobeStock_1078128862-scaled.jpeg","articleSection":["Publication","Recherche"],"inLanguage":"fr-FR"},{"@type":"WebPage","@id":"https:\/\/web.umons.ac.be\/eshs\/fr\/antimaconnisme-chez-les-jeunes-de-vieux-recits-a-lere-numerique\/","url":"https:\/\/web.umons.ac.be\/eshs\/fr\/antimaconnisme-chez-les-jeunes-de-vieux-recits-a-lere-numerique\/","name":"Antima\u00e7onnisme chez les jeunes : de vieux r\u00e9cits \u00e0 l\u2019\u00e8re num\u00e9rique - Ecole \/ ESHS","isPartOf":{"@id":"https:\/\/web.umons.ac.be\/eshs\/#website"},"primaryImageOfPage":{"@id":"https:\/\/web.umons.ac.be\/eshs\/fr\/antimaconnisme-chez-les-jeunes-de-vieux-recits-a-lere-numerique\/#primaryimage"},"image":{"@id":"https:\/\/web.umons.ac.be\/eshs\/fr\/antimaconnisme-chez-les-jeunes-de-vieux-recits-a-lere-numerique\/#primaryimage"},"thumbnailUrl":"https:\/\/web.umons.ac.be\/app\/uploads\/sites\/8\/2026\/01\/AdobeStock_1078128862-scaled.jpeg","datePublished":"2026-01-28T15:09:36+00:00","dateModified":"2026-04-15T09:18:27+00:00","author":{"@id":"https:\/\/web.umons.ac.be\/eshs\/#\/schema\/person\/a2e7829f82d5f2e86b736a8a05b1dcde"},"breadcrumb":{"@id":"https:\/\/web.umons.ac.be\/eshs\/fr\/antimaconnisme-chez-les-jeunes-de-vieux-recits-a-lere-numerique\/#breadcrumb"},"inLanguage":"fr-FR","potentialAction":[{"@type":"ReadAction","target":["https:\/\/web.umons.ac.be\/eshs\/fr\/antimaconnisme-chez-les-jeunes-de-vieux-recits-a-lere-numerique\/"]}]},{"@type":"ImageObject","inLanguage":"fr-FR","@id":"https:\/\/web.umons.ac.be\/eshs\/fr\/antimaconnisme-chez-les-jeunes-de-vieux-recits-a-lere-numerique\/#primaryimage","url":"https:\/\/web.umons.ac.be\/app\/uploads\/sites\/8\/2026\/01\/AdobeStock_1078128862-scaled.jpeg","contentUrl":"https:\/\/web.umons.ac.be\/app\/uploads\/sites\/8\/2026\/01\/AdobeStock_1078128862-scaled.jpeg","width":2560,"height":1707,"caption":"Sad and Tired Teenager Lying in Bed at Night Using Smartphone. Teenager using a smartphone lying in bed late at night, playing games, watching videos online, and scrolling the screen. Children's screen addiction. Screen Addiction in Youth"},{"@type":"BreadcrumbList","@id":"https:\/\/web.umons.ac.be\/eshs\/fr\/antimaconnisme-chez-les-jeunes-de-vieux-recits-a-lere-numerique\/#breadcrumb","itemListElement":[{"@type":"ListItem","position":1,"name":"Accueil","item":"https:\/\/web.umons.ac.be\/eshs\/fr\/"},{"@type":"ListItem","position":2,"name":"Antima\u00e7onnisme chez les jeunes : de vieux r\u00e9cits \u00e0 l\u2019\u00e8re num\u00e9rique"}]},{"@type":"WebSite","@id":"https:\/\/web.umons.ac.be\/eshs\/#website","url":"https:\/\/web.umons.ac.be\/eshs\/","name":"Ecole \/ ESHS","description":"","potentialAction":[{"@type":"SearchAction","target":{"@type":"EntryPoint","urlTemplate":"https:\/\/web.umons.ac.be\/eshs\/?s={search_term_string}"},"query-input":{"@type":"PropertyValueSpecification","valueRequired":true,"valueName":"search_term_string"}}],"inLanguage":"fr-FR"},{"@type":"Person","@id":"https:\/\/web.umons.ac.be\/eshs\/#\/schema\/person\/a2e7829f82d5f2e86b736a8a05b1dcde","name":"L\u00e9a Saintghislain","image":{"@type":"ImageObject","inLanguage":"fr-FR","@id":"https:\/\/secure.gravatar.com\/avatar\/bb5fde63361462e4e464331fc7c73b4a6f6cee93d69d52772a25b2050e9a9487?s=96&d=mm&r=g","url":"https:\/\/secure.gravatar.com\/avatar\/bb5fde63361462e4e464331fc7c73b4a6f6cee93d69d52772a25b2050e9a9487?s=96&d=mm&r=g","contentUrl":"https:\/\/secure.gravatar.com\/avatar\/bb5fde63361462e4e464331fc7c73b4a6f6cee93d69d52772a25b2050e9a9487?s=96&d=mm&r=g","caption":"L\u00e9a Saintghislain"},"url":"https:\/\/web.umons.ac.be\/eshs\/author\/lsaintghislain\/"}]}},"lang":"fr","translations":{"fr":2169},"pll_sync_post":[],"_links":{"self":[{"href":"https:\/\/web.umons.ac.be\/eshs\/wp-json\/wp\/v2\/posts\/2169","targetHints":{"allow":["GET"]}}],"collection":[{"href":"https:\/\/web.umons.ac.be\/eshs\/wp-json\/wp\/v2\/posts"}],"about":[{"href":"https:\/\/web.umons.ac.be\/eshs\/wp-json\/wp\/v2\/types\/post"}],"author":[{"embeddable":true,"href":"https:\/\/web.umons.ac.be\/eshs\/wp-json\/wp\/v2\/users\/305"}],"replies":[{"embeddable":true,"href":"https:\/\/web.umons.ac.be\/eshs\/wp-json\/wp\/v2\/comments?post=2169"}],"version-history":[{"count":1,"href":"https:\/\/web.umons.ac.be\/eshs\/wp-json\/wp\/v2\/posts\/2169\/revisions"}],"predecessor-version":[{"id":2171,"href":"https:\/\/web.umons.ac.be\/eshs\/wp-json\/wp\/v2\/posts\/2169\/revisions\/2171"}],"wp:featuredmedia":[{"embeddable":true,"href":"https:\/\/web.umons.ac.be\/eshs\/wp-json\/wp\/v2\/media\/2170"}],"wp:attachment":[{"href":"https:\/\/web.umons.ac.be\/eshs\/wp-json\/wp\/v2\/media?parent=2169"}],"wp:term":[{"taxonomy":"category","embeddable":true,"href":"https:\/\/web.umons.ac.be\/eshs\/wp-json\/wp\/v2\/categories?post=2169"},{"taxonomy":"post_tag","embeddable":true,"href":"https:\/\/web.umons.ac.be\/eshs\/wp-json\/wp\/v2\/tags?post=2169"}],"curies":[{"name":"wp","href":"https:\/\/api.w.org\/{rel}","templated":true}]}}