{"id":2282,"date":"2026-03-28T19:55:47","date_gmt":"2026-03-28T18:55:47","guid":{"rendered":"https:\/\/web.umons.ac.be\/eshs\/?p=2282"},"modified":"2026-03-29T11:18:55","modified_gmt":"2026-03-29T09:18:55","slug":"journee-decouverte-des-sciences-humaines-et-sociales-retour-sur-ledition-2026","status":"publish","type":"post","link":"https:\/\/web.umons.ac.be\/eshs\/fr\/journee-decouverte-des-sciences-humaines-et-sociales-retour-sur-ledition-2026\/","title":{"rendered":"Journ\u00e9e D\u00e9couverte des Sciences Humaines et Sociales : retour sur l\u2019\u00e9dition 2026"},"content":{"rendered":"<h3 data-section-id=\"1iw1wp0\" data-start=\"672\" data-end=\"705\">Une immersion au c\u0153ur des SHS<\/h3>\n<p data-start=\"707\" data-end=\"740\">Au programme de cette journ\u00e9e :<\/p>\n<ul>\n<li data-start=\"742\" data-end=\"1210\">Accueil convivial et pr\u00e9sentation des \u00e9tudes et de leurs d\u00e9bouch\u00e9s par la Pr\u00e9sidente de l\u2019\u00c9cole, Manon Libert<\/li>\n<li data-start=\"742\" data-end=\"1210\">\u00c9change participatif autour de la th\u00e9matique \u00ab G\u00e9n\u00e9ration Z : pourquoi le monde du travail doit s\u2019adapter \u00bb<\/li>\n<li data-start=\"742\" data-end=\"1210\">Cr\u00e9ation d\u2019affiches autour du monde du travail, avec beaucoup d\u2019imagination et de belles id\u00e9es<\/li>\n<li data-start=\"742\" data-end=\"1210\">Escape game en \u00e9quipe sur le campus Rosa Parks, \u00e0 la d\u00e9couverte de la vie \u00e9tudiante<\/li>\n<li data-start=\"742\" data-end=\"1210\">Moment d\u2019\u00e9change avec des membres de l\u2019\u00c9cole<\/li>\n<\/ul>\n<h3 data-section-id=\"236mds\" data-start=\"1212\" data-end=\"1266\">Mieux comprendre les Sciences humaines et sociales<\/h3>\n<p data-start=\"1268\" data-end=\"1408\">Organis\u00e9e \u00e0 destination des classes de 5e et 6e secondaire, cette journ\u00e9e vise \u00e0 accompagner les \u00e9l\u00e8ves dans leur r\u00e9flexion d\u2019orientation.<\/p>\n<p data-start=\"1410\" data-end=\"1456\">Elle leur permet de d\u00e9couvrir concr\u00e8tement :<\/p>\n<ul data-start=\"1457\" data-end=\"1718\">\n<li data-section-id=\"pfrp3u\" data-start=\"1457\" data-end=\"1607\">les diff\u00e9rentes fili\u00e8res du bachelier (information-communication, sociologie-anthropologie, sciences politiques et gestion des ressources humaines),<\/li>\n<li data-section-id=\"kg19e7\" data-start=\"1608\" data-end=\"1636\">les m\u00e9thodes de travail,<\/li>\n<li data-section-id=\"z5yye5\" data-start=\"1637\" data-end=\"1660\">les cours propos\u00e9s,<\/li>\n<li data-section-id=\"1jxkhgl\" data-start=\"1661\" data-end=\"1718\">ainsi que les d\u00e9bouch\u00e9s possibles apr\u00e8s le Bachelier.<\/li>\n<\/ul>\n<p data-start=\"1720\" data-end=\"2025\">La th\u00e9matique de cette \u00e9dition, \u00ab G\u00e9n\u00e9ration Z : pourquoi le monde du travail doit s\u2019adapter \u00bb, a \u00e9t\u00e9 abord\u00e9e par Claire Dupont et Romina Giuliano, charg\u00e9es de cours dans le domaine de la gestion des ressources humaines. Elles ont mis en lumi\u00e8re les \u00e9volutions du rapport au travail et les attentes des jeunes g\u00e9n\u00e9rations.<\/p>\n<h3 data-section-id=\"1n30kes\" data-start=\"2027\" data-end=\"2078\">Une exp\u00e9rience concr\u00e8te de la vie universitaire<\/h3>\n<p data-start=\"2080\" data-end=\"2234\">L\u2019apr\u00e8s-midi, les \u00e9l\u00e8ves ont particip\u00e9 \u00e0 un escape game grandeur nature dans le b\u00e2timent Rosa Parks, principal lieu de cours des \u00e9tudiant\u00b7e\u00b7s de l\u2019ESHS.<\/p>\n<p data-start=\"2236\" data-end=\"2444\">\u00c0 travers diff\u00e9rentes \u00e9nigmes, ils ont pu d\u00e9couvrir des espaces cl\u00e9s de la vie \u00e9tudiante (auditoires, secr\u00e9tariat, espaces de travail) tout en exp\u00e9rimentant l\u2019environnement universitaire de mani\u00e8re ludique.<\/p>\n<p data-start=\"2591\" data-end=\"2661\">Merci aux \u00e9l\u00e8ves et \u00e0 leurs enseignant\u00b7e\u00b7s pour leur participation !<\/p>\n<div id='gallery-1' class='gallery galleryid-2282 gallery-columns-3 gallery-size-thumbnail'><figure class='gallery-item'>\n\t\t\t<div class='gallery-icon portrait'>\n\t\t\t\t<a href='https:\/\/web.umons.ac.be\/eshs\/fr\/journee-decouverte-des-sciences-humaines-et-sociales-retour-sur-ledition-2026\/656498380_1526117396183208_8774877349424622078_n\/'><img loading=\"lazy\" decoding=\"async\" width=\"150\" height=\"150\" src=\"https:\/\/web.umons.ac.be\/app\/uploads\/sites\/8\/2026\/03\/656498380_1526117396183208_8774877349424622078_n-150x150.jpg\" class=\"attachment-thumbnail size-thumbnail\" alt=\"\" srcset=\"https:\/\/web.umons.ac.be\/app\/uploads\/sites\/8\/2026\/03\/656498380_1526117396183208_8774877349424622078_n-150x150.jpg 150w, https:\/\/web.umons.ac.be\/app\/uploads\/sites\/8\/2026\/03\/656498380_1526117396183208_8774877349424622078_n-80x80.jpg 80w, https:\/\/web.umons.ac.be\/app\/uploads\/sites\/8\/2026\/03\/656498380_1526117396183208_8774877349424622078_n-400x400.jpg 400w, https:\/\/web.umons.ac.be\/app\/uploads\/sites\/8\/2026\/03\/656498380_1526117396183208_8774877349424622078_n-200x200.jpg 200w\" sizes=\"auto, (max-width: 150px) 100vw, 150px\" \/><\/a>\n\t\t\t<\/div><\/figure><figure class='gallery-item'>\n\t\t\t<div class='gallery-icon landscape'>\n\t\t\t\t<a href='https:\/\/web.umons.ac.be\/eshs\/fr\/journee-decouverte-des-sciences-humaines-et-sociales-retour-sur-ledition-2026\/656621299_1526118492849765_5463605611697343428_n\/'><img loading=\"lazy\" decoding=\"async\" width=\"150\" height=\"150\" src=\"https:\/\/web.umons.ac.be\/app\/uploads\/sites\/8\/2026\/03\/656621299_1526118492849765_5463605611697343428_n-150x150.jpg\" class=\"attachment-thumbnail size-thumbnail\" alt=\"\" srcset=\"https:\/\/web.umons.ac.be\/app\/uploads\/sites\/8\/2026\/03\/656621299_1526118492849765_5463605611697343428_n-150x150.jpg 150w, https:\/\/web.umons.ac.be\/app\/uploads\/sites\/8\/2026\/03\/656621299_1526118492849765_5463605611697343428_n-80x80.jpg 80w, https:\/\/web.umons.ac.be\/app\/uploads\/sites\/8\/2026\/03\/656621299_1526118492849765_5463605611697343428_n-400x400.jpg 400w, https:\/\/web.umons.ac.be\/app\/uploads\/sites\/8\/2026\/03\/656621299_1526118492849765_5463605611697343428_n-200x200.jpg 200w\" sizes=\"auto, (max-width: 150px) 100vw, 150px\" \/><\/a>\n\t\t\t<\/div><\/figure><figure class='gallery-item'>\n\t\t\t<div class='gallery-icon portrait'>\n\t\t\t\t<a href='https:\/\/web.umons.ac.be\/eshs\/fr\/journee-decouverte-des-sciences-humaines-et-sociales-retour-sur-ledition-2026\/656419321_1526118012849813_3211083700588070053_n\/'><img loading=\"lazy\" decoding=\"async\" width=\"150\" height=\"150\" src=\"https:\/\/web.umons.ac.be\/app\/uploads\/sites\/8\/2026\/03\/656419321_1526118012849813_3211083700588070053_n-150x150.jpg\" class=\"attachment-thumbnail size-thumbnail\" alt=\"\" srcset=\"https:\/\/web.umons.ac.be\/app\/uploads\/sites\/8\/2026\/03\/656419321_1526118012849813_3211083700588070053_n-150x150.jpg 150w, https:\/\/web.umons.ac.be\/app\/uploads\/sites\/8\/2026\/03\/656419321_1526118012849813_3211083700588070053_n-80x80.jpg 80w, https:\/\/web.umons.ac.be\/app\/uploads\/sites\/8\/2026\/03\/656419321_1526118012849813_3211083700588070053_n-400x400.jpg 400w, https:\/\/web.umons.ac.be\/app\/uploads\/sites\/8\/2026\/03\/656419321_1526118012849813_3211083700588070053_n-200x200.jpg 200w\" sizes=\"auto, (max-width: 150px) 100vw, 150px\" \/><\/a>\n\t\t\t<\/div><\/figure><figure class='gallery-item'>\n\t\t\t<div class='gallery-icon landscape'>\n\t\t\t\t<a href='https:\/\/web.umons.ac.be\/eshs\/fr\/journee-decouverte-des-sciences-humaines-et-sociales-retour-sur-ledition-2026\/659093370_1526118382849776_728820403839733140_n\/'><img loading=\"lazy\" decoding=\"async\" width=\"150\" height=\"150\" src=\"https:\/\/web.umons.ac.be\/app\/uploads\/sites\/8\/2026\/03\/659093370_1526118382849776_728820403839733140_n-150x150.jpg\" class=\"attachment-thumbnail size-thumbnail\" alt=\"\" srcset=\"https:\/\/web.umons.ac.be\/app\/uploads\/sites\/8\/2026\/03\/659093370_1526118382849776_728820403839733140_n-150x150.jpg 150w, https:\/\/web.umons.ac.be\/app\/uploads\/sites\/8\/2026\/03\/659093370_1526118382849776_728820403839733140_n-80x80.jpg 80w, https:\/\/web.umons.ac.be\/app\/uploads\/sites\/8\/2026\/03\/659093370_1526118382849776_728820403839733140_n-400x400.jpg 400w, https:\/\/web.umons.ac.be\/app\/uploads\/sites\/8\/2026\/03\/659093370_1526118382849776_728820403839733140_n-200x200.jpg 200w\" sizes=\"auto, (max-width: 150px) 100vw, 150px\" \/><\/a>\n\t\t\t<\/div><\/figure><figure class='gallery-item'>\n\t\t\t<div class='gallery-icon portrait'>\n\t\t\t\t<a href='https:\/\/web.umons.ac.be\/eshs\/fr\/journee-decouverte-des-sciences-humaines-et-sociales-retour-sur-ledition-2026\/657169056_1526118289516452_4185953848642314952_n\/'><img loading=\"lazy\" decoding=\"async\" width=\"150\" height=\"150\" src=\"https:\/\/web.umons.ac.be\/app\/uploads\/sites\/8\/2026\/03\/657169056_1526118289516452_4185953848642314952_n-150x150.jpg\" class=\"attachment-thumbnail size-thumbnail\" alt=\"\" srcset=\"https:\/\/web.umons.ac.be\/app\/uploads\/sites\/8\/2026\/03\/657169056_1526118289516452_4185953848642314952_n-150x150.jpg 150w, https:\/\/web.umons.ac.be\/app\/uploads\/sites\/8\/2026\/03\/657169056_1526118289516452_4185953848642314952_n-80x80.jpg 80w, https:\/\/web.umons.ac.be\/app\/uploads\/sites\/8\/2026\/03\/657169056_1526118289516452_4185953848642314952_n-400x400.jpg 400w, https:\/\/web.umons.ac.be\/app\/uploads\/sites\/8\/2026\/03\/657169056_1526118289516452_4185953848642314952_n-200x200.jpg 200w\" sizes=\"auto, (max-width: 150px) 100vw, 150px\" \/><\/a>\n\t\t\t<\/div><\/figure><figure class='gallery-item'>\n\t\t\t<div class='gallery-icon portrait'>\n\t\t\t\t<a href='https:\/\/web.umons.ac.be\/eshs\/fr\/journee-decouverte-des-sciences-humaines-et-sociales-retour-sur-ledition-2026\/656057994_1526118569516424_5908493754059654140_n\/'><img loading=\"lazy\" decoding=\"async\" width=\"150\" height=\"150\" src=\"https:\/\/web.umons.ac.be\/app\/uploads\/sites\/8\/2026\/03\/656057994_1526118569516424_5908493754059654140_n-150x150.jpg\" class=\"attachment-thumbnail size-thumbnail\" alt=\"\" srcset=\"https:\/\/web.umons.ac.be\/app\/uploads\/sites\/8\/2026\/03\/656057994_1526118569516424_5908493754059654140_n-150x150.jpg 150w, https:\/\/web.umons.ac.be\/app\/uploads\/sites\/8\/2026\/03\/656057994_1526118569516424_5908493754059654140_n-80x80.jpg 80w, https:\/\/web.umons.ac.be\/app\/uploads\/sites\/8\/2026\/03\/656057994_1526118569516424_5908493754059654140_n-400x400.jpg 400w, https:\/\/web.umons.ac.be\/app\/uploads\/sites\/8\/2026\/03\/656057994_1526118569516424_5908493754059654140_n-200x200.jpg 200w\" sizes=\"auto, (max-width: 150px) 100vw, 150px\" \/><\/a>\n\t\t\t<\/div><\/figure><figure class='gallery-item'>\n\t\t\t<div class='gallery-icon landscape'>\n\t\t\t\t<a href='https:\/\/web.umons.ac.be\/eshs\/fr\/journee-decouverte-des-sciences-humaines-et-sociales-retour-sur-ledition-2026\/656249434_1526118319516449_6454317041105976063_n\/'><img loading=\"lazy\" decoding=\"async\" width=\"150\" height=\"150\" src=\"https:\/\/web.umons.ac.be\/app\/uploads\/sites\/8\/2026\/03\/656249434_1526118319516449_6454317041105976063_n-150x150.jpg\" class=\"attachment-thumbnail size-thumbnail\" alt=\"\" srcset=\"https:\/\/web.umons.ac.be\/app\/uploads\/sites\/8\/2026\/03\/656249434_1526118319516449_6454317041105976063_n-150x150.jpg 150w, https:\/\/web.umons.ac.be\/app\/uploads\/sites\/8\/2026\/03\/656249434_1526118319516449_6454317041105976063_n-80x80.jpg 80w, https:\/\/web.umons.ac.be\/app\/uploads\/sites\/8\/2026\/03\/656249434_1526118319516449_6454317041105976063_n-400x400.jpg 400w, https:\/\/web.umons.ac.be\/app\/uploads\/sites\/8\/2026\/03\/656249434_1526118319516449_6454317041105976063_n-200x200.jpg 200w\" sizes=\"auto, (max-width: 150px) 100vw, 150px\" \/><\/a>\n\t\t\t<\/div><\/figure><figure class='gallery-item'>\n\t\t\t<div class='gallery-icon portrait'>\n\t\t\t\t<a href='https:\/\/web.umons.ac.be\/eshs\/fr\/journee-decouverte-des-sciences-humaines-et-sociales-retour-sur-ledition-2026\/657241714_1526118532849761_1783397968680490825_n\/'><img loading=\"lazy\" decoding=\"async\" width=\"150\" height=\"150\" src=\"https:\/\/web.umons.ac.be\/app\/uploads\/sites\/8\/2026\/03\/657241714_1526118532849761_1783397968680490825_n-150x150.jpg\" class=\"attachment-thumbnail size-thumbnail\" alt=\"\" srcset=\"https:\/\/web.umons.ac.be\/app\/uploads\/sites\/8\/2026\/03\/657241714_1526118532849761_1783397968680490825_n-150x150.jpg 150w, https:\/\/web.umons.ac.be\/app\/uploads\/sites\/8\/2026\/03\/657241714_1526118532849761_1783397968680490825_n-80x80.jpg 80w, https:\/\/web.umons.ac.be\/app\/uploads\/sites\/8\/2026\/03\/657241714_1526118532849761_1783397968680490825_n-400x400.jpg 400w, https:\/\/web.umons.ac.be\/app\/uploads\/sites\/8\/2026\/03\/657241714_1526118532849761_1783397968680490825_n-200x200.jpg 200w\" sizes=\"auto, (max-width: 150px) 100vw, 150px\" \/><\/a>\n\t\t\t<\/div><\/figure><figure class='gallery-item'>\n\t\t\t<div class='gallery-icon landscape'>\n\t\t\t\t<a href='https:\/\/web.umons.ac.be\/eshs\/fr\/journee-decouverte-des-sciences-humaines-et-sociales-retour-sur-ledition-2026\/656233977_1526117882849826_4343749765570927827_n\/'><img loading=\"lazy\" decoding=\"async\" width=\"150\" height=\"150\" src=\"https:\/\/web.umons.ac.be\/app\/uploads\/sites\/8\/2026\/03\/656233977_1526117882849826_4343749765570927827_n-150x150.jpg\" class=\"attachment-thumbnail size-thumbnail\" alt=\"\" srcset=\"https:\/\/web.umons.ac.be\/app\/uploads\/sites\/8\/2026\/03\/656233977_1526117882849826_4343749765570927827_n-150x150.jpg 150w, https:\/\/web.umons.ac.be\/app\/uploads\/sites\/8\/2026\/03\/656233977_1526117882849826_4343749765570927827_n-80x80.jpg 80w, https:\/\/web.umons.ac.be\/app\/uploads\/sites\/8\/2026\/03\/656233977_1526117882849826_4343749765570927827_n-400x400.jpg 400w, https:\/\/web.umons.ac.be\/app\/uploads\/sites\/8\/2026\/03\/656233977_1526117882849826_4343749765570927827_n-200x200.jpg 200w\" sizes=\"auto, (max-width: 150px) 100vw, 150px\" \/><\/a>\n\t\t\t<\/div><\/figure><figure class='gallery-item'>\n\t\t\t<div class='gallery-icon portrait'>\n\t\t\t\t<a href='https:\/\/web.umons.ac.be\/eshs\/fr\/journee-decouverte-des-sciences-humaines-et-sociales-retour-sur-ledition-2026\/657667597_1526118116183136_7426515007516605544_n\/'><img loading=\"lazy\" decoding=\"async\" width=\"150\" height=\"150\" src=\"https:\/\/web.umons.ac.be\/app\/uploads\/sites\/8\/2026\/03\/657667597_1526118116183136_7426515007516605544_n-150x150.jpg\" class=\"attachment-thumbnail size-thumbnail\" alt=\"\" srcset=\"https:\/\/web.umons.ac.be\/app\/uploads\/sites\/8\/2026\/03\/657667597_1526118116183136_7426515007516605544_n-150x150.jpg 150w, https:\/\/web.umons.ac.be\/app\/uploads\/sites\/8\/2026\/03\/657667597_1526118116183136_7426515007516605544_n-80x80.jpg 80w, https:\/\/web.umons.ac.be\/app\/uploads\/sites\/8\/2026\/03\/657667597_1526118116183136_7426515007516605544_n-400x400.jpg 400w, https:\/\/web.umons.ac.be\/app\/uploads\/sites\/8\/2026\/03\/657667597_1526118116183136_7426515007516605544_n-200x200.jpg 200w\" sizes=\"auto, (max-width: 150px) 100vw, 150px\" \/><\/a>\n\t\t\t<\/div><\/figure><figure class='gallery-item'>\n\t\t\t<div class='gallery-icon portrait'>\n\t\t\t\t<a href='https:\/\/web.umons.ac.be\/eshs\/fr\/journee-decouverte-des-sciences-humaines-et-sociales-retour-sur-ledition-2026\/657488193_1526117329516548_6152601031443486881_n\/'><img loading=\"lazy\" decoding=\"async\" width=\"150\" height=\"150\" src=\"https:\/\/web.umons.ac.be\/app\/uploads\/sites\/8\/2026\/03\/657488193_1526117329516548_6152601031443486881_n-150x150.jpg\" class=\"attachment-thumbnail size-thumbnail\" alt=\"\" srcset=\"https:\/\/web.umons.ac.be\/app\/uploads\/sites\/8\/2026\/03\/657488193_1526117329516548_6152601031443486881_n-150x150.jpg 150w, https:\/\/web.umons.ac.be\/app\/uploads\/sites\/8\/2026\/03\/657488193_1526117329516548_6152601031443486881_n-80x80.jpg 80w, https:\/\/web.umons.ac.be\/app\/uploads\/sites\/8\/2026\/03\/657488193_1526117329516548_6152601031443486881_n-400x400.jpg 400w, https:\/\/web.umons.ac.be\/app\/uploads\/sites\/8\/2026\/03\/657488193_1526117329516548_6152601031443486881_n-200x200.jpg 200w\" sizes=\"auto, (max-width: 150px) 100vw, 150px\" \/><\/a>\n\t\t\t<\/div><\/figure><figure class='gallery-item'>\n\t\t\t<div class='gallery-icon portrait'>\n\t\t\t\t<a href='https:\/\/web.umons.ac.be\/eshs\/fr\/journee-decouverte-des-sciences-humaines-et-sociales-retour-sur-ledition-2026\/656090927_1526117729516508_6131593240380532029_n\/'><img loading=\"lazy\" decoding=\"async\" width=\"150\" height=\"150\" src=\"https:\/\/web.umons.ac.be\/app\/uploads\/sites\/8\/2026\/03\/656090927_1526117729516508_6131593240380532029_n-150x150.jpg\" class=\"attachment-thumbnail size-thumbnail\" alt=\"\" srcset=\"https:\/\/web.umons.ac.be\/app\/uploads\/sites\/8\/2026\/03\/656090927_1526117729516508_6131593240380532029_n-150x150.jpg 150w, https:\/\/web.umons.ac.be\/app\/uploads\/sites\/8\/2026\/03\/656090927_1526117729516508_6131593240380532029_n-80x80.jpg 80w, https:\/\/web.umons.ac.be\/app\/uploads\/sites\/8\/2026\/03\/656090927_1526117729516508_6131593240380532029_n-400x400.jpg 400w, https:\/\/web.umons.ac.be\/app\/uploads\/sites\/8\/2026\/03\/656090927_1526117729516508_6131593240380532029_n-200x200.jpg 200w\" sizes=\"auto, (max-width: 150px) 100vw, 150px\" \/><\/a>\n\t\t\t<\/div><\/figure><figure class='gallery-item'>\n\t\t\t<div class='gallery-icon portrait'>\n\t\t\t\t<a href='https:\/\/web.umons.ac.be\/eshs\/fr\/journee-decouverte-des-sciences-humaines-et-sociales-retour-sur-ledition-2026\/657115685_1526117436183204_2112562223104037385_n\/'><img loading=\"lazy\" decoding=\"async\" width=\"150\" height=\"150\" src=\"https:\/\/web.umons.ac.be\/app\/uploads\/sites\/8\/2026\/03\/657115685_1526117436183204_2112562223104037385_n-150x150.jpg\" class=\"attachment-thumbnail size-thumbnail\" alt=\"\" srcset=\"https:\/\/web.umons.ac.be\/app\/uploads\/sites\/8\/2026\/03\/657115685_1526117436183204_2112562223104037385_n-150x150.jpg 150w, https:\/\/web.umons.ac.be\/app\/uploads\/sites\/8\/2026\/03\/657115685_1526117436183204_2112562223104037385_n-80x80.jpg 80w, https:\/\/web.umons.ac.be\/app\/uploads\/sites\/8\/2026\/03\/657115685_1526117436183204_2112562223104037385_n-400x400.jpg 400w, https:\/\/web.umons.ac.be\/app\/uploads\/sites\/8\/2026\/03\/657115685_1526117436183204_2112562223104037385_n-200x200.jpg 200w\" sizes=\"auto, (max-width: 150px) 100vw, 150px\" \/><\/a>\n\t\t\t<\/div><\/figure><figure class='gallery-item'>\n\t\t\t<div class='gallery-icon portrait'>\n\t\t\t\t<a href='https:\/\/web.umons.ac.be\/eshs\/fr\/journee-decouverte-des-sciences-humaines-et-sociales-retour-sur-ledition-2026\/658262039_1526117982849816_5789622948162685627_n\/'><img loading=\"lazy\" decoding=\"async\" width=\"150\" height=\"150\" src=\"https:\/\/web.umons.ac.be\/app\/uploads\/sites\/8\/2026\/03\/658262039_1526117982849816_5789622948162685627_n-150x150.jpg\" class=\"attachment-thumbnail size-thumbnail\" alt=\"\" srcset=\"https:\/\/web.umons.ac.be\/app\/uploads\/sites\/8\/2026\/03\/658262039_1526117982849816_5789622948162685627_n-150x150.jpg 150w, https:\/\/web.umons.ac.be\/app\/uploads\/sites\/8\/2026\/03\/658262039_1526117982849816_5789622948162685627_n-80x80.jpg 80w, https:\/\/web.umons.ac.be\/app\/uploads\/sites\/8\/2026\/03\/658262039_1526117982849816_5789622948162685627_n-400x400.jpg 400w, https:\/\/web.umons.ac.be\/app\/uploads\/sites\/8\/2026\/03\/658262039_1526117982849816_5789622948162685627_n-200x200.jpg 200w\" sizes=\"auto, (max-width: 150px) 100vw, 150px\" \/><\/a>\n\t\t\t<\/div><\/figure><figure class='gallery-item'>\n\t\t\t<div class='gallery-icon landscape'>\n\t\t\t\t<a href='https:\/\/web.umons.ac.be\/eshs\/fr\/journee-decouverte-des-sciences-humaines-et-sociales-retour-sur-ledition-2026\/658142726_1526118089516472_8099561036553401838_n\/'><img loading=\"lazy\" decoding=\"async\" width=\"150\" height=\"150\" src=\"https:\/\/web.umons.ac.be\/app\/uploads\/sites\/8\/2026\/03\/658142726_1526118089516472_8099561036553401838_n-150x150.jpg\" class=\"attachment-thumbnail size-thumbnail\" alt=\"\" srcset=\"https:\/\/web.umons.ac.be\/app\/uploads\/sites\/8\/2026\/03\/658142726_1526118089516472_8099561036553401838_n-150x150.jpg 150w, https:\/\/web.umons.ac.be\/app\/uploads\/sites\/8\/2026\/03\/658142726_1526118089516472_8099561036553401838_n-80x80.jpg 80w, https:\/\/web.umons.ac.be\/app\/uploads\/sites\/8\/2026\/03\/658142726_1526118089516472_8099561036553401838_n-400x400.jpg 400w, https:\/\/web.umons.ac.be\/app\/uploads\/sites\/8\/2026\/03\/658142726_1526118089516472_8099561036553401838_n-200x200.jpg 200w\" sizes=\"auto, (max-width: 150px) 100vw, 150px\" \/><\/a>\n\t\t\t<\/div><\/figure><figure class='gallery-item'>\n\t\t\t<div class='gallery-icon landscape'>\n\t\t\t\t<a href='https:\/\/web.umons.ac.be\/eshs\/fr\/journee-decouverte-des-sciences-humaines-et-sociales-retour-sur-ledition-2026\/658120152_1526117652849849_2113512193244611315_n\/'><img loading=\"lazy\" decoding=\"async\" width=\"150\" height=\"150\" src=\"https:\/\/web.umons.ac.be\/app\/uploads\/sites\/8\/2026\/03\/658120152_1526117652849849_2113512193244611315_n-150x150.jpg\" class=\"attachment-thumbnail size-thumbnail\" alt=\"\" srcset=\"https:\/\/web.umons.ac.be\/app\/uploads\/sites\/8\/2026\/03\/658120152_1526117652849849_2113512193244611315_n-150x150.jpg 150w, https:\/\/web.umons.ac.be\/app\/uploads\/sites\/8\/2026\/03\/658120152_1526117652849849_2113512193244611315_n-80x80.jpg 80w, https:\/\/web.umons.ac.be\/app\/uploads\/sites\/8\/2026\/03\/658120152_1526117652849849_2113512193244611315_n-400x400.jpg 400w, https:\/\/web.umons.ac.be\/app\/uploads\/sites\/8\/2026\/03\/658120152_1526117652849849_2113512193244611315_n-200x200.jpg 200w\" sizes=\"auto, (max-width: 150px) 100vw, 150px\" \/><\/a>\n\t\t\t<\/div><\/figure><figure class='gallery-item'>\n\t\t\t<div class='gallery-icon landscape'>\n\t\t\t\t<a href='https:\/\/web.umons.ac.be\/eshs\/fr\/journee-decouverte-des-sciences-humaines-et-sociales-retour-sur-ledition-2026\/657760866_1526118056183142_2053390578542217492_n\/'><img loading=\"lazy\" decoding=\"async\" width=\"150\" height=\"150\" src=\"https:\/\/web.umons.ac.be\/app\/uploads\/sites\/8\/2026\/03\/657760866_1526118056183142_2053390578542217492_n-150x150.jpg\" class=\"attachment-thumbnail size-thumbnail\" alt=\"\" srcset=\"https:\/\/web.umons.ac.be\/app\/uploads\/sites\/8\/2026\/03\/657760866_1526118056183142_2053390578542217492_n-150x150.jpg 150w, https:\/\/web.umons.ac.be\/app\/uploads\/sites\/8\/2026\/03\/657760866_1526118056183142_2053390578542217492_n-80x80.jpg 80w, https:\/\/web.umons.ac.be\/app\/uploads\/sites\/8\/2026\/03\/657760866_1526118056183142_2053390578542217492_n-400x400.jpg 400w, https:\/\/web.umons.ac.be\/app\/uploads\/sites\/8\/2026\/03\/657760866_1526118056183142_2053390578542217492_n-200x200.jpg 200w\" sizes=\"auto, (max-width: 150px) 100vw, 150px\" \/><\/a>\n\t\t\t<\/div><\/figure><figure class='gallery-item'>\n\t\t\t<div class='gallery-icon landscape'>\n\t\t\t\t<a href='https:\/\/web.umons.ac.be\/eshs\/fr\/journee-decouverte-des-sciences-humaines-et-sociales-retour-sur-ledition-2026\/657285829_1526118266183121_6888289507304300096_n\/'><img loading=\"lazy\" decoding=\"async\" width=\"150\" height=\"150\" src=\"https:\/\/web.umons.ac.be\/app\/uploads\/sites\/8\/2026\/03\/657285829_1526118266183121_6888289507304300096_n-150x150.jpg\" class=\"attachment-thumbnail size-thumbnail\" alt=\"\" srcset=\"https:\/\/web.umons.ac.be\/app\/uploads\/sites\/8\/2026\/03\/657285829_1526118266183121_6888289507304300096_n-150x150.jpg 150w, https:\/\/web.umons.ac.be\/app\/uploads\/sites\/8\/2026\/03\/657285829_1526118266183121_6888289507304300096_n-80x80.jpg 80w, https:\/\/web.umons.ac.be\/app\/uploads\/sites\/8\/2026\/03\/657285829_1526118266183121_6888289507304300096_n-400x400.jpg 400w, https:\/\/web.umons.ac.be\/app\/uploads\/sites\/8\/2026\/03\/657285829_1526118266183121_6888289507304300096_n-200x200.jpg 200w\" sizes=\"auto, (max-width: 150px) 100vw, 150px\" \/><\/a>\n\t\t\t<\/div><\/figure><figure class='gallery-item'>\n\t\t\t<div class='gallery-icon landscape'>\n\t\t\t\t<a href='https:\/\/web.umons.ac.be\/eshs\/fr\/journee-decouverte-des-sciences-humaines-et-sociales-retour-sur-ledition-2026\/657172478_1526117486183199_8284062930248146356_n\/'><img loading=\"lazy\" decoding=\"async\" width=\"150\" height=\"150\" src=\"https:\/\/web.umons.ac.be\/app\/uploads\/sites\/8\/2026\/03\/657172478_1526117486183199_8284062930248146356_n-150x150.jpg\" class=\"attachment-thumbnail size-thumbnail\" alt=\"\" srcset=\"https:\/\/web.umons.ac.be\/app\/uploads\/sites\/8\/2026\/03\/657172478_1526117486183199_8284062930248146356_n-150x150.jpg 150w, https:\/\/web.umons.ac.be\/app\/uploads\/sites\/8\/2026\/03\/657172478_1526117486183199_8284062930248146356_n-80x80.jpg 80w, https:\/\/web.umons.ac.be\/app\/uploads\/sites\/8\/2026\/03\/657172478_1526117486183199_8284062930248146356_n-400x400.jpg 400w, https:\/\/web.umons.ac.be\/app\/uploads\/sites\/8\/2026\/03\/657172478_1526117486183199_8284062930248146356_n-200x200.jpg 200w\" sizes=\"auto, (max-width: 150px) 100vw, 150px\" \/><\/a>\n\t\t\t<\/div><\/figure><figure class='gallery-item'>\n\t\t\t<div class='gallery-icon landscape'>\n\t\t\t\t<a href='https:\/\/web.umons.ac.be\/eshs\/fr\/journee-decouverte-des-sciences-humaines-et-sociales-retour-sur-ledition-2026\/657143718_1526117756183172_8627047928116540671_n\/'><img loading=\"lazy\" decoding=\"async\" width=\"150\" height=\"150\" src=\"https:\/\/web.umons.ac.be\/app\/uploads\/sites\/8\/2026\/03\/657143718_1526117756183172_8627047928116540671_n-150x150.jpg\" class=\"attachment-thumbnail size-thumbnail\" alt=\"\" srcset=\"https:\/\/web.umons.ac.be\/app\/uploads\/sites\/8\/2026\/03\/657143718_1526117756183172_8627047928116540671_n-150x150.jpg 150w, https:\/\/web.umons.ac.be\/app\/uploads\/sites\/8\/2026\/03\/657143718_1526117756183172_8627047928116540671_n-80x80.jpg 80w, https:\/\/web.umons.ac.be\/app\/uploads\/sites\/8\/2026\/03\/657143718_1526117756183172_8627047928116540671_n-400x400.jpg 400w, https:\/\/web.umons.ac.be\/app\/uploads\/sites\/8\/2026\/03\/657143718_1526117756183172_8627047928116540671_n-200x200.jpg 200w\" sizes=\"auto, (max-width: 150px) 100vw, 150px\" \/><\/a>\n\t\t\t<\/div><\/figure><figure class='gallery-item'>\n\t\t\t<div class='gallery-icon landscape'>\n\t\t\t\t<a href='https:\/\/web.umons.ac.be\/eshs\/fr\/journee-decouverte-des-sciences-humaines-et-sociales-retour-sur-ledition-2026\/656705492_1526117579516523_4796391176371774116_n\/'><img loading=\"lazy\" decoding=\"async\" width=\"150\" height=\"150\" src=\"https:\/\/web.umons.ac.be\/app\/uploads\/sites\/8\/2026\/03\/656705492_1526117579516523_4796391176371774116_n-150x150.jpg\" class=\"attachment-thumbnail size-thumbnail\" alt=\"\" srcset=\"https:\/\/web.umons.ac.be\/app\/uploads\/sites\/8\/2026\/03\/656705492_1526117579516523_4796391176371774116_n-150x150.jpg 150w, https:\/\/web.umons.ac.be\/app\/uploads\/sites\/8\/2026\/03\/656705492_1526117579516523_4796391176371774116_n-80x80.jpg 80w, https:\/\/web.umons.ac.be\/app\/uploads\/sites\/8\/2026\/03\/656705492_1526117579516523_4796391176371774116_n-400x400.jpg 400w, https:\/\/web.umons.ac.be\/app\/uploads\/sites\/8\/2026\/03\/656705492_1526117579516523_4796391176371774116_n-200x200.jpg 200w\" sizes=\"auto, (max-width: 150px) 100vw, 150px\" \/><\/a>\n\t\t\t<\/div><\/figure><figure class='gallery-item'>\n\t\t\t<div class='gallery-icon landscape'>\n\t\t\t\t<a href='https:\/\/web.umons.ac.be\/eshs\/fr\/journee-decouverte-des-sciences-humaines-et-sociales-retour-sur-ledition-2026\/656642654_1526117902849824_4888871212148114437_n\/'><img loading=\"lazy\" decoding=\"async\" width=\"150\" height=\"150\" src=\"https:\/\/web.umons.ac.be\/app\/uploads\/sites\/8\/2026\/03\/656642654_1526117902849824_4888871212148114437_n-150x150.jpg\" class=\"attachment-thumbnail size-thumbnail\" alt=\"\" srcset=\"https:\/\/web.umons.ac.be\/app\/uploads\/sites\/8\/2026\/03\/656642654_1526117902849824_4888871212148114437_n-150x150.jpg 150w, https:\/\/web.umons.ac.be\/app\/uploads\/sites\/8\/2026\/03\/656642654_1526117902849824_4888871212148114437_n-80x80.jpg 80w, https:\/\/web.umons.ac.be\/app\/uploads\/sites\/8\/2026\/03\/656642654_1526117902849824_4888871212148114437_n-400x400.jpg 400w, https:\/\/web.umons.ac.be\/app\/uploads\/sites\/8\/2026\/03\/656642654_1526117902849824_4888871212148114437_n-200x200.jpg 200w\" sizes=\"auto, (max-width: 150px) 100vw, 150px\" \/><\/a>\n\t\t\t<\/div><\/figure><figure class='gallery-item'>\n\t\t\t<div class='gallery-icon landscape'>\n\t\t\t\t<a href='https:\/\/web.umons.ac.be\/eshs\/fr\/journee-decouverte-des-sciences-humaines-et-sociales-retour-sur-ledition-2026\/656453689_1526117489516532_4233345937166419163_n\/'><img loading=\"lazy\" decoding=\"async\" width=\"150\" height=\"150\" src=\"https:\/\/web.umons.ac.be\/app\/uploads\/sites\/8\/2026\/03\/656453689_1526117489516532_4233345937166419163_n-150x150.jpg\" class=\"attachment-thumbnail size-thumbnail\" alt=\"\" srcset=\"https:\/\/web.umons.ac.be\/app\/uploads\/sites\/8\/2026\/03\/656453689_1526117489516532_4233345937166419163_n-150x150.jpg 150w, https:\/\/web.umons.ac.be\/app\/uploads\/sites\/8\/2026\/03\/656453689_1526117489516532_4233345937166419163_n-80x80.jpg 80w, https:\/\/web.umons.ac.be\/app\/uploads\/sites\/8\/2026\/03\/656453689_1526117489516532_4233345937166419163_n-400x400.jpg 400w, https:\/\/web.umons.ac.be\/app\/uploads\/sites\/8\/2026\/03\/656453689_1526117489516532_4233345937166419163_n-200x200.jpg 200w\" sizes=\"auto, (max-width: 150px) 100vw, 150px\" \/><\/a>\n\t\t\t<\/div><\/figure><figure class='gallery-item'>\n\t\t\t<div class='gallery-icon landscape'>\n\t\t\t\t<a href='https:\/\/web.umons.ac.be\/eshs\/fr\/journee-decouverte-des-sciences-humaines-et-sociales-retour-sur-ledition-2026\/656160838_1526117626183185_4181173411791669000_n\/'><img loading=\"lazy\" decoding=\"async\" width=\"150\" height=\"150\" src=\"https:\/\/web.umons.ac.be\/app\/uploads\/sites\/8\/2026\/03\/656160838_1526117626183185_4181173411791669000_n-150x150.jpg\" class=\"attachment-thumbnail size-thumbnail\" alt=\"\" srcset=\"https:\/\/web.umons.ac.be\/app\/uploads\/sites\/8\/2026\/03\/656160838_1526117626183185_4181173411791669000_n-150x150.jpg 150w, https:\/\/web.umons.ac.be\/app\/uploads\/sites\/8\/2026\/03\/656160838_1526117626183185_4181173411791669000_n-80x80.jpg 80w, https:\/\/web.umons.ac.be\/app\/uploads\/sites\/8\/2026\/03\/656160838_1526117626183185_4181173411791669000_n-400x400.jpg 400w, https:\/\/web.umons.ac.be\/app\/uploads\/sites\/8\/2026\/03\/656160838_1526117626183185_4181173411791669000_n-200x200.jpg 200w\" sizes=\"auto, (max-width: 150px) 100vw, 150px\" \/><\/a>\n\t\t\t<\/div><\/figure><figure class='gallery-item'>\n\t\t\t<div class='gallery-icon landscape'>\n\t\t\t\t<a href='https:\/\/web.umons.ac.be\/eshs\/fr\/journee-decouverte-des-sciences-humaines-et-sociales-retour-sur-ledition-2026\/656035449_1526117946183153_6486211917497925366_n\/'><img loading=\"lazy\" decoding=\"async\" width=\"150\" height=\"150\" src=\"https:\/\/web.umons.ac.be\/app\/uploads\/sites\/8\/2026\/03\/656035449_1526117946183153_6486211917497925366_n-150x150.jpg\" class=\"attachment-thumbnail size-thumbnail\" alt=\"\" srcset=\"https:\/\/web.umons.ac.be\/app\/uploads\/sites\/8\/2026\/03\/656035449_1526117946183153_6486211917497925366_n-150x150.jpg 150w, https:\/\/web.umons.ac.be\/app\/uploads\/sites\/8\/2026\/03\/656035449_1526117946183153_6486211917497925366_n-80x80.jpg 80w, https:\/\/web.umons.ac.be\/app\/uploads\/sites\/8\/2026\/03\/656035449_1526117946183153_6486211917497925366_n-400x400.jpg 400w, https:\/\/web.umons.ac.be\/app\/uploads\/sites\/8\/2026\/03\/656035449_1526117946183153_6486211917497925366_n-200x200.jpg 200w\" sizes=\"auto, (max-width: 150px) 100vw, 150px\" \/><\/a>\n\t\t\t<\/div><\/figure><figure class='gallery-item'>\n\t\t\t<div class='gallery-icon portrait'>\n\t\t\t\t<a href='https:\/\/web.umons.ac.be\/eshs\/fr\/journee-decouverte-des-sciences-humaines-et-sociales-retour-sur-ledition-2026\/655959633_1526117862849828_4934066090208276512_n\/'><img loading=\"lazy\" decoding=\"async\" width=\"150\" height=\"150\" src=\"https:\/\/web.umons.ac.be\/app\/uploads\/sites\/8\/2026\/03\/655959633_1526117862849828_4934066090208276512_n-150x150.jpg\" class=\"attachment-thumbnail size-thumbnail\" alt=\"\" srcset=\"https:\/\/web.umons.ac.be\/app\/uploads\/sites\/8\/2026\/03\/655959633_1526117862849828_4934066090208276512_n-150x150.jpg 150w, https:\/\/web.umons.ac.be\/app\/uploads\/sites\/8\/2026\/03\/655959633_1526117862849828_4934066090208276512_n-80x80.jpg 80w, https:\/\/web.umons.ac.be\/app\/uploads\/sites\/8\/2026\/03\/655959633_1526117862849828_4934066090208276512_n-400x400.jpg 400w, https:\/\/web.umons.ac.be\/app\/uploads\/sites\/8\/2026\/03\/655959633_1526117862849828_4934066090208276512_n-200x200.jpg 200w\" sizes=\"auto, (max-width: 150px) 100vw, 150px\" \/><\/a>\n\t\t\t<\/div><\/figure><figure class='gallery-item'>\n\t\t\t<div class='gallery-icon landscape'>\n\t\t\t\t<a href='https:\/\/web.umons.ac.be\/eshs\/fr\/journee-decouverte-des-sciences-humaines-et-sociales-retour-sur-ledition-2026\/654861914_1526118186183129_1896292082583267292_n\/'><img loading=\"lazy\" decoding=\"async\" width=\"150\" height=\"150\" src=\"https:\/\/web.umons.ac.be\/app\/uploads\/sites\/8\/2026\/03\/654861914_1526118186183129_1896292082583267292_n-150x150.jpg\" class=\"attachment-thumbnail size-thumbnail\" alt=\"\" srcset=\"https:\/\/web.umons.ac.be\/app\/uploads\/sites\/8\/2026\/03\/654861914_1526118186183129_1896292082583267292_n-150x150.jpg 150w, https:\/\/web.umons.ac.be\/app\/uploads\/sites\/8\/2026\/03\/654861914_1526118186183129_1896292082583267292_n-80x80.jpg 80w, https:\/\/web.umons.ac.be\/app\/uploads\/sites\/8\/2026\/03\/654861914_1526118186183129_1896292082583267292_n-400x400.jpg 400w, https:\/\/web.umons.ac.be\/app\/uploads\/sites\/8\/2026\/03\/654861914_1526118186183129_1896292082583267292_n-200x200.jpg 200w\" sizes=\"auto, (max-width: 150px) 100vw, 150px\" \/><\/a>\n\t\t\t<\/div><\/figure>\n\t\t<\/div>\n\n","protected":false},"excerpt":{"rendered":"<p>Le 26 mars, l\u2019\u00c9cole des Sciences Humaines et Sociales a eu le plaisir d\u2019accueillir pr\u00e8s de 120 \u00e9l\u00e8ves de rh\u00e9to, venus d\u2019\u00e9coles secondaires de la r\u00e9gion, pour d\u00e9couvrir les Sciences Humaines et Sociales (SHS). Une journ\u00e9e rythm\u00e9e, riche en \u00e9changes et en cr\u00e9ativit\u00e9, pour permettre aux \u00e9l\u00e8ves de mieux se projeter dans des \u00e9tudes universitaires.<\/p>\n","protected":false},"author":305,"featured_media":2291,"comment_status":"closed","ping_status":"closed","sticky":false,"template":"","format":"standard","meta":{"footnotes":""},"categories":[76],"tags":[],"class_list":["post-2282","post","type-post","status-publish","format-standard","has-post-thumbnail","hentry","category-enseignement"],"yoast_head":"<!-- This site is optimized with the Yoast SEO plugin v27.2 - https:\/\/yoast.com\/product\/yoast-seo-wordpress\/ -->\n<title>Journ\u00e9e D\u00e9couverte des Sciences Humaines et Sociales : retour sur l\u2019\u00e9dition 2026 - Ecole \/ ESHS<\/title>\n<meta name=\"robots\" content=\"index, follow, max-snippet:-1, max-image-preview:large, max-video-preview:-1\" \/>\n<link rel=\"canonical\" href=\"https:\/\/web.umons.ac.be\/eshs\/fr\/journee-decouverte-des-sciences-humaines-et-sociales-retour-sur-ledition-2026\/\" \/>\n<meta property=\"og:locale\" content=\"fr_FR\" \/>\n<meta property=\"og:type\" content=\"article\" \/>\n<meta property=\"og:title\" content=\"Journ\u00e9e D\u00e9couverte des Sciences Humaines et Sociales : retour sur l\u2019\u00e9dition 2026 - Ecole \/ ESHS\" \/>\n<meta property=\"og:description\" content=\"Le 26 mars, l\u2019\u00c9cole des Sciences Humaines et Sociales a eu le plaisir d\u2019accueillir pr\u00e8s de 120 \u00e9l\u00e8ves de rh\u00e9to, venus d\u2019\u00e9coles secondaires de la r\u00e9gion, pour d\u00e9couvrir les Sciences Humaines et Sociales (SHS). Une journ\u00e9e rythm\u00e9e, riche en \u00e9changes et en cr\u00e9ativit\u00e9, pour permettre aux \u00e9l\u00e8ves de mieux se projeter dans des \u00e9tudes universitaires.\" \/>\n<meta property=\"og:url\" content=\"https:\/\/web.umons.ac.be\/eshs\/fr\/journee-decouverte-des-sciences-humaines-et-sociales-retour-sur-ledition-2026\/\" \/>\n<meta property=\"og:site_name\" content=\"Ecole \/ ESHS\" \/>\n<meta property=\"article:published_time\" content=\"2026-03-28T18:55:47+00:00\" \/>\n<meta property=\"article:modified_time\" content=\"2026-03-29T09:18:55+00:00\" \/>\n<meta property=\"og:image\" content=\"https:\/\/web.umons.ac.be\/app\/uploads\/sites\/8\/2026\/03\/656419321_1526118012849813_3211083700588070053_n.jpg\" \/>\n\t<meta property=\"og:image:width\" content=\"1536\" \/>\n\t<meta property=\"og:image:height\" content=\"2048\" \/>\n\t<meta property=\"og:image:type\" content=\"image\/jpeg\" \/>\n<meta name=\"author\" content=\"L\u00e9a Saintghislain\" \/>\n<meta name=\"twitter:card\" content=\"summary_large_image\" \/>\n<meta name=\"twitter:label1\" content=\"\u00c9crit par\" \/>\n\t<meta name=\"twitter:data1\" content=\"L\u00e9a Saintghislain\" \/>\n\t<meta name=\"twitter:label2\" content=\"Dur\u00e9e de lecture estim\u00e9e\" \/>\n\t<meta name=\"twitter:data2\" content=\"2 minutes\" \/>\n<script type=\"application\/ld+json\" class=\"yoast-schema-graph\">{\"@context\":\"https:\/\/schema.org\",\"@graph\":[{\"@type\":\"Article\",\"@id\":\"https:\/\/web.umons.ac.be\/eshs\/fr\/journee-decouverte-des-sciences-humaines-et-sociales-retour-sur-ledition-2026\/#article\",\"isPartOf\":{\"@id\":\"https:\/\/web.umons.ac.be\/eshs\/fr\/journee-decouverte-des-sciences-humaines-et-sociales-retour-sur-ledition-2026\/\"},\"author\":{\"name\":\"L\u00e9a Saintghislain\",\"@id\":\"https:\/\/web.umons.ac.be\/eshs\/#\/schema\/person\/a2e7829f82d5f2e86b736a8a05b1dcde\"},\"headline\":\"Journ\u00e9e D\u00e9couverte des Sciences Humaines et Sociales : retour sur l\u2019\u00e9dition 2026\",\"datePublished\":\"2026-03-28T18:55:47+00:00\",\"dateModified\":\"2026-03-29T09:18:55+00:00\",\"mainEntityOfPage\":{\"@id\":\"https:\/\/web.umons.ac.be\/eshs\/fr\/journee-decouverte-des-sciences-humaines-et-sociales-retour-sur-ledition-2026\/\"},\"wordCount\":333,\"image\":{\"@id\":\"https:\/\/web.umons.ac.be\/eshs\/fr\/journee-decouverte-des-sciences-humaines-et-sociales-retour-sur-ledition-2026\/#primaryimage\"},\"thumbnailUrl\":\"https:\/\/web.umons.ac.be\/app\/uploads\/sites\/8\/2026\/03\/656419321_1526118012849813_3211083700588070053_n.jpg\",\"articleSection\":[\"Enseignement\"],\"inLanguage\":\"fr-FR\"},{\"@type\":\"WebPage\",\"@id\":\"https:\/\/web.umons.ac.be\/eshs\/fr\/journee-decouverte-des-sciences-humaines-et-sociales-retour-sur-ledition-2026\/\",\"url\":\"https:\/\/web.umons.ac.be\/eshs\/fr\/journee-decouverte-des-sciences-humaines-et-sociales-retour-sur-ledition-2026\/\",\"name\":\"Journ\u00e9e D\u00e9couverte des Sciences Humaines et Sociales : retour sur l\u2019\u00e9dition 2026 - Ecole \/ ESHS\",\"isPartOf\":{\"@id\":\"https:\/\/web.umons.ac.be\/eshs\/#website\"},\"primaryImageOfPage\":{\"@id\":\"https:\/\/web.umons.ac.be\/eshs\/fr\/journee-decouverte-des-sciences-humaines-et-sociales-retour-sur-ledition-2026\/#primaryimage\"},\"image\":{\"@id\":\"https:\/\/web.umons.ac.be\/eshs\/fr\/journee-decouverte-des-sciences-humaines-et-sociales-retour-sur-ledition-2026\/#primaryimage\"},\"thumbnailUrl\":\"https:\/\/web.umons.ac.be\/app\/uploads\/sites\/8\/2026\/03\/656419321_1526118012849813_3211083700588070053_n.jpg\",\"datePublished\":\"2026-03-28T18:55:47+00:00\",\"dateModified\":\"2026-03-29T09:18:55+00:00\",\"author\":{\"@id\":\"https:\/\/web.umons.ac.be\/eshs\/#\/schema\/person\/a2e7829f82d5f2e86b736a8a05b1dcde\"},\"breadcrumb\":{\"@id\":\"https:\/\/web.umons.ac.be\/eshs\/fr\/journee-decouverte-des-sciences-humaines-et-sociales-retour-sur-ledition-2026\/#breadcrumb\"},\"inLanguage\":\"fr-FR\",\"potentialAction\":[{\"@type\":\"ReadAction\",\"target\":[\"https:\/\/web.umons.ac.be\/eshs\/fr\/journee-decouverte-des-sciences-humaines-et-sociales-retour-sur-ledition-2026\/\"]}]},{\"@type\":\"ImageObject\",\"inLanguage\":\"fr-FR\",\"@id\":\"https:\/\/web.umons.ac.be\/eshs\/fr\/journee-decouverte-des-sciences-humaines-et-sociales-retour-sur-ledition-2026\/#primaryimage\",\"url\":\"https:\/\/web.umons.ac.be\/app\/uploads\/sites\/8\/2026\/03\/656419321_1526118012849813_3211083700588070053_n.jpg\",\"contentUrl\":\"https:\/\/web.umons.ac.be\/app\/uploads\/sites\/8\/2026\/03\/656419321_1526118012849813_3211083700588070053_n.jpg\",\"width\":1536,\"height\":2048},{\"@type\":\"BreadcrumbList\",\"@id\":\"https:\/\/web.umons.ac.be\/eshs\/fr\/journee-decouverte-des-sciences-humaines-et-sociales-retour-sur-ledition-2026\/#breadcrumb\",\"itemListElement\":[{\"@type\":\"ListItem\",\"position\":1,\"name\":\"Accueil\",\"item\":\"https:\/\/web.umons.ac.be\/eshs\/fr\/\"},{\"@type\":\"ListItem\",\"position\":2,\"name\":\"Journ\u00e9e D\u00e9couverte des Sciences Humaines et Sociales : retour sur l\u2019\u00e9dition 2026\"}]},{\"@type\":\"WebSite\",\"@id\":\"https:\/\/web.umons.ac.be\/eshs\/#website\",\"url\":\"https:\/\/web.umons.ac.be\/eshs\/\",\"name\":\"Ecole \/ ESHS\",\"description\":\"\",\"potentialAction\":[{\"@type\":\"SearchAction\",\"target\":{\"@type\":\"EntryPoint\",\"urlTemplate\":\"https:\/\/web.umons.ac.be\/eshs\/?s={search_term_string}\"},\"query-input\":{\"@type\":\"PropertyValueSpecification\",\"valueRequired\":true,\"valueName\":\"search_term_string\"}}],\"inLanguage\":\"fr-FR\"},{\"@type\":\"Person\",\"@id\":\"https:\/\/web.umons.ac.be\/eshs\/#\/schema\/person\/a2e7829f82d5f2e86b736a8a05b1dcde\",\"name\":\"L\u00e9a Saintghislain\",\"image\":{\"@type\":\"ImageObject\",\"inLanguage\":\"fr-FR\",\"@id\":\"https:\/\/secure.gravatar.com\/avatar\/bb5fde63361462e4e464331fc7c73b4a6f6cee93d69d52772a25b2050e9a9487?s=96&d=mm&r=g\",\"url\":\"https:\/\/secure.gravatar.com\/avatar\/bb5fde63361462e4e464331fc7c73b4a6f6cee93d69d52772a25b2050e9a9487?s=96&d=mm&r=g\",\"contentUrl\":\"https:\/\/secure.gravatar.com\/avatar\/bb5fde63361462e4e464331fc7c73b4a6f6cee93d69d52772a25b2050e9a9487?s=96&d=mm&r=g\",\"caption\":\"L\u00e9a Saintghislain\"},\"url\":\"https:\/\/web.umons.ac.be\/eshs\/author\/lsaintghislain\/\"}]}<\/script>\n<!-- \/ Yoast SEO plugin. -->","yoast_head_json":{"title":"Journ\u00e9e D\u00e9couverte des Sciences Humaines et Sociales : retour sur l\u2019\u00e9dition 2026 - Ecole \/ ESHS","robots":{"index":"index","follow":"follow","max-snippet":"max-snippet:-1","max-image-preview":"max-image-preview:large","max-video-preview":"max-video-preview:-1"},"canonical":"https:\/\/web.umons.ac.be\/eshs\/fr\/journee-decouverte-des-sciences-humaines-et-sociales-retour-sur-ledition-2026\/","og_locale":"fr_FR","og_type":"article","og_title":"Journ\u00e9e D\u00e9couverte des Sciences Humaines et Sociales : retour sur l\u2019\u00e9dition 2026 - Ecole \/ ESHS","og_description":"Le 26 mars, l\u2019\u00c9cole des Sciences Humaines et Sociales a eu le plaisir d\u2019accueillir pr\u00e8s de 120 \u00e9l\u00e8ves de rh\u00e9to, venus d\u2019\u00e9coles secondaires de la r\u00e9gion, pour d\u00e9couvrir les Sciences Humaines et Sociales (SHS). Une journ\u00e9e rythm\u00e9e, riche en \u00e9changes et en cr\u00e9ativit\u00e9, pour permettre aux \u00e9l\u00e8ves de mieux se projeter dans des \u00e9tudes universitaires.","og_url":"https:\/\/web.umons.ac.be\/eshs\/fr\/journee-decouverte-des-sciences-humaines-et-sociales-retour-sur-ledition-2026\/","og_site_name":"Ecole \/ ESHS","article_published_time":"2026-03-28T18:55:47+00:00","article_modified_time":"2026-03-29T09:18:55+00:00","og_image":[{"width":1536,"height":2048,"url":"https:\/\/web.umons.ac.be\/app\/uploads\/sites\/8\/2026\/03\/656419321_1526118012849813_3211083700588070053_n.jpg","type":"image\/jpeg"}],"author":"L\u00e9a Saintghislain","twitter_card":"summary_large_image","twitter_misc":{"\u00c9crit par":"L\u00e9a Saintghislain","Dur\u00e9e de lecture estim\u00e9e":"2 minutes"},"schema":{"@context":"https:\/\/schema.org","@graph":[{"@type":"Article","@id":"https:\/\/web.umons.ac.be\/eshs\/fr\/journee-decouverte-des-sciences-humaines-et-sociales-retour-sur-ledition-2026\/#article","isPartOf":{"@id":"https:\/\/web.umons.ac.be\/eshs\/fr\/journee-decouverte-des-sciences-humaines-et-sociales-retour-sur-ledition-2026\/"},"author":{"name":"L\u00e9a Saintghislain","@id":"https:\/\/web.umons.ac.be\/eshs\/#\/schema\/person\/a2e7829f82d5f2e86b736a8a05b1dcde"},"headline":"Journ\u00e9e D\u00e9couverte des Sciences Humaines et Sociales : retour sur l\u2019\u00e9dition 2026","datePublished":"2026-03-28T18:55:47+00:00","dateModified":"2026-03-29T09:18:55+00:00","mainEntityOfPage":{"@id":"https:\/\/web.umons.ac.be\/eshs\/fr\/journee-decouverte-des-sciences-humaines-et-sociales-retour-sur-ledition-2026\/"},"wordCount":333,"image":{"@id":"https:\/\/web.umons.ac.be\/eshs\/fr\/journee-decouverte-des-sciences-humaines-et-sociales-retour-sur-ledition-2026\/#primaryimage"},"thumbnailUrl":"https:\/\/web.umons.ac.be\/app\/uploads\/sites\/8\/2026\/03\/656419321_1526118012849813_3211083700588070053_n.jpg","articleSection":["Enseignement"],"inLanguage":"fr-FR"},{"@type":"WebPage","@id":"https:\/\/web.umons.ac.be\/eshs\/fr\/journee-decouverte-des-sciences-humaines-et-sociales-retour-sur-ledition-2026\/","url":"https:\/\/web.umons.ac.be\/eshs\/fr\/journee-decouverte-des-sciences-humaines-et-sociales-retour-sur-ledition-2026\/","name":"Journ\u00e9e D\u00e9couverte des Sciences Humaines et Sociales : retour sur l\u2019\u00e9dition 2026 - Ecole \/ ESHS","isPartOf":{"@id":"https:\/\/web.umons.ac.be\/eshs\/#website"},"primaryImageOfPage":{"@id":"https:\/\/web.umons.ac.be\/eshs\/fr\/journee-decouverte-des-sciences-humaines-et-sociales-retour-sur-ledition-2026\/#primaryimage"},"image":{"@id":"https:\/\/web.umons.ac.be\/eshs\/fr\/journee-decouverte-des-sciences-humaines-et-sociales-retour-sur-ledition-2026\/#primaryimage"},"thumbnailUrl":"https:\/\/web.umons.ac.be\/app\/uploads\/sites\/8\/2026\/03\/656419321_1526118012849813_3211083700588070053_n.jpg","datePublished":"2026-03-28T18:55:47+00:00","dateModified":"2026-03-29T09:18:55+00:00","author":{"@id":"https:\/\/web.umons.ac.be\/eshs\/#\/schema\/person\/a2e7829f82d5f2e86b736a8a05b1dcde"},"breadcrumb":{"@id":"https:\/\/web.umons.ac.be\/eshs\/fr\/journee-decouverte-des-sciences-humaines-et-sociales-retour-sur-ledition-2026\/#breadcrumb"},"inLanguage":"fr-FR","potentialAction":[{"@type":"ReadAction","target":["https:\/\/web.umons.ac.be\/eshs\/fr\/journee-decouverte-des-sciences-humaines-et-sociales-retour-sur-ledition-2026\/"]}]},{"@type":"ImageObject","inLanguage":"fr-FR","@id":"https:\/\/web.umons.ac.be\/eshs\/fr\/journee-decouverte-des-sciences-humaines-et-sociales-retour-sur-ledition-2026\/#primaryimage","url":"https:\/\/web.umons.ac.be\/app\/uploads\/sites\/8\/2026\/03\/656419321_1526118012849813_3211083700588070053_n.jpg","contentUrl":"https:\/\/web.umons.ac.be\/app\/uploads\/sites\/8\/2026\/03\/656419321_1526118012849813_3211083700588070053_n.jpg","width":1536,"height":2048},{"@type":"BreadcrumbList","@id":"https:\/\/web.umons.ac.be\/eshs\/fr\/journee-decouverte-des-sciences-humaines-et-sociales-retour-sur-ledition-2026\/#breadcrumb","itemListElement":[{"@type":"ListItem","position":1,"name":"Accueil","item":"https:\/\/web.umons.ac.be\/eshs\/fr\/"},{"@type":"ListItem","position":2,"name":"Journ\u00e9e D\u00e9couverte des Sciences Humaines et Sociales : retour sur l\u2019\u00e9dition 2026"}]},{"@type":"WebSite","@id":"https:\/\/web.umons.ac.be\/eshs\/#website","url":"https:\/\/web.umons.ac.be\/eshs\/","name":"Ecole \/ ESHS","description":"","potentialAction":[{"@type":"SearchAction","target":{"@type":"EntryPoint","urlTemplate":"https:\/\/web.umons.ac.be\/eshs\/?s={search_term_string}"},"query-input":{"@type":"PropertyValueSpecification","valueRequired":true,"valueName":"search_term_string"}}],"inLanguage":"fr-FR"},{"@type":"Person","@id":"https:\/\/web.umons.ac.be\/eshs\/#\/schema\/person\/a2e7829f82d5f2e86b736a8a05b1dcde","name":"L\u00e9a Saintghislain","image":{"@type":"ImageObject","inLanguage":"fr-FR","@id":"https:\/\/secure.gravatar.com\/avatar\/bb5fde63361462e4e464331fc7c73b4a6f6cee93d69d52772a25b2050e9a9487?s=96&d=mm&r=g","url":"https:\/\/secure.gravatar.com\/avatar\/bb5fde63361462e4e464331fc7c73b4a6f6cee93d69d52772a25b2050e9a9487?s=96&d=mm&r=g","contentUrl":"https:\/\/secure.gravatar.com\/avatar\/bb5fde63361462e4e464331fc7c73b4a6f6cee93d69d52772a25b2050e9a9487?s=96&d=mm&r=g","caption":"L\u00e9a Saintghislain"},"url":"https:\/\/web.umons.ac.be\/eshs\/author\/lsaintghislain\/"}]}},"lang":"fr","translations":{"fr":2282},"pll_sync_post":[],"_links":{"self":[{"href":"https:\/\/web.umons.ac.be\/eshs\/wp-json\/wp\/v2\/posts\/2282","targetHints":{"allow":["GET"]}}],"collection":[{"href":"https:\/\/web.umons.ac.be\/eshs\/wp-json\/wp\/v2\/posts"}],"about":[{"href":"https:\/\/web.umons.ac.be\/eshs\/wp-json\/wp\/v2\/types\/post"}],"author":[{"embeddable":true,"href":"https:\/\/web.umons.ac.be\/eshs\/wp-json\/wp\/v2\/users\/305"}],"replies":[{"embeddable":true,"href":"https:\/\/web.umons.ac.be\/eshs\/wp-json\/wp\/v2\/comments?post=2282"}],"version-history":[{"count":3,"href":"https:\/\/web.umons.ac.be\/eshs\/wp-json\/wp\/v2\/posts\/2282\/revisions"}],"predecessor-version":[{"id":2313,"href":"https:\/\/web.umons.ac.be\/eshs\/wp-json\/wp\/v2\/posts\/2282\/revisions\/2313"}],"wp:featuredmedia":[{"embeddable":true,"href":"https:\/\/web.umons.ac.be\/eshs\/wp-json\/wp\/v2\/media\/2291"}],"wp:attachment":[{"href":"https:\/\/web.umons.ac.be\/eshs\/wp-json\/wp\/v2\/media?parent=2282"}],"wp:term":[{"taxonomy":"category","embeddable":true,"href":"https:\/\/web.umons.ac.be\/eshs\/wp-json\/wp\/v2\/categories?post=2282"},{"taxonomy":"post_tag","embeddable":true,"href":"https:\/\/web.umons.ac.be\/eshs\/wp-json\/wp\/v2\/tags?post=2282"}],"curies":[{"name":"wp","href":"https:\/\/api.w.org\/{rel}","templated":true}]}}