{"id":796,"date":"2021-09-03T16:20:25","date_gmt":"2021-09-03T14:20:25","guid":{"rendered":"https:\/\/web.umons.ac.be\/eshs\/?p=796"},"modified":"2021-09-03T16:21:50","modified_gmt":"2021-09-03T14:21:50","slug":"proclamation-du-q3-diffusee-en-direct-sur-youtube-le-8-septembre","status":"publish","type":"post","link":"https:\/\/web.umons.ac.be\/eshs\/fr\/proclamation-du-q3-diffusee-en-direct-sur-youtube-le-8-septembre\/","title":{"rendered":"Proclamation du Q3 diffus\u00e9e en direct sur Youtube le 8 septembre"},"content":{"rendered":"<p>La pand\u00e9mie de COVID-19 et les mesures de distanciation qui en ont d\u00e9coul\u00e9 n\u2019auront pas permis \u00e0 l\u2019UMONS d\u2019organiser ses s\u00e9ances de proclamation traditionnelles, en public et dans ses amphith\u00e9\u00e2tres.<\/p>\n<p>Afin de pouvoir maintenir ce moment important dans la vie universitaire de nos \u00e9tudiants, l\u2019UMONS et le MUMONS s\u2019associent afin de leur offrir une proclamation diffus\u00e9e EN DIRECT sur Youtube le mercredi 8 septembre, \u00e0 17h00.<\/p>\n<p><strong>Vous souhaitez c\u00e9l\u00e9brer nos dipl\u00f4m\u00e9s avec nous ? Rejoignez-nous sur Youtube !<\/strong><br \/>\n\u25b6\ufe0f <a href=\"https:\/\/youtu.be\/2rbWrQnrB10\">https:\/\/youtu.be\/2rbWrQnrB10<\/a><\/p>\n<p>Au-del\u00e0 des proclamations, il vous sera possible d\u2019entendre les discours des Doyens\/Pr\u00e9sidents ainsi que celui du Recteur de l\u2019UMONS. Vous aurez \u00e9galement l\u2019occasion d\u2019entendre le t\u00e9moignage de nos \u00e9tudiants.<\/p>\n<p>Ce 8 septembre 2021, ce sont les \u00e9tudiants du Bachelier en Sciences humaines et sociales et du Master en Transitions et Innovations sociales que nous verrons dipl\u00f4m\u00e9s.<\/p>\n","protected":false},"excerpt":{"rendered":"<p>La pand\u00e9mie de COVID-19 et les mesures de distanciation qui en ont d\u00e9coul\u00e9 n\u2019auront pas permis \u00e0 l\u2019UMONS d\u2019organiser ses s\u00e9ances de proclamation traditionnelles, en public et dans ses amphith\u00e9\u00e2tres. Afin de pouvoir maintenir ce moment important dans la vie universitaire de nos \u00e9tudiants, l\u2019UMONS et le MUMONS s\u2019associent afin de leur offrir une proclamation [&hellip;]<\/p>\n","protected":false},"author":43,"featured_media":798,"comment_status":"open","ping_status":"open","sticky":false,"template":"","format":"standard","meta":{"footnotes":""},"categories":[84],"tags":[],"class_list":["post-796","post","type-post","status-publish","format-standard","has-post-thumbnail","hentry","category-prix-bourses-et-distinctions"],"yoast_head":"<!-- This site is optimized with the Yoast SEO plugin v27.2 - https:\/\/yoast.com\/product\/yoast-seo-wordpress\/ -->\n<title>Proclamation du Q3 diffus\u00e9e en direct sur Youtube le 8 septembre - Ecole \/ ESHS<\/title>\n<meta name=\"robots\" content=\"index, follow, max-snippet:-1, max-image-preview:large, max-video-preview:-1\" \/>\n<link rel=\"canonical\" href=\"https:\/\/web.umons.ac.be\/eshs\/fr\/proclamation-du-q3-diffusee-en-direct-sur-youtube-le-8-septembre\/\" \/>\n<meta property=\"og:locale\" content=\"fr_FR\" \/>\n<meta property=\"og:type\" content=\"article\" \/>\n<meta property=\"og:title\" content=\"Proclamation du Q3 diffus\u00e9e en direct sur Youtube le 8 septembre - Ecole \/ ESHS\" \/>\n<meta property=\"og:description\" content=\"La pand\u00e9mie de COVID-19 et les mesures de distanciation qui en ont d\u00e9coul\u00e9 n\u2019auront pas permis \u00e0 l\u2019UMONS d\u2019organiser ses s\u00e9ances de proclamation traditionnelles, en public et dans ses amphith\u00e9\u00e2tres. Afin de pouvoir maintenir ce moment important dans la vie universitaire de nos \u00e9tudiants, l\u2019UMONS et le MUMONS s\u2019associent afin de leur offrir une proclamation [&hellip;]\" \/>\n<meta property=\"og:url\" content=\"https:\/\/web.umons.ac.be\/eshs\/fr\/proclamation-du-q3-diffusee-en-direct-sur-youtube-le-8-septembre\/\" \/>\n<meta property=\"og:site_name\" content=\"Ecole \/ ESHS\" \/>\n<meta property=\"article:published_time\" content=\"2021-09-03T14:20:25+00:00\" \/>\n<meta property=\"article:modified_time\" content=\"2021-09-03T14:21:50+00:00\" \/>\n<meta property=\"og:image\" content=\"https:\/\/web.umons.ac.be\/app\/uploads\/sites\/8\/2021\/09\/2021-1.png\" \/>\n\t<meta property=\"og:image:width\" content=\"1654\" \/>\n\t<meta property=\"og:image:height\" content=\"1654\" \/>\n\t<meta property=\"og:image:type\" content=\"image\/png\" \/>\n<meta name=\"author\" content=\"Am\u00e9lie Honorez\" \/>\n<meta name=\"twitter:card\" content=\"summary_large_image\" \/>\n<meta name=\"twitter:label1\" content=\"\u00c9crit par\" \/>\n\t<meta name=\"twitter:data1\" content=\"Am\u00e9lie Honorez\" \/>\n\t<meta name=\"twitter:label2\" content=\"Dur\u00e9e de lecture estim\u00e9e\" \/>\n\t<meta name=\"twitter:data2\" content=\"1 minute\" \/>\n<script type=\"application\/ld+json\" class=\"yoast-schema-graph\">{\"@context\":\"https:\/\/schema.org\",\"@graph\":[{\"@type\":\"Article\",\"@id\":\"https:\/\/web.umons.ac.be\/eshs\/fr\/proclamation-du-q3-diffusee-en-direct-sur-youtube-le-8-septembre\/#article\",\"isPartOf\":{\"@id\":\"https:\/\/web.umons.ac.be\/eshs\/fr\/proclamation-du-q3-diffusee-en-direct-sur-youtube-le-8-septembre\/\"},\"author\":{\"name\":\"Am\u00e9lie Honorez\",\"@id\":\"https:\/\/web.umons.ac.be\/eshs\/#\/schema\/person\/2c3bab41553e42e9be46ff25322acaa4\"},\"headline\":\"Proclamation du Q3 diffus\u00e9e en direct sur Youtube le 8 septembre\",\"datePublished\":\"2021-09-03T14:20:25+00:00\",\"dateModified\":\"2021-09-03T14:21:50+00:00\",\"mainEntityOfPage\":{\"@id\":\"https:\/\/web.umons.ac.be\/eshs\/fr\/proclamation-du-q3-diffusee-en-direct-sur-youtube-le-8-septembre\/\"},\"wordCount\":167,\"commentCount\":0,\"image\":{\"@id\":\"https:\/\/web.umons.ac.be\/eshs\/fr\/proclamation-du-q3-diffusee-en-direct-sur-youtube-le-8-septembre\/#primaryimage\"},\"thumbnailUrl\":\"https:\/\/web.umons.ac.be\/app\/uploads\/sites\/8\/2021\/09\/2021-1.png\",\"articleSection\":[\"Prix, bourses et distinctions\"],\"inLanguage\":\"fr-FR\",\"potentialAction\":[{\"@type\":\"CommentAction\",\"name\":\"Comment\",\"target\":[\"https:\/\/web.umons.ac.be\/eshs\/fr\/proclamation-du-q3-diffusee-en-direct-sur-youtube-le-8-septembre\/#respond\"]}]},{\"@type\":\"WebPage\",\"@id\":\"https:\/\/web.umons.ac.be\/eshs\/fr\/proclamation-du-q3-diffusee-en-direct-sur-youtube-le-8-septembre\/\",\"url\":\"https:\/\/web.umons.ac.be\/eshs\/fr\/proclamation-du-q3-diffusee-en-direct-sur-youtube-le-8-septembre\/\",\"name\":\"Proclamation du Q3 diffus\u00e9e en direct sur Youtube le 8 septembre - Ecole \/ ESHS\",\"isPartOf\":{\"@id\":\"https:\/\/web.umons.ac.be\/eshs\/#website\"},\"primaryImageOfPage\":{\"@id\":\"https:\/\/web.umons.ac.be\/eshs\/fr\/proclamation-du-q3-diffusee-en-direct-sur-youtube-le-8-septembre\/#primaryimage\"},\"image\":{\"@id\":\"https:\/\/web.umons.ac.be\/eshs\/fr\/proclamation-du-q3-diffusee-en-direct-sur-youtube-le-8-septembre\/#primaryimage\"},\"thumbnailUrl\":\"https:\/\/web.umons.ac.be\/app\/uploads\/sites\/8\/2021\/09\/2021-1.png\",\"datePublished\":\"2021-09-03T14:20:25+00:00\",\"dateModified\":\"2021-09-03T14:21:50+00:00\",\"author\":{\"@id\":\"https:\/\/web.umons.ac.be\/eshs\/#\/schema\/person\/2c3bab41553e42e9be46ff25322acaa4\"},\"breadcrumb\":{\"@id\":\"https:\/\/web.umons.ac.be\/eshs\/fr\/proclamation-du-q3-diffusee-en-direct-sur-youtube-le-8-septembre\/#breadcrumb\"},\"inLanguage\":\"fr-FR\",\"potentialAction\":[{\"@type\":\"ReadAction\",\"target\":[\"https:\/\/web.umons.ac.be\/eshs\/fr\/proclamation-du-q3-diffusee-en-direct-sur-youtube-le-8-septembre\/\"]}]},{\"@type\":\"ImageObject\",\"inLanguage\":\"fr-FR\",\"@id\":\"https:\/\/web.umons.ac.be\/eshs\/fr\/proclamation-du-q3-diffusee-en-direct-sur-youtube-le-8-septembre\/#primaryimage\",\"url\":\"https:\/\/web.umons.ac.be\/app\/uploads\/sites\/8\/2021\/09\/2021-1.png\",\"contentUrl\":\"https:\/\/web.umons.ac.be\/app\/uploads\/sites\/8\/2021\/09\/2021-1.png\",\"width\":1654,\"height\":1654},{\"@type\":\"BreadcrumbList\",\"@id\":\"https:\/\/web.umons.ac.be\/eshs\/fr\/proclamation-du-q3-diffusee-en-direct-sur-youtube-le-8-septembre\/#breadcrumb\",\"itemListElement\":[{\"@type\":\"ListItem\",\"position\":1,\"name\":\"Accueil\",\"item\":\"https:\/\/web.umons.ac.be\/eshs\/fr\/\"},{\"@type\":\"ListItem\",\"position\":2,\"name\":\"Proclamation du Q3 diffus\u00e9e en direct sur Youtube le 8 septembre\"}]},{\"@type\":\"WebSite\",\"@id\":\"https:\/\/web.umons.ac.be\/eshs\/#website\",\"url\":\"https:\/\/web.umons.ac.be\/eshs\/\",\"name\":\"Ecole \/ ESHS\",\"description\":\"\",\"potentialAction\":[{\"@type\":\"SearchAction\",\"target\":{\"@type\":\"EntryPoint\",\"urlTemplate\":\"https:\/\/web.umons.ac.be\/eshs\/?s={search_term_string}\"},\"query-input\":{\"@type\":\"PropertyValueSpecification\",\"valueRequired\":true,\"valueName\":\"search_term_string\"}}],\"inLanguage\":\"fr-FR\"},{\"@type\":\"Person\",\"@id\":\"https:\/\/web.umons.ac.be\/eshs\/#\/schema\/person\/2c3bab41553e42e9be46ff25322acaa4\",\"name\":\"Am\u00e9lie Honorez\",\"image\":{\"@type\":\"ImageObject\",\"inLanguage\":\"fr-FR\",\"@id\":\"https:\/\/secure.gravatar.com\/avatar\/9c59f6e370e37a7f8cdf1962f6c0fc524d2e502d704933818079b1dfbae61d43?s=96&d=mm&r=g\",\"url\":\"https:\/\/secure.gravatar.com\/avatar\/9c59f6e370e37a7f8cdf1962f6c0fc524d2e502d704933818079b1dfbae61d43?s=96&d=mm&r=g\",\"contentUrl\":\"https:\/\/secure.gravatar.com\/avatar\/9c59f6e370e37a7f8cdf1962f6c0fc524d2e502d704933818079b1dfbae61d43?s=96&d=mm&r=g\",\"caption\":\"Am\u00e9lie Honorez\"},\"url\":\"https:\/\/web.umons.ac.be\/eshs\/author\/ahonorez\/\"}]}<\/script>\n<!-- \/ Yoast SEO plugin. -->","yoast_head_json":{"title":"Proclamation du Q3 diffus\u00e9e en direct sur Youtube le 8 septembre - Ecole \/ ESHS","robots":{"index":"index","follow":"follow","max-snippet":"max-snippet:-1","max-image-preview":"max-image-preview:large","max-video-preview":"max-video-preview:-1"},"canonical":"https:\/\/web.umons.ac.be\/eshs\/fr\/proclamation-du-q3-diffusee-en-direct-sur-youtube-le-8-septembre\/","og_locale":"fr_FR","og_type":"article","og_title":"Proclamation du Q3 diffus\u00e9e en direct sur Youtube le 8 septembre - Ecole \/ ESHS","og_description":"La pand\u00e9mie de COVID-19 et les mesures de distanciation qui en ont d\u00e9coul\u00e9 n\u2019auront pas permis \u00e0 l\u2019UMONS d\u2019organiser ses s\u00e9ances de proclamation traditionnelles, en public et dans ses amphith\u00e9\u00e2tres. Afin de pouvoir maintenir ce moment important dans la vie universitaire de nos \u00e9tudiants, l\u2019UMONS et le MUMONS s\u2019associent afin de leur offrir une proclamation [&hellip;]","og_url":"https:\/\/web.umons.ac.be\/eshs\/fr\/proclamation-du-q3-diffusee-en-direct-sur-youtube-le-8-septembre\/","og_site_name":"Ecole \/ ESHS","article_published_time":"2021-09-03T14:20:25+00:00","article_modified_time":"2021-09-03T14:21:50+00:00","og_image":[{"width":1654,"height":1654,"url":"https:\/\/web.umons.ac.be\/app\/uploads\/sites\/8\/2021\/09\/2021-1.png","type":"image\/png"}],"author":"Am\u00e9lie Honorez","twitter_card":"summary_large_image","twitter_misc":{"\u00c9crit par":"Am\u00e9lie Honorez","Dur\u00e9e de lecture estim\u00e9e":"1 minute"},"schema":{"@context":"https:\/\/schema.org","@graph":[{"@type":"Article","@id":"https:\/\/web.umons.ac.be\/eshs\/fr\/proclamation-du-q3-diffusee-en-direct-sur-youtube-le-8-septembre\/#article","isPartOf":{"@id":"https:\/\/web.umons.ac.be\/eshs\/fr\/proclamation-du-q3-diffusee-en-direct-sur-youtube-le-8-septembre\/"},"author":{"name":"Am\u00e9lie Honorez","@id":"https:\/\/web.umons.ac.be\/eshs\/#\/schema\/person\/2c3bab41553e42e9be46ff25322acaa4"},"headline":"Proclamation du Q3 diffus\u00e9e en direct sur Youtube le 8 septembre","datePublished":"2021-09-03T14:20:25+00:00","dateModified":"2021-09-03T14:21:50+00:00","mainEntityOfPage":{"@id":"https:\/\/web.umons.ac.be\/eshs\/fr\/proclamation-du-q3-diffusee-en-direct-sur-youtube-le-8-septembre\/"},"wordCount":167,"commentCount":0,"image":{"@id":"https:\/\/web.umons.ac.be\/eshs\/fr\/proclamation-du-q3-diffusee-en-direct-sur-youtube-le-8-septembre\/#primaryimage"},"thumbnailUrl":"https:\/\/web.umons.ac.be\/app\/uploads\/sites\/8\/2021\/09\/2021-1.png","articleSection":["Prix, bourses et distinctions"],"inLanguage":"fr-FR","potentialAction":[{"@type":"CommentAction","name":"Comment","target":["https:\/\/web.umons.ac.be\/eshs\/fr\/proclamation-du-q3-diffusee-en-direct-sur-youtube-le-8-septembre\/#respond"]}]},{"@type":"WebPage","@id":"https:\/\/web.umons.ac.be\/eshs\/fr\/proclamation-du-q3-diffusee-en-direct-sur-youtube-le-8-septembre\/","url":"https:\/\/web.umons.ac.be\/eshs\/fr\/proclamation-du-q3-diffusee-en-direct-sur-youtube-le-8-septembre\/","name":"Proclamation du Q3 diffus\u00e9e en direct sur Youtube le 8 septembre - Ecole \/ ESHS","isPartOf":{"@id":"https:\/\/web.umons.ac.be\/eshs\/#website"},"primaryImageOfPage":{"@id":"https:\/\/web.umons.ac.be\/eshs\/fr\/proclamation-du-q3-diffusee-en-direct-sur-youtube-le-8-septembre\/#primaryimage"},"image":{"@id":"https:\/\/web.umons.ac.be\/eshs\/fr\/proclamation-du-q3-diffusee-en-direct-sur-youtube-le-8-septembre\/#primaryimage"},"thumbnailUrl":"https:\/\/web.umons.ac.be\/app\/uploads\/sites\/8\/2021\/09\/2021-1.png","datePublished":"2021-09-03T14:20:25+00:00","dateModified":"2021-09-03T14:21:50+00:00","author":{"@id":"https:\/\/web.umons.ac.be\/eshs\/#\/schema\/person\/2c3bab41553e42e9be46ff25322acaa4"},"breadcrumb":{"@id":"https:\/\/web.umons.ac.be\/eshs\/fr\/proclamation-du-q3-diffusee-en-direct-sur-youtube-le-8-septembre\/#breadcrumb"},"inLanguage":"fr-FR","potentialAction":[{"@type":"ReadAction","target":["https:\/\/web.umons.ac.be\/eshs\/fr\/proclamation-du-q3-diffusee-en-direct-sur-youtube-le-8-septembre\/"]}]},{"@type":"ImageObject","inLanguage":"fr-FR","@id":"https:\/\/web.umons.ac.be\/eshs\/fr\/proclamation-du-q3-diffusee-en-direct-sur-youtube-le-8-septembre\/#primaryimage","url":"https:\/\/web.umons.ac.be\/app\/uploads\/sites\/8\/2021\/09\/2021-1.png","contentUrl":"https:\/\/web.umons.ac.be\/app\/uploads\/sites\/8\/2021\/09\/2021-1.png","width":1654,"height":1654},{"@type":"BreadcrumbList","@id":"https:\/\/web.umons.ac.be\/eshs\/fr\/proclamation-du-q3-diffusee-en-direct-sur-youtube-le-8-septembre\/#breadcrumb","itemListElement":[{"@type":"ListItem","position":1,"name":"Accueil","item":"https:\/\/web.umons.ac.be\/eshs\/fr\/"},{"@type":"ListItem","position":2,"name":"Proclamation du Q3 diffus\u00e9e en direct sur Youtube le 8 septembre"}]},{"@type":"WebSite","@id":"https:\/\/web.umons.ac.be\/eshs\/#website","url":"https:\/\/web.umons.ac.be\/eshs\/","name":"Ecole \/ ESHS","description":"","potentialAction":[{"@type":"SearchAction","target":{"@type":"EntryPoint","urlTemplate":"https:\/\/web.umons.ac.be\/eshs\/?s={search_term_string}"},"query-input":{"@type":"PropertyValueSpecification","valueRequired":true,"valueName":"search_term_string"}}],"inLanguage":"fr-FR"},{"@type":"Person","@id":"https:\/\/web.umons.ac.be\/eshs\/#\/schema\/person\/2c3bab41553e42e9be46ff25322acaa4","name":"Am\u00e9lie Honorez","image":{"@type":"ImageObject","inLanguage":"fr-FR","@id":"https:\/\/secure.gravatar.com\/avatar\/9c59f6e370e37a7f8cdf1962f6c0fc524d2e502d704933818079b1dfbae61d43?s=96&d=mm&r=g","url":"https:\/\/secure.gravatar.com\/avatar\/9c59f6e370e37a7f8cdf1962f6c0fc524d2e502d704933818079b1dfbae61d43?s=96&d=mm&r=g","contentUrl":"https:\/\/secure.gravatar.com\/avatar\/9c59f6e370e37a7f8cdf1962f6c0fc524d2e502d704933818079b1dfbae61d43?s=96&d=mm&r=g","caption":"Am\u00e9lie Honorez"},"url":"https:\/\/web.umons.ac.be\/eshs\/author\/ahonorez\/"}]}},"lang":"fr","translations":{"fr":796},"pll_sync_post":[],"_links":{"self":[{"href":"https:\/\/web.umons.ac.be\/eshs\/wp-json\/wp\/v2\/posts\/796","targetHints":{"allow":["GET"]}}],"collection":[{"href":"https:\/\/web.umons.ac.be\/eshs\/wp-json\/wp\/v2\/posts"}],"about":[{"href":"https:\/\/web.umons.ac.be\/eshs\/wp-json\/wp\/v2\/types\/post"}],"author":[{"embeddable":true,"href":"https:\/\/web.umons.ac.be\/eshs\/wp-json\/wp\/v2\/users\/43"}],"replies":[{"embeddable":true,"href":"https:\/\/web.umons.ac.be\/eshs\/wp-json\/wp\/v2\/comments?post=796"}],"version-history":[{"count":1,"href":"https:\/\/web.umons.ac.be\/eshs\/wp-json\/wp\/v2\/posts\/796\/revisions"}],"predecessor-version":[{"id":799,"href":"https:\/\/web.umons.ac.be\/eshs\/wp-json\/wp\/v2\/posts\/796\/revisions\/799"}],"wp:featuredmedia":[{"embeddable":true,"href":"https:\/\/web.umons.ac.be\/eshs\/wp-json\/wp\/v2\/media\/798"}],"wp:attachment":[{"href":"https:\/\/web.umons.ac.be\/eshs\/wp-json\/wp\/v2\/media?parent=796"}],"wp:term":[{"taxonomy":"category","embeddable":true,"href":"https:\/\/web.umons.ac.be\/eshs\/wp-json\/wp\/v2\/categories?post=796"},{"taxonomy":"post_tag","embeddable":true,"href":"https:\/\/web.umons.ac.be\/eshs\/wp-json\/wp\/v2\/tags?post=796"}],"curies":[{"name":"wp","href":"https:\/\/api.w.org\/{rel}","templated":true}]}}