{"id":800,"date":"2021-10-15T10:17:35","date_gmt":"2021-10-15T08:17:35","guid":{"rendered":"https:\/\/web.umons.ac.be\/eshs\/?p=800"},"modified":"2023-08-24T15:11:19","modified_gmt":"2023-08-24T13:11:19","slug":"francoise-verges-recoit-les-insignes-docteur-honoris-causa-pour-leshs","status":"publish","type":"post","link":"https:\/\/web.umons.ac.be\/eshs\/fr\/francoise-verges-recoit-les-insignes-docteur-honoris-causa-pour-leshs\/","title":{"rendered":"Fran\u00e7oise Verg\u00e8s re\u00e7oit les insignes Docteur Honoris Causa pour l&rsquo;\u00c9cole des Sciences humaines et sociales"},"content":{"rendered":"<p>Le titre de Docteur Honoris Causa est, dans la communaut\u00e9 universitaire, la plus haute distinction permettant d\u2019honorer une personnalit\u00e9 de tout premier plan en reconnaissance des services rendus \u00e0 la Soci\u00e9t\u00e9 ou au d\u00e9veloppement de la Science.<\/p>\n<p>Cette ann\u00e9e, l\u2019UMONS a remis les insignes de Docteur Honoris Causa aux r\u00e9cipiendaires s\u00e9lectionn\u00e9s par ses 9 Facult\u00e9s et \u00c9coles lors d&rsquo;une c\u00e9r\u00e9monie qui s&rsquo;est tenue en pr\u00e9sentiel, \u00e0 l&rsquo;amphith\u00e9\u00e2tre Sti\u00e9venart. Sur les 9 r\u00e9cipiendaires, 7 \u00e9taient pr\u00e9sents pour recevoir en mains propres leur m\u00e9daille grav\u00e9e et \u00eatre habill\u00e9(s) de leur traditionnelle \u00e9pitoge pour saluer le public pr\u00e9sent.<\/p>\n<h5><strong>Pour l\u2019\u00c9cole des Sciences Humaines et Sociales (ESHS) \u2013 Mme Fran\u00e7oise VERG\u00c8S<\/strong><\/h5>\n<p><img loading=\"lazy\" decoding=\"async\" class=\"wp-image-805 aligncenter\" src=\"https:\/\/web.umons.ac.be\/app\/uploads\/sites\/8\/2021\/10\/Franc\u0327oise-Verge\u0300s-Docteur-Honoris-Causa-UMONS-ESHS-300x200.jpeg\" alt=\"\" width=\"491\" height=\"328\" srcset=\"https:\/\/web.umons.ac.be\/app\/uploads\/sites\/8\/2021\/10\/Franc\u0327oise-Verge\u0300s-Docteur-Honoris-Causa-UMONS-ESHS-300x200.jpeg 300w, https:\/\/web.umons.ac.be\/app\/uploads\/sites\/8\/2021\/10\/Franc\u0327oise-Verge\u0300s-Docteur-Honoris-Causa-UMONS-ESHS-30x20.jpeg 30w, https:\/\/web.umons.ac.be\/app\/uploads\/sites\/8\/2021\/10\/Franc\u0327oise-Verge\u0300s-Docteur-Honoris-Causa-UMONS-ESHS-60x40.jpeg 60w, https:\/\/web.umons.ac.be\/app\/uploads\/sites\/8\/2021\/10\/Franc\u0327oise-Verge\u0300s-Docteur-Honoris-Causa-UMONS-ESHS-360x240.jpeg 360w, https:\/\/web.umons.ac.be\/app\/uploads\/sites\/8\/2021\/10\/Franc\u0327oise-Verge\u0300s-Docteur-Honoris-Causa-UMONS-ESHS.jpeg 768w\" sizes=\"auto, (max-width: 491px) 100vw, 491px\" \/><\/p>\n<p>Politologue de formation, chercheuse au d\u00e9partement politique du Center for Cultural Studies du Goldsmiths College \u00e0 l\u2019Universit\u00e9 de Londres et sp\u00e9cialiste des probl\u00e9matiques de l\u2019esclavage colonial et des ph\u00e9nom\u00e8nes de cr\u00e9olisation, Fran\u00e7oise Verg\u00e8s inscrit ses recherches dans une perspective d\u00e9coloniale et post-coloniale clairement affirm\u00e9e mais \u00e9galement au niveau de l\u2019\u00e9co-f\u00e9minisme ainsi que de la m\u00e9moire et de l\u2019histoire coloniale.<\/p>\n<p>Son dernier livre, <a href=\"https:\/\/lafabrique.fr\/une-theorie-feministe-de-la-violence\/\"><em><span style=\"font-family: helvetica, arial, sans-serif; font-size: 10pt;\">Une th\u00e9orie f\u00e9ministe de la violence.\u00a0 Pour une politique antiraciste de la protection<\/span><\/em><\/a><span style=\"font-family: helvetica, arial, sans-serif; font-size: 10pt;\">, est paru le 6 novembre 2020 chez La Fabrique \u00e9ditions.<\/span><\/p>\n<p>Lors de la c\u00e9r\u00e9monie, elle \u00e9tait accompagn\u00e9e de son parrain, <strong>Aymar Nyenyezi Bisoka.<\/strong><\/p>\n<p><strong>Pour revivre la c\u00e9r\u00e9monie de remise des dipl\u00f4mes et insignes Docteur Honoris Causa de l&rsquo;UMONS, cliquez sur ce lien vid\u00e9o : <a href=\"https:\/\/youtu.be\/PU3sSzNvVtY\">https:\/\/youtu.be\/PU3sSzNvVtY<\/a><\/strong><\/p>\n","protected":false},"excerpt":{"rendered":"<p>Ce vendredi 1er octobre 2021, l\u2019UMONS a organis\u00e9 sa s\u00e9ance solennelle de c\u00e9r\u00e9monie de rentr\u00e9e \u00e0 l&rsquo;auditoire Sti\u00e9venart, l\u2019occasion de remettre le Dipl\u00f4me et les insignes de Docteur Honoris Causa \u00e0 9 personnalit\u00e9s, dont Madame Fran\u00e7oise Verg\u00e8s.<\/p>\n","protected":false},"author":43,"featured_media":805,"comment_status":"open","ping_status":"open","sticky":false,"template":"","format":"standard","meta":{"footnotes":""},"categories":[82,84],"tags":[],"class_list":["post-800","post","type-post","status-publish","format-standard","has-post-thumbnail","hentry","category-prix","category-prix-bourses-et-distinctions"],"yoast_head":"<!-- This site is optimized with the Yoast SEO plugin v27.2 - https:\/\/yoast.com\/product\/yoast-seo-wordpress\/ -->\n<title>Fran\u00e7oise Verg\u00e8s re\u00e7oit les insignes Docteur Honoris Causa pour l&#039;\u00c9cole des Sciences humaines et sociales - Ecole \/ ESHS<\/title>\n<meta name=\"description\" content=\"Fran\u00e7oise Verg\u00e8s, Docteur Honoris Causa. Revoir la c\u00e9r\u00e9monie de remise des insignes Docteur Honoris Causa en vid\u00e9o.\" \/>\n<meta name=\"robots\" content=\"index, follow, max-snippet:-1, max-image-preview:large, max-video-preview:-1\" \/>\n<link rel=\"canonical\" href=\"https:\/\/web.umons.ac.be\/eshs\/fr\/francoise-verges-recoit-les-insignes-docteur-honoris-causa-pour-leshs\/\" \/>\n<meta property=\"og:locale\" content=\"fr_FR\" \/>\n<meta property=\"og:type\" content=\"article\" \/>\n<meta property=\"og:title\" content=\"Fran\u00e7oise Verg\u00e8s re\u00e7oit les insignes Docteur Honoris Causa pour l&#039;\u00c9cole des Sciences humaines et sociales - Ecole \/ ESHS\" \/>\n<meta property=\"og:description\" content=\"Fran\u00e7oise Verg\u00e8s, Docteur Honoris Causa. Revoir la c\u00e9r\u00e9monie de remise des insignes Docteur Honoris Causa en vid\u00e9o.\" \/>\n<meta property=\"og:url\" content=\"https:\/\/web.umons.ac.be\/eshs\/fr\/francoise-verges-recoit-les-insignes-docteur-honoris-causa-pour-leshs\/\" \/>\n<meta property=\"og:site_name\" content=\"Ecole \/ ESHS\" \/>\n<meta property=\"article:published_time\" content=\"2021-10-15T08:17:35+00:00\" \/>\n<meta property=\"article:modified_time\" content=\"2023-08-24T13:11:19+00:00\" \/>\n<meta property=\"og:image\" content=\"https:\/\/web.umons.ac.be\/app\/uploads\/sites\/8\/2021\/10\/Franc\u0327oise-Verge\u0300s-Docteur-Honoris-Causa-UMONS-ESHS.jpeg\" \/>\n\t<meta property=\"og:image:width\" content=\"768\" \/>\n\t<meta property=\"og:image:height\" content=\"511\" \/>\n\t<meta property=\"og:image:type\" content=\"image\/jpeg\" \/>\n<meta name=\"author\" content=\"Am\u00e9lie Honorez\" \/>\n<meta name=\"twitter:card\" content=\"summary_large_image\" \/>\n<meta name=\"twitter:label1\" content=\"\u00c9crit par\" \/>\n\t<meta name=\"twitter:data1\" content=\"Am\u00e9lie Honorez\" \/>\n\t<meta name=\"twitter:label2\" content=\"Dur\u00e9e de lecture estim\u00e9e\" \/>\n\t<meta name=\"twitter:data2\" content=\"2 minutes\" \/>\n<script type=\"application\/ld+json\" class=\"yoast-schema-graph\">{\"@context\":\"https:\/\/schema.org\",\"@graph\":[{\"@type\":\"Article\",\"@id\":\"https:\/\/web.umons.ac.be\/eshs\/fr\/francoise-verges-recoit-les-insignes-docteur-honoris-causa-pour-leshs\/#article\",\"isPartOf\":{\"@id\":\"https:\/\/web.umons.ac.be\/eshs\/fr\/francoise-verges-recoit-les-insignes-docteur-honoris-causa-pour-leshs\/\"},\"author\":{\"name\":\"Am\u00e9lie Honorez\",\"@id\":\"https:\/\/web.umons.ac.be\/eshs\/#\/schema\/person\/2c3bab41553e42e9be46ff25322acaa4\"},\"headline\":\"Fran\u00e7oise Verg\u00e8s re\u00e7oit les insignes Docteur Honoris Causa pour l&rsquo;\u00c9cole des Sciences humaines et sociales\",\"datePublished\":\"2021-10-15T08:17:35+00:00\",\"dateModified\":\"2023-08-24T13:11:19+00:00\",\"mainEntityOfPage\":{\"@id\":\"https:\/\/web.umons.ac.be\/eshs\/fr\/francoise-verges-recoit-les-insignes-docteur-honoris-causa-pour-leshs\/\"},\"wordCount\":292,\"commentCount\":0,\"image\":{\"@id\":\"https:\/\/web.umons.ac.be\/eshs\/fr\/francoise-verges-recoit-les-insignes-docteur-honoris-causa-pour-leshs\/#primaryimage\"},\"thumbnailUrl\":\"https:\/\/web.umons.ac.be\/app\/uploads\/sites\/8\/2021\/10\/Franc\u0327oise-Verge\u0300s-Docteur-Honoris-Causa-UMONS-ESHS.jpeg\",\"articleSection\":[\"Prix\",\"Prix, bourses et distinctions\"],\"inLanguage\":\"fr-FR\",\"potentialAction\":[{\"@type\":\"CommentAction\",\"name\":\"Comment\",\"target\":[\"https:\/\/web.umons.ac.be\/eshs\/fr\/francoise-verges-recoit-les-insignes-docteur-honoris-causa-pour-leshs\/#respond\"]}]},{\"@type\":\"WebPage\",\"@id\":\"https:\/\/web.umons.ac.be\/eshs\/fr\/francoise-verges-recoit-les-insignes-docteur-honoris-causa-pour-leshs\/\",\"url\":\"https:\/\/web.umons.ac.be\/eshs\/fr\/francoise-verges-recoit-les-insignes-docteur-honoris-causa-pour-leshs\/\",\"name\":\"Fran\u00e7oise Verg\u00e8s re\u00e7oit les insignes Docteur Honoris Causa pour l'\u00c9cole des Sciences humaines et sociales - Ecole \/ ESHS\",\"isPartOf\":{\"@id\":\"https:\/\/web.umons.ac.be\/eshs\/#website\"},\"primaryImageOfPage\":{\"@id\":\"https:\/\/web.umons.ac.be\/eshs\/fr\/francoise-verges-recoit-les-insignes-docteur-honoris-causa-pour-leshs\/#primaryimage\"},\"image\":{\"@id\":\"https:\/\/web.umons.ac.be\/eshs\/fr\/francoise-verges-recoit-les-insignes-docteur-honoris-causa-pour-leshs\/#primaryimage\"},\"thumbnailUrl\":\"https:\/\/web.umons.ac.be\/app\/uploads\/sites\/8\/2021\/10\/Franc\u0327oise-Verge\u0300s-Docteur-Honoris-Causa-UMONS-ESHS.jpeg\",\"datePublished\":\"2021-10-15T08:17:35+00:00\",\"dateModified\":\"2023-08-24T13:11:19+00:00\",\"author\":{\"@id\":\"https:\/\/web.umons.ac.be\/eshs\/#\/schema\/person\/2c3bab41553e42e9be46ff25322acaa4\"},\"description\":\"Fran\u00e7oise Verg\u00e8s, Docteur Honoris Causa. Revoir la c\u00e9r\u00e9monie de remise des insignes Docteur Honoris Causa en vid\u00e9o.\",\"breadcrumb\":{\"@id\":\"https:\/\/web.umons.ac.be\/eshs\/fr\/francoise-verges-recoit-les-insignes-docteur-honoris-causa-pour-leshs\/#breadcrumb\"},\"inLanguage\":\"fr-FR\",\"potentialAction\":[{\"@type\":\"ReadAction\",\"target\":[\"https:\/\/web.umons.ac.be\/eshs\/fr\/francoise-verges-recoit-les-insignes-docteur-honoris-causa-pour-leshs\/\"]}]},{\"@type\":\"ImageObject\",\"inLanguage\":\"fr-FR\",\"@id\":\"https:\/\/web.umons.ac.be\/eshs\/fr\/francoise-verges-recoit-les-insignes-docteur-honoris-causa-pour-leshs\/#primaryimage\",\"url\":\"https:\/\/web.umons.ac.be\/app\/uploads\/sites\/8\/2021\/10\/Franc\u0327oise-Verge\u0300s-Docteur-Honoris-Causa-UMONS-ESHS.jpeg\",\"contentUrl\":\"https:\/\/web.umons.ac.be\/app\/uploads\/sites\/8\/2021\/10\/Franc\u0327oise-Verge\u0300s-Docteur-Honoris-Causa-UMONS-ESHS.jpeg\",\"width\":768,\"height\":511},{\"@type\":\"BreadcrumbList\",\"@id\":\"https:\/\/web.umons.ac.be\/eshs\/fr\/francoise-verges-recoit-les-insignes-docteur-honoris-causa-pour-leshs\/#breadcrumb\",\"itemListElement\":[{\"@type\":\"ListItem\",\"position\":1,\"name\":\"Accueil\",\"item\":\"https:\/\/web.umons.ac.be\/eshs\/fr\/\"},{\"@type\":\"ListItem\",\"position\":2,\"name\":\"Fran\u00e7oise Verg\u00e8s re\u00e7oit les insignes Docteur Honoris Causa pour l&rsquo;\u00c9cole des Sciences humaines et sociales\"}]},{\"@type\":\"WebSite\",\"@id\":\"https:\/\/web.umons.ac.be\/eshs\/#website\",\"url\":\"https:\/\/web.umons.ac.be\/eshs\/\",\"name\":\"Ecole \/ ESHS\",\"description\":\"\",\"potentialAction\":[{\"@type\":\"SearchAction\",\"target\":{\"@type\":\"EntryPoint\",\"urlTemplate\":\"https:\/\/web.umons.ac.be\/eshs\/?s={search_term_string}\"},\"query-input\":{\"@type\":\"PropertyValueSpecification\",\"valueRequired\":true,\"valueName\":\"search_term_string\"}}],\"inLanguage\":\"fr-FR\"},{\"@type\":\"Person\",\"@id\":\"https:\/\/web.umons.ac.be\/eshs\/#\/schema\/person\/2c3bab41553e42e9be46ff25322acaa4\",\"name\":\"Am\u00e9lie Honorez\",\"image\":{\"@type\":\"ImageObject\",\"inLanguage\":\"fr-FR\",\"@id\":\"https:\/\/secure.gravatar.com\/avatar\/9c59f6e370e37a7f8cdf1962f6c0fc524d2e502d704933818079b1dfbae61d43?s=96&d=mm&r=g\",\"url\":\"https:\/\/secure.gravatar.com\/avatar\/9c59f6e370e37a7f8cdf1962f6c0fc524d2e502d704933818079b1dfbae61d43?s=96&d=mm&r=g\",\"contentUrl\":\"https:\/\/secure.gravatar.com\/avatar\/9c59f6e370e37a7f8cdf1962f6c0fc524d2e502d704933818079b1dfbae61d43?s=96&d=mm&r=g\",\"caption\":\"Am\u00e9lie Honorez\"},\"url\":\"https:\/\/web.umons.ac.be\/eshs\/author\/ahonorez\/\"}]}<\/script>\n<!-- \/ Yoast SEO plugin. -->","yoast_head_json":{"title":"Fran\u00e7oise Verg\u00e8s re\u00e7oit les insignes Docteur Honoris Causa pour l'\u00c9cole des Sciences humaines et sociales - Ecole \/ ESHS","description":"Fran\u00e7oise Verg\u00e8s, Docteur Honoris Causa. Revoir la c\u00e9r\u00e9monie de remise des insignes Docteur Honoris Causa en vid\u00e9o.","robots":{"index":"index","follow":"follow","max-snippet":"max-snippet:-1","max-image-preview":"max-image-preview:large","max-video-preview":"max-video-preview:-1"},"canonical":"https:\/\/web.umons.ac.be\/eshs\/fr\/francoise-verges-recoit-les-insignes-docteur-honoris-causa-pour-leshs\/","og_locale":"fr_FR","og_type":"article","og_title":"Fran\u00e7oise Verg\u00e8s re\u00e7oit les insignes Docteur Honoris Causa pour l'\u00c9cole des Sciences humaines et sociales - Ecole \/ ESHS","og_description":"Fran\u00e7oise Verg\u00e8s, Docteur Honoris Causa. Revoir la c\u00e9r\u00e9monie de remise des insignes Docteur Honoris Causa en vid\u00e9o.","og_url":"https:\/\/web.umons.ac.be\/eshs\/fr\/francoise-verges-recoit-les-insignes-docteur-honoris-causa-pour-leshs\/","og_site_name":"Ecole \/ ESHS","article_published_time":"2021-10-15T08:17:35+00:00","article_modified_time":"2023-08-24T13:11:19+00:00","og_image":[{"width":768,"height":511,"url":"https:\/\/web.umons.ac.be\/app\/uploads\/sites\/8\/2021\/10\/Franc\u0327oise-Verge\u0300s-Docteur-Honoris-Causa-UMONS-ESHS.jpeg","type":"image\/jpeg"}],"author":"Am\u00e9lie Honorez","twitter_card":"summary_large_image","twitter_misc":{"\u00c9crit par":"Am\u00e9lie Honorez","Dur\u00e9e de lecture estim\u00e9e":"2 minutes"},"schema":{"@context":"https:\/\/schema.org","@graph":[{"@type":"Article","@id":"https:\/\/web.umons.ac.be\/eshs\/fr\/francoise-verges-recoit-les-insignes-docteur-honoris-causa-pour-leshs\/#article","isPartOf":{"@id":"https:\/\/web.umons.ac.be\/eshs\/fr\/francoise-verges-recoit-les-insignes-docteur-honoris-causa-pour-leshs\/"},"author":{"name":"Am\u00e9lie Honorez","@id":"https:\/\/web.umons.ac.be\/eshs\/#\/schema\/person\/2c3bab41553e42e9be46ff25322acaa4"},"headline":"Fran\u00e7oise Verg\u00e8s re\u00e7oit les insignes Docteur Honoris Causa pour l&rsquo;\u00c9cole des Sciences humaines et sociales","datePublished":"2021-10-15T08:17:35+00:00","dateModified":"2023-08-24T13:11:19+00:00","mainEntityOfPage":{"@id":"https:\/\/web.umons.ac.be\/eshs\/fr\/francoise-verges-recoit-les-insignes-docteur-honoris-causa-pour-leshs\/"},"wordCount":292,"commentCount":0,"image":{"@id":"https:\/\/web.umons.ac.be\/eshs\/fr\/francoise-verges-recoit-les-insignes-docteur-honoris-causa-pour-leshs\/#primaryimage"},"thumbnailUrl":"https:\/\/web.umons.ac.be\/app\/uploads\/sites\/8\/2021\/10\/Franc\u0327oise-Verge\u0300s-Docteur-Honoris-Causa-UMONS-ESHS.jpeg","articleSection":["Prix","Prix, bourses et distinctions"],"inLanguage":"fr-FR","potentialAction":[{"@type":"CommentAction","name":"Comment","target":["https:\/\/web.umons.ac.be\/eshs\/fr\/francoise-verges-recoit-les-insignes-docteur-honoris-causa-pour-leshs\/#respond"]}]},{"@type":"WebPage","@id":"https:\/\/web.umons.ac.be\/eshs\/fr\/francoise-verges-recoit-les-insignes-docteur-honoris-causa-pour-leshs\/","url":"https:\/\/web.umons.ac.be\/eshs\/fr\/francoise-verges-recoit-les-insignes-docteur-honoris-causa-pour-leshs\/","name":"Fran\u00e7oise Verg\u00e8s re\u00e7oit les insignes Docteur Honoris Causa pour l'\u00c9cole des Sciences humaines et sociales - Ecole \/ ESHS","isPartOf":{"@id":"https:\/\/web.umons.ac.be\/eshs\/#website"},"primaryImageOfPage":{"@id":"https:\/\/web.umons.ac.be\/eshs\/fr\/francoise-verges-recoit-les-insignes-docteur-honoris-causa-pour-leshs\/#primaryimage"},"image":{"@id":"https:\/\/web.umons.ac.be\/eshs\/fr\/francoise-verges-recoit-les-insignes-docteur-honoris-causa-pour-leshs\/#primaryimage"},"thumbnailUrl":"https:\/\/web.umons.ac.be\/app\/uploads\/sites\/8\/2021\/10\/Franc\u0327oise-Verge\u0300s-Docteur-Honoris-Causa-UMONS-ESHS.jpeg","datePublished":"2021-10-15T08:17:35+00:00","dateModified":"2023-08-24T13:11:19+00:00","author":{"@id":"https:\/\/web.umons.ac.be\/eshs\/#\/schema\/person\/2c3bab41553e42e9be46ff25322acaa4"},"description":"Fran\u00e7oise Verg\u00e8s, Docteur Honoris Causa. Revoir la c\u00e9r\u00e9monie de remise des insignes Docteur Honoris Causa en vid\u00e9o.","breadcrumb":{"@id":"https:\/\/web.umons.ac.be\/eshs\/fr\/francoise-verges-recoit-les-insignes-docteur-honoris-causa-pour-leshs\/#breadcrumb"},"inLanguage":"fr-FR","potentialAction":[{"@type":"ReadAction","target":["https:\/\/web.umons.ac.be\/eshs\/fr\/francoise-verges-recoit-les-insignes-docteur-honoris-causa-pour-leshs\/"]}]},{"@type":"ImageObject","inLanguage":"fr-FR","@id":"https:\/\/web.umons.ac.be\/eshs\/fr\/francoise-verges-recoit-les-insignes-docteur-honoris-causa-pour-leshs\/#primaryimage","url":"https:\/\/web.umons.ac.be\/app\/uploads\/sites\/8\/2021\/10\/Franc\u0327oise-Verge\u0300s-Docteur-Honoris-Causa-UMONS-ESHS.jpeg","contentUrl":"https:\/\/web.umons.ac.be\/app\/uploads\/sites\/8\/2021\/10\/Franc\u0327oise-Verge\u0300s-Docteur-Honoris-Causa-UMONS-ESHS.jpeg","width":768,"height":511},{"@type":"BreadcrumbList","@id":"https:\/\/web.umons.ac.be\/eshs\/fr\/francoise-verges-recoit-les-insignes-docteur-honoris-causa-pour-leshs\/#breadcrumb","itemListElement":[{"@type":"ListItem","position":1,"name":"Accueil","item":"https:\/\/web.umons.ac.be\/eshs\/fr\/"},{"@type":"ListItem","position":2,"name":"Fran\u00e7oise Verg\u00e8s re\u00e7oit les insignes Docteur Honoris Causa pour l&rsquo;\u00c9cole des Sciences humaines et sociales"}]},{"@type":"WebSite","@id":"https:\/\/web.umons.ac.be\/eshs\/#website","url":"https:\/\/web.umons.ac.be\/eshs\/","name":"Ecole \/ ESHS","description":"","potentialAction":[{"@type":"SearchAction","target":{"@type":"EntryPoint","urlTemplate":"https:\/\/web.umons.ac.be\/eshs\/?s={search_term_string}"},"query-input":{"@type":"PropertyValueSpecification","valueRequired":true,"valueName":"search_term_string"}}],"inLanguage":"fr-FR"},{"@type":"Person","@id":"https:\/\/web.umons.ac.be\/eshs\/#\/schema\/person\/2c3bab41553e42e9be46ff25322acaa4","name":"Am\u00e9lie Honorez","image":{"@type":"ImageObject","inLanguage":"fr-FR","@id":"https:\/\/secure.gravatar.com\/avatar\/9c59f6e370e37a7f8cdf1962f6c0fc524d2e502d704933818079b1dfbae61d43?s=96&d=mm&r=g","url":"https:\/\/secure.gravatar.com\/avatar\/9c59f6e370e37a7f8cdf1962f6c0fc524d2e502d704933818079b1dfbae61d43?s=96&d=mm&r=g","contentUrl":"https:\/\/secure.gravatar.com\/avatar\/9c59f6e370e37a7f8cdf1962f6c0fc524d2e502d704933818079b1dfbae61d43?s=96&d=mm&r=g","caption":"Am\u00e9lie Honorez"},"url":"https:\/\/web.umons.ac.be\/eshs\/author\/ahonorez\/"}]}},"lang":"fr","translations":{"fr":800},"pll_sync_post":[],"_links":{"self":[{"href":"https:\/\/web.umons.ac.be\/eshs\/wp-json\/wp\/v2\/posts\/800","targetHints":{"allow":["GET"]}}],"collection":[{"href":"https:\/\/web.umons.ac.be\/eshs\/wp-json\/wp\/v2\/posts"}],"about":[{"href":"https:\/\/web.umons.ac.be\/eshs\/wp-json\/wp\/v2\/types\/post"}],"author":[{"embeddable":true,"href":"https:\/\/web.umons.ac.be\/eshs\/wp-json\/wp\/v2\/users\/43"}],"replies":[{"embeddable":true,"href":"https:\/\/web.umons.ac.be\/eshs\/wp-json\/wp\/v2\/comments?post=800"}],"version-history":[{"count":3,"href":"https:\/\/web.umons.ac.be\/eshs\/wp-json\/wp\/v2\/posts\/800\/revisions"}],"predecessor-version":[{"id":1216,"href":"https:\/\/web.umons.ac.be\/eshs\/wp-json\/wp\/v2\/posts\/800\/revisions\/1216"}],"wp:featuredmedia":[{"embeddable":true,"href":"https:\/\/web.umons.ac.be\/eshs\/wp-json\/wp\/v2\/media\/805"}],"wp:attachment":[{"href":"https:\/\/web.umons.ac.be\/eshs\/wp-json\/wp\/v2\/media?parent=800"}],"wp:term":[{"taxonomy":"category","embeddable":true,"href":"https:\/\/web.umons.ac.be\/eshs\/wp-json\/wp\/v2\/categories?post=800"},{"taxonomy":"post_tag","embeddable":true,"href":"https:\/\/web.umons.ac.be\/eshs\/wp-json\/wp\/v2\/tags?post=800"}],"curies":[{"name":"wp","href":"https:\/\/api.w.org\/{rel}","templated":true}]}}