{"id":830,"date":"2021-11-02T11:21:47","date_gmt":"2021-11-02T10:21:47","guid":{"rendered":"https:\/\/web.umons.ac.be\/eshs\/?p=830"},"modified":"2021-11-02T11:21:47","modified_gmt":"2021-11-02T10:21:47","slug":"projection-de-resistantes-en-presence-du-realisateur","status":"publish","type":"post","link":"https:\/\/web.umons.ac.be\/eshs\/fr\/projection-de-resistantes-en-presence-du-realisateur\/","title":{"rendered":"Projection de R\u00e9sistantes en pr\u00e9sence du r\u00e9alisateur"},"content":{"rendered":"<div>Alternant t\u00e9moignages et reconstitutions, ce <b>long-m\u00e9trage 100% montois <\/b>met en lumi\u00e8re le r\u00f4le important tenu par des femmes dans les r\u00e9seaux de la r\u00e9sistance dans la r\u00e9gion de Mons-Borinage durant la 2\u00e8me guerre mondiale. Et c&rsquo;est la crise sanitaire qui a permis au projet de voir le jour !<\/div>\n<blockquote>\n<div><i>On devait organiser le bal de la Lib\u00e9ration en 2020. On \u00e9tait d\u00e9j\u00e0 bien avanc\u00e9 dans les pr\u00e9paratifs. Avec le covid, nous avons d\u00fb tout annuler. Nous avons alors pens\u00e9 \u00e0 r\u00e9aliser un bal film\u00e9 que l&rsquo;on diffuserait ensuite sur les r\u00e9seaux sociaux. Finalement, nous avons d\u00e9cid\u00e9 de ne pas nous limiter \u00e0 cela.<\/i><\/div>\n<\/blockquote>\n<div>Corentin Rousman.<\/div>\n<div><\/div>\n<h4>Projection le lundi 8 novembre 2021 \u00e0 17 heures \u00e0 l&rsquo;amphith\u00e9\u00e2tre Van Gogh<\/h4>\n<p class=\"o9v6fnle cxmmr5t8 oygrvhab hcukyx3x c1et5uql\">La diffusion sera suivie d&rsquo;une s\u00e9ance de questions-r\u00e9ponses en pr\u00e9sence de Claire Martinus, charg\u00e9e de cours \u00e0 l&rsquo;ESHS, Corentin Rousman (commissaire d&rsquo;exposition au Mons Memorial Museum) et Mehdi Semoulin (r\u00e9alisateur).<\/p>\n<div><\/div>\n<p class=\"o9v6fnle cxmmr5t8 oygrvhab hcukyx3x c1et5uql\">Cette diffusion est propos\u00e9e dans le cadre du cours de 1\u00e8re ann\u00e9e du Bachelier en Sciences humaines et sociales : initiation \u00e0 la recherche en sciences sociales.<\/p>\n<div><\/div>\n<p>La s\u00e9ance est ouverte \u00e0 tous les \u00e9tudiants d\u00e9sireux d&rsquo;y assister, ainsi qu&rsquo;aux membres du personnel de l&rsquo;UMONS. <strong>En raisons des r\u00e8glementations sanitaires en vigueur, l&rsquo;inscription est vivement recommand\u00e9e.<\/strong><\/p>\n<p><span style=\"color: #333333\">\u2022 Entr\u00e9e gratuite<\/span><\/p>\n<p><span style=\"color: #333333\">\u2022 L&rsquo;organisateur se r\u00e9serve le droit de demander le Covid Safe Ticket en fonction de l&rsquo;\u00e9volution des r\u00e8glementations sanitaires en vigueur le 8 novembre et du nombre de participants.<\/span><\/p>\n<ul>\n<li><strong><a href=\"https:\/\/forms.office.com\/Pages\/ResponsePage.aspx?id=ne2LSKfW1Ui6H-vsOCOzVxwR2rZkPupMvfO8czgtsLRURUFEQ1QxOTJWQzkxVUdSRFRJNU9aRkU3Ti4u&amp;fbclid=IwAR1xfT6ZHiNxshxp1o5Jd90R0wZZakxTsomu14FbyuLcWDyelskSCx1omZ4\">Je souhaite m&rsquo;inscrire \u00e0 la diffusion du documentaire R\u00e9sistantes, le lundi 8 novembre 2021<\/a><\/strong><\/li>\n<\/ul>\n<p>&nbsp;<\/p>\n<p class=\"o9v6fnle cxmmr5t8 oygrvhab hcukyx3x c1et5uql\">Ce\u00a0film\u00a0est une production in\u00e9dite de la Ville de Mons et du Mons Memorial Museum, r\u00e9alis\u00e9 par Magicowl (Mehdi Semoulin).<\/p>\n<ul>\n<li>Retrouvez \u00e9galement toutes les informations sur <a href=\"https:\/\/fb.me\/e\/135sdkpcO\">notre \u00e9v\u00e9nement Facebook<\/a>.<\/li>\n<li><a href=\"https:\/\/www.telemb.be\/article\/resistantes-autour-du-film-une-emission-exceptionnelle-decouvrir-le-vendredi-1er-octobre\">D\u00e9couvrir un extrait du documentaire gr\u00e2ce \u00e0 T\u00e9l\u00e9MB<\/a><\/li>\n<li><a href=\"https:\/\/www.dhnet.be\/regions\/mons\/un-documentaire-sur-les-resistantes-de-la-region-projete-en-primeur-au-festival-de-mons-60ec3f4c9978e26ce12861a4?fbclid=IwAR0eXakyXQWm_FVENwNMezy3iRzMCSa6wCVDv3ENHmsOjH_9j6kCNZ_LVo0\">En d\u00e9couvrir plus \u00e0 propos de R\u00e9sistantes dans la DH.<\/a><\/li>\n<li><a href=\"https:\/\/www.rtbf.be\/info\/regions\/detail_le-festival-du-film-de-mons-met-l-histoire-resistante-de-la-ville-a-l-honneur?id=10804282\">En savoir plus \u00e0 propos de R\u00e9sistantes gr\u00e2ce \u00e0 la RTBF.<\/a><\/li>\n<\/ul>\n","protected":false},"excerpt":{"rendered":"<p>L&rsquo;Ecole des Sciences humaines et sociales vous propose de d\u00e9couvrir \u00ab\u00a0R\u00e9sistantes\u00a0\u00bb. Un documentaire \u00e9mouvant et charg\u00e9 d\u2019histoire, qui vous invite \u00e0 suivre le destin de femmes r\u00e9sistantes de nos r\u00e9gions.<\/p>\n","protected":false},"author":43,"featured_media":829,"comment_status":"open","ping_status":"open","sticky":false,"template":"","format":"standard","meta":{"footnotes":""},"categories":[74,88],"tags":[],"class_list":["post-830","post","type-post","status-publish","format-standard","has-post-thumbnail","hentry","category-conferences-colloques","category-vie-culturelle-et-sportive"],"yoast_head":"<!-- This site is optimized with the Yoast SEO plugin v27.2 - https:\/\/yoast.com\/product\/yoast-seo-wordpress\/ -->\n<title>Projection de R\u00e9sistantes en pr\u00e9sence du r\u00e9alisateur - Ecole \/ ESHS<\/title>\n<meta name=\"description\" content=\"L&#039;Ecole des Sciences humaines et sociales vous propose de d\u00e9couvrir, gratuitement, le documentaire &quot;R\u00e9sistantes&quot;. 8 novembre 2021, 17h, UMONS\" \/>\n<meta name=\"robots\" content=\"index, follow, max-snippet:-1, max-image-preview:large, max-video-preview:-1\" \/>\n<link rel=\"canonical\" href=\"https:\/\/web.umons.ac.be\/eshs\/fr\/projection-de-resistantes-en-presence-du-realisateur\/\" \/>\n<meta property=\"og:locale\" content=\"fr_FR\" \/>\n<meta property=\"og:type\" content=\"article\" \/>\n<meta property=\"og:title\" content=\"Projection de R\u00e9sistantes en pr\u00e9sence du r\u00e9alisateur - Ecole \/ ESHS\" \/>\n<meta property=\"og:description\" content=\"L&#039;Ecole des Sciences humaines et sociales vous propose de d\u00e9couvrir, gratuitement, le documentaire &quot;R\u00e9sistantes&quot;. 8 novembre 2021, 17h, UMONS\" \/>\n<meta property=\"og:url\" content=\"https:\/\/web.umons.ac.be\/eshs\/fr\/projection-de-resistantes-en-presence-du-realisateur\/\" \/>\n<meta property=\"og:site_name\" content=\"Ecole \/ ESHS\" \/>\n<meta property=\"article:published_time\" content=\"2021-11-02T10:21:47+00:00\" \/>\n<meta property=\"og:image\" content=\"https:\/\/web.umons.ac.be\/app\/uploads\/sites\/8\/2021\/10\/Affiche-du-film-Re\u0301sistantes-de-Mehdi-Semoulin-scaled.jpeg\" \/>\n\t<meta property=\"og:image:width\" content=\"1886\" \/>\n\t<meta property=\"og:image:height\" content=\"2560\" \/>\n\t<meta property=\"og:image:type\" content=\"image\/jpeg\" \/>\n<meta name=\"author\" content=\"Am\u00e9lie Honorez\" \/>\n<meta name=\"twitter:card\" content=\"summary_large_image\" \/>\n<meta name=\"twitter:label1\" content=\"\u00c9crit par\" \/>\n\t<meta name=\"twitter:data1\" content=\"Am\u00e9lie Honorez\" \/>\n\t<meta name=\"twitter:label2\" content=\"Dur\u00e9e de lecture estim\u00e9e\" \/>\n\t<meta name=\"twitter:data2\" content=\"2 minutes\" \/>\n<script type=\"application\/ld+json\" class=\"yoast-schema-graph\">{\"@context\":\"https:\/\/schema.org\",\"@graph\":[{\"@type\":\"Article\",\"@id\":\"https:\/\/web.umons.ac.be\/eshs\/fr\/projection-de-resistantes-en-presence-du-realisateur\/#article\",\"isPartOf\":{\"@id\":\"https:\/\/web.umons.ac.be\/eshs\/fr\/projection-de-resistantes-en-presence-du-realisateur\/\"},\"author\":{\"name\":\"Am\u00e9lie Honorez\",\"@id\":\"https:\/\/web.umons.ac.be\/eshs\/#\/schema\/person\/2c3bab41553e42e9be46ff25322acaa4\"},\"headline\":\"Projection de R\u00e9sistantes en pr\u00e9sence du r\u00e9alisateur\",\"datePublished\":\"2021-11-02T10:21:47+00:00\",\"mainEntityOfPage\":{\"@id\":\"https:\/\/web.umons.ac.be\/eshs\/fr\/projection-de-resistantes-en-presence-du-realisateur\/\"},\"wordCount\":349,\"commentCount\":0,\"image\":{\"@id\":\"https:\/\/web.umons.ac.be\/eshs\/fr\/projection-de-resistantes-en-presence-du-realisateur\/#primaryimage\"},\"thumbnailUrl\":\"https:\/\/web.umons.ac.be\/app\/uploads\/sites\/8\/2021\/10\/Affiche-du-film-Re\u0301sistantes-de-Mehdi-Semoulin-scaled.jpeg\",\"articleSection\":[\"Conf\u00e9rences\/Colloques\",\"Vie culturelle et sportive\"],\"inLanguage\":\"fr-FR\",\"potentialAction\":[{\"@type\":\"CommentAction\",\"name\":\"Comment\",\"target\":[\"https:\/\/web.umons.ac.be\/eshs\/fr\/projection-de-resistantes-en-presence-du-realisateur\/#respond\"]}]},{\"@type\":\"WebPage\",\"@id\":\"https:\/\/web.umons.ac.be\/eshs\/fr\/projection-de-resistantes-en-presence-du-realisateur\/\",\"url\":\"https:\/\/web.umons.ac.be\/eshs\/fr\/projection-de-resistantes-en-presence-du-realisateur\/\",\"name\":\"Projection de R\u00e9sistantes en pr\u00e9sence du r\u00e9alisateur - Ecole \/ ESHS\",\"isPartOf\":{\"@id\":\"https:\/\/web.umons.ac.be\/eshs\/#website\"},\"primaryImageOfPage\":{\"@id\":\"https:\/\/web.umons.ac.be\/eshs\/fr\/projection-de-resistantes-en-presence-du-realisateur\/#primaryimage\"},\"image\":{\"@id\":\"https:\/\/web.umons.ac.be\/eshs\/fr\/projection-de-resistantes-en-presence-du-realisateur\/#primaryimage\"},\"thumbnailUrl\":\"https:\/\/web.umons.ac.be\/app\/uploads\/sites\/8\/2021\/10\/Affiche-du-film-Re\u0301sistantes-de-Mehdi-Semoulin-scaled.jpeg\",\"datePublished\":\"2021-11-02T10:21:47+00:00\",\"author\":{\"@id\":\"https:\/\/web.umons.ac.be\/eshs\/#\/schema\/person\/2c3bab41553e42e9be46ff25322acaa4\"},\"description\":\"L'Ecole des Sciences humaines et sociales vous propose de d\u00e9couvrir, gratuitement, le documentaire \\\"R\u00e9sistantes\\\". 8 novembre 2021, 17h, UMONS\",\"breadcrumb\":{\"@id\":\"https:\/\/web.umons.ac.be\/eshs\/fr\/projection-de-resistantes-en-presence-du-realisateur\/#breadcrumb\"},\"inLanguage\":\"fr-FR\",\"potentialAction\":[{\"@type\":\"ReadAction\",\"target\":[\"https:\/\/web.umons.ac.be\/eshs\/fr\/projection-de-resistantes-en-presence-du-realisateur\/\"]}]},{\"@type\":\"ImageObject\",\"inLanguage\":\"fr-FR\",\"@id\":\"https:\/\/web.umons.ac.be\/eshs\/fr\/projection-de-resistantes-en-presence-du-realisateur\/#primaryimage\",\"url\":\"https:\/\/web.umons.ac.be\/app\/uploads\/sites\/8\/2021\/10\/Affiche-du-film-Re\u0301sistantes-de-Mehdi-Semoulin-scaled.jpeg\",\"contentUrl\":\"https:\/\/web.umons.ac.be\/app\/uploads\/sites\/8\/2021\/10\/Affiche-du-film-Re\u0301sistantes-de-Mehdi-Semoulin-scaled.jpeg\",\"width\":1886,\"height\":2560},{\"@type\":\"BreadcrumbList\",\"@id\":\"https:\/\/web.umons.ac.be\/eshs\/fr\/projection-de-resistantes-en-presence-du-realisateur\/#breadcrumb\",\"itemListElement\":[{\"@type\":\"ListItem\",\"position\":1,\"name\":\"Accueil\",\"item\":\"https:\/\/web.umons.ac.be\/eshs\/fr\/\"},{\"@type\":\"ListItem\",\"position\":2,\"name\":\"Projection de R\u00e9sistantes en pr\u00e9sence du r\u00e9alisateur\"}]},{\"@type\":\"WebSite\",\"@id\":\"https:\/\/web.umons.ac.be\/eshs\/#website\",\"url\":\"https:\/\/web.umons.ac.be\/eshs\/\",\"name\":\"Ecole \/ ESHS\",\"description\":\"\",\"potentialAction\":[{\"@type\":\"SearchAction\",\"target\":{\"@type\":\"EntryPoint\",\"urlTemplate\":\"https:\/\/web.umons.ac.be\/eshs\/?s={search_term_string}\"},\"query-input\":{\"@type\":\"PropertyValueSpecification\",\"valueRequired\":true,\"valueName\":\"search_term_string\"}}],\"inLanguage\":\"fr-FR\"},{\"@type\":\"Person\",\"@id\":\"https:\/\/web.umons.ac.be\/eshs\/#\/schema\/person\/2c3bab41553e42e9be46ff25322acaa4\",\"name\":\"Am\u00e9lie Honorez\",\"image\":{\"@type\":\"ImageObject\",\"inLanguage\":\"fr-FR\",\"@id\":\"https:\/\/secure.gravatar.com\/avatar\/9c59f6e370e37a7f8cdf1962f6c0fc524d2e502d704933818079b1dfbae61d43?s=96&d=mm&r=g\",\"url\":\"https:\/\/secure.gravatar.com\/avatar\/9c59f6e370e37a7f8cdf1962f6c0fc524d2e502d704933818079b1dfbae61d43?s=96&d=mm&r=g\",\"contentUrl\":\"https:\/\/secure.gravatar.com\/avatar\/9c59f6e370e37a7f8cdf1962f6c0fc524d2e502d704933818079b1dfbae61d43?s=96&d=mm&r=g\",\"caption\":\"Am\u00e9lie Honorez\"},\"url\":\"https:\/\/web.umons.ac.be\/eshs\/author\/ahonorez\/\"}]}<\/script>\n<!-- \/ Yoast SEO plugin. -->","yoast_head_json":{"title":"Projection de R\u00e9sistantes en pr\u00e9sence du r\u00e9alisateur - Ecole \/ ESHS","description":"L'Ecole des Sciences humaines et sociales vous propose de d\u00e9couvrir, gratuitement, le documentaire \"R\u00e9sistantes\". 8 novembre 2021, 17h, UMONS","robots":{"index":"index","follow":"follow","max-snippet":"max-snippet:-1","max-image-preview":"max-image-preview:large","max-video-preview":"max-video-preview:-1"},"canonical":"https:\/\/web.umons.ac.be\/eshs\/fr\/projection-de-resistantes-en-presence-du-realisateur\/","og_locale":"fr_FR","og_type":"article","og_title":"Projection de R\u00e9sistantes en pr\u00e9sence du r\u00e9alisateur - Ecole \/ ESHS","og_description":"L'Ecole des Sciences humaines et sociales vous propose de d\u00e9couvrir, gratuitement, le documentaire \"R\u00e9sistantes\". 8 novembre 2021, 17h, UMONS","og_url":"https:\/\/web.umons.ac.be\/eshs\/fr\/projection-de-resistantes-en-presence-du-realisateur\/","og_site_name":"Ecole \/ ESHS","article_published_time":"2021-11-02T10:21:47+00:00","og_image":[{"width":1886,"height":2560,"url":"https:\/\/web.umons.ac.be\/app\/uploads\/sites\/8\/2021\/10\/Affiche-du-film-Re\u0301sistantes-de-Mehdi-Semoulin-scaled.jpeg","type":"image\/jpeg"}],"author":"Am\u00e9lie Honorez","twitter_card":"summary_large_image","twitter_misc":{"\u00c9crit par":"Am\u00e9lie Honorez","Dur\u00e9e de lecture estim\u00e9e":"2 minutes"},"schema":{"@context":"https:\/\/schema.org","@graph":[{"@type":"Article","@id":"https:\/\/web.umons.ac.be\/eshs\/fr\/projection-de-resistantes-en-presence-du-realisateur\/#article","isPartOf":{"@id":"https:\/\/web.umons.ac.be\/eshs\/fr\/projection-de-resistantes-en-presence-du-realisateur\/"},"author":{"name":"Am\u00e9lie Honorez","@id":"https:\/\/web.umons.ac.be\/eshs\/#\/schema\/person\/2c3bab41553e42e9be46ff25322acaa4"},"headline":"Projection de R\u00e9sistantes en pr\u00e9sence du r\u00e9alisateur","datePublished":"2021-11-02T10:21:47+00:00","mainEntityOfPage":{"@id":"https:\/\/web.umons.ac.be\/eshs\/fr\/projection-de-resistantes-en-presence-du-realisateur\/"},"wordCount":349,"commentCount":0,"image":{"@id":"https:\/\/web.umons.ac.be\/eshs\/fr\/projection-de-resistantes-en-presence-du-realisateur\/#primaryimage"},"thumbnailUrl":"https:\/\/web.umons.ac.be\/app\/uploads\/sites\/8\/2021\/10\/Affiche-du-film-Re\u0301sistantes-de-Mehdi-Semoulin-scaled.jpeg","articleSection":["Conf\u00e9rences\/Colloques","Vie culturelle et sportive"],"inLanguage":"fr-FR","potentialAction":[{"@type":"CommentAction","name":"Comment","target":["https:\/\/web.umons.ac.be\/eshs\/fr\/projection-de-resistantes-en-presence-du-realisateur\/#respond"]}]},{"@type":"WebPage","@id":"https:\/\/web.umons.ac.be\/eshs\/fr\/projection-de-resistantes-en-presence-du-realisateur\/","url":"https:\/\/web.umons.ac.be\/eshs\/fr\/projection-de-resistantes-en-presence-du-realisateur\/","name":"Projection de R\u00e9sistantes en pr\u00e9sence du r\u00e9alisateur - Ecole \/ ESHS","isPartOf":{"@id":"https:\/\/web.umons.ac.be\/eshs\/#website"},"primaryImageOfPage":{"@id":"https:\/\/web.umons.ac.be\/eshs\/fr\/projection-de-resistantes-en-presence-du-realisateur\/#primaryimage"},"image":{"@id":"https:\/\/web.umons.ac.be\/eshs\/fr\/projection-de-resistantes-en-presence-du-realisateur\/#primaryimage"},"thumbnailUrl":"https:\/\/web.umons.ac.be\/app\/uploads\/sites\/8\/2021\/10\/Affiche-du-film-Re\u0301sistantes-de-Mehdi-Semoulin-scaled.jpeg","datePublished":"2021-11-02T10:21:47+00:00","author":{"@id":"https:\/\/web.umons.ac.be\/eshs\/#\/schema\/person\/2c3bab41553e42e9be46ff25322acaa4"},"description":"L'Ecole des Sciences humaines et sociales vous propose de d\u00e9couvrir, gratuitement, le documentaire \"R\u00e9sistantes\". 8 novembre 2021, 17h, UMONS","breadcrumb":{"@id":"https:\/\/web.umons.ac.be\/eshs\/fr\/projection-de-resistantes-en-presence-du-realisateur\/#breadcrumb"},"inLanguage":"fr-FR","potentialAction":[{"@type":"ReadAction","target":["https:\/\/web.umons.ac.be\/eshs\/fr\/projection-de-resistantes-en-presence-du-realisateur\/"]}]},{"@type":"ImageObject","inLanguage":"fr-FR","@id":"https:\/\/web.umons.ac.be\/eshs\/fr\/projection-de-resistantes-en-presence-du-realisateur\/#primaryimage","url":"https:\/\/web.umons.ac.be\/app\/uploads\/sites\/8\/2021\/10\/Affiche-du-film-Re\u0301sistantes-de-Mehdi-Semoulin-scaled.jpeg","contentUrl":"https:\/\/web.umons.ac.be\/app\/uploads\/sites\/8\/2021\/10\/Affiche-du-film-Re\u0301sistantes-de-Mehdi-Semoulin-scaled.jpeg","width":1886,"height":2560},{"@type":"BreadcrumbList","@id":"https:\/\/web.umons.ac.be\/eshs\/fr\/projection-de-resistantes-en-presence-du-realisateur\/#breadcrumb","itemListElement":[{"@type":"ListItem","position":1,"name":"Accueil","item":"https:\/\/web.umons.ac.be\/eshs\/fr\/"},{"@type":"ListItem","position":2,"name":"Projection de R\u00e9sistantes en pr\u00e9sence du r\u00e9alisateur"}]},{"@type":"WebSite","@id":"https:\/\/web.umons.ac.be\/eshs\/#website","url":"https:\/\/web.umons.ac.be\/eshs\/","name":"Ecole \/ ESHS","description":"","potentialAction":[{"@type":"SearchAction","target":{"@type":"EntryPoint","urlTemplate":"https:\/\/web.umons.ac.be\/eshs\/?s={search_term_string}"},"query-input":{"@type":"PropertyValueSpecification","valueRequired":true,"valueName":"search_term_string"}}],"inLanguage":"fr-FR"},{"@type":"Person","@id":"https:\/\/web.umons.ac.be\/eshs\/#\/schema\/person\/2c3bab41553e42e9be46ff25322acaa4","name":"Am\u00e9lie Honorez","image":{"@type":"ImageObject","inLanguage":"fr-FR","@id":"https:\/\/secure.gravatar.com\/avatar\/9c59f6e370e37a7f8cdf1962f6c0fc524d2e502d704933818079b1dfbae61d43?s=96&d=mm&r=g","url":"https:\/\/secure.gravatar.com\/avatar\/9c59f6e370e37a7f8cdf1962f6c0fc524d2e502d704933818079b1dfbae61d43?s=96&d=mm&r=g","contentUrl":"https:\/\/secure.gravatar.com\/avatar\/9c59f6e370e37a7f8cdf1962f6c0fc524d2e502d704933818079b1dfbae61d43?s=96&d=mm&r=g","caption":"Am\u00e9lie Honorez"},"url":"https:\/\/web.umons.ac.be\/eshs\/author\/ahonorez\/"}]}},"lang":"fr","translations":{"fr":830},"pll_sync_post":[],"_links":{"self":[{"href":"https:\/\/web.umons.ac.be\/eshs\/wp-json\/wp\/v2\/posts\/830","targetHints":{"allow":["GET"]}}],"collection":[{"href":"https:\/\/web.umons.ac.be\/eshs\/wp-json\/wp\/v2\/posts"}],"about":[{"href":"https:\/\/web.umons.ac.be\/eshs\/wp-json\/wp\/v2\/types\/post"}],"author":[{"embeddable":true,"href":"https:\/\/web.umons.ac.be\/eshs\/wp-json\/wp\/v2\/users\/43"}],"replies":[{"embeddable":true,"href":"https:\/\/web.umons.ac.be\/eshs\/wp-json\/wp\/v2\/comments?post=830"}],"version-history":[{"count":11,"href":"https:\/\/web.umons.ac.be\/eshs\/wp-json\/wp\/v2\/posts\/830\/revisions"}],"predecessor-version":[{"id":841,"href":"https:\/\/web.umons.ac.be\/eshs\/wp-json\/wp\/v2\/posts\/830\/revisions\/841"}],"wp:featuredmedia":[{"embeddable":true,"href":"https:\/\/web.umons.ac.be\/eshs\/wp-json\/wp\/v2\/media\/829"}],"wp:attachment":[{"href":"https:\/\/web.umons.ac.be\/eshs\/wp-json\/wp\/v2\/media?parent=830"}],"wp:term":[{"taxonomy":"category","embeddable":true,"href":"https:\/\/web.umons.ac.be\/eshs\/wp-json\/wp\/v2\/categories?post=830"},{"taxonomy":"post_tag","embeddable":true,"href":"https:\/\/web.umons.ac.be\/eshs\/wp-json\/wp\/v2\/tags?post=830"}],"curies":[{"name":"wp","href":"https:\/\/api.w.org\/{rel}","templated":true}]}}