{"id":845,"date":"2021-11-16T14:35:02","date_gmt":"2021-11-16T13:35:02","guid":{"rendered":"https:\/\/web.umons.ac.be\/eshs\/?p=845"},"modified":"2021-11-16T14:35:02","modified_gmt":"2021-11-16T13:35:02","slug":"septieme-journee-detude-du-groupe-genre%c2%b7s-de-lumons-et-du-pole-hainuyer","status":"publish","type":"post","link":"https:\/\/web.umons.ac.be\/eshs\/fr\/septieme-journee-detude-du-groupe-genre%c2%b7s-de-lumons-et-du-pole-hainuyer\/","title":{"rendered":"Septi\u00e8me journ\u00e9e d&rsquo;\u00e9tude du groupe Genre\u00b7s de l\u2019UMONS et du P\u00f4le Hainuyer : Espaces, lieux et genre.S"},"content":{"rendered":"<div class=\"o9v6fnle cxmmr5t8 oygrvhab hcukyx3x c1et5uql\">Par d\u00e9finition, l\u2019espace public d\u00e9signe l\u2019ensemble des espaces destin\u00e9s \u00e0 l\u2019usage de tous, sans restriction. Cependant, son utilisation est d\u00e9termin\u00e9e par des codes sexuels ou des normes de genres. Ainsi, les individus se d\u00e9placent et s\u2019approprient diff\u00e9remment l\u2019espace occup\u00e9 ou emprunt\u00e9 en fonction de leur genre.<\/div>\n<div class=\"o9v6fnle cxmmr5t8 oygrvhab hcukyx3x c1et5uql\">\nDurant cette journ\u00e9e, les intervenant\u00b7e\u00b7s r\u00e9pondront \u00e0 diff\u00e9rents questionnements tels que :<\/div>\n<ul>\n<li class=\"o9v6fnle cxmmr5t8 oygrvhab hcukyx3x c1et5uql\">L\u2019espace public, est-ce une histoire de lieux genr\u00e9s ?<\/li>\n<li class=\"o9v6fnle cxmmr5t8 oygrvhab hcukyx3x c1et5uql\">Tout le monde a-t-il vraiment la possibilit\u00e9 de fr\u00e9quenter l\u2019espace public de mani\u00e8re \u00e9gale ?<\/li>\n<li class=\"o9v6fnle cxmmr5t8 oygrvhab hcukyx3x c1et5uql\">Quel est le regard des politiques sur les in\u00e9galit\u00e9s de genre dans l\u2019espace public ?<\/li>\n<li>Comment les femmes ou la communaut\u00e9 LGBTQIA s\u2019approprient-elles l\u2019espace public ?<\/li>\n<\/ul>\n<p>Plusieurs disciplines sont convoqu\u00e9es : architecture, urbanisme, sociologie, anthropologie, sciences politiques, histoire, etc.<\/p>\n<h5>\nJourn\u00e9e hybride<\/h5>\n<ul>\n<li>en direct sur Facebook et sur Teams via un lien prochainement disponible ;<\/li>\n<li>sur place sur r\u00e9servation. Adresse : Avenue du Champs de Mars, 7000 Mons. Local : V\u00e9sale 020<\/li>\n<\/ul>\n<div dir=\"auto\">Vous souhaitez participer \u00e0 cette journ\u00e9e d&rsquo;\u00e9tude en pr\u00e9sentiel ?<br \/>\nEcrivez-nous \u00e0\u00a0 <a href=\"https:\/\/web.umons.ac.be\/eshs\/wp-includes\/js\/tinymce\/Ecole \/ ESHS\/emerance.savalli@student.umons.ac.be\">emerance.savalli@student.umons.ac.be<\/a><\/div>\n<div dir=\"auto\">Indiquez en objet : journ\u00e9e d&rsquo;\u00e9tude, Espace, lieux et genre.S<\/div>\n<div dir=\"auto\">indiquez \u00e9galement votre nom, pr\u00e9nom ainsi que le nombre de r\u00e9servations.<\/div>\n<h4 class=\"o9v6fnle cxmmr5t8 oygrvhab hcukyx3x c1et5uql\">Programmation de la journ\u00e9e d\u2019\u00e9tude Espaces, lieux et genre\u00b7s<\/h4>\n<ul>\n<li class=\"o9v6fnle cxmmr5t8 oygrvhab hcukyx3x c1et5uql\">Accueil d\u00e8s 9h00<\/li>\n<li class=\"o9v6fnle cxmmr5t8 oygrvhab hcukyx3x c1et5uql\">9h10 \u2013 9h40<br \/>\nCHAUMONT Laura\u00a0 : Analyse f\u00e9ministe de la ville, r\u00e9cup\u00e9ration \u00e0 des fins de gentrification<\/li>\n<li class=\"o9v6fnle cxmmr5t8 oygrvhab hcukyx3x c1et5uql\">9h40 &#8211; 10h10<br \/>\nGENIN Laetitia : Le sexisme dans l&rsquo;espace public : partout, tout le temps et sous toutes les formes<\/li>\n<li class=\"o9v6fnle cxmmr5t8 oygrvhab hcukyx3x c1et5uql\">D\u00e9bat : 10h10 \u2013 10h20<\/li>\n<li class=\"o9v6fnle cxmmr5t8 oygrvhab hcukyx3x c1et5uql\">10h20- 10h50<br \/>\nLANNOY Pierre : Les espaces du genre. Une cl\u00e9 de lecture sociologique<\/li>\n<li class=\"o9v6fnle cxmmr5t8 oygrvhab hcukyx3x c1et5uql\">10h50 &#8211; 11h20<br \/>\nLAHAY Laudine : Allaitement : \u00ab Couvrez ce t\u00e9ton que je ne saurais voir \u00bb<\/li>\n<li class=\"o9v6fnle cxmmr5t8 oygrvhab hcukyx3x c1et5uql\">D\u00e9bat : 11h20 &#8211; 11h30<\/li>\n<li class=\"o9v6fnle cxmmr5t8 oygrvhab hcukyx3x c1et5uql\">11h 30 &#8211; 12h00<br \/>\nDONNEN Alexandre : Le quartier gay bruxellois au prisme de l&rsquo;intersectionnalit\u00e9<\/li>\n<li class=\"o9v6fnle cxmmr5t8 oygrvhab hcukyx3x c1et5uql\">12h00 \u2013 12h30<br \/>\nSACCO Muriel : Partager la ville : genre et espace public. Gen\u00e8se d\u2019un projet \u00e9ditorial scientifique<\/li>\n<li class=\"o9v6fnle cxmmr5t8 oygrvhab hcukyx3x c1et5uql\">D\u00e9bat : 12h30 \u2013 12h40<\/li>\n<\/ul>\n<p><a href=\"https:\/\/www.facebook.com\/GroupeGenreS\">D\u00e9couvrir la page Facebook du groupe Genre.S<\/a><\/p>\n","protected":false},"excerpt":{"rendered":"<p>Le groupe de r\u00e9flexion Genre\u00b7s de l\u2019UMONS et du P\u00f4le Hainuyer est heureux de vous inviter \u00e0 sa septi\u00e8me journ\u00e9e d\u2019\u00e9tude qui aura comme th\u00e9matique: \u201cEspaces, lieux et genre\u00b7s\u201d. Celle-ci se d\u00e9roulera le samedi 20 novembre 2021, d\u00e8s 9h, en ligne et en pr\u00e9sentiel.<\/p>\n","protected":false},"author":43,"featured_media":846,"comment_status":"open","ping_status":"open","sticky":false,"template":"","format":"standard","meta":{"footnotes":""},"categories":[74],"tags":[],"class_list":["post-845","post","type-post","status-publish","format-standard","has-post-thumbnail","hentry","category-conferences-colloques"],"yoast_head":"<!-- This site is optimized with the Yoast SEO plugin v27.2 - https:\/\/yoast.com\/product\/yoast-seo-wordpress\/ -->\n<title>Septi\u00e8me journ\u00e9e d&#039;\u00e9tude du groupe Genre\u00b7s de l\u2019UMONS et du P\u00f4le Hainuyer : Espaces, lieux et genre.S - Ecole \/ ESHS<\/title>\n<meta name=\"description\" content=\"Samedi 20 novembre 2021 Journ\u00e9e d&#039;\u00e9tude : Espaces, lieux et genre\u00b7s. Programme, intervenants, inscription, adresse\" \/>\n<meta name=\"robots\" content=\"index, follow, max-snippet:-1, max-image-preview:large, max-video-preview:-1\" \/>\n<link rel=\"canonical\" href=\"https:\/\/web.umons.ac.be\/eshs\/fr\/septieme-journee-detude-du-groupe-genre\u00b7s-de-lumons-et-du-pole-hainuyer\/\" \/>\n<meta property=\"og:locale\" content=\"fr_FR\" \/>\n<meta property=\"og:type\" content=\"article\" \/>\n<meta property=\"og:title\" content=\"Septi\u00e8me journ\u00e9e d&#039;\u00e9tude du groupe Genre\u00b7s de l\u2019UMONS et du P\u00f4le Hainuyer : Espaces, lieux et genre.S - Ecole \/ ESHS\" \/>\n<meta property=\"og:description\" content=\"Samedi 20 novembre 2021 Journ\u00e9e d&#039;\u00e9tude : Espaces, lieux et genre\u00b7s. Programme, intervenants, inscription, adresse\" \/>\n<meta property=\"og:url\" content=\"https:\/\/web.umons.ac.be\/eshs\/fr\/septieme-journee-detude-du-groupe-genre\u00b7s-de-lumons-et-du-pole-hainuyer\/\" \/>\n<meta property=\"og:site_name\" content=\"Ecole \/ ESHS\" \/>\n<meta property=\"article:published_time\" content=\"2021-11-16T13:35:02+00:00\" \/>\n<meta property=\"og:image\" content=\"https:\/\/web.umons.ac.be\/app\/uploads\/sites\/8\/2021\/11\/255347696_667029274682489_7474305003181232137_n.jpeg\" \/>\n\t<meta property=\"og:image:width\" content=\"945\" \/>\n\t<meta property=\"og:image:height\" content=\"945\" \/>\n\t<meta property=\"og:image:type\" content=\"image\/jpeg\" \/>\n<meta name=\"author\" content=\"Am\u00e9lie Honorez\" \/>\n<meta name=\"twitter:card\" content=\"summary_large_image\" \/>\n<meta name=\"twitter:label1\" content=\"\u00c9crit par\" \/>\n\t<meta name=\"twitter:data1\" content=\"Am\u00e9lie Honorez\" \/>\n\t<meta name=\"twitter:label2\" content=\"Dur\u00e9e de lecture estim\u00e9e\" \/>\n\t<meta name=\"twitter:data2\" content=\"2 minutes\" \/>\n<script type=\"application\/ld+json\" class=\"yoast-schema-graph\">{\"@context\":\"https:\/\/schema.org\",\"@graph\":[{\"@type\":\"Article\",\"@id\":\"https:\/\/web.umons.ac.be\/eshs\/fr\/septieme-journee-detude-du-groupe-genre%c2%b7s-de-lumons-et-du-pole-hainuyer\/#article\",\"isPartOf\":{\"@id\":\"https:\/\/web.umons.ac.be\/eshs\/fr\/septieme-journee-detude-du-groupe-genre%c2%b7s-de-lumons-et-du-pole-hainuyer\/\"},\"author\":{\"name\":\"Am\u00e9lie Honorez\",\"@id\":\"https:\/\/web.umons.ac.be\/eshs\/#\/schema\/person\/2c3bab41553e42e9be46ff25322acaa4\"},\"headline\":\"Septi\u00e8me journ\u00e9e d&rsquo;\u00e9tude du groupe Genre\u00b7s de l\u2019UMONS et du P\u00f4le Hainuyer : Espaces, lieux et genre.S\",\"datePublished\":\"2021-11-16T13:35:02+00:00\",\"mainEntityOfPage\":{\"@id\":\"https:\/\/web.umons.ac.be\/eshs\/fr\/septieme-journee-detude-du-groupe-genre%c2%b7s-de-lumons-et-du-pole-hainuyer\/\"},\"wordCount\":373,\"commentCount\":0,\"image\":{\"@id\":\"https:\/\/web.umons.ac.be\/eshs\/fr\/septieme-journee-detude-du-groupe-genre%c2%b7s-de-lumons-et-du-pole-hainuyer\/#primaryimage\"},\"thumbnailUrl\":\"https:\/\/web.umons.ac.be\/app\/uploads\/sites\/8\/2021\/11\/255347696_667029274682489_7474305003181232137_n.jpeg\",\"articleSection\":[\"Conf\u00e9rences\/Colloques\"],\"inLanguage\":\"fr-FR\",\"potentialAction\":[{\"@type\":\"CommentAction\",\"name\":\"Comment\",\"target\":[\"https:\/\/web.umons.ac.be\/eshs\/fr\/septieme-journee-detude-du-groupe-genre%c2%b7s-de-lumons-et-du-pole-hainuyer\/#respond\"]}]},{\"@type\":\"WebPage\",\"@id\":\"https:\/\/web.umons.ac.be\/eshs\/fr\/septieme-journee-detude-du-groupe-genre%c2%b7s-de-lumons-et-du-pole-hainuyer\/\",\"url\":\"https:\/\/web.umons.ac.be\/eshs\/fr\/septieme-journee-detude-du-groupe-genre%c2%b7s-de-lumons-et-du-pole-hainuyer\/\",\"name\":\"Septi\u00e8me journ\u00e9e d'\u00e9tude du groupe Genre\u00b7s de l\u2019UMONS et du P\u00f4le Hainuyer : Espaces, lieux et genre.S - Ecole \/ ESHS\",\"isPartOf\":{\"@id\":\"https:\/\/web.umons.ac.be\/eshs\/#website\"},\"primaryImageOfPage\":{\"@id\":\"https:\/\/web.umons.ac.be\/eshs\/fr\/septieme-journee-detude-du-groupe-genre%c2%b7s-de-lumons-et-du-pole-hainuyer\/#primaryimage\"},\"image\":{\"@id\":\"https:\/\/web.umons.ac.be\/eshs\/fr\/septieme-journee-detude-du-groupe-genre%c2%b7s-de-lumons-et-du-pole-hainuyer\/#primaryimage\"},\"thumbnailUrl\":\"https:\/\/web.umons.ac.be\/app\/uploads\/sites\/8\/2021\/11\/255347696_667029274682489_7474305003181232137_n.jpeg\",\"datePublished\":\"2021-11-16T13:35:02+00:00\",\"author\":{\"@id\":\"https:\/\/web.umons.ac.be\/eshs\/#\/schema\/person\/2c3bab41553e42e9be46ff25322acaa4\"},\"description\":\"Samedi 20 novembre 2021 Journ\u00e9e d'\u00e9tude : Espaces, lieux et genre\u00b7s. Programme, intervenants, inscription, adresse\",\"breadcrumb\":{\"@id\":\"https:\/\/web.umons.ac.be\/eshs\/fr\/septieme-journee-detude-du-groupe-genre%c2%b7s-de-lumons-et-du-pole-hainuyer\/#breadcrumb\"},\"inLanguage\":\"fr-FR\",\"potentialAction\":[{\"@type\":\"ReadAction\",\"target\":[\"https:\/\/web.umons.ac.be\/eshs\/fr\/septieme-journee-detude-du-groupe-genre%c2%b7s-de-lumons-et-du-pole-hainuyer\/\"]}]},{\"@type\":\"ImageObject\",\"inLanguage\":\"fr-FR\",\"@id\":\"https:\/\/web.umons.ac.be\/eshs\/fr\/septieme-journee-detude-du-groupe-genre%c2%b7s-de-lumons-et-du-pole-hainuyer\/#primaryimage\",\"url\":\"https:\/\/web.umons.ac.be\/app\/uploads\/sites\/8\/2021\/11\/255347696_667029274682489_7474305003181232137_n.jpeg\",\"contentUrl\":\"https:\/\/web.umons.ac.be\/app\/uploads\/sites\/8\/2021\/11\/255347696_667029274682489_7474305003181232137_n.jpeg\",\"width\":945,\"height\":945},{\"@type\":\"BreadcrumbList\",\"@id\":\"https:\/\/web.umons.ac.be\/eshs\/fr\/septieme-journee-detude-du-groupe-genre%c2%b7s-de-lumons-et-du-pole-hainuyer\/#breadcrumb\",\"itemListElement\":[{\"@type\":\"ListItem\",\"position\":1,\"name\":\"Accueil\",\"item\":\"https:\/\/web.umons.ac.be\/eshs\/fr\/\"},{\"@type\":\"ListItem\",\"position\":2,\"name\":\"Septi\u00e8me journ\u00e9e d&rsquo;\u00e9tude du groupe Genre\u00b7s de l\u2019UMONS et du P\u00f4le Hainuyer : Espaces, lieux et genre.S\"}]},{\"@type\":\"WebSite\",\"@id\":\"https:\/\/web.umons.ac.be\/eshs\/#website\",\"url\":\"https:\/\/web.umons.ac.be\/eshs\/\",\"name\":\"Ecole \/ ESHS\",\"description\":\"\",\"potentialAction\":[{\"@type\":\"SearchAction\",\"target\":{\"@type\":\"EntryPoint\",\"urlTemplate\":\"https:\/\/web.umons.ac.be\/eshs\/?s={search_term_string}\"},\"query-input\":{\"@type\":\"PropertyValueSpecification\",\"valueRequired\":true,\"valueName\":\"search_term_string\"}}],\"inLanguage\":\"fr-FR\"},{\"@type\":\"Person\",\"@id\":\"https:\/\/web.umons.ac.be\/eshs\/#\/schema\/person\/2c3bab41553e42e9be46ff25322acaa4\",\"name\":\"Am\u00e9lie Honorez\",\"image\":{\"@type\":\"ImageObject\",\"inLanguage\":\"fr-FR\",\"@id\":\"https:\/\/secure.gravatar.com\/avatar\/9c59f6e370e37a7f8cdf1962f6c0fc524d2e502d704933818079b1dfbae61d43?s=96&d=mm&r=g\",\"url\":\"https:\/\/secure.gravatar.com\/avatar\/9c59f6e370e37a7f8cdf1962f6c0fc524d2e502d704933818079b1dfbae61d43?s=96&d=mm&r=g\",\"contentUrl\":\"https:\/\/secure.gravatar.com\/avatar\/9c59f6e370e37a7f8cdf1962f6c0fc524d2e502d704933818079b1dfbae61d43?s=96&d=mm&r=g\",\"caption\":\"Am\u00e9lie Honorez\"},\"url\":\"https:\/\/web.umons.ac.be\/eshs\/author\/ahonorez\/\"}]}<\/script>\n<!-- \/ Yoast SEO plugin. -->","yoast_head_json":{"title":"Septi\u00e8me journ\u00e9e d'\u00e9tude du groupe Genre\u00b7s de l\u2019UMONS et du P\u00f4le Hainuyer : Espaces, lieux et genre.S - Ecole \/ ESHS","description":"Samedi 20 novembre 2021 Journ\u00e9e d'\u00e9tude : Espaces, lieux et genre\u00b7s. Programme, intervenants, inscription, adresse","robots":{"index":"index","follow":"follow","max-snippet":"max-snippet:-1","max-image-preview":"max-image-preview:large","max-video-preview":"max-video-preview:-1"},"canonical":"https:\/\/web.umons.ac.be\/eshs\/fr\/septieme-journee-detude-du-groupe-genre\u00b7s-de-lumons-et-du-pole-hainuyer\/","og_locale":"fr_FR","og_type":"article","og_title":"Septi\u00e8me journ\u00e9e d'\u00e9tude du groupe Genre\u00b7s de l\u2019UMONS et du P\u00f4le Hainuyer : Espaces, lieux et genre.S - Ecole \/ ESHS","og_description":"Samedi 20 novembre 2021 Journ\u00e9e d'\u00e9tude : Espaces, lieux et genre\u00b7s. Programme, intervenants, inscription, adresse","og_url":"https:\/\/web.umons.ac.be\/eshs\/fr\/septieme-journee-detude-du-groupe-genre\u00b7s-de-lumons-et-du-pole-hainuyer\/","og_site_name":"Ecole \/ ESHS","article_published_time":"2021-11-16T13:35:02+00:00","og_image":[{"width":945,"height":945,"url":"https:\/\/web.umons.ac.be\/app\/uploads\/sites\/8\/2021\/11\/255347696_667029274682489_7474305003181232137_n.jpeg","type":"image\/jpeg"}],"author":"Am\u00e9lie Honorez","twitter_card":"summary_large_image","twitter_misc":{"\u00c9crit par":"Am\u00e9lie Honorez","Dur\u00e9e de lecture estim\u00e9e":"2 minutes"},"schema":{"@context":"https:\/\/schema.org","@graph":[{"@type":"Article","@id":"https:\/\/web.umons.ac.be\/eshs\/fr\/septieme-journee-detude-du-groupe-genre%c2%b7s-de-lumons-et-du-pole-hainuyer\/#article","isPartOf":{"@id":"https:\/\/web.umons.ac.be\/eshs\/fr\/septieme-journee-detude-du-groupe-genre%c2%b7s-de-lumons-et-du-pole-hainuyer\/"},"author":{"name":"Am\u00e9lie Honorez","@id":"https:\/\/web.umons.ac.be\/eshs\/#\/schema\/person\/2c3bab41553e42e9be46ff25322acaa4"},"headline":"Septi\u00e8me journ\u00e9e d&rsquo;\u00e9tude du groupe Genre\u00b7s de l\u2019UMONS et du P\u00f4le Hainuyer : Espaces, lieux et genre.S","datePublished":"2021-11-16T13:35:02+00:00","mainEntityOfPage":{"@id":"https:\/\/web.umons.ac.be\/eshs\/fr\/septieme-journee-detude-du-groupe-genre%c2%b7s-de-lumons-et-du-pole-hainuyer\/"},"wordCount":373,"commentCount":0,"image":{"@id":"https:\/\/web.umons.ac.be\/eshs\/fr\/septieme-journee-detude-du-groupe-genre%c2%b7s-de-lumons-et-du-pole-hainuyer\/#primaryimage"},"thumbnailUrl":"https:\/\/web.umons.ac.be\/app\/uploads\/sites\/8\/2021\/11\/255347696_667029274682489_7474305003181232137_n.jpeg","articleSection":["Conf\u00e9rences\/Colloques"],"inLanguage":"fr-FR","potentialAction":[{"@type":"CommentAction","name":"Comment","target":["https:\/\/web.umons.ac.be\/eshs\/fr\/septieme-journee-detude-du-groupe-genre%c2%b7s-de-lumons-et-du-pole-hainuyer\/#respond"]}]},{"@type":"WebPage","@id":"https:\/\/web.umons.ac.be\/eshs\/fr\/septieme-journee-detude-du-groupe-genre%c2%b7s-de-lumons-et-du-pole-hainuyer\/","url":"https:\/\/web.umons.ac.be\/eshs\/fr\/septieme-journee-detude-du-groupe-genre%c2%b7s-de-lumons-et-du-pole-hainuyer\/","name":"Septi\u00e8me journ\u00e9e d'\u00e9tude du groupe Genre\u00b7s de l\u2019UMONS et du P\u00f4le Hainuyer : Espaces, lieux et genre.S - Ecole \/ ESHS","isPartOf":{"@id":"https:\/\/web.umons.ac.be\/eshs\/#website"},"primaryImageOfPage":{"@id":"https:\/\/web.umons.ac.be\/eshs\/fr\/septieme-journee-detude-du-groupe-genre%c2%b7s-de-lumons-et-du-pole-hainuyer\/#primaryimage"},"image":{"@id":"https:\/\/web.umons.ac.be\/eshs\/fr\/septieme-journee-detude-du-groupe-genre%c2%b7s-de-lumons-et-du-pole-hainuyer\/#primaryimage"},"thumbnailUrl":"https:\/\/web.umons.ac.be\/app\/uploads\/sites\/8\/2021\/11\/255347696_667029274682489_7474305003181232137_n.jpeg","datePublished":"2021-11-16T13:35:02+00:00","author":{"@id":"https:\/\/web.umons.ac.be\/eshs\/#\/schema\/person\/2c3bab41553e42e9be46ff25322acaa4"},"description":"Samedi 20 novembre 2021 Journ\u00e9e d'\u00e9tude : Espaces, lieux et genre\u00b7s. Programme, intervenants, inscription, adresse","breadcrumb":{"@id":"https:\/\/web.umons.ac.be\/eshs\/fr\/septieme-journee-detude-du-groupe-genre%c2%b7s-de-lumons-et-du-pole-hainuyer\/#breadcrumb"},"inLanguage":"fr-FR","potentialAction":[{"@type":"ReadAction","target":["https:\/\/web.umons.ac.be\/eshs\/fr\/septieme-journee-detude-du-groupe-genre%c2%b7s-de-lumons-et-du-pole-hainuyer\/"]}]},{"@type":"ImageObject","inLanguage":"fr-FR","@id":"https:\/\/web.umons.ac.be\/eshs\/fr\/septieme-journee-detude-du-groupe-genre%c2%b7s-de-lumons-et-du-pole-hainuyer\/#primaryimage","url":"https:\/\/web.umons.ac.be\/app\/uploads\/sites\/8\/2021\/11\/255347696_667029274682489_7474305003181232137_n.jpeg","contentUrl":"https:\/\/web.umons.ac.be\/app\/uploads\/sites\/8\/2021\/11\/255347696_667029274682489_7474305003181232137_n.jpeg","width":945,"height":945},{"@type":"BreadcrumbList","@id":"https:\/\/web.umons.ac.be\/eshs\/fr\/septieme-journee-detude-du-groupe-genre%c2%b7s-de-lumons-et-du-pole-hainuyer\/#breadcrumb","itemListElement":[{"@type":"ListItem","position":1,"name":"Accueil","item":"https:\/\/web.umons.ac.be\/eshs\/fr\/"},{"@type":"ListItem","position":2,"name":"Septi\u00e8me journ\u00e9e d&rsquo;\u00e9tude du groupe Genre\u00b7s de l\u2019UMONS et du P\u00f4le Hainuyer : Espaces, lieux et genre.S"}]},{"@type":"WebSite","@id":"https:\/\/web.umons.ac.be\/eshs\/#website","url":"https:\/\/web.umons.ac.be\/eshs\/","name":"Ecole \/ ESHS","description":"","potentialAction":[{"@type":"SearchAction","target":{"@type":"EntryPoint","urlTemplate":"https:\/\/web.umons.ac.be\/eshs\/?s={search_term_string}"},"query-input":{"@type":"PropertyValueSpecification","valueRequired":true,"valueName":"search_term_string"}}],"inLanguage":"fr-FR"},{"@type":"Person","@id":"https:\/\/web.umons.ac.be\/eshs\/#\/schema\/person\/2c3bab41553e42e9be46ff25322acaa4","name":"Am\u00e9lie Honorez","image":{"@type":"ImageObject","inLanguage":"fr-FR","@id":"https:\/\/secure.gravatar.com\/avatar\/9c59f6e370e37a7f8cdf1962f6c0fc524d2e502d704933818079b1dfbae61d43?s=96&d=mm&r=g","url":"https:\/\/secure.gravatar.com\/avatar\/9c59f6e370e37a7f8cdf1962f6c0fc524d2e502d704933818079b1dfbae61d43?s=96&d=mm&r=g","contentUrl":"https:\/\/secure.gravatar.com\/avatar\/9c59f6e370e37a7f8cdf1962f6c0fc524d2e502d704933818079b1dfbae61d43?s=96&d=mm&r=g","caption":"Am\u00e9lie Honorez"},"url":"https:\/\/web.umons.ac.be\/eshs\/author\/ahonorez\/"}]}},"lang":"fr","translations":{"fr":845},"pll_sync_post":[],"_links":{"self":[{"href":"https:\/\/web.umons.ac.be\/eshs\/wp-json\/wp\/v2\/posts\/845","targetHints":{"allow":["GET"]}}],"collection":[{"href":"https:\/\/web.umons.ac.be\/eshs\/wp-json\/wp\/v2\/posts"}],"about":[{"href":"https:\/\/web.umons.ac.be\/eshs\/wp-json\/wp\/v2\/types\/post"}],"author":[{"embeddable":true,"href":"https:\/\/web.umons.ac.be\/eshs\/wp-json\/wp\/v2\/users\/43"}],"replies":[{"embeddable":true,"href":"https:\/\/web.umons.ac.be\/eshs\/wp-json\/wp\/v2\/comments?post=845"}],"version-history":[{"count":3,"href":"https:\/\/web.umons.ac.be\/eshs\/wp-json\/wp\/v2\/posts\/845\/revisions"}],"predecessor-version":[{"id":849,"href":"https:\/\/web.umons.ac.be\/eshs\/wp-json\/wp\/v2\/posts\/845\/revisions\/849"}],"wp:featuredmedia":[{"embeddable":true,"href":"https:\/\/web.umons.ac.be\/eshs\/wp-json\/wp\/v2\/media\/846"}],"wp:attachment":[{"href":"https:\/\/web.umons.ac.be\/eshs\/wp-json\/wp\/v2\/media?parent=845"}],"wp:term":[{"taxonomy":"category","embeddable":true,"href":"https:\/\/web.umons.ac.be\/eshs\/wp-json\/wp\/v2\/categories?post=845"},{"taxonomy":"post_tag","embeddable":true,"href":"https:\/\/web.umons.ac.be\/eshs\/wp-json\/wp\/v2\/tags?post=845"}],"curies":[{"name":"wp","href":"https:\/\/api.w.org\/{rel}","templated":true}]}}