{"id":853,"date":"2021-11-24T14:00:38","date_gmt":"2021-11-24T13:00:38","guid":{"rendered":"https:\/\/web.umons.ac.be\/eshs\/?p=853"},"modified":"2021-12-01T16:32:51","modified_gmt":"2021-12-01T15:32:51","slug":"etre-femme-et-journaliste-manon-libert","status":"publish","type":"post","link":"https:\/\/web.umons.ac.be\/eshs\/fr\/etre-femme-et-journaliste-manon-libert\/","title":{"rendered":"Manon Libert, professeure de Communication \u00e0 l&rsquo;ESHS, co-signe \u00ab\u00a0\u00caTRE FEMME ET JOURNALISTE. Enqu\u00eate sociologique dans un monde au masculin\u00a0\u00bb"},"content":{"rendered":"<p><strong>En Belgique francophone, les femmes ne forment que 35 % de l\u2019effectif journalistique. <\/strong>Comment expliquer que la f\u00e9minisation de la profession de journaliste soit si lente dans nos r\u00e9dactions alors que les femmes sont pourtant majoritaires depuis de nombreuses ann\u00e9es dans les formations en journalisme, ainsi que parmi les jeunes qui commencent le m\u00e9tier ? Pourquoi certaines d\u00e9cident-elles de le quitter ? Que signifie \u00eatre journaliste femme en Belgique francophone aujourd\u2019hui ?<\/p>\n<p><img loading=\"lazy\" decoding=\"async\" class=\" wp-image-855 alignleft\" src=\"https:\/\/web.umons.ac.be\/app\/uploads\/sites\/8\/2021\/12\/Capture-de\u0301cran-2021-12-01-a\u0300-16.12.05-293x300.png\" alt=\"\" width=\"258\" height=\"264\" srcset=\"https:\/\/web.umons.ac.be\/app\/uploads\/sites\/8\/2021\/12\/Capture-de\u0301cran-2021-12-01-a\u0300-16.12.05-293x300.png 293w, https:\/\/web.umons.ac.be\/app\/uploads\/sites\/8\/2021\/12\/Capture-de\u0301cran-2021-12-01-a\u0300-16.12.05-768x785.png 768w, https:\/\/web.umons.ac.be\/app\/uploads\/sites\/8\/2021\/12\/Capture-de\u0301cran-2021-12-01-a\u0300-16.12.05-646x660.png 646w, https:\/\/web.umons.ac.be\/app\/uploads\/sites\/8\/2021\/12\/Capture-de\u0301cran-2021-12-01-a\u0300-16.12.05-30x31.png 30w, https:\/\/web.umons.ac.be\/app\/uploads\/sites\/8\/2021\/12\/Capture-de\u0301cran-2021-12-01-a\u0300-16.12.05-60x60.png 60w, https:\/\/web.umons.ac.be\/app\/uploads\/sites\/8\/2021\/12\/Capture-de\u0301cran-2021-12-01-a\u0300-16.12.05-360x368.png 360w, https:\/\/web.umons.ac.be\/app\/uploads\/sites\/8\/2021\/12\/Capture-de\u0301cran-2021-12-01-a\u0300-16.12.05.png 896w\" sizes=\"auto, (max-width: 258px) 100vw, 258px\" \/>\u00ab\u00a0\u00caTRE FEMME ET JOURNALISTE. Enqu\u00eate sociologique dans un monde au masculin\u00a0\u00bb se fonde sur le croisement de cinq terrains d\u2019enqu\u00eate sociologique diff\u00e9rents qui ont permis d\u2019interroger des femmes et des hommes journalistes, d\u2019anciennes journalistes et les directions de m\u00e9dias g\u00e9n\u00e9ralistes. Il explore les enjeux et les obstacles rencontr\u00e9s par les femmes journalistes tout au long de leur carri\u00e8re : conditions d\u2019emploi et de travail difficiles, organisation genre\u0301e des r\u00e9dactions avec des assignations a\u0300 certaines rubriques ou des freins dans l\u2019acc\u00e8s aux postes a\u0300 responsabilit\u00e9s, complexit\u00e9\u0301 a\u0300 concilier vies priv\u00e9e et professionnelle, et duret\u00e9\u0301 d\u2019un monde journalistique ou\u0300 les faits de violence organisationnelle seraient l\u00e9gion.<\/p>\n<p>Le monde journalistique belge francophone raconte ses difficult\u00e9s, complexes et souvent plus pr\u00e9gnantes pour les femmes. Cet ouvrage esquisse un journalisme qui se vit encore majoritairement au masculin.<\/p>\n<p>&nbsp;<\/p>\n<p><iframe loading=\"lazy\" title=\"\u00catre femme et journaliste. Enqu\u00eate sociologique dans un monde au masculin\" width=\"500\" height=\"281\" src=\"https:\/\/www.youtube.com\/embed\/KGAtND8jFao?feature=oembed\" frameborder=\"0\" allow=\"accelerometer; autoplay; clipboard-write; encrypted-media; gyroscope; picture-in-picture; web-share\" referrerpolicy=\"strict-origin-when-cross-origin\" allowfullscreen><\/iframe><\/p>\n<h4><strong>SORTIE LE 25 NOVEMBRE 2021<\/strong><\/h4>\n<p>\u00ab \u00caTRE FEMME ET JOURNALISTE. Enqu\u00eate sociologique dans un monde au masculin \u00bb sortira en librairie le 25 novembre 2021. Il sera publi\u00e9 aux \u00c9ditions de l\u2019Universit\u00e9\u0301 de Bruxelles, dans la collection Journalisme et Communication.<\/p>\n<p>Prix de vente : 25\u20ac<\/p>\n<p>Disponible \u00e0 l&rsquo;achat en ligne :<\/p>\n<ul>\n<li><a href=\"https:\/\/www.editions-ulb.be\/en\/book\/?gcoi=74530100942890\">\u00c9ditions de l&rsquo;Universit\u00e9 de Bruxelles<\/a><\/li>\n<li><a href=\"https:\/\/www.appeldulivre.fr\/product\/895898\/etre-femme-et-journaliste-enquete-sociologique-dans-un-monde-au-masculin\">L&rsquo;appel du livre<\/a><\/li>\n<li><a href=\"https:\/\/www.cultura.com\/tre-femme-et-journaliste-enquete-sociologique-dans-un-monde-au-masculin-9782800417745.html\">Cultura<\/a><\/li>\n<\/ul>\n<h4><strong>\u00c0 PROPOS DES AUTEURES<\/strong><\/h4>\n<p><strong>Florence Le Cam <\/strong>est professeure a\u0300 l\u2019Universite\u0301 libre de Bruxelles, co-responsable du Laboratoire des pratiques et identite\u0301s journalistiques (LaPIJ, ULB-UMONS) et membre des laboratoires ReSIC (ULB) et Are\u0300nes (Universite\u0301 de Rennes 1). Ses recherches portent sur les identite\u0301s journalistiques et leurs confrontations aux enjeux historiques et contemporains. Elle est co-e\u0301ditrice de la revue <em>Sur le journalisme <\/em>(www.surlejournalisme.com\/rev).<\/p>\n<p><strong>Manon Libert <\/strong>est charge\u0301e de cours a\u0300 l\u2019Universite\u0301 de Mons. Co-responsable du Laboratoire des pratiques et des identite\u0301s journalistiques (LaPIJ, ULB-UMONS), elle est membre du Centre de recherche en inclusion sociale (CeRIS, UMONS) et du Centre de recherche en sciences de l\u2019information et de la communication (ReSIC, ULB). Ses recherches portent sur les identite\u0301s professionnelles, les conditions de travail et les carrie\u0300res des journalistes.<\/p>\n<p><strong>Lise Me\u0301nalque <\/strong>est doctorante a\u0300 l\u2019Universite\u0301 libre de Bruxelles et a\u0300 l\u2019Universite\u0301 Laval. Elle est membre du Laboratoire des pratiques et identite\u0301s journalistiques (LaPIJ, ULB-UMONS), du laboratoire ReSIC (ULB), et de la Structure de recherche interdisciplinaire sur le genre, l\u2019e\u0301galite\u0301 et la sexualite\u0301 (STRIGES-ULB). Ses recherches se focalisent sur les rapports sociaux de genre, la sociologie du journalisme et la sociologie des organisations.<\/p>\n","protected":false},"excerpt":{"rendered":"<p>Florence Le Cam, Manon Libert et Lise M\u00e9nalque cosignent \u00ab \u00caTRE FEMME ET JOURNALISTE. Enqu\u00eate sociologique dans un monde au masculin \u00bb. Publi\u00e9 aux \u00c9ditions de l\u2019Universit\u00e9\u0301 de Bruxelles, ce livre interroge le r\u00f4le et la place des femmes journalistes au sein des entreprises m\u00e9diatiques.<\/p>\n","protected":false},"author":43,"featured_media":860,"comment_status":"open","ping_status":"open","sticky":false,"template":"","format":"standard","meta":{"footnotes":""},"categories":[117],"tags":[],"class_list":["post-853","post","type-post","status-publish","format-standard","has-post-thumbnail","hentry","category-publication"],"yoast_head":"<!-- This site is optimized with the Yoast SEO plugin v27.2 - https:\/\/yoast.com\/product\/yoast-seo-wordpress\/ -->\n<title>Manon Libert, professeure de Communication \u00e0 l&#039;ESHS, co-signe \u00ab\u00a0\u00caTRE FEMME ET JOURNALISTE. Enqu\u00eate sociologique dans un monde au masculin\u00a0\u00bb - Ecole \/ ESHS<\/title>\n<meta name=\"description\" content=\"\u00caTRE FEMME ET JOURNALISTE. Enqu\u00eate sociologique dans un monde au masculin, Florence Le Cam, Manon Libert, Lise M\u00e9nalque\" \/>\n<meta name=\"robots\" content=\"index, follow, max-snippet:-1, max-image-preview:large, max-video-preview:-1\" \/>\n<link rel=\"canonical\" href=\"https:\/\/web.umons.ac.be\/eshs\/fr\/etre-femme-et-journaliste-manon-libert\/\" \/>\n<meta property=\"og:locale\" content=\"fr_FR\" \/>\n<meta property=\"og:type\" content=\"article\" \/>\n<meta property=\"og:title\" content=\"Manon Libert, professeure de Communication \u00e0 l&#039;ESHS, co-signe \u00ab\u00a0\u00caTRE FEMME ET JOURNALISTE. Enqu\u00eate sociologique dans un monde au masculin\u00a0\u00bb - Ecole \/ ESHS\" \/>\n<meta property=\"og:description\" content=\"\u00caTRE FEMME ET JOURNALISTE. Enqu\u00eate sociologique dans un monde au masculin, Florence Le Cam, Manon Libert, Lise M\u00e9nalque\" \/>\n<meta property=\"og:url\" content=\"https:\/\/web.umons.ac.be\/eshs\/fr\/etre-femme-et-journaliste-manon-libert\/\" \/>\n<meta property=\"og:site_name\" content=\"Ecole \/ ESHS\" \/>\n<meta property=\"article:published_time\" content=\"2021-11-24T13:00:38+00:00\" \/>\n<meta property=\"article:modified_time\" content=\"2021-12-01T15:32:51+00:00\" \/>\n<meta property=\"og:image\" content=\"https:\/\/web.umons.ac.be\/app\/uploads\/sites\/8\/2021\/11\/E\u0302tre-femme-et-journaliste.png\" \/>\n\t<meta property=\"og:image:width\" content=\"882\" \/>\n\t<meta property=\"og:image:height\" content=\"422\" \/>\n\t<meta property=\"og:image:type\" content=\"image\/png\" \/>\n<meta name=\"author\" content=\"Am\u00e9lie Honorez\" \/>\n<meta name=\"twitter:card\" content=\"summary_large_image\" \/>\n<meta name=\"twitter:label1\" content=\"\u00c9crit par\" \/>\n\t<meta name=\"twitter:data1\" content=\"Am\u00e9lie Honorez\" \/>\n\t<meta name=\"twitter:label2\" content=\"Dur\u00e9e de lecture estim\u00e9e\" \/>\n\t<meta name=\"twitter:data2\" content=\"3 minutes\" \/>\n<script type=\"application\/ld+json\" class=\"yoast-schema-graph\">{\"@context\":\"https:\/\/schema.org\",\"@graph\":[{\"@type\":\"Article\",\"@id\":\"https:\/\/web.umons.ac.be\/eshs\/fr\/etre-femme-et-journaliste-manon-libert\/#article\",\"isPartOf\":{\"@id\":\"https:\/\/web.umons.ac.be\/eshs\/fr\/etre-femme-et-journaliste-manon-libert\/\"},\"author\":{\"name\":\"Am\u00e9lie Honorez\",\"@id\":\"https:\/\/web.umons.ac.be\/eshs\/#\/schema\/person\/2c3bab41553e42e9be46ff25322acaa4\"},\"headline\":\"Manon Libert, professeure de Communication \u00e0 l&rsquo;ESHS, co-signe \u00ab\u00a0\u00caTRE FEMME ET JOURNALISTE. Enqu\u00eate sociologique dans un monde au masculin\u00a0\u00bb\",\"datePublished\":\"2021-11-24T13:00:38+00:00\",\"dateModified\":\"2021-12-01T15:32:51+00:00\",\"mainEntityOfPage\":{\"@id\":\"https:\/\/web.umons.ac.be\/eshs\/fr\/etre-femme-et-journaliste-manon-libert\/\"},\"wordCount\":526,\"commentCount\":0,\"image\":{\"@id\":\"https:\/\/web.umons.ac.be\/eshs\/fr\/etre-femme-et-journaliste-manon-libert\/#primaryimage\"},\"thumbnailUrl\":\"https:\/\/web.umons.ac.be\/app\/uploads\/sites\/8\/2021\/11\/E\u0302tre-femme-et-journaliste.png\",\"articleSection\":[\"Publication\"],\"inLanguage\":\"fr-FR\",\"potentialAction\":[{\"@type\":\"CommentAction\",\"name\":\"Comment\",\"target\":[\"https:\/\/web.umons.ac.be\/eshs\/fr\/etre-femme-et-journaliste-manon-libert\/#respond\"]}]},{\"@type\":\"WebPage\",\"@id\":\"https:\/\/web.umons.ac.be\/eshs\/fr\/etre-femme-et-journaliste-manon-libert\/\",\"url\":\"https:\/\/web.umons.ac.be\/eshs\/fr\/etre-femme-et-journaliste-manon-libert\/\",\"name\":\"Manon Libert, professeure de Communication \u00e0 l'ESHS, co-signe \u00ab\u00a0\u00caTRE FEMME ET JOURNALISTE. Enqu\u00eate sociologique dans un monde au masculin\u00a0\u00bb - Ecole \/ ESHS\",\"isPartOf\":{\"@id\":\"https:\/\/web.umons.ac.be\/eshs\/#website\"},\"primaryImageOfPage\":{\"@id\":\"https:\/\/web.umons.ac.be\/eshs\/fr\/etre-femme-et-journaliste-manon-libert\/#primaryimage\"},\"image\":{\"@id\":\"https:\/\/web.umons.ac.be\/eshs\/fr\/etre-femme-et-journaliste-manon-libert\/#primaryimage\"},\"thumbnailUrl\":\"https:\/\/web.umons.ac.be\/app\/uploads\/sites\/8\/2021\/11\/E\u0302tre-femme-et-journaliste.png\",\"datePublished\":\"2021-11-24T13:00:38+00:00\",\"dateModified\":\"2021-12-01T15:32:51+00:00\",\"author\":{\"@id\":\"https:\/\/web.umons.ac.be\/eshs\/#\/schema\/person\/2c3bab41553e42e9be46ff25322acaa4\"},\"description\":\"\u00caTRE FEMME ET JOURNALISTE. Enqu\u00eate sociologique dans un monde au masculin, Florence Le Cam, Manon Libert, Lise M\u00e9nalque\",\"breadcrumb\":{\"@id\":\"https:\/\/web.umons.ac.be\/eshs\/fr\/etre-femme-et-journaliste-manon-libert\/#breadcrumb\"},\"inLanguage\":\"fr-FR\",\"potentialAction\":[{\"@type\":\"ReadAction\",\"target\":[\"https:\/\/web.umons.ac.be\/eshs\/fr\/etre-femme-et-journaliste-manon-libert\/\"]}]},{\"@type\":\"ImageObject\",\"inLanguage\":\"fr-FR\",\"@id\":\"https:\/\/web.umons.ac.be\/eshs\/fr\/etre-femme-et-journaliste-manon-libert\/#primaryimage\",\"url\":\"https:\/\/web.umons.ac.be\/app\/uploads\/sites\/8\/2021\/11\/E\u0302tre-femme-et-journaliste.png\",\"contentUrl\":\"https:\/\/web.umons.ac.be\/app\/uploads\/sites\/8\/2021\/11\/E\u0302tre-femme-et-journaliste.png\",\"width\":882,\"height\":422},{\"@type\":\"BreadcrumbList\",\"@id\":\"https:\/\/web.umons.ac.be\/eshs\/fr\/etre-femme-et-journaliste-manon-libert\/#breadcrumb\",\"itemListElement\":[{\"@type\":\"ListItem\",\"position\":1,\"name\":\"Accueil\",\"item\":\"https:\/\/web.umons.ac.be\/eshs\/fr\/\"},{\"@type\":\"ListItem\",\"position\":2,\"name\":\"Manon Libert, professeure de Communication \u00e0 l&rsquo;ESHS, co-signe \u00ab\u00a0\u00caTRE FEMME ET JOURNALISTE. Enqu\u00eate sociologique dans un monde au masculin\u00a0\u00bb\"}]},{\"@type\":\"WebSite\",\"@id\":\"https:\/\/web.umons.ac.be\/eshs\/#website\",\"url\":\"https:\/\/web.umons.ac.be\/eshs\/\",\"name\":\"Ecole \/ ESHS\",\"description\":\"\",\"potentialAction\":[{\"@type\":\"SearchAction\",\"target\":{\"@type\":\"EntryPoint\",\"urlTemplate\":\"https:\/\/web.umons.ac.be\/eshs\/?s={search_term_string}\"},\"query-input\":{\"@type\":\"PropertyValueSpecification\",\"valueRequired\":true,\"valueName\":\"search_term_string\"}}],\"inLanguage\":\"fr-FR\"},{\"@type\":\"Person\",\"@id\":\"https:\/\/web.umons.ac.be\/eshs\/#\/schema\/person\/2c3bab41553e42e9be46ff25322acaa4\",\"name\":\"Am\u00e9lie Honorez\",\"image\":{\"@type\":\"ImageObject\",\"inLanguage\":\"fr-FR\",\"@id\":\"https:\/\/secure.gravatar.com\/avatar\/9c59f6e370e37a7f8cdf1962f6c0fc524d2e502d704933818079b1dfbae61d43?s=96&d=mm&r=g\",\"url\":\"https:\/\/secure.gravatar.com\/avatar\/9c59f6e370e37a7f8cdf1962f6c0fc524d2e502d704933818079b1dfbae61d43?s=96&d=mm&r=g\",\"contentUrl\":\"https:\/\/secure.gravatar.com\/avatar\/9c59f6e370e37a7f8cdf1962f6c0fc524d2e502d704933818079b1dfbae61d43?s=96&d=mm&r=g\",\"caption\":\"Am\u00e9lie Honorez\"},\"url\":\"https:\/\/web.umons.ac.be\/eshs\/author\/ahonorez\/\"}]}<\/script>\n<!-- \/ Yoast SEO plugin. -->","yoast_head_json":{"title":"Manon Libert, professeure de Communication \u00e0 l'ESHS, co-signe \u00ab\u00a0\u00caTRE FEMME ET JOURNALISTE. Enqu\u00eate sociologique dans un monde au masculin\u00a0\u00bb - Ecole \/ ESHS","description":"\u00caTRE FEMME ET JOURNALISTE. Enqu\u00eate sociologique dans un monde au masculin, Florence Le Cam, Manon Libert, Lise M\u00e9nalque","robots":{"index":"index","follow":"follow","max-snippet":"max-snippet:-1","max-image-preview":"max-image-preview:large","max-video-preview":"max-video-preview:-1"},"canonical":"https:\/\/web.umons.ac.be\/eshs\/fr\/etre-femme-et-journaliste-manon-libert\/","og_locale":"fr_FR","og_type":"article","og_title":"Manon Libert, professeure de Communication \u00e0 l'ESHS, co-signe \u00ab\u00a0\u00caTRE FEMME ET JOURNALISTE. Enqu\u00eate sociologique dans un monde au masculin\u00a0\u00bb - Ecole \/ ESHS","og_description":"\u00caTRE FEMME ET JOURNALISTE. Enqu\u00eate sociologique dans un monde au masculin, Florence Le Cam, Manon Libert, Lise M\u00e9nalque","og_url":"https:\/\/web.umons.ac.be\/eshs\/fr\/etre-femme-et-journaliste-manon-libert\/","og_site_name":"Ecole \/ ESHS","article_published_time":"2021-11-24T13:00:38+00:00","article_modified_time":"2021-12-01T15:32:51+00:00","og_image":[{"width":882,"height":422,"url":"https:\/\/web.umons.ac.be\/app\/uploads\/sites\/8\/2021\/11\/E\u0302tre-femme-et-journaliste.png","type":"image\/png"}],"author":"Am\u00e9lie Honorez","twitter_card":"summary_large_image","twitter_misc":{"\u00c9crit par":"Am\u00e9lie Honorez","Dur\u00e9e de lecture estim\u00e9e":"3 minutes"},"schema":{"@context":"https:\/\/schema.org","@graph":[{"@type":"Article","@id":"https:\/\/web.umons.ac.be\/eshs\/fr\/etre-femme-et-journaliste-manon-libert\/#article","isPartOf":{"@id":"https:\/\/web.umons.ac.be\/eshs\/fr\/etre-femme-et-journaliste-manon-libert\/"},"author":{"name":"Am\u00e9lie Honorez","@id":"https:\/\/web.umons.ac.be\/eshs\/#\/schema\/person\/2c3bab41553e42e9be46ff25322acaa4"},"headline":"Manon Libert, professeure de Communication \u00e0 l&rsquo;ESHS, co-signe \u00ab\u00a0\u00caTRE FEMME ET JOURNALISTE. Enqu\u00eate sociologique dans un monde au masculin\u00a0\u00bb","datePublished":"2021-11-24T13:00:38+00:00","dateModified":"2021-12-01T15:32:51+00:00","mainEntityOfPage":{"@id":"https:\/\/web.umons.ac.be\/eshs\/fr\/etre-femme-et-journaliste-manon-libert\/"},"wordCount":526,"commentCount":0,"image":{"@id":"https:\/\/web.umons.ac.be\/eshs\/fr\/etre-femme-et-journaliste-manon-libert\/#primaryimage"},"thumbnailUrl":"https:\/\/web.umons.ac.be\/app\/uploads\/sites\/8\/2021\/11\/E\u0302tre-femme-et-journaliste.png","articleSection":["Publication"],"inLanguage":"fr-FR","potentialAction":[{"@type":"CommentAction","name":"Comment","target":["https:\/\/web.umons.ac.be\/eshs\/fr\/etre-femme-et-journaliste-manon-libert\/#respond"]}]},{"@type":"WebPage","@id":"https:\/\/web.umons.ac.be\/eshs\/fr\/etre-femme-et-journaliste-manon-libert\/","url":"https:\/\/web.umons.ac.be\/eshs\/fr\/etre-femme-et-journaliste-manon-libert\/","name":"Manon Libert, professeure de Communication \u00e0 l'ESHS, co-signe \u00ab\u00a0\u00caTRE FEMME ET JOURNALISTE. Enqu\u00eate sociologique dans un monde au masculin\u00a0\u00bb - Ecole \/ ESHS","isPartOf":{"@id":"https:\/\/web.umons.ac.be\/eshs\/#website"},"primaryImageOfPage":{"@id":"https:\/\/web.umons.ac.be\/eshs\/fr\/etre-femme-et-journaliste-manon-libert\/#primaryimage"},"image":{"@id":"https:\/\/web.umons.ac.be\/eshs\/fr\/etre-femme-et-journaliste-manon-libert\/#primaryimage"},"thumbnailUrl":"https:\/\/web.umons.ac.be\/app\/uploads\/sites\/8\/2021\/11\/E\u0302tre-femme-et-journaliste.png","datePublished":"2021-11-24T13:00:38+00:00","dateModified":"2021-12-01T15:32:51+00:00","author":{"@id":"https:\/\/web.umons.ac.be\/eshs\/#\/schema\/person\/2c3bab41553e42e9be46ff25322acaa4"},"description":"\u00caTRE FEMME ET JOURNALISTE. Enqu\u00eate sociologique dans un monde au masculin, Florence Le Cam, Manon Libert, Lise M\u00e9nalque","breadcrumb":{"@id":"https:\/\/web.umons.ac.be\/eshs\/fr\/etre-femme-et-journaliste-manon-libert\/#breadcrumb"},"inLanguage":"fr-FR","potentialAction":[{"@type":"ReadAction","target":["https:\/\/web.umons.ac.be\/eshs\/fr\/etre-femme-et-journaliste-manon-libert\/"]}]},{"@type":"ImageObject","inLanguage":"fr-FR","@id":"https:\/\/web.umons.ac.be\/eshs\/fr\/etre-femme-et-journaliste-manon-libert\/#primaryimage","url":"https:\/\/web.umons.ac.be\/app\/uploads\/sites\/8\/2021\/11\/E\u0302tre-femme-et-journaliste.png","contentUrl":"https:\/\/web.umons.ac.be\/app\/uploads\/sites\/8\/2021\/11\/E\u0302tre-femme-et-journaliste.png","width":882,"height":422},{"@type":"BreadcrumbList","@id":"https:\/\/web.umons.ac.be\/eshs\/fr\/etre-femme-et-journaliste-manon-libert\/#breadcrumb","itemListElement":[{"@type":"ListItem","position":1,"name":"Accueil","item":"https:\/\/web.umons.ac.be\/eshs\/fr\/"},{"@type":"ListItem","position":2,"name":"Manon Libert, professeure de Communication \u00e0 l&rsquo;ESHS, co-signe \u00ab\u00a0\u00caTRE FEMME ET JOURNALISTE. Enqu\u00eate sociologique dans un monde au masculin\u00a0\u00bb"}]},{"@type":"WebSite","@id":"https:\/\/web.umons.ac.be\/eshs\/#website","url":"https:\/\/web.umons.ac.be\/eshs\/","name":"Ecole \/ ESHS","description":"","potentialAction":[{"@type":"SearchAction","target":{"@type":"EntryPoint","urlTemplate":"https:\/\/web.umons.ac.be\/eshs\/?s={search_term_string}"},"query-input":{"@type":"PropertyValueSpecification","valueRequired":true,"valueName":"search_term_string"}}],"inLanguage":"fr-FR"},{"@type":"Person","@id":"https:\/\/web.umons.ac.be\/eshs\/#\/schema\/person\/2c3bab41553e42e9be46ff25322acaa4","name":"Am\u00e9lie Honorez","image":{"@type":"ImageObject","inLanguage":"fr-FR","@id":"https:\/\/secure.gravatar.com\/avatar\/9c59f6e370e37a7f8cdf1962f6c0fc524d2e502d704933818079b1dfbae61d43?s=96&d=mm&r=g","url":"https:\/\/secure.gravatar.com\/avatar\/9c59f6e370e37a7f8cdf1962f6c0fc524d2e502d704933818079b1dfbae61d43?s=96&d=mm&r=g","contentUrl":"https:\/\/secure.gravatar.com\/avatar\/9c59f6e370e37a7f8cdf1962f6c0fc524d2e502d704933818079b1dfbae61d43?s=96&d=mm&r=g","caption":"Am\u00e9lie Honorez"},"url":"https:\/\/web.umons.ac.be\/eshs\/author\/ahonorez\/"}]}},"lang":"fr","translations":{"fr":853},"pll_sync_post":[],"_links":{"self":[{"href":"https:\/\/web.umons.ac.be\/eshs\/wp-json\/wp\/v2\/posts\/853","targetHints":{"allow":["GET"]}}],"collection":[{"href":"https:\/\/web.umons.ac.be\/eshs\/wp-json\/wp\/v2\/posts"}],"about":[{"href":"https:\/\/web.umons.ac.be\/eshs\/wp-json\/wp\/v2\/types\/post"}],"author":[{"embeddable":true,"href":"https:\/\/web.umons.ac.be\/eshs\/wp-json\/wp\/v2\/users\/43"}],"replies":[{"embeddable":true,"href":"https:\/\/web.umons.ac.be\/eshs\/wp-json\/wp\/v2\/comments?post=853"}],"version-history":[{"count":3,"href":"https:\/\/web.umons.ac.be\/eshs\/wp-json\/wp\/v2\/posts\/853\/revisions"}],"predecessor-version":[{"id":859,"href":"https:\/\/web.umons.ac.be\/eshs\/wp-json\/wp\/v2\/posts\/853\/revisions\/859"}],"wp:featuredmedia":[{"embeddable":true,"href":"https:\/\/web.umons.ac.be\/eshs\/wp-json\/wp\/v2\/media\/860"}],"wp:attachment":[{"href":"https:\/\/web.umons.ac.be\/eshs\/wp-json\/wp\/v2\/media?parent=853"}],"wp:term":[{"taxonomy":"category","embeddable":true,"href":"https:\/\/web.umons.ac.be\/eshs\/wp-json\/wp\/v2\/categories?post=853"},{"taxonomy":"post_tag","embeddable":true,"href":"https:\/\/web.umons.ac.be\/eshs\/wp-json\/wp\/v2\/tags?post=853"}],"curies":[{"name":"wp","href":"https:\/\/api.w.org\/{rel}","templated":true}]}}