{"id":871,"date":"2021-12-20T17:04:10","date_gmt":"2021-12-20T16:04:10","guid":{"rendered":"https:\/\/web.umons.ac.be\/eshs\/?p=871"},"modified":"2021-12-20T17:04:10","modified_gmt":"2021-12-20T16:04:10","slug":"prix-de-lecrit-social-2021-pascale-jamoulle-remporte-le-prix-du-jury-etudiant","status":"publish","type":"post","link":"https:\/\/web.umons.ac.be\/eshs\/fr\/prix-de-lecrit-social-2021-pascale-jamoulle-remporte-le-prix-du-jury-etudiant\/","title":{"rendered":"Prix de l&rsquo;Ecrit Social 2021 : Pascale Jamoulle remporte le prix du Jury Etudiant"},"content":{"rendered":"<p>Chaque ann\u00e9e, il d\u00e9livre deux prix honorifiques :<\/p>\n<ul>\n<li>Le prix de l\u2019ouvrage\u00a0;<\/li>\n<li>Le prix de l\u2019article de presse professionnelle r\u00e9dig\u00e9 par un journaliste ou un professionnel de terrain.<\/li>\n<\/ul>\n<p><strong>Les Laur\u00e9ates 2021<\/strong><\/p>\n<p>Pascale Jamoulle est laur\u00e9ate du Prix du Jury \u00c9tudiant 2021 pour son ouvrage<a href=\"https:\/\/www.editionsladecouverte.fr\/je_n_existais_plus-9782348065101\"><em> Je n&rsquo;existais plus, Les mondes de l&#8217;emprise et de la d\u00e9prise<\/em><\/a>, paru aux \u00c9ditions La D\u00e9couverte. Le prix du jury \u00e9tudiant est issu d\u2019un jury compos\u00e9 uniquement d\u2019\u00e9tudiants de l\u2019ARIFTS.<\/p>\n<p>Rose Marie Lagrave est laur\u00e9ate du Prix de l&rsquo;\u00c9crit Social Ouvrage 2021 pour son livre <a href=\"https:\/\/www.editionsladecouverte.fr\/se_ressaisir-9782348045035\"><em>Se ressaisir, Autobiographie d&rsquo;une transfuge de classe f\u00e9ministe<\/em><\/a>, paru aux \u00c9ditions La D\u00e9couverte. Le prix de l\u2019\u00e9crit social Ouvrage est d\u00e9livr\u00e9 par un jury pluriel, compos\u00e9 de formateurs, de professionnels et aussi d\u2019\u00e9tudiants.<\/p>\n<p>Le Prix de l&rsquo;Article 2021 \u00e9t\u00e9 attribu\u00e9 \u00e0 Laura Delcourt pour PRISON, RUE, FOYER : UNE TRAJECTOIRE \u00c0 LA CROIS\u00c9E DU P\u00c9NAL ET DE L\u2019AIDE SOCIALE, Association des Chercheurs des Organismes de la Formation et de l&rsquo;Intervention Sociales paru dans \u00ab Sciences &amp; Actions Sociales \u00bb 2020\/1 N\u00b0 13.<\/p>\n<p><strong>\u00c0 propos de Je n&rsquo;existais plus, Les mondes de l&#8217;emprise et de la d\u00e9prise<\/strong><\/p>\n<p><img loading=\"lazy\" decoding=\"async\" class=\"size-medium wp-image-869 alignleft\" src=\"https:\/\/web.umons.ac.be\/app\/uploads\/sites\/8\/2021\/12\/9782348065101-184x300.jpeg\" alt=\"\" width=\"184\" height=\"300\" srcset=\"https:\/\/web.umons.ac.be\/app\/uploads\/sites\/8\/2021\/12\/9782348065101-184x300.jpeg 184w, https:\/\/web.umons.ac.be\/app\/uploads\/sites\/8\/2021\/12\/9782348065101-628x1024.jpeg 628w, https:\/\/web.umons.ac.be\/app\/uploads\/sites\/8\/2021\/12\/9782348065101-768x1252.jpeg 768w, https:\/\/web.umons.ac.be\/app\/uploads\/sites\/8\/2021\/12\/9782348065101-405x660.jpeg 405w, https:\/\/web.umons.ac.be\/app\/uploads\/sites\/8\/2021\/12\/9782348065101-30x49.jpeg 30w, https:\/\/web.umons.ac.be\/app\/uploads\/sites\/8\/2021\/12\/9782348065101-37x60.jpeg 37w, https:\/\/web.umons.ac.be\/app\/uploads\/sites\/8\/2021\/12\/9782348065101-360x587.jpeg 360w, https:\/\/web.umons.ac.be\/app\/uploads\/sites\/8\/2021\/12\/9782348065101.jpeg 800w\" sizes=\"auto, (max-width: 184px) 100vw, 184px\" \/>\u00ab Je n\u2019existais plus. \u00bb Cette phrase, Pascale Jamoulle l\u2019a entendue \u00e0 de multiples reprises lors de l\u2019enqu\u00eate de terrain qu\u2019elle a men\u00e9e, pendant sept ans, pour mieux cerner et comprendre ce fait social contemporain qu\u2019est l\u2019emprise. Prononc\u00e9s par des personnes qui se sont longtemps tues, ces mots en r\u00e9sument les effets d\u2019an\u00e9antissement et de d\u00e9personnalisation. Auparavant libres de penser et d\u2019exister par elles-m\u00eames, elles sont devenues d\u00e9pendantes d\u2019un pr\u00e9dateur ou d\u2019un syst\u00e8me pr\u00e9dateur, charismatique. En les pi\u00e9geant, celui-ci s\u2019est appropri\u00e9 graduellement diff\u00e9rentes dimensions (physiques, mentales, socio\u00e9conomiques, symboliques&#8230;) de leur existence.<\/p>\n<p>Cet ouvrage explore et cherche \u00e0 \u00e9lucider les syst\u00e8mes d\u2019emprise, les passages d\u2019une emprise \u00e0 une autre, ainsi que les dynamiques d\u2019\u00e9mancipation qui permettent de s\u2019en lib\u00e9rer. Il croise les lieux d\u2019investigation (le couple, la famille, le soin, le travail, l\u2019\u00e9conomie souterraine) et les r\u00e9cits de personnes touch\u00e9es. Il pose en particulier cette question anthropologique : les syst\u00e8mes d\u2019emprise ont-ils la m\u00eame structure, d\u2019un terrain \u00e0 l\u2019autre ? Les processus lents et progressifs de la d\u00e9prise sont-ils similaires ?<\/p>\n<p>&nbsp;<\/p>\n<p>\u00ab\u00a0Je n&rsquo;existais plus, Les mondes de l&#8217;emprise et de la d\u00e9prise\u00a0\u00bb est disponible en librairies ainsi qu\u2019 \u00e0 la FNAC et sur Amazon en version papier (22 \u20ac) et version num\u00e9rique (14,99 \u20ac).<\/p>\n<p><strong>Remise des Prix<\/strong><\/p>\n<p>La remise des prix aura lieu le jeudi 3 f\u00e9vrier 2021 de 10h \u00e0 12h, et sera suivie d&rsquo;une conf\u00e9rence des laur\u00e9ates de 14h \u00e0 16h.<\/p>\n<p>Entr\u00e9e libre dans la limite des places disponibles.<\/p>\n<p><strong>\u00c0 propos de Pascale Jamoulle<\/strong><\/p>\n<p>Pascale Jamoulle\u00a0est docteure en anthropologie, licenci\u00e9e en lettres et assistante sociale. Charg\u00e9e de cours \u00e0 l\u2019UMONS (Universit\u00e9 de Mons) et professeure \u00e0 l\u2019UCL (Universit\u00e9 de Louvain), elle est membre du Centre de recherche en inclusion sociale (CeRIS\/UMONS) et du Laboratoire d\u2019anthropologie prospective (Laap\/UCL). Elle a notamment publi\u00e9 \u00e0 La D\u00e9couverte\u00a0<a href=\"https:\/\/www.amazon.fr\/hommes-sur-fil-construction-lidentit%C3%A9\/dp\/2707147540\/ref=sr_1_5?adgrpid=58336638389&amp;gclid=Cj0KCQiA5OuNBhCRARIsACgaiqWRPd9sPiqax9Oy4uBKKO6XkAR0OqPCEEm1J0wMsnyAnuq7XN0r8QgaAgY_EALw_wcB&amp;hvadid=294083236071&amp;hvdev=c&amp;hvlocphy=1001360&amp;hvnetw=g&amp;hvqmt=b&amp;hvrand=888772760439556365&amp;hvtargid=kwd-342386430604&amp;hydadcr=7708_1761854&amp;keywords=pascale+jamoulle&amp;qid=1639668272&amp;sr=8-5\"><em>Des hommes sur le fil<\/em><\/a>\u00a0(Poche, 2008), <a href=\"https:\/\/www.amazon.fr\/Fragments-dintime-Pascale-JAMOULLE\/dp\/2707156787\/ref=sr_1_2?adgrpid=58336638389&amp;gclid=Cj0KCQiA5OuNBhCRARIsACgaiqWRPd9sPiqax9Oy4uBKKO6XkAR0OqPCEEm1J0wMsnyAnuq7XN0r8QgaAgY_EALw_wcB&amp;hvadid=294083236071&amp;hvdev=c&amp;hvlocphy=1001360&amp;hvnetw=g&amp;hvqmt=b&amp;hvrand=888772760439556365&amp;hvtargid=kwd-342386430604&amp;hydadcr=7708_1761854&amp;keywords=pascale+jamoulle&amp;qid=1639668163&amp;sr=8-2\"><em>Fragments d\u2019intime<\/em><\/a>\u00a0(2009) et\u00a0<a href=\"https:\/\/www.amazon.fr\/Par-del%C3%A0-silences-Pascale-JAMOULLE\/dp\/2707177245\/ref=sr_1_7?adgrpid=58336638389&amp;gclid=Cj0KCQiA5OuNBhCRARIsACgaiqWRPd9sPiqax9Oy4uBKKO6XkAR0OqPCEEm1J0wMsnyAnuq7XN0r8QgaAgY_EALw_wcB&amp;hvadid=294083236071&amp;hvdev=c&amp;hvlocphy=1001360&amp;hvnetw=g&amp;hvqmt=b&amp;hvrand=888772760439556365&amp;hvtargid=kwd-342386430604&amp;hydadcr=7708_1761854&amp;keywords=pascale+jamoulle&amp;qid=1639668272&amp;sr=8-7\"><em>Par-del\u00e0 les silences<\/em><\/a>\u00a0(2013).<\/p>\n<p><strong>\u00c0 propos du Prix de l&rsquo;\u00c9crit Social<\/strong><\/p>\n<p>Pour en savoir plus, <a href=\"https:\/\/prixdelecritsocial.arifts.fr\/\">consultez le site du Prix de l&rsquo;Ecrit Social<\/a>.<\/p>\n","protected":false},"excerpt":{"rendered":"<p>Le Prix de l&rsquo;\u00c9crit Social est n\u00e9 \u00e0 l\u2019Association R\u00e9gionale pour l&rsquo;institut de formation en travail social (ARIFTS) dans le courant de l&rsquo;ann\u00e9e 2011. En accord avec la Charte associative, son principe g\u00e9n\u00e9ral repose sur une ouverture citoyenne et p\u00e9dagogique au monde des id\u00e9es, de la connaissance, de l&rsquo;expertise et du terrain professionnel.<\/p>\n","protected":false},"author":43,"featured_media":869,"comment_status":"open","ping_status":"open","sticky":false,"template":"","format":"standard","meta":{"footnotes":""},"categories":[82,84],"tags":[],"class_list":["post-871","post","type-post","status-publish","format-standard","has-post-thumbnail","hentry","category-prix","category-prix-bourses-et-distinctions"],"yoast_head":"<!-- This site is optimized with the Yoast SEO plugin v27.2 - https:\/\/yoast.com\/product\/yoast-seo-wordpress\/ -->\n<title>Prix de l&#039;Ecrit Social 2021 : Pascale Jamoulle remporte le prix du Jury Etudiant - Ecole \/ ESHS<\/title>\n<meta name=\"description\" content=\"Pascale Jamoulle laur\u00e9ate du Prix de l&#039;Ecrit Social 2021 (cat\u00e9gorie Jury Etudiant). Je n&#039;existais plus. Les mondes de l&#039;emprise ...\" \/>\n<meta name=\"robots\" content=\"index, follow, max-snippet:-1, max-image-preview:large, max-video-preview:-1\" \/>\n<link rel=\"canonical\" href=\"https:\/\/web.umons.ac.be\/eshs\/fr\/prix-de-lecrit-social-2021-pascale-jamoulle-remporte-le-prix-du-jury-etudiant\/\" \/>\n<meta property=\"og:locale\" content=\"fr_FR\" \/>\n<meta property=\"og:type\" content=\"article\" \/>\n<meta property=\"og:title\" content=\"Prix de l&#039;Ecrit Social 2021 : Pascale Jamoulle remporte le prix du Jury Etudiant - Ecole \/ ESHS\" \/>\n<meta property=\"og:description\" content=\"Pascale Jamoulle laur\u00e9ate du Prix de l&#039;Ecrit Social 2021 (cat\u00e9gorie Jury Etudiant). Je n&#039;existais plus. Les mondes de l&#039;emprise ...\" \/>\n<meta property=\"og:url\" content=\"https:\/\/web.umons.ac.be\/eshs\/fr\/prix-de-lecrit-social-2021-pascale-jamoulle-remporte-le-prix-du-jury-etudiant\/\" \/>\n<meta property=\"og:site_name\" content=\"Ecole \/ ESHS\" \/>\n<meta property=\"article:published_time\" content=\"2021-12-20T16:04:10+00:00\" \/>\n<meta property=\"og:image\" content=\"https:\/\/web.umons.ac.be\/app\/uploads\/sites\/8\/2021\/12\/9782348065101.jpeg\" \/>\n\t<meta property=\"og:image:width\" content=\"800\" \/>\n\t<meta property=\"og:image:height\" content=\"1304\" \/>\n\t<meta property=\"og:image:type\" content=\"image\/jpeg\" \/>\n<meta name=\"author\" content=\"Am\u00e9lie Honorez\" \/>\n<meta name=\"twitter:card\" content=\"summary_large_image\" \/>\n<meta name=\"twitter:image\" content=\"https:\/\/web.umons.ac.be\/app\/uploads\/sites\/8\/2021\/12\/9782348065101.jpeg\" \/>\n<meta name=\"twitter:label1\" content=\"\u00c9crit par\" \/>\n\t<meta name=\"twitter:data1\" content=\"Am\u00e9lie Honorez\" \/>\n\t<meta name=\"twitter:label2\" content=\"Dur\u00e9e de lecture estim\u00e9e\" \/>\n\t<meta name=\"twitter:data2\" content=\"3 minutes\" \/>\n<script type=\"application\/ld+json\" class=\"yoast-schema-graph\">{\"@context\":\"https:\/\/schema.org\",\"@graph\":[{\"@type\":\"Article\",\"@id\":\"https:\/\/web.umons.ac.be\/eshs\/fr\/prix-de-lecrit-social-2021-pascale-jamoulle-remporte-le-prix-du-jury-etudiant\/#article\",\"isPartOf\":{\"@id\":\"https:\/\/web.umons.ac.be\/eshs\/fr\/prix-de-lecrit-social-2021-pascale-jamoulle-remporte-le-prix-du-jury-etudiant\/\"},\"author\":{\"name\":\"Am\u00e9lie Honorez\",\"@id\":\"https:\/\/web.umons.ac.be\/eshs\/#\/schema\/person\/2c3bab41553e42e9be46ff25322acaa4\"},\"headline\":\"Prix de l&rsquo;Ecrit Social 2021 : Pascale Jamoulle remporte le prix du Jury Etudiant\",\"datePublished\":\"2021-12-20T16:04:10+00:00\",\"mainEntityOfPage\":{\"@id\":\"https:\/\/web.umons.ac.be\/eshs\/fr\/prix-de-lecrit-social-2021-pascale-jamoulle-remporte-le-prix-du-jury-etudiant\/\"},\"wordCount\":581,\"commentCount\":0,\"image\":{\"@id\":\"https:\/\/web.umons.ac.be\/eshs\/fr\/prix-de-lecrit-social-2021-pascale-jamoulle-remporte-le-prix-du-jury-etudiant\/#primaryimage\"},\"thumbnailUrl\":\"https:\/\/web.umons.ac.be\/app\/uploads\/sites\/8\/2021\/12\/9782348065101.jpeg\",\"articleSection\":[\"Prix\",\"Prix, bourses et distinctions\"],\"inLanguage\":\"fr-FR\",\"potentialAction\":[{\"@type\":\"CommentAction\",\"name\":\"Comment\",\"target\":[\"https:\/\/web.umons.ac.be\/eshs\/fr\/prix-de-lecrit-social-2021-pascale-jamoulle-remporte-le-prix-du-jury-etudiant\/#respond\"]}]},{\"@type\":\"WebPage\",\"@id\":\"https:\/\/web.umons.ac.be\/eshs\/fr\/prix-de-lecrit-social-2021-pascale-jamoulle-remporte-le-prix-du-jury-etudiant\/\",\"url\":\"https:\/\/web.umons.ac.be\/eshs\/fr\/prix-de-lecrit-social-2021-pascale-jamoulle-remporte-le-prix-du-jury-etudiant\/\",\"name\":\"Prix de l'Ecrit Social 2021 : Pascale Jamoulle remporte le prix du Jury Etudiant - Ecole \/ ESHS\",\"isPartOf\":{\"@id\":\"https:\/\/web.umons.ac.be\/eshs\/#website\"},\"primaryImageOfPage\":{\"@id\":\"https:\/\/web.umons.ac.be\/eshs\/fr\/prix-de-lecrit-social-2021-pascale-jamoulle-remporte-le-prix-du-jury-etudiant\/#primaryimage\"},\"image\":{\"@id\":\"https:\/\/web.umons.ac.be\/eshs\/fr\/prix-de-lecrit-social-2021-pascale-jamoulle-remporte-le-prix-du-jury-etudiant\/#primaryimage\"},\"thumbnailUrl\":\"https:\/\/web.umons.ac.be\/app\/uploads\/sites\/8\/2021\/12\/9782348065101.jpeg\",\"datePublished\":\"2021-12-20T16:04:10+00:00\",\"author\":{\"@id\":\"https:\/\/web.umons.ac.be\/eshs\/#\/schema\/person\/2c3bab41553e42e9be46ff25322acaa4\"},\"description\":\"Pascale Jamoulle laur\u00e9ate du Prix de l'Ecrit Social 2021 (cat\u00e9gorie Jury Etudiant). Je n'existais plus. Les mondes de l'emprise ...\",\"breadcrumb\":{\"@id\":\"https:\/\/web.umons.ac.be\/eshs\/fr\/prix-de-lecrit-social-2021-pascale-jamoulle-remporte-le-prix-du-jury-etudiant\/#breadcrumb\"},\"inLanguage\":\"fr-FR\",\"potentialAction\":[{\"@type\":\"ReadAction\",\"target\":[\"https:\/\/web.umons.ac.be\/eshs\/fr\/prix-de-lecrit-social-2021-pascale-jamoulle-remporte-le-prix-du-jury-etudiant\/\"]}]},{\"@type\":\"ImageObject\",\"inLanguage\":\"fr-FR\",\"@id\":\"https:\/\/web.umons.ac.be\/eshs\/fr\/prix-de-lecrit-social-2021-pascale-jamoulle-remporte-le-prix-du-jury-etudiant\/#primaryimage\",\"url\":\"https:\/\/web.umons.ac.be\/app\/uploads\/sites\/8\/2021\/12\/9782348065101.jpeg\",\"contentUrl\":\"https:\/\/web.umons.ac.be\/app\/uploads\/sites\/8\/2021\/12\/9782348065101.jpeg\",\"width\":800,\"height\":1304},{\"@type\":\"BreadcrumbList\",\"@id\":\"https:\/\/web.umons.ac.be\/eshs\/fr\/prix-de-lecrit-social-2021-pascale-jamoulle-remporte-le-prix-du-jury-etudiant\/#breadcrumb\",\"itemListElement\":[{\"@type\":\"ListItem\",\"position\":1,\"name\":\"Accueil\",\"item\":\"https:\/\/web.umons.ac.be\/eshs\/fr\/\"},{\"@type\":\"ListItem\",\"position\":2,\"name\":\"Prix de l&rsquo;Ecrit Social 2021 : Pascale Jamoulle remporte le prix du Jury Etudiant\"}]},{\"@type\":\"WebSite\",\"@id\":\"https:\/\/web.umons.ac.be\/eshs\/#website\",\"url\":\"https:\/\/web.umons.ac.be\/eshs\/\",\"name\":\"Ecole \/ ESHS\",\"description\":\"\",\"potentialAction\":[{\"@type\":\"SearchAction\",\"target\":{\"@type\":\"EntryPoint\",\"urlTemplate\":\"https:\/\/web.umons.ac.be\/eshs\/?s={search_term_string}\"},\"query-input\":{\"@type\":\"PropertyValueSpecification\",\"valueRequired\":true,\"valueName\":\"search_term_string\"}}],\"inLanguage\":\"fr-FR\"},{\"@type\":\"Person\",\"@id\":\"https:\/\/web.umons.ac.be\/eshs\/#\/schema\/person\/2c3bab41553e42e9be46ff25322acaa4\",\"name\":\"Am\u00e9lie Honorez\",\"image\":{\"@type\":\"ImageObject\",\"inLanguage\":\"fr-FR\",\"@id\":\"https:\/\/secure.gravatar.com\/avatar\/9c59f6e370e37a7f8cdf1962f6c0fc524d2e502d704933818079b1dfbae61d43?s=96&d=mm&r=g\",\"url\":\"https:\/\/secure.gravatar.com\/avatar\/9c59f6e370e37a7f8cdf1962f6c0fc524d2e502d704933818079b1dfbae61d43?s=96&d=mm&r=g\",\"contentUrl\":\"https:\/\/secure.gravatar.com\/avatar\/9c59f6e370e37a7f8cdf1962f6c0fc524d2e502d704933818079b1dfbae61d43?s=96&d=mm&r=g\",\"caption\":\"Am\u00e9lie Honorez\"},\"url\":\"https:\/\/web.umons.ac.be\/eshs\/author\/ahonorez\/\"}]}<\/script>\n<!-- \/ Yoast SEO plugin. -->","yoast_head_json":{"title":"Prix de l'Ecrit Social 2021 : Pascale Jamoulle remporte le prix du Jury Etudiant - Ecole \/ ESHS","description":"Pascale Jamoulle laur\u00e9ate du Prix de l'Ecrit Social 2021 (cat\u00e9gorie Jury Etudiant). Je n'existais plus. Les mondes de l'emprise ...","robots":{"index":"index","follow":"follow","max-snippet":"max-snippet:-1","max-image-preview":"max-image-preview:large","max-video-preview":"max-video-preview:-1"},"canonical":"https:\/\/web.umons.ac.be\/eshs\/fr\/prix-de-lecrit-social-2021-pascale-jamoulle-remporte-le-prix-du-jury-etudiant\/","og_locale":"fr_FR","og_type":"article","og_title":"Prix de l'Ecrit Social 2021 : Pascale Jamoulle remporte le prix du Jury Etudiant - Ecole \/ ESHS","og_description":"Pascale Jamoulle laur\u00e9ate du Prix de l'Ecrit Social 2021 (cat\u00e9gorie Jury Etudiant). Je n'existais plus. Les mondes de l'emprise ...","og_url":"https:\/\/web.umons.ac.be\/eshs\/fr\/prix-de-lecrit-social-2021-pascale-jamoulle-remporte-le-prix-du-jury-etudiant\/","og_site_name":"Ecole \/ ESHS","article_published_time":"2021-12-20T16:04:10+00:00","og_image":[{"width":800,"height":1304,"url":"https:\/\/web.umons.ac.be\/app\/uploads\/sites\/8\/2021\/12\/9782348065101.jpeg","type":"image\/jpeg"}],"author":"Am\u00e9lie Honorez","twitter_card":"summary_large_image","twitter_image":"https:\/\/web.umons.ac.be\/app\/uploads\/sites\/8\/2021\/12\/9782348065101.jpeg","twitter_misc":{"\u00c9crit par":"Am\u00e9lie Honorez","Dur\u00e9e de lecture estim\u00e9e":"3 minutes"},"schema":{"@context":"https:\/\/schema.org","@graph":[{"@type":"Article","@id":"https:\/\/web.umons.ac.be\/eshs\/fr\/prix-de-lecrit-social-2021-pascale-jamoulle-remporte-le-prix-du-jury-etudiant\/#article","isPartOf":{"@id":"https:\/\/web.umons.ac.be\/eshs\/fr\/prix-de-lecrit-social-2021-pascale-jamoulle-remporte-le-prix-du-jury-etudiant\/"},"author":{"name":"Am\u00e9lie Honorez","@id":"https:\/\/web.umons.ac.be\/eshs\/#\/schema\/person\/2c3bab41553e42e9be46ff25322acaa4"},"headline":"Prix de l&rsquo;Ecrit Social 2021 : Pascale Jamoulle remporte le prix du Jury Etudiant","datePublished":"2021-12-20T16:04:10+00:00","mainEntityOfPage":{"@id":"https:\/\/web.umons.ac.be\/eshs\/fr\/prix-de-lecrit-social-2021-pascale-jamoulle-remporte-le-prix-du-jury-etudiant\/"},"wordCount":581,"commentCount":0,"image":{"@id":"https:\/\/web.umons.ac.be\/eshs\/fr\/prix-de-lecrit-social-2021-pascale-jamoulle-remporte-le-prix-du-jury-etudiant\/#primaryimage"},"thumbnailUrl":"https:\/\/web.umons.ac.be\/app\/uploads\/sites\/8\/2021\/12\/9782348065101.jpeg","articleSection":["Prix","Prix, bourses et distinctions"],"inLanguage":"fr-FR","potentialAction":[{"@type":"CommentAction","name":"Comment","target":["https:\/\/web.umons.ac.be\/eshs\/fr\/prix-de-lecrit-social-2021-pascale-jamoulle-remporte-le-prix-du-jury-etudiant\/#respond"]}]},{"@type":"WebPage","@id":"https:\/\/web.umons.ac.be\/eshs\/fr\/prix-de-lecrit-social-2021-pascale-jamoulle-remporte-le-prix-du-jury-etudiant\/","url":"https:\/\/web.umons.ac.be\/eshs\/fr\/prix-de-lecrit-social-2021-pascale-jamoulle-remporte-le-prix-du-jury-etudiant\/","name":"Prix de l'Ecrit Social 2021 : Pascale Jamoulle remporte le prix du Jury Etudiant - Ecole \/ ESHS","isPartOf":{"@id":"https:\/\/web.umons.ac.be\/eshs\/#website"},"primaryImageOfPage":{"@id":"https:\/\/web.umons.ac.be\/eshs\/fr\/prix-de-lecrit-social-2021-pascale-jamoulle-remporte-le-prix-du-jury-etudiant\/#primaryimage"},"image":{"@id":"https:\/\/web.umons.ac.be\/eshs\/fr\/prix-de-lecrit-social-2021-pascale-jamoulle-remporte-le-prix-du-jury-etudiant\/#primaryimage"},"thumbnailUrl":"https:\/\/web.umons.ac.be\/app\/uploads\/sites\/8\/2021\/12\/9782348065101.jpeg","datePublished":"2021-12-20T16:04:10+00:00","author":{"@id":"https:\/\/web.umons.ac.be\/eshs\/#\/schema\/person\/2c3bab41553e42e9be46ff25322acaa4"},"description":"Pascale Jamoulle laur\u00e9ate du Prix de l'Ecrit Social 2021 (cat\u00e9gorie Jury Etudiant). Je n'existais plus. Les mondes de l'emprise ...","breadcrumb":{"@id":"https:\/\/web.umons.ac.be\/eshs\/fr\/prix-de-lecrit-social-2021-pascale-jamoulle-remporte-le-prix-du-jury-etudiant\/#breadcrumb"},"inLanguage":"fr-FR","potentialAction":[{"@type":"ReadAction","target":["https:\/\/web.umons.ac.be\/eshs\/fr\/prix-de-lecrit-social-2021-pascale-jamoulle-remporte-le-prix-du-jury-etudiant\/"]}]},{"@type":"ImageObject","inLanguage":"fr-FR","@id":"https:\/\/web.umons.ac.be\/eshs\/fr\/prix-de-lecrit-social-2021-pascale-jamoulle-remporte-le-prix-du-jury-etudiant\/#primaryimage","url":"https:\/\/web.umons.ac.be\/app\/uploads\/sites\/8\/2021\/12\/9782348065101.jpeg","contentUrl":"https:\/\/web.umons.ac.be\/app\/uploads\/sites\/8\/2021\/12\/9782348065101.jpeg","width":800,"height":1304},{"@type":"BreadcrumbList","@id":"https:\/\/web.umons.ac.be\/eshs\/fr\/prix-de-lecrit-social-2021-pascale-jamoulle-remporte-le-prix-du-jury-etudiant\/#breadcrumb","itemListElement":[{"@type":"ListItem","position":1,"name":"Accueil","item":"https:\/\/web.umons.ac.be\/eshs\/fr\/"},{"@type":"ListItem","position":2,"name":"Prix de l&rsquo;Ecrit Social 2021 : Pascale Jamoulle remporte le prix du Jury Etudiant"}]},{"@type":"WebSite","@id":"https:\/\/web.umons.ac.be\/eshs\/#website","url":"https:\/\/web.umons.ac.be\/eshs\/","name":"Ecole \/ ESHS","description":"","potentialAction":[{"@type":"SearchAction","target":{"@type":"EntryPoint","urlTemplate":"https:\/\/web.umons.ac.be\/eshs\/?s={search_term_string}"},"query-input":{"@type":"PropertyValueSpecification","valueRequired":true,"valueName":"search_term_string"}}],"inLanguage":"fr-FR"},{"@type":"Person","@id":"https:\/\/web.umons.ac.be\/eshs\/#\/schema\/person\/2c3bab41553e42e9be46ff25322acaa4","name":"Am\u00e9lie Honorez","image":{"@type":"ImageObject","inLanguage":"fr-FR","@id":"https:\/\/secure.gravatar.com\/avatar\/9c59f6e370e37a7f8cdf1962f6c0fc524d2e502d704933818079b1dfbae61d43?s=96&d=mm&r=g","url":"https:\/\/secure.gravatar.com\/avatar\/9c59f6e370e37a7f8cdf1962f6c0fc524d2e502d704933818079b1dfbae61d43?s=96&d=mm&r=g","contentUrl":"https:\/\/secure.gravatar.com\/avatar\/9c59f6e370e37a7f8cdf1962f6c0fc524d2e502d704933818079b1dfbae61d43?s=96&d=mm&r=g","caption":"Am\u00e9lie Honorez"},"url":"https:\/\/web.umons.ac.be\/eshs\/author\/ahonorez\/"}]}},"lang":"fr","translations":{"fr":871},"pll_sync_post":[],"_links":{"self":[{"href":"https:\/\/web.umons.ac.be\/eshs\/wp-json\/wp\/v2\/posts\/871","targetHints":{"allow":["GET"]}}],"collection":[{"href":"https:\/\/web.umons.ac.be\/eshs\/wp-json\/wp\/v2\/posts"}],"about":[{"href":"https:\/\/web.umons.ac.be\/eshs\/wp-json\/wp\/v2\/types\/post"}],"author":[{"embeddable":true,"href":"https:\/\/web.umons.ac.be\/eshs\/wp-json\/wp\/v2\/users\/43"}],"replies":[{"embeddable":true,"href":"https:\/\/web.umons.ac.be\/eshs\/wp-json\/wp\/v2\/comments?post=871"}],"version-history":[{"count":1,"href":"https:\/\/web.umons.ac.be\/eshs\/wp-json\/wp\/v2\/posts\/871\/revisions"}],"predecessor-version":[{"id":872,"href":"https:\/\/web.umons.ac.be\/eshs\/wp-json\/wp\/v2\/posts\/871\/revisions\/872"}],"wp:featuredmedia":[{"embeddable":true,"href":"https:\/\/web.umons.ac.be\/eshs\/wp-json\/wp\/v2\/media\/869"}],"wp:attachment":[{"href":"https:\/\/web.umons.ac.be\/eshs\/wp-json\/wp\/v2\/media?parent=871"}],"wp:term":[{"taxonomy":"category","embeddable":true,"href":"https:\/\/web.umons.ac.be\/eshs\/wp-json\/wp\/v2\/categories?post=871"},{"taxonomy":"post_tag","embeddable":true,"href":"https:\/\/web.umons.ac.be\/eshs\/wp-json\/wp\/v2\/tags?post=871"}],"curies":[{"name":"wp","href":"https:\/\/api.w.org\/{rel}","templated":true}]}}