{"id":925,"date":"2022-06-16T11:43:54","date_gmt":"2022-06-16T09:43:54","guid":{"rendered":"https:\/\/web.umons.ac.be\/eshs\/?p=925"},"modified":"2022-08-16T16:31:12","modified_gmt":"2022-08-16T14:31:12","slug":"demenagement-eshs-rosa-parks","status":"publish","type":"post","link":"https:\/\/web.umons.ac.be\/eshs\/fr\/demenagement-eshs-rosa-parks\/","title":{"rendered":"L&rsquo;\u00c9cole des Sciences humaines et sociales d\u00e9m\u00e9nage au Rosa Parks !"},"content":{"rendered":"<h1>L&rsquo;ancien si\u00e8ge de la BNP Paribas Fortis d\u00e9marre une nouvelle vie<\/h1>\n<p>Construit \u00e0 la fin des ann\u00e9es 1970 pour h\u00e9berger le si\u00e8ge r\u00e9gional de ce qui \u00e9tait alors la G\u00e9n\u00e9rale de Banque, l&rsquo;\u00e9difice de 12 niveaux avait \u00e9t\u00e9 rachet\u00e9 en 2021 par l&rsquo;UMONS, qui a directement lanc\u00e9 des travaux pour y am\u00e9nager des salles de cours et des bureaux. 9 millions d&rsquo;euros avaient \u00e9t\u00e9 budg\u00e9tis\u00e9s pour r\u00e9am\u00e9nager ces 13 000 m\u00b2.<\/p>\n<blockquote><p><i>On amorce le d\u00e9m\u00e9nagement des services administratifs d\u00e8s le mois de mai. Suivront ensuite le d\u00e9m\u00e9nagement de l&rsquo;\u00c9cole de Sciences humaines et sociales et de l&rsquo;\u00c9cole de Droit. Nous serons compl\u00e8tement op\u00e9rationnels dans ce b\u00e2timent \u00e0 partir de la rentr\u00e9e de septembre<\/i>, indique le recteur de l&rsquo;UMONS Philippe Dubois. Un b\u00e2timent baptis\u00e9 \u00ab\u00a0Rosa Parks\u00a0\u00bb, du nom d&rsquo;une figure embl\u00e9matique de la lutte contre la s\u00e9gr\u00e9gation raciale aux Etats-Unis.<\/p><\/blockquote>\n<h2>Notre nouvelle adresse<\/h2>\n<p>9, Avenue Fr\u00e8re Orban &#8211; 7000 Mons<\/p>\n<p>Au-del\u00e0 de l&rsquo;\u00c9cole des Sciences humaines et sociales, vous trouverez dans ce b\u00e2timent :<\/p>\n<ul>\n<li>L&rsquo;AGE ESHS<\/li>\n<li>L&rsquo;\u00c9cole de Droit<\/li>\n<li>Le Service Relations internationales<\/li>\n<li>Le Service Formation Continue<\/li>\n<li>Le Service Inscriptions<\/li>\n<li>Le Service Audiovisuel<\/li>\n<\/ul>\n<p><a href=\"https:\/\/web.umons.ac.be\/app\/uploads\/sites\/8\/2022\/06\/Plan-Rosa-Parks.pdf\"><img loading=\"lazy\" decoding=\"async\" class=\"aligncenter wp-image-927\" src=\"https:\/\/web.umons.ac.be\/app\/uploads\/sites\/8\/2022\/06\/Plan-Rosa-Parks-300x224.png\" alt=\"\" width=\"629\" height=\"469\" srcset=\"https:\/\/web.umons.ac.be\/app\/uploads\/sites\/8\/2022\/06\/Plan-Rosa-Parks-300x224.png 300w, https:\/\/web.umons.ac.be\/app\/uploads\/sites\/8\/2022\/06\/Plan-Rosa-Parks-1024x765.png 1024w, https:\/\/web.umons.ac.be\/app\/uploads\/sites\/8\/2022\/06\/Plan-Rosa-Parks-768x573.png 768w, https:\/\/web.umons.ac.be\/app\/uploads\/sites\/8\/2022\/06\/Plan-Rosa-Parks-1536x1147.png 1536w, https:\/\/web.umons.ac.be\/app\/uploads\/sites\/8\/2022\/06\/Plan-Rosa-Parks-884x660.png 884w, https:\/\/web.umons.ac.be\/app\/uploads\/sites\/8\/2022\/06\/Plan-Rosa-Parks-30x22.png 30w, https:\/\/web.umons.ac.be\/app\/uploads\/sites\/8\/2022\/06\/Plan-Rosa-Parks-60x45.png 60w, https:\/\/web.umons.ac.be\/app\/uploads\/sites\/8\/2022\/06\/Plan-Rosa-Parks-360x269.png 360w, https:\/\/web.umons.ac.be\/app\/uploads\/sites\/8\/2022\/06\/Plan-Rosa-Parks.png 1650w\" sizes=\"auto, (max-width: 629px) 100vw, 629px\" \/><\/a><\/p>\n<h2>Welcome Week, du 12 au 16 septembre 2022<\/h2>\n<p>L\u2019UMONS propose de <em>\u00ab\u00a0Franchir le cap\u00a0\u00bb<\/em> \u00e0 tous ses nouveaux \u00e9tudiant.e.s de 1\u00e8re ann\u00e9e (Bloc 1 de Bachelier).<\/p>\n<p>La Welcome Week permettra aux nouveaux\/nouvelles \u00e9tudiant.es en Sciences humaines et sociales de d\u00e9couvrir l\u2019univers de l\u2019ESHS, d\u2019assister \u00e0 des cours introductifs et de prendre possession du B\u00e2timent Rosa Parks.<\/p>\n<p>Du 12 au 16 septembre 2022, soit la semaine juste avant la reprise officielle des cours, les nouveaux et nouvelles \u00e9tudiant.es sont invit\u00e9.es \u00e0 participer \u00e0 une <strong>s\u00e9rie d\u2019activit\u00e9s sp\u00e9cifiques<\/strong>\u00a0qui mettent l\u2019accent sur l\u2019accompagnement des nouveaux \u00e9tudiants, afin de t\u2019aider \u00e0 vivre une meilleure transition entre le secondaire et l\u2019universit\u00e9.<\/p>\n<p><strong>Au programme\u00a0de cette semaine de premier \u00ab\u00a0contact\u00a0\u00bb avec l\u2019UMONS :<\/strong><\/p>\n<ul>\n<li>Lundi 12 septembre\u00a0: accueil g\u00e9n\u00e9ral et accueil facultaire<\/li>\n<li>Mardi 13 septembre : atelier sur les outils num\u00e9riques, d\u00e9couverte du MUMONS, visite de la biblioth\u00e8que du Parc \u2026<\/li>\n<li>Mercredi 14 septembre\u00a0: journ\u00e9e d\u00e9couverte g\u00e9r\u00e9e par les \u00e9tudiants (ORE et AGEs)<\/li>\n<li>Jeudi 15 et vendredi 16 septembre : cours introductifs<\/li>\n<\/ul>\n<pre>Toutes les informations pratiques et le lien vers les\u00a0inscriptions\u00a0seront prochainement\u00a0disponibles <a href=\"https:\/\/web.umons.ac.be\/fr\/evenements\/welcome-week-et-cours-introductifs\/\">sur cette page<\/a>.<\/pre>\n","protected":false},"excerpt":{"rendered":"<p>La rentr\u00e9e acad\u00e9mique 2022-2023 s\u2019annonce sous les meilleurs auspices pour l&rsquo;ESHS avec l&rsquo;investissement du B\u00e2timent Rosa Parks. Le d\u00e9m\u00e9nagement s&rsquo;effectuera au cours du mois de juillet 2022 et permettra \u00e0 nos diff\u00e9rents services et enseignants de b\u00e9n\u00e9ficier de locaux r\u00e9cemment r\u00e9nov\u00e9s.<\/p>\n","protected":false},"author":43,"featured_media":929,"comment_status":"open","ping_status":"open","sticky":false,"template":"","format":"standard","meta":{"footnotes":""},"categories":[76],"tags":[122,120],"class_list":["post-925","post","type-post","status-publish","format-standard","has-post-thumbnail","hentry","category-enseignement","tag-demenagement","tag-rosa-parks"],"yoast_head":"<!-- This site is optimized with the Yoast SEO plugin v27.2 - https:\/\/yoast.com\/product\/yoast-seo-wordpress\/ -->\n<title>L&#039;\u00c9cole des Sciences humaines et sociales d\u00e9m\u00e9nage au Rosa Parks ! - Ecole \/ ESHS<\/title>\n<meta name=\"description\" content=\"L&#039;\u00c9cole des Sciences humaines et sociales d\u00e9m\u00e9nage au Rosa Parks. 9, Avenue Fr\u00e8re Orban 7000 Mons. D\u00e9couvrez notre nouveau campus.\" \/>\n<meta name=\"robots\" content=\"index, follow, max-snippet:-1, max-image-preview:large, max-video-preview:-1\" \/>\n<link rel=\"canonical\" href=\"https:\/\/web.umons.ac.be\/eshs\/fr\/demenagement-eshs-rosa-parks\/\" \/>\n<meta property=\"og:locale\" content=\"fr_FR\" \/>\n<meta property=\"og:type\" content=\"article\" \/>\n<meta property=\"og:title\" content=\"L&#039;\u00c9cole des Sciences humaines et sociales d\u00e9m\u00e9nage au Rosa Parks ! - Ecole \/ ESHS\" \/>\n<meta property=\"og:description\" content=\"L&#039;\u00c9cole des Sciences humaines et sociales d\u00e9m\u00e9nage au Rosa Parks. 9, Avenue Fr\u00e8re Orban 7000 Mons. D\u00e9couvrez notre nouveau campus.\" \/>\n<meta property=\"og:url\" content=\"https:\/\/web.umons.ac.be\/eshs\/fr\/demenagement-eshs-rosa-parks\/\" \/>\n<meta property=\"og:site_name\" content=\"Ecole \/ ESHS\" \/>\n<meta property=\"article:published_time\" content=\"2022-06-16T09:43:54+00:00\" \/>\n<meta property=\"article:modified_time\" content=\"2022-08-16T14:31:12+00:00\" \/>\n<meta property=\"og:image\" content=\"https:\/\/web.umons.ac.be\/app\/uploads\/sites\/8\/2022\/06\/Image3-360x201-1.jpeg\" \/>\n\t<meta property=\"og:image:width\" content=\"360\" \/>\n\t<meta property=\"og:image:height\" content=\"201\" \/>\n\t<meta property=\"og:image:type\" content=\"image\/jpeg\" \/>\n<meta name=\"author\" content=\"Am\u00e9lie Honorez\" \/>\n<meta name=\"twitter:card\" content=\"summary_large_image\" \/>\n<meta name=\"twitter:label1\" content=\"\u00c9crit par\" \/>\n\t<meta name=\"twitter:data1\" content=\"Am\u00e9lie Honorez\" \/>\n\t<meta name=\"twitter:label2\" content=\"Dur\u00e9e de lecture estim\u00e9e\" \/>\n\t<meta name=\"twitter:data2\" content=\"2 minutes\" \/>\n<script type=\"application\/ld+json\" class=\"yoast-schema-graph\">{\"@context\":\"https:\/\/schema.org\",\"@graph\":[{\"@type\":\"Article\",\"@id\":\"https:\/\/web.umons.ac.be\/eshs\/fr\/demenagement-eshs-rosa-parks\/#article\",\"isPartOf\":{\"@id\":\"https:\/\/web.umons.ac.be\/eshs\/fr\/demenagement-eshs-rosa-parks\/\"},\"author\":{\"name\":\"Am\u00e9lie Honorez\",\"@id\":\"https:\/\/web.umons.ac.be\/eshs\/#\/schema\/person\/2c3bab41553e42e9be46ff25322acaa4\"},\"headline\":\"L&rsquo;\u00c9cole des Sciences humaines et sociales d\u00e9m\u00e9nage au Rosa Parks !\",\"datePublished\":\"2022-06-16T09:43:54+00:00\",\"dateModified\":\"2022-08-16T14:31:12+00:00\",\"mainEntityOfPage\":{\"@id\":\"https:\/\/web.umons.ac.be\/eshs\/fr\/demenagement-eshs-rosa-parks\/\"},\"wordCount\":399,\"commentCount\":0,\"image\":{\"@id\":\"https:\/\/web.umons.ac.be\/eshs\/fr\/demenagement-eshs-rosa-parks\/#primaryimage\"},\"thumbnailUrl\":\"https:\/\/web.umons.ac.be\/app\/uploads\/sites\/8\/2022\/06\/Image3-360x201-1.jpeg\",\"keywords\":[\"D\u00e9m\u00e9nagement\",\"Rosa Parks\"],\"articleSection\":[\"Enseignement\"],\"inLanguage\":\"fr-FR\",\"potentialAction\":[{\"@type\":\"CommentAction\",\"name\":\"Comment\",\"target\":[\"https:\/\/web.umons.ac.be\/eshs\/fr\/demenagement-eshs-rosa-parks\/#respond\"]}]},{\"@type\":\"WebPage\",\"@id\":\"https:\/\/web.umons.ac.be\/eshs\/fr\/demenagement-eshs-rosa-parks\/\",\"url\":\"https:\/\/web.umons.ac.be\/eshs\/fr\/demenagement-eshs-rosa-parks\/\",\"name\":\"L'\u00c9cole des Sciences humaines et sociales d\u00e9m\u00e9nage au Rosa Parks ! - Ecole \/ ESHS\",\"isPartOf\":{\"@id\":\"https:\/\/web.umons.ac.be\/eshs\/#website\"},\"primaryImageOfPage\":{\"@id\":\"https:\/\/web.umons.ac.be\/eshs\/fr\/demenagement-eshs-rosa-parks\/#primaryimage\"},\"image\":{\"@id\":\"https:\/\/web.umons.ac.be\/eshs\/fr\/demenagement-eshs-rosa-parks\/#primaryimage\"},\"thumbnailUrl\":\"https:\/\/web.umons.ac.be\/app\/uploads\/sites\/8\/2022\/06\/Image3-360x201-1.jpeg\",\"datePublished\":\"2022-06-16T09:43:54+00:00\",\"dateModified\":\"2022-08-16T14:31:12+00:00\",\"author\":{\"@id\":\"https:\/\/web.umons.ac.be\/eshs\/#\/schema\/person\/2c3bab41553e42e9be46ff25322acaa4\"},\"description\":\"L'\u00c9cole des Sciences humaines et sociales d\u00e9m\u00e9nage au Rosa Parks. 9, Avenue Fr\u00e8re Orban 7000 Mons. D\u00e9couvrez notre nouveau campus.\",\"breadcrumb\":{\"@id\":\"https:\/\/web.umons.ac.be\/eshs\/fr\/demenagement-eshs-rosa-parks\/#breadcrumb\"},\"inLanguage\":\"fr-FR\",\"potentialAction\":[{\"@type\":\"ReadAction\",\"target\":[\"https:\/\/web.umons.ac.be\/eshs\/fr\/demenagement-eshs-rosa-parks\/\"]}]},{\"@type\":\"ImageObject\",\"inLanguage\":\"fr-FR\",\"@id\":\"https:\/\/web.umons.ac.be\/eshs\/fr\/demenagement-eshs-rosa-parks\/#primaryimage\",\"url\":\"https:\/\/web.umons.ac.be\/app\/uploads\/sites\/8\/2022\/06\/Image3-360x201-1.jpeg\",\"contentUrl\":\"https:\/\/web.umons.ac.be\/app\/uploads\/sites\/8\/2022\/06\/Image3-360x201-1.jpeg\",\"width\":360,\"height\":201},{\"@type\":\"BreadcrumbList\",\"@id\":\"https:\/\/web.umons.ac.be\/eshs\/fr\/demenagement-eshs-rosa-parks\/#breadcrumb\",\"itemListElement\":[{\"@type\":\"ListItem\",\"position\":1,\"name\":\"Accueil\",\"item\":\"https:\/\/web.umons.ac.be\/eshs\/fr\/\"},{\"@type\":\"ListItem\",\"position\":2,\"name\":\"L&rsquo;\u00c9cole des Sciences humaines et sociales d\u00e9m\u00e9nage au Rosa Parks !\"}]},{\"@type\":\"WebSite\",\"@id\":\"https:\/\/web.umons.ac.be\/eshs\/#website\",\"url\":\"https:\/\/web.umons.ac.be\/eshs\/\",\"name\":\"Ecole \/ ESHS\",\"description\":\"\",\"potentialAction\":[{\"@type\":\"SearchAction\",\"target\":{\"@type\":\"EntryPoint\",\"urlTemplate\":\"https:\/\/web.umons.ac.be\/eshs\/?s={search_term_string}\"},\"query-input\":{\"@type\":\"PropertyValueSpecification\",\"valueRequired\":true,\"valueName\":\"search_term_string\"}}],\"inLanguage\":\"fr-FR\"},{\"@type\":\"Person\",\"@id\":\"https:\/\/web.umons.ac.be\/eshs\/#\/schema\/person\/2c3bab41553e42e9be46ff25322acaa4\",\"name\":\"Am\u00e9lie Honorez\",\"image\":{\"@type\":\"ImageObject\",\"inLanguage\":\"fr-FR\",\"@id\":\"https:\/\/secure.gravatar.com\/avatar\/9c59f6e370e37a7f8cdf1962f6c0fc524d2e502d704933818079b1dfbae61d43?s=96&d=mm&r=g\",\"url\":\"https:\/\/secure.gravatar.com\/avatar\/9c59f6e370e37a7f8cdf1962f6c0fc524d2e502d704933818079b1dfbae61d43?s=96&d=mm&r=g\",\"contentUrl\":\"https:\/\/secure.gravatar.com\/avatar\/9c59f6e370e37a7f8cdf1962f6c0fc524d2e502d704933818079b1dfbae61d43?s=96&d=mm&r=g\",\"caption\":\"Am\u00e9lie Honorez\"},\"url\":\"https:\/\/web.umons.ac.be\/eshs\/author\/ahonorez\/\"}]}<\/script>\n<!-- \/ Yoast SEO plugin. -->","yoast_head_json":{"title":"L'\u00c9cole des Sciences humaines et sociales d\u00e9m\u00e9nage au Rosa Parks ! - Ecole \/ ESHS","description":"L'\u00c9cole des Sciences humaines et sociales d\u00e9m\u00e9nage au Rosa Parks. 9, Avenue Fr\u00e8re Orban 7000 Mons. D\u00e9couvrez notre nouveau campus.","robots":{"index":"index","follow":"follow","max-snippet":"max-snippet:-1","max-image-preview":"max-image-preview:large","max-video-preview":"max-video-preview:-1"},"canonical":"https:\/\/web.umons.ac.be\/eshs\/fr\/demenagement-eshs-rosa-parks\/","og_locale":"fr_FR","og_type":"article","og_title":"L'\u00c9cole des Sciences humaines et sociales d\u00e9m\u00e9nage au Rosa Parks ! - Ecole \/ ESHS","og_description":"L'\u00c9cole des Sciences humaines et sociales d\u00e9m\u00e9nage au Rosa Parks. 9, Avenue Fr\u00e8re Orban 7000 Mons. D\u00e9couvrez notre nouveau campus.","og_url":"https:\/\/web.umons.ac.be\/eshs\/fr\/demenagement-eshs-rosa-parks\/","og_site_name":"Ecole \/ ESHS","article_published_time":"2022-06-16T09:43:54+00:00","article_modified_time":"2022-08-16T14:31:12+00:00","og_image":[{"width":360,"height":201,"url":"https:\/\/web.umons.ac.be\/app\/uploads\/sites\/8\/2022\/06\/Image3-360x201-1.jpeg","type":"image\/jpeg"}],"author":"Am\u00e9lie Honorez","twitter_card":"summary_large_image","twitter_misc":{"\u00c9crit par":"Am\u00e9lie Honorez","Dur\u00e9e de lecture estim\u00e9e":"2 minutes"},"schema":{"@context":"https:\/\/schema.org","@graph":[{"@type":"Article","@id":"https:\/\/web.umons.ac.be\/eshs\/fr\/demenagement-eshs-rosa-parks\/#article","isPartOf":{"@id":"https:\/\/web.umons.ac.be\/eshs\/fr\/demenagement-eshs-rosa-parks\/"},"author":{"name":"Am\u00e9lie Honorez","@id":"https:\/\/web.umons.ac.be\/eshs\/#\/schema\/person\/2c3bab41553e42e9be46ff25322acaa4"},"headline":"L&rsquo;\u00c9cole des Sciences humaines et sociales d\u00e9m\u00e9nage au Rosa Parks !","datePublished":"2022-06-16T09:43:54+00:00","dateModified":"2022-08-16T14:31:12+00:00","mainEntityOfPage":{"@id":"https:\/\/web.umons.ac.be\/eshs\/fr\/demenagement-eshs-rosa-parks\/"},"wordCount":399,"commentCount":0,"image":{"@id":"https:\/\/web.umons.ac.be\/eshs\/fr\/demenagement-eshs-rosa-parks\/#primaryimage"},"thumbnailUrl":"https:\/\/web.umons.ac.be\/app\/uploads\/sites\/8\/2022\/06\/Image3-360x201-1.jpeg","keywords":["D\u00e9m\u00e9nagement","Rosa Parks"],"articleSection":["Enseignement"],"inLanguage":"fr-FR","potentialAction":[{"@type":"CommentAction","name":"Comment","target":["https:\/\/web.umons.ac.be\/eshs\/fr\/demenagement-eshs-rosa-parks\/#respond"]}]},{"@type":"WebPage","@id":"https:\/\/web.umons.ac.be\/eshs\/fr\/demenagement-eshs-rosa-parks\/","url":"https:\/\/web.umons.ac.be\/eshs\/fr\/demenagement-eshs-rosa-parks\/","name":"L'\u00c9cole des Sciences humaines et sociales d\u00e9m\u00e9nage au Rosa Parks ! - Ecole \/ ESHS","isPartOf":{"@id":"https:\/\/web.umons.ac.be\/eshs\/#website"},"primaryImageOfPage":{"@id":"https:\/\/web.umons.ac.be\/eshs\/fr\/demenagement-eshs-rosa-parks\/#primaryimage"},"image":{"@id":"https:\/\/web.umons.ac.be\/eshs\/fr\/demenagement-eshs-rosa-parks\/#primaryimage"},"thumbnailUrl":"https:\/\/web.umons.ac.be\/app\/uploads\/sites\/8\/2022\/06\/Image3-360x201-1.jpeg","datePublished":"2022-06-16T09:43:54+00:00","dateModified":"2022-08-16T14:31:12+00:00","author":{"@id":"https:\/\/web.umons.ac.be\/eshs\/#\/schema\/person\/2c3bab41553e42e9be46ff25322acaa4"},"description":"L'\u00c9cole des Sciences humaines et sociales d\u00e9m\u00e9nage au Rosa Parks. 9, Avenue Fr\u00e8re Orban 7000 Mons. D\u00e9couvrez notre nouveau campus.","breadcrumb":{"@id":"https:\/\/web.umons.ac.be\/eshs\/fr\/demenagement-eshs-rosa-parks\/#breadcrumb"},"inLanguage":"fr-FR","potentialAction":[{"@type":"ReadAction","target":["https:\/\/web.umons.ac.be\/eshs\/fr\/demenagement-eshs-rosa-parks\/"]}]},{"@type":"ImageObject","inLanguage":"fr-FR","@id":"https:\/\/web.umons.ac.be\/eshs\/fr\/demenagement-eshs-rosa-parks\/#primaryimage","url":"https:\/\/web.umons.ac.be\/app\/uploads\/sites\/8\/2022\/06\/Image3-360x201-1.jpeg","contentUrl":"https:\/\/web.umons.ac.be\/app\/uploads\/sites\/8\/2022\/06\/Image3-360x201-1.jpeg","width":360,"height":201},{"@type":"BreadcrumbList","@id":"https:\/\/web.umons.ac.be\/eshs\/fr\/demenagement-eshs-rosa-parks\/#breadcrumb","itemListElement":[{"@type":"ListItem","position":1,"name":"Accueil","item":"https:\/\/web.umons.ac.be\/eshs\/fr\/"},{"@type":"ListItem","position":2,"name":"L&rsquo;\u00c9cole des Sciences humaines et sociales d\u00e9m\u00e9nage au Rosa Parks !"}]},{"@type":"WebSite","@id":"https:\/\/web.umons.ac.be\/eshs\/#website","url":"https:\/\/web.umons.ac.be\/eshs\/","name":"Ecole \/ ESHS","description":"","potentialAction":[{"@type":"SearchAction","target":{"@type":"EntryPoint","urlTemplate":"https:\/\/web.umons.ac.be\/eshs\/?s={search_term_string}"},"query-input":{"@type":"PropertyValueSpecification","valueRequired":true,"valueName":"search_term_string"}}],"inLanguage":"fr-FR"},{"@type":"Person","@id":"https:\/\/web.umons.ac.be\/eshs\/#\/schema\/person\/2c3bab41553e42e9be46ff25322acaa4","name":"Am\u00e9lie Honorez","image":{"@type":"ImageObject","inLanguage":"fr-FR","@id":"https:\/\/secure.gravatar.com\/avatar\/9c59f6e370e37a7f8cdf1962f6c0fc524d2e502d704933818079b1dfbae61d43?s=96&d=mm&r=g","url":"https:\/\/secure.gravatar.com\/avatar\/9c59f6e370e37a7f8cdf1962f6c0fc524d2e502d704933818079b1dfbae61d43?s=96&d=mm&r=g","contentUrl":"https:\/\/secure.gravatar.com\/avatar\/9c59f6e370e37a7f8cdf1962f6c0fc524d2e502d704933818079b1dfbae61d43?s=96&d=mm&r=g","caption":"Am\u00e9lie Honorez"},"url":"https:\/\/web.umons.ac.be\/eshs\/author\/ahonorez\/"}]}},"lang":"fr","translations":{"fr":925},"pll_sync_post":[],"_links":{"self":[{"href":"https:\/\/web.umons.ac.be\/eshs\/wp-json\/wp\/v2\/posts\/925","targetHints":{"allow":["GET"]}}],"collection":[{"href":"https:\/\/web.umons.ac.be\/eshs\/wp-json\/wp\/v2\/posts"}],"about":[{"href":"https:\/\/web.umons.ac.be\/eshs\/wp-json\/wp\/v2\/types\/post"}],"author":[{"embeddable":true,"href":"https:\/\/web.umons.ac.be\/eshs\/wp-json\/wp\/v2\/users\/43"}],"replies":[{"embeddable":true,"href":"https:\/\/web.umons.ac.be\/eshs\/wp-json\/wp\/v2\/comments?post=925"}],"version-history":[{"count":3,"href":"https:\/\/web.umons.ac.be\/eshs\/wp-json\/wp\/v2\/posts\/925\/revisions"}],"predecessor-version":[{"id":936,"href":"https:\/\/web.umons.ac.be\/eshs\/wp-json\/wp\/v2\/posts\/925\/revisions\/936"}],"wp:featuredmedia":[{"embeddable":true,"href":"https:\/\/web.umons.ac.be\/eshs\/wp-json\/wp\/v2\/media\/929"}],"wp:attachment":[{"href":"https:\/\/web.umons.ac.be\/eshs\/wp-json\/wp\/v2\/media?parent=925"}],"wp:term":[{"taxonomy":"category","embeddable":true,"href":"https:\/\/web.umons.ac.be\/eshs\/wp-json\/wp\/v2\/categories?post=925"},{"taxonomy":"post_tag","embeddable":true,"href":"https:\/\/web.umons.ac.be\/eshs\/wp-json\/wp\/v2\/tags?post=925"}],"curies":[{"name":"wp","href":"https:\/\/api.w.org\/{rel}","templated":true}]}}