{"id":941,"date":"2022-09-13T10:58:53","date_gmt":"2022-09-13T08:58:53","guid":{"rendered":"https:\/\/web.umons.ac.be\/eshs\/?p=941"},"modified":"2022-09-13T10:58:53","modified_gmt":"2022-09-13T08:58:53","slug":"colloque-bande-dessinee-comics-pouvoir-politique","status":"publish","type":"post","link":"https:\/\/web.umons.ac.be\/eshs\/fr\/colloque-bande-dessinee-comics-pouvoir-politique\/","title":{"rendered":"Bande(s) dessin\u00e9e(s), comics, pouvoir et politique : colloque international, les 13 et 14 octobre 2022"},"content":{"rendered":"<p>Alors que les liens entre arts et politique ne sont plus \u00e0 d\u00e9montrer, le rapport de la bande dessin\u00e9e (terme g\u00e9n\u00e9rique recouvrant une diversit\u00e9 d\u2019expressions) au\/\u00e0 la politique n\u2019a \u00e9t\u00e9 que tr\u00e8s peu examin\u00e9. Hormis les analyses de <a href=\"https:\/\/fr.wikipedia.org\/wiki\/Pascal_Ory\">Pascal Ory<\/a> dans les magazines <a href=\"https:\/\/www.lire.fr\/\"><i>Lire<\/i><\/a>\u00a0et\u00a0<a href=\"https:\/\/www.lhistoire.fr\/\"><i>l\u2019Histoire<\/i><\/a> et quelques ouvrages, l\u2019\u00e9tude politiste de la bande dessin\u00e9e est encore lacunaire.<\/p>\n<p>Cette situation est d\u2019autant plus paradoxale que, si cette d\u00e9ficience a longtemps pu s\u2019expliquer par une prohibition de tout caract\u00e8re explicitement politique (notamment manifest\u00e9e en France par la loi de 1949 sur les publications \u00e0 destination de la jeunesse) ou la qualification de genre mineur peu digne d\u2019int\u00e9r\u00eat scientifique, la bande dessin\u00e9e a fini par \u00eatre assez nettement affranchie de la censure et consid\u00e9r\u00e9e comme un art \u00e0 part enti\u00e8re. Qui plus est, elle ne cesse de d\u2019aborder la\/le politique, au point que la bande dessin\u00e9e politique devienne un v\u00e9ritable genre au sein de la \u00ab\u00a0plan\u00e8te BD\u00a0\u00bb.<\/p>\n<p><img loading=\"lazy\" decoding=\"async\" class=\"size-medium wp-image-948 alignleft\" src=\"https:\/\/web.umons.ac.be\/app\/uploads\/sites\/8\/2022\/09\/bd-comics-pouvoir-et-politique-211x300.jpeg\" alt=\"\" width=\"211\" height=\"300\" srcset=\"https:\/\/web.umons.ac.be\/app\/uploads\/sites\/8\/2022\/09\/bd-comics-pouvoir-et-politique-211x300.jpeg 211w, https:\/\/web.umons.ac.be\/app\/uploads\/sites\/8\/2022\/09\/bd-comics-pouvoir-et-politique-30x43.jpeg 30w, https:\/\/web.umons.ac.be\/app\/uploads\/sites\/8\/2022\/09\/bd-comics-pouvoir-et-politique-42x60.jpeg 42w, https:\/\/web.umons.ac.be\/app\/uploads\/sites\/8\/2022\/09\/bd-comics-pouvoir-et-politique-360x512.jpeg 360w, https:\/\/web.umons.ac.be\/app\/uploads\/sites\/8\/2022\/09\/bd-comics-pouvoir-et-politique.jpeg 461w\" sizes=\"auto, (max-width: 211px) 100vw, 211px\" \/>D\u00e8s lors, c\u2019est en partant de ce constat que l\u2019<a href=\"https:\/\/www.uphf.fr\/\">Universit\u00e9 Polytechnique Hauts-de-France<\/a> (Valenciennes) et l\u2019UMONS ont d\u00e9cid\u00e9 d\u2019organiser le colloque \u00ab Bande(s) dessin\u00e9e(s), comics, pouvoir et politique \u00bb, les <b>13 et 14<\/b>\u00a0<b>octobre<\/b>\u00a0<b>2022<\/b>, \u00e0 raison d\u2019une journ\u00e9e sur chaque site.<\/p>\n<p>Abordant divers h\u00e9ros et auteurs, styles et genres, regroupant 17 communications, brassant science politique, histoire, sociologie et autres disciplines, ces deux journ\u00e9es permettront ainsi d\u2019explorer plusieurs th\u00e9matiques\u00a0: BD et comics, objets politiques\u00a0; la BD, vecteur de critique politique\u00a0?\u00a0; Repr\u00e9senter le pouvoir et ses \u00e9volutions\u00a0; la BD, support d\u2019une approche critique du social\u00a0; la BD, vecteur de revendication politique\u00a0; la BD, reflet de la politique internationale, seront ainsi abord\u00e9es. Ces sujets sont susceptibles d\u2019int\u00e9resser tous ceux qui, \u00e9tudiants, scientifiques, grand public, voient la bande dessin\u00e9e comme autre chose qu\u2019un simple divertissement.<\/p>\n<p align=\"JUSTIFY\">\n<h2 align=\"JUSTIFY\">Programme<\/h2>\n<h5 style=\"text-align: left\" align=\"CENTER\"><b>Jeudi 13 octobre 2022 &#8211; Valenciennes (Universit\u00e9 Polytechnique Hauts-de-France)<\/b><\/h5>\n<ul>\n<li><strong>8h30 : Accueil des participants (communicants et public)<\/strong><\/li>\n<li><strong>9 h : Ouverture du colloque<\/strong><\/li>\n<\/ul>\n<p align=\"JUSTIFY\">Mot d\u2019accueil par le Pr\u00e9sident de l\u2019UPHF ou son repr\u00e9sentant ; pr\u00e9sentation et introduction par les organisateurs<\/p>\n<ul>\n<li><strong>9h30 : BD et comics, des objets politiques<\/strong><\/li>\n<\/ul>\n<p>9h30 : La raison graphique. Investir la BD comme support scientifique et politique \/ ALAM Thomas\u00a0(MCF en science politique, Universit\u00e9 de Lille, CERAPS)\u00a0et\u00a0BUE Nicolas (Professeur de science politique, Universit\u00e9 d\u2019Artois, CERAPS)<\/p>\n<p>10h : Le pouvoir de la caricature politique par la bande : le cas des strips de Steve Bell \/ FRIANT KESSLER Brigitte (Ma\u00eetre de conf\u00e9rences en \u00e9tudes anglophones et arts visuels, UPHF)<\/p>\n<ul>\n<li><strong>10h30 : Discussion (20 mn) et pause (10 mn)<\/strong><\/li>\n<li><strong>11h : La BD, vecteur de critique politique ?<\/strong><\/li>\n<\/ul>\n<p>11h : Mafalda : la politique \u00e0 hauteur d&rsquo;enfant ? \/\u00a0RICHARD Thomas\u00a0(chercheur associ\u00e9 en science politique, Centre Michel de l&rsquo;Hospital, Universit\u00e9 Clermont-Auvergne)<\/p>\n<p>11h30 : La production des cr\u00e9atrices de BD en France, entre subversion et repolitisation \/ HERTIMAN Marys Renn\u00e9\u00a0(chercheuse-doctorante en Sciences sociales \u2013 InfoCom)<\/p>\n<p>12h : Le Chef et la Cit\u00e9\u00a0: critiques de l\u2019agir autoritaire par Enki Bilal. Approche herm\u00e9neutique de\u00a0<i>La Foire aux immortels \/ <\/i>ROELENS Camille (Centre Interdisciplinaire de Recherche en \u00c9thique, Universit\u00e9 de Lausanne)<\/p>\n<ul>\n<li><strong>12h30 : Discussion<\/strong><\/li>\n<li><strong>13h : D\u00e9jeuner<\/strong><\/li>\n<li><strong style=\"font-size: 14px\">14h30 : Repr\u00e9senter le pouvoir et ses \u00e9volutions<\/strong><\/li>\n<\/ul>\n<p>14h30 : Des absents tr\u00e8s pr\u00e9sents : pouvoir et politique dans l\u2019\u0153uvre d\u2019Edgar Pierre Jacobs \/ CHERRIER Emmanuel\u00a0(MCF en science politique, UPHF,\u00a0LARSH-CRISS)<\/p>\n<p>15h : Bande dessin\u00e9e et pouvoir politique \u00e0 Mayotte \/ COSKER Christophe\u00a0(agr\u00e9g\u00e9 de Lettres Modernes, docteur en litt\u00e9ratures francophones)<\/p>\n<p>15h30 : Visions politiques du\u00a0<i>Voyage en Occident<\/i> dans trois bandes dessin\u00e9es chinoises du XXe si\u00e8cle \/ DANYSZ Norbert\u00a0(doctorant Universit\u00e9 Lyon II)<\/p>\n<p>16h : Pause<\/p>\n<p>16h15 : A Place Called Home. Krakoa, nation mutante lib\u00e9rale et relecture de la Realpolitik \u00e9tatsunienne dans les comics X-Men \/ BECKER Christophe\u00a0(professeur certifi\u00e9 d\u2019anglais et docteur de l\u2019Universit\u00e9 Paris 8 en Langues, litt\u00e9ratures et civilisations des pays anglophones)<\/p>\n<p>16h45 : #VotezBidochon Rh\u00e9toriques politiques autour de l\u2019\u0153uvre de Binet \/ BOZARD Laurent\u00a0(Ma\u00eetre Assistant en communication et langues \u2013 Haute \u00c9cole de la Province de Li\u00e8ge)<\/p>\n<ul>\n<li><strong>17h15 : Discussion<\/strong><\/li>\n<\/ul>\n<h5 style=\"text-align: left\" align=\"CENTER\"><b>Vendredi 14 octobre 2022 &#8211; Mons (Universit\u00e9 de Mons)<\/b><\/h5>\n<ul>\n<li><strong>9 h00 : Accueil des participants (communicants et public)<\/strong><\/li>\n<li><strong>9h45 : Mot d\u2019accueil (Recteur de l\u2019UMONS ou son repr\u00e9sentant)<\/strong><\/li>\n<li><strong style=\"font-size: 14px\">10 h : La BD, support d\u2019une approche critique du social<\/strong><\/li>\n<\/ul>\n<p>10h : Le choix de la Bande dessin\u00e9e : documenter politiquement la question du ch\u00f4mage \/ LEFEBVRE R\u00e9mi\u00a0(Professeur de science politique, Universit\u00e9 de Lille,\u00a0CERAPS)<\/p>\n<p>10h30 : La critique sociale chez Franquin. L\u2019exemple de Gaston Lagaffe. \/ FRANCOIS St\u00e9phane (MCF en science politique, Universit\u00e9 de Mons)<\/p>\n<ul>\n<li><strong>11h00\u00a0: Pause et discussion<\/strong><\/li>\n<li><strong>12 h : d\u00e9jeuner<\/strong><\/li>\n<li><strong style=\"font-size: 14px\">13h30 : La BD, vecteur de revendication politique<\/strong><\/li>\n<\/ul>\n<p>13h30 : La cause animale dans\u00a0<i>Parasite<\/i>\u00a0d&rsquo;Hitoshi Iwaaki,\u00a0<i>Hunter x Hunter<\/i>\u00a0de Yoshihiro Togashi (arc des Fourmis Chim\u00e8res) et\u00a0<i>The Promised Neverland\u00a0<\/i>de Kaiu Shirai \/ LEVY Ofra\u00a0(doctorante Universit\u00e9 Paris Sorbonne nouvelle,\u00a0unit\u00e9 mixe de recherche THALIM \u00ab th\u00e9orie et histoire des arts et des litt\u00e9ratures de la modernit\u00e9 \u00bb de l&rsquo;ED 120 de litt\u00e9rature fran\u00e7aise et compar\u00e9e)<\/p>\n<p>14h : <i>Captain America<\/i> : de la figure antinazie \u00e0 sa performance comme h\u00e9ros de l\u2019alt-right \/ RIDLEY Simon\u00a0(docteur en sociologie, Universit\u00e9 Paris Nanterre)<\/p>\n<ul>\n<li><strong>14h30 : Discussion<\/strong><\/li>\n<li><strong>15 h : Pause<\/strong><\/li>\n<li><strong>15h15 : La BD, reflet de la politique internationale<\/strong><\/li>\n<\/ul>\n<p>15h15 : La politique internationale et la bande dessin\u00e9e : Narrer, repr\u00e9senter l\u2019ennemi et les menaces de la guerre froide \/ SEVIM Huseyin (PhD en sciences politiques, charg\u00e9 d\u2019enseignement \u00e0 l\u2019Universit\u00e9 de Montpellier)<\/p>\n<p>15h45 : Le conflit isra\u00e9lo-palestinien et la critique du pouvoir dans les bandes dessin\u00e9es \/ KANDEEL Ammar\u00a0(docteur en litt\u00e9rature fran\u00e7aise)<\/p>\n<p>16h15 : Derri\u00e8re le masque du Docteur Fatalis. Evolutions politiques d\u2019un super-vilain \/ BLANC William\u00a0(historien, EHESS, Universit\u00e9 Paris III)<\/p>\n<ul>\n<li><strong>16h45\u00a0: Discussion<\/strong><\/li>\n<li><strong>17h15\u00a0: Conclusion du colloque<\/strong><\/li>\n<\/ul>\n<h2 align=\"JUSTIFY\">Plus d&rsquo;informations<\/h2>\n<ul>\n<li>\n<p align=\"JUSTIFY\">Entr\u00e9e libre.<\/p>\n<\/li>\n<li>\n<p align=\"JUSTIFY\">Renseignements :<strong>\u00a0<a href=\"mailto:emmanuel.cherrier@uphf.fr\">emmanuel.cherrier@uphf.fr<\/a> \/ +33 3 27 51 76 56<\/strong><\/p>\n<\/li>\n<li>Adresse Mons :<br \/>\nUMONS &#8211; \u00c9cole des Sciences Humaines et Sociales<br \/>\nSalle 2.09<br \/>\n9, Avenue Fr\u00e8re Orban<br \/>\n7000 Mons<br \/>\nBelgique<\/li>\n<li>Adresse Valenciennes :<br \/>\nUniversit\u00e9 Polytechnique Hauts-de-France<br \/>\nCampus des Tertiales, Amphi A<br \/>\nRue Cent T\u00eates<br \/>\n59300 Valenciennes<\/li>\n<\/ul>\n<h2>Pour en savoir plus<\/h2>\n<ul>\n<li><a href=\"https:\/\/www.uphf.fr\/larsh\/actualites\/colloque-bandes-dessinees-comics-pouvoir-politique\">Colloque :\u00a0Bande(s) dessin\u00e9e(s), comics, pouvoir et politique<\/a><\/li>\n<li><a href=\"https:\/\/lpcm.hypotheses.org\/18647\">APPEL \u00c0 CONTRIBUTIONS : BANDE(S) DESSIN\u00c9E(S), COMICS, POUVOIR ET POLITIQUE (UPHF, VALENCIENNES, UMONS, MONS)<\/a><\/li>\n<\/ul>\n","protected":false},"excerpt":{"rendered":"<p>L\u2019Universit\u00e9 Polytechnique Hauts-de-France (Valenciennes) et l\u2019UMONS co-organisent le colloque international \u00ab Bande(s) dessin\u00e9e(s), comics, pouvoir et politique \u00bb, les 13 et 14 octobre 2022, sur les deux sites. Retrouvez-y St\u00e9phane Fran\u00e7ois, professeur en Science politique \u00e0 l&rsquo;ESHS, pour une conf\u00e9rence intitul\u00e9e  \u00ab La critique sociale chez Franquin. L\u2019exemple de Gaston Lagaffe \u00bb.<\/p>\n","protected":false},"author":43,"featured_media":950,"comment_status":"open","ping_status":"open","sticky":false,"template":"","format":"standard","meta":{"footnotes":""},"categories":[74],"tags":[126,124],"class_list":["post-941","post","type-post","status-publish","format-standard","has-post-thumbnail","hentry","category-conferences-colloques","tag-bd","tag-colloque"],"yoast_head":"<!-- This site is optimized with the Yoast SEO plugin v27.2 - https:\/\/yoast.com\/product\/yoast-seo-wordpress\/ -->\n<title>Bande(s) dessin\u00e9e(s), comics, pouvoir et politique : colloque international, les 13 et 14 octobre 2022 - Ecole \/ ESHS<\/title>\n<meta name=\"description\" content=\"Colloque international &quot;Bande(s) dessin\u00e9e(s), comics, pouvoir et politique&quot;, 13 et 14 octobre 2022, Valenciennes et Mons. Programme.\" \/>\n<meta name=\"robots\" content=\"index, follow, max-snippet:-1, max-image-preview:large, max-video-preview:-1\" \/>\n<link rel=\"canonical\" href=\"https:\/\/web.umons.ac.be\/eshs\/fr\/colloque-bande-dessinee-comics-pouvoir-politique\/\" \/>\n<meta property=\"og:locale\" content=\"fr_FR\" \/>\n<meta property=\"og:type\" content=\"article\" \/>\n<meta property=\"og:title\" content=\"Bande(s) dessin\u00e9e(s), comics, pouvoir et politique : colloque international, les 13 et 14 octobre 2022 - Ecole \/ ESHS\" \/>\n<meta property=\"og:description\" content=\"Colloque international &quot;Bande(s) dessin\u00e9e(s), comics, pouvoir et politique&quot;, 13 et 14 octobre 2022, Valenciennes et Mons. Programme.\" \/>\n<meta property=\"og:url\" content=\"https:\/\/web.umons.ac.be\/eshs\/fr\/colloque-bande-dessinee-comics-pouvoir-politique\/\" \/>\n<meta property=\"og:site_name\" content=\"Ecole \/ ESHS\" \/>\n<meta property=\"article:published_time\" content=\"2022-09-13T08:58:53+00:00\" \/>\n<meta property=\"og:image\" content=\"https:\/\/web.umons.ac.be\/app\/uploads\/sites\/8\/2022\/09\/marjan-blan-marjanblan-8I-ht65iRww-unsplash-1-scaled.jpg\" \/>\n\t<meta property=\"og:image:width\" content=\"2560\" \/>\n\t<meta property=\"og:image:height\" content=\"1707\" \/>\n\t<meta property=\"og:image:type\" content=\"image\/jpeg\" \/>\n<meta name=\"author\" content=\"Am\u00e9lie Honorez\" \/>\n<meta name=\"twitter:card\" content=\"summary_large_image\" \/>\n<meta name=\"twitter:label1\" content=\"\u00c9crit par\" \/>\n\t<meta name=\"twitter:data1\" content=\"Am\u00e9lie Honorez\" \/>\n\t<meta name=\"twitter:label2\" content=\"Dur\u00e9e de lecture estim\u00e9e\" \/>\n\t<meta name=\"twitter:data2\" content=\"5 minutes\" \/>\n<script type=\"application\/ld+json\" class=\"yoast-schema-graph\">{\"@context\":\"https:\/\/schema.org\",\"@graph\":[{\"@type\":\"Article\",\"@id\":\"https:\/\/web.umons.ac.be\/eshs\/fr\/colloque-bande-dessinee-comics-pouvoir-politique\/#article\",\"isPartOf\":{\"@id\":\"https:\/\/web.umons.ac.be\/eshs\/fr\/colloque-bande-dessinee-comics-pouvoir-politique\/\"},\"author\":{\"name\":\"Am\u00e9lie Honorez\",\"@id\":\"https:\/\/web.umons.ac.be\/eshs\/#\/schema\/person\/2c3bab41553e42e9be46ff25322acaa4\"},\"headline\":\"Bande(s) dessin\u00e9e(s), comics, pouvoir et politique : colloque international, les 13 et 14 octobre 2022\",\"datePublished\":\"2022-09-13T08:58:53+00:00\",\"mainEntityOfPage\":{\"@id\":\"https:\/\/web.umons.ac.be\/eshs\/fr\/colloque-bande-dessinee-comics-pouvoir-politique\/\"},\"wordCount\":1043,\"commentCount\":0,\"image\":{\"@id\":\"https:\/\/web.umons.ac.be\/eshs\/fr\/colloque-bande-dessinee-comics-pouvoir-politique\/#primaryimage\"},\"thumbnailUrl\":\"https:\/\/web.umons.ac.be\/app\/uploads\/sites\/8\/2022\/09\/marjan-blan-marjanblan-8I-ht65iRww-unsplash-1-scaled.jpg\",\"keywords\":[\"BD\",\"Colloque\"],\"articleSection\":[\"Conf\u00e9rences\/Colloques\"],\"inLanguage\":\"fr-FR\",\"potentialAction\":[{\"@type\":\"CommentAction\",\"name\":\"Comment\",\"target\":[\"https:\/\/web.umons.ac.be\/eshs\/fr\/colloque-bande-dessinee-comics-pouvoir-politique\/#respond\"]}]},{\"@type\":\"WebPage\",\"@id\":\"https:\/\/web.umons.ac.be\/eshs\/fr\/colloque-bande-dessinee-comics-pouvoir-politique\/\",\"url\":\"https:\/\/web.umons.ac.be\/eshs\/fr\/colloque-bande-dessinee-comics-pouvoir-politique\/\",\"name\":\"Bande(s) dessin\u00e9e(s), comics, pouvoir et politique : colloque international, les 13 et 14 octobre 2022 - Ecole \/ ESHS\",\"isPartOf\":{\"@id\":\"https:\/\/web.umons.ac.be\/eshs\/#website\"},\"primaryImageOfPage\":{\"@id\":\"https:\/\/web.umons.ac.be\/eshs\/fr\/colloque-bande-dessinee-comics-pouvoir-politique\/#primaryimage\"},\"image\":{\"@id\":\"https:\/\/web.umons.ac.be\/eshs\/fr\/colloque-bande-dessinee-comics-pouvoir-politique\/#primaryimage\"},\"thumbnailUrl\":\"https:\/\/web.umons.ac.be\/app\/uploads\/sites\/8\/2022\/09\/marjan-blan-marjanblan-8I-ht65iRww-unsplash-1-scaled.jpg\",\"datePublished\":\"2022-09-13T08:58:53+00:00\",\"author\":{\"@id\":\"https:\/\/web.umons.ac.be\/eshs\/#\/schema\/person\/2c3bab41553e42e9be46ff25322acaa4\"},\"description\":\"Colloque international \\\"Bande(s) dessin\u00e9e(s), comics, pouvoir et politique\\\", 13 et 14 octobre 2022, Valenciennes et Mons. Programme.\",\"breadcrumb\":{\"@id\":\"https:\/\/web.umons.ac.be\/eshs\/fr\/colloque-bande-dessinee-comics-pouvoir-politique\/#breadcrumb\"},\"inLanguage\":\"fr-FR\",\"potentialAction\":[{\"@type\":\"ReadAction\",\"target\":[\"https:\/\/web.umons.ac.be\/eshs\/fr\/colloque-bande-dessinee-comics-pouvoir-politique\/\"]}]},{\"@type\":\"ImageObject\",\"inLanguage\":\"fr-FR\",\"@id\":\"https:\/\/web.umons.ac.be\/eshs\/fr\/colloque-bande-dessinee-comics-pouvoir-politique\/#primaryimage\",\"url\":\"https:\/\/web.umons.ac.be\/app\/uploads\/sites\/8\/2022\/09\/marjan-blan-marjanblan-8I-ht65iRww-unsplash-1-scaled.jpg\",\"contentUrl\":\"https:\/\/web.umons.ac.be\/app\/uploads\/sites\/8\/2022\/09\/marjan-blan-marjanblan-8I-ht65iRww-unsplash-1-scaled.jpg\",\"width\":2560,\"height\":1707},{\"@type\":\"BreadcrumbList\",\"@id\":\"https:\/\/web.umons.ac.be\/eshs\/fr\/colloque-bande-dessinee-comics-pouvoir-politique\/#breadcrumb\",\"itemListElement\":[{\"@type\":\"ListItem\",\"position\":1,\"name\":\"Accueil\",\"item\":\"https:\/\/web.umons.ac.be\/eshs\/fr\/\"},{\"@type\":\"ListItem\",\"position\":2,\"name\":\"Bande(s) dessin\u00e9e(s), comics, pouvoir et politique : colloque international, les 13 et 14 octobre 2022\"}]},{\"@type\":\"WebSite\",\"@id\":\"https:\/\/web.umons.ac.be\/eshs\/#website\",\"url\":\"https:\/\/web.umons.ac.be\/eshs\/\",\"name\":\"Ecole \/ ESHS\",\"description\":\"\",\"potentialAction\":[{\"@type\":\"SearchAction\",\"target\":{\"@type\":\"EntryPoint\",\"urlTemplate\":\"https:\/\/web.umons.ac.be\/eshs\/?s={search_term_string}\"},\"query-input\":{\"@type\":\"PropertyValueSpecification\",\"valueRequired\":true,\"valueName\":\"search_term_string\"}}],\"inLanguage\":\"fr-FR\"},{\"@type\":\"Person\",\"@id\":\"https:\/\/web.umons.ac.be\/eshs\/#\/schema\/person\/2c3bab41553e42e9be46ff25322acaa4\",\"name\":\"Am\u00e9lie Honorez\",\"image\":{\"@type\":\"ImageObject\",\"inLanguage\":\"fr-FR\",\"@id\":\"https:\/\/secure.gravatar.com\/avatar\/9c59f6e370e37a7f8cdf1962f6c0fc524d2e502d704933818079b1dfbae61d43?s=96&d=mm&r=g\",\"url\":\"https:\/\/secure.gravatar.com\/avatar\/9c59f6e370e37a7f8cdf1962f6c0fc524d2e502d704933818079b1dfbae61d43?s=96&d=mm&r=g\",\"contentUrl\":\"https:\/\/secure.gravatar.com\/avatar\/9c59f6e370e37a7f8cdf1962f6c0fc524d2e502d704933818079b1dfbae61d43?s=96&d=mm&r=g\",\"caption\":\"Am\u00e9lie Honorez\"},\"url\":\"https:\/\/web.umons.ac.be\/eshs\/author\/ahonorez\/\"}]}<\/script>\n<!-- \/ Yoast SEO plugin. -->","yoast_head_json":{"title":"Bande(s) dessin\u00e9e(s), comics, pouvoir et politique : colloque international, les 13 et 14 octobre 2022 - Ecole \/ ESHS","description":"Colloque international \"Bande(s) dessin\u00e9e(s), comics, pouvoir et politique\", 13 et 14 octobre 2022, Valenciennes et Mons. Programme.","robots":{"index":"index","follow":"follow","max-snippet":"max-snippet:-1","max-image-preview":"max-image-preview:large","max-video-preview":"max-video-preview:-1"},"canonical":"https:\/\/web.umons.ac.be\/eshs\/fr\/colloque-bande-dessinee-comics-pouvoir-politique\/","og_locale":"fr_FR","og_type":"article","og_title":"Bande(s) dessin\u00e9e(s), comics, pouvoir et politique : colloque international, les 13 et 14 octobre 2022 - Ecole \/ ESHS","og_description":"Colloque international \"Bande(s) dessin\u00e9e(s), comics, pouvoir et politique\", 13 et 14 octobre 2022, Valenciennes et Mons. Programme.","og_url":"https:\/\/web.umons.ac.be\/eshs\/fr\/colloque-bande-dessinee-comics-pouvoir-politique\/","og_site_name":"Ecole \/ ESHS","article_published_time":"2022-09-13T08:58:53+00:00","og_image":[{"width":2560,"height":1707,"url":"https:\/\/web.umons.ac.be\/app\/uploads\/sites\/8\/2022\/09\/marjan-blan-marjanblan-8I-ht65iRww-unsplash-1-scaled.jpg","type":"image\/jpeg"}],"author":"Am\u00e9lie Honorez","twitter_card":"summary_large_image","twitter_misc":{"\u00c9crit par":"Am\u00e9lie Honorez","Dur\u00e9e de lecture estim\u00e9e":"5 minutes"},"schema":{"@context":"https:\/\/schema.org","@graph":[{"@type":"Article","@id":"https:\/\/web.umons.ac.be\/eshs\/fr\/colloque-bande-dessinee-comics-pouvoir-politique\/#article","isPartOf":{"@id":"https:\/\/web.umons.ac.be\/eshs\/fr\/colloque-bande-dessinee-comics-pouvoir-politique\/"},"author":{"name":"Am\u00e9lie Honorez","@id":"https:\/\/web.umons.ac.be\/eshs\/#\/schema\/person\/2c3bab41553e42e9be46ff25322acaa4"},"headline":"Bande(s) dessin\u00e9e(s), comics, pouvoir et politique : colloque international, les 13 et 14 octobre 2022","datePublished":"2022-09-13T08:58:53+00:00","mainEntityOfPage":{"@id":"https:\/\/web.umons.ac.be\/eshs\/fr\/colloque-bande-dessinee-comics-pouvoir-politique\/"},"wordCount":1043,"commentCount":0,"image":{"@id":"https:\/\/web.umons.ac.be\/eshs\/fr\/colloque-bande-dessinee-comics-pouvoir-politique\/#primaryimage"},"thumbnailUrl":"https:\/\/web.umons.ac.be\/app\/uploads\/sites\/8\/2022\/09\/marjan-blan-marjanblan-8I-ht65iRww-unsplash-1-scaled.jpg","keywords":["BD","Colloque"],"articleSection":["Conf\u00e9rences\/Colloques"],"inLanguage":"fr-FR","potentialAction":[{"@type":"CommentAction","name":"Comment","target":["https:\/\/web.umons.ac.be\/eshs\/fr\/colloque-bande-dessinee-comics-pouvoir-politique\/#respond"]}]},{"@type":"WebPage","@id":"https:\/\/web.umons.ac.be\/eshs\/fr\/colloque-bande-dessinee-comics-pouvoir-politique\/","url":"https:\/\/web.umons.ac.be\/eshs\/fr\/colloque-bande-dessinee-comics-pouvoir-politique\/","name":"Bande(s) dessin\u00e9e(s), comics, pouvoir et politique : colloque international, les 13 et 14 octobre 2022 - Ecole \/ ESHS","isPartOf":{"@id":"https:\/\/web.umons.ac.be\/eshs\/#website"},"primaryImageOfPage":{"@id":"https:\/\/web.umons.ac.be\/eshs\/fr\/colloque-bande-dessinee-comics-pouvoir-politique\/#primaryimage"},"image":{"@id":"https:\/\/web.umons.ac.be\/eshs\/fr\/colloque-bande-dessinee-comics-pouvoir-politique\/#primaryimage"},"thumbnailUrl":"https:\/\/web.umons.ac.be\/app\/uploads\/sites\/8\/2022\/09\/marjan-blan-marjanblan-8I-ht65iRww-unsplash-1-scaled.jpg","datePublished":"2022-09-13T08:58:53+00:00","author":{"@id":"https:\/\/web.umons.ac.be\/eshs\/#\/schema\/person\/2c3bab41553e42e9be46ff25322acaa4"},"description":"Colloque international \"Bande(s) dessin\u00e9e(s), comics, pouvoir et politique\", 13 et 14 octobre 2022, Valenciennes et Mons. Programme.","breadcrumb":{"@id":"https:\/\/web.umons.ac.be\/eshs\/fr\/colloque-bande-dessinee-comics-pouvoir-politique\/#breadcrumb"},"inLanguage":"fr-FR","potentialAction":[{"@type":"ReadAction","target":["https:\/\/web.umons.ac.be\/eshs\/fr\/colloque-bande-dessinee-comics-pouvoir-politique\/"]}]},{"@type":"ImageObject","inLanguage":"fr-FR","@id":"https:\/\/web.umons.ac.be\/eshs\/fr\/colloque-bande-dessinee-comics-pouvoir-politique\/#primaryimage","url":"https:\/\/web.umons.ac.be\/app\/uploads\/sites\/8\/2022\/09\/marjan-blan-marjanblan-8I-ht65iRww-unsplash-1-scaled.jpg","contentUrl":"https:\/\/web.umons.ac.be\/app\/uploads\/sites\/8\/2022\/09\/marjan-blan-marjanblan-8I-ht65iRww-unsplash-1-scaled.jpg","width":2560,"height":1707},{"@type":"BreadcrumbList","@id":"https:\/\/web.umons.ac.be\/eshs\/fr\/colloque-bande-dessinee-comics-pouvoir-politique\/#breadcrumb","itemListElement":[{"@type":"ListItem","position":1,"name":"Accueil","item":"https:\/\/web.umons.ac.be\/eshs\/fr\/"},{"@type":"ListItem","position":2,"name":"Bande(s) dessin\u00e9e(s), comics, pouvoir et politique : colloque international, les 13 et 14 octobre 2022"}]},{"@type":"WebSite","@id":"https:\/\/web.umons.ac.be\/eshs\/#website","url":"https:\/\/web.umons.ac.be\/eshs\/","name":"Ecole \/ ESHS","description":"","potentialAction":[{"@type":"SearchAction","target":{"@type":"EntryPoint","urlTemplate":"https:\/\/web.umons.ac.be\/eshs\/?s={search_term_string}"},"query-input":{"@type":"PropertyValueSpecification","valueRequired":true,"valueName":"search_term_string"}}],"inLanguage":"fr-FR"},{"@type":"Person","@id":"https:\/\/web.umons.ac.be\/eshs\/#\/schema\/person\/2c3bab41553e42e9be46ff25322acaa4","name":"Am\u00e9lie Honorez","image":{"@type":"ImageObject","inLanguage":"fr-FR","@id":"https:\/\/secure.gravatar.com\/avatar\/9c59f6e370e37a7f8cdf1962f6c0fc524d2e502d704933818079b1dfbae61d43?s=96&d=mm&r=g","url":"https:\/\/secure.gravatar.com\/avatar\/9c59f6e370e37a7f8cdf1962f6c0fc524d2e502d704933818079b1dfbae61d43?s=96&d=mm&r=g","contentUrl":"https:\/\/secure.gravatar.com\/avatar\/9c59f6e370e37a7f8cdf1962f6c0fc524d2e502d704933818079b1dfbae61d43?s=96&d=mm&r=g","caption":"Am\u00e9lie Honorez"},"url":"https:\/\/web.umons.ac.be\/eshs\/author\/ahonorez\/"}]}},"lang":"fr","translations":{"fr":941},"pll_sync_post":[],"_links":{"self":[{"href":"https:\/\/web.umons.ac.be\/eshs\/wp-json\/wp\/v2\/posts\/941","targetHints":{"allow":["GET"]}}],"collection":[{"href":"https:\/\/web.umons.ac.be\/eshs\/wp-json\/wp\/v2\/posts"}],"about":[{"href":"https:\/\/web.umons.ac.be\/eshs\/wp-json\/wp\/v2\/types\/post"}],"author":[{"embeddable":true,"href":"https:\/\/web.umons.ac.be\/eshs\/wp-json\/wp\/v2\/users\/43"}],"replies":[{"embeddable":true,"href":"https:\/\/web.umons.ac.be\/eshs\/wp-json\/wp\/v2\/comments?post=941"}],"version-history":[{"count":3,"href":"https:\/\/web.umons.ac.be\/eshs\/wp-json\/wp\/v2\/posts\/941\/revisions"}],"predecessor-version":[{"id":951,"href":"https:\/\/web.umons.ac.be\/eshs\/wp-json\/wp\/v2\/posts\/941\/revisions\/951"}],"wp:featuredmedia":[{"embeddable":true,"href":"https:\/\/web.umons.ac.be\/eshs\/wp-json\/wp\/v2\/media\/950"}],"wp:attachment":[{"href":"https:\/\/web.umons.ac.be\/eshs\/wp-json\/wp\/v2\/media?parent=941"}],"wp:term":[{"taxonomy":"category","embeddable":true,"href":"https:\/\/web.umons.ac.be\/eshs\/wp-json\/wp\/v2\/categories?post=941"},{"taxonomy":"post_tag","embeddable":true,"href":"https:\/\/web.umons.ac.be\/eshs\/wp-json\/wp\/v2\/tags?post=941"}],"curies":[{"name":"wp","href":"https:\/\/api.w.org\/{rel}","templated":true}]}}