{"id":1310,"date":"2019-08-30T15:08:35","date_gmt":"2019-08-30T13:08:35","guid":{"rendered":"https:\/\/web.umons.ac.be\/fpms\/?p=1310"},"modified":"2019-08-30T15:08:35","modified_gmt":"2019-08-30T13:08:35","slug":"une-enseignante-de-polytech-nommee-parmi-les-40-jeunes-les-plus-influents-au-monde-de-lindustrie-de-la-finition-de-surface","status":"publish","type":"post","link":"https:\/\/web.umons.ac.be\/fpms\/fr\/2019\/08\/30\/une-enseignante-de-polytech-nommee-parmi-les-40-jeunes-les-plus-influents-au-monde-de-lindustrie-de-la-finition-de-surface\/","title":{"rendered":"Une enseignante de Polytech nomm\u00e9e parmi les 40 jeunes les plus influents au monde de l\u2019industrie de la finition de surface"},"content":{"rendered":"<p><img loading=\"lazy\" decoding=\"async\" class=\"wp-image-1314 size-thumbnail alignleft\" src=\"https:\/\/web.umons.ac.be\/app\/uploads\/sites\/6\/2019\/08\/News_Vitry2-150x150.png\" alt=\"\" width=\"150\" height=\"150\" srcset=\"https:\/\/web.umons.ac.be\/app\/uploads\/sites\/6\/2019\/08\/News_Vitry2-150x150.png 150w, https:\/\/web.umons.ac.be\/app\/uploads\/sites\/6\/2019\/08\/News_Vitry2-30x29.png 30w, https:\/\/web.umons.ac.be\/app\/uploads\/sites\/6\/2019\/08\/News_Vitry2-80x80.png 80w, https:\/\/web.umons.ac.be\/app\/uploads\/sites\/6\/2019\/08\/News_Vitry2-60x60.png 60w, https:\/\/web.umons.ac.be\/app\/uploads\/sites\/6\/2019\/08\/News_Vitry2-400x400.png 400w, https:\/\/web.umons.ac.be\/app\/uploads\/sites\/6\/2019\/08\/News_Vitry2-200x200.png 200w\" sizes=\"auto, (max-width: 150px) 100vw, 150px\" \/>Le Prof. V\u00e9ronique Vitry, cheffe de travaux et charg\u00e9e de cours \u00e0 temps partiel au sein de la Facult\u00e9 Polytechnique de Mons &#8211; UMONS (Service de m\u00e9tallurgie), a \u00e9t\u00e9 nomm\u00e9e cet \u00e9t\u00e9 en tant que \u00ab 40 under 40 \u00bb (les 40 jeunes les plus influents de l\u2019industrie de la finition de surface) pour l\u2019ann\u00e9e 2019 par le journal \u00ab\u00a0Products Finishing\u00a0\u00bb.<\/p>\n<p>Il s\u2019agit d\u2019une s\u00e9lection r\u00e9alis\u00e9e chaque ann\u00e9e par un journal professionnel am\u00e9ricain, \u00ab Products finishing \u00bb, un peu sur le mod\u00e8le des 30 under 30 de \u00ab Forbes magazine \u00bb. Sur base de nominations par des acteurs majeurs du m\u00e9tier, le magazine choisit chaque ann\u00e9e 40 personnes \u00e2g\u00e9es de moins de 40 ans qui sont consid\u00e9r\u00e9es comme \u00e9tant les plus influentes dans le domaine des rev\u00eatements de surface. Les certificats sont remis aux laur\u00e9ats lors d\u2019un des plus importants trade show du domaine \u00ab\u00a0SurFin\u00a0\u00bb.<\/p>\n<p>La classe de cette ann\u00e9e comprenait aussi bien des chimistes, ing\u00e9nieurs, professeurs, directeurs du d\u00e9veloppement des affaires, directeurs g\u00e9n\u00e9raux, sp\u00e9cialistes du contr\u00f4le de la qualit\u00e9 que des responsables de soci\u00e9t\u00e9s. Ils et elles ont tous \u00e9t\u00e9 nomm\u00e9(e)s pour leurs r\u00e9alisations actuelles ainsi que pour leur potentiel en termes de contribution \u00e0 l\u2019avenir.<\/p>\n<p>En plus de faire partie des 40 laur\u00e9ats retenus, le Prof. Vitry a \u00e9galement \u00e9t\u00e9 s\u00e9lectionn\u00e9 avec deux autres personnes, dont une ing\u00e9nieure de chez Apple, pour participer \u00e0 une discussion qui a pr\u00e9c\u00e9d\u00e9 la remise des certificats.<\/p>\n<blockquote><p><img loading=\"lazy\" decoding=\"async\" class=\"size-medium wp-image-1315 alignleft\" src=\"https:\/\/web.umons.ac.be\/app\/uploads\/sites\/6\/2019\/08\/News-Vitry1-300x289.png\" alt=\"\" width=\"300\" height=\"289\" srcset=\"https:\/\/web.umons.ac.be\/app\/uploads\/sites\/6\/2019\/08\/News-Vitry1-300x289.png 300w, https:\/\/web.umons.ac.be\/app\/uploads\/sites\/6\/2019\/08\/News-Vitry1-768x739.png 768w, https:\/\/web.umons.ac.be\/app\/uploads\/sites\/6\/2019\/08\/News-Vitry1-1024x985.png 1024w, https:\/\/web.umons.ac.be\/app\/uploads\/sites\/6\/2019\/08\/News-Vitry1-686x660.png 686w, https:\/\/web.umons.ac.be\/app\/uploads\/sites\/6\/2019\/08\/News-Vitry1-30x29.png 30w, https:\/\/web.umons.ac.be\/app\/uploads\/sites\/6\/2019\/08\/News-Vitry1-60x58.png 60w, https:\/\/web.umons.ac.be\/app\/uploads\/sites\/6\/2019\/08\/News-Vitry1-360x346.png 360w, https:\/\/web.umons.ac.be\/app\/uploads\/sites\/6\/2019\/08\/News-Vitry1.png 1288w\" sizes=\"auto, (max-width: 300px) 100vw, 300px\" \/>V\u00e9ronique Vitry est pr\u00e9sent\u00e9e sur le site comme une chercheuse ayant \u00ab contribu\u00e9 de mani\u00e8re significative aux aspects de la recherche par \u00e9lectrod\u00e9position et \u00e0 leur application pour diverses utilisations finales. Elle a obtenu un bachelier en g\u00e9nie des mat\u00e9riaux de l&rsquo;Universit\u00e9 de Mons (UMONS) et un doctorat en 2010 de la m\u00eame institution. V\u00e9ronique Vitry est un scientifique confirm\u00e9 et professeur associ\u00e9 \u00e0 temps partiel au laboratoire de m\u00e9tallurgie de l\u2019UMONS. Ses int\u00e9r\u00eats de recherche ont toujours \u00e9t\u00e9 li\u00e9s au traitement de surface: premiers rev\u00eatements PVD \u00e0 Materia Nova, Mons; puis du nickel-bore et du PEO. Elle a d\u00e9pos\u00e9 un brevet pour un bain de placage sans nickel-bore, mais elle s\u2019int\u00e9resse \u00e9galement \u00e0 la m\u00e9tallurgie physique, \u00e0 la m\u00e9tallurgie des proc\u00e9d\u00e9s, au recyclage et \u00e0 la corrosion. Elle enseigne des cours de m\u00e9tallurgie et de mat\u00e9riaux li\u00e9s aux processus et est active dans des associations professionnelles, notamment ASM International, Failure Analysis Society et A3TS (Association fran\u00e7aise de traitements de surface et de chaleur) o\u00f9 elle occupe la vice-pr\u00e9sidence \u00bb.<\/p><\/blockquote>\n<p><strong>Plus d\u2019infos ?<\/strong> <a href=\"https:\/\/www.pfonline.com\/articles\/40-under-40-class-of-2019\" target=\"_blank\" rel=\"noopener noreferrer\">https:\/\/www.pfonline.com\/articles\/40-under-40-class-of-2019<\/a><\/p>\n","protected":false},"excerpt":{"rendered":"<p>Le Prof. V\u00e9ronique Vitry (Service de m\u00e9tallurgie) a \u00e9t\u00e9 nomin\u00e9e cet \u00e9t\u00e9 en tant que \u00ab 40 under 40 \u00bb, soit l&rsquo;une des jeunes sp\u00e9cialistes de l&rsquo;industrie de la finition de surface de moins de 40 ans les plus influentes au monde dans son domaine. Ce classement annuel est r\u00e9alis\u00e9 par le journal \u00ab Products finishing \u00bb, un peu sur le mod\u00e8le des 30 under 30 de \u00ab Forbes magazine \u00bb. <\/p>\n","protected":false},"author":5,"featured_media":1314,"comment_status":"open","ping_status":"open","sticky":false,"template":"","format":"standard","meta":{"footnotes":""},"categories":[112,73,71],"tags":[],"class_list":["post-1310","post","type-post","status-publish","format-standard","has-post-thumbnail","hentry","category-entreprises","category-international","category-prix-bourses-et-distinctions"],"yoast_head":"<!-- This site is optimized with the Yoast SEO plugin v27.2 - https:\/\/yoast.com\/product\/yoast-seo-wordpress\/ -->\n<title>Une enseignante de Polytech nomm\u00e9e parmi les 40 jeunes les plus influents au monde de l\u2019industrie de la finition de surface - Facult\u00e9 \/ FPMS<\/title>\n<meta name=\"robots\" content=\"index, follow, max-snippet:-1, max-image-preview:large, max-video-preview:-1\" \/>\n<link rel=\"canonical\" href=\"https:\/\/web.umons.ac.be\/fpms\/fr\/2019\/08\/30\/une-enseignante-de-polytech-nommee-parmi-les-40-jeunes-les-plus-influents-au-monde-de-lindustrie-de-la-finition-de-surface\/\" \/>\n<meta property=\"og:locale\" content=\"fr_FR\" \/>\n<meta property=\"og:type\" content=\"article\" \/>\n<meta property=\"og:title\" content=\"Une enseignante de Polytech nomm\u00e9e parmi les 40 jeunes les plus influents au monde de l\u2019industrie de la finition de surface - Facult\u00e9 \/ FPMS\" \/>\n<meta property=\"og:description\" content=\"Le Prof. V\u00e9ronique Vitry (Service de m\u00e9tallurgie) a \u00e9t\u00e9 nomin\u00e9e cet \u00e9t\u00e9 en tant que \u00ab 40 under 40 \u00bb, soit l&#039;une des jeunes sp\u00e9cialistes de l&#039;industrie de la finition de surface de moins de 40 ans les plus influentes au monde dans son domaine. Ce classement annuel est r\u00e9alis\u00e9 par le journal \u00ab Products finishing \u00bb, un peu sur le mod\u00e8le des 30 under 30 de \u00ab Forbes magazine \u00bb.\" \/>\n<meta property=\"og:url\" content=\"https:\/\/web.umons.ac.be\/fpms\/fr\/2019\/08\/30\/une-enseignante-de-polytech-nommee-parmi-les-40-jeunes-les-plus-influents-au-monde-de-lindustrie-de-la-finition-de-surface\/\" \/>\n<meta property=\"og:site_name\" content=\"Facult\u00e9 \/ FPMS\" \/>\n<meta property=\"article:published_time\" content=\"2019-08-30T13:08:35+00:00\" \/>\n<meta property=\"og:image\" content=\"https:\/\/web.umons.ac.be\/app\/uploads\/sites\/6\/2019\/08\/News_Vitry2-1024x1005.png\" \/>\n\t<meta property=\"og:image:width\" content=\"1024\" \/>\n\t<meta property=\"og:image:height\" content=\"1005\" \/>\n\t<meta property=\"og:image:type\" content=\"image\/png\" \/>\n<meta name=\"author\" content=\"Valery Saintghislain\" \/>\n<meta name=\"twitter:card\" content=\"summary_large_image\" \/>\n<meta name=\"twitter:label1\" content=\"\u00c9crit par\" \/>\n\t<meta name=\"twitter:data1\" content=\"Valery Saintghislain\" \/>\n\t<meta name=\"twitter:label2\" content=\"Dur\u00e9e de lecture estim\u00e9e\" \/>\n\t<meta name=\"twitter:data2\" content=\"2 minutes\" \/>\n<script type=\"application\/ld+json\" class=\"yoast-schema-graph\">{\"@context\":\"https:\/\/schema.org\",\"@graph\":[{\"@type\":\"Article\",\"@id\":\"https:\/\/web.umons.ac.be\/fpms\/fr\/2019\/08\/30\/une-enseignante-de-polytech-nommee-parmi-les-40-jeunes-les-plus-influents-au-monde-de-lindustrie-de-la-finition-de-surface\/#article\",\"isPartOf\":{\"@id\":\"https:\/\/web.umons.ac.be\/fpms\/fr\/2019\/08\/30\/une-enseignante-de-polytech-nommee-parmi-les-40-jeunes-les-plus-influents-au-monde-de-lindustrie-de-la-finition-de-surface\/\"},\"author\":{\"name\":\"Valery Saintghislain\",\"@id\":\"https:\/\/web.umons.ac.be\/fpms\/#\/schema\/person\/7c9889b0ce8057f3ff48fad706e67242\"},\"headline\":\"Une enseignante de Polytech nomm\u00e9e parmi les 40 jeunes les plus influents au monde de l\u2019industrie de la finition de surface\",\"datePublished\":\"2019-08-30T13:08:35+00:00\",\"mainEntityOfPage\":{\"@id\":\"https:\/\/web.umons.ac.be\/fpms\/fr\/2019\/08\/30\/une-enseignante-de-polytech-nommee-parmi-les-40-jeunes-les-plus-influents-au-monde-de-lindustrie-de-la-finition-de-surface\/\"},\"wordCount\":480,\"commentCount\":0,\"image\":{\"@id\":\"https:\/\/web.umons.ac.be\/fpms\/fr\/2019\/08\/30\/une-enseignante-de-polytech-nommee-parmi-les-40-jeunes-les-plus-influents-au-monde-de-lindustrie-de-la-finition-de-surface\/#primaryimage\"},\"thumbnailUrl\":\"https:\/\/web.umons.ac.be\/app\/uploads\/sites\/6\/2019\/08\/News_Vitry2.png\",\"articleSection\":[\"Entreprises\",\"International\",\"Prix, bourses et distinctions\"],\"inLanguage\":\"fr-FR\",\"potentialAction\":[{\"@type\":\"CommentAction\",\"name\":\"Comment\",\"target\":[\"https:\/\/web.umons.ac.be\/fpms\/fr\/2019\/08\/30\/une-enseignante-de-polytech-nommee-parmi-les-40-jeunes-les-plus-influents-au-monde-de-lindustrie-de-la-finition-de-surface\/#respond\"]}]},{\"@type\":\"WebPage\",\"@id\":\"https:\/\/web.umons.ac.be\/fpms\/fr\/2019\/08\/30\/une-enseignante-de-polytech-nommee-parmi-les-40-jeunes-les-plus-influents-au-monde-de-lindustrie-de-la-finition-de-surface\/\",\"url\":\"https:\/\/web.umons.ac.be\/fpms\/fr\/2019\/08\/30\/une-enseignante-de-polytech-nommee-parmi-les-40-jeunes-les-plus-influents-au-monde-de-lindustrie-de-la-finition-de-surface\/\",\"name\":\"Une enseignante de Polytech nomm\u00e9e parmi les 40 jeunes les plus influents au monde de l\u2019industrie de la finition de surface - Facult\u00e9 \/ FPMS\",\"isPartOf\":{\"@id\":\"https:\/\/web.umons.ac.be\/fpms\/#website\"},\"primaryImageOfPage\":{\"@id\":\"https:\/\/web.umons.ac.be\/fpms\/fr\/2019\/08\/30\/une-enseignante-de-polytech-nommee-parmi-les-40-jeunes-les-plus-influents-au-monde-de-lindustrie-de-la-finition-de-surface\/#primaryimage\"},\"image\":{\"@id\":\"https:\/\/web.umons.ac.be\/fpms\/fr\/2019\/08\/30\/une-enseignante-de-polytech-nommee-parmi-les-40-jeunes-les-plus-influents-au-monde-de-lindustrie-de-la-finition-de-surface\/#primaryimage\"},\"thumbnailUrl\":\"https:\/\/web.umons.ac.be\/app\/uploads\/sites\/6\/2019\/08\/News_Vitry2.png\",\"datePublished\":\"2019-08-30T13:08:35+00:00\",\"author\":{\"@id\":\"https:\/\/web.umons.ac.be\/fpms\/#\/schema\/person\/7c9889b0ce8057f3ff48fad706e67242\"},\"breadcrumb\":{\"@id\":\"https:\/\/web.umons.ac.be\/fpms\/fr\/2019\/08\/30\/une-enseignante-de-polytech-nommee-parmi-les-40-jeunes-les-plus-influents-au-monde-de-lindustrie-de-la-finition-de-surface\/#breadcrumb\"},\"inLanguage\":\"fr-FR\",\"potentialAction\":[{\"@type\":\"ReadAction\",\"target\":[\"https:\/\/web.umons.ac.be\/fpms\/fr\/2019\/08\/30\/une-enseignante-de-polytech-nommee-parmi-les-40-jeunes-les-plus-influents-au-monde-de-lindustrie-de-la-finition-de-surface\/\"]}]},{\"@type\":\"ImageObject\",\"inLanguage\":\"fr-FR\",\"@id\":\"https:\/\/web.umons.ac.be\/fpms\/fr\/2019\/08\/30\/une-enseignante-de-polytech-nommee-parmi-les-40-jeunes-les-plus-influents-au-monde-de-lindustrie-de-la-finition-de-surface\/#primaryimage\",\"url\":\"https:\/\/web.umons.ac.be\/app\/uploads\/sites\/6\/2019\/08\/News_Vitry2.png\",\"contentUrl\":\"https:\/\/web.umons.ac.be\/app\/uploads\/sites\/6\/2019\/08\/News_Vitry2.png\",\"width\":1080,\"height\":1060},{\"@type\":\"BreadcrumbList\",\"@id\":\"https:\/\/web.umons.ac.be\/fpms\/fr\/2019\/08\/30\/une-enseignante-de-polytech-nommee-parmi-les-40-jeunes-les-plus-influents-au-monde-de-lindustrie-de-la-finition-de-surface\/#breadcrumb\",\"itemListElement\":[{\"@type\":\"ListItem\",\"position\":1,\"name\":\"Accueil\",\"item\":\"https:\/\/web.umons.ac.be\/fpms\/fr\/\"},{\"@type\":\"ListItem\",\"position\":2,\"name\":\"Une enseignante de Polytech nomm\u00e9e parmi les 40 jeunes les plus influents au monde de l\u2019industrie de la finition de surface\"}]},{\"@type\":\"WebSite\",\"@id\":\"https:\/\/web.umons.ac.be\/fpms\/#website\",\"url\":\"https:\/\/web.umons.ac.be\/fpms\/\",\"name\":\"Facult\u00e9 \/ FPMS\",\"description\":\"Un site utilisant Universit\u00e9 de Mons \u2013 UMONS\",\"potentialAction\":[{\"@type\":\"SearchAction\",\"target\":{\"@type\":\"EntryPoint\",\"urlTemplate\":\"https:\/\/web.umons.ac.be\/fpms\/?s={search_term_string}\"},\"query-input\":{\"@type\":\"PropertyValueSpecification\",\"valueRequired\":true,\"valueName\":\"search_term_string\"}}],\"inLanguage\":\"fr-FR\"},{\"@type\":\"Person\",\"@id\":\"https:\/\/web.umons.ac.be\/fpms\/#\/schema\/person\/7c9889b0ce8057f3ff48fad706e67242\",\"name\":\"Valery Saintghislain\",\"image\":{\"@type\":\"ImageObject\",\"inLanguage\":\"fr-FR\",\"@id\":\"https:\/\/secure.gravatar.com\/avatar\/44bb4e1f113ddb10a7bae21f28b83af0917b5de0f146ddff631329aa1705ff6a?s=96&d=mm&r=g\",\"url\":\"https:\/\/secure.gravatar.com\/avatar\/44bb4e1f113ddb10a7bae21f28b83af0917b5de0f146ddff631329aa1705ff6a?s=96&d=mm&r=g\",\"contentUrl\":\"https:\/\/secure.gravatar.com\/avatar\/44bb4e1f113ddb10a7bae21f28b83af0917b5de0f146ddff631329aa1705ff6a?s=96&d=mm&r=g\",\"caption\":\"Valery Saintghislain\"},\"url\":\"https:\/\/web.umons.ac.be\/fpms\/author\/vsaintghislain\/\"}]}<\/script>\n<!-- \/ Yoast SEO plugin. -->","yoast_head_json":{"title":"Une enseignante de Polytech nomm\u00e9e parmi les 40 jeunes les plus influents au monde de l\u2019industrie de la finition de surface - Facult\u00e9 \/ FPMS","robots":{"index":"index","follow":"follow","max-snippet":"max-snippet:-1","max-image-preview":"max-image-preview:large","max-video-preview":"max-video-preview:-1"},"canonical":"https:\/\/web.umons.ac.be\/fpms\/fr\/2019\/08\/30\/une-enseignante-de-polytech-nommee-parmi-les-40-jeunes-les-plus-influents-au-monde-de-lindustrie-de-la-finition-de-surface\/","og_locale":"fr_FR","og_type":"article","og_title":"Une enseignante de Polytech nomm\u00e9e parmi les 40 jeunes les plus influents au monde de l\u2019industrie de la finition de surface - Facult\u00e9 \/ FPMS","og_description":"Le Prof. V\u00e9ronique Vitry (Service de m\u00e9tallurgie) a \u00e9t\u00e9 nomin\u00e9e cet \u00e9t\u00e9 en tant que \u00ab 40 under 40 \u00bb, soit l'une des jeunes sp\u00e9cialistes de l'industrie de la finition de surface de moins de 40 ans les plus influentes au monde dans son domaine. Ce classement annuel est r\u00e9alis\u00e9 par le journal \u00ab Products finishing \u00bb, un peu sur le mod\u00e8le des 30 under 30 de \u00ab Forbes magazine \u00bb.","og_url":"https:\/\/web.umons.ac.be\/fpms\/fr\/2019\/08\/30\/une-enseignante-de-polytech-nommee-parmi-les-40-jeunes-les-plus-influents-au-monde-de-lindustrie-de-la-finition-de-surface\/","og_site_name":"Facult\u00e9 \/ FPMS","article_published_time":"2019-08-30T13:08:35+00:00","og_image":[{"width":1024,"height":1005,"url":"https:\/\/web.umons.ac.be\/app\/uploads\/sites\/6\/2019\/08\/News_Vitry2-1024x1005.png","type":"image\/png"}],"author":"Valery Saintghislain","twitter_card":"summary_large_image","twitter_misc":{"\u00c9crit par":"Valery Saintghislain","Dur\u00e9e de lecture estim\u00e9e":"2 minutes"},"schema":{"@context":"https:\/\/schema.org","@graph":[{"@type":"Article","@id":"https:\/\/web.umons.ac.be\/fpms\/fr\/2019\/08\/30\/une-enseignante-de-polytech-nommee-parmi-les-40-jeunes-les-plus-influents-au-monde-de-lindustrie-de-la-finition-de-surface\/#article","isPartOf":{"@id":"https:\/\/web.umons.ac.be\/fpms\/fr\/2019\/08\/30\/une-enseignante-de-polytech-nommee-parmi-les-40-jeunes-les-plus-influents-au-monde-de-lindustrie-de-la-finition-de-surface\/"},"author":{"name":"Valery Saintghislain","@id":"https:\/\/web.umons.ac.be\/fpms\/#\/schema\/person\/7c9889b0ce8057f3ff48fad706e67242"},"headline":"Une enseignante de Polytech nomm\u00e9e parmi les 40 jeunes les plus influents au monde de l\u2019industrie de la finition de surface","datePublished":"2019-08-30T13:08:35+00:00","mainEntityOfPage":{"@id":"https:\/\/web.umons.ac.be\/fpms\/fr\/2019\/08\/30\/une-enseignante-de-polytech-nommee-parmi-les-40-jeunes-les-plus-influents-au-monde-de-lindustrie-de-la-finition-de-surface\/"},"wordCount":480,"commentCount":0,"image":{"@id":"https:\/\/web.umons.ac.be\/fpms\/fr\/2019\/08\/30\/une-enseignante-de-polytech-nommee-parmi-les-40-jeunes-les-plus-influents-au-monde-de-lindustrie-de-la-finition-de-surface\/#primaryimage"},"thumbnailUrl":"https:\/\/web.umons.ac.be\/app\/uploads\/sites\/6\/2019\/08\/News_Vitry2.png","articleSection":["Entreprises","International","Prix, bourses et distinctions"],"inLanguage":"fr-FR","potentialAction":[{"@type":"CommentAction","name":"Comment","target":["https:\/\/web.umons.ac.be\/fpms\/fr\/2019\/08\/30\/une-enseignante-de-polytech-nommee-parmi-les-40-jeunes-les-plus-influents-au-monde-de-lindustrie-de-la-finition-de-surface\/#respond"]}]},{"@type":"WebPage","@id":"https:\/\/web.umons.ac.be\/fpms\/fr\/2019\/08\/30\/une-enseignante-de-polytech-nommee-parmi-les-40-jeunes-les-plus-influents-au-monde-de-lindustrie-de-la-finition-de-surface\/","url":"https:\/\/web.umons.ac.be\/fpms\/fr\/2019\/08\/30\/une-enseignante-de-polytech-nommee-parmi-les-40-jeunes-les-plus-influents-au-monde-de-lindustrie-de-la-finition-de-surface\/","name":"Une enseignante de Polytech nomm\u00e9e parmi les 40 jeunes les plus influents au monde de l\u2019industrie de la finition de surface - Facult\u00e9 \/ FPMS","isPartOf":{"@id":"https:\/\/web.umons.ac.be\/fpms\/#website"},"primaryImageOfPage":{"@id":"https:\/\/web.umons.ac.be\/fpms\/fr\/2019\/08\/30\/une-enseignante-de-polytech-nommee-parmi-les-40-jeunes-les-plus-influents-au-monde-de-lindustrie-de-la-finition-de-surface\/#primaryimage"},"image":{"@id":"https:\/\/web.umons.ac.be\/fpms\/fr\/2019\/08\/30\/une-enseignante-de-polytech-nommee-parmi-les-40-jeunes-les-plus-influents-au-monde-de-lindustrie-de-la-finition-de-surface\/#primaryimage"},"thumbnailUrl":"https:\/\/web.umons.ac.be\/app\/uploads\/sites\/6\/2019\/08\/News_Vitry2.png","datePublished":"2019-08-30T13:08:35+00:00","author":{"@id":"https:\/\/web.umons.ac.be\/fpms\/#\/schema\/person\/7c9889b0ce8057f3ff48fad706e67242"},"breadcrumb":{"@id":"https:\/\/web.umons.ac.be\/fpms\/fr\/2019\/08\/30\/une-enseignante-de-polytech-nommee-parmi-les-40-jeunes-les-plus-influents-au-monde-de-lindustrie-de-la-finition-de-surface\/#breadcrumb"},"inLanguage":"fr-FR","potentialAction":[{"@type":"ReadAction","target":["https:\/\/web.umons.ac.be\/fpms\/fr\/2019\/08\/30\/une-enseignante-de-polytech-nommee-parmi-les-40-jeunes-les-plus-influents-au-monde-de-lindustrie-de-la-finition-de-surface\/"]}]},{"@type":"ImageObject","inLanguage":"fr-FR","@id":"https:\/\/web.umons.ac.be\/fpms\/fr\/2019\/08\/30\/une-enseignante-de-polytech-nommee-parmi-les-40-jeunes-les-plus-influents-au-monde-de-lindustrie-de-la-finition-de-surface\/#primaryimage","url":"https:\/\/web.umons.ac.be\/app\/uploads\/sites\/6\/2019\/08\/News_Vitry2.png","contentUrl":"https:\/\/web.umons.ac.be\/app\/uploads\/sites\/6\/2019\/08\/News_Vitry2.png","width":1080,"height":1060},{"@type":"BreadcrumbList","@id":"https:\/\/web.umons.ac.be\/fpms\/fr\/2019\/08\/30\/une-enseignante-de-polytech-nommee-parmi-les-40-jeunes-les-plus-influents-au-monde-de-lindustrie-de-la-finition-de-surface\/#breadcrumb","itemListElement":[{"@type":"ListItem","position":1,"name":"Accueil","item":"https:\/\/web.umons.ac.be\/fpms\/fr\/"},{"@type":"ListItem","position":2,"name":"Une enseignante de Polytech nomm\u00e9e parmi les 40 jeunes les plus influents au monde de l\u2019industrie de la finition de surface"}]},{"@type":"WebSite","@id":"https:\/\/web.umons.ac.be\/fpms\/#website","url":"https:\/\/web.umons.ac.be\/fpms\/","name":"Facult\u00e9 \/ FPMS","description":"Un site utilisant Universit\u00e9 de Mons \u2013 UMONS","potentialAction":[{"@type":"SearchAction","target":{"@type":"EntryPoint","urlTemplate":"https:\/\/web.umons.ac.be\/fpms\/?s={search_term_string}"},"query-input":{"@type":"PropertyValueSpecification","valueRequired":true,"valueName":"search_term_string"}}],"inLanguage":"fr-FR"},{"@type":"Person","@id":"https:\/\/web.umons.ac.be\/fpms\/#\/schema\/person\/7c9889b0ce8057f3ff48fad706e67242","name":"Valery Saintghislain","image":{"@type":"ImageObject","inLanguage":"fr-FR","@id":"https:\/\/secure.gravatar.com\/avatar\/44bb4e1f113ddb10a7bae21f28b83af0917b5de0f146ddff631329aa1705ff6a?s=96&d=mm&r=g","url":"https:\/\/secure.gravatar.com\/avatar\/44bb4e1f113ddb10a7bae21f28b83af0917b5de0f146ddff631329aa1705ff6a?s=96&d=mm&r=g","contentUrl":"https:\/\/secure.gravatar.com\/avatar\/44bb4e1f113ddb10a7bae21f28b83af0917b5de0f146ddff631329aa1705ff6a?s=96&d=mm&r=g","caption":"Valery Saintghislain"},"url":"https:\/\/web.umons.ac.be\/fpms\/author\/vsaintghislain\/"}]}},"lang":"fr","translations":{"fr":1310},"pll_sync_post":[],"_links":{"self":[{"href":"https:\/\/web.umons.ac.be\/fpms\/wp-json\/wp\/v2\/posts\/1310","targetHints":{"allow":["GET"]}}],"collection":[{"href":"https:\/\/web.umons.ac.be\/fpms\/wp-json\/wp\/v2\/posts"}],"about":[{"href":"https:\/\/web.umons.ac.be\/fpms\/wp-json\/wp\/v2\/types\/post"}],"author":[{"embeddable":true,"href":"https:\/\/web.umons.ac.be\/fpms\/wp-json\/wp\/v2\/users\/5"}],"replies":[{"embeddable":true,"href":"https:\/\/web.umons.ac.be\/fpms\/wp-json\/wp\/v2\/comments?post=1310"}],"version-history":[{"count":6,"href":"https:\/\/web.umons.ac.be\/fpms\/wp-json\/wp\/v2\/posts\/1310\/revisions"}],"predecessor-version":[{"id":1319,"href":"https:\/\/web.umons.ac.be\/fpms\/wp-json\/wp\/v2\/posts\/1310\/revisions\/1319"}],"wp:featuredmedia":[{"embeddable":true,"href":"https:\/\/web.umons.ac.be\/fpms\/wp-json\/wp\/v2\/media\/1314"}],"wp:attachment":[{"href":"https:\/\/web.umons.ac.be\/fpms\/wp-json\/wp\/v2\/media?parent=1310"}],"wp:term":[{"taxonomy":"category","embeddable":true,"href":"https:\/\/web.umons.ac.be\/fpms\/wp-json\/wp\/v2\/categories?post=1310"},{"taxonomy":"post_tag","embeddable":true,"href":"https:\/\/web.umons.ac.be\/fpms\/wp-json\/wp\/v2\/tags?post=1310"}],"curies":[{"name":"wp","href":"https:\/\/api.w.org\/{rel}","templated":true}]}}