{"id":1422,"date":"2019-11-13T14:48:47","date_gmt":"2019-11-13T13:48:47","guid":{"rendered":"https:\/\/web.umons.ac.be\/fpms\/?p=1422"},"modified":"2022-11-09T11:00:26","modified_gmt":"2022-11-09T10:00:26","slug":"la-qualite-de-la-formation-en-master-delivree-par-la-fpms-a-nouveau-reconnue-par-la-cti-et-le-label-eur-ace","status":"publish","type":"post","link":"https:\/\/web.umons.ac.be\/fpms\/fr\/2019\/11\/13\/la-qualite-de-la-formation-en-master-delivree-par-la-fpms-a-nouveau-reconnue-par-la-cti-et-le-label-eur-ace\/","title":{"rendered":"La qualit\u00e9 de la formation en Masters d\u00e9livr\u00e9e par la FPMs \u00e0 nouveau reconnue par la CTI et le label EUR-ACE"},"content":{"rendered":"<p>Excellente nouvelle pour la Facult\u00e9 Polytechnique de Mons, son personnel (enseignants et chercheurs) mais aussi pour ses \u00e9tudiants actuels et futurs! Elle vient en effet d&rsquo;\u00eatre inform\u00e9e qu&rsquo;un label important d\u00e9cern\u00e9 par la Commission des Titres d\u2019Ing\u00e9nieur (CTI) lui \u00e9tait reconduit. L\u2019ensemble de l\u2019offre de formation en Master de la FPMs est \u00e0 nouveau accr\u00e9dit\u00e9e par cette CTI et ce, pour une dur\u00e9e de 5 ans!<\/p>\n<p>Concr\u00e8tement, cette accr\u00e9ditation, combin\u00e9e au label europ\u00e9en EUR-ACE\u00ae, soutient l\u2019insertion professionnelle internationale des dipl\u00f4m\u00e9s ing\u00e9nieurs civils de la Polytech, notamment en France (dipl\u00f4me reconnu par l\u2019Etat) mais aussi plus largement en Europe et en Am\u00e9rique du Nord.<\/p>\n<p>Les analyses des experts envoy\u00e9s par l\u2019organisme d\u2019\u00e9valuation mandat\u00e9 par le European Network for Accreditation of Engineering Education pour d\u00e9livrer le label EUR-ACE mettent en \u00e9vidence trois piliers essentiels de la qualit\u00e9 des dipl\u00f4m\u00e9s de la FPMs : son mod\u00e8le de formation (ENG\u2019UP\u00a9, approche comp\u00e9tences, recherche) ; l\u2019implication importante des entreprises dans le programme (dont un stage obligatoire, en moyenne de 11 semaines) et la qualit\u00e9 relationnelle au sein de la facult\u00e9 (\u00e9tudiants et personnel, dont les enseignants).<\/p>\n<p><strong>La particularit\u00e9 de la reconnaissance dont b\u00e9n\u00e9ficie avec cette nouvelle la Polytech montoise est double : toute son offre de formation en Master est d\u00e9sormais accr\u00e9dit\u00e9e (tandis que d\u2019autres institutions ont fait le choix de s\u00e9lectionner certains cursus) mais elle a, en outre, obtenu la dur\u00e9e la plus longue possible d\u2019accr\u00e9ditation.<\/strong><\/p>\n<blockquote><p>\u00ab Ceci t\u00e9moigne de la confiance de la CTI envers notre d\u00e9marche, se f\u00e9licite la Doyenne de la Facult\u00e9 Polytechnique, le Prof. Christine Renotte. Je profite de cette accr\u00e9ditation pour me r\u00e9jouir de la reconnaissance internationale de notre engagement au service d\u2019Ing\u00e9nieurs civils de qualit\u00e9, \u00e9panouis sur les plans personnel et professionnel, acteurs responsables face aux enjeux scientifiques, technologiques et soci\u00e9taux d\u2019aujourd\u2019hui et de demain \u00bb.<\/p><\/blockquote>\n<p>Pour rappel, la CTI est un organisme francophone d&rsquo;\u00e9valuation. Le label europ\u00e9en EUR-ACE atteste de la qualit\u00e9 de l&rsquo;enseignement de l&rsquo;\u00e9tablissement \u00e9valu\u00e9. Il favorise ainsi la mobilit\u00e9 des \u00e9tudiants entre \u00e9tablissements labellis\u00e9s et l&rsquo;insertion professionnelle des dipl\u00f4m\u00e9s \u00e0 l&rsquo;\u00e9tranger en facilitant les \u00e9quivalences de dipl\u00f4mes. Un dipl\u00f4me estampill\u00e9 EUR-ACE est \u00e9galement consid\u00e9r\u00e9 comme un gage de qualit\u00e9 par les employeurs.<\/p>\n<p><strong>Plus d\u2019infos sur les formations de la Polytech :<\/strong><a href=\"https:\/\/web.umons.ac.be\/fpms\/fr\/\" target=\"_blank\" rel=\"noopener noreferrer\"> www.umons.ac.be\/polytech<\/a><\/p>\n<p><strong>Plus d\u2019infos sur la CTI et le label EUR-ACE :<\/strong> <a href=\"http:\/\/www.cti-commission.fr\" target=\"_blank\" rel=\"noopener noreferrer\">www.cti-commission.fr<\/a><\/p>\n","protected":false},"excerpt":{"rendered":"<p>Les analyses des experts mettent en \u00e9vidence 3 piliers essentiels de la qualit\u00e9 des dipl\u00f4m\u00e9s de la FPMs : son mod\u00e8le de formation, l\u2019implication importante des entreprises dans le programme et la qualit\u00e9 relationnelle au sein de la facult\u00e9 (\u00e9tudiants et personnel, dont les enseignants).<\/p>\n","protected":false},"author":5,"featured_media":1425,"comment_status":"open","ping_status":"open","sticky":false,"template":"","format":"standard","meta":{"footnotes":""},"categories":[144,132,134,136,73],"tags":[],"class_list":["post-1422","post","type-post","status-publish","format-standard","has-post-thumbnail","hentry","category-alumni","category-enseignement","category-futur-etudiant","category-institution","category-international"],"yoast_head":"<!-- This site is optimized with the Yoast SEO plugin v27.2 - https:\/\/yoast.com\/product\/yoast-seo-wordpress\/ -->\n<title>La qualit\u00e9 de la formation en Masters d\u00e9livr\u00e9e par la FPMs \u00e0 nouveau reconnue par la CTI et le label EUR-ACE - Facult\u00e9 \/ FPMS<\/title>\n<meta name=\"robots\" content=\"index, follow, max-snippet:-1, max-image-preview:large, max-video-preview:-1\" \/>\n<link rel=\"canonical\" href=\"https:\/\/web.umons.ac.be\/fpms\/fr\/2019\/11\/13\/la-qualite-de-la-formation-en-master-delivree-par-la-fpms-a-nouveau-reconnue-par-la-cti-et-le-label-eur-ace\/\" \/>\n<meta property=\"og:locale\" content=\"fr_FR\" \/>\n<meta property=\"og:type\" content=\"article\" \/>\n<meta property=\"og:title\" content=\"La qualit\u00e9 de la formation en Masters d\u00e9livr\u00e9e par la FPMs \u00e0 nouveau reconnue par la CTI et le label EUR-ACE - Facult\u00e9 \/ FPMS\" \/>\n<meta property=\"og:description\" content=\"Les analyses des experts mettent en \u00e9vidence 3 piliers essentiels de la qualit\u00e9 des dipl\u00f4m\u00e9s de la FPMs : son mod\u00e8le de formation, l\u2019implication importante des entreprises dans le programme et la qualit\u00e9 relationnelle au sein de la facult\u00e9 (\u00e9tudiants et personnel, dont les enseignants).\" \/>\n<meta property=\"og:url\" content=\"https:\/\/web.umons.ac.be\/fpms\/fr\/2019\/11\/13\/la-qualite-de-la-formation-en-master-delivree-par-la-fpms-a-nouveau-reconnue-par-la-cti-et-le-label-eur-ace\/\" \/>\n<meta property=\"og:site_name\" content=\"Facult\u00e9 \/ FPMS\" \/>\n<meta property=\"article:published_time\" content=\"2019-11-13T13:48:47+00:00\" \/>\n<meta property=\"article:modified_time\" content=\"2022-11-09T10:00:26+00:00\" \/>\n<meta property=\"og:image\" content=\"https:\/\/web.umons.ac.be\/app\/uploads\/sites\/6\/2019\/11\/Logo_CTI2019.png\" \/>\n\t<meta property=\"og:image:width\" content=\"1179\" \/>\n\t<meta property=\"og:image:height\" content=\"1159\" \/>\n\t<meta property=\"og:image:type\" content=\"image\/png\" \/>\n<meta name=\"author\" content=\"Valery Saintghislain\" \/>\n<meta name=\"twitter:card\" content=\"summary_large_image\" \/>\n<meta name=\"twitter:label1\" content=\"\u00c9crit par\" \/>\n\t<meta name=\"twitter:data1\" content=\"Valery Saintghislain\" \/>\n\t<meta name=\"twitter:label2\" content=\"Dur\u00e9e de lecture estim\u00e9e\" \/>\n\t<meta name=\"twitter:data2\" content=\"2 minutes\" \/>\n<script type=\"application\/ld+json\" class=\"yoast-schema-graph\">{\"@context\":\"https:\/\/schema.org\",\"@graph\":[{\"@type\":\"Article\",\"@id\":\"https:\/\/web.umons.ac.be\/fpms\/fr\/2019\/11\/13\/la-qualite-de-la-formation-en-master-delivree-par-la-fpms-a-nouveau-reconnue-par-la-cti-et-le-label-eur-ace\/#article\",\"isPartOf\":{\"@id\":\"https:\/\/web.umons.ac.be\/fpms\/fr\/2019\/11\/13\/la-qualite-de-la-formation-en-master-delivree-par-la-fpms-a-nouveau-reconnue-par-la-cti-et-le-label-eur-ace\/\"},\"author\":{\"name\":\"Valery Saintghislain\",\"@id\":\"https:\/\/web.umons.ac.be\/fpms\/#\/schema\/person\/7c9889b0ce8057f3ff48fad706e67242\"},\"headline\":\"La qualit\u00e9 de la formation en Masters d\u00e9livr\u00e9e par la FPMs \u00e0 nouveau reconnue par la CTI et le label EUR-ACE\",\"datePublished\":\"2019-11-13T13:48:47+00:00\",\"dateModified\":\"2022-11-09T10:00:26+00:00\",\"mainEntityOfPage\":{\"@id\":\"https:\/\/web.umons.ac.be\/fpms\/fr\/2019\/11\/13\/la-qualite-de-la-formation-en-master-delivree-par-la-fpms-a-nouveau-reconnue-par-la-cti-et-le-label-eur-ace\/\"},\"wordCount\":462,\"commentCount\":0,\"image\":{\"@id\":\"https:\/\/web.umons.ac.be\/fpms\/fr\/2019\/11\/13\/la-qualite-de-la-formation-en-master-delivree-par-la-fpms-a-nouveau-reconnue-par-la-cti-et-le-label-eur-ace\/#primaryimage\"},\"thumbnailUrl\":\"https:\/\/web.umons.ac.be\/app\/uploads\/sites\/6\/2019\/11\/Logo_CTI2019.png\",\"articleSection\":[\"ALUMNI\",\"Enseignement\",\"Futur \u00e9tudiant\",\"Institution\",\"International\"],\"inLanguage\":\"fr-FR\",\"potentialAction\":[{\"@type\":\"CommentAction\",\"name\":\"Comment\",\"target\":[\"https:\/\/web.umons.ac.be\/fpms\/fr\/2019\/11\/13\/la-qualite-de-la-formation-en-master-delivree-par-la-fpms-a-nouveau-reconnue-par-la-cti-et-le-label-eur-ace\/#respond\"]}]},{\"@type\":\"WebPage\",\"@id\":\"https:\/\/web.umons.ac.be\/fpms\/fr\/2019\/11\/13\/la-qualite-de-la-formation-en-master-delivree-par-la-fpms-a-nouveau-reconnue-par-la-cti-et-le-label-eur-ace\/\",\"url\":\"https:\/\/web.umons.ac.be\/fpms\/fr\/2019\/11\/13\/la-qualite-de-la-formation-en-master-delivree-par-la-fpms-a-nouveau-reconnue-par-la-cti-et-le-label-eur-ace\/\",\"name\":\"La qualit\u00e9 de la formation en Masters d\u00e9livr\u00e9e par la FPMs \u00e0 nouveau reconnue par la CTI et le label EUR-ACE - Facult\u00e9 \/ FPMS\",\"isPartOf\":{\"@id\":\"https:\/\/web.umons.ac.be\/fpms\/#website\"},\"primaryImageOfPage\":{\"@id\":\"https:\/\/web.umons.ac.be\/fpms\/fr\/2019\/11\/13\/la-qualite-de-la-formation-en-master-delivree-par-la-fpms-a-nouveau-reconnue-par-la-cti-et-le-label-eur-ace\/#primaryimage\"},\"image\":{\"@id\":\"https:\/\/web.umons.ac.be\/fpms\/fr\/2019\/11\/13\/la-qualite-de-la-formation-en-master-delivree-par-la-fpms-a-nouveau-reconnue-par-la-cti-et-le-label-eur-ace\/#primaryimage\"},\"thumbnailUrl\":\"https:\/\/web.umons.ac.be\/app\/uploads\/sites\/6\/2019\/11\/Logo_CTI2019.png\",\"datePublished\":\"2019-11-13T13:48:47+00:00\",\"dateModified\":\"2022-11-09T10:00:26+00:00\",\"author\":{\"@id\":\"https:\/\/web.umons.ac.be\/fpms\/#\/schema\/person\/7c9889b0ce8057f3ff48fad706e67242\"},\"breadcrumb\":{\"@id\":\"https:\/\/web.umons.ac.be\/fpms\/fr\/2019\/11\/13\/la-qualite-de-la-formation-en-master-delivree-par-la-fpms-a-nouveau-reconnue-par-la-cti-et-le-label-eur-ace\/#breadcrumb\"},\"inLanguage\":\"fr-FR\",\"potentialAction\":[{\"@type\":\"ReadAction\",\"target\":[\"https:\/\/web.umons.ac.be\/fpms\/fr\/2019\/11\/13\/la-qualite-de-la-formation-en-master-delivree-par-la-fpms-a-nouveau-reconnue-par-la-cti-et-le-label-eur-ace\/\"]}]},{\"@type\":\"ImageObject\",\"inLanguage\":\"fr-FR\",\"@id\":\"https:\/\/web.umons.ac.be\/fpms\/fr\/2019\/11\/13\/la-qualite-de-la-formation-en-master-delivree-par-la-fpms-a-nouveau-reconnue-par-la-cti-et-le-label-eur-ace\/#primaryimage\",\"url\":\"https:\/\/web.umons.ac.be\/app\/uploads\/sites\/6\/2019\/11\/Logo_CTI2019.png\",\"contentUrl\":\"https:\/\/web.umons.ac.be\/app\/uploads\/sites\/6\/2019\/11\/Logo_CTI2019.png\",\"width\":1179,\"height\":1159},{\"@type\":\"BreadcrumbList\",\"@id\":\"https:\/\/web.umons.ac.be\/fpms\/fr\/2019\/11\/13\/la-qualite-de-la-formation-en-master-delivree-par-la-fpms-a-nouveau-reconnue-par-la-cti-et-le-label-eur-ace\/#breadcrumb\",\"itemListElement\":[{\"@type\":\"ListItem\",\"position\":1,\"name\":\"Accueil\",\"item\":\"https:\/\/web.umons.ac.be\/fpms\/fr\/\"},{\"@type\":\"ListItem\",\"position\":2,\"name\":\"La qualit\u00e9 de la formation en Masters d\u00e9livr\u00e9e par la FPMs \u00e0 nouveau reconnue par la CTI et le label EUR-ACE\"}]},{\"@type\":\"WebSite\",\"@id\":\"https:\/\/web.umons.ac.be\/fpms\/#website\",\"url\":\"https:\/\/web.umons.ac.be\/fpms\/\",\"name\":\"Facult\u00e9 \/ FPMS\",\"description\":\"Un site utilisant Universit\u00e9 de Mons \u2013 UMONS\",\"potentialAction\":[{\"@type\":\"SearchAction\",\"target\":{\"@type\":\"EntryPoint\",\"urlTemplate\":\"https:\/\/web.umons.ac.be\/fpms\/?s={search_term_string}\"},\"query-input\":{\"@type\":\"PropertyValueSpecification\",\"valueRequired\":true,\"valueName\":\"search_term_string\"}}],\"inLanguage\":\"fr-FR\"},{\"@type\":\"Person\",\"@id\":\"https:\/\/web.umons.ac.be\/fpms\/#\/schema\/person\/7c9889b0ce8057f3ff48fad706e67242\",\"name\":\"Valery Saintghislain\",\"image\":{\"@type\":\"ImageObject\",\"inLanguage\":\"fr-FR\",\"@id\":\"https:\/\/secure.gravatar.com\/avatar\/44bb4e1f113ddb10a7bae21f28b83af0917b5de0f146ddff631329aa1705ff6a?s=96&d=mm&r=g\",\"url\":\"https:\/\/secure.gravatar.com\/avatar\/44bb4e1f113ddb10a7bae21f28b83af0917b5de0f146ddff631329aa1705ff6a?s=96&d=mm&r=g\",\"contentUrl\":\"https:\/\/secure.gravatar.com\/avatar\/44bb4e1f113ddb10a7bae21f28b83af0917b5de0f146ddff631329aa1705ff6a?s=96&d=mm&r=g\",\"caption\":\"Valery Saintghislain\"},\"url\":\"https:\/\/web.umons.ac.be\/fpms\/author\/vsaintghislain\/\"}]}<\/script>\n<!-- \/ Yoast SEO plugin. -->","yoast_head_json":{"title":"La qualit\u00e9 de la formation en Masters d\u00e9livr\u00e9e par la FPMs \u00e0 nouveau reconnue par la CTI et le label EUR-ACE - Facult\u00e9 \/ FPMS","robots":{"index":"index","follow":"follow","max-snippet":"max-snippet:-1","max-image-preview":"max-image-preview:large","max-video-preview":"max-video-preview:-1"},"canonical":"https:\/\/web.umons.ac.be\/fpms\/fr\/2019\/11\/13\/la-qualite-de-la-formation-en-master-delivree-par-la-fpms-a-nouveau-reconnue-par-la-cti-et-le-label-eur-ace\/","og_locale":"fr_FR","og_type":"article","og_title":"La qualit\u00e9 de la formation en Masters d\u00e9livr\u00e9e par la FPMs \u00e0 nouveau reconnue par la CTI et le label EUR-ACE - Facult\u00e9 \/ FPMS","og_description":"Les analyses des experts mettent en \u00e9vidence 3 piliers essentiels de la qualit\u00e9 des dipl\u00f4m\u00e9s de la FPMs : son mod\u00e8le de formation, l\u2019implication importante des entreprises dans le programme et la qualit\u00e9 relationnelle au sein de la facult\u00e9 (\u00e9tudiants et personnel, dont les enseignants).","og_url":"https:\/\/web.umons.ac.be\/fpms\/fr\/2019\/11\/13\/la-qualite-de-la-formation-en-master-delivree-par-la-fpms-a-nouveau-reconnue-par-la-cti-et-le-label-eur-ace\/","og_site_name":"Facult\u00e9 \/ FPMS","article_published_time":"2019-11-13T13:48:47+00:00","article_modified_time":"2022-11-09T10:00:26+00:00","og_image":[{"width":1179,"height":1159,"url":"https:\/\/web.umons.ac.be\/app\/uploads\/sites\/6\/2019\/11\/Logo_CTI2019.png","type":"image\/png"}],"author":"Valery Saintghislain","twitter_card":"summary_large_image","twitter_misc":{"\u00c9crit par":"Valery Saintghislain","Dur\u00e9e de lecture estim\u00e9e":"2 minutes"},"schema":{"@context":"https:\/\/schema.org","@graph":[{"@type":"Article","@id":"https:\/\/web.umons.ac.be\/fpms\/fr\/2019\/11\/13\/la-qualite-de-la-formation-en-master-delivree-par-la-fpms-a-nouveau-reconnue-par-la-cti-et-le-label-eur-ace\/#article","isPartOf":{"@id":"https:\/\/web.umons.ac.be\/fpms\/fr\/2019\/11\/13\/la-qualite-de-la-formation-en-master-delivree-par-la-fpms-a-nouveau-reconnue-par-la-cti-et-le-label-eur-ace\/"},"author":{"name":"Valery Saintghislain","@id":"https:\/\/web.umons.ac.be\/fpms\/#\/schema\/person\/7c9889b0ce8057f3ff48fad706e67242"},"headline":"La qualit\u00e9 de la formation en Masters d\u00e9livr\u00e9e par la FPMs \u00e0 nouveau reconnue par la CTI et le label EUR-ACE","datePublished":"2019-11-13T13:48:47+00:00","dateModified":"2022-11-09T10:00:26+00:00","mainEntityOfPage":{"@id":"https:\/\/web.umons.ac.be\/fpms\/fr\/2019\/11\/13\/la-qualite-de-la-formation-en-master-delivree-par-la-fpms-a-nouveau-reconnue-par-la-cti-et-le-label-eur-ace\/"},"wordCount":462,"commentCount":0,"image":{"@id":"https:\/\/web.umons.ac.be\/fpms\/fr\/2019\/11\/13\/la-qualite-de-la-formation-en-master-delivree-par-la-fpms-a-nouveau-reconnue-par-la-cti-et-le-label-eur-ace\/#primaryimage"},"thumbnailUrl":"https:\/\/web.umons.ac.be\/app\/uploads\/sites\/6\/2019\/11\/Logo_CTI2019.png","articleSection":["ALUMNI","Enseignement","Futur \u00e9tudiant","Institution","International"],"inLanguage":"fr-FR","potentialAction":[{"@type":"CommentAction","name":"Comment","target":["https:\/\/web.umons.ac.be\/fpms\/fr\/2019\/11\/13\/la-qualite-de-la-formation-en-master-delivree-par-la-fpms-a-nouveau-reconnue-par-la-cti-et-le-label-eur-ace\/#respond"]}]},{"@type":"WebPage","@id":"https:\/\/web.umons.ac.be\/fpms\/fr\/2019\/11\/13\/la-qualite-de-la-formation-en-master-delivree-par-la-fpms-a-nouveau-reconnue-par-la-cti-et-le-label-eur-ace\/","url":"https:\/\/web.umons.ac.be\/fpms\/fr\/2019\/11\/13\/la-qualite-de-la-formation-en-master-delivree-par-la-fpms-a-nouveau-reconnue-par-la-cti-et-le-label-eur-ace\/","name":"La qualit\u00e9 de la formation en Masters d\u00e9livr\u00e9e par la FPMs \u00e0 nouveau reconnue par la CTI et le label EUR-ACE - Facult\u00e9 \/ FPMS","isPartOf":{"@id":"https:\/\/web.umons.ac.be\/fpms\/#website"},"primaryImageOfPage":{"@id":"https:\/\/web.umons.ac.be\/fpms\/fr\/2019\/11\/13\/la-qualite-de-la-formation-en-master-delivree-par-la-fpms-a-nouveau-reconnue-par-la-cti-et-le-label-eur-ace\/#primaryimage"},"image":{"@id":"https:\/\/web.umons.ac.be\/fpms\/fr\/2019\/11\/13\/la-qualite-de-la-formation-en-master-delivree-par-la-fpms-a-nouveau-reconnue-par-la-cti-et-le-label-eur-ace\/#primaryimage"},"thumbnailUrl":"https:\/\/web.umons.ac.be\/app\/uploads\/sites\/6\/2019\/11\/Logo_CTI2019.png","datePublished":"2019-11-13T13:48:47+00:00","dateModified":"2022-11-09T10:00:26+00:00","author":{"@id":"https:\/\/web.umons.ac.be\/fpms\/#\/schema\/person\/7c9889b0ce8057f3ff48fad706e67242"},"breadcrumb":{"@id":"https:\/\/web.umons.ac.be\/fpms\/fr\/2019\/11\/13\/la-qualite-de-la-formation-en-master-delivree-par-la-fpms-a-nouveau-reconnue-par-la-cti-et-le-label-eur-ace\/#breadcrumb"},"inLanguage":"fr-FR","potentialAction":[{"@type":"ReadAction","target":["https:\/\/web.umons.ac.be\/fpms\/fr\/2019\/11\/13\/la-qualite-de-la-formation-en-master-delivree-par-la-fpms-a-nouveau-reconnue-par-la-cti-et-le-label-eur-ace\/"]}]},{"@type":"ImageObject","inLanguage":"fr-FR","@id":"https:\/\/web.umons.ac.be\/fpms\/fr\/2019\/11\/13\/la-qualite-de-la-formation-en-master-delivree-par-la-fpms-a-nouveau-reconnue-par-la-cti-et-le-label-eur-ace\/#primaryimage","url":"https:\/\/web.umons.ac.be\/app\/uploads\/sites\/6\/2019\/11\/Logo_CTI2019.png","contentUrl":"https:\/\/web.umons.ac.be\/app\/uploads\/sites\/6\/2019\/11\/Logo_CTI2019.png","width":1179,"height":1159},{"@type":"BreadcrumbList","@id":"https:\/\/web.umons.ac.be\/fpms\/fr\/2019\/11\/13\/la-qualite-de-la-formation-en-master-delivree-par-la-fpms-a-nouveau-reconnue-par-la-cti-et-le-label-eur-ace\/#breadcrumb","itemListElement":[{"@type":"ListItem","position":1,"name":"Accueil","item":"https:\/\/web.umons.ac.be\/fpms\/fr\/"},{"@type":"ListItem","position":2,"name":"La qualit\u00e9 de la formation en Masters d\u00e9livr\u00e9e par la FPMs \u00e0 nouveau reconnue par la CTI et le label EUR-ACE"}]},{"@type":"WebSite","@id":"https:\/\/web.umons.ac.be\/fpms\/#website","url":"https:\/\/web.umons.ac.be\/fpms\/","name":"Facult\u00e9 \/ FPMS","description":"Un site utilisant Universit\u00e9 de Mons \u2013 UMONS","potentialAction":[{"@type":"SearchAction","target":{"@type":"EntryPoint","urlTemplate":"https:\/\/web.umons.ac.be\/fpms\/?s={search_term_string}"},"query-input":{"@type":"PropertyValueSpecification","valueRequired":true,"valueName":"search_term_string"}}],"inLanguage":"fr-FR"},{"@type":"Person","@id":"https:\/\/web.umons.ac.be\/fpms\/#\/schema\/person\/7c9889b0ce8057f3ff48fad706e67242","name":"Valery Saintghislain","image":{"@type":"ImageObject","inLanguage":"fr-FR","@id":"https:\/\/secure.gravatar.com\/avatar\/44bb4e1f113ddb10a7bae21f28b83af0917b5de0f146ddff631329aa1705ff6a?s=96&d=mm&r=g","url":"https:\/\/secure.gravatar.com\/avatar\/44bb4e1f113ddb10a7bae21f28b83af0917b5de0f146ddff631329aa1705ff6a?s=96&d=mm&r=g","contentUrl":"https:\/\/secure.gravatar.com\/avatar\/44bb4e1f113ddb10a7bae21f28b83af0917b5de0f146ddff631329aa1705ff6a?s=96&d=mm&r=g","caption":"Valery Saintghislain"},"url":"https:\/\/web.umons.ac.be\/fpms\/author\/vsaintghislain\/"}]}},"lang":"fr","translations":{"fr":1422},"pll_sync_post":[],"_links":{"self":[{"href":"https:\/\/web.umons.ac.be\/fpms\/wp-json\/wp\/v2\/posts\/1422","targetHints":{"allow":["GET"]}}],"collection":[{"href":"https:\/\/web.umons.ac.be\/fpms\/wp-json\/wp\/v2\/posts"}],"about":[{"href":"https:\/\/web.umons.ac.be\/fpms\/wp-json\/wp\/v2\/types\/post"}],"author":[{"embeddable":true,"href":"https:\/\/web.umons.ac.be\/fpms\/wp-json\/wp\/v2\/users\/5"}],"replies":[{"embeddable":true,"href":"https:\/\/web.umons.ac.be\/fpms\/wp-json\/wp\/v2\/comments?post=1422"}],"version-history":[{"count":6,"href":"https:\/\/web.umons.ac.be\/fpms\/wp-json\/wp\/v2\/posts\/1422\/revisions"}],"predecessor-version":[{"id":1430,"href":"https:\/\/web.umons.ac.be\/fpms\/wp-json\/wp\/v2\/posts\/1422\/revisions\/1430"}],"wp:featuredmedia":[{"embeddable":true,"href":"https:\/\/web.umons.ac.be\/fpms\/wp-json\/wp\/v2\/media\/1425"}],"wp:attachment":[{"href":"https:\/\/web.umons.ac.be\/fpms\/wp-json\/wp\/v2\/media?parent=1422"}],"wp:term":[{"taxonomy":"category","embeddable":true,"href":"https:\/\/web.umons.ac.be\/fpms\/wp-json\/wp\/v2\/categories?post=1422"},{"taxonomy":"post_tag","embeddable":true,"href":"https:\/\/web.umons.ac.be\/fpms\/wp-json\/wp\/v2\/tags?post=1422"}],"curies":[{"name":"wp","href":"https:\/\/api.w.org\/{rel}","templated":true}]}}