{"id":2048,"date":"2021-12-13T11:56:57","date_gmt":"2021-12-13T10:56:57","guid":{"rendered":"https:\/\/web.umons.ac.be\/fpms\/?p=2048"},"modified":"2021-12-13T11:59:17","modified_gmt":"2021-12-13T10:59:17","slug":"visite-dune-delegation-de-lumons-a-limoges","status":"publish","type":"post","link":"https:\/\/web.umons.ac.be\/fpms\/fr\/2021\/12\/13\/visite-dune-delegation-de-lumons-a-limoges\/","title":{"rendered":"Visite d&rsquo;une d\u00e9l\u00e9gation de l&rsquo;UMONS \u00e0 Limoges"},"content":{"rendered":"<p>De nombreuses visites ont eu lieu, notamment \u00e0 l\u2019Institut de Recherche sur les C\u00e9ramique, \u00e0 l\u2019institut X-Lim, \u00e0 l\u2019Universit\u00e9 de Limoges (\u00e9cole d\u2019ing\u00e9nieur ENSIL-ENSCI, Institut Universitaire de Technologie, Facult\u00e9 de M\u00e9decine Pharmacie), ainsi qu\u2019au sein de plusieurs centres de transfert technologiques tels que CITRA, CTTC, CISTEME, SAFIR. Et des rencontres avec de nombreux acteurs scientifiques, industriels, acad\u00e9miques et culturels de la r\u00e9gion Limougeaude.<\/p>\n<p>De nombreux contacts, tant au niveau recherche qu\u2019enseignement ont \u00e9t\u00e9 nou\u00e9s avec les organismes et institutions visit\u00e9s.<\/p>\n<p><img loading=\"lazy\" decoding=\"async\" class=\"aligncenter wp-image-2051\" src=\"https:\/\/web.umons.ac.be\/app\/uploads\/sites\/6\/2021\/12\/3.png\" alt=\"\" width=\"758\" height=\"429\" srcset=\"https:\/\/web.umons.ac.be\/app\/uploads\/sites\/6\/2021\/12\/3.png 1444w, https:\/\/web.umons.ac.be\/app\/uploads\/sites\/6\/2021\/12\/3-300x170.png 300w, https:\/\/web.umons.ac.be\/app\/uploads\/sites\/6\/2021\/12\/3-1024x579.png 1024w, https:\/\/web.umons.ac.be\/app\/uploads\/sites\/6\/2021\/12\/3-768x435.png 768w, https:\/\/web.umons.ac.be\/app\/uploads\/sites\/6\/2021\/12\/3-1167x660.png 1167w, https:\/\/web.umons.ac.be\/app\/uploads\/sites\/6\/2021\/12\/3-30x17.png 30w, https:\/\/web.umons.ac.be\/app\/uploads\/sites\/6\/2021\/12\/3-60x34.png 60w, https:\/\/web.umons.ac.be\/app\/uploads\/sites\/6\/2021\/12\/3-360x204.png 360w\" sizes=\"auto, (max-width: 758px) 100vw, 758px\" \/><\/p>\n<p><img loading=\"lazy\" decoding=\"async\" class=\"aligncenter wp-image-2049\" src=\"https:\/\/web.umons.ac.be\/app\/uploads\/sites\/6\/2021\/12\/1-rotated.jpg\" alt=\"\" width=\"322\" height=\"572\" srcset=\"https:\/\/web.umons.ac.be\/app\/uploads\/sites\/6\/2021\/12\/1-rotated.jpg 1086w, https:\/\/web.umons.ac.be\/app\/uploads\/sites\/6\/2021\/12\/1-169x300.jpg 169w, https:\/\/web.umons.ac.be\/app\/uploads\/sites\/6\/2021\/12\/1-576x1024.jpg 576w, https:\/\/web.umons.ac.be\/app\/uploads\/sites\/6\/2021\/12\/1-768x1365.jpg 768w, https:\/\/web.umons.ac.be\/app\/uploads\/sites\/6\/2021\/12\/1-864x1536.jpg 864w, https:\/\/web.umons.ac.be\/app\/uploads\/sites\/6\/2021\/12\/1-371x660.jpg 371w, https:\/\/web.umons.ac.be\/app\/uploads\/sites\/6\/2021\/12\/1-30x53.jpg 30w, https:\/\/web.umons.ac.be\/app\/uploads\/sites\/6\/2021\/12\/1-34x60.jpg 34w, https:\/\/web.umons.ac.be\/app\/uploads\/sites\/6\/2021\/12\/1-360x640.jpg 360w\" sizes=\"auto, (max-width: 322px) 100vw, 322px\" \/><img loading=\"lazy\" decoding=\"async\" class=\"wp-image-2050 aligncenter\" src=\"https:\/\/web.umons.ac.be\/app\/uploads\/sites\/6\/2021\/12\/2-rotated.jpg\" alt=\"\" width=\"314\" height=\"558\" srcset=\"https:\/\/web.umons.ac.be\/app\/uploads\/sites\/6\/2021\/12\/2-rotated.jpg 1086w, https:\/\/web.umons.ac.be\/app\/uploads\/sites\/6\/2021\/12\/2-169x300.jpg 169w, https:\/\/web.umons.ac.be\/app\/uploads\/sites\/6\/2021\/12\/2-576x1024.jpg 576w, https:\/\/web.umons.ac.be\/app\/uploads\/sites\/6\/2021\/12\/2-768x1365.jpg 768w, https:\/\/web.umons.ac.be\/app\/uploads\/sites\/6\/2021\/12\/2-864x1536.jpg 864w, https:\/\/web.umons.ac.be\/app\/uploads\/sites\/6\/2021\/12\/2-371x660.jpg 371w, https:\/\/web.umons.ac.be\/app\/uploads\/sites\/6\/2021\/12\/2-30x53.jpg 30w, https:\/\/web.umons.ac.be\/app\/uploads\/sites\/6\/2021\/12\/2-34x60.jpg 34w, https:\/\/web.umons.ac.be\/app\/uploads\/sites\/6\/2021\/12\/2-360x640.jpg 360w\" sizes=\"auto, (max-width: 314px) 100vw, 314px\" \/><\/p>\n","protected":false},"excerpt":{"rendered":"<p>Suite \u00e0 la mission de l\u2019Universit\u00e9 de Limoges et d\u2019Ester Technopole \u00e0 Mons en Octobre, une d\u00e9l\u00e9gation Wallonne, constitu\u00e9e de repr\u00e9sentants de l\u2019UMONS, de Materia Nova, du Centre Spatial de Li\u00e8ge et de M Marc Clairbois, D\u00e9l\u00e9gu\u00e9 g\u00e9n\u00e9ral Wallonie-Bruxelles en France, s\u2019est rendue \u00e0 Limoges.<\/p>\n","protected":false},"author":53,"featured_media":2052,"comment_status":"open","ping_status":"open","sticky":false,"template":"","format":"standard","meta":{"footnotes":""},"categories":[],"tags":[],"class_list":["post-2048","post","type-post","status-publish","format-standard","has-post-thumbnail","hentry"],"yoast_head":"<!-- This site is optimized with the Yoast SEO plugin v27.2 - https:\/\/yoast.com\/product\/yoast-seo-wordpress\/ -->\n<title>Visite d&#039;une d\u00e9l\u00e9gation de l&#039;UMONS \u00e0 Limoges - Facult\u00e9 \/ FPMS<\/title>\n<meta name=\"description\" content=\"Suite \u00e0 la mission de l\u2019Universit\u00e9 de Limoges et d\u2019Ester Technopole \u00e0 Mons en Octobre, une d\u00e9l\u00e9gation Wallonne, constitu\u00e9e de repr\u00e9sentants de l\u2019UMONS, de Materia Nova, du Centre Spatial de Li\u00e8ge et de M Marc Clairbois, D\u00e9l\u00e9gu\u00e9 g\u00e9n\u00e9ral Wallonie-Bruxelles en France, s\u2019est rendue \u00e0 Limoges.\" \/>\n<meta name=\"robots\" content=\"index, follow, max-snippet:-1, max-image-preview:large, max-video-preview:-1\" \/>\n<link rel=\"canonical\" href=\"https:\/\/web.umons.ac.be\/fpms\/fr\/2021\/12\/13\/visite-dune-delegation-de-lumons-a-limoges\/\" \/>\n<meta property=\"og:locale\" content=\"fr_FR\" \/>\n<meta property=\"og:type\" content=\"article\" \/>\n<meta property=\"og:title\" content=\"Visite d&#039;une d\u00e9l\u00e9gation de l&#039;UMONS \u00e0 Limoges - Facult\u00e9 \/ FPMS\" \/>\n<meta property=\"og:description\" content=\"Suite \u00e0 la mission de l\u2019Universit\u00e9 de Limoges et d\u2019Ester Technopole \u00e0 Mons en Octobre, une d\u00e9l\u00e9gation Wallonne, constitu\u00e9e de repr\u00e9sentants de l\u2019UMONS, de Materia Nova, du Centre Spatial de Li\u00e8ge et de M Marc Clairbois, D\u00e9l\u00e9gu\u00e9 g\u00e9n\u00e9ral Wallonie-Bruxelles en France, s\u2019est rendue \u00e0 Limoges.\" \/>\n<meta property=\"og:url\" content=\"https:\/\/web.umons.ac.be\/fpms\/fr\/2021\/12\/13\/visite-dune-delegation-de-lumons-a-limoges\/\" \/>\n<meta property=\"og:site_name\" content=\"Facult\u00e9 \/ FPMS\" \/>\n<meta property=\"article:published_time\" content=\"2021-12-13T10:56:57+00:00\" \/>\n<meta property=\"article:modified_time\" content=\"2021-12-13T10:59:17+00:00\" \/>\n<meta property=\"og:image\" content=\"https:\/\/web.umons.ac.be\/app\/uploads\/sites\/6\/2021\/12\/cover.jpg\" \/>\n\t<meta property=\"og:image:width\" content=\"1930\" \/>\n\t<meta property=\"og:image:height\" content=\"1086\" \/>\n\t<meta property=\"og:image:type\" content=\"image\/jpeg\" \/>\n<meta name=\"author\" content=\"Charlotte Jauniaux\" \/>\n<meta name=\"twitter:card\" content=\"summary_large_image\" \/>\n<meta name=\"twitter:label1\" content=\"\u00c9crit par\" \/>\n\t<meta name=\"twitter:data1\" content=\"Charlotte Jauniaux\" \/>\n<script type=\"application\/ld+json\" class=\"yoast-schema-graph\">{\"@context\":\"https:\/\/schema.org\",\"@graph\":[{\"@type\":\"Article\",\"@id\":\"https:\/\/web.umons.ac.be\/fpms\/fr\/2021\/12\/13\/visite-dune-delegation-de-lumons-a-limoges\/#article\",\"isPartOf\":{\"@id\":\"https:\/\/web.umons.ac.be\/fpms\/fr\/2021\/12\/13\/visite-dune-delegation-de-lumons-a-limoges\/\"},\"author\":{\"name\":\"Charlotte Jauniaux\",\"@id\":\"https:\/\/web.umons.ac.be\/fpms\/#\/schema\/person\/0e551c872f5b5e0d82d639bfc0d1ec29\"},\"headline\":\"Visite d&rsquo;une d\u00e9l\u00e9gation de l&rsquo;UMONS \u00e0 Limoges\",\"datePublished\":\"2021-12-13T10:56:57+00:00\",\"dateModified\":\"2021-12-13T10:59:17+00:00\",\"mainEntityOfPage\":{\"@id\":\"https:\/\/web.umons.ac.be\/fpms\/fr\/2021\/12\/13\/visite-dune-delegation-de-lumons-a-limoges\/\"},\"wordCount\":100,\"commentCount\":0,\"image\":{\"@id\":\"https:\/\/web.umons.ac.be\/fpms\/fr\/2021\/12\/13\/visite-dune-delegation-de-lumons-a-limoges\/#primaryimage\"},\"thumbnailUrl\":\"https:\/\/web.umons.ac.be\/app\/uploads\/sites\/6\/2021\/12\/cover.jpg\",\"inLanguage\":\"fr-FR\",\"potentialAction\":[{\"@type\":\"CommentAction\",\"name\":\"Comment\",\"target\":[\"https:\/\/web.umons.ac.be\/fpms\/fr\/2021\/12\/13\/visite-dune-delegation-de-lumons-a-limoges\/#respond\"]}]},{\"@type\":\"WebPage\",\"@id\":\"https:\/\/web.umons.ac.be\/fpms\/fr\/2021\/12\/13\/visite-dune-delegation-de-lumons-a-limoges\/\",\"url\":\"https:\/\/web.umons.ac.be\/fpms\/fr\/2021\/12\/13\/visite-dune-delegation-de-lumons-a-limoges\/\",\"name\":\"Visite d'une d\u00e9l\u00e9gation de l'UMONS \u00e0 Limoges - Facult\u00e9 \/ FPMS\",\"isPartOf\":{\"@id\":\"https:\/\/web.umons.ac.be\/fpms\/#website\"},\"primaryImageOfPage\":{\"@id\":\"https:\/\/web.umons.ac.be\/fpms\/fr\/2021\/12\/13\/visite-dune-delegation-de-lumons-a-limoges\/#primaryimage\"},\"image\":{\"@id\":\"https:\/\/web.umons.ac.be\/fpms\/fr\/2021\/12\/13\/visite-dune-delegation-de-lumons-a-limoges\/#primaryimage\"},\"thumbnailUrl\":\"https:\/\/web.umons.ac.be\/app\/uploads\/sites\/6\/2021\/12\/cover.jpg\",\"datePublished\":\"2021-12-13T10:56:57+00:00\",\"dateModified\":\"2021-12-13T10:59:17+00:00\",\"author\":{\"@id\":\"https:\/\/web.umons.ac.be\/fpms\/#\/schema\/person\/0e551c872f5b5e0d82d639bfc0d1ec29\"},\"description\":\"Suite \u00e0 la mission de l\u2019Universit\u00e9 de Limoges et d\u2019Ester Technopole \u00e0 Mons en Octobre, une d\u00e9l\u00e9gation Wallonne, constitu\u00e9e de repr\u00e9sentants de l\u2019UMONS, de Materia Nova, du Centre Spatial de Li\u00e8ge et de M Marc Clairbois, D\u00e9l\u00e9gu\u00e9 g\u00e9n\u00e9ral Wallonie-Bruxelles en France, s\u2019est rendue \u00e0 Limoges.\",\"breadcrumb\":{\"@id\":\"https:\/\/web.umons.ac.be\/fpms\/fr\/2021\/12\/13\/visite-dune-delegation-de-lumons-a-limoges\/#breadcrumb\"},\"inLanguage\":\"fr-FR\",\"potentialAction\":[{\"@type\":\"ReadAction\",\"target\":[\"https:\/\/web.umons.ac.be\/fpms\/fr\/2021\/12\/13\/visite-dune-delegation-de-lumons-a-limoges\/\"]}]},{\"@type\":\"ImageObject\",\"inLanguage\":\"fr-FR\",\"@id\":\"https:\/\/web.umons.ac.be\/fpms\/fr\/2021\/12\/13\/visite-dune-delegation-de-lumons-a-limoges\/#primaryimage\",\"url\":\"https:\/\/web.umons.ac.be\/app\/uploads\/sites\/6\/2021\/12\/cover.jpg\",\"contentUrl\":\"https:\/\/web.umons.ac.be\/app\/uploads\/sites\/6\/2021\/12\/cover.jpg\",\"width\":1930,\"height\":1086},{\"@type\":\"BreadcrumbList\",\"@id\":\"https:\/\/web.umons.ac.be\/fpms\/fr\/2021\/12\/13\/visite-dune-delegation-de-lumons-a-limoges\/#breadcrumb\",\"itemListElement\":[{\"@type\":\"ListItem\",\"position\":1,\"name\":\"Accueil\",\"item\":\"https:\/\/web.umons.ac.be\/fpms\/fr\/\"},{\"@type\":\"ListItem\",\"position\":2,\"name\":\"Visite d&rsquo;une d\u00e9l\u00e9gation de l&rsquo;UMONS \u00e0 Limoges\"}]},{\"@type\":\"WebSite\",\"@id\":\"https:\/\/web.umons.ac.be\/fpms\/#website\",\"url\":\"https:\/\/web.umons.ac.be\/fpms\/\",\"name\":\"Facult\u00e9 \/ FPMS\",\"description\":\"Un site utilisant Universit\u00e9 de Mons \u2013 UMONS\",\"potentialAction\":[{\"@type\":\"SearchAction\",\"target\":{\"@type\":\"EntryPoint\",\"urlTemplate\":\"https:\/\/web.umons.ac.be\/fpms\/?s={search_term_string}\"},\"query-input\":{\"@type\":\"PropertyValueSpecification\",\"valueRequired\":true,\"valueName\":\"search_term_string\"}}],\"inLanguage\":\"fr-FR\"},{\"@type\":\"Person\",\"@id\":\"https:\/\/web.umons.ac.be\/fpms\/#\/schema\/person\/0e551c872f5b5e0d82d639bfc0d1ec29\",\"name\":\"Charlotte Jauniaux\",\"image\":{\"@type\":\"ImageObject\",\"inLanguage\":\"fr-FR\",\"@id\":\"https:\/\/secure.gravatar.com\/avatar\/c605cb02ca65f6d8736f45656f954fc989cfc94334813e828826865a05126db6?s=96&d=mm&r=g\",\"url\":\"https:\/\/secure.gravatar.com\/avatar\/c605cb02ca65f6d8736f45656f954fc989cfc94334813e828826865a05126db6?s=96&d=mm&r=g\",\"contentUrl\":\"https:\/\/secure.gravatar.com\/avatar\/c605cb02ca65f6d8736f45656f954fc989cfc94334813e828826865a05126db6?s=96&d=mm&r=g\",\"caption\":\"Charlotte Jauniaux\"},\"url\":\"https:\/\/web.umons.ac.be\/fpms\/author\/cjauniaux\/\"}]}<\/script>\n<!-- \/ Yoast SEO plugin. -->","yoast_head_json":{"title":"Visite d'une d\u00e9l\u00e9gation de l'UMONS \u00e0 Limoges - Facult\u00e9 \/ FPMS","description":"Suite \u00e0 la mission de l\u2019Universit\u00e9 de Limoges et d\u2019Ester Technopole \u00e0 Mons en Octobre, une d\u00e9l\u00e9gation Wallonne, constitu\u00e9e de repr\u00e9sentants de l\u2019UMONS, de Materia Nova, du Centre Spatial de Li\u00e8ge et de M Marc Clairbois, D\u00e9l\u00e9gu\u00e9 g\u00e9n\u00e9ral Wallonie-Bruxelles en France, s\u2019est rendue \u00e0 Limoges.","robots":{"index":"index","follow":"follow","max-snippet":"max-snippet:-1","max-image-preview":"max-image-preview:large","max-video-preview":"max-video-preview:-1"},"canonical":"https:\/\/web.umons.ac.be\/fpms\/fr\/2021\/12\/13\/visite-dune-delegation-de-lumons-a-limoges\/","og_locale":"fr_FR","og_type":"article","og_title":"Visite d'une d\u00e9l\u00e9gation de l'UMONS \u00e0 Limoges - Facult\u00e9 \/ FPMS","og_description":"Suite \u00e0 la mission de l\u2019Universit\u00e9 de Limoges et d\u2019Ester Technopole \u00e0 Mons en Octobre, une d\u00e9l\u00e9gation Wallonne, constitu\u00e9e de repr\u00e9sentants de l\u2019UMONS, de Materia Nova, du Centre Spatial de Li\u00e8ge et de M Marc Clairbois, D\u00e9l\u00e9gu\u00e9 g\u00e9n\u00e9ral Wallonie-Bruxelles en France, s\u2019est rendue \u00e0 Limoges.","og_url":"https:\/\/web.umons.ac.be\/fpms\/fr\/2021\/12\/13\/visite-dune-delegation-de-lumons-a-limoges\/","og_site_name":"Facult\u00e9 \/ FPMS","article_published_time":"2021-12-13T10:56:57+00:00","article_modified_time":"2021-12-13T10:59:17+00:00","og_image":[{"width":1930,"height":1086,"url":"https:\/\/web.umons.ac.be\/app\/uploads\/sites\/6\/2021\/12\/cover.jpg","type":"image\/jpeg"}],"author":"Charlotte Jauniaux","twitter_card":"summary_large_image","twitter_misc":{"\u00c9crit par":"Charlotte Jauniaux"},"schema":{"@context":"https:\/\/schema.org","@graph":[{"@type":"Article","@id":"https:\/\/web.umons.ac.be\/fpms\/fr\/2021\/12\/13\/visite-dune-delegation-de-lumons-a-limoges\/#article","isPartOf":{"@id":"https:\/\/web.umons.ac.be\/fpms\/fr\/2021\/12\/13\/visite-dune-delegation-de-lumons-a-limoges\/"},"author":{"name":"Charlotte Jauniaux","@id":"https:\/\/web.umons.ac.be\/fpms\/#\/schema\/person\/0e551c872f5b5e0d82d639bfc0d1ec29"},"headline":"Visite d&rsquo;une d\u00e9l\u00e9gation de l&rsquo;UMONS \u00e0 Limoges","datePublished":"2021-12-13T10:56:57+00:00","dateModified":"2021-12-13T10:59:17+00:00","mainEntityOfPage":{"@id":"https:\/\/web.umons.ac.be\/fpms\/fr\/2021\/12\/13\/visite-dune-delegation-de-lumons-a-limoges\/"},"wordCount":100,"commentCount":0,"image":{"@id":"https:\/\/web.umons.ac.be\/fpms\/fr\/2021\/12\/13\/visite-dune-delegation-de-lumons-a-limoges\/#primaryimage"},"thumbnailUrl":"https:\/\/web.umons.ac.be\/app\/uploads\/sites\/6\/2021\/12\/cover.jpg","inLanguage":"fr-FR","potentialAction":[{"@type":"CommentAction","name":"Comment","target":["https:\/\/web.umons.ac.be\/fpms\/fr\/2021\/12\/13\/visite-dune-delegation-de-lumons-a-limoges\/#respond"]}]},{"@type":"WebPage","@id":"https:\/\/web.umons.ac.be\/fpms\/fr\/2021\/12\/13\/visite-dune-delegation-de-lumons-a-limoges\/","url":"https:\/\/web.umons.ac.be\/fpms\/fr\/2021\/12\/13\/visite-dune-delegation-de-lumons-a-limoges\/","name":"Visite d'une d\u00e9l\u00e9gation de l'UMONS \u00e0 Limoges - Facult\u00e9 \/ FPMS","isPartOf":{"@id":"https:\/\/web.umons.ac.be\/fpms\/#website"},"primaryImageOfPage":{"@id":"https:\/\/web.umons.ac.be\/fpms\/fr\/2021\/12\/13\/visite-dune-delegation-de-lumons-a-limoges\/#primaryimage"},"image":{"@id":"https:\/\/web.umons.ac.be\/fpms\/fr\/2021\/12\/13\/visite-dune-delegation-de-lumons-a-limoges\/#primaryimage"},"thumbnailUrl":"https:\/\/web.umons.ac.be\/app\/uploads\/sites\/6\/2021\/12\/cover.jpg","datePublished":"2021-12-13T10:56:57+00:00","dateModified":"2021-12-13T10:59:17+00:00","author":{"@id":"https:\/\/web.umons.ac.be\/fpms\/#\/schema\/person\/0e551c872f5b5e0d82d639bfc0d1ec29"},"description":"Suite \u00e0 la mission de l\u2019Universit\u00e9 de Limoges et d\u2019Ester Technopole \u00e0 Mons en Octobre, une d\u00e9l\u00e9gation Wallonne, constitu\u00e9e de repr\u00e9sentants de l\u2019UMONS, de Materia Nova, du Centre Spatial de Li\u00e8ge et de M Marc Clairbois, D\u00e9l\u00e9gu\u00e9 g\u00e9n\u00e9ral Wallonie-Bruxelles en France, s\u2019est rendue \u00e0 Limoges.","breadcrumb":{"@id":"https:\/\/web.umons.ac.be\/fpms\/fr\/2021\/12\/13\/visite-dune-delegation-de-lumons-a-limoges\/#breadcrumb"},"inLanguage":"fr-FR","potentialAction":[{"@type":"ReadAction","target":["https:\/\/web.umons.ac.be\/fpms\/fr\/2021\/12\/13\/visite-dune-delegation-de-lumons-a-limoges\/"]}]},{"@type":"ImageObject","inLanguage":"fr-FR","@id":"https:\/\/web.umons.ac.be\/fpms\/fr\/2021\/12\/13\/visite-dune-delegation-de-lumons-a-limoges\/#primaryimage","url":"https:\/\/web.umons.ac.be\/app\/uploads\/sites\/6\/2021\/12\/cover.jpg","contentUrl":"https:\/\/web.umons.ac.be\/app\/uploads\/sites\/6\/2021\/12\/cover.jpg","width":1930,"height":1086},{"@type":"BreadcrumbList","@id":"https:\/\/web.umons.ac.be\/fpms\/fr\/2021\/12\/13\/visite-dune-delegation-de-lumons-a-limoges\/#breadcrumb","itemListElement":[{"@type":"ListItem","position":1,"name":"Accueil","item":"https:\/\/web.umons.ac.be\/fpms\/fr\/"},{"@type":"ListItem","position":2,"name":"Visite d&rsquo;une d\u00e9l\u00e9gation de l&rsquo;UMONS \u00e0 Limoges"}]},{"@type":"WebSite","@id":"https:\/\/web.umons.ac.be\/fpms\/#website","url":"https:\/\/web.umons.ac.be\/fpms\/","name":"Facult\u00e9 \/ FPMS","description":"Un site utilisant Universit\u00e9 de Mons \u2013 UMONS","potentialAction":[{"@type":"SearchAction","target":{"@type":"EntryPoint","urlTemplate":"https:\/\/web.umons.ac.be\/fpms\/?s={search_term_string}"},"query-input":{"@type":"PropertyValueSpecification","valueRequired":true,"valueName":"search_term_string"}}],"inLanguage":"fr-FR"},{"@type":"Person","@id":"https:\/\/web.umons.ac.be\/fpms\/#\/schema\/person\/0e551c872f5b5e0d82d639bfc0d1ec29","name":"Charlotte Jauniaux","image":{"@type":"ImageObject","inLanguage":"fr-FR","@id":"https:\/\/secure.gravatar.com\/avatar\/c605cb02ca65f6d8736f45656f954fc989cfc94334813e828826865a05126db6?s=96&d=mm&r=g","url":"https:\/\/secure.gravatar.com\/avatar\/c605cb02ca65f6d8736f45656f954fc989cfc94334813e828826865a05126db6?s=96&d=mm&r=g","contentUrl":"https:\/\/secure.gravatar.com\/avatar\/c605cb02ca65f6d8736f45656f954fc989cfc94334813e828826865a05126db6?s=96&d=mm&r=g","caption":"Charlotte Jauniaux"},"url":"https:\/\/web.umons.ac.be\/fpms\/author\/cjauniaux\/"}]}},"lang":"fr","translations":{"fr":2048},"pll_sync_post":[],"_links":{"self":[{"href":"https:\/\/web.umons.ac.be\/fpms\/wp-json\/wp\/v2\/posts\/2048","targetHints":{"allow":["GET"]}}],"collection":[{"href":"https:\/\/web.umons.ac.be\/fpms\/wp-json\/wp\/v2\/posts"}],"about":[{"href":"https:\/\/web.umons.ac.be\/fpms\/wp-json\/wp\/v2\/types\/post"}],"author":[{"embeddable":true,"href":"https:\/\/web.umons.ac.be\/fpms\/wp-json\/wp\/v2\/users\/53"}],"replies":[{"embeddable":true,"href":"https:\/\/web.umons.ac.be\/fpms\/wp-json\/wp\/v2\/comments?post=2048"}],"version-history":[{"count":2,"href":"https:\/\/web.umons.ac.be\/fpms\/wp-json\/wp\/v2\/posts\/2048\/revisions"}],"predecessor-version":[{"id":2054,"href":"https:\/\/web.umons.ac.be\/fpms\/wp-json\/wp\/v2\/posts\/2048\/revisions\/2054"}],"wp:featuredmedia":[{"embeddable":true,"href":"https:\/\/web.umons.ac.be\/fpms\/wp-json\/wp\/v2\/media\/2052"}],"wp:attachment":[{"href":"https:\/\/web.umons.ac.be\/fpms\/wp-json\/wp\/v2\/media?parent=2048"}],"wp:term":[{"taxonomy":"category","embeddable":true,"href":"https:\/\/web.umons.ac.be\/fpms\/wp-json\/wp\/v2\/categories?post=2048"},{"taxonomy":"post_tag","embeddable":true,"href":"https:\/\/web.umons.ac.be\/fpms\/wp-json\/wp\/v2\/tags?post=2048"}],"curies":[{"name":"wp","href":"https:\/\/api.w.org\/{rel}","templated":true}]}}