{"id":2544,"date":"2025-06-03T11:26:33","date_gmt":"2025-06-03T09:26:33","guid":{"rendered":"https:\/\/web.umons.ac.be\/fpse\/?p=2544"},"modified":"2025-06-03T11:28:35","modified_gmt":"2025-06-03T09:28:35","slug":"dans-la-tete-des-mechants-du-cinema-le-nouveau-livre-fascinant-du-dr-samuel-leistedt","status":"publish","type":"post","link":"https:\/\/web.umons.ac.be\/fpse\/fr\/dans-la-tete-des-mechants-du-cinema-le-nouveau-livre-fascinant-du-dr-samuel-leistedt\/","title":{"rendered":"Dans la t\u00eate des m\u00e9chants du cin\u00e9ma : le nouveau livre fascinant du Dr. Samu\u00ebl Leistedt"},"content":{"rendered":"<p><img loading=\"lazy\" decoding=\"async\" class=\" wp-image-2547 alignright\" style=\"font-style: normal;font-weight: 400;font-family: 'Helvetica Neue', Helvetica, Arial, sans-serif;font-size: 14px\" src=\"https:\/\/web.umons.ac.be\/app\/uploads\/sites\/3\/2025\/06\/Bouquin2-300x222.jpg\" alt=\"\" width=\"373\" height=\"276\" srcset=\"https:\/\/web.umons.ac.be\/app\/uploads\/sites\/3\/2025\/06\/Bouquin2-300x222.jpg 300w, https:\/\/web.umons.ac.be\/app\/uploads\/sites\/3\/2025\/06\/Bouquin2-30x22.jpg 30w, https:\/\/web.umons.ac.be\/app\/uploads\/sites\/3\/2025\/06\/Bouquin2-60x44.jpg 60w, https:\/\/web.umons.ac.be\/app\/uploads\/sites\/3\/2025\/06\/Bouquin2-360x267.jpg 360w, https:\/\/web.umons.ac.be\/app\/uploads\/sites\/3\/2025\/06\/Bouquin2.jpg 599w\" sizes=\"auto, (max-width: 373px) 100vw, 373px\" \/><\/p>\n<p data-start=\"524\" data-end=\"1121\">Il y a ce moment gla\u00e7ant o\u00f9 Hannibal Lecter fixe Clarice Starling dans Le Silence des Agneaux. Ou encore cette sc\u00e8ne durant laquelle le Joker s\u00e8me le chaos sans but apparent. Que se cache-t-il derri\u00e8re ces regards fous, ces comportements extr\u00eames, cette violence parfois si m\u00e9thodique ? Sont-ils pure fiction\u2026 ou simplement l&rsquo;\u00e9cho d\u2019une r\u00e9alit\u00e9 psychiatrique bien tangible ? C\u2019est pr\u00e9cis\u00e9ment la question que pose le Dr. Samu\u00ebl Leistedt dans son nouvel ouvrage \u00ab\u00a0Les m\u00e9chants du cin\u00e9ma \u2013 Hannibal Lecter, Dark Vador ou le Joker existent-ils vraiment ?, \u00e0 para\u00eetre le 18 juin 2025 aux \u00e9ditions Racine.<\/p>\n<p data-start=\"1123\" data-end=\"1699\">M\u00e9decin psychiatre sp\u00e9cialis\u00e9 en psychiatrie m\u00e9dico-l\u00e9gale, le Dr. Leistedt n\u2019en est pas \u00e0 son coup d\u2019essai. Apr\u00e8s \u00ab\u00a0Dans la t\u00eate des assassins et des abuseurs sexuels\u00a0\u00bb, il pousse ici encore plus loin l\u2019exploration des comportements extr\u00eames \u00e0 travers une analyse in\u00e9dite de plus de 200 personnages issus du grand et du petit \u00e9cran. Clarence Boddicker (Robocop), Catherine Tramell (Basic Instinct), Ramsay Bolton (Game of Thrones), Alex Forrest (Liaison fatale) : autant de figures du mal, gla\u00e7antes, brillantes, perverses, parfois \u00e9trangement proches de profils r\u00e9els.<\/p>\n<p data-start=\"1703\" data-end=\"1959\">\u00ab\u00a0<em>J\u2019ai toujours aim\u00e9 le cin\u00e9ma et la litt\u00e9rature et j\u2019ai toujours \u00e9t\u00e9 int\u00e9ress\u00e9, de pr\u00e8s ou de loin, par les antagonistes. Leur psychologie, leur motivation, leurs <\/em><em>qualit\u00e9s, leurs d\u00e9fauts, tout cela m\u2019a toujours beaucoup plus int\u00e9ress\u00e9\u00a0\u00bb<\/em>, confie le Dr. Leistedt. <em>Il m\u2019est m\u00eame arriv\u00e9 de regarder certains films uniquement pour leurs vilains <\/em>\u00bb, ajoute-t-il.<\/p>\n<p data-start=\"1961\" data-end=\"2404\">Mais ce n\u2019est pas un simple catalogue de m\u00e9chants qu\u2019offre ce livre. Il s\u2019agit d\u2019une v\u00e9ritable enqu\u00eate, nourrie par une double expertise : celle du psychiatre et celle du cin\u00e9phile. En croisant des ann\u00e9es d\u2019exp\u00e9rience en psychiatrie l\u00e9gale, le Dr. Leistedt a notamment expertis\u00e9 des figures tristement c\u00e9l\u00e8bres avec une culture cin\u00e9matographique solide, en dressant un pont entre fiction et r\u00e9alit\u00e9 clinique.<\/p>\n<p data-start=\"2408\" data-end=\"2632\">\u00ab\u00a0<em>L\u2019objectif du bouquin est justement de mettre en parall\u00e8le ma r\u00e9alit\u00e9 d\u2019expert, <\/em><em>et donc les vrais profils psychopathologiques que je rencontre, avec des <\/em><em>vilains que j\u2019estime &lsquo;bien r\u00e9ussis&rsquo; et donc cr\u00e9dibles\u00a0\u00bb<\/em>, explique-t-il.<\/p>\n<p data-start=\"2634\" data-end=\"3057\">Chaque chapitre devient ainsi une le\u00e7on de psychopathologie \u00e0 travers le prisme du septi\u00e8me art. Qu\u2019est-ce qu\u2019un vrai trouble borderline ? Comment la psychopathie narcissique se manifeste-t-elle dans la vie r\u00e9elle ? Pourquoi certains personnages de fiction sonnent juste alors que d\u2019autres rel\u00e8vent davantage du fantasme de sc\u00e9nariste ? Le Dr. Leistedt r\u00e9pond \u00e0 ces questions en utilisant le cin\u00e9ma comme une porte d\u2019entr\u00e9e p\u00e9dagogique.<\/p>\n<p data-start=\"3061\" data-end=\"3233\">\u00ab\u00a0<em>Je souhaitais pouvoir, en quelque sorte, illustrer ce que j\u2019enseignais. Enseigner les troubles du comportement est tr\u00e8s abstrait. Le <\/em><em>mat\u00e9riel offert par le cin\u00e9ma permet d\u2019\u00e9tudier aux \u00e9tudiants, et finalement \u00e0 tout un chacun, ce qu\u2019est v\u00e9ritablement un profil psychopathologique\u00a0\u00bb<\/em>, d\u00e9veloppe le sp\u00e9cialiste.<\/p>\n<p data-start=\"3235\" data-end=\"3486\">Pens\u00e9 comme un ouvrage de vulgarisation accessible \u00e0 tous (\u00e9tudiants en psychologie, droit, cin\u00e9ma, professionnels de sant\u00e9, ou simplement grand public passionn\u00e9), ce livre vise aussi \u00e0 dissiper les nombreux clich\u00e9s qui entourent la maladie mentale. \u00ab\u00a0<em>C\u2019est le c\u0153ur de la motivation de ce livre: montrer ce que sont les v\u00e9ritables profils psychopathologiques, et surtout faire dispara\u00eetre des tas de fausses croyances en lien avec la maladie mentale<\/em>.\u00a0\u00bb<\/p>\n<p data-start=\"3695\" data-end=\"4070\">Et si, au-del\u00e0 du portrait des m\u00e9chants, c\u2019\u00e9tait finalement notre propre fascination pour le mal que l\u2019auteur cherchait \u00e0 d\u00e9crypter ? En sondant l\u2019\u00e2me sombre de ces personnages fictifs, le Dr. Leistedt nous tend un miroir : pourquoi aimons-nous tant les ha\u00efr ? Pourquoi certains nous s\u00e9duisent-ils malgr\u00e9 leur cruaut\u00e9 ? Un livre qui interroge, d\u00e9range parfois, mais \u00e9claire surtout.<\/p>\n<p data-start=\"4072\" data-end=\"4623\">Pour accompagner cette sortie \u00e9v\u00e9nement, une conf\u00e9rence exceptionnelle sur ce m\u00eame th\u00e8me se tiendra le 26 juin prochain aux Grands Amphith\u00e9\u00e2tres, sur la Plaine de Nimy (plus d&rsquo;infos \u00e0 venir).<\/p>\n<p data-start=\"4072\" data-end=\"4623\">L\u2019\u00e9v\u00e9nement, gratuit et ouvert \u00e0 tous, est organis\u00e9 en partenariat avec l\u2019\u00e9diteur Racine, la librairie Scientia et l&rsquo;UMONS.<\/p>\n<p data-start=\"4072\" data-end=\"4623\">Plus d&rsquo;infos sur les livres du Dr. Leistedt <a href=\"https:\/\/www.racine.be\/fr\/samu%C3%ABl-leistedt\" target=\"_blank\" rel=\"noopener\">ici<\/a>.<\/p>\n","protected":false},"excerpt":{"rendered":"<p>Et si Hannibal Lecter, le Joker ou Dark Vador existaient vraiment ? Dans son nouveau livre intitul\u00e9 \u00ab\u00a0Les m\u00e9chants du cin\u00e9ma &#8211; Hannibal Lecter, Dark Vador ou le Joker existent-ils vraiment ?\u00a0\u00bb, le Dr. Samu\u00ebl Leistedt, psychiatre m\u00e9dico-l\u00e9gal, expert judiciaire et enseignant \u00e0 l&rsquo;UMONS, confronte les figures du mal du cin\u00e9ma \u00e0 la r\u00e9alit\u00e9 des troubles mentaux. Un voyage gla\u00e7ant et captivant dans l&rsquo;univers des \u00ab\u00a0m\u00e9chants\u00a0\u00bb, \u00e0 d\u00e9couvrir d\u00e8s le 18 juin.<\/p>\n","protected":false},"author":232,"featured_media":2545,"comment_status":"closed","ping_status":"closed","sticky":false,"template":"","format":"standard","meta":{"footnotes":""},"categories":[110,49,120],"tags":[],"class_list":["post-2544","post","type-post","status-publish","format-standard","has-post-thumbnail","hentry","category-conferences-colloques","category-enseignement","category-vie-culturelle-et-sportive"],"yoast_head":"<!-- This site is optimized with the Yoast SEO plugin v27.2 - https:\/\/yoast.com\/product\/yoast-seo-wordpress\/ -->\n<title>Dans la t\u00eate des m\u00e9chants du cin\u00e9ma : le nouveau livre fascinant du Dr. Samu\u00ebl Leistedt - Facult\u00e9 \/ FPSE<\/title>\n<meta name=\"robots\" content=\"index, follow, max-snippet:-1, max-image-preview:large, max-video-preview:-1\" \/>\n<link rel=\"canonical\" href=\"https:\/\/web.umons.ac.be\/fpse\/fr\/dans-la-tete-des-mechants-du-cinema-le-nouveau-livre-fascinant-du-dr-samuel-leistedt\/\" \/>\n<meta property=\"og:locale\" content=\"fr_FR\" \/>\n<meta property=\"og:type\" content=\"article\" \/>\n<meta property=\"og:title\" content=\"Dans la t\u00eate des m\u00e9chants du cin\u00e9ma : le nouveau livre fascinant du Dr. Samu\u00ebl Leistedt - Facult\u00e9 \/ FPSE\" \/>\n<meta property=\"og:description\" content=\"Et si Hannibal Lecter, le Joker ou Dark Vador existaient vraiment ? Dans son nouveau livre intitul\u00e9 &quot;Les m\u00e9chants du cin\u00e9ma - Hannibal Lecter, Dark Vador ou le Joker existent-ils vraiment ?&quot;, le Dr. Samu\u00ebl Leistedt, psychiatre m\u00e9dico-l\u00e9gal, expert judiciaire et enseignant \u00e0 l&#039;UMONS, confronte les figures du mal du cin\u00e9ma \u00e0 la r\u00e9alit\u00e9 des troubles mentaux. Un voyage gla\u00e7ant et captivant dans l&#039;univers des &quot;m\u00e9chants&quot;, \u00e0 d\u00e9couvrir d\u00e8s le 18 juin.\" \/>\n<meta property=\"og:url\" content=\"https:\/\/web.umons.ac.be\/fpse\/fr\/dans-la-tete-des-mechants-du-cinema-le-nouveau-livre-fascinant-du-dr-samuel-leistedt\/\" \/>\n<meta property=\"og:site_name\" content=\"Facult\u00e9 \/ FPSE\" \/>\n<meta property=\"article:published_time\" content=\"2025-06-03T09:26:33+00:00\" \/>\n<meta property=\"article:modified_time\" content=\"2025-06-03T09:28:35+00:00\" \/>\n<meta property=\"og:image\" content=\"https:\/\/web.umons.ac.be\/app\/uploads\/sites\/3\/2025\/06\/Livre.png\" \/>\n\t<meta property=\"og:image:width\" content=\"337\" \/>\n\t<meta property=\"og:image:height\" content=\"217\" \/>\n\t<meta property=\"og:image:type\" content=\"image\/png\" \/>\n<meta name=\"author\" content=\"Christophe Morel\" \/>\n<meta name=\"twitter:card\" content=\"summary_large_image\" \/>\n<meta name=\"twitter:label1\" content=\"\u00c9crit par\" \/>\n\t<meta name=\"twitter:data1\" content=\"Christophe Morel\" \/>\n\t<meta name=\"twitter:label2\" content=\"Dur\u00e9e de lecture estim\u00e9e\" \/>\n\t<meta name=\"twitter:data2\" content=\"4 minutes\" \/>\n<script type=\"application\/ld+json\" class=\"yoast-schema-graph\">{\"@context\":\"https:\/\/schema.org\",\"@graph\":[{\"@type\":\"Article\",\"@id\":\"https:\/\/web.umons.ac.be\/fpse\/fr\/dans-la-tete-des-mechants-du-cinema-le-nouveau-livre-fascinant-du-dr-samuel-leistedt\/#article\",\"isPartOf\":{\"@id\":\"https:\/\/web.umons.ac.be\/fpse\/fr\/dans-la-tete-des-mechants-du-cinema-le-nouveau-livre-fascinant-du-dr-samuel-leistedt\/\"},\"author\":{\"name\":\"Christophe Morel\",\"@id\":\"https:\/\/web.umons.ac.be\/fpse\/#\/schema\/person\/bb9799a3348930a3ddf84ceed54001c2\"},\"headline\":\"Dans la t\u00eate des m\u00e9chants du cin\u00e9ma : le nouveau livre fascinant du Dr. Samu\u00ebl Leistedt\",\"datePublished\":\"2025-06-03T09:26:33+00:00\",\"dateModified\":\"2025-06-03T09:28:35+00:00\",\"mainEntityOfPage\":{\"@id\":\"https:\/\/web.umons.ac.be\/fpse\/fr\/dans-la-tete-des-mechants-du-cinema-le-nouveau-livre-fascinant-du-dr-samuel-leistedt\/\"},\"wordCount\":723,\"image\":{\"@id\":\"https:\/\/web.umons.ac.be\/fpse\/fr\/dans-la-tete-des-mechants-du-cinema-le-nouveau-livre-fascinant-du-dr-samuel-leistedt\/#primaryimage\"},\"thumbnailUrl\":\"https:\/\/web.umons.ac.be\/app\/uploads\/sites\/3\/2025\/06\/Livre.png\",\"articleSection\":[\"Conf\u00e9rences\/Colloques\",\"Enseignement\",\"Vie culturelle et sportive\"],\"inLanguage\":\"fr-FR\"},{\"@type\":\"WebPage\",\"@id\":\"https:\/\/web.umons.ac.be\/fpse\/fr\/dans-la-tete-des-mechants-du-cinema-le-nouveau-livre-fascinant-du-dr-samuel-leistedt\/\",\"url\":\"https:\/\/web.umons.ac.be\/fpse\/fr\/dans-la-tete-des-mechants-du-cinema-le-nouveau-livre-fascinant-du-dr-samuel-leistedt\/\",\"name\":\"Dans la t\u00eate des m\u00e9chants du cin\u00e9ma : le nouveau livre fascinant du Dr. Samu\u00ebl Leistedt - Facult\u00e9 \/ FPSE\",\"isPartOf\":{\"@id\":\"https:\/\/web.umons.ac.be\/fpse\/#website\"},\"primaryImageOfPage\":{\"@id\":\"https:\/\/web.umons.ac.be\/fpse\/fr\/dans-la-tete-des-mechants-du-cinema-le-nouveau-livre-fascinant-du-dr-samuel-leistedt\/#primaryimage\"},\"image\":{\"@id\":\"https:\/\/web.umons.ac.be\/fpse\/fr\/dans-la-tete-des-mechants-du-cinema-le-nouveau-livre-fascinant-du-dr-samuel-leistedt\/#primaryimage\"},\"thumbnailUrl\":\"https:\/\/web.umons.ac.be\/app\/uploads\/sites\/3\/2025\/06\/Livre.png\",\"datePublished\":\"2025-06-03T09:26:33+00:00\",\"dateModified\":\"2025-06-03T09:28:35+00:00\",\"author\":{\"@id\":\"https:\/\/web.umons.ac.be\/fpse\/#\/schema\/person\/bb9799a3348930a3ddf84ceed54001c2\"},\"breadcrumb\":{\"@id\":\"https:\/\/web.umons.ac.be\/fpse\/fr\/dans-la-tete-des-mechants-du-cinema-le-nouveau-livre-fascinant-du-dr-samuel-leistedt\/#breadcrumb\"},\"inLanguage\":\"fr-FR\",\"potentialAction\":[{\"@type\":\"ReadAction\",\"target\":[\"https:\/\/web.umons.ac.be\/fpse\/fr\/dans-la-tete-des-mechants-du-cinema-le-nouveau-livre-fascinant-du-dr-samuel-leistedt\/\"]}]},{\"@type\":\"ImageObject\",\"inLanguage\":\"fr-FR\",\"@id\":\"https:\/\/web.umons.ac.be\/fpse\/fr\/dans-la-tete-des-mechants-du-cinema-le-nouveau-livre-fascinant-du-dr-samuel-leistedt\/#primaryimage\",\"url\":\"https:\/\/web.umons.ac.be\/app\/uploads\/sites\/3\/2025\/06\/Livre.png\",\"contentUrl\":\"https:\/\/web.umons.ac.be\/app\/uploads\/sites\/3\/2025\/06\/Livre.png\",\"width\":337,\"height\":217},{\"@type\":\"BreadcrumbList\",\"@id\":\"https:\/\/web.umons.ac.be\/fpse\/fr\/dans-la-tete-des-mechants-du-cinema-le-nouveau-livre-fascinant-du-dr-samuel-leistedt\/#breadcrumb\",\"itemListElement\":[{\"@type\":\"ListItem\",\"position\":1,\"name\":\"Accueil\",\"item\":\"https:\/\/web.umons.ac.be\/fpse\/fr\/\"},{\"@type\":\"ListItem\",\"position\":2,\"name\":\"Dans la t\u00eate des m\u00e9chants du cin\u00e9ma : le nouveau livre fascinant du Dr. Samu\u00ebl Leistedt\"}]},{\"@type\":\"WebSite\",\"@id\":\"https:\/\/web.umons.ac.be\/fpse\/#website\",\"url\":\"https:\/\/web.umons.ac.be\/fpse\/\",\"name\":\"Facult\u00e9 \/ FPSE\",\"description\":\"\",\"potentialAction\":[{\"@type\":\"SearchAction\",\"target\":{\"@type\":\"EntryPoint\",\"urlTemplate\":\"https:\/\/web.umons.ac.be\/fpse\/?s={search_term_string}\"},\"query-input\":{\"@type\":\"PropertyValueSpecification\",\"valueRequired\":true,\"valueName\":\"search_term_string\"}}],\"inLanguage\":\"fr-FR\"},{\"@type\":\"Person\",\"@id\":\"https:\/\/web.umons.ac.be\/fpse\/#\/schema\/person\/bb9799a3348930a3ddf84ceed54001c2\",\"name\":\"Christophe Morel\",\"image\":{\"@type\":\"ImageObject\",\"inLanguage\":\"fr-FR\",\"@id\":\"https:\/\/secure.gravatar.com\/avatar\/74c51e14d5e7f76a082458784ea6476183a4e0064347a986ef6388fb18145e10?s=96&d=mm&r=g\",\"url\":\"https:\/\/secure.gravatar.com\/avatar\/74c51e14d5e7f76a082458784ea6476183a4e0064347a986ef6388fb18145e10?s=96&d=mm&r=g\",\"contentUrl\":\"https:\/\/secure.gravatar.com\/avatar\/74c51e14d5e7f76a082458784ea6476183a4e0064347a986ef6388fb18145e10?s=96&d=mm&r=g\",\"caption\":\"Christophe Morel\"},\"url\":\"https:\/\/web.umons.ac.be\/fpse\/author\/cmorel\/\"}]}<\/script>\n<!-- \/ Yoast SEO plugin. -->","yoast_head_json":{"title":"Dans la t\u00eate des m\u00e9chants du cin\u00e9ma : le nouveau livre fascinant du Dr. Samu\u00ebl Leistedt - Facult\u00e9 \/ FPSE","robots":{"index":"index","follow":"follow","max-snippet":"max-snippet:-1","max-image-preview":"max-image-preview:large","max-video-preview":"max-video-preview:-1"},"canonical":"https:\/\/web.umons.ac.be\/fpse\/fr\/dans-la-tete-des-mechants-du-cinema-le-nouveau-livre-fascinant-du-dr-samuel-leistedt\/","og_locale":"fr_FR","og_type":"article","og_title":"Dans la t\u00eate des m\u00e9chants du cin\u00e9ma : le nouveau livre fascinant du Dr. Samu\u00ebl Leistedt - Facult\u00e9 \/ FPSE","og_description":"Et si Hannibal Lecter, le Joker ou Dark Vador existaient vraiment ? Dans son nouveau livre intitul\u00e9 \"Les m\u00e9chants du cin\u00e9ma - Hannibal Lecter, Dark Vador ou le Joker existent-ils vraiment ?\", le Dr. Samu\u00ebl Leistedt, psychiatre m\u00e9dico-l\u00e9gal, expert judiciaire et enseignant \u00e0 l'UMONS, confronte les figures du mal du cin\u00e9ma \u00e0 la r\u00e9alit\u00e9 des troubles mentaux. Un voyage gla\u00e7ant et captivant dans l'univers des \"m\u00e9chants\", \u00e0 d\u00e9couvrir d\u00e8s le 18 juin.","og_url":"https:\/\/web.umons.ac.be\/fpse\/fr\/dans-la-tete-des-mechants-du-cinema-le-nouveau-livre-fascinant-du-dr-samuel-leistedt\/","og_site_name":"Facult\u00e9 \/ FPSE","article_published_time":"2025-06-03T09:26:33+00:00","article_modified_time":"2025-06-03T09:28:35+00:00","og_image":[{"width":337,"height":217,"url":"https:\/\/web.umons.ac.be\/app\/uploads\/sites\/3\/2025\/06\/Livre.png","type":"image\/png"}],"author":"Christophe Morel","twitter_card":"summary_large_image","twitter_misc":{"\u00c9crit par":"Christophe Morel","Dur\u00e9e de lecture estim\u00e9e":"4 minutes"},"schema":{"@context":"https:\/\/schema.org","@graph":[{"@type":"Article","@id":"https:\/\/web.umons.ac.be\/fpse\/fr\/dans-la-tete-des-mechants-du-cinema-le-nouveau-livre-fascinant-du-dr-samuel-leistedt\/#article","isPartOf":{"@id":"https:\/\/web.umons.ac.be\/fpse\/fr\/dans-la-tete-des-mechants-du-cinema-le-nouveau-livre-fascinant-du-dr-samuel-leistedt\/"},"author":{"name":"Christophe Morel","@id":"https:\/\/web.umons.ac.be\/fpse\/#\/schema\/person\/bb9799a3348930a3ddf84ceed54001c2"},"headline":"Dans la t\u00eate des m\u00e9chants du cin\u00e9ma : le nouveau livre fascinant du Dr. Samu\u00ebl Leistedt","datePublished":"2025-06-03T09:26:33+00:00","dateModified":"2025-06-03T09:28:35+00:00","mainEntityOfPage":{"@id":"https:\/\/web.umons.ac.be\/fpse\/fr\/dans-la-tete-des-mechants-du-cinema-le-nouveau-livre-fascinant-du-dr-samuel-leistedt\/"},"wordCount":723,"image":{"@id":"https:\/\/web.umons.ac.be\/fpse\/fr\/dans-la-tete-des-mechants-du-cinema-le-nouveau-livre-fascinant-du-dr-samuel-leistedt\/#primaryimage"},"thumbnailUrl":"https:\/\/web.umons.ac.be\/app\/uploads\/sites\/3\/2025\/06\/Livre.png","articleSection":["Conf\u00e9rences\/Colloques","Enseignement","Vie culturelle et sportive"],"inLanguage":"fr-FR"},{"@type":"WebPage","@id":"https:\/\/web.umons.ac.be\/fpse\/fr\/dans-la-tete-des-mechants-du-cinema-le-nouveau-livre-fascinant-du-dr-samuel-leistedt\/","url":"https:\/\/web.umons.ac.be\/fpse\/fr\/dans-la-tete-des-mechants-du-cinema-le-nouveau-livre-fascinant-du-dr-samuel-leistedt\/","name":"Dans la t\u00eate des m\u00e9chants du cin\u00e9ma : le nouveau livre fascinant du Dr. Samu\u00ebl Leistedt - Facult\u00e9 \/ FPSE","isPartOf":{"@id":"https:\/\/web.umons.ac.be\/fpse\/#website"},"primaryImageOfPage":{"@id":"https:\/\/web.umons.ac.be\/fpse\/fr\/dans-la-tete-des-mechants-du-cinema-le-nouveau-livre-fascinant-du-dr-samuel-leistedt\/#primaryimage"},"image":{"@id":"https:\/\/web.umons.ac.be\/fpse\/fr\/dans-la-tete-des-mechants-du-cinema-le-nouveau-livre-fascinant-du-dr-samuel-leistedt\/#primaryimage"},"thumbnailUrl":"https:\/\/web.umons.ac.be\/app\/uploads\/sites\/3\/2025\/06\/Livre.png","datePublished":"2025-06-03T09:26:33+00:00","dateModified":"2025-06-03T09:28:35+00:00","author":{"@id":"https:\/\/web.umons.ac.be\/fpse\/#\/schema\/person\/bb9799a3348930a3ddf84ceed54001c2"},"breadcrumb":{"@id":"https:\/\/web.umons.ac.be\/fpse\/fr\/dans-la-tete-des-mechants-du-cinema-le-nouveau-livre-fascinant-du-dr-samuel-leistedt\/#breadcrumb"},"inLanguage":"fr-FR","potentialAction":[{"@type":"ReadAction","target":["https:\/\/web.umons.ac.be\/fpse\/fr\/dans-la-tete-des-mechants-du-cinema-le-nouveau-livre-fascinant-du-dr-samuel-leistedt\/"]}]},{"@type":"ImageObject","inLanguage":"fr-FR","@id":"https:\/\/web.umons.ac.be\/fpse\/fr\/dans-la-tete-des-mechants-du-cinema-le-nouveau-livre-fascinant-du-dr-samuel-leistedt\/#primaryimage","url":"https:\/\/web.umons.ac.be\/app\/uploads\/sites\/3\/2025\/06\/Livre.png","contentUrl":"https:\/\/web.umons.ac.be\/app\/uploads\/sites\/3\/2025\/06\/Livre.png","width":337,"height":217},{"@type":"BreadcrumbList","@id":"https:\/\/web.umons.ac.be\/fpse\/fr\/dans-la-tete-des-mechants-du-cinema-le-nouveau-livre-fascinant-du-dr-samuel-leistedt\/#breadcrumb","itemListElement":[{"@type":"ListItem","position":1,"name":"Accueil","item":"https:\/\/web.umons.ac.be\/fpse\/fr\/"},{"@type":"ListItem","position":2,"name":"Dans la t\u00eate des m\u00e9chants du cin\u00e9ma : le nouveau livre fascinant du Dr. Samu\u00ebl Leistedt"}]},{"@type":"WebSite","@id":"https:\/\/web.umons.ac.be\/fpse\/#website","url":"https:\/\/web.umons.ac.be\/fpse\/","name":"Facult\u00e9 \/ FPSE","description":"","potentialAction":[{"@type":"SearchAction","target":{"@type":"EntryPoint","urlTemplate":"https:\/\/web.umons.ac.be\/fpse\/?s={search_term_string}"},"query-input":{"@type":"PropertyValueSpecification","valueRequired":true,"valueName":"search_term_string"}}],"inLanguage":"fr-FR"},{"@type":"Person","@id":"https:\/\/web.umons.ac.be\/fpse\/#\/schema\/person\/bb9799a3348930a3ddf84ceed54001c2","name":"Christophe Morel","image":{"@type":"ImageObject","inLanguage":"fr-FR","@id":"https:\/\/secure.gravatar.com\/avatar\/74c51e14d5e7f76a082458784ea6476183a4e0064347a986ef6388fb18145e10?s=96&d=mm&r=g","url":"https:\/\/secure.gravatar.com\/avatar\/74c51e14d5e7f76a082458784ea6476183a4e0064347a986ef6388fb18145e10?s=96&d=mm&r=g","contentUrl":"https:\/\/secure.gravatar.com\/avatar\/74c51e14d5e7f76a082458784ea6476183a4e0064347a986ef6388fb18145e10?s=96&d=mm&r=g","caption":"Christophe Morel"},"url":"https:\/\/web.umons.ac.be\/fpse\/author\/cmorel\/"}]}},"lang":"fr","translations":{"fr":2544},"pll_sync_post":[],"_links":{"self":[{"href":"https:\/\/web.umons.ac.be\/fpse\/wp-json\/wp\/v2\/posts\/2544","targetHints":{"allow":["GET"]}}],"collection":[{"href":"https:\/\/web.umons.ac.be\/fpse\/wp-json\/wp\/v2\/posts"}],"about":[{"href":"https:\/\/web.umons.ac.be\/fpse\/wp-json\/wp\/v2\/types\/post"}],"author":[{"embeddable":true,"href":"https:\/\/web.umons.ac.be\/fpse\/wp-json\/wp\/v2\/users\/232"}],"replies":[{"embeddable":true,"href":"https:\/\/web.umons.ac.be\/fpse\/wp-json\/wp\/v2\/comments?post=2544"}],"version-history":[{"count":3,"href":"https:\/\/web.umons.ac.be\/fpse\/wp-json\/wp\/v2\/posts\/2544\/revisions"}],"predecessor-version":[{"id":2552,"href":"https:\/\/web.umons.ac.be\/fpse\/wp-json\/wp\/v2\/posts\/2544\/revisions\/2552"}],"wp:featuredmedia":[{"embeddable":true,"href":"https:\/\/web.umons.ac.be\/fpse\/wp-json\/wp\/v2\/media\/2545"}],"wp:attachment":[{"href":"https:\/\/web.umons.ac.be\/fpse\/wp-json\/wp\/v2\/media?parent=2544"}],"wp:term":[{"taxonomy":"category","embeddable":true,"href":"https:\/\/web.umons.ac.be\/fpse\/wp-json\/wp\/v2\/categories?post=2544"},{"taxonomy":"post_tag","embeddable":true,"href":"https:\/\/web.umons.ac.be\/fpse\/wp-json\/wp\/v2\/tags?post=2544"}],"curies":[{"name":"wp","href":"https:\/\/api.w.org\/{rel}","templated":true}]}}