{"id":796,"date":"2017-08-21T16:42:40","date_gmt":"2017-08-21T14:42:40","guid":{"rendered":"https:\/\/web.umons.ac.be\/fpse\/?p=796"},"modified":"2018-01-25T09:16:10","modified_gmt":"2018-01-25T08:16:10","slug":"lumons-participe-a-lelaboration-dun-outil-de-depistage-des-troubles-du-langage","status":"publish","type":"post","link":"https:\/\/web.umons.ac.be\/fpse\/fr\/lumons-participe-a-lelaboration-dun-outil-de-depistage-des-troubles-du-langage\/","title":{"rendered":"L\u2019UMONS participe \u00e0 l\u2019\u00e9laboration d\u2019un outil de d\u00e9pistage des troubles du langage"},"content":{"rendered":"<p style=\"font-weight: 400;\">Le Service de Psychologie cognitive et Neuropsychologie de la Facult\u00e9 de Psychologie et des Sciences de l\u2019Education de l\u2019UMONS, dirig\u00e9 par le Prof. Laurent Lefebvre, a pris part, aux c\u00f4t\u00e9s d\u2019une \u00e9quipe de chercheurs et cliniciens de 4 pays francophones (Belgique, Canada\/Qu\u00e9bec, France et Suisse), \u00e0 l\u2019\u00e9laboration d\u2019un test standardis\u00e9 de d\u00e9pistage des troubles du langage chez l\u2019adulte et la personne \u00e2g\u00e9e (en abr\u00e9g\u00e9 \u00ab\u00a0DTLA\u00a0\u00bb).<\/p>\n<p style=\"font-weight: 400;\">Ce test rapide et sensible comprend 9 sous-tests sensibles et faciles \u00e0 administrer, cr\u00e9\u00e9s pour rapidement (5 minutes) \u00e9valuer les domaines et les habilet\u00e9s linguistiques les plus fr\u00e9quemment affect\u00e9s dans les maladies neurod\u00e9g\u00e9n\u00e9ratives. La conception de ce test r\u00e9pond \u00e0 un manque cruel. Les cliniciens de premi\u00e8re ligne dans le secteur g\u00e9riatrique sont en effet fr\u00e9quemment confront\u00e9s \u00e0 des personnes dont les plaintes rel\u00e8vent de difficult\u00e9s langagi\u00e8res. Or, \u00e0 ce jour, il n\u2019existait aucun test de d\u00e9pistage rapide portant exclusivement sur les troubles du langage associ\u00e9s au vieillissement pathologique, pouvant \u00eatre utilis\u00e9 en pratique clinique courante.<\/p>\n<p style=\"font-weight: 400;\">Le DTLA permet d\u2019am\u00e9liorer la r\u00e9f\u00e9rence aux ressources sp\u00e9cialis\u00e9es (clinique m\u00e9moire, g\u00e9riatrie, neurologie) dans le but de confirmer le diagnostic clinique et de fournir les services de sant\u00e9 appropri\u00e9s. De plus, ce type d&rsquo;outil permet d\u2019am\u00e9liorer le diagnostic des maladies neurod\u00e9g\u00e9n\u00e9ratives et plus particuli\u00e8rement celles o\u00f9 les troubles du langage sont pr\u00e9dominants, telles les aphasies primaires progressives. Enfin, cela permet aussi aux patients et \u00e0 leurs familles de recevoir des services cliniques \u00e0 un stade plus pr\u00e9coce de la maladie.<\/p>\n<p style=\"font-weight: 400;\">L\u2019objectif du DTLA est de d\u00e9terminer si une personne pr\u00e9sente ou non une atteinte du langage. Bien que les scores obtenus aux diff\u00e9rents sous-tests puissent fournir des pistes quant \u00e0 l\u2019\u00e9tiologie possible des d\u00e9ficits, le DTLA n\u2019est pas adapt\u00e9 pour le diagnostic diff\u00e9rentiel. Il permet toutefois de d\u00e9terminer la n\u00e9cessit\u00e9 d&rsquo;une \u00e9valuation plus compl\u00e8te du langage et de la cognition. D\u2019autres informations recueillies pendant la visite m\u00e9dicale peuvent aussi compl\u00e9ter la d\u00e9tection des troubles du langage, telles que les plaintes relatives au langage ou les probl\u00e8mes observ\u00e9s pendant l\u2019interview (anomie, troubles syntaxiques, troubles d\u2019articulation, etc.).<\/p>\n<p style=\"font-weight: 400;\">Le DTLA vient d&rsquo;\u00eatre pr\u00e9sent\u00e9 dans un article paru dans l&rsquo;American Journal of Alzheimer&rsquo;s disease and other dementias (Macoir, Fossard, Lefebvre et al., 2017), et se trouve aujourd&rsquo;hui \u00e0 la disposition des cliniciens, l&rsquo;outil \u00e9tant libre de droits. L\u2019article est consultable\u00a0<a style=\"font-weight: inherit; font-style: inherit;\" href=\"https:\/\/portail.umons.ac.be\/FR\/actualites\/Documents\/2017\/DTLA_Article.pdf\">en cliquant ici<\/a>.<\/p>\n<p style=\"font-weight: 400;\">Le manuel r\u00e9dig\u00e9 \u00e0 cette occasion, o\u00f9 une pr\u00e9sentation plus compl\u00e8te est propos\u00e9e, est quant \u00e0 lui\u00a0<a style=\"font-weight: inherit; font-style: inherit;\" href=\"https:\/\/portail.umons.ac.be\/FR\/actualites\/Documents\/2017\/DTLA_Manuel.pdf\">consultable ici<\/a>.<\/p>\n<p style=\"font-weight: 400;\"><b><span style=\"font-style: inherit;\">Plus d\u2019infos ?<\/span><\/b><\/p>\n<ol>\n<li style=\"font-weight: 400;\">Laurent Lefebvre (Service de Psychologie cognitive et Neuropsychologie)<\/li>\n<\/ol>\n<p style=\"font-weight: 400;\"><a style=\"font-weight: inherit; font-style: inherit;\" href=\"http:\/\/www.umons.ac.be\/neuropsychologie\">http:\/\/www.umons.ac.be\/neuropsychologie<\/a><\/p>\n<p style=\"font-weight: 400;\">ou\u00a0<a style=\"font-weight: inherit; font-style: inherit;\" href=\"mailto:laurent.lefebvre@umons.ac.be\">laurent.lefebvre@umons.ac.be<\/a><\/p>\n","protected":false},"excerpt":{"rendered":"<p>Le Service de Psychologie cognitive et Neuropsychologie a pris part, aux c\u00f4t\u00e9s d\u2019une \u00e9quipe de chercheurs et cliniciens de 4 pays francophones, \u00e0 l\u2019\u00e9laboration d\u2019un test standardis\u00e9 de d\u00e9pistage de ces troubles chez l\u2019adulte et la personne \u00e2g\u00e9e. <\/p>\n","protected":false},"author":1,"featured_media":797,"comment_status":"open","ping_status":"open","sticky":false,"template":"","format":"standard","meta":{"footnotes":""},"categories":[51],"tags":[],"class_list":["post-796","post","type-post","status-publish","format-standard","has-post-thumbnail","hentry","category-recherche"],"yoast_head":"<!-- This site is optimized with the Yoast SEO plugin v27.2 - https:\/\/yoast.com\/product\/yoast-seo-wordpress\/ -->\n<title>L\u2019UMONS participe \u00e0 l\u2019\u00e9laboration d\u2019un outil de d\u00e9pistage des troubles du langage - Facult\u00e9 \/ FPSE<\/title>\n<meta name=\"robots\" content=\"index, follow, max-snippet:-1, max-image-preview:large, max-video-preview:-1\" \/>\n<link rel=\"canonical\" href=\"https:\/\/web.umons.ac.be\/fpse\/fr\/lumons-participe-a-lelaboration-dun-outil-de-depistage-des-troubles-du-langage\/\" \/>\n<meta property=\"og:locale\" content=\"fr_FR\" \/>\n<meta property=\"og:type\" content=\"article\" \/>\n<meta property=\"og:title\" content=\"L\u2019UMONS participe \u00e0 l\u2019\u00e9laboration d\u2019un outil de d\u00e9pistage des troubles du langage - Facult\u00e9 \/ FPSE\" \/>\n<meta property=\"og:description\" content=\"Le Service de Psychologie cognitive et Neuropsychologie a pris part, aux c\u00f4t\u00e9s d\u2019une \u00e9quipe de chercheurs et cliniciens de 4 pays francophones, \u00e0 l\u2019\u00e9laboration d\u2019un test standardis\u00e9 de d\u00e9pistage de ces troubles chez l\u2019adulte et la personne \u00e2g\u00e9e.\" \/>\n<meta property=\"og:url\" content=\"https:\/\/web.umons.ac.be\/fpse\/fr\/lumons-participe-a-lelaboration-dun-outil-de-depistage-des-troubles-du-langage\/\" \/>\n<meta property=\"og:site_name\" content=\"Facult\u00e9 \/ FPSE\" \/>\n<meta property=\"article:published_time\" content=\"2017-08-21T14:42:40+00:00\" \/>\n<meta property=\"article:modified_time\" content=\"2018-01-25T08:16:10+00:00\" \/>\n<meta property=\"og:image\" content=\"https:\/\/web.umons.ac.be\/app\/uploads\/sites\/3\/2017\/11\/DTLA_Illu.jpg\" \/>\n\t<meta property=\"og:image:width\" content=\"436\" \/>\n\t<meta property=\"og:image:height\" content=\"408\" \/>\n\t<meta property=\"og:image:type\" content=\"image\/jpeg\" \/>\n<meta name=\"author\" content=\"UMONS Administration\" \/>\n<meta name=\"twitter:card\" content=\"summary_large_image\" \/>\n<meta name=\"twitter:label1\" content=\"\u00c9crit par\" \/>\n\t<meta name=\"twitter:data1\" content=\"UMONS Administration\" \/>\n\t<meta name=\"twitter:label2\" content=\"Dur\u00e9e de lecture estim\u00e9e\" \/>\n\t<meta name=\"twitter:data2\" content=\"2 minutes\" \/>\n<script type=\"application\/ld+json\" class=\"yoast-schema-graph\">{\"@context\":\"https:\/\/schema.org\",\"@graph\":[{\"@type\":\"Article\",\"@id\":\"https:\/\/web.umons.ac.be\/fpse\/fr\/lumons-participe-a-lelaboration-dun-outil-de-depistage-des-troubles-du-langage\/#article\",\"isPartOf\":{\"@id\":\"https:\/\/web.umons.ac.be\/fpse\/fr\/lumons-participe-a-lelaboration-dun-outil-de-depistage-des-troubles-du-langage\/\"},\"author\":{\"name\":\"UMONS Administration\",\"@id\":\"https:\/\/web.umons.ac.be\/fpse\/#\/schema\/person\/fe6f953d2fd33e92c6d457f8f86a305f\"},\"headline\":\"L\u2019UMONS participe \u00e0 l\u2019\u00e9laboration d\u2019un outil de d\u00e9pistage des troubles du langage\",\"datePublished\":\"2017-08-21T14:42:40+00:00\",\"dateModified\":\"2018-01-25T08:16:10+00:00\",\"mainEntityOfPage\":{\"@id\":\"https:\/\/web.umons.ac.be\/fpse\/fr\/lumons-participe-a-lelaboration-dun-outil-de-depistage-des-troubles-du-langage\/\"},\"wordCount\":502,\"commentCount\":0,\"image\":{\"@id\":\"https:\/\/web.umons.ac.be\/fpse\/fr\/lumons-participe-a-lelaboration-dun-outil-de-depistage-des-troubles-du-langage\/#primaryimage\"},\"thumbnailUrl\":\"https:\/\/web.umons.ac.be\/app\/uploads\/sites\/3\/2017\/11\/DTLA_Illu.jpg\",\"articleSection\":[\"Recherche\"],\"inLanguage\":\"fr-FR\",\"potentialAction\":[{\"@type\":\"CommentAction\",\"name\":\"Comment\",\"target\":[\"https:\/\/web.umons.ac.be\/fpse\/fr\/lumons-participe-a-lelaboration-dun-outil-de-depistage-des-troubles-du-langage\/#respond\"]}]},{\"@type\":\"WebPage\",\"@id\":\"https:\/\/web.umons.ac.be\/fpse\/fr\/lumons-participe-a-lelaboration-dun-outil-de-depistage-des-troubles-du-langage\/\",\"url\":\"https:\/\/web.umons.ac.be\/fpse\/fr\/lumons-participe-a-lelaboration-dun-outil-de-depistage-des-troubles-du-langage\/\",\"name\":\"L\u2019UMONS participe \u00e0 l\u2019\u00e9laboration d\u2019un outil de d\u00e9pistage des troubles du langage - Facult\u00e9 \/ FPSE\",\"isPartOf\":{\"@id\":\"https:\/\/web.umons.ac.be\/fpse\/#website\"},\"primaryImageOfPage\":{\"@id\":\"https:\/\/web.umons.ac.be\/fpse\/fr\/lumons-participe-a-lelaboration-dun-outil-de-depistage-des-troubles-du-langage\/#primaryimage\"},\"image\":{\"@id\":\"https:\/\/web.umons.ac.be\/fpse\/fr\/lumons-participe-a-lelaboration-dun-outil-de-depistage-des-troubles-du-langage\/#primaryimage\"},\"thumbnailUrl\":\"https:\/\/web.umons.ac.be\/app\/uploads\/sites\/3\/2017\/11\/DTLA_Illu.jpg\",\"datePublished\":\"2017-08-21T14:42:40+00:00\",\"dateModified\":\"2018-01-25T08:16:10+00:00\",\"author\":{\"@id\":\"https:\/\/web.umons.ac.be\/fpse\/#\/schema\/person\/fe6f953d2fd33e92c6d457f8f86a305f\"},\"breadcrumb\":{\"@id\":\"https:\/\/web.umons.ac.be\/fpse\/fr\/lumons-participe-a-lelaboration-dun-outil-de-depistage-des-troubles-du-langage\/#breadcrumb\"},\"inLanguage\":\"fr-FR\",\"potentialAction\":[{\"@type\":\"ReadAction\",\"target\":[\"https:\/\/web.umons.ac.be\/fpse\/fr\/lumons-participe-a-lelaboration-dun-outil-de-depistage-des-troubles-du-langage\/\"]}]},{\"@type\":\"ImageObject\",\"inLanguage\":\"fr-FR\",\"@id\":\"https:\/\/web.umons.ac.be\/fpse\/fr\/lumons-participe-a-lelaboration-dun-outil-de-depistage-des-troubles-du-langage\/#primaryimage\",\"url\":\"https:\/\/web.umons.ac.be\/app\/uploads\/sites\/3\/2017\/11\/DTLA_Illu.jpg\",\"contentUrl\":\"https:\/\/web.umons.ac.be\/app\/uploads\/sites\/3\/2017\/11\/DTLA_Illu.jpg\",\"width\":436,\"height\":408},{\"@type\":\"BreadcrumbList\",\"@id\":\"https:\/\/web.umons.ac.be\/fpse\/fr\/lumons-participe-a-lelaboration-dun-outil-de-depistage-des-troubles-du-langage\/#breadcrumb\",\"itemListElement\":[{\"@type\":\"ListItem\",\"position\":1,\"name\":\"Accueil\",\"item\":\"https:\/\/web.umons.ac.be\/fpse\/fr\/\"},{\"@type\":\"ListItem\",\"position\":2,\"name\":\"L\u2019UMONS participe \u00e0 l\u2019\u00e9laboration d\u2019un outil de d\u00e9pistage des troubles du langage\"}]},{\"@type\":\"WebSite\",\"@id\":\"https:\/\/web.umons.ac.be\/fpse\/#website\",\"url\":\"https:\/\/web.umons.ac.be\/fpse\/\",\"name\":\"Facult\u00e9 \/ FPSE\",\"description\":\"\",\"potentialAction\":[{\"@type\":\"SearchAction\",\"target\":{\"@type\":\"EntryPoint\",\"urlTemplate\":\"https:\/\/web.umons.ac.be\/fpse\/?s={search_term_string}\"},\"query-input\":{\"@type\":\"PropertyValueSpecification\",\"valueRequired\":true,\"valueName\":\"search_term_string\"}}],\"inLanguage\":\"fr-FR\"},{\"@type\":\"Person\",\"@id\":\"https:\/\/web.umons.ac.be\/fpse\/#\/schema\/person\/fe6f953d2fd33e92c6d457f8f86a305f\",\"name\":\"UMONS Administration\",\"image\":{\"@type\":\"ImageObject\",\"inLanguage\":\"fr-FR\",\"@id\":\"https:\/\/secure.gravatar.com\/avatar\/a2a4086b60c40f46aa897949adc459f31405f93c9f0702f0a82b68f226f30bdc?s=96&d=mm&r=g\",\"url\":\"https:\/\/secure.gravatar.com\/avatar\/a2a4086b60c40f46aa897949adc459f31405f93c9f0702f0a82b68f226f30bdc?s=96&d=mm&r=g\",\"contentUrl\":\"https:\/\/secure.gravatar.com\/avatar\/a2a4086b60c40f46aa897949adc459f31405f93c9f0702f0a82b68f226f30bdc?s=96&d=mm&r=g\",\"caption\":\"UMONS Administration\"},\"url\":\"https:\/\/web.umons.ac.be\/fpse\/author\/umons\/\"}]}<\/script>\n<!-- \/ Yoast SEO plugin. -->","yoast_head_json":{"title":"L\u2019UMONS participe \u00e0 l\u2019\u00e9laboration d\u2019un outil de d\u00e9pistage des troubles du langage - Facult\u00e9 \/ FPSE","robots":{"index":"index","follow":"follow","max-snippet":"max-snippet:-1","max-image-preview":"max-image-preview:large","max-video-preview":"max-video-preview:-1"},"canonical":"https:\/\/web.umons.ac.be\/fpse\/fr\/lumons-participe-a-lelaboration-dun-outil-de-depistage-des-troubles-du-langage\/","og_locale":"fr_FR","og_type":"article","og_title":"L\u2019UMONS participe \u00e0 l\u2019\u00e9laboration d\u2019un outil de d\u00e9pistage des troubles du langage - Facult\u00e9 \/ FPSE","og_description":"Le Service de Psychologie cognitive et Neuropsychologie a pris part, aux c\u00f4t\u00e9s d\u2019une \u00e9quipe de chercheurs et cliniciens de 4 pays francophones, \u00e0 l\u2019\u00e9laboration d\u2019un test standardis\u00e9 de d\u00e9pistage de ces troubles chez l\u2019adulte et la personne \u00e2g\u00e9e.","og_url":"https:\/\/web.umons.ac.be\/fpse\/fr\/lumons-participe-a-lelaboration-dun-outil-de-depistage-des-troubles-du-langage\/","og_site_name":"Facult\u00e9 \/ FPSE","article_published_time":"2017-08-21T14:42:40+00:00","article_modified_time":"2018-01-25T08:16:10+00:00","og_image":[{"width":436,"height":408,"url":"https:\/\/web.umons.ac.be\/app\/uploads\/sites\/3\/2017\/11\/DTLA_Illu.jpg","type":"image\/jpeg"}],"author":"UMONS Administration","twitter_card":"summary_large_image","twitter_misc":{"\u00c9crit par":"UMONS Administration","Dur\u00e9e de lecture estim\u00e9e":"2 minutes"},"schema":{"@context":"https:\/\/schema.org","@graph":[{"@type":"Article","@id":"https:\/\/web.umons.ac.be\/fpse\/fr\/lumons-participe-a-lelaboration-dun-outil-de-depistage-des-troubles-du-langage\/#article","isPartOf":{"@id":"https:\/\/web.umons.ac.be\/fpse\/fr\/lumons-participe-a-lelaboration-dun-outil-de-depistage-des-troubles-du-langage\/"},"author":{"name":"UMONS Administration","@id":"https:\/\/web.umons.ac.be\/fpse\/#\/schema\/person\/fe6f953d2fd33e92c6d457f8f86a305f"},"headline":"L\u2019UMONS participe \u00e0 l\u2019\u00e9laboration d\u2019un outil de d\u00e9pistage des troubles du langage","datePublished":"2017-08-21T14:42:40+00:00","dateModified":"2018-01-25T08:16:10+00:00","mainEntityOfPage":{"@id":"https:\/\/web.umons.ac.be\/fpse\/fr\/lumons-participe-a-lelaboration-dun-outil-de-depistage-des-troubles-du-langage\/"},"wordCount":502,"commentCount":0,"image":{"@id":"https:\/\/web.umons.ac.be\/fpse\/fr\/lumons-participe-a-lelaboration-dun-outil-de-depistage-des-troubles-du-langage\/#primaryimage"},"thumbnailUrl":"https:\/\/web.umons.ac.be\/app\/uploads\/sites\/3\/2017\/11\/DTLA_Illu.jpg","articleSection":["Recherche"],"inLanguage":"fr-FR","potentialAction":[{"@type":"CommentAction","name":"Comment","target":["https:\/\/web.umons.ac.be\/fpse\/fr\/lumons-participe-a-lelaboration-dun-outil-de-depistage-des-troubles-du-langage\/#respond"]}]},{"@type":"WebPage","@id":"https:\/\/web.umons.ac.be\/fpse\/fr\/lumons-participe-a-lelaboration-dun-outil-de-depistage-des-troubles-du-langage\/","url":"https:\/\/web.umons.ac.be\/fpse\/fr\/lumons-participe-a-lelaboration-dun-outil-de-depistage-des-troubles-du-langage\/","name":"L\u2019UMONS participe \u00e0 l\u2019\u00e9laboration d\u2019un outil de d\u00e9pistage des troubles du langage - Facult\u00e9 \/ FPSE","isPartOf":{"@id":"https:\/\/web.umons.ac.be\/fpse\/#website"},"primaryImageOfPage":{"@id":"https:\/\/web.umons.ac.be\/fpse\/fr\/lumons-participe-a-lelaboration-dun-outil-de-depistage-des-troubles-du-langage\/#primaryimage"},"image":{"@id":"https:\/\/web.umons.ac.be\/fpse\/fr\/lumons-participe-a-lelaboration-dun-outil-de-depistage-des-troubles-du-langage\/#primaryimage"},"thumbnailUrl":"https:\/\/web.umons.ac.be\/app\/uploads\/sites\/3\/2017\/11\/DTLA_Illu.jpg","datePublished":"2017-08-21T14:42:40+00:00","dateModified":"2018-01-25T08:16:10+00:00","author":{"@id":"https:\/\/web.umons.ac.be\/fpse\/#\/schema\/person\/fe6f953d2fd33e92c6d457f8f86a305f"},"breadcrumb":{"@id":"https:\/\/web.umons.ac.be\/fpse\/fr\/lumons-participe-a-lelaboration-dun-outil-de-depistage-des-troubles-du-langage\/#breadcrumb"},"inLanguage":"fr-FR","potentialAction":[{"@type":"ReadAction","target":["https:\/\/web.umons.ac.be\/fpse\/fr\/lumons-participe-a-lelaboration-dun-outil-de-depistage-des-troubles-du-langage\/"]}]},{"@type":"ImageObject","inLanguage":"fr-FR","@id":"https:\/\/web.umons.ac.be\/fpse\/fr\/lumons-participe-a-lelaboration-dun-outil-de-depistage-des-troubles-du-langage\/#primaryimage","url":"https:\/\/web.umons.ac.be\/app\/uploads\/sites\/3\/2017\/11\/DTLA_Illu.jpg","contentUrl":"https:\/\/web.umons.ac.be\/app\/uploads\/sites\/3\/2017\/11\/DTLA_Illu.jpg","width":436,"height":408},{"@type":"BreadcrumbList","@id":"https:\/\/web.umons.ac.be\/fpse\/fr\/lumons-participe-a-lelaboration-dun-outil-de-depistage-des-troubles-du-langage\/#breadcrumb","itemListElement":[{"@type":"ListItem","position":1,"name":"Accueil","item":"https:\/\/web.umons.ac.be\/fpse\/fr\/"},{"@type":"ListItem","position":2,"name":"L\u2019UMONS participe \u00e0 l\u2019\u00e9laboration d\u2019un outil de d\u00e9pistage des troubles du langage"}]},{"@type":"WebSite","@id":"https:\/\/web.umons.ac.be\/fpse\/#website","url":"https:\/\/web.umons.ac.be\/fpse\/","name":"Facult\u00e9 \/ FPSE","description":"","potentialAction":[{"@type":"SearchAction","target":{"@type":"EntryPoint","urlTemplate":"https:\/\/web.umons.ac.be\/fpse\/?s={search_term_string}"},"query-input":{"@type":"PropertyValueSpecification","valueRequired":true,"valueName":"search_term_string"}}],"inLanguage":"fr-FR"},{"@type":"Person","@id":"https:\/\/web.umons.ac.be\/fpse\/#\/schema\/person\/fe6f953d2fd33e92c6d457f8f86a305f","name":"UMONS Administration","image":{"@type":"ImageObject","inLanguage":"fr-FR","@id":"https:\/\/secure.gravatar.com\/avatar\/a2a4086b60c40f46aa897949adc459f31405f93c9f0702f0a82b68f226f30bdc?s=96&d=mm&r=g","url":"https:\/\/secure.gravatar.com\/avatar\/a2a4086b60c40f46aa897949adc459f31405f93c9f0702f0a82b68f226f30bdc?s=96&d=mm&r=g","contentUrl":"https:\/\/secure.gravatar.com\/avatar\/a2a4086b60c40f46aa897949adc459f31405f93c9f0702f0a82b68f226f30bdc?s=96&d=mm&r=g","caption":"UMONS Administration"},"url":"https:\/\/web.umons.ac.be\/fpse\/author\/umons\/"}]}},"lang":"fr","translations":{"fr":796},"pll_sync_post":[],"_links":{"self":[{"href":"https:\/\/web.umons.ac.be\/fpse\/wp-json\/wp\/v2\/posts\/796","targetHints":{"allow":["GET"]}}],"collection":[{"href":"https:\/\/web.umons.ac.be\/fpse\/wp-json\/wp\/v2\/posts"}],"about":[{"href":"https:\/\/web.umons.ac.be\/fpse\/wp-json\/wp\/v2\/types\/post"}],"author":[{"embeddable":true,"href":"https:\/\/web.umons.ac.be\/fpse\/wp-json\/wp\/v2\/users\/1"}],"replies":[{"embeddable":true,"href":"https:\/\/web.umons.ac.be\/fpse\/wp-json\/wp\/v2\/comments?post=796"}],"version-history":[{"count":1,"href":"https:\/\/web.umons.ac.be\/fpse\/wp-json\/wp\/v2\/posts\/796\/revisions"}],"predecessor-version":[{"id":798,"href":"https:\/\/web.umons.ac.be\/fpse\/wp-json\/wp\/v2\/posts\/796\/revisions\/798"}],"wp:featuredmedia":[{"embeddable":true,"href":"https:\/\/web.umons.ac.be\/fpse\/wp-json\/wp\/v2\/media\/797"}],"wp:attachment":[{"href":"https:\/\/web.umons.ac.be\/fpse\/wp-json\/wp\/v2\/media?parent=796"}],"wp:term":[{"taxonomy":"category","embeddable":true,"href":"https:\/\/web.umons.ac.be\/fpse\/wp-json\/wp\/v2\/categories?post=796"},{"taxonomy":"post_tag","embeddable":true,"href":"https:\/\/web.umons.ac.be\/fpse\/wp-json\/wp\/v2\/tags?post=796"}],"curies":[{"name":"wp","href":"https:\/\/api.w.org\/{rel}","templated":true}]}}