{"id":287,"date":"2024-05-18T09:48:10","date_gmt":"2024-05-18T07:48:10","guid":{"rendered":"https:\/\/web.umons.ac.be\/fs-informatique\/?p=287"},"modified":"2024-12-13T10:48:21","modified_gmt":"2024-12-13T09:48:21","slug":"parick-fowler-obtient-la-chaire-international-francqui-professor","status":"publish","type":"post","link":"https:\/\/web.umons.ac.be\/fs-informatique\/2024\/05\/18\/parick-fowler-obtient-la-chaire-international-francqui-professor\/","title":{"rendered":"Patrick Fowler obtient la chaire \u00ab\u00a0International Francqui Professor\u00a0\u00bb"},"content":{"rendered":"<p><img loading=\"lazy\" decoding=\"async\" class=\"alignright wp-image-286\" src=\"https:\/\/web.umons.ac.be\/app\/uploads\/sites\/209\/2024\/12\/image-300x293.gif\" alt=\"\" width=\"147\" height=\"144\" srcset=\"https:\/\/web.umons.ac.be\/app\/uploads\/sites\/209\/2024\/12\/image-300x293.gif 300w, https:\/\/web.umons.ac.be\/app\/uploads\/sites\/209\/2024\/12\/image-768x749.gif 768w, https:\/\/web.umons.ac.be\/app\/uploads\/sites\/209\/2024\/12\/image-677x660.gif 677w, https:\/\/web.umons.ac.be\/app\/uploads\/sites\/209\/2024\/12\/image-30x29.gif 30w, https:\/\/web.umons.ac.be\/app\/uploads\/sites\/209\/2024\/12\/image-60x60.gif 60w, https:\/\/web.umons.ac.be\/app\/uploads\/sites\/209\/2024\/12\/image-360x351.gif 360w\" sizes=\"auto, (max-width: 147px) 100vw, 147px\" \/>Le Professeur Patrick Fowler (Universit\u00e9 de Sheffield) a obtenu la chaire \u00ab\u00a0<a href=\"https:\/\/kulak.kuleuven.be\/nl\/over_kulak\/faculteiten\/wetenschappen\/international-francqui-professor-chair\">Francqui International Professor<\/a>\u00ab\u00a0. Celle-ci a pour but de promouvoir les \u00e9changes scientifiques internationaux et belges.<\/p>\n<p>La le\u00e7on inaugurale a eu lieu le 2 mai 2024 \u00e0 la KULAK (KU Leuven Kortrijk). Cette le\u00e7on a \u00e9t\u00e9 suivie d&rsquo;un s\u00e9rie de s\u00e9minaires donn\u00e9s \u00e0 l&rsquo;UMONS, \u00e0 l&rsquo;UNamur, \u00e0 l&rsquo;UGent, \u00e0 la KU Leuven et \u00e0 la VUB. Le premier s\u00e9minaire de cette s\u00e9rie, intitul\u00e9 \u00ab\u00a0Nut graphs in chemistry\u00a0\u00bb, a eu lieu le 16 mai 2024 au D\u00e9partement d&rsquo;Informatique \u00e0 l&rsquo;UMONS.<\/p>\n<p><img loading=\"lazy\" decoding=\"async\" class=\" wp-image-283 aligncenter\" src=\"https:\/\/web.umons.ac.be\/app\/uploads\/sites\/209\/2024\/12\/1-Francqui-chair-24-april-2024-1-300x165.jpg\" alt=\"\" width=\"356\" height=\"196\" srcset=\"https:\/\/web.umons.ac.be\/app\/uploads\/sites\/209\/2024\/12\/1-Francqui-chair-24-april-2024-1-300x165.jpg 300w, https:\/\/web.umons.ac.be\/app\/uploads\/sites\/209\/2024\/12\/1-Francqui-chair-24-april-2024-1-1024x562.jpg 1024w, https:\/\/web.umons.ac.be\/app\/uploads\/sites\/209\/2024\/12\/1-Francqui-chair-24-april-2024-1-768x422.jpg 768w, https:\/\/web.umons.ac.be\/app\/uploads\/sites\/209\/2024\/12\/1-Francqui-chair-24-april-2024-1-1536x843.jpg 1536w, https:\/\/web.umons.ac.be\/app\/uploads\/sites\/209\/2024\/12\/1-Francqui-chair-24-april-2024-1-2048x1124.jpg 2048w, https:\/\/web.umons.ac.be\/app\/uploads\/sites\/209\/2024\/12\/1-Francqui-chair-24-april-2024-1-1202x660.jpg 1202w, https:\/\/web.umons.ac.be\/app\/uploads\/sites\/209\/2024\/12\/1-Francqui-chair-24-april-2024-1-30x16.jpg 30w, https:\/\/web.umons.ac.be\/app\/uploads\/sites\/209\/2024\/12\/1-Francqui-chair-24-april-2024-1-60x33.jpg 60w, https:\/\/web.umons.ac.be\/app\/uploads\/sites\/209\/2024\/12\/1-Francqui-chair-24-april-2024-1-360x198.jpg 360w\" sizes=\"auto, (max-width: 356px) 100vw, 356px\" \/><\/p>\n<p><img loading=\"lazy\" decoding=\"async\" class=\" wp-image-281 alignleft\" src=\"https:\/\/web.umons.ac.be\/app\/uploads\/sites\/209\/2024\/12\/fowler-300x300.jpg\" alt=\"\" width=\"185\" height=\"185\" srcset=\"https:\/\/web.umons.ac.be\/app\/uploads\/sites\/209\/2024\/12\/fowler-300x300.jpg 300w, https:\/\/web.umons.ac.be\/app\/uploads\/sites\/209\/2024\/12\/fowler-150x150.jpg 150w, https:\/\/web.umons.ac.be\/app\/uploads\/sites\/209\/2024\/12\/fowler-30x30.jpg 30w, https:\/\/web.umons.ac.be\/app\/uploads\/sites\/209\/2024\/12\/fowler-80x80.jpg 80w, https:\/\/web.umons.ac.be\/app\/uploads\/sites\/209\/2024\/12\/fowler-60x60.jpg 60w, https:\/\/web.umons.ac.be\/app\/uploads\/sites\/209\/2024\/12\/fowler-360x360.jpg 360w, https:\/\/web.umons.ac.be\/app\/uploads\/sites\/209\/2024\/12\/fowler-400x400.jpg 400w, https:\/\/web.umons.ac.be\/app\/uploads\/sites\/209\/2024\/12\/fowler-200x200.jpg 200w, https:\/\/web.umons.ac.be\/app\/uploads\/sites\/209\/2024\/12\/fowler.jpg 550w\" sizes=\"auto, (max-width: 185px) 100vw, 185px\" \/>Le professeur <a href=\"https:\/\/www.sheffield.ac.uk\/mps\/people\/honorary\/patrick-w-fowler-frs\">Patrick Fowler<\/a> a obtenu son doctorat en chimie \u00e0 l&rsquo;Universit\u00e9 de Sheffield en 1981. Il a \u00e9t\u00e9 chercheur postdoctoral \u00e0 l&rsquo;Universit\u00e9 de Cambridge, Senior Demonstrator \u00e0 l&rsquo;Universit\u00e9 de Durham, ma\u00eetre de conf\u00e9rences en chimie physique \u00e0 l&rsquo;Universit\u00e9 de Cambridge, lecteur \u00e0 l&rsquo;Universit\u00e9 d&rsquo;Exeter. En 2005, il devient professeur de chimie th\u00e9orique \u00e0 l&rsquo;universit\u00e9 de Sheffield. Il a \u00e9t\u00e9 \u00e9lu membre de la Royal Society en 2012.<\/p>\n<p>Le Professeur Fowler est une figure de proue dans le domaine de la chimie math\u00e9matique et computationnelle. Ses recherches vont des probl\u00e8mes chimiques mettant l&rsquo;accent sur les applications, aux probl\u00e8mes combinatoires et th\u00e9oriques des graphes qui sont de nature plus math\u00e9matique, mais reviennent souvent \u00e0 la chimie et aux mod\u00e8les chimiques picturaux. Les graphiques utilis\u00e9s dans ses recherches servent g\u00e9n\u00e9ralement de mod\u00e8les pour la structure g\u00e9om\u00e9trique et \u00e9lectronique des mol\u00e9cules et les propri\u00e9t\u00e9s \u00e9lectriques et magn\u00e9tiques mol\u00e9culaires. Les outils qu&rsquo;il applique proviennent de la chimie th\u00e9orique ainsi que des math\u00e9matiques et de l&rsquo;informatique, o\u00f9 lui et ses collaborateurs utilisent la mise en \u0153uvre d&rsquo;algorithmes efficaces pour r\u00e9soudre des probl\u00e8mes chimiques. Il s&rsquo;int\u00e9resse \u00e9galement aux applications de la sym\u00e9trie en ing\u00e9nierie.<\/p>\n<p><img loading=\"lazy\" decoding=\"async\" class=\"size-medium wp-image-282 aligncenter\" src=\"https:\/\/web.umons.ac.be\/app\/uploads\/sites\/209\/2024\/12\/2-Francqui-chair-24-april-2024-2-300x175.jpg\" alt=\"\" width=\"300\" height=\"175\" srcset=\"https:\/\/web.umons.ac.be\/app\/uploads\/sites\/209\/2024\/12\/2-Francqui-chair-24-april-2024-2-300x175.jpg 300w, https:\/\/web.umons.ac.be\/app\/uploads\/sites\/209\/2024\/12\/2-Francqui-chair-24-april-2024-2-1024x599.jpg 1024w, https:\/\/web.umons.ac.be\/app\/uploads\/sites\/209\/2024\/12\/2-Francqui-chair-24-april-2024-2-768x449.jpg 768w, https:\/\/web.umons.ac.be\/app\/uploads\/sites\/209\/2024\/12\/2-Francqui-chair-24-april-2024-2-1536x898.jpg 1536w, https:\/\/web.umons.ac.be\/app\/uploads\/sites\/209\/2024\/12\/2-Francqui-chair-24-april-2024-2-2048x1198.jpg 2048w, https:\/\/web.umons.ac.be\/app\/uploads\/sites\/209\/2024\/12\/2-Francqui-chair-24-april-2024-2-1129x660.jpg 1129w, https:\/\/web.umons.ac.be\/app\/uploads\/sites\/209\/2024\/12\/2-Francqui-chair-24-april-2024-2-30x18.jpg 30w, https:\/\/web.umons.ac.be\/app\/uploads\/sites\/209\/2024\/12\/2-Francqui-chair-24-april-2024-2-60x35.jpg 60w, https:\/\/web.umons.ac.be\/app\/uploads\/sites\/209\/2024\/12\/2-Francqui-chair-24-april-2024-2-360x211.jpg 360w\" sizes=\"auto, (max-width: 300px) 100vw, 300px\" \/><\/p>\n<p>Les promoteurs de cette chaire sont Jan Goedgebeur, Arnout Ceulemans et Jeremy Harvey (KU Leuven), Hadrien M\u00e9lot (UMONS), Gunnar Brinkmann et Patrick Bultinck (UGent), Frank De Proft (VUB), Beno\u00eet Champagne, Yoann Olivier et Vincent Li\u00e9geois (UNAMUR).<\/p>\n","protected":false},"excerpt":{"rendered":"<p>La prestigieuse chaire Francqui \u00ab\u00a0International Professor\u00a0\u00bb favorise la collaboration interuniversitaire et permet de renforcer la coop\u00e9ration scientifique internationale.<\/p>\n","protected":false},"author":130,"featured_media":282,"comment_status":"closed","ping_status":"closed","sticky":false,"template":"","format":"standard","meta":{"footnotes":""},"categories":[21],"tags":[],"class_list":["post-287","post","type-post","status-publish","format-standard","has-post-thumbnail","hentry","category-chaire-francqui"],"yoast_head":"<!-- This site is optimized with the Yoast SEO plugin v27.2 - https:\/\/yoast.com\/product\/yoast-seo-wordpress\/ -->\n<title>Patrick Fowler obtient la chaire &quot;International Francqui Professor&quot; - FS - D\u00e9partement d&#039;Informatique<\/title>\n<meta name=\"robots\" content=\"index, follow, max-snippet:-1, max-image-preview:large, max-video-preview:-1\" \/>\n<link rel=\"canonical\" href=\"https:\/\/web.umons.ac.be\/fs-informatique\/2024\/05\/18\/parick-fowler-obtient-la-chaire-international-francqui-professor\/\" \/>\n<meta property=\"og:locale\" content=\"fr_FR\" \/>\n<meta property=\"og:type\" content=\"article\" \/>\n<meta property=\"og:title\" content=\"Patrick Fowler obtient la chaire &quot;International Francqui Professor&quot; - FS - D\u00e9partement d&#039;Informatique\" \/>\n<meta property=\"og:description\" content=\"La prestigieuse chaire Francqui &quot;International Professor&quot; favorise la collaboration interuniversitaire et permet de renforcer la coop\u00e9ration scientifique internationale.\" \/>\n<meta property=\"og:url\" content=\"https:\/\/web.umons.ac.be\/fs-informatique\/2024\/05\/18\/parick-fowler-obtient-la-chaire-international-francqui-professor\/\" \/>\n<meta property=\"og:site_name\" content=\"FS - D\u00e9partement d&#039;Informatique\" \/>\n<meta property=\"article:published_time\" content=\"2024-05-18T07:48:10+00:00\" \/>\n<meta property=\"article:modified_time\" content=\"2024-12-13T09:48:21+00:00\" \/>\n<meta property=\"og:image\" content=\"https:\/\/web.umons.ac.be\/app\/uploads\/sites\/209\/2024\/12\/2-Francqui-chair-24-april-2024-2.jpg\" \/>\n\t<meta property=\"og:image:width\" content=\"2189\" \/>\n\t<meta property=\"og:image:height\" content=\"1280\" \/>\n\t<meta property=\"og:image:type\" content=\"image\/jpeg\" \/>\n<meta name=\"author\" content=\"Hadrien M\u00e9lot\" \/>\n<meta name=\"twitter:card\" content=\"summary_large_image\" \/>\n<meta name=\"twitter:label1\" content=\"\u00c9crit par\" \/>\n\t<meta name=\"twitter:data1\" content=\"Hadrien M\u00e9lot\" \/>\n\t<meta name=\"twitter:label2\" content=\"Dur\u00e9e de lecture estim\u00e9e\" \/>\n\t<meta name=\"twitter:data2\" content=\"3 minutes\" \/>\n<script type=\"application\/ld+json\" class=\"yoast-schema-graph\">{\"@context\":\"https:\/\/schema.org\",\"@graph\":[{\"@type\":\"Article\",\"@id\":\"https:\/\/web.umons.ac.be\/fs-informatique\/2024\/05\/18\/parick-fowler-obtient-la-chaire-international-francqui-professor\/#article\",\"isPartOf\":{\"@id\":\"https:\/\/web.umons.ac.be\/fs-informatique\/2024\/05\/18\/parick-fowler-obtient-la-chaire-international-francqui-professor\/\"},\"author\":{\"name\":\"Hadrien M\u00e9lot\",\"@id\":\"https:\/\/web.umons.ac.be\/fs-informatique\/#\/schema\/person\/fbe41930f206c5e222ba3feb2783a453\"},\"headline\":\"Patrick Fowler obtient la chaire \u00ab\u00a0International Francqui Professor\u00a0\u00bb\",\"datePublished\":\"2024-05-18T07:48:10+00:00\",\"dateModified\":\"2024-12-13T09:48:21+00:00\",\"mainEntityOfPage\":{\"@id\":\"https:\/\/web.umons.ac.be\/fs-informatique\/2024\/05\/18\/parick-fowler-obtient-la-chaire-international-francqui-professor\/\"},\"wordCount\":356,\"image\":{\"@id\":\"https:\/\/web.umons.ac.be\/fs-informatique\/2024\/05\/18\/parick-fowler-obtient-la-chaire-international-francqui-professor\/#primaryimage\"},\"thumbnailUrl\":\"https:\/\/web.umons.ac.be\/app\/uploads\/sites\/209\/2024\/12\/2-Francqui-chair-24-april-2024-2.jpg\",\"articleSection\":[\"Chaire Francqui\"],\"inLanguage\":\"fr-FR\"},{\"@type\":\"WebPage\",\"@id\":\"https:\/\/web.umons.ac.be\/fs-informatique\/2024\/05\/18\/parick-fowler-obtient-la-chaire-international-francqui-professor\/\",\"url\":\"https:\/\/web.umons.ac.be\/fs-informatique\/2024\/05\/18\/parick-fowler-obtient-la-chaire-international-francqui-professor\/\",\"name\":\"Patrick Fowler obtient la chaire \\\"International Francqui Professor\\\" - FS - D\u00e9partement d&#039;Informatique\",\"isPartOf\":{\"@id\":\"https:\/\/web.umons.ac.be\/fs-informatique\/#website\"},\"primaryImageOfPage\":{\"@id\":\"https:\/\/web.umons.ac.be\/fs-informatique\/2024\/05\/18\/parick-fowler-obtient-la-chaire-international-francqui-professor\/#primaryimage\"},\"image\":{\"@id\":\"https:\/\/web.umons.ac.be\/fs-informatique\/2024\/05\/18\/parick-fowler-obtient-la-chaire-international-francqui-professor\/#primaryimage\"},\"thumbnailUrl\":\"https:\/\/web.umons.ac.be\/app\/uploads\/sites\/209\/2024\/12\/2-Francqui-chair-24-april-2024-2.jpg\",\"datePublished\":\"2024-05-18T07:48:10+00:00\",\"dateModified\":\"2024-12-13T09:48:21+00:00\",\"author\":{\"@id\":\"https:\/\/web.umons.ac.be\/fs-informatique\/#\/schema\/person\/fbe41930f206c5e222ba3feb2783a453\"},\"breadcrumb\":{\"@id\":\"https:\/\/web.umons.ac.be\/fs-informatique\/2024\/05\/18\/parick-fowler-obtient-la-chaire-international-francqui-professor\/#breadcrumb\"},\"inLanguage\":\"fr-FR\",\"potentialAction\":[{\"@type\":\"ReadAction\",\"target\":[\"https:\/\/web.umons.ac.be\/fs-informatique\/2024\/05\/18\/parick-fowler-obtient-la-chaire-international-francqui-professor\/\"]}]},{\"@type\":\"ImageObject\",\"inLanguage\":\"fr-FR\",\"@id\":\"https:\/\/web.umons.ac.be\/fs-informatique\/2024\/05\/18\/parick-fowler-obtient-la-chaire-international-francqui-professor\/#primaryimage\",\"url\":\"https:\/\/web.umons.ac.be\/app\/uploads\/sites\/209\/2024\/12\/2-Francqui-chair-24-april-2024-2.jpg\",\"contentUrl\":\"https:\/\/web.umons.ac.be\/app\/uploads\/sites\/209\/2024\/12\/2-Francqui-chair-24-april-2024-2.jpg\",\"width\":2189,\"height\":1280},{\"@type\":\"BreadcrumbList\",\"@id\":\"https:\/\/web.umons.ac.be\/fs-informatique\/2024\/05\/18\/parick-fowler-obtient-la-chaire-international-francqui-professor\/#breadcrumb\",\"itemListElement\":[{\"@type\":\"ListItem\",\"position\":1,\"name\":\"Accueil\",\"item\":\"https:\/\/web.umons.ac.be\/fs-informatique\/\"},{\"@type\":\"ListItem\",\"position\":2,\"name\":\"Patrick Fowler obtient la chaire \u00ab\u00a0International Francqui Professor\u00a0\u00bb\"}]},{\"@type\":\"WebSite\",\"@id\":\"https:\/\/web.umons.ac.be\/fs-informatique\/#website\",\"url\":\"https:\/\/web.umons.ac.be\/fs-informatique\/\",\"name\":\"FS - D\u00e9partement d&#039;Informatique\",\"description\":\"\",\"potentialAction\":[{\"@type\":\"SearchAction\",\"target\":{\"@type\":\"EntryPoint\",\"urlTemplate\":\"https:\/\/web.umons.ac.be\/fs-informatique\/?s={search_term_string}\"},\"query-input\":{\"@type\":\"PropertyValueSpecification\",\"valueRequired\":true,\"valueName\":\"search_term_string\"}}],\"inLanguage\":\"fr-FR\"},{\"@type\":\"Person\",\"@id\":\"https:\/\/web.umons.ac.be\/fs-informatique\/#\/schema\/person\/fbe41930f206c5e222ba3feb2783a453\",\"name\":\"Hadrien M\u00e9lot\",\"image\":{\"@type\":\"ImageObject\",\"inLanguage\":\"fr-FR\",\"@id\":\"https:\/\/secure.gravatar.com\/avatar\/93a224d743d488421f42b5e408362aebb9bf84cfdd47dd1415e98658beee36e4?s=96&d=mm&r=g\",\"url\":\"https:\/\/secure.gravatar.com\/avatar\/93a224d743d488421f42b5e408362aebb9bf84cfdd47dd1415e98658beee36e4?s=96&d=mm&r=g\",\"contentUrl\":\"https:\/\/secure.gravatar.com\/avatar\/93a224d743d488421f42b5e408362aebb9bf84cfdd47dd1415e98658beee36e4?s=96&d=mm&r=g\",\"caption\":\"Hadrien M\u00e9lot\"},\"url\":\"https:\/\/web.umons.ac.be\/fs-informatique\/author\/hmelot\/\"}]}<\/script>\n<!-- \/ Yoast SEO plugin. -->","yoast_head_json":{"title":"Patrick Fowler obtient la chaire \"International Francqui Professor\" - FS - D\u00e9partement d&#039;Informatique","robots":{"index":"index","follow":"follow","max-snippet":"max-snippet:-1","max-image-preview":"max-image-preview:large","max-video-preview":"max-video-preview:-1"},"canonical":"https:\/\/web.umons.ac.be\/fs-informatique\/2024\/05\/18\/parick-fowler-obtient-la-chaire-international-francqui-professor\/","og_locale":"fr_FR","og_type":"article","og_title":"Patrick Fowler obtient la chaire \"International Francqui Professor\" - FS - D\u00e9partement d&#039;Informatique","og_description":"La prestigieuse chaire Francqui \"International Professor\" favorise la collaboration interuniversitaire et permet de renforcer la coop\u00e9ration scientifique internationale.","og_url":"https:\/\/web.umons.ac.be\/fs-informatique\/2024\/05\/18\/parick-fowler-obtient-la-chaire-international-francqui-professor\/","og_site_name":"FS - D\u00e9partement d&#039;Informatique","article_published_time":"2024-05-18T07:48:10+00:00","article_modified_time":"2024-12-13T09:48:21+00:00","og_image":[{"width":2189,"height":1280,"url":"https:\/\/web.umons.ac.be\/app\/uploads\/sites\/209\/2024\/12\/2-Francqui-chair-24-april-2024-2.jpg","type":"image\/jpeg"}],"author":"Hadrien M\u00e9lot","twitter_card":"summary_large_image","twitter_misc":{"\u00c9crit par":"Hadrien M\u00e9lot","Dur\u00e9e de lecture estim\u00e9e":"3 minutes"},"schema":{"@context":"https:\/\/schema.org","@graph":[{"@type":"Article","@id":"https:\/\/web.umons.ac.be\/fs-informatique\/2024\/05\/18\/parick-fowler-obtient-la-chaire-international-francqui-professor\/#article","isPartOf":{"@id":"https:\/\/web.umons.ac.be\/fs-informatique\/2024\/05\/18\/parick-fowler-obtient-la-chaire-international-francqui-professor\/"},"author":{"name":"Hadrien M\u00e9lot","@id":"https:\/\/web.umons.ac.be\/fs-informatique\/#\/schema\/person\/fbe41930f206c5e222ba3feb2783a453"},"headline":"Patrick Fowler obtient la chaire \u00ab\u00a0International Francqui Professor\u00a0\u00bb","datePublished":"2024-05-18T07:48:10+00:00","dateModified":"2024-12-13T09:48:21+00:00","mainEntityOfPage":{"@id":"https:\/\/web.umons.ac.be\/fs-informatique\/2024\/05\/18\/parick-fowler-obtient-la-chaire-international-francqui-professor\/"},"wordCount":356,"image":{"@id":"https:\/\/web.umons.ac.be\/fs-informatique\/2024\/05\/18\/parick-fowler-obtient-la-chaire-international-francqui-professor\/#primaryimage"},"thumbnailUrl":"https:\/\/web.umons.ac.be\/app\/uploads\/sites\/209\/2024\/12\/2-Francqui-chair-24-april-2024-2.jpg","articleSection":["Chaire Francqui"],"inLanguage":"fr-FR"},{"@type":"WebPage","@id":"https:\/\/web.umons.ac.be\/fs-informatique\/2024\/05\/18\/parick-fowler-obtient-la-chaire-international-francqui-professor\/","url":"https:\/\/web.umons.ac.be\/fs-informatique\/2024\/05\/18\/parick-fowler-obtient-la-chaire-international-francqui-professor\/","name":"Patrick Fowler obtient la chaire \"International Francqui Professor\" - FS - D\u00e9partement d&#039;Informatique","isPartOf":{"@id":"https:\/\/web.umons.ac.be\/fs-informatique\/#website"},"primaryImageOfPage":{"@id":"https:\/\/web.umons.ac.be\/fs-informatique\/2024\/05\/18\/parick-fowler-obtient-la-chaire-international-francqui-professor\/#primaryimage"},"image":{"@id":"https:\/\/web.umons.ac.be\/fs-informatique\/2024\/05\/18\/parick-fowler-obtient-la-chaire-international-francqui-professor\/#primaryimage"},"thumbnailUrl":"https:\/\/web.umons.ac.be\/app\/uploads\/sites\/209\/2024\/12\/2-Francqui-chair-24-april-2024-2.jpg","datePublished":"2024-05-18T07:48:10+00:00","dateModified":"2024-12-13T09:48:21+00:00","author":{"@id":"https:\/\/web.umons.ac.be\/fs-informatique\/#\/schema\/person\/fbe41930f206c5e222ba3feb2783a453"},"breadcrumb":{"@id":"https:\/\/web.umons.ac.be\/fs-informatique\/2024\/05\/18\/parick-fowler-obtient-la-chaire-international-francqui-professor\/#breadcrumb"},"inLanguage":"fr-FR","potentialAction":[{"@type":"ReadAction","target":["https:\/\/web.umons.ac.be\/fs-informatique\/2024\/05\/18\/parick-fowler-obtient-la-chaire-international-francqui-professor\/"]}]},{"@type":"ImageObject","inLanguage":"fr-FR","@id":"https:\/\/web.umons.ac.be\/fs-informatique\/2024\/05\/18\/parick-fowler-obtient-la-chaire-international-francqui-professor\/#primaryimage","url":"https:\/\/web.umons.ac.be\/app\/uploads\/sites\/209\/2024\/12\/2-Francqui-chair-24-april-2024-2.jpg","contentUrl":"https:\/\/web.umons.ac.be\/app\/uploads\/sites\/209\/2024\/12\/2-Francqui-chair-24-april-2024-2.jpg","width":2189,"height":1280},{"@type":"BreadcrumbList","@id":"https:\/\/web.umons.ac.be\/fs-informatique\/2024\/05\/18\/parick-fowler-obtient-la-chaire-international-francqui-professor\/#breadcrumb","itemListElement":[{"@type":"ListItem","position":1,"name":"Accueil","item":"https:\/\/web.umons.ac.be\/fs-informatique\/"},{"@type":"ListItem","position":2,"name":"Patrick Fowler obtient la chaire \u00ab\u00a0International Francqui Professor\u00a0\u00bb"}]},{"@type":"WebSite","@id":"https:\/\/web.umons.ac.be\/fs-informatique\/#website","url":"https:\/\/web.umons.ac.be\/fs-informatique\/","name":"FS - D\u00e9partement d&#039;Informatique","description":"","potentialAction":[{"@type":"SearchAction","target":{"@type":"EntryPoint","urlTemplate":"https:\/\/web.umons.ac.be\/fs-informatique\/?s={search_term_string}"},"query-input":{"@type":"PropertyValueSpecification","valueRequired":true,"valueName":"search_term_string"}}],"inLanguage":"fr-FR"},{"@type":"Person","@id":"https:\/\/web.umons.ac.be\/fs-informatique\/#\/schema\/person\/fbe41930f206c5e222ba3feb2783a453","name":"Hadrien M\u00e9lot","image":{"@type":"ImageObject","inLanguage":"fr-FR","@id":"https:\/\/secure.gravatar.com\/avatar\/93a224d743d488421f42b5e408362aebb9bf84cfdd47dd1415e98658beee36e4?s=96&d=mm&r=g","url":"https:\/\/secure.gravatar.com\/avatar\/93a224d743d488421f42b5e408362aebb9bf84cfdd47dd1415e98658beee36e4?s=96&d=mm&r=g","contentUrl":"https:\/\/secure.gravatar.com\/avatar\/93a224d743d488421f42b5e408362aebb9bf84cfdd47dd1415e98658beee36e4?s=96&d=mm&r=g","caption":"Hadrien M\u00e9lot"},"url":"https:\/\/web.umons.ac.be\/fs-informatique\/author\/hmelot\/"}]}},"lang":"fr","translations":{"fr":287},"pll_sync_post":[],"_links":{"self":[{"href":"https:\/\/web.umons.ac.be\/fs-informatique\/wp-json\/wp\/v2\/posts\/287","targetHints":{"allow":["GET"]}}],"collection":[{"href":"https:\/\/web.umons.ac.be\/fs-informatique\/wp-json\/wp\/v2\/posts"}],"about":[{"href":"https:\/\/web.umons.ac.be\/fs-informatique\/wp-json\/wp\/v2\/types\/post"}],"author":[{"embeddable":true,"href":"https:\/\/web.umons.ac.be\/fs-informatique\/wp-json\/wp\/v2\/users\/130"}],"replies":[{"embeddable":true,"href":"https:\/\/web.umons.ac.be\/fs-informatique\/wp-json\/wp\/v2\/comments?post=287"}],"version-history":[{"count":3,"href":"https:\/\/web.umons.ac.be\/fs-informatique\/wp-json\/wp\/v2\/posts\/287\/revisions"}],"predecessor-version":[{"id":301,"href":"https:\/\/web.umons.ac.be\/fs-informatique\/wp-json\/wp\/v2\/posts\/287\/revisions\/301"}],"wp:featuredmedia":[{"embeddable":true,"href":"https:\/\/web.umons.ac.be\/fs-informatique\/wp-json\/wp\/v2\/media\/282"}],"wp:attachment":[{"href":"https:\/\/web.umons.ac.be\/fs-informatique\/wp-json\/wp\/v2\/media?parent=287"}],"wp:term":[{"taxonomy":"category","embeddable":true,"href":"https:\/\/web.umons.ac.be\/fs-informatique\/wp-json\/wp\/v2\/categories?post=287"},{"taxonomy":"post_tag","embeddable":true,"href":"https:\/\/web.umons.ac.be\/fs-informatique\/wp-json\/wp\/v2\/tags?post=287"}],"curies":[{"name":"wp","href":"https:\/\/api.w.org\/{rel}","templated":true}]}}