{"id":422,"date":"2026-01-22T12:03:49","date_gmt":"2026-01-22T11:03:49","guid":{"rendered":"https:\/\/web.umons.ac.be\/fs-mathematique\/?p=422"},"modified":"2026-01-22T12:23:19","modified_gmt":"2026-01-22T11:23:19","slug":"francqui25","status":"publish","type":"post","link":"https:\/\/web.umons.ac.be\/fs-mathematique\/2026\/01\/22\/francqui25\/","title":{"rendered":"Chaire Francqui 2025-2026"},"content":{"rendered":"<p>A Francqui Chair has been awarded by the <a href=\"http:\/\/www.francquifoundation.be\/\">FRANCQUI Foundation<\/a> to Professor <a href=\"https:\/\/webusers.imj-prg.fr\/~francois.loeser\/en.php\">Fran\u00e7ois Loeser; <\/a><br \/>\nHe will visit Belgium during -the month of March and at the beginning of April. He will deliver a series of lectures that may be attended independently of one another. Each reading will kick off with an introductory part about the topic of the day. The theme will revolve around non-Archimedean methods and valued fields.<img loading=\"lazy\" decoding=\"async\" class=\"aligncenter\" src=\"https:\/\/web.umons.ac.be\/app\/uploads\/sites\/210\/2026\/01\/Loeser.png\" width=\"140\" height=\"187\" \/><\/p>\n<p><a href=\"https:\/\/web.umons.ac.be\/fs-mathematique\/chaire-francqui25-26\/\">Click here for all informations.<\/a><\/p>\n","protected":false},"excerpt":{"rendered":"<p>A Francqui Chair has been awarded by the FRANCQUI Foundation to Professor Fran\u00e7ois Loeser; He will visit Belgium during -the month of March and at the beginning of April. He will deliver a series of lectures that may be attended independently of one another. Each reading will kick off with an introductory part about the [&hellip;]<\/p>\n","protected":false},"author":147,"featured_media":0,"comment_status":"closed","ping_status":"closed","sticky":false,"template":"","format":"standard","meta":{"footnotes":""},"categories":[1],"tags":[],"class_list":["post-422","post","type-post","status-publish","format-standard","hentry","category-non-classe"],"yoast_head":"<!-- This site is optimized with the Yoast SEO plugin v27.2 - https:\/\/yoast.com\/product\/yoast-seo-wordpress\/ -->\n<title>Chaire Francqui 2025-2026 - FS - D\u00e9partement de math\u00e9matique<\/title>\n<meta name=\"robots\" content=\"index, follow, max-snippet:-1, max-image-preview:large, max-video-preview:-1\" \/>\n<link rel=\"canonical\" href=\"https:\/\/web.umons.ac.be\/fs-mathematique\/2026\/01\/22\/francqui25\/\" \/>\n<meta property=\"og:locale\" content=\"fr_FR\" \/>\n<meta property=\"og:type\" content=\"article\" \/>\n<meta property=\"og:title\" content=\"Chaire Francqui 2025-2026 - FS - D\u00e9partement de math\u00e9matique\" \/>\n<meta property=\"og:description\" content=\"A Francqui Chair has been awarded by the FRANCQUI Foundation to Professor Fran\u00e7ois Loeser; He will visit Belgium during -the month of March and at the beginning of April. He will deliver a series of lectures that may be attended independently of one another. Each reading will kick off with an introductory part about the [&hellip;]\" \/>\n<meta property=\"og:url\" content=\"https:\/\/web.umons.ac.be\/fs-mathematique\/2026\/01\/22\/francqui25\/\" \/>\n<meta property=\"og:site_name\" content=\"FS - D\u00e9partement de math\u00e9matique\" \/>\n<meta property=\"article:published_time\" content=\"2026-01-22T11:03:49+00:00\" \/>\n<meta property=\"article:modified_time\" content=\"2026-01-22T11:23:19+00:00\" \/>\n<meta property=\"og:image\" content=\"https:\/\/web.umons.ac.be\/app\/uploads\/sites\/210\/2026\/01\/Loeser.png\" \/>\n<meta name=\"author\" content=\"C\u00e9dric Rivi\u00e8re\" \/>\n<meta name=\"twitter:card\" content=\"summary_large_image\" \/>\n<meta name=\"twitter:label1\" content=\"\u00c9crit par\" \/>\n\t<meta name=\"twitter:data1\" content=\"C\u00e9dric Rivi\u00e8re\" \/>\n\t<meta name=\"twitter:label2\" content=\"Dur\u00e9e de lecture estim\u00e9e\" \/>\n\t<meta name=\"twitter:data2\" content=\"1 minute\" \/>\n<script type=\"application\/ld+json\" class=\"yoast-schema-graph\">{\"@context\":\"https:\/\/schema.org\",\"@graph\":[{\"@type\":\"Article\",\"@id\":\"https:\/\/web.umons.ac.be\/fs-mathematique\/2026\/01\/22\/francqui25\/#article\",\"isPartOf\":{\"@id\":\"https:\/\/web.umons.ac.be\/fs-mathematique\/2026\/01\/22\/francqui25\/\"},\"author\":{\"name\":\"C\u00e9dric Rivi\u00e8re\",\"@id\":\"https:\/\/web.umons.ac.be\/fs-mathematique\/#\/schema\/person\/94cdc9242d4b43d43810e87170ab497e\"},\"headline\":\"Chaire Francqui 2025-2026\",\"datePublished\":\"2026-01-22T11:03:49+00:00\",\"dateModified\":\"2026-01-22T11:23:19+00:00\",\"mainEntityOfPage\":{\"@id\":\"https:\/\/web.umons.ac.be\/fs-mathematique\/2026\/01\/22\/francqui25\/\"},\"wordCount\":78,\"image\":{\"@id\":\"https:\/\/web.umons.ac.be\/fs-mathematique\/2026\/01\/22\/francqui25\/#primaryimage\"},\"thumbnailUrl\":\"https:\/\/web.umons.ac.be\/app\/uploads\/sites\/210\/2026\/01\/Loeser.png\",\"inLanguage\":\"fr-FR\"},{\"@type\":\"WebPage\",\"@id\":\"https:\/\/web.umons.ac.be\/fs-mathematique\/2026\/01\/22\/francqui25\/\",\"url\":\"https:\/\/web.umons.ac.be\/fs-mathematique\/2026\/01\/22\/francqui25\/\",\"name\":\"Chaire Francqui 2025-2026 - FS - D\u00e9partement de math\u00e9matique\",\"isPartOf\":{\"@id\":\"https:\/\/web.umons.ac.be\/fs-mathematique\/#website\"},\"primaryImageOfPage\":{\"@id\":\"https:\/\/web.umons.ac.be\/fs-mathematique\/2026\/01\/22\/francqui25\/#primaryimage\"},\"image\":{\"@id\":\"https:\/\/web.umons.ac.be\/fs-mathematique\/2026\/01\/22\/francqui25\/#primaryimage\"},\"thumbnailUrl\":\"https:\/\/web.umons.ac.be\/app\/uploads\/sites\/210\/2026\/01\/Loeser.png\",\"datePublished\":\"2026-01-22T11:03:49+00:00\",\"dateModified\":\"2026-01-22T11:23:19+00:00\",\"author\":{\"@id\":\"https:\/\/web.umons.ac.be\/fs-mathematique\/#\/schema\/person\/94cdc9242d4b43d43810e87170ab497e\"},\"breadcrumb\":{\"@id\":\"https:\/\/web.umons.ac.be\/fs-mathematique\/2026\/01\/22\/francqui25\/#breadcrumb\"},\"inLanguage\":\"fr-FR\",\"potentialAction\":[{\"@type\":\"ReadAction\",\"target\":[\"https:\/\/web.umons.ac.be\/fs-mathematique\/2026\/01\/22\/francqui25\/\"]}]},{\"@type\":\"ImageObject\",\"inLanguage\":\"fr-FR\",\"@id\":\"https:\/\/web.umons.ac.be\/fs-mathematique\/2026\/01\/22\/francqui25\/#primaryimage\",\"url\":\"https:\/\/web.umons.ac.be\/app\/uploads\/sites\/210\/2026\/01\/Loeser.png\",\"contentUrl\":\"https:\/\/web.umons.ac.be\/app\/uploads\/sites\/210\/2026\/01\/Loeser.png\"},{\"@type\":\"BreadcrumbList\",\"@id\":\"https:\/\/web.umons.ac.be\/fs-mathematique\/2026\/01\/22\/francqui25\/#breadcrumb\",\"itemListElement\":[{\"@type\":\"ListItem\",\"position\":1,\"name\":\"Accueil\",\"item\":\"https:\/\/web.umons.ac.be\/fs-mathematique\/\"},{\"@type\":\"ListItem\",\"position\":2,\"name\":\"Chaire Francqui 2025-2026\"}]},{\"@type\":\"WebSite\",\"@id\":\"https:\/\/web.umons.ac.be\/fs-mathematique\/#website\",\"url\":\"https:\/\/web.umons.ac.be\/fs-mathematique\/\",\"name\":\"FS - D\u00e9partement de math\u00e9matique\",\"description\":\"\",\"potentialAction\":[{\"@type\":\"SearchAction\",\"target\":{\"@type\":\"EntryPoint\",\"urlTemplate\":\"https:\/\/web.umons.ac.be\/fs-mathematique\/?s={search_term_string}\"},\"query-input\":{\"@type\":\"PropertyValueSpecification\",\"valueRequired\":true,\"valueName\":\"search_term_string\"}}],\"inLanguage\":\"fr-FR\"},{\"@type\":\"Person\",\"@id\":\"https:\/\/web.umons.ac.be\/fs-mathematique\/#\/schema\/person\/94cdc9242d4b43d43810e87170ab497e\",\"name\":\"C\u00e9dric Rivi\u00e8re\",\"image\":{\"@type\":\"ImageObject\",\"inLanguage\":\"fr-FR\",\"@id\":\"https:\/\/secure.gravatar.com\/avatar\/429d31a54571183c3f09d7ea7b3c60da59ed7af03a211fbc01aee56f7f894701?s=96&d=mm&r=g\",\"url\":\"https:\/\/secure.gravatar.com\/avatar\/429d31a54571183c3f09d7ea7b3c60da59ed7af03a211fbc01aee56f7f894701?s=96&d=mm&r=g\",\"contentUrl\":\"https:\/\/secure.gravatar.com\/avatar\/429d31a54571183c3f09d7ea7b3c60da59ed7af03a211fbc01aee56f7f894701?s=96&d=mm&r=g\",\"caption\":\"C\u00e9dric Rivi\u00e8re\"},\"url\":\"https:\/\/web.umons.ac.be\/fs-mathematique\/author\/criviere\/\"}]}<\/script>\n<!-- \/ Yoast SEO plugin. -->","yoast_head_json":{"title":"Chaire Francqui 2025-2026 - FS - D\u00e9partement de math\u00e9matique","robots":{"index":"index","follow":"follow","max-snippet":"max-snippet:-1","max-image-preview":"max-image-preview:large","max-video-preview":"max-video-preview:-1"},"canonical":"https:\/\/web.umons.ac.be\/fs-mathematique\/2026\/01\/22\/francqui25\/","og_locale":"fr_FR","og_type":"article","og_title":"Chaire Francqui 2025-2026 - FS - D\u00e9partement de math\u00e9matique","og_description":"A Francqui Chair has been awarded by the FRANCQUI Foundation to Professor Fran\u00e7ois Loeser; He will visit Belgium during -the month of March and at the beginning of April. He will deliver a series of lectures that may be attended independently of one another. Each reading will kick off with an introductory part about the [&hellip;]","og_url":"https:\/\/web.umons.ac.be\/fs-mathematique\/2026\/01\/22\/francqui25\/","og_site_name":"FS - D\u00e9partement de math\u00e9matique","article_published_time":"2026-01-22T11:03:49+00:00","article_modified_time":"2026-01-22T11:23:19+00:00","og_image":[{"url":"https:\/\/web.umons.ac.be\/app\/uploads\/sites\/210\/2026\/01\/Loeser.png","type":"","width":"","height":""}],"author":"C\u00e9dric Rivi\u00e8re","twitter_card":"summary_large_image","twitter_misc":{"\u00c9crit par":"C\u00e9dric Rivi\u00e8re","Dur\u00e9e de lecture estim\u00e9e":"1 minute"},"schema":{"@context":"https:\/\/schema.org","@graph":[{"@type":"Article","@id":"https:\/\/web.umons.ac.be\/fs-mathematique\/2026\/01\/22\/francqui25\/#article","isPartOf":{"@id":"https:\/\/web.umons.ac.be\/fs-mathematique\/2026\/01\/22\/francqui25\/"},"author":{"name":"C\u00e9dric Rivi\u00e8re","@id":"https:\/\/web.umons.ac.be\/fs-mathematique\/#\/schema\/person\/94cdc9242d4b43d43810e87170ab497e"},"headline":"Chaire Francqui 2025-2026","datePublished":"2026-01-22T11:03:49+00:00","dateModified":"2026-01-22T11:23:19+00:00","mainEntityOfPage":{"@id":"https:\/\/web.umons.ac.be\/fs-mathematique\/2026\/01\/22\/francqui25\/"},"wordCount":78,"image":{"@id":"https:\/\/web.umons.ac.be\/fs-mathematique\/2026\/01\/22\/francqui25\/#primaryimage"},"thumbnailUrl":"https:\/\/web.umons.ac.be\/app\/uploads\/sites\/210\/2026\/01\/Loeser.png","inLanguage":"fr-FR"},{"@type":"WebPage","@id":"https:\/\/web.umons.ac.be\/fs-mathematique\/2026\/01\/22\/francqui25\/","url":"https:\/\/web.umons.ac.be\/fs-mathematique\/2026\/01\/22\/francqui25\/","name":"Chaire Francqui 2025-2026 - FS - D\u00e9partement de math\u00e9matique","isPartOf":{"@id":"https:\/\/web.umons.ac.be\/fs-mathematique\/#website"},"primaryImageOfPage":{"@id":"https:\/\/web.umons.ac.be\/fs-mathematique\/2026\/01\/22\/francqui25\/#primaryimage"},"image":{"@id":"https:\/\/web.umons.ac.be\/fs-mathematique\/2026\/01\/22\/francqui25\/#primaryimage"},"thumbnailUrl":"https:\/\/web.umons.ac.be\/app\/uploads\/sites\/210\/2026\/01\/Loeser.png","datePublished":"2026-01-22T11:03:49+00:00","dateModified":"2026-01-22T11:23:19+00:00","author":{"@id":"https:\/\/web.umons.ac.be\/fs-mathematique\/#\/schema\/person\/94cdc9242d4b43d43810e87170ab497e"},"breadcrumb":{"@id":"https:\/\/web.umons.ac.be\/fs-mathematique\/2026\/01\/22\/francqui25\/#breadcrumb"},"inLanguage":"fr-FR","potentialAction":[{"@type":"ReadAction","target":["https:\/\/web.umons.ac.be\/fs-mathematique\/2026\/01\/22\/francqui25\/"]}]},{"@type":"ImageObject","inLanguage":"fr-FR","@id":"https:\/\/web.umons.ac.be\/fs-mathematique\/2026\/01\/22\/francqui25\/#primaryimage","url":"https:\/\/web.umons.ac.be\/app\/uploads\/sites\/210\/2026\/01\/Loeser.png","contentUrl":"https:\/\/web.umons.ac.be\/app\/uploads\/sites\/210\/2026\/01\/Loeser.png"},{"@type":"BreadcrumbList","@id":"https:\/\/web.umons.ac.be\/fs-mathematique\/2026\/01\/22\/francqui25\/#breadcrumb","itemListElement":[{"@type":"ListItem","position":1,"name":"Accueil","item":"https:\/\/web.umons.ac.be\/fs-mathematique\/"},{"@type":"ListItem","position":2,"name":"Chaire Francqui 2025-2026"}]},{"@type":"WebSite","@id":"https:\/\/web.umons.ac.be\/fs-mathematique\/#website","url":"https:\/\/web.umons.ac.be\/fs-mathematique\/","name":"FS - D\u00e9partement de math\u00e9matique","description":"","potentialAction":[{"@type":"SearchAction","target":{"@type":"EntryPoint","urlTemplate":"https:\/\/web.umons.ac.be\/fs-mathematique\/?s={search_term_string}"},"query-input":{"@type":"PropertyValueSpecification","valueRequired":true,"valueName":"search_term_string"}}],"inLanguage":"fr-FR"},{"@type":"Person","@id":"https:\/\/web.umons.ac.be\/fs-mathematique\/#\/schema\/person\/94cdc9242d4b43d43810e87170ab497e","name":"C\u00e9dric Rivi\u00e8re","image":{"@type":"ImageObject","inLanguage":"fr-FR","@id":"https:\/\/secure.gravatar.com\/avatar\/429d31a54571183c3f09d7ea7b3c60da59ed7af03a211fbc01aee56f7f894701?s=96&d=mm&r=g","url":"https:\/\/secure.gravatar.com\/avatar\/429d31a54571183c3f09d7ea7b3c60da59ed7af03a211fbc01aee56f7f894701?s=96&d=mm&r=g","contentUrl":"https:\/\/secure.gravatar.com\/avatar\/429d31a54571183c3f09d7ea7b3c60da59ed7af03a211fbc01aee56f7f894701?s=96&d=mm&r=g","caption":"C\u00e9dric Rivi\u00e8re"},"url":"https:\/\/web.umons.ac.be\/fs-mathematique\/author\/criviere\/"}]}},"lang":"fr","translations":{"fr":422},"pll_sync_post":[],"_links":{"self":[{"href":"https:\/\/web.umons.ac.be\/fs-mathematique\/wp-json\/wp\/v2\/posts\/422","targetHints":{"allow":["GET"]}}],"collection":[{"href":"https:\/\/web.umons.ac.be\/fs-mathematique\/wp-json\/wp\/v2\/posts"}],"about":[{"href":"https:\/\/web.umons.ac.be\/fs-mathematique\/wp-json\/wp\/v2\/types\/post"}],"author":[{"embeddable":true,"href":"https:\/\/web.umons.ac.be\/fs-mathematique\/wp-json\/wp\/v2\/users\/147"}],"replies":[{"embeddable":true,"href":"https:\/\/web.umons.ac.be\/fs-mathematique\/wp-json\/wp\/v2\/comments?post=422"}],"version-history":[{"count":2,"href":"https:\/\/web.umons.ac.be\/fs-mathematique\/wp-json\/wp\/v2\/posts\/422\/revisions"}],"predecessor-version":[{"id":424,"href":"https:\/\/web.umons.ac.be\/fs-mathematique\/wp-json\/wp\/v2\/posts\/422\/revisions\/424"}],"wp:attachment":[{"href":"https:\/\/web.umons.ac.be\/fs-mathematique\/wp-json\/wp\/v2\/media?parent=422"}],"wp:term":[{"taxonomy":"category","embeddable":true,"href":"https:\/\/web.umons.ac.be\/fs-mathematique\/wp-json\/wp\/v2\/categories?post=422"},{"taxonomy":"post_tag","embeddable":true,"href":"https:\/\/web.umons.ac.be\/fs-mathematique\/wp-json\/wp\/v2\/tags?post=422"}],"curies":[{"name":"wp","href":"https:\/\/api.w.org\/{rel}","templated":true}]}}