{"id":1885,"date":"2022-12-06T15:48:54","date_gmt":"2022-12-06T14:48:54","guid":{"rendered":"https:\/\/web.umons.ac.be\/fs\/?p=1885"},"modified":"2022-12-06T15:48:54","modified_gmt":"2022-12-06T14:48:54","slug":"lumons-se-distingue-au-prix-jacques-kets-de-zoologie-pour-la-2e-annee-consecutive","status":"publish","type":"post","link":"https:\/\/web.umons.ac.be\/fs\/fr\/lumons-se-distingue-au-prix-jacques-kets-de-zoologie-pour-la-2e-annee-consecutive\/","title":{"rendered":"L\u2019UMONS se distingue au Prix Jacques Kets de zoologie pour la 2e ann\u00e9e cons\u00e9cutive"},"content":{"rendered":"<p>Apr\u00e8s Antoine Gekiere l\u2019an pass\u00e9, c\u2019est un autre Antoine, toujours jeune chercheur en biologie de l\u2019UMONS qui s\u2019est distingu\u00e9 au Prix Jacques Kets 2022.<\/p>\n<p><img loading=\"lazy\" decoding=\"async\" class=\"size-medium wp-image-1886 alignleft\" src=\"https:\/\/web.umons.ac.be\/app\/uploads\/sites\/11\/2022\/12\/PrixKetsBio2-300x169.jpg\" alt=\"\" width=\"300\" height=\"169\" srcset=\"https:\/\/web.umons.ac.be\/app\/uploads\/sites\/11\/2022\/12\/PrixKetsBio2-300x169.jpg 300w, https:\/\/web.umons.ac.be\/app\/uploads\/sites\/11\/2022\/12\/PrixKetsBio2-1024x576.jpg 1024w, https:\/\/web.umons.ac.be\/app\/uploads\/sites\/11\/2022\/12\/PrixKetsBio2-768x432.jpg 768w, https:\/\/web.umons.ac.be\/app\/uploads\/sites\/11\/2022\/12\/PrixKetsBio2-1536x864.jpg 1536w, https:\/\/web.umons.ac.be\/app\/uploads\/sites\/11\/2022\/12\/PrixKetsBio2-2048x1152.jpg 2048w, https:\/\/web.umons.ac.be\/app\/uploads\/sites\/11\/2022\/12\/PrixKetsBio2-1173x660.jpg 1173w, https:\/\/web.umons.ac.be\/app\/uploads\/sites\/11\/2022\/12\/PrixKetsBio2-30x17.jpg 30w, https:\/\/web.umons.ac.be\/app\/uploads\/sites\/11\/2022\/12\/PrixKetsBio2-60x34.jpg 60w, https:\/\/web.umons.ac.be\/app\/uploads\/sites\/11\/2022\/12\/PrixKetsBio2-360x203.jpg 360w\" sizes=\"auto, (max-width: 300px) 100vw, 300px\" \/>Antoine Flandroit vient en effet de remporter lui aussi une r\u00e9compense \u00e0 l\u2019\u00e9dition 2022 de ces prix Jacques Kets qui \u00a0s\u2019adressent aux \u00e9tudiant.e.s en master en biologie, biologie mol\u00e9culaire, biosciences-ing\u00e9nierie ou disciplines scientifiques connexes et ayant pr\u00e9sent\u00e9 une th\u00e8se ou un m\u00e9moire innovant dans ces domaines.<\/p>\n<p>Antoine Flandroit est dipl\u00f4m\u00e9 de Master biologie de la Facult\u00e9 des Scienes de l\u2019UMONS et officie actuellement au sein du Laboratoire de Biologie des Organismes Marins et Biomim\u00e9tisme (BOMB). Il a postul\u00e9 pour une th\u00e8se doctorale dont il aura les r\u00e9sultats officiels tr\u00e8s bient\u00f4t.<\/p>\n<p>Il vient donc de d\u00e9crocher le prix de l\u2019audience dans le cadre des Prix Kets 2022, gr\u00e2ce \u00e0 quoi il aura l\u2019opportunit\u00e9 de pr\u00e9senter le fruit de ses recherches lors du prochain congr\u00e8s de zoologie organis\u00e9 par la Royal Belgian Zoological Society en 2023.<\/p>\n<p><img loading=\"lazy\" decoding=\"async\" class=\" wp-image-1887 alignleft\" src=\"https:\/\/web.umons.ac.be\/app\/uploads\/sites\/11\/2022\/12\/PrixKetsBio1-300x200.jpg\" alt=\"\" width=\"95\" height=\"63\" srcset=\"https:\/\/web.umons.ac.be\/app\/uploads\/sites\/11\/2022\/12\/PrixKetsBio1-300x200.jpg 300w, https:\/\/web.umons.ac.be\/app\/uploads\/sites\/11\/2022\/12\/PrixKetsBio1-1024x683.jpg 1024w, https:\/\/web.umons.ac.be\/app\/uploads\/sites\/11\/2022\/12\/PrixKetsBio1-768x512.jpg 768w, https:\/\/web.umons.ac.be\/app\/uploads\/sites\/11\/2022\/12\/PrixKetsBio1-1536x1024.jpg 1536w, https:\/\/web.umons.ac.be\/app\/uploads\/sites\/11\/2022\/12\/PrixKetsBio1-2048x1365.jpg 2048w, https:\/\/web.umons.ac.be\/app\/uploads\/sites\/11\/2022\/12\/PrixKetsBio1-990x660.jpg 990w, https:\/\/web.umons.ac.be\/app\/uploads\/sites\/11\/2022\/12\/PrixKetsBio1-30x20.jpg 30w, https:\/\/web.umons.ac.be\/app\/uploads\/sites\/11\/2022\/12\/PrixKetsBio1-60x40.jpg 60w, https:\/\/web.umons.ac.be\/app\/uploads\/sites\/11\/2022\/12\/PrixKetsBio1-360x240.jpg 360w\" sizes=\"auto, (max-width: 95px) 100vw, 95px\" \/>Antoine Flandroit a \u00e9t\u00e9 r\u00e9compens\u00e9 pour son m\u00e9moire intitul\u00e9 \u00a0\u00ab\u00a0Life Cycle, Phototaxis &amp; Chemotaxis\u00a0of the Invasive Pycnogonid\u00a0<em>Ammothea hilgendorfi<\/em>\u00ab\u00a0.<\/p>\n<blockquote><p><span style=\"font-size: 16.8px;background-color: initial;color: #d60044\">\u00ab J&rsquo;\u00e9tudie des organismes tout \u00e0 fait particuliers que l&rsquo;on appelle les pycnogonides. Ce sont des arthropodes proches des araign\u00e9es si ce n&rsquo;est qu&rsquo;ils sont marins. Je me suis int\u00e9ress\u00e9 \u00e0 la dynamique leur population \u00e0 Knokke (suivi mensuel de leur abondance), et j&rsquo;ai \u00e9tudi\u00e9 la mani\u00e8re dont ils interagissent avec leur environnement (vision et olfaction). Le point cl\u00e9 \u00e9tant que l&rsquo;esp\u00e8ce que j&rsquo;\u00e9tudie, <\/span><em style=\"font-size: 16.8px;background-color: initial;color: #d60044\">Ammothea hilgendorfi<\/em><span style=\"font-size: 16.8px;background-color: initial;color: #d60044\">, est la premi\u00e8re esp\u00e8ce invasive de pycnogonide connue et que mon m\u00e9moire a permis la d\u00e9couverte de la premi\u00e8re population belge de cette esp\u00e8ce\u00a0\u00bb, explique le laur\u00e9at.\u00a0<\/span><\/p><\/blockquote>\n<p>Antoine est parvenu \u00e0 s\u00e9duire le public lors de sa pr\u00e9sentation qui s&rsquo;est tenue le samedi 26 novembre au Mus\u00e9e des Sciences Naturelles \u00e0 Bruxelles devant un public compos\u00e9 de 150 \u00e9tudiants de Bachelier issus des quatre coins de la Belgique et d\u2019un jury compos\u00e9 de quatre professeurs.<\/p>\n<p>En 2021, c\u2019est Antoine Gekiere qui avait d\u00e9j\u00e0 d\u00e9croch\u00e9 le Prix du public pour son travail intitul\u00e9 <em>Du poison \u00e0 la potion ? Effets des ph\u00e9nolamides de tournesol sur les microcolonies et les individus de bourdons<\/em><\/p>\n<h3><\/h3>\n<p>&nbsp;<\/p>\n","protected":false},"excerpt":{"rendered":"<p>Antoine Flandroit a \u00e9t\u00e9 r\u00e9compens\u00e9 par le Prix de l&rsquo;Audience pour la pr\u00e9sentation de son m\u00e9moire consacr\u00e9 \u00e0 une vari\u00e9t\u00e9 d&rsquo;arthropodes marins dont on vientd e faire la d\u00e9couverte sur la C\u00f4te belge.<\/p>\n","protected":false},"author":5,"featured_media":1887,"comment_status":"open","ping_status":"open","sticky":false,"template":"","format":"standard","meta":{"footnotes":""},"categories":[165,109,97],"tags":[],"class_list":["post-1885","post","type-post","status-publish","format-standard","has-post-thumbnail","hentry","category-futur-etudiant","category-prix-bourses-et-distinctions","category-recherche"],"yoast_head":"<!-- This site is optimized with the Yoast SEO plugin v27.2 - https:\/\/yoast.com\/product\/yoast-seo-wordpress\/ -->\n<title>L\u2019UMONS se distingue au Prix Jacques Kets de zoologie pour la 2e ann\u00e9e cons\u00e9cutive - Facult\u00e9 \/ FS<\/title>\n<meta name=\"robots\" content=\"index, follow, max-snippet:-1, max-image-preview:large, max-video-preview:-1\" \/>\n<link rel=\"canonical\" href=\"https:\/\/web.umons.ac.be\/fs\/fr\/lumons-se-distingue-au-prix-jacques-kets-de-zoologie-pour-la-2e-annee-consecutive\/\" \/>\n<meta property=\"og:locale\" content=\"fr_FR\" \/>\n<meta property=\"og:type\" content=\"article\" \/>\n<meta property=\"og:title\" content=\"L\u2019UMONS se distingue au Prix Jacques Kets de zoologie pour la 2e ann\u00e9e cons\u00e9cutive - Facult\u00e9 \/ FS\" \/>\n<meta property=\"og:description\" content=\"Antoine Flandroit a \u00e9t\u00e9 r\u00e9compens\u00e9 par le Prix de l&#039;Audience pour la pr\u00e9sentation de son m\u00e9moire consacr\u00e9 \u00e0 une vari\u00e9t\u00e9 d&#039;arthropodes marins dont on vientd e faire la d\u00e9couverte sur la C\u00f4te belge.\" \/>\n<meta property=\"og:url\" content=\"https:\/\/web.umons.ac.be\/fs\/fr\/lumons-se-distingue-au-prix-jacques-kets-de-zoologie-pour-la-2e-annee-consecutive\/\" \/>\n<meta property=\"og:site_name\" content=\"Facult\u00e9 \/ FS\" \/>\n<meta property=\"article:published_time\" content=\"2022-12-06T14:48:54+00:00\" \/>\n<meta property=\"og:image\" content=\"https:\/\/web.umons.ac.be\/app\/uploads\/sites\/11\/2022\/12\/PrixKetsBio1-scaled.jpg\" \/>\n\t<meta property=\"og:image:width\" content=\"2560\" \/>\n\t<meta property=\"og:image:height\" content=\"1707\" \/>\n\t<meta property=\"og:image:type\" content=\"image\/jpeg\" \/>\n<meta name=\"author\" content=\"Valery Saintghislain\" \/>\n<meta name=\"twitter:card\" content=\"summary_large_image\" \/>\n<meta name=\"twitter:label1\" content=\"\u00c9crit par\" \/>\n\t<meta name=\"twitter:data1\" content=\"Valery Saintghislain\" \/>\n\t<meta name=\"twitter:label2\" content=\"Dur\u00e9e de lecture estim\u00e9e\" \/>\n\t<meta name=\"twitter:data2\" content=\"3 minutes\" \/>\n<script type=\"application\/ld+json\" class=\"yoast-schema-graph\">{\"@context\":\"https:\/\/schema.org\",\"@graph\":[{\"@type\":\"Article\",\"@id\":\"https:\/\/web.umons.ac.be\/fs\/fr\/lumons-se-distingue-au-prix-jacques-kets-de-zoologie-pour-la-2e-annee-consecutive\/#article\",\"isPartOf\":{\"@id\":\"https:\/\/web.umons.ac.be\/fs\/fr\/lumons-se-distingue-au-prix-jacques-kets-de-zoologie-pour-la-2e-annee-consecutive\/\"},\"author\":{\"name\":\"Valery Saintghislain\",\"@id\":\"https:\/\/web.umons.ac.be\/fs\/#\/schema\/person\/7c9889b0ce8057f3ff48fad706e67242\"},\"headline\":\"L\u2019UMONS se distingue au Prix Jacques Kets de zoologie pour la 2e ann\u00e9e cons\u00e9cutive\",\"datePublished\":\"2022-12-06T14:48:54+00:00\",\"mainEntityOfPage\":{\"@id\":\"https:\/\/web.umons.ac.be\/fs\/fr\/lumons-se-distingue-au-prix-jacques-kets-de-zoologie-pour-la-2e-annee-consecutive\/\"},\"wordCount\":413,\"commentCount\":0,\"image\":{\"@id\":\"https:\/\/web.umons.ac.be\/fs\/fr\/lumons-se-distingue-au-prix-jacques-kets-de-zoologie-pour-la-2e-annee-consecutive\/#primaryimage\"},\"thumbnailUrl\":\"https:\/\/web.umons.ac.be\/app\/uploads\/sites\/11\/2022\/12\/PrixKetsBio1-scaled.jpg\",\"articleSection\":[\"Futur \u00e9tudiant\",\"Prix, bourses et distinctions\",\"Recherche\"],\"inLanguage\":\"fr-FR\",\"potentialAction\":[{\"@type\":\"CommentAction\",\"name\":\"Comment\",\"target\":[\"https:\/\/web.umons.ac.be\/fs\/fr\/lumons-se-distingue-au-prix-jacques-kets-de-zoologie-pour-la-2e-annee-consecutive\/#respond\"]}]},{\"@type\":\"WebPage\",\"@id\":\"https:\/\/web.umons.ac.be\/fs\/fr\/lumons-se-distingue-au-prix-jacques-kets-de-zoologie-pour-la-2e-annee-consecutive\/\",\"url\":\"https:\/\/web.umons.ac.be\/fs\/fr\/lumons-se-distingue-au-prix-jacques-kets-de-zoologie-pour-la-2e-annee-consecutive\/\",\"name\":\"L\u2019UMONS se distingue au Prix Jacques Kets de zoologie pour la 2e ann\u00e9e cons\u00e9cutive - Facult\u00e9 \/ FS\",\"isPartOf\":{\"@id\":\"https:\/\/web.umons.ac.be\/fs\/#website\"},\"primaryImageOfPage\":{\"@id\":\"https:\/\/web.umons.ac.be\/fs\/fr\/lumons-se-distingue-au-prix-jacques-kets-de-zoologie-pour-la-2e-annee-consecutive\/#primaryimage\"},\"image\":{\"@id\":\"https:\/\/web.umons.ac.be\/fs\/fr\/lumons-se-distingue-au-prix-jacques-kets-de-zoologie-pour-la-2e-annee-consecutive\/#primaryimage\"},\"thumbnailUrl\":\"https:\/\/web.umons.ac.be\/app\/uploads\/sites\/11\/2022\/12\/PrixKetsBio1-scaled.jpg\",\"datePublished\":\"2022-12-06T14:48:54+00:00\",\"author\":{\"@id\":\"https:\/\/web.umons.ac.be\/fs\/#\/schema\/person\/7c9889b0ce8057f3ff48fad706e67242\"},\"breadcrumb\":{\"@id\":\"https:\/\/web.umons.ac.be\/fs\/fr\/lumons-se-distingue-au-prix-jacques-kets-de-zoologie-pour-la-2e-annee-consecutive\/#breadcrumb\"},\"inLanguage\":\"fr-FR\",\"potentialAction\":[{\"@type\":\"ReadAction\",\"target\":[\"https:\/\/web.umons.ac.be\/fs\/fr\/lumons-se-distingue-au-prix-jacques-kets-de-zoologie-pour-la-2e-annee-consecutive\/\"]}]},{\"@type\":\"ImageObject\",\"inLanguage\":\"fr-FR\",\"@id\":\"https:\/\/web.umons.ac.be\/fs\/fr\/lumons-se-distingue-au-prix-jacques-kets-de-zoologie-pour-la-2e-annee-consecutive\/#primaryimage\",\"url\":\"https:\/\/web.umons.ac.be\/app\/uploads\/sites\/11\/2022\/12\/PrixKetsBio1-scaled.jpg\",\"contentUrl\":\"https:\/\/web.umons.ac.be\/app\/uploads\/sites\/11\/2022\/12\/PrixKetsBio1-scaled.jpg\",\"width\":2560,\"height\":1707},{\"@type\":\"BreadcrumbList\",\"@id\":\"https:\/\/web.umons.ac.be\/fs\/fr\/lumons-se-distingue-au-prix-jacques-kets-de-zoologie-pour-la-2e-annee-consecutive\/#breadcrumb\",\"itemListElement\":[{\"@type\":\"ListItem\",\"position\":1,\"name\":\"Accueil\",\"item\":\"https:\/\/web.umons.ac.be\/fs\/fr\/\"},{\"@type\":\"ListItem\",\"position\":2,\"name\":\"L\u2019UMONS se distingue au Prix Jacques Kets de zoologie pour la 2e ann\u00e9e cons\u00e9cutive\"}]},{\"@type\":\"WebSite\",\"@id\":\"https:\/\/web.umons.ac.be\/fs\/#website\",\"url\":\"https:\/\/web.umons.ac.be\/fs\/\",\"name\":\"Facult\u00e9 \/ FS\",\"description\":\"\",\"potentialAction\":[{\"@type\":\"SearchAction\",\"target\":{\"@type\":\"EntryPoint\",\"urlTemplate\":\"https:\/\/web.umons.ac.be\/fs\/?s={search_term_string}\"},\"query-input\":{\"@type\":\"PropertyValueSpecification\",\"valueRequired\":true,\"valueName\":\"search_term_string\"}}],\"inLanguage\":\"fr-FR\"},{\"@type\":\"Person\",\"@id\":\"https:\/\/web.umons.ac.be\/fs\/#\/schema\/person\/7c9889b0ce8057f3ff48fad706e67242\",\"name\":\"Valery Saintghislain\",\"image\":{\"@type\":\"ImageObject\",\"inLanguage\":\"fr-FR\",\"@id\":\"https:\/\/secure.gravatar.com\/avatar\/44bb4e1f113ddb10a7bae21f28b83af0917b5de0f146ddff631329aa1705ff6a?s=96&d=mm&r=g\",\"url\":\"https:\/\/secure.gravatar.com\/avatar\/44bb4e1f113ddb10a7bae21f28b83af0917b5de0f146ddff631329aa1705ff6a?s=96&d=mm&r=g\",\"contentUrl\":\"https:\/\/secure.gravatar.com\/avatar\/44bb4e1f113ddb10a7bae21f28b83af0917b5de0f146ddff631329aa1705ff6a?s=96&d=mm&r=g\",\"caption\":\"Valery Saintghislain\"},\"url\":\"https:\/\/web.umons.ac.be\/fs\/author\/vsaintghislain\/\"}]}<\/script>\n<!-- \/ Yoast SEO plugin. -->","yoast_head_json":{"title":"L\u2019UMONS se distingue au Prix Jacques Kets de zoologie pour la 2e ann\u00e9e cons\u00e9cutive - Facult\u00e9 \/ FS","robots":{"index":"index","follow":"follow","max-snippet":"max-snippet:-1","max-image-preview":"max-image-preview:large","max-video-preview":"max-video-preview:-1"},"canonical":"https:\/\/web.umons.ac.be\/fs\/fr\/lumons-se-distingue-au-prix-jacques-kets-de-zoologie-pour-la-2e-annee-consecutive\/","og_locale":"fr_FR","og_type":"article","og_title":"L\u2019UMONS se distingue au Prix Jacques Kets de zoologie pour la 2e ann\u00e9e cons\u00e9cutive - Facult\u00e9 \/ FS","og_description":"Antoine Flandroit a \u00e9t\u00e9 r\u00e9compens\u00e9 par le Prix de l'Audience pour la pr\u00e9sentation de son m\u00e9moire consacr\u00e9 \u00e0 une vari\u00e9t\u00e9 d'arthropodes marins dont on vientd e faire la d\u00e9couverte sur la C\u00f4te belge.","og_url":"https:\/\/web.umons.ac.be\/fs\/fr\/lumons-se-distingue-au-prix-jacques-kets-de-zoologie-pour-la-2e-annee-consecutive\/","og_site_name":"Facult\u00e9 \/ FS","article_published_time":"2022-12-06T14:48:54+00:00","og_image":[{"width":2560,"height":1707,"url":"https:\/\/web.umons.ac.be\/app\/uploads\/sites\/11\/2022\/12\/PrixKetsBio1-scaled.jpg","type":"image\/jpeg"}],"author":"Valery Saintghislain","twitter_card":"summary_large_image","twitter_misc":{"\u00c9crit par":"Valery Saintghislain","Dur\u00e9e de lecture estim\u00e9e":"3 minutes"},"schema":{"@context":"https:\/\/schema.org","@graph":[{"@type":"Article","@id":"https:\/\/web.umons.ac.be\/fs\/fr\/lumons-se-distingue-au-prix-jacques-kets-de-zoologie-pour-la-2e-annee-consecutive\/#article","isPartOf":{"@id":"https:\/\/web.umons.ac.be\/fs\/fr\/lumons-se-distingue-au-prix-jacques-kets-de-zoologie-pour-la-2e-annee-consecutive\/"},"author":{"name":"Valery Saintghislain","@id":"https:\/\/web.umons.ac.be\/fs\/#\/schema\/person\/7c9889b0ce8057f3ff48fad706e67242"},"headline":"L\u2019UMONS se distingue au Prix Jacques Kets de zoologie pour la 2e ann\u00e9e cons\u00e9cutive","datePublished":"2022-12-06T14:48:54+00:00","mainEntityOfPage":{"@id":"https:\/\/web.umons.ac.be\/fs\/fr\/lumons-se-distingue-au-prix-jacques-kets-de-zoologie-pour-la-2e-annee-consecutive\/"},"wordCount":413,"commentCount":0,"image":{"@id":"https:\/\/web.umons.ac.be\/fs\/fr\/lumons-se-distingue-au-prix-jacques-kets-de-zoologie-pour-la-2e-annee-consecutive\/#primaryimage"},"thumbnailUrl":"https:\/\/web.umons.ac.be\/app\/uploads\/sites\/11\/2022\/12\/PrixKetsBio1-scaled.jpg","articleSection":["Futur \u00e9tudiant","Prix, bourses et distinctions","Recherche"],"inLanguage":"fr-FR","potentialAction":[{"@type":"CommentAction","name":"Comment","target":["https:\/\/web.umons.ac.be\/fs\/fr\/lumons-se-distingue-au-prix-jacques-kets-de-zoologie-pour-la-2e-annee-consecutive\/#respond"]}]},{"@type":"WebPage","@id":"https:\/\/web.umons.ac.be\/fs\/fr\/lumons-se-distingue-au-prix-jacques-kets-de-zoologie-pour-la-2e-annee-consecutive\/","url":"https:\/\/web.umons.ac.be\/fs\/fr\/lumons-se-distingue-au-prix-jacques-kets-de-zoologie-pour-la-2e-annee-consecutive\/","name":"L\u2019UMONS se distingue au Prix Jacques Kets de zoologie pour la 2e ann\u00e9e cons\u00e9cutive - Facult\u00e9 \/ FS","isPartOf":{"@id":"https:\/\/web.umons.ac.be\/fs\/#website"},"primaryImageOfPage":{"@id":"https:\/\/web.umons.ac.be\/fs\/fr\/lumons-se-distingue-au-prix-jacques-kets-de-zoologie-pour-la-2e-annee-consecutive\/#primaryimage"},"image":{"@id":"https:\/\/web.umons.ac.be\/fs\/fr\/lumons-se-distingue-au-prix-jacques-kets-de-zoologie-pour-la-2e-annee-consecutive\/#primaryimage"},"thumbnailUrl":"https:\/\/web.umons.ac.be\/app\/uploads\/sites\/11\/2022\/12\/PrixKetsBio1-scaled.jpg","datePublished":"2022-12-06T14:48:54+00:00","author":{"@id":"https:\/\/web.umons.ac.be\/fs\/#\/schema\/person\/7c9889b0ce8057f3ff48fad706e67242"},"breadcrumb":{"@id":"https:\/\/web.umons.ac.be\/fs\/fr\/lumons-se-distingue-au-prix-jacques-kets-de-zoologie-pour-la-2e-annee-consecutive\/#breadcrumb"},"inLanguage":"fr-FR","potentialAction":[{"@type":"ReadAction","target":["https:\/\/web.umons.ac.be\/fs\/fr\/lumons-se-distingue-au-prix-jacques-kets-de-zoologie-pour-la-2e-annee-consecutive\/"]}]},{"@type":"ImageObject","inLanguage":"fr-FR","@id":"https:\/\/web.umons.ac.be\/fs\/fr\/lumons-se-distingue-au-prix-jacques-kets-de-zoologie-pour-la-2e-annee-consecutive\/#primaryimage","url":"https:\/\/web.umons.ac.be\/app\/uploads\/sites\/11\/2022\/12\/PrixKetsBio1-scaled.jpg","contentUrl":"https:\/\/web.umons.ac.be\/app\/uploads\/sites\/11\/2022\/12\/PrixKetsBio1-scaled.jpg","width":2560,"height":1707},{"@type":"BreadcrumbList","@id":"https:\/\/web.umons.ac.be\/fs\/fr\/lumons-se-distingue-au-prix-jacques-kets-de-zoologie-pour-la-2e-annee-consecutive\/#breadcrumb","itemListElement":[{"@type":"ListItem","position":1,"name":"Accueil","item":"https:\/\/web.umons.ac.be\/fs\/fr\/"},{"@type":"ListItem","position":2,"name":"L\u2019UMONS se distingue au Prix Jacques Kets de zoologie pour la 2e ann\u00e9e cons\u00e9cutive"}]},{"@type":"WebSite","@id":"https:\/\/web.umons.ac.be\/fs\/#website","url":"https:\/\/web.umons.ac.be\/fs\/","name":"Facult\u00e9 \/ FS","description":"","potentialAction":[{"@type":"SearchAction","target":{"@type":"EntryPoint","urlTemplate":"https:\/\/web.umons.ac.be\/fs\/?s={search_term_string}"},"query-input":{"@type":"PropertyValueSpecification","valueRequired":true,"valueName":"search_term_string"}}],"inLanguage":"fr-FR"},{"@type":"Person","@id":"https:\/\/web.umons.ac.be\/fs\/#\/schema\/person\/7c9889b0ce8057f3ff48fad706e67242","name":"Valery Saintghislain","image":{"@type":"ImageObject","inLanguage":"fr-FR","@id":"https:\/\/secure.gravatar.com\/avatar\/44bb4e1f113ddb10a7bae21f28b83af0917b5de0f146ddff631329aa1705ff6a?s=96&d=mm&r=g","url":"https:\/\/secure.gravatar.com\/avatar\/44bb4e1f113ddb10a7bae21f28b83af0917b5de0f146ddff631329aa1705ff6a?s=96&d=mm&r=g","contentUrl":"https:\/\/secure.gravatar.com\/avatar\/44bb4e1f113ddb10a7bae21f28b83af0917b5de0f146ddff631329aa1705ff6a?s=96&d=mm&r=g","caption":"Valery Saintghislain"},"url":"https:\/\/web.umons.ac.be\/fs\/author\/vsaintghislain\/"}]}},"lang":"fr","translations":{"fr":1885},"pll_sync_post":[],"_links":{"self":[{"href":"https:\/\/web.umons.ac.be\/fs\/wp-json\/wp\/v2\/posts\/1885","targetHints":{"allow":["GET"]}}],"collection":[{"href":"https:\/\/web.umons.ac.be\/fs\/wp-json\/wp\/v2\/posts"}],"about":[{"href":"https:\/\/web.umons.ac.be\/fs\/wp-json\/wp\/v2\/types\/post"}],"author":[{"embeddable":true,"href":"https:\/\/web.umons.ac.be\/fs\/wp-json\/wp\/v2\/users\/5"}],"replies":[{"embeddable":true,"href":"https:\/\/web.umons.ac.be\/fs\/wp-json\/wp\/v2\/comments?post=1885"}],"version-history":[{"count":2,"href":"https:\/\/web.umons.ac.be\/fs\/wp-json\/wp\/v2\/posts\/1885\/revisions"}],"predecessor-version":[{"id":1889,"href":"https:\/\/web.umons.ac.be\/fs\/wp-json\/wp\/v2\/posts\/1885\/revisions\/1889"}],"wp:featuredmedia":[{"embeddable":true,"href":"https:\/\/web.umons.ac.be\/fs\/wp-json\/wp\/v2\/media\/1887"}],"wp:attachment":[{"href":"https:\/\/web.umons.ac.be\/fs\/wp-json\/wp\/v2\/media?parent=1885"}],"wp:term":[{"taxonomy":"category","embeddable":true,"href":"https:\/\/web.umons.ac.be\/fs\/wp-json\/wp\/v2\/categories?post=1885"},{"taxonomy":"post_tag","embeddable":true,"href":"https:\/\/web.umons.ac.be\/fs\/wp-json\/wp\/v2\/tags?post=1885"}],"curies":[{"name":"wp","href":"https:\/\/api.w.org\/{rel}","templated":true}]}}