{"id":417,"date":"2017-05-17T12:07:01","date_gmt":"2017-05-17T10:07:01","guid":{"rendered":"https:\/\/web.umons.ac.be\/fs\/?p=417"},"modified":"2017-11-28T12:10:43","modified_gmt":"2017-11-28T11:10:43","slug":"deux-doctorants-de-la-faculte-des-sciences-sillustrent-a-la-conference-annuelle-de-la-societe-belge-de-physique","status":"publish","type":"post","link":"https:\/\/web.umons.ac.be\/fs\/fr\/deux-doctorants-de-la-faculte-des-sciences-sillustrent-a-la-conference-annuelle-de-la-societe-belge-de-physique\/","title":{"rendered":"Deux doctorants de la Facult\u00e9 des Sciences s\u2019illustrent \u00e0 la Conf\u00e9rence Annuelle de la Soci\u00e9t\u00e9 Belge de Physique"},"content":{"rendered":"<p style=\"font-weight: 400;\"><img loading=\"lazy\" decoding=\"async\" class=\"alignright size-medium wp-image-418\" src=\"https:\/\/web.umons.ac.be\/app\/uploads\/sites\/11\/2017\/11\/LogoBPSNewsQuinet-300x247.jpg\" alt=\"\" width=\"300\" height=\"247\" srcset=\"https:\/\/web.umons.ac.be\/app\/uploads\/sites\/11\/2017\/11\/LogoBPSNewsQuinet-300x247.jpg 300w, https:\/\/web.umons.ac.be\/app\/uploads\/sites\/11\/2017\/11\/LogoBPSNewsQuinet-30x25.jpg 30w, https:\/\/web.umons.ac.be\/app\/uploads\/sites\/11\/2017\/11\/LogoBPSNewsQuinet-60x49.jpg 60w, https:\/\/web.umons.ac.be\/app\/uploads\/sites\/11\/2017\/11\/LogoBPSNewsQuinet-360x297.jpg 360w, https:\/\/web.umons.ac.be\/app\/uploads\/sites\/11\/2017\/11\/LogoBPSNewsQuinet.jpg 676w\" sizes=\"auto, (max-width: 300px) 100vw, 300px\" \/>David De Filippi et J\u00e9r\u00f4me Deprince, tous deux doctorants au sein de la Facult\u00e9 des Sciences de l\u2019UMONS, se sont illustr\u00e9s lors de la conf\u00e9rence annuelle de la Soci\u00e9t\u00e9 Belge de Physique qui s\u2019est tenue \u00e0 Mons, ce 17 mai 2017.<\/p>\n<p style=\"font-weight: 400;\">Le premier cit\u00e9, doctorant dans le groupe de M\u00e9canique et Gravitation (Dr. Nicolas Boulanger) du service de Physique th\u00e9orique et math\u00e9matique (Prof. Yves Brihaye), a obtenu le prix du meilleur m\u00e9moire de Master. Tandis que le second, doctorant au sein du Service de Physique Atomique et Astrophysique (Prof. Pascal Quinet), a obtenu le prix du meilleur poster scientifique lors de cette m\u00eame Conf\u00e9rence. Les deux jeunes chercheurs sont invit\u00e9s par la Soci\u00e9t\u00e9 Belge de Physique \u00e0 fournir un article de vulgarisation sur leur travail, articles qui seront publi\u00e9s dans la prochaine \u00e9dition de sa revue BPhy Magazine.<\/p>\n<p style=\"font-weight: 400;\">Le m\u00e9moire de David De Filippi porte sur l\u2019\u00e9tude de mod\u00e8les th\u00e9oriques qui fournissent des extensions de la th\u00e9orie d\u2019Einstein de la Gravitation, alias \u00ab\u00a0Relativit\u00e9 G\u00e9n\u00e9rale\u201d. Les physiciens des Interactions Fondamentales savent que la th\u00e9orie d\u2019Einstein est incompl\u00e8te. En particulier, elle est incapable d\u2019expliquer les propri\u00e9t\u00e9s quantiques que la Gravitation doit poss\u00e9der au sein des trous noirs. Les mod\u00e8les \u00e9tudi\u00e9s par M. De Filippi au cours de son m\u00e9moire de master donnent un cadre th\u00e9orique qui permet d\u2019unifier l\u2019interaction nucl\u00e9aire forte, responsable de la coh\u00e9sion des protons et neutrons au sein des noyaux atomiques, \u00e0 la th\u00e9orie relativiste de la Gravitation d\u2019Einstein qui explique la dynamique de l\u2019Univers \u00e0 grande \u00e9chelle ainsi que l\u2019existence des trous noirs et des ondes gravitationnelles d\u00e9tect\u00e9es tr\u00e8s r\u00e9cemment.<\/p>\n<p style=\"font-weight: 400;\">Quant \u00e0 J\u00e9r\u00f4me Deprince, son poster prim\u00e9 (consultable en cliquant sur sa reproduction ci-contre) porte sur l\u2019influence de l\u2019environnement plasma sur certaines propri\u00e9t\u00e9s atomiques des ions d\u2019oxyg\u00e8ne dans des milieux astrophysiques caract\u00e9ris\u00e9s par des densit\u00e9s \u00e9lev\u00e9es comme, par exemple, les disques d\u2019accr\u00e9tion autour des trous noirs.<\/p>\n<p style=\"font-weight: 400;\">Ce travail s\u2019inscrit dans une collaboration internationale regroupant, outre le Service de Physique Atomique et Astrophysique de l\u2019UMONS, des chercheurs de l\u2019Universit\u00e9 d\u2019Iena (Allemagne), de la Western Michigan University, du Californian Institute of Technology et du Goddard Space Flight Center de la NASA (Etats-Unis).<\/p>\n<p style=\"font-weight: 400;\">Parmi les posters pr\u00e9sent\u00e9s \u00e0 la conf\u00e9rence, le prix fut attribu\u00e9 \u00e0 M. J\u00e9r\u00f4me Deprince selon certains crit\u00e8res bas\u00e9s \u00e0 la fois sur la qualit\u00e9 du travail propos\u00e9 et l\u2019aptitude du candidat \u00e0 pr\u00e9senter ses r\u00e9sultats.<\/p>\n<p style=\"font-weight: 400;\">Plus d\u2019infos\u00a0?\u00a0<a style=\"font-weight: inherit; font-style: inherit;\" href=\"mailto:jerome.deprince@umons.ac.be\">jerome.deprince@umons.ac.be<\/a>\u00a0&#8211;\u00a0<span style=\"font-weight: inherit; font-style: inherit;\">\u00a0<\/span><span style=\"font-weight: inherit; font-style: inherit;\">\u00a0<\/span><a style=\"font-weight: inherit; font-style: inherit;\" href=\"mailto:david.defillipi@umons.ac.be\">david.defillipi@umons.ac.be<\/a><\/p>\n","protected":false},"excerpt":{"rendered":"<p>David DE FILIPPI et J\u00e9r\u00f4me DEPRINCE se sont illustr\u00e9s lors de la conf\u00e9rence annuelle de la Soci\u00e9t\u00e9 Belge de Physique. Le premier avec le prix du meilleur m\u00e9moire de Master; et le second avec celui du meilleur poster scientifique.<\/p>\n","protected":false},"author":1,"featured_media":418,"comment_status":"open","ping_status":"open","sticky":false,"template":"","format":"standard","meta":{"footnotes":""},"categories":[],"tags":[],"class_list":["post-417","post","type-post","status-publish","format-standard","has-post-thumbnail","hentry"],"yoast_head":"<!-- This site is optimized with the Yoast SEO plugin v27.2 - https:\/\/yoast.com\/product\/yoast-seo-wordpress\/ -->\n<title>Deux doctorants de la Facult\u00e9 des Sciences s\u2019illustrent \u00e0 la Conf\u00e9rence Annuelle de la Soci\u00e9t\u00e9 Belge de Physique - Facult\u00e9 \/ FS<\/title>\n<meta name=\"robots\" content=\"index, follow, max-snippet:-1, max-image-preview:large, max-video-preview:-1\" \/>\n<link rel=\"canonical\" href=\"https:\/\/web.umons.ac.be\/fs\/fr\/deux-doctorants-de-la-faculte-des-sciences-sillustrent-a-la-conference-annuelle-de-la-societe-belge-de-physique\/\" \/>\n<meta property=\"og:locale\" content=\"fr_FR\" \/>\n<meta property=\"og:type\" content=\"article\" \/>\n<meta property=\"og:title\" content=\"Deux doctorants de la Facult\u00e9 des Sciences s\u2019illustrent \u00e0 la Conf\u00e9rence Annuelle de la Soci\u00e9t\u00e9 Belge de Physique - Facult\u00e9 \/ FS\" \/>\n<meta property=\"og:description\" content=\"David DE FILIPPI et J\u00e9r\u00f4me DEPRINCE se sont illustr\u00e9s lors de la conf\u00e9rence annuelle de la Soci\u00e9t\u00e9 Belge de Physique. Le premier avec le prix du meilleur m\u00e9moire de Master; et le second avec celui du meilleur poster scientifique.\" \/>\n<meta property=\"og:url\" content=\"https:\/\/web.umons.ac.be\/fs\/fr\/deux-doctorants-de-la-faculte-des-sciences-sillustrent-a-la-conference-annuelle-de-la-societe-belge-de-physique\/\" \/>\n<meta property=\"og:site_name\" content=\"Facult\u00e9 \/ FS\" \/>\n<meta property=\"article:published_time\" content=\"2017-05-17T10:07:01+00:00\" \/>\n<meta property=\"article:modified_time\" content=\"2017-11-28T11:10:43+00:00\" \/>\n<meta property=\"og:image\" content=\"https:\/\/web.umons.ac.be\/app\/uploads\/sites\/11\/2017\/11\/LogoBPSNewsQuinet.jpg\" \/>\n\t<meta property=\"og:image:width\" content=\"676\" \/>\n\t<meta property=\"og:image:height\" content=\"557\" \/>\n\t<meta property=\"og:image:type\" content=\"image\/jpeg\" \/>\n<meta name=\"author\" content=\"UMONS Administration\" \/>\n<meta name=\"twitter:card\" content=\"summary_large_image\" \/>\n<meta name=\"twitter:label1\" content=\"\u00c9crit par\" \/>\n\t<meta name=\"twitter:data1\" content=\"UMONS Administration\" \/>\n\t<meta name=\"twitter:label2\" content=\"Dur\u00e9e de lecture estim\u00e9e\" \/>\n\t<meta name=\"twitter:data2\" content=\"2 minutes\" \/>\n<script type=\"application\/ld+json\" class=\"yoast-schema-graph\">{\"@context\":\"https:\/\/schema.org\",\"@graph\":[{\"@type\":\"Article\",\"@id\":\"https:\/\/web.umons.ac.be\/fs\/fr\/deux-doctorants-de-la-faculte-des-sciences-sillustrent-a-la-conference-annuelle-de-la-societe-belge-de-physique\/#article\",\"isPartOf\":{\"@id\":\"https:\/\/web.umons.ac.be\/fs\/fr\/deux-doctorants-de-la-faculte-des-sciences-sillustrent-a-la-conference-annuelle-de-la-societe-belge-de-physique\/\"},\"author\":{\"name\":\"UMONS Administration\",\"@id\":\"https:\/\/web.umons.ac.be\/fs\/#\/schema\/person\/fe6f953d2fd33e92c6d457f8f86a305f\"},\"headline\":\"Deux doctorants de la Facult\u00e9 des Sciences s\u2019illustrent \u00e0 la Conf\u00e9rence Annuelle de la Soci\u00e9t\u00e9 Belge de Physique\",\"datePublished\":\"2017-05-17T10:07:01+00:00\",\"dateModified\":\"2017-11-28T11:10:43+00:00\",\"mainEntityOfPage\":{\"@id\":\"https:\/\/web.umons.ac.be\/fs\/fr\/deux-doctorants-de-la-faculte-des-sciences-sillustrent-a-la-conference-annuelle-de-la-societe-belge-de-physique\/\"},\"wordCount\":486,\"commentCount\":0,\"image\":{\"@id\":\"https:\/\/web.umons.ac.be\/fs\/fr\/deux-doctorants-de-la-faculte-des-sciences-sillustrent-a-la-conference-annuelle-de-la-societe-belge-de-physique\/#primaryimage\"},\"thumbnailUrl\":\"https:\/\/web.umons.ac.be\/app\/uploads\/sites\/11\/2017\/11\/LogoBPSNewsQuinet.jpg\",\"inLanguage\":\"fr-FR\",\"potentialAction\":[{\"@type\":\"CommentAction\",\"name\":\"Comment\",\"target\":[\"https:\/\/web.umons.ac.be\/fs\/fr\/deux-doctorants-de-la-faculte-des-sciences-sillustrent-a-la-conference-annuelle-de-la-societe-belge-de-physique\/#respond\"]}]},{\"@type\":\"WebPage\",\"@id\":\"https:\/\/web.umons.ac.be\/fs\/fr\/deux-doctorants-de-la-faculte-des-sciences-sillustrent-a-la-conference-annuelle-de-la-societe-belge-de-physique\/\",\"url\":\"https:\/\/web.umons.ac.be\/fs\/fr\/deux-doctorants-de-la-faculte-des-sciences-sillustrent-a-la-conference-annuelle-de-la-societe-belge-de-physique\/\",\"name\":\"Deux doctorants de la Facult\u00e9 des Sciences s\u2019illustrent \u00e0 la Conf\u00e9rence Annuelle de la Soci\u00e9t\u00e9 Belge de Physique - Facult\u00e9 \/ FS\",\"isPartOf\":{\"@id\":\"https:\/\/web.umons.ac.be\/fs\/#website\"},\"primaryImageOfPage\":{\"@id\":\"https:\/\/web.umons.ac.be\/fs\/fr\/deux-doctorants-de-la-faculte-des-sciences-sillustrent-a-la-conference-annuelle-de-la-societe-belge-de-physique\/#primaryimage\"},\"image\":{\"@id\":\"https:\/\/web.umons.ac.be\/fs\/fr\/deux-doctorants-de-la-faculte-des-sciences-sillustrent-a-la-conference-annuelle-de-la-societe-belge-de-physique\/#primaryimage\"},\"thumbnailUrl\":\"https:\/\/web.umons.ac.be\/app\/uploads\/sites\/11\/2017\/11\/LogoBPSNewsQuinet.jpg\",\"datePublished\":\"2017-05-17T10:07:01+00:00\",\"dateModified\":\"2017-11-28T11:10:43+00:00\",\"author\":{\"@id\":\"https:\/\/web.umons.ac.be\/fs\/#\/schema\/person\/fe6f953d2fd33e92c6d457f8f86a305f\"},\"breadcrumb\":{\"@id\":\"https:\/\/web.umons.ac.be\/fs\/fr\/deux-doctorants-de-la-faculte-des-sciences-sillustrent-a-la-conference-annuelle-de-la-societe-belge-de-physique\/#breadcrumb\"},\"inLanguage\":\"fr-FR\",\"potentialAction\":[{\"@type\":\"ReadAction\",\"target\":[\"https:\/\/web.umons.ac.be\/fs\/fr\/deux-doctorants-de-la-faculte-des-sciences-sillustrent-a-la-conference-annuelle-de-la-societe-belge-de-physique\/\"]}]},{\"@type\":\"ImageObject\",\"inLanguage\":\"fr-FR\",\"@id\":\"https:\/\/web.umons.ac.be\/fs\/fr\/deux-doctorants-de-la-faculte-des-sciences-sillustrent-a-la-conference-annuelle-de-la-societe-belge-de-physique\/#primaryimage\",\"url\":\"https:\/\/web.umons.ac.be\/app\/uploads\/sites\/11\/2017\/11\/LogoBPSNewsQuinet.jpg\",\"contentUrl\":\"https:\/\/web.umons.ac.be\/app\/uploads\/sites\/11\/2017\/11\/LogoBPSNewsQuinet.jpg\",\"width\":676,\"height\":557},{\"@type\":\"BreadcrumbList\",\"@id\":\"https:\/\/web.umons.ac.be\/fs\/fr\/deux-doctorants-de-la-faculte-des-sciences-sillustrent-a-la-conference-annuelle-de-la-societe-belge-de-physique\/#breadcrumb\",\"itemListElement\":[{\"@type\":\"ListItem\",\"position\":1,\"name\":\"Accueil\",\"item\":\"https:\/\/web.umons.ac.be\/fs\/fr\/\"},{\"@type\":\"ListItem\",\"position\":2,\"name\":\"Deux doctorants de la Facult\u00e9 des Sciences s\u2019illustrent \u00e0 la Conf\u00e9rence Annuelle de la Soci\u00e9t\u00e9 Belge de Physique\"}]},{\"@type\":\"WebSite\",\"@id\":\"https:\/\/web.umons.ac.be\/fs\/#website\",\"url\":\"https:\/\/web.umons.ac.be\/fs\/\",\"name\":\"Facult\u00e9 \/ FS\",\"description\":\"\",\"potentialAction\":[{\"@type\":\"SearchAction\",\"target\":{\"@type\":\"EntryPoint\",\"urlTemplate\":\"https:\/\/web.umons.ac.be\/fs\/?s={search_term_string}\"},\"query-input\":{\"@type\":\"PropertyValueSpecification\",\"valueRequired\":true,\"valueName\":\"search_term_string\"}}],\"inLanguage\":\"fr-FR\"},{\"@type\":\"Person\",\"@id\":\"https:\/\/web.umons.ac.be\/fs\/#\/schema\/person\/fe6f953d2fd33e92c6d457f8f86a305f\",\"name\":\"UMONS Administration\",\"image\":{\"@type\":\"ImageObject\",\"inLanguage\":\"fr-FR\",\"@id\":\"https:\/\/secure.gravatar.com\/avatar\/a2a4086b60c40f46aa897949adc459f31405f93c9f0702f0a82b68f226f30bdc?s=96&d=mm&r=g\",\"url\":\"https:\/\/secure.gravatar.com\/avatar\/a2a4086b60c40f46aa897949adc459f31405f93c9f0702f0a82b68f226f30bdc?s=96&d=mm&r=g\",\"contentUrl\":\"https:\/\/secure.gravatar.com\/avatar\/a2a4086b60c40f46aa897949adc459f31405f93c9f0702f0a82b68f226f30bdc?s=96&d=mm&r=g\",\"caption\":\"UMONS Administration\"},\"url\":\"https:\/\/web.umons.ac.be\/fs\/author\/umons\/\"}]}<\/script>\n<!-- \/ Yoast SEO plugin. -->","yoast_head_json":{"title":"Deux doctorants de la Facult\u00e9 des Sciences s\u2019illustrent \u00e0 la Conf\u00e9rence Annuelle de la Soci\u00e9t\u00e9 Belge de Physique - Facult\u00e9 \/ FS","robots":{"index":"index","follow":"follow","max-snippet":"max-snippet:-1","max-image-preview":"max-image-preview:large","max-video-preview":"max-video-preview:-1"},"canonical":"https:\/\/web.umons.ac.be\/fs\/fr\/deux-doctorants-de-la-faculte-des-sciences-sillustrent-a-la-conference-annuelle-de-la-societe-belge-de-physique\/","og_locale":"fr_FR","og_type":"article","og_title":"Deux doctorants de la Facult\u00e9 des Sciences s\u2019illustrent \u00e0 la Conf\u00e9rence Annuelle de la Soci\u00e9t\u00e9 Belge de Physique - Facult\u00e9 \/ FS","og_description":"David DE FILIPPI et J\u00e9r\u00f4me DEPRINCE se sont illustr\u00e9s lors de la conf\u00e9rence annuelle de la Soci\u00e9t\u00e9 Belge de Physique. Le premier avec le prix du meilleur m\u00e9moire de Master; et le second avec celui du meilleur poster scientifique.","og_url":"https:\/\/web.umons.ac.be\/fs\/fr\/deux-doctorants-de-la-faculte-des-sciences-sillustrent-a-la-conference-annuelle-de-la-societe-belge-de-physique\/","og_site_name":"Facult\u00e9 \/ FS","article_published_time":"2017-05-17T10:07:01+00:00","article_modified_time":"2017-11-28T11:10:43+00:00","og_image":[{"width":676,"height":557,"url":"https:\/\/web.umons.ac.be\/app\/uploads\/sites\/11\/2017\/11\/LogoBPSNewsQuinet.jpg","type":"image\/jpeg"}],"author":"UMONS Administration","twitter_card":"summary_large_image","twitter_misc":{"\u00c9crit par":"UMONS Administration","Dur\u00e9e de lecture estim\u00e9e":"2 minutes"},"schema":{"@context":"https:\/\/schema.org","@graph":[{"@type":"Article","@id":"https:\/\/web.umons.ac.be\/fs\/fr\/deux-doctorants-de-la-faculte-des-sciences-sillustrent-a-la-conference-annuelle-de-la-societe-belge-de-physique\/#article","isPartOf":{"@id":"https:\/\/web.umons.ac.be\/fs\/fr\/deux-doctorants-de-la-faculte-des-sciences-sillustrent-a-la-conference-annuelle-de-la-societe-belge-de-physique\/"},"author":{"name":"UMONS Administration","@id":"https:\/\/web.umons.ac.be\/fs\/#\/schema\/person\/fe6f953d2fd33e92c6d457f8f86a305f"},"headline":"Deux doctorants de la Facult\u00e9 des Sciences s\u2019illustrent \u00e0 la Conf\u00e9rence Annuelle de la Soci\u00e9t\u00e9 Belge de Physique","datePublished":"2017-05-17T10:07:01+00:00","dateModified":"2017-11-28T11:10:43+00:00","mainEntityOfPage":{"@id":"https:\/\/web.umons.ac.be\/fs\/fr\/deux-doctorants-de-la-faculte-des-sciences-sillustrent-a-la-conference-annuelle-de-la-societe-belge-de-physique\/"},"wordCount":486,"commentCount":0,"image":{"@id":"https:\/\/web.umons.ac.be\/fs\/fr\/deux-doctorants-de-la-faculte-des-sciences-sillustrent-a-la-conference-annuelle-de-la-societe-belge-de-physique\/#primaryimage"},"thumbnailUrl":"https:\/\/web.umons.ac.be\/app\/uploads\/sites\/11\/2017\/11\/LogoBPSNewsQuinet.jpg","inLanguage":"fr-FR","potentialAction":[{"@type":"CommentAction","name":"Comment","target":["https:\/\/web.umons.ac.be\/fs\/fr\/deux-doctorants-de-la-faculte-des-sciences-sillustrent-a-la-conference-annuelle-de-la-societe-belge-de-physique\/#respond"]}]},{"@type":"WebPage","@id":"https:\/\/web.umons.ac.be\/fs\/fr\/deux-doctorants-de-la-faculte-des-sciences-sillustrent-a-la-conference-annuelle-de-la-societe-belge-de-physique\/","url":"https:\/\/web.umons.ac.be\/fs\/fr\/deux-doctorants-de-la-faculte-des-sciences-sillustrent-a-la-conference-annuelle-de-la-societe-belge-de-physique\/","name":"Deux doctorants de la Facult\u00e9 des Sciences s\u2019illustrent \u00e0 la Conf\u00e9rence Annuelle de la Soci\u00e9t\u00e9 Belge de Physique - Facult\u00e9 \/ FS","isPartOf":{"@id":"https:\/\/web.umons.ac.be\/fs\/#website"},"primaryImageOfPage":{"@id":"https:\/\/web.umons.ac.be\/fs\/fr\/deux-doctorants-de-la-faculte-des-sciences-sillustrent-a-la-conference-annuelle-de-la-societe-belge-de-physique\/#primaryimage"},"image":{"@id":"https:\/\/web.umons.ac.be\/fs\/fr\/deux-doctorants-de-la-faculte-des-sciences-sillustrent-a-la-conference-annuelle-de-la-societe-belge-de-physique\/#primaryimage"},"thumbnailUrl":"https:\/\/web.umons.ac.be\/app\/uploads\/sites\/11\/2017\/11\/LogoBPSNewsQuinet.jpg","datePublished":"2017-05-17T10:07:01+00:00","dateModified":"2017-11-28T11:10:43+00:00","author":{"@id":"https:\/\/web.umons.ac.be\/fs\/#\/schema\/person\/fe6f953d2fd33e92c6d457f8f86a305f"},"breadcrumb":{"@id":"https:\/\/web.umons.ac.be\/fs\/fr\/deux-doctorants-de-la-faculte-des-sciences-sillustrent-a-la-conference-annuelle-de-la-societe-belge-de-physique\/#breadcrumb"},"inLanguage":"fr-FR","potentialAction":[{"@type":"ReadAction","target":["https:\/\/web.umons.ac.be\/fs\/fr\/deux-doctorants-de-la-faculte-des-sciences-sillustrent-a-la-conference-annuelle-de-la-societe-belge-de-physique\/"]}]},{"@type":"ImageObject","inLanguage":"fr-FR","@id":"https:\/\/web.umons.ac.be\/fs\/fr\/deux-doctorants-de-la-faculte-des-sciences-sillustrent-a-la-conference-annuelle-de-la-societe-belge-de-physique\/#primaryimage","url":"https:\/\/web.umons.ac.be\/app\/uploads\/sites\/11\/2017\/11\/LogoBPSNewsQuinet.jpg","contentUrl":"https:\/\/web.umons.ac.be\/app\/uploads\/sites\/11\/2017\/11\/LogoBPSNewsQuinet.jpg","width":676,"height":557},{"@type":"BreadcrumbList","@id":"https:\/\/web.umons.ac.be\/fs\/fr\/deux-doctorants-de-la-faculte-des-sciences-sillustrent-a-la-conference-annuelle-de-la-societe-belge-de-physique\/#breadcrumb","itemListElement":[{"@type":"ListItem","position":1,"name":"Accueil","item":"https:\/\/web.umons.ac.be\/fs\/fr\/"},{"@type":"ListItem","position":2,"name":"Deux doctorants de la Facult\u00e9 des Sciences s\u2019illustrent \u00e0 la Conf\u00e9rence Annuelle de la Soci\u00e9t\u00e9 Belge de Physique"}]},{"@type":"WebSite","@id":"https:\/\/web.umons.ac.be\/fs\/#website","url":"https:\/\/web.umons.ac.be\/fs\/","name":"Facult\u00e9 \/ FS","description":"","potentialAction":[{"@type":"SearchAction","target":{"@type":"EntryPoint","urlTemplate":"https:\/\/web.umons.ac.be\/fs\/?s={search_term_string}"},"query-input":{"@type":"PropertyValueSpecification","valueRequired":true,"valueName":"search_term_string"}}],"inLanguage":"fr-FR"},{"@type":"Person","@id":"https:\/\/web.umons.ac.be\/fs\/#\/schema\/person\/fe6f953d2fd33e92c6d457f8f86a305f","name":"UMONS Administration","image":{"@type":"ImageObject","inLanguage":"fr-FR","@id":"https:\/\/secure.gravatar.com\/avatar\/a2a4086b60c40f46aa897949adc459f31405f93c9f0702f0a82b68f226f30bdc?s=96&d=mm&r=g","url":"https:\/\/secure.gravatar.com\/avatar\/a2a4086b60c40f46aa897949adc459f31405f93c9f0702f0a82b68f226f30bdc?s=96&d=mm&r=g","contentUrl":"https:\/\/secure.gravatar.com\/avatar\/a2a4086b60c40f46aa897949adc459f31405f93c9f0702f0a82b68f226f30bdc?s=96&d=mm&r=g","caption":"UMONS Administration"},"url":"https:\/\/web.umons.ac.be\/fs\/author\/umons\/"}]}},"lang":"fr","translations":{"fr":417},"pll_sync_post":[],"_links":{"self":[{"href":"https:\/\/web.umons.ac.be\/fs\/wp-json\/wp\/v2\/posts\/417","targetHints":{"allow":["GET"]}}],"collection":[{"href":"https:\/\/web.umons.ac.be\/fs\/wp-json\/wp\/v2\/posts"}],"about":[{"href":"https:\/\/web.umons.ac.be\/fs\/wp-json\/wp\/v2\/types\/post"}],"author":[{"embeddable":true,"href":"https:\/\/web.umons.ac.be\/fs\/wp-json\/wp\/v2\/users\/1"}],"replies":[{"embeddable":true,"href":"https:\/\/web.umons.ac.be\/fs\/wp-json\/wp\/v2\/comments?post=417"}],"version-history":[{"count":1,"href":"https:\/\/web.umons.ac.be\/fs\/wp-json\/wp\/v2\/posts\/417\/revisions"}],"predecessor-version":[{"id":420,"href":"https:\/\/web.umons.ac.be\/fs\/wp-json\/wp\/v2\/posts\/417\/revisions\/420"}],"wp:featuredmedia":[{"embeddable":true,"href":"https:\/\/web.umons.ac.be\/fs\/wp-json\/wp\/v2\/media\/418"}],"wp:attachment":[{"href":"https:\/\/web.umons.ac.be\/fs\/wp-json\/wp\/v2\/media?parent=417"}],"wp:term":[{"taxonomy":"category","embeddable":true,"href":"https:\/\/web.umons.ac.be\/fs\/wp-json\/wp\/v2\/categories?post=417"},{"taxonomy":"post_tag","embeddable":true,"href":"https:\/\/web.umons.ac.be\/fs\/wp-json\/wp\/v2\/tags?post=417"}],"curies":[{"name":"wp","href":"https:\/\/api.w.org\/{rel}","templated":true}]}}