{"id":421,"date":"2017-05-11T12:23:28","date_gmt":"2017-05-11T10:23:28","guid":{"rendered":"https:\/\/web.umons.ac.be\/fs\/?p=421"},"modified":"2017-11-28T12:25:01","modified_gmt":"2017-11-28T11:25:01","slug":"une-nouvelle-recompense-pour-un-chimiste-de-lumons-a-letranger","status":"publish","type":"post","link":"https:\/\/web.umons.ac.be\/fs\/fr\/une-nouvelle-recompense-pour-un-chimiste-de-lumons-a-letranger\/","title":{"rendered":"Une nouvelle r\u00e9compense pour un chimiste de l\u2019UMONS \u00e0 l\u2019\u00e9tranger"},"content":{"rendered":"<p style=\"font-weight: 400;\">Du 7 au 11 mai 2017, se tenait \u00e0 Aussois, dans la vall\u00e9e de la Maurienne (France), la 35e \u00e9dition de l\u2019Informal Meeting on Mass Spectrometry. Cette r\u00e9union scientifique internationale est con\u00e7ue pour permettre aux jeunes chercheurs de confronter, dans une atmosph\u00e8re conviviale, leurs r\u00e9sultats \u00e0 des experts chevronn\u00e9s. Depuis de nombreuses ann\u00e9es, des membres de la Facult\u00e9 des Sciences de l\u2019UMONS appartenant au Service de Synth\u00e8se et de Spectrom\u00e9trie de Masse Organiques en abr\u00e9g\u00e9 \u00ab\u00a0S2Mos\u00a0\u00bb (dirig\u00e9 par le Prof. Pascal Gerbaux) s\u2019y rendent afin d\u2019y pr\u00e9senter leurs travaux les plus r\u00e9cents dans le domaine de la spectrom\u00e9trie de masse organique.<\/p>\n<p style=\"font-weight: 400;\">Cette ann\u00e9e, notre universit\u00e9 f\u00fbt particuli\u00e8rement bien repr\u00e9sent\u00e9e avec 3 communications orales et 5 par affiche, d\u00e9fendues par les diff\u00e9rents chercheurs et doctorants du service. A l&rsquo;issue de la conf\u00e9rence, Glenn Carroy, doctorant au sein du \u00ab\u00a0S2Mos\u00a0\u00bb, en collaboration avec le Service de Chimie des Mat\u00e9riaux Nouveaux (Prof. J\u00e9r\u00f4me Cornil), a re\u00e7u le prix de la meilleure communication orale pr\u00e9sent\u00e9e par un doctorant ou un jeune docteur.<\/p>\n<p style=\"font-weight: 400;\">Le th\u00e8me de recherche abord\u00e9 par Glenn Carroy concerne le d\u00e9veloppement de la synergie entre les m\u00e9thodes exp\u00e9rimentales, essentiellement la spectrom\u00e9trie de masse, et la chimie th\u00e9orique pour l\u2019\u00e9tude des interactions non covalentes dans le domaine de la chimie supramol\u00e9culaire. Glenn finalise la r\u00e9daction de son manuscrit de th\u00e8se et pr\u00e9sentera ses r\u00e9sultats en septembre prochain.<\/p>\n<p style=\"font-weight: 400;\">Plus d&rsquo;infos sur\u00a0cette\u00a0recherche aupr\u00e8s de:<\/p>\n<p style=\"font-weight: 400;\"><a style=\"font-weight: inherit; font-style: inherit;\" href=\"mailto:pascal.gerbaux@umons.ac.be\">pascal.gerbaux@umons.ac.be<\/a>\u00a0ou\u00a0<a style=\"font-weight: inherit; font-style: inherit;\" href=\"mailto:glenn.carroy@umons.ac.be\">glenn.carroy@umons.ac.be<\/a><\/p>\n","protected":false},"excerpt":{"rendered":"<p>D\u00e9but mai, se tenait en vall\u00e9e de la Maurienne (F), le 35e Informal Meeting on Mass Spectrometry. Glenn Carroy, doctorant du Service de Synth\u00e8se et de Spectrom\u00e9trie de Masse Organiques, y a re\u00e7u le prix de la meilleure communication orale.<\/p>\n","protected":false},"author":1,"featured_media":423,"comment_status":"open","ping_status":"open","sticky":false,"template":"","format":"standard","meta":{"footnotes":""},"categories":[],"tags":[],"class_list":["post-421","post","type-post","status-publish","format-standard","has-post-thumbnail","hentry"],"yoast_head":"<!-- This site is optimized with the Yoast SEO plugin v27.2 - https:\/\/yoast.com\/product\/yoast-seo-wordpress\/ -->\n<title>Une nouvelle r\u00e9compense pour un chimiste de l\u2019UMONS \u00e0 l\u2019\u00e9tranger - Facult\u00e9 \/ FS<\/title>\n<meta name=\"robots\" content=\"index, follow, max-snippet:-1, max-image-preview:large, max-video-preview:-1\" \/>\n<link rel=\"canonical\" href=\"https:\/\/web.umons.ac.be\/fs\/fr\/une-nouvelle-recompense-pour-un-chimiste-de-lumons-a-letranger\/\" \/>\n<meta property=\"og:locale\" content=\"fr_FR\" \/>\n<meta property=\"og:type\" content=\"article\" \/>\n<meta property=\"og:title\" content=\"Une nouvelle r\u00e9compense pour un chimiste de l\u2019UMONS \u00e0 l\u2019\u00e9tranger - Facult\u00e9 \/ FS\" \/>\n<meta property=\"og:description\" content=\"D\u00e9but mai, se tenait en vall\u00e9e de la Maurienne (F), le 35e Informal Meeting on Mass Spectrometry. Glenn Carroy, doctorant du Service de Synth\u00e8se et de Spectrom\u00e9trie de Masse Organiques, y a re\u00e7u le prix de la meilleure communication orale.\" \/>\n<meta property=\"og:url\" content=\"https:\/\/web.umons.ac.be\/fs\/fr\/une-nouvelle-recompense-pour-un-chimiste-de-lumons-a-letranger\/\" \/>\n<meta property=\"og:site_name\" content=\"Facult\u00e9 \/ FS\" \/>\n<meta property=\"article:published_time\" content=\"2017-05-11T10:23:28+00:00\" \/>\n<meta property=\"article:modified_time\" content=\"2017-11-28T11:25:01+00:00\" \/>\n<meta property=\"og:image\" content=\"https:\/\/web.umons.ac.be\/app\/uploads\/sites\/11\/2017\/11\/Logo_S2MOS.jpg\" \/>\n\t<meta property=\"og:image:width\" content=\"1081\" \/>\n\t<meta property=\"og:image:height\" content=\"373\" \/>\n\t<meta property=\"og:image:type\" content=\"image\/jpeg\" \/>\n<meta name=\"author\" content=\"UMONS Administration\" \/>\n<meta name=\"twitter:card\" content=\"summary_large_image\" \/>\n<meta name=\"twitter:label1\" content=\"\u00c9crit par\" \/>\n\t<meta name=\"twitter:data1\" content=\"UMONS Administration\" \/>\n\t<meta name=\"twitter:label2\" content=\"Dur\u00e9e de lecture estim\u00e9e\" \/>\n\t<meta name=\"twitter:data2\" content=\"1 minute\" \/>\n<script type=\"application\/ld+json\" class=\"yoast-schema-graph\">{\"@context\":\"https:\/\/schema.org\",\"@graph\":[{\"@type\":\"Article\",\"@id\":\"https:\/\/web.umons.ac.be\/fs\/fr\/une-nouvelle-recompense-pour-un-chimiste-de-lumons-a-letranger\/#article\",\"isPartOf\":{\"@id\":\"https:\/\/web.umons.ac.be\/fs\/fr\/une-nouvelle-recompense-pour-un-chimiste-de-lumons-a-letranger\/\"},\"author\":{\"name\":\"UMONS Administration\",\"@id\":\"https:\/\/web.umons.ac.be\/fs\/#\/schema\/person\/fe6f953d2fd33e92c6d457f8f86a305f\"},\"headline\":\"Une nouvelle r\u00e9compense pour un chimiste de l\u2019UMONS \u00e0 l\u2019\u00e9tranger\",\"datePublished\":\"2017-05-11T10:23:28+00:00\",\"dateModified\":\"2017-11-28T11:25:01+00:00\",\"mainEntityOfPage\":{\"@id\":\"https:\/\/web.umons.ac.be\/fs\/fr\/une-nouvelle-recompense-pour-un-chimiste-de-lumons-a-letranger\/\"},\"wordCount\":295,\"commentCount\":0,\"image\":{\"@id\":\"https:\/\/web.umons.ac.be\/fs\/fr\/une-nouvelle-recompense-pour-un-chimiste-de-lumons-a-letranger\/#primaryimage\"},\"thumbnailUrl\":\"https:\/\/web.umons.ac.be\/app\/uploads\/sites\/11\/2017\/11\/Logo_S2MOS.jpg\",\"inLanguage\":\"fr-FR\",\"potentialAction\":[{\"@type\":\"CommentAction\",\"name\":\"Comment\",\"target\":[\"https:\/\/web.umons.ac.be\/fs\/fr\/une-nouvelle-recompense-pour-un-chimiste-de-lumons-a-letranger\/#respond\"]}]},{\"@type\":\"WebPage\",\"@id\":\"https:\/\/web.umons.ac.be\/fs\/fr\/une-nouvelle-recompense-pour-un-chimiste-de-lumons-a-letranger\/\",\"url\":\"https:\/\/web.umons.ac.be\/fs\/fr\/une-nouvelle-recompense-pour-un-chimiste-de-lumons-a-letranger\/\",\"name\":\"Une nouvelle r\u00e9compense pour un chimiste de l\u2019UMONS \u00e0 l\u2019\u00e9tranger - Facult\u00e9 \/ FS\",\"isPartOf\":{\"@id\":\"https:\/\/web.umons.ac.be\/fs\/#website\"},\"primaryImageOfPage\":{\"@id\":\"https:\/\/web.umons.ac.be\/fs\/fr\/une-nouvelle-recompense-pour-un-chimiste-de-lumons-a-letranger\/#primaryimage\"},\"image\":{\"@id\":\"https:\/\/web.umons.ac.be\/fs\/fr\/une-nouvelle-recompense-pour-un-chimiste-de-lumons-a-letranger\/#primaryimage\"},\"thumbnailUrl\":\"https:\/\/web.umons.ac.be\/app\/uploads\/sites\/11\/2017\/11\/Logo_S2MOS.jpg\",\"datePublished\":\"2017-05-11T10:23:28+00:00\",\"dateModified\":\"2017-11-28T11:25:01+00:00\",\"author\":{\"@id\":\"https:\/\/web.umons.ac.be\/fs\/#\/schema\/person\/fe6f953d2fd33e92c6d457f8f86a305f\"},\"breadcrumb\":{\"@id\":\"https:\/\/web.umons.ac.be\/fs\/fr\/une-nouvelle-recompense-pour-un-chimiste-de-lumons-a-letranger\/#breadcrumb\"},\"inLanguage\":\"fr-FR\",\"potentialAction\":[{\"@type\":\"ReadAction\",\"target\":[\"https:\/\/web.umons.ac.be\/fs\/fr\/une-nouvelle-recompense-pour-un-chimiste-de-lumons-a-letranger\/\"]}]},{\"@type\":\"ImageObject\",\"inLanguage\":\"fr-FR\",\"@id\":\"https:\/\/web.umons.ac.be\/fs\/fr\/une-nouvelle-recompense-pour-un-chimiste-de-lumons-a-letranger\/#primaryimage\",\"url\":\"https:\/\/web.umons.ac.be\/app\/uploads\/sites\/11\/2017\/11\/Logo_S2MOS.jpg\",\"contentUrl\":\"https:\/\/web.umons.ac.be\/app\/uploads\/sites\/11\/2017\/11\/Logo_S2MOS.jpg\",\"width\":1081,\"height\":373},{\"@type\":\"BreadcrumbList\",\"@id\":\"https:\/\/web.umons.ac.be\/fs\/fr\/une-nouvelle-recompense-pour-un-chimiste-de-lumons-a-letranger\/#breadcrumb\",\"itemListElement\":[{\"@type\":\"ListItem\",\"position\":1,\"name\":\"Accueil\",\"item\":\"https:\/\/web.umons.ac.be\/fs\/fr\/\"},{\"@type\":\"ListItem\",\"position\":2,\"name\":\"Une nouvelle r\u00e9compense pour un chimiste de l\u2019UMONS \u00e0 l\u2019\u00e9tranger\"}]},{\"@type\":\"WebSite\",\"@id\":\"https:\/\/web.umons.ac.be\/fs\/#website\",\"url\":\"https:\/\/web.umons.ac.be\/fs\/\",\"name\":\"Facult\u00e9 \/ FS\",\"description\":\"\",\"potentialAction\":[{\"@type\":\"SearchAction\",\"target\":{\"@type\":\"EntryPoint\",\"urlTemplate\":\"https:\/\/web.umons.ac.be\/fs\/?s={search_term_string}\"},\"query-input\":{\"@type\":\"PropertyValueSpecification\",\"valueRequired\":true,\"valueName\":\"search_term_string\"}}],\"inLanguage\":\"fr-FR\"},{\"@type\":\"Person\",\"@id\":\"https:\/\/web.umons.ac.be\/fs\/#\/schema\/person\/fe6f953d2fd33e92c6d457f8f86a305f\",\"name\":\"UMONS Administration\",\"image\":{\"@type\":\"ImageObject\",\"inLanguage\":\"fr-FR\",\"@id\":\"https:\/\/secure.gravatar.com\/avatar\/a2a4086b60c40f46aa897949adc459f31405f93c9f0702f0a82b68f226f30bdc?s=96&d=mm&r=g\",\"url\":\"https:\/\/secure.gravatar.com\/avatar\/a2a4086b60c40f46aa897949adc459f31405f93c9f0702f0a82b68f226f30bdc?s=96&d=mm&r=g\",\"contentUrl\":\"https:\/\/secure.gravatar.com\/avatar\/a2a4086b60c40f46aa897949adc459f31405f93c9f0702f0a82b68f226f30bdc?s=96&d=mm&r=g\",\"caption\":\"UMONS Administration\"},\"url\":\"https:\/\/web.umons.ac.be\/fs\/author\/umons\/\"}]}<\/script>\n<!-- \/ Yoast SEO plugin. -->","yoast_head_json":{"title":"Une nouvelle r\u00e9compense pour un chimiste de l\u2019UMONS \u00e0 l\u2019\u00e9tranger - Facult\u00e9 \/ FS","robots":{"index":"index","follow":"follow","max-snippet":"max-snippet:-1","max-image-preview":"max-image-preview:large","max-video-preview":"max-video-preview:-1"},"canonical":"https:\/\/web.umons.ac.be\/fs\/fr\/une-nouvelle-recompense-pour-un-chimiste-de-lumons-a-letranger\/","og_locale":"fr_FR","og_type":"article","og_title":"Une nouvelle r\u00e9compense pour un chimiste de l\u2019UMONS \u00e0 l\u2019\u00e9tranger - Facult\u00e9 \/ FS","og_description":"D\u00e9but mai, se tenait en vall\u00e9e de la Maurienne (F), le 35e Informal Meeting on Mass Spectrometry. Glenn Carroy, doctorant du Service de Synth\u00e8se et de Spectrom\u00e9trie de Masse Organiques, y a re\u00e7u le prix de la meilleure communication orale.","og_url":"https:\/\/web.umons.ac.be\/fs\/fr\/une-nouvelle-recompense-pour-un-chimiste-de-lumons-a-letranger\/","og_site_name":"Facult\u00e9 \/ FS","article_published_time":"2017-05-11T10:23:28+00:00","article_modified_time":"2017-11-28T11:25:01+00:00","og_image":[{"width":1081,"height":373,"url":"https:\/\/web.umons.ac.be\/app\/uploads\/sites\/11\/2017\/11\/Logo_S2MOS.jpg","type":"image\/jpeg"}],"author":"UMONS Administration","twitter_card":"summary_large_image","twitter_misc":{"\u00c9crit par":"UMONS Administration","Dur\u00e9e de lecture estim\u00e9e":"1 minute"},"schema":{"@context":"https:\/\/schema.org","@graph":[{"@type":"Article","@id":"https:\/\/web.umons.ac.be\/fs\/fr\/une-nouvelle-recompense-pour-un-chimiste-de-lumons-a-letranger\/#article","isPartOf":{"@id":"https:\/\/web.umons.ac.be\/fs\/fr\/une-nouvelle-recompense-pour-un-chimiste-de-lumons-a-letranger\/"},"author":{"name":"UMONS Administration","@id":"https:\/\/web.umons.ac.be\/fs\/#\/schema\/person\/fe6f953d2fd33e92c6d457f8f86a305f"},"headline":"Une nouvelle r\u00e9compense pour un chimiste de l\u2019UMONS \u00e0 l\u2019\u00e9tranger","datePublished":"2017-05-11T10:23:28+00:00","dateModified":"2017-11-28T11:25:01+00:00","mainEntityOfPage":{"@id":"https:\/\/web.umons.ac.be\/fs\/fr\/une-nouvelle-recompense-pour-un-chimiste-de-lumons-a-letranger\/"},"wordCount":295,"commentCount":0,"image":{"@id":"https:\/\/web.umons.ac.be\/fs\/fr\/une-nouvelle-recompense-pour-un-chimiste-de-lumons-a-letranger\/#primaryimage"},"thumbnailUrl":"https:\/\/web.umons.ac.be\/app\/uploads\/sites\/11\/2017\/11\/Logo_S2MOS.jpg","inLanguage":"fr-FR","potentialAction":[{"@type":"CommentAction","name":"Comment","target":["https:\/\/web.umons.ac.be\/fs\/fr\/une-nouvelle-recompense-pour-un-chimiste-de-lumons-a-letranger\/#respond"]}]},{"@type":"WebPage","@id":"https:\/\/web.umons.ac.be\/fs\/fr\/une-nouvelle-recompense-pour-un-chimiste-de-lumons-a-letranger\/","url":"https:\/\/web.umons.ac.be\/fs\/fr\/une-nouvelle-recompense-pour-un-chimiste-de-lumons-a-letranger\/","name":"Une nouvelle r\u00e9compense pour un chimiste de l\u2019UMONS \u00e0 l\u2019\u00e9tranger - Facult\u00e9 \/ FS","isPartOf":{"@id":"https:\/\/web.umons.ac.be\/fs\/#website"},"primaryImageOfPage":{"@id":"https:\/\/web.umons.ac.be\/fs\/fr\/une-nouvelle-recompense-pour-un-chimiste-de-lumons-a-letranger\/#primaryimage"},"image":{"@id":"https:\/\/web.umons.ac.be\/fs\/fr\/une-nouvelle-recompense-pour-un-chimiste-de-lumons-a-letranger\/#primaryimage"},"thumbnailUrl":"https:\/\/web.umons.ac.be\/app\/uploads\/sites\/11\/2017\/11\/Logo_S2MOS.jpg","datePublished":"2017-05-11T10:23:28+00:00","dateModified":"2017-11-28T11:25:01+00:00","author":{"@id":"https:\/\/web.umons.ac.be\/fs\/#\/schema\/person\/fe6f953d2fd33e92c6d457f8f86a305f"},"breadcrumb":{"@id":"https:\/\/web.umons.ac.be\/fs\/fr\/une-nouvelle-recompense-pour-un-chimiste-de-lumons-a-letranger\/#breadcrumb"},"inLanguage":"fr-FR","potentialAction":[{"@type":"ReadAction","target":["https:\/\/web.umons.ac.be\/fs\/fr\/une-nouvelle-recompense-pour-un-chimiste-de-lumons-a-letranger\/"]}]},{"@type":"ImageObject","inLanguage":"fr-FR","@id":"https:\/\/web.umons.ac.be\/fs\/fr\/une-nouvelle-recompense-pour-un-chimiste-de-lumons-a-letranger\/#primaryimage","url":"https:\/\/web.umons.ac.be\/app\/uploads\/sites\/11\/2017\/11\/Logo_S2MOS.jpg","contentUrl":"https:\/\/web.umons.ac.be\/app\/uploads\/sites\/11\/2017\/11\/Logo_S2MOS.jpg","width":1081,"height":373},{"@type":"BreadcrumbList","@id":"https:\/\/web.umons.ac.be\/fs\/fr\/une-nouvelle-recompense-pour-un-chimiste-de-lumons-a-letranger\/#breadcrumb","itemListElement":[{"@type":"ListItem","position":1,"name":"Accueil","item":"https:\/\/web.umons.ac.be\/fs\/fr\/"},{"@type":"ListItem","position":2,"name":"Une nouvelle r\u00e9compense pour un chimiste de l\u2019UMONS \u00e0 l\u2019\u00e9tranger"}]},{"@type":"WebSite","@id":"https:\/\/web.umons.ac.be\/fs\/#website","url":"https:\/\/web.umons.ac.be\/fs\/","name":"Facult\u00e9 \/ FS","description":"","potentialAction":[{"@type":"SearchAction","target":{"@type":"EntryPoint","urlTemplate":"https:\/\/web.umons.ac.be\/fs\/?s={search_term_string}"},"query-input":{"@type":"PropertyValueSpecification","valueRequired":true,"valueName":"search_term_string"}}],"inLanguage":"fr-FR"},{"@type":"Person","@id":"https:\/\/web.umons.ac.be\/fs\/#\/schema\/person\/fe6f953d2fd33e92c6d457f8f86a305f","name":"UMONS Administration","image":{"@type":"ImageObject","inLanguage":"fr-FR","@id":"https:\/\/secure.gravatar.com\/avatar\/a2a4086b60c40f46aa897949adc459f31405f93c9f0702f0a82b68f226f30bdc?s=96&d=mm&r=g","url":"https:\/\/secure.gravatar.com\/avatar\/a2a4086b60c40f46aa897949adc459f31405f93c9f0702f0a82b68f226f30bdc?s=96&d=mm&r=g","contentUrl":"https:\/\/secure.gravatar.com\/avatar\/a2a4086b60c40f46aa897949adc459f31405f93c9f0702f0a82b68f226f30bdc?s=96&d=mm&r=g","caption":"UMONS Administration"},"url":"https:\/\/web.umons.ac.be\/fs\/author\/umons\/"}]}},"lang":"fr","translations":{"fr":421},"pll_sync_post":[],"_links":{"self":[{"href":"https:\/\/web.umons.ac.be\/fs\/wp-json\/wp\/v2\/posts\/421","targetHints":{"allow":["GET"]}}],"collection":[{"href":"https:\/\/web.umons.ac.be\/fs\/wp-json\/wp\/v2\/posts"}],"about":[{"href":"https:\/\/web.umons.ac.be\/fs\/wp-json\/wp\/v2\/types\/post"}],"author":[{"embeddable":true,"href":"https:\/\/web.umons.ac.be\/fs\/wp-json\/wp\/v2\/users\/1"}],"replies":[{"embeddable":true,"href":"https:\/\/web.umons.ac.be\/fs\/wp-json\/wp\/v2\/comments?post=421"}],"version-history":[{"count":1,"href":"https:\/\/web.umons.ac.be\/fs\/wp-json\/wp\/v2\/posts\/421\/revisions"}],"predecessor-version":[{"id":424,"href":"https:\/\/web.umons.ac.be\/fs\/wp-json\/wp\/v2\/posts\/421\/revisions\/424"}],"wp:featuredmedia":[{"embeddable":true,"href":"https:\/\/web.umons.ac.be\/fs\/wp-json\/wp\/v2\/media\/423"}],"wp:attachment":[{"href":"https:\/\/web.umons.ac.be\/fs\/wp-json\/wp\/v2\/media?parent=421"}],"wp:term":[{"taxonomy":"category","embeddable":true,"href":"https:\/\/web.umons.ac.be\/fs\/wp-json\/wp\/v2\/categories?post=421"},{"taxonomy":"post_tag","embeddable":true,"href":"https:\/\/web.umons.ac.be\/fs\/wp-json\/wp\/v2\/tags?post=421"}],"curies":[{"name":"wp","href":"https:\/\/api.w.org\/{rel}","templated":true}]}}