{"id":425,"date":"2017-05-05T12:36:45","date_gmt":"2017-05-05T10:36:45","guid":{"rendered":"https:\/\/web.umons.ac.be\/fs\/?p=425"},"modified":"2017-11-28T12:37:49","modified_gmt":"2017-11-28T11:37:49","slug":"des-laureats-au-service-de-materiaux-polymeres-et-composites","status":"publish","type":"post","link":"https:\/\/web.umons.ac.be\/fs\/fr\/des-laureats-au-service-de-materiaux-polymeres-et-composites\/","title":{"rendered":"Des laur\u00e9ats au service de Mat\u00e9riaux Polym\u00e8res et Composites"},"content":{"rendered":"<p style=\"font-weight: 400;\">Plusieurs jeunes chercheurs du service Mat\u00e9riaux Polym\u00e8res et Composites de la Facult\u00e9 des Sciences se sont r\u00e9cemment distingu\u00e9s lors de conf\u00e9rences nationale et internationale.<\/p>\n<p style=\"font-weight: 400;\">Le premier d\u2019entre eux est Bertrand WILLOCQ qui a obtenu le Belgian Polymer Group 2017 Best Oral communication lors de l\u2019annual meeting 2017 qui s\u2019est tenu \u00e0 Houffalize du 4 au 5 mai 2017. Durant ce m\u00eame \u00e9v\u00e9nement, Romain LIENARD s\u2019est quant \u00e0 lui vu d\u00e9cerner le WILEY AWARD for poster communication.<\/p>\n<p style=\"font-weight: 400;\">Enfin, Alexandre DE NEEF a re\u00e7u l\u2019EUROFILLERS BEST Oral Communication lors du EUROFILLERS POLYMER BLEND 2017 qui s\u2019est d\u00e9roul\u00e9 en Cr\u00eate du 23 au 27 avril 2017.<\/p>\n<p style=\"font-weight: 400;\">Bravo aux laur\u00e9ats\u00a0!<\/p>\n<p style=\"font-weight: 400;\"><b><span style=\"font-style: inherit;\">Plus d\u2019infos sur le service\u00a0?\u00a0<\/span><\/b>\u00a0<a style=\"font-weight: inherit; font-style: inherit;\" href=\"http:\/\/morris.umons.ac.be\/SMPC\/\">http:\/\/morris.umons.ac.be\/SMPC\/<\/a><\/p>\n","protected":false},"excerpt":{"rendered":"<p>Bertrand WILLOCQ, Romain LIENARD et Alexandre DE NEEF, tous trois jeunes chercheurs du service Mat\u00e9riaux Polym\u00e8res et Composites de la Facult\u00e9 des Sciences &#8211; UMONS se sont r\u00e9cemment distingu\u00e9s lors de conf\u00e9rences nationale et internationale. <\/p>\n","protected":false},"author":1,"featured_media":426,"comment_status":"open","ping_status":"open","sticky":false,"template":"","format":"standard","meta":{"footnotes":""},"categories":[],"tags":[],"class_list":["post-425","post","type-post","status-publish","format-standard","has-post-thumbnail","hentry"],"yoast_head":"<!-- This site is optimized with the Yoast SEO plugin v27.2 - https:\/\/yoast.com\/product\/yoast-seo-wordpress\/ -->\n<title>Des laur\u00e9ats au service de Mat\u00e9riaux Polym\u00e8res et Composites - Facult\u00e9 \/ FS<\/title>\n<meta name=\"robots\" content=\"index, follow, max-snippet:-1, max-image-preview:large, max-video-preview:-1\" \/>\n<link rel=\"canonical\" href=\"https:\/\/web.umons.ac.be\/fs\/fr\/des-laureats-au-service-de-materiaux-polymeres-et-composites\/\" \/>\n<meta property=\"og:locale\" content=\"fr_FR\" \/>\n<meta property=\"og:type\" content=\"article\" \/>\n<meta property=\"og:title\" content=\"Des laur\u00e9ats au service de Mat\u00e9riaux Polym\u00e8res et Composites - Facult\u00e9 \/ FS\" \/>\n<meta property=\"og:description\" content=\"Bertrand WILLOCQ, Romain LIENARD et Alexandre DE NEEF, tous trois jeunes chercheurs du service Mat\u00e9riaux Polym\u00e8res et Composites de la Facult\u00e9 des Sciences - UMONS se sont r\u00e9cemment distingu\u00e9s lors de conf\u00e9rences nationale et internationale.\" \/>\n<meta property=\"og:url\" content=\"https:\/\/web.umons.ac.be\/fs\/fr\/des-laureats-au-service-de-materiaux-polymeres-et-composites\/\" \/>\n<meta property=\"og:site_name\" content=\"Facult\u00e9 \/ FS\" \/>\n<meta property=\"article:published_time\" content=\"2017-05-05T10:36:45+00:00\" \/>\n<meta property=\"article:modified_time\" content=\"2017-11-28T11:37:49+00:00\" \/>\n<meta property=\"og:image\" content=\"https:\/\/web.umons.ac.be\/app\/uploads\/sites\/11\/2017\/11\/MateriauxComposites.jpg\" \/>\n\t<meta property=\"og:image:width\" content=\"1024\" \/>\n\t<meta property=\"og:image:height\" content=\"819\" \/>\n\t<meta property=\"og:image:type\" content=\"image\/jpeg\" \/>\n<meta name=\"author\" content=\"UMONS Administration\" \/>\n<meta name=\"twitter:card\" content=\"summary_large_image\" \/>\n<meta name=\"twitter:label1\" content=\"\u00c9crit par\" \/>\n\t<meta name=\"twitter:data1\" content=\"UMONS Administration\" \/>\n\t<meta name=\"twitter:label2\" content=\"Dur\u00e9e de lecture estim\u00e9e\" \/>\n\t<meta name=\"twitter:data2\" content=\"1 minute\" \/>\n<script type=\"application\/ld+json\" class=\"yoast-schema-graph\">{\"@context\":\"https:\/\/schema.org\",\"@graph\":[{\"@type\":\"Article\",\"@id\":\"https:\/\/web.umons.ac.be\/fs\/fr\/des-laureats-au-service-de-materiaux-polymeres-et-composites\/#article\",\"isPartOf\":{\"@id\":\"https:\/\/web.umons.ac.be\/fs\/fr\/des-laureats-au-service-de-materiaux-polymeres-et-composites\/\"},\"author\":{\"name\":\"UMONS Administration\",\"@id\":\"https:\/\/web.umons.ac.be\/fs\/#\/schema\/person\/fe6f953d2fd33e92c6d457f8f86a305f\"},\"headline\":\"Des laur\u00e9ats au service de Mat\u00e9riaux Polym\u00e8res et Composites\",\"datePublished\":\"2017-05-05T10:36:45+00:00\",\"dateModified\":\"2017-11-28T11:37:49+00:00\",\"mainEntityOfPage\":{\"@id\":\"https:\/\/web.umons.ac.be\/fs\/fr\/des-laureats-au-service-de-materiaux-polymeres-et-composites\/\"},\"wordCount\":137,\"commentCount\":0,\"image\":{\"@id\":\"https:\/\/web.umons.ac.be\/fs\/fr\/des-laureats-au-service-de-materiaux-polymeres-et-composites\/#primaryimage\"},\"thumbnailUrl\":\"https:\/\/web.umons.ac.be\/app\/uploads\/sites\/11\/2017\/11\/MateriauxComposites.jpg\",\"inLanguage\":\"fr-FR\",\"potentialAction\":[{\"@type\":\"CommentAction\",\"name\":\"Comment\",\"target\":[\"https:\/\/web.umons.ac.be\/fs\/fr\/des-laureats-au-service-de-materiaux-polymeres-et-composites\/#respond\"]}]},{\"@type\":\"WebPage\",\"@id\":\"https:\/\/web.umons.ac.be\/fs\/fr\/des-laureats-au-service-de-materiaux-polymeres-et-composites\/\",\"url\":\"https:\/\/web.umons.ac.be\/fs\/fr\/des-laureats-au-service-de-materiaux-polymeres-et-composites\/\",\"name\":\"Des laur\u00e9ats au service de Mat\u00e9riaux Polym\u00e8res et Composites - Facult\u00e9 \/ FS\",\"isPartOf\":{\"@id\":\"https:\/\/web.umons.ac.be\/fs\/#website\"},\"primaryImageOfPage\":{\"@id\":\"https:\/\/web.umons.ac.be\/fs\/fr\/des-laureats-au-service-de-materiaux-polymeres-et-composites\/#primaryimage\"},\"image\":{\"@id\":\"https:\/\/web.umons.ac.be\/fs\/fr\/des-laureats-au-service-de-materiaux-polymeres-et-composites\/#primaryimage\"},\"thumbnailUrl\":\"https:\/\/web.umons.ac.be\/app\/uploads\/sites\/11\/2017\/11\/MateriauxComposites.jpg\",\"datePublished\":\"2017-05-05T10:36:45+00:00\",\"dateModified\":\"2017-11-28T11:37:49+00:00\",\"author\":{\"@id\":\"https:\/\/web.umons.ac.be\/fs\/#\/schema\/person\/fe6f953d2fd33e92c6d457f8f86a305f\"},\"breadcrumb\":{\"@id\":\"https:\/\/web.umons.ac.be\/fs\/fr\/des-laureats-au-service-de-materiaux-polymeres-et-composites\/#breadcrumb\"},\"inLanguage\":\"fr-FR\",\"potentialAction\":[{\"@type\":\"ReadAction\",\"target\":[\"https:\/\/web.umons.ac.be\/fs\/fr\/des-laureats-au-service-de-materiaux-polymeres-et-composites\/\"]}]},{\"@type\":\"ImageObject\",\"inLanguage\":\"fr-FR\",\"@id\":\"https:\/\/web.umons.ac.be\/fs\/fr\/des-laureats-au-service-de-materiaux-polymeres-et-composites\/#primaryimage\",\"url\":\"https:\/\/web.umons.ac.be\/app\/uploads\/sites\/11\/2017\/11\/MateriauxComposites.jpg\",\"contentUrl\":\"https:\/\/web.umons.ac.be\/app\/uploads\/sites\/11\/2017\/11\/MateriauxComposites.jpg\",\"width\":1024,\"height\":819},{\"@type\":\"BreadcrumbList\",\"@id\":\"https:\/\/web.umons.ac.be\/fs\/fr\/des-laureats-au-service-de-materiaux-polymeres-et-composites\/#breadcrumb\",\"itemListElement\":[{\"@type\":\"ListItem\",\"position\":1,\"name\":\"Accueil\",\"item\":\"https:\/\/web.umons.ac.be\/fs\/fr\/\"},{\"@type\":\"ListItem\",\"position\":2,\"name\":\"Des laur\u00e9ats au service de Mat\u00e9riaux Polym\u00e8res et Composites\"}]},{\"@type\":\"WebSite\",\"@id\":\"https:\/\/web.umons.ac.be\/fs\/#website\",\"url\":\"https:\/\/web.umons.ac.be\/fs\/\",\"name\":\"Facult\u00e9 \/ FS\",\"description\":\"\",\"potentialAction\":[{\"@type\":\"SearchAction\",\"target\":{\"@type\":\"EntryPoint\",\"urlTemplate\":\"https:\/\/web.umons.ac.be\/fs\/?s={search_term_string}\"},\"query-input\":{\"@type\":\"PropertyValueSpecification\",\"valueRequired\":true,\"valueName\":\"search_term_string\"}}],\"inLanguage\":\"fr-FR\"},{\"@type\":\"Person\",\"@id\":\"https:\/\/web.umons.ac.be\/fs\/#\/schema\/person\/fe6f953d2fd33e92c6d457f8f86a305f\",\"name\":\"UMONS Administration\",\"image\":{\"@type\":\"ImageObject\",\"inLanguage\":\"fr-FR\",\"@id\":\"https:\/\/secure.gravatar.com\/avatar\/a2a4086b60c40f46aa897949adc459f31405f93c9f0702f0a82b68f226f30bdc?s=96&d=mm&r=g\",\"url\":\"https:\/\/secure.gravatar.com\/avatar\/a2a4086b60c40f46aa897949adc459f31405f93c9f0702f0a82b68f226f30bdc?s=96&d=mm&r=g\",\"contentUrl\":\"https:\/\/secure.gravatar.com\/avatar\/a2a4086b60c40f46aa897949adc459f31405f93c9f0702f0a82b68f226f30bdc?s=96&d=mm&r=g\",\"caption\":\"UMONS Administration\"},\"url\":\"https:\/\/web.umons.ac.be\/fs\/author\/umons\/\"}]}<\/script>\n<!-- \/ Yoast SEO plugin. -->","yoast_head_json":{"title":"Des laur\u00e9ats au service de Mat\u00e9riaux Polym\u00e8res et Composites - Facult\u00e9 \/ FS","robots":{"index":"index","follow":"follow","max-snippet":"max-snippet:-1","max-image-preview":"max-image-preview:large","max-video-preview":"max-video-preview:-1"},"canonical":"https:\/\/web.umons.ac.be\/fs\/fr\/des-laureats-au-service-de-materiaux-polymeres-et-composites\/","og_locale":"fr_FR","og_type":"article","og_title":"Des laur\u00e9ats au service de Mat\u00e9riaux Polym\u00e8res et Composites - Facult\u00e9 \/ FS","og_description":"Bertrand WILLOCQ, Romain LIENARD et Alexandre DE NEEF, tous trois jeunes chercheurs du service Mat\u00e9riaux Polym\u00e8res et Composites de la Facult\u00e9 des Sciences - UMONS se sont r\u00e9cemment distingu\u00e9s lors de conf\u00e9rences nationale et internationale.","og_url":"https:\/\/web.umons.ac.be\/fs\/fr\/des-laureats-au-service-de-materiaux-polymeres-et-composites\/","og_site_name":"Facult\u00e9 \/ FS","article_published_time":"2017-05-05T10:36:45+00:00","article_modified_time":"2017-11-28T11:37:49+00:00","og_image":[{"width":1024,"height":819,"url":"https:\/\/web.umons.ac.be\/app\/uploads\/sites\/11\/2017\/11\/MateriauxComposites.jpg","type":"image\/jpeg"}],"author":"UMONS Administration","twitter_card":"summary_large_image","twitter_misc":{"\u00c9crit par":"UMONS Administration","Dur\u00e9e de lecture estim\u00e9e":"1 minute"},"schema":{"@context":"https:\/\/schema.org","@graph":[{"@type":"Article","@id":"https:\/\/web.umons.ac.be\/fs\/fr\/des-laureats-au-service-de-materiaux-polymeres-et-composites\/#article","isPartOf":{"@id":"https:\/\/web.umons.ac.be\/fs\/fr\/des-laureats-au-service-de-materiaux-polymeres-et-composites\/"},"author":{"name":"UMONS Administration","@id":"https:\/\/web.umons.ac.be\/fs\/#\/schema\/person\/fe6f953d2fd33e92c6d457f8f86a305f"},"headline":"Des laur\u00e9ats au service de Mat\u00e9riaux Polym\u00e8res et Composites","datePublished":"2017-05-05T10:36:45+00:00","dateModified":"2017-11-28T11:37:49+00:00","mainEntityOfPage":{"@id":"https:\/\/web.umons.ac.be\/fs\/fr\/des-laureats-au-service-de-materiaux-polymeres-et-composites\/"},"wordCount":137,"commentCount":0,"image":{"@id":"https:\/\/web.umons.ac.be\/fs\/fr\/des-laureats-au-service-de-materiaux-polymeres-et-composites\/#primaryimage"},"thumbnailUrl":"https:\/\/web.umons.ac.be\/app\/uploads\/sites\/11\/2017\/11\/MateriauxComposites.jpg","inLanguage":"fr-FR","potentialAction":[{"@type":"CommentAction","name":"Comment","target":["https:\/\/web.umons.ac.be\/fs\/fr\/des-laureats-au-service-de-materiaux-polymeres-et-composites\/#respond"]}]},{"@type":"WebPage","@id":"https:\/\/web.umons.ac.be\/fs\/fr\/des-laureats-au-service-de-materiaux-polymeres-et-composites\/","url":"https:\/\/web.umons.ac.be\/fs\/fr\/des-laureats-au-service-de-materiaux-polymeres-et-composites\/","name":"Des laur\u00e9ats au service de Mat\u00e9riaux Polym\u00e8res et Composites - Facult\u00e9 \/ FS","isPartOf":{"@id":"https:\/\/web.umons.ac.be\/fs\/#website"},"primaryImageOfPage":{"@id":"https:\/\/web.umons.ac.be\/fs\/fr\/des-laureats-au-service-de-materiaux-polymeres-et-composites\/#primaryimage"},"image":{"@id":"https:\/\/web.umons.ac.be\/fs\/fr\/des-laureats-au-service-de-materiaux-polymeres-et-composites\/#primaryimage"},"thumbnailUrl":"https:\/\/web.umons.ac.be\/app\/uploads\/sites\/11\/2017\/11\/MateriauxComposites.jpg","datePublished":"2017-05-05T10:36:45+00:00","dateModified":"2017-11-28T11:37:49+00:00","author":{"@id":"https:\/\/web.umons.ac.be\/fs\/#\/schema\/person\/fe6f953d2fd33e92c6d457f8f86a305f"},"breadcrumb":{"@id":"https:\/\/web.umons.ac.be\/fs\/fr\/des-laureats-au-service-de-materiaux-polymeres-et-composites\/#breadcrumb"},"inLanguage":"fr-FR","potentialAction":[{"@type":"ReadAction","target":["https:\/\/web.umons.ac.be\/fs\/fr\/des-laureats-au-service-de-materiaux-polymeres-et-composites\/"]}]},{"@type":"ImageObject","inLanguage":"fr-FR","@id":"https:\/\/web.umons.ac.be\/fs\/fr\/des-laureats-au-service-de-materiaux-polymeres-et-composites\/#primaryimage","url":"https:\/\/web.umons.ac.be\/app\/uploads\/sites\/11\/2017\/11\/MateriauxComposites.jpg","contentUrl":"https:\/\/web.umons.ac.be\/app\/uploads\/sites\/11\/2017\/11\/MateriauxComposites.jpg","width":1024,"height":819},{"@type":"BreadcrumbList","@id":"https:\/\/web.umons.ac.be\/fs\/fr\/des-laureats-au-service-de-materiaux-polymeres-et-composites\/#breadcrumb","itemListElement":[{"@type":"ListItem","position":1,"name":"Accueil","item":"https:\/\/web.umons.ac.be\/fs\/fr\/"},{"@type":"ListItem","position":2,"name":"Des laur\u00e9ats au service de Mat\u00e9riaux Polym\u00e8res et Composites"}]},{"@type":"WebSite","@id":"https:\/\/web.umons.ac.be\/fs\/#website","url":"https:\/\/web.umons.ac.be\/fs\/","name":"Facult\u00e9 \/ FS","description":"","potentialAction":[{"@type":"SearchAction","target":{"@type":"EntryPoint","urlTemplate":"https:\/\/web.umons.ac.be\/fs\/?s={search_term_string}"},"query-input":{"@type":"PropertyValueSpecification","valueRequired":true,"valueName":"search_term_string"}}],"inLanguage":"fr-FR"},{"@type":"Person","@id":"https:\/\/web.umons.ac.be\/fs\/#\/schema\/person\/fe6f953d2fd33e92c6d457f8f86a305f","name":"UMONS Administration","image":{"@type":"ImageObject","inLanguage":"fr-FR","@id":"https:\/\/secure.gravatar.com\/avatar\/a2a4086b60c40f46aa897949adc459f31405f93c9f0702f0a82b68f226f30bdc?s=96&d=mm&r=g","url":"https:\/\/secure.gravatar.com\/avatar\/a2a4086b60c40f46aa897949adc459f31405f93c9f0702f0a82b68f226f30bdc?s=96&d=mm&r=g","contentUrl":"https:\/\/secure.gravatar.com\/avatar\/a2a4086b60c40f46aa897949adc459f31405f93c9f0702f0a82b68f226f30bdc?s=96&d=mm&r=g","caption":"UMONS Administration"},"url":"https:\/\/web.umons.ac.be\/fs\/author\/umons\/"}]}},"lang":"fr","translations":{"fr":425},"pll_sync_post":[],"_links":{"self":[{"href":"https:\/\/web.umons.ac.be\/fs\/wp-json\/wp\/v2\/posts\/425","targetHints":{"allow":["GET"]}}],"collection":[{"href":"https:\/\/web.umons.ac.be\/fs\/wp-json\/wp\/v2\/posts"}],"about":[{"href":"https:\/\/web.umons.ac.be\/fs\/wp-json\/wp\/v2\/types\/post"}],"author":[{"embeddable":true,"href":"https:\/\/web.umons.ac.be\/fs\/wp-json\/wp\/v2\/users\/1"}],"replies":[{"embeddable":true,"href":"https:\/\/web.umons.ac.be\/fs\/wp-json\/wp\/v2\/comments?post=425"}],"version-history":[{"count":1,"href":"https:\/\/web.umons.ac.be\/fs\/wp-json\/wp\/v2\/posts\/425\/revisions"}],"predecessor-version":[{"id":427,"href":"https:\/\/web.umons.ac.be\/fs\/wp-json\/wp\/v2\/posts\/425\/revisions\/427"}],"wp:featuredmedia":[{"embeddable":true,"href":"https:\/\/web.umons.ac.be\/fs\/wp-json\/wp\/v2\/media\/426"}],"wp:attachment":[{"href":"https:\/\/web.umons.ac.be\/fs\/wp-json\/wp\/v2\/media?parent=425"}],"wp:term":[{"taxonomy":"category","embeddable":true,"href":"https:\/\/web.umons.ac.be\/fs\/wp-json\/wp\/v2\/categories?post=425"},{"taxonomy":"post_tag","embeddable":true,"href":"https:\/\/web.umons.ac.be\/fs\/wp-json\/wp\/v2\/tags?post=425"}],"curies":[{"name":"wp","href":"https:\/\/api.w.org\/{rel}","templated":true}]}}