{"id":850,"date":"2018-05-02T08:15:35","date_gmt":"2018-05-02T06:15:35","guid":{"rendered":"https:\/\/web.umons.ac.be\/fs\/?p=850"},"modified":"2018-05-03T09:33:25","modified_gmt":"2018-05-03T07:33:25","slug":"enzymes-artificielles-travail-de-recherche-impliquant-chimistes-de-lumons-publie-nature-nanotechnology","status":"publish","type":"post","link":"https:\/\/web.umons.ac.be\/fs\/fr\/enzymes-artificielles-travail-de-recherche-impliquant-chimistes-de-lumons-publie-nature-nanotechnology\/","title":{"rendered":"Enzymes artificielles : un travail de recherche impliquant des chimistes de l\u2019UMONS est publi\u00e9 dans Nature Nanotechnology"},"content":{"rendered":"<p>Le service de Synth\u00e8se et Spectrom\u00e9trie de masse Organiques (S\u00b2MOs), dirig\u00e9 par le Professeur Pascal Gerbaux, a \u00e9t\u00e9 associ\u00e9 \u00e0 une recherche dans le domaine des machines mol\u00e9culaires, ces petits moteurs de dimension nanom\u00e9trique constitu\u00e9s de mol\u00e9cules qui utilisent une source d\u2019\u00e9nergie ext\u00e9rieure (temp\u00e9rature, lumi\u00e8re) pour se d\u00e9former et r\u00e9aliser des t\u00e2ches sp\u00e9cifiques (Prix Nobel de Chimie 2016).<\/p>\n<p>Le S2MOs, en particulier le Dr Julien De Winter, collabore avec <a href=\"https:\/\/www.deboresearchgroup.com\/\" target=\"_blank\" rel=\"noopener\">le laboratoire de recherche dirig\u00e9 par le Prof David Leigh \u00e0 l\u2019Universit\u00e9 de Manchester<\/a>. Ce laboratoire prestigieux est mondialement reconnu pour ses activit\u00e9s dans le domaine de la conception de machines mol\u00e9culaires. Julien De Winter participe activement aux travaux de recherche men\u00e9s par le Dr Guillaume De Bo. Ce dernier tente entre autres de cr\u00e9er des machines mol\u00e9culaires pr\u00e9sentant des activit\u00e9s biologiques g\u00e9n\u00e9ralement remplies par les enzymes pr\u00e9sents dans le monde vivant.<\/p>\n<p>La conception de telles enzymes dites artificielles requiert des m\u00e9thodes modernes de caract\u00e9risation et c\u2019est \u00e0 ce niveau que l\u2019expertise et l\u2019\u00e9quipement de pointe du laboratoire montois dans le domaine de la spectrom\u00e9trie de masse macromol\u00e9culaire sont de plus en plus sollicit\u00e9s en Belgique et \u00e0 l\u2019\u00e9tranger.<\/p>\n<p><img loading=\"lazy\" decoding=\"async\" class=\"alignleft wp-image-861 size-large\" src=\"https:\/\/web.umons.ac.be\/app\/uploads\/sites\/11\/2018\/05\/image_UMONS_fond-blanc-1024x576.jpg\" alt=\"\" width=\"1024\" height=\"576\" srcset=\"https:\/\/web.umons.ac.be\/app\/uploads\/sites\/11\/2018\/05\/image_UMONS_fond-blanc-1024x576.jpg 1024w, https:\/\/web.umons.ac.be\/app\/uploads\/sites\/11\/2018\/05\/image_UMONS_fond-blanc-300x169.jpg 300w, https:\/\/web.umons.ac.be\/app\/uploads\/sites\/11\/2018\/05\/image_UMONS_fond-blanc-768x432.jpg 768w, https:\/\/web.umons.ac.be\/app\/uploads\/sites\/11\/2018\/05\/image_UMONS_fond-blanc-1173x660.jpg 1173w, https:\/\/web.umons.ac.be\/app\/uploads\/sites\/11\/2018\/05\/image_UMONS_fond-blanc-30x17.jpg 30w, https:\/\/web.umons.ac.be\/app\/uploads\/sites\/11\/2018\/05\/image_UMONS_fond-blanc-60x34.jpg 60w, https:\/\/web.umons.ac.be\/app\/uploads\/sites\/11\/2018\/05\/image_UMONS_fond-blanc-360x203.jpg 360w, https:\/\/web.umons.ac.be\/app\/uploads\/sites\/11\/2018\/05\/image_UMONS_fond-blanc.jpg 1281w\" sizes=\"auto, (max-width: 1024px) 100vw, 1024px\" \/><\/p>\n<p>Dans ce contexte, le projet ambitieux men\u00e9 par les Dr De Bo et De Winter \u00e9tait de concevoir et utiliser une machine mol\u00e9culaire capable de synth\u00e9tiser des peptides, voire des prot\u00e9ines. Les r\u00e9sultats du projet ont d\u00e9pass\u00e9 les esp\u00e9rances et il est clairement \u00e9tabli que cette macromol\u00e9cule repr\u00e9sente un magnifique exemple d\u2019enzyme artificielle.<\/p>\n<p>Aujourd\u2019hui, parvenir \u00e0 concevoir et faire fonctionner ce type de machines mol\u00e9culaires repr\u00e9sente une prouesse scientifique qui, sans nul doute, trouvera des applications dans un avenir plus ou moins \u00e9loign\u00e9 dans des domaines aussi vari\u00e9s que la m\u00e9decine et la nanotechnologie. La r\u00e9ussite de ce projet multidisciplinaire est clairement d\u00e9montr\u00e9e au travers d\u2019une publication dans la prestigieuse revue Nature Nanotechnology (pour lire l&rsquo;article, <a href=\"https:\/\/www.nature.com\/articles\/s41565-018-0105-3.epdf?shared_access_token=YXFqkAMxO9dCTRWIUk6PfdRgN0jAjWel9jnR3ZoTv0MVyum2EUq-hTeAcS5YqJsquchYukq-yKy1sIiZUPpAqmUogA7mfjIJXP0VHGjC_TfRSBvlJdS4260zaKC4JtfByNnDDVaPawUi4fg81RsB2yoqDkKLzop2L8hPr7USiOk%3D\" target=\"_blank\" rel=\"noopener\">cliquez ici<\/a>).<\/p>\n<p>Il est \u00e0 noter que le Dr De Winter s\u00e9journera au sein du laboratoire anglais pendant les mois d\u2019\u00e9t\u00e9 de cette ann\u00e9e pour consolider plus encore ce partenariat entre deux chimistes trentenaires.<\/p>\n<p>Le laboratoire du Professeur Gerbaux est sp\u00e9cialis\u00e9 dans le domaine de la spectrom\u00e9trie de masse. Son expertise est reconnue en Belgique comme \u00e0 l\u2019\u00e9tranger et les chercheurs sont constamment sollicit\u00e9s pour leur expertise dans ce domaine de recherche. La spectrom\u00e9trie de masse est devenue, au cours des ann\u00e9es, une technique d\u2019analyse incontournable pour la caract\u00e9risation des macromol\u00e9cules.<\/p>\n","protected":false},"excerpt":{"rendered":"<p>Le service de Synth\u00e8se et Spectrom\u00e9trie de masse Organiques (S\u00b2MOs), du Prof. Pascal Gerbaux, a \u00e9t\u00e9 associ\u00e9 \u00e0 une recherche dans le domaine des machines mol\u00e9culaires, ces petits moteurs de dimension nanom\u00e9trique constitu\u00e9s de mol\u00e9cules qui utilisent une source d\u2019\u00e9nergie ext\u00e9rieure (temp\u00e9rature, lumi\u00e8re) pour se d\u00e9former et r\u00e9aliser des t\u00e2ches sp\u00e9cifiques. La recherche est parue dans la prestigieuse revue Nature Nanotechnology.<\/p>\n","protected":false},"author":5,"featured_media":861,"comment_status":"open","ping_status":"open","sticky":false,"template":"","format":"standard","meta":{"footnotes":""},"categories":[99,97],"tags":[],"class_list":["post-850","post","type-post","status-publish","format-standard","has-post-thumbnail","hentry","category-international","category-recherche"],"yoast_head":"<!-- This site is optimized with the Yoast SEO plugin v27.2 - https:\/\/yoast.com\/product\/yoast-seo-wordpress\/ -->\n<title>Enzymes artificielles : un travail de recherche impliquant des chimistes de l\u2019UMONS est publi\u00e9 dans Nature Nanotechnology - Facult\u00e9 \/ FS<\/title>\n<meta name=\"robots\" content=\"index, follow, max-snippet:-1, max-image-preview:large, max-video-preview:-1\" \/>\n<link rel=\"canonical\" href=\"https:\/\/web.umons.ac.be\/fs\/fr\/enzymes-artificielles-travail-de-recherche-impliquant-chimistes-de-lumons-publie-nature-nanotechnology\/\" \/>\n<meta property=\"og:locale\" content=\"fr_FR\" \/>\n<meta property=\"og:type\" content=\"article\" \/>\n<meta property=\"og:title\" content=\"Enzymes artificielles : un travail de recherche impliquant des chimistes de l\u2019UMONS est publi\u00e9 dans Nature Nanotechnology - Facult\u00e9 \/ FS\" \/>\n<meta property=\"og:description\" content=\"Le service de Synth\u00e8se et Spectrom\u00e9trie de masse Organiques (S\u00b2MOs), du Prof. Pascal Gerbaux, a \u00e9t\u00e9 associ\u00e9 \u00e0 une recherche dans le domaine des machines mol\u00e9culaires, ces petits moteurs de dimension nanom\u00e9trique constitu\u00e9s de mol\u00e9cules qui utilisent une source d\u2019\u00e9nergie ext\u00e9rieure (temp\u00e9rature, lumi\u00e8re) pour se d\u00e9former et r\u00e9aliser des t\u00e2ches sp\u00e9cifiques. La recherche est parue dans la prestigieuse revue Nature Nanotechnology.\" \/>\n<meta property=\"og:url\" content=\"https:\/\/web.umons.ac.be\/fs\/fr\/enzymes-artificielles-travail-de-recherche-impliquant-chimistes-de-lumons-publie-nature-nanotechnology\/\" \/>\n<meta property=\"og:site_name\" content=\"Facult\u00e9 \/ FS\" \/>\n<meta property=\"article:published_time\" content=\"2018-05-02T06:15:35+00:00\" \/>\n<meta property=\"article:modified_time\" content=\"2018-05-03T07:33:25+00:00\" \/>\n<meta property=\"og:image\" content=\"https:\/\/web.umons.ac.be\/app\/uploads\/sites\/11\/2018\/05\/image_UMONS_fond-blanc.jpg\" \/>\n\t<meta property=\"og:image:width\" content=\"1281\" \/>\n\t<meta property=\"og:image:height\" content=\"721\" \/>\n\t<meta property=\"og:image:type\" content=\"image\/jpeg\" \/>\n<meta name=\"author\" content=\"Valery Saintghislain\" \/>\n<meta name=\"twitter:card\" content=\"summary_large_image\" \/>\n<meta name=\"twitter:label1\" content=\"\u00c9crit par\" \/>\n\t<meta name=\"twitter:data1\" content=\"Valery Saintghislain\" \/>\n\t<meta name=\"twitter:label2\" content=\"Dur\u00e9e de lecture estim\u00e9e\" \/>\n\t<meta name=\"twitter:data2\" content=\"2 minutes\" \/>\n<script type=\"application\/ld+json\" class=\"yoast-schema-graph\">{\"@context\":\"https:\/\/schema.org\",\"@graph\":[{\"@type\":\"Article\",\"@id\":\"https:\/\/web.umons.ac.be\/fs\/fr\/enzymes-artificielles-travail-de-recherche-impliquant-chimistes-de-lumons-publie-nature-nanotechnology\/#article\",\"isPartOf\":{\"@id\":\"https:\/\/web.umons.ac.be\/fs\/fr\/enzymes-artificielles-travail-de-recherche-impliquant-chimistes-de-lumons-publie-nature-nanotechnology\/\"},\"author\":{\"name\":\"Valery Saintghislain\",\"@id\":\"https:\/\/web.umons.ac.be\/fs\/#\/schema\/person\/7c9889b0ce8057f3ff48fad706e67242\"},\"headline\":\"Enzymes artificielles : un travail de recherche impliquant des chimistes de l\u2019UMONS est publi\u00e9 dans Nature Nanotechnology\",\"datePublished\":\"2018-05-02T06:15:35+00:00\",\"dateModified\":\"2018-05-03T07:33:25+00:00\",\"mainEntityOfPage\":{\"@id\":\"https:\/\/web.umons.ac.be\/fs\/fr\/enzymes-artificielles-travail-de-recherche-impliquant-chimistes-de-lumons-publie-nature-nanotechnology\/\"},\"wordCount\":471,\"commentCount\":0,\"image\":{\"@id\":\"https:\/\/web.umons.ac.be\/fs\/fr\/enzymes-artificielles-travail-de-recherche-impliquant-chimistes-de-lumons-publie-nature-nanotechnology\/#primaryimage\"},\"thumbnailUrl\":\"https:\/\/web.umons.ac.be\/app\/uploads\/sites\/11\/2018\/05\/image_UMONS_fond-blanc.jpg\",\"articleSection\":[\"International\",\"Recherche\"],\"inLanguage\":\"fr-FR\",\"potentialAction\":[{\"@type\":\"CommentAction\",\"name\":\"Comment\",\"target\":[\"https:\/\/web.umons.ac.be\/fs\/fr\/enzymes-artificielles-travail-de-recherche-impliquant-chimistes-de-lumons-publie-nature-nanotechnology\/#respond\"]}]},{\"@type\":\"WebPage\",\"@id\":\"https:\/\/web.umons.ac.be\/fs\/fr\/enzymes-artificielles-travail-de-recherche-impliquant-chimistes-de-lumons-publie-nature-nanotechnology\/\",\"url\":\"https:\/\/web.umons.ac.be\/fs\/fr\/enzymes-artificielles-travail-de-recherche-impliquant-chimistes-de-lumons-publie-nature-nanotechnology\/\",\"name\":\"Enzymes artificielles : un travail de recherche impliquant des chimistes de l\u2019UMONS est publi\u00e9 dans Nature Nanotechnology - Facult\u00e9 \/ FS\",\"isPartOf\":{\"@id\":\"https:\/\/web.umons.ac.be\/fs\/#website\"},\"primaryImageOfPage\":{\"@id\":\"https:\/\/web.umons.ac.be\/fs\/fr\/enzymes-artificielles-travail-de-recherche-impliquant-chimistes-de-lumons-publie-nature-nanotechnology\/#primaryimage\"},\"image\":{\"@id\":\"https:\/\/web.umons.ac.be\/fs\/fr\/enzymes-artificielles-travail-de-recherche-impliquant-chimistes-de-lumons-publie-nature-nanotechnology\/#primaryimage\"},\"thumbnailUrl\":\"https:\/\/web.umons.ac.be\/app\/uploads\/sites\/11\/2018\/05\/image_UMONS_fond-blanc.jpg\",\"datePublished\":\"2018-05-02T06:15:35+00:00\",\"dateModified\":\"2018-05-03T07:33:25+00:00\",\"author\":{\"@id\":\"https:\/\/web.umons.ac.be\/fs\/#\/schema\/person\/7c9889b0ce8057f3ff48fad706e67242\"},\"breadcrumb\":{\"@id\":\"https:\/\/web.umons.ac.be\/fs\/fr\/enzymes-artificielles-travail-de-recherche-impliquant-chimistes-de-lumons-publie-nature-nanotechnology\/#breadcrumb\"},\"inLanguage\":\"fr-FR\",\"potentialAction\":[{\"@type\":\"ReadAction\",\"target\":[\"https:\/\/web.umons.ac.be\/fs\/fr\/enzymes-artificielles-travail-de-recherche-impliquant-chimistes-de-lumons-publie-nature-nanotechnology\/\"]}]},{\"@type\":\"ImageObject\",\"inLanguage\":\"fr-FR\",\"@id\":\"https:\/\/web.umons.ac.be\/fs\/fr\/enzymes-artificielles-travail-de-recherche-impliquant-chimistes-de-lumons-publie-nature-nanotechnology\/#primaryimage\",\"url\":\"https:\/\/web.umons.ac.be\/app\/uploads\/sites\/11\/2018\/05\/image_UMONS_fond-blanc.jpg\",\"contentUrl\":\"https:\/\/web.umons.ac.be\/app\/uploads\/sites\/11\/2018\/05\/image_UMONS_fond-blanc.jpg\",\"width\":1281,\"height\":721},{\"@type\":\"BreadcrumbList\",\"@id\":\"https:\/\/web.umons.ac.be\/fs\/fr\/enzymes-artificielles-travail-de-recherche-impliquant-chimistes-de-lumons-publie-nature-nanotechnology\/#breadcrumb\",\"itemListElement\":[{\"@type\":\"ListItem\",\"position\":1,\"name\":\"Accueil\",\"item\":\"https:\/\/web.umons.ac.be\/fs\/fr\/\"},{\"@type\":\"ListItem\",\"position\":2,\"name\":\"Enzymes artificielles : un travail de recherche impliquant des chimistes de l\u2019UMONS est publi\u00e9 dans Nature Nanotechnology\"}]},{\"@type\":\"WebSite\",\"@id\":\"https:\/\/web.umons.ac.be\/fs\/#website\",\"url\":\"https:\/\/web.umons.ac.be\/fs\/\",\"name\":\"Facult\u00e9 \/ FS\",\"description\":\"\",\"potentialAction\":[{\"@type\":\"SearchAction\",\"target\":{\"@type\":\"EntryPoint\",\"urlTemplate\":\"https:\/\/web.umons.ac.be\/fs\/?s={search_term_string}\"},\"query-input\":{\"@type\":\"PropertyValueSpecification\",\"valueRequired\":true,\"valueName\":\"search_term_string\"}}],\"inLanguage\":\"fr-FR\"},{\"@type\":\"Person\",\"@id\":\"https:\/\/web.umons.ac.be\/fs\/#\/schema\/person\/7c9889b0ce8057f3ff48fad706e67242\",\"name\":\"Valery Saintghislain\",\"image\":{\"@type\":\"ImageObject\",\"inLanguage\":\"fr-FR\",\"@id\":\"https:\/\/secure.gravatar.com\/avatar\/44bb4e1f113ddb10a7bae21f28b83af0917b5de0f146ddff631329aa1705ff6a?s=96&d=mm&r=g\",\"url\":\"https:\/\/secure.gravatar.com\/avatar\/44bb4e1f113ddb10a7bae21f28b83af0917b5de0f146ddff631329aa1705ff6a?s=96&d=mm&r=g\",\"contentUrl\":\"https:\/\/secure.gravatar.com\/avatar\/44bb4e1f113ddb10a7bae21f28b83af0917b5de0f146ddff631329aa1705ff6a?s=96&d=mm&r=g\",\"caption\":\"Valery Saintghislain\"},\"url\":\"https:\/\/web.umons.ac.be\/fs\/author\/vsaintghislain\/\"}]}<\/script>\n<!-- \/ Yoast SEO plugin. -->","yoast_head_json":{"title":"Enzymes artificielles : un travail de recherche impliquant des chimistes de l\u2019UMONS est publi\u00e9 dans Nature Nanotechnology - Facult\u00e9 \/ FS","robots":{"index":"index","follow":"follow","max-snippet":"max-snippet:-1","max-image-preview":"max-image-preview:large","max-video-preview":"max-video-preview:-1"},"canonical":"https:\/\/web.umons.ac.be\/fs\/fr\/enzymes-artificielles-travail-de-recherche-impliquant-chimistes-de-lumons-publie-nature-nanotechnology\/","og_locale":"fr_FR","og_type":"article","og_title":"Enzymes artificielles : un travail de recherche impliquant des chimistes de l\u2019UMONS est publi\u00e9 dans Nature Nanotechnology - Facult\u00e9 \/ FS","og_description":"Le service de Synth\u00e8se et Spectrom\u00e9trie de masse Organiques (S\u00b2MOs), du Prof. Pascal Gerbaux, a \u00e9t\u00e9 associ\u00e9 \u00e0 une recherche dans le domaine des machines mol\u00e9culaires, ces petits moteurs de dimension nanom\u00e9trique constitu\u00e9s de mol\u00e9cules qui utilisent une source d\u2019\u00e9nergie ext\u00e9rieure (temp\u00e9rature, lumi\u00e8re) pour se d\u00e9former et r\u00e9aliser des t\u00e2ches sp\u00e9cifiques. La recherche est parue dans la prestigieuse revue Nature Nanotechnology.","og_url":"https:\/\/web.umons.ac.be\/fs\/fr\/enzymes-artificielles-travail-de-recherche-impliquant-chimistes-de-lumons-publie-nature-nanotechnology\/","og_site_name":"Facult\u00e9 \/ FS","article_published_time":"2018-05-02T06:15:35+00:00","article_modified_time":"2018-05-03T07:33:25+00:00","og_image":[{"width":1281,"height":721,"url":"https:\/\/web.umons.ac.be\/app\/uploads\/sites\/11\/2018\/05\/image_UMONS_fond-blanc.jpg","type":"image\/jpeg"}],"author":"Valery Saintghislain","twitter_card":"summary_large_image","twitter_misc":{"\u00c9crit par":"Valery Saintghislain","Dur\u00e9e de lecture estim\u00e9e":"2 minutes"},"schema":{"@context":"https:\/\/schema.org","@graph":[{"@type":"Article","@id":"https:\/\/web.umons.ac.be\/fs\/fr\/enzymes-artificielles-travail-de-recherche-impliquant-chimistes-de-lumons-publie-nature-nanotechnology\/#article","isPartOf":{"@id":"https:\/\/web.umons.ac.be\/fs\/fr\/enzymes-artificielles-travail-de-recherche-impliquant-chimistes-de-lumons-publie-nature-nanotechnology\/"},"author":{"name":"Valery Saintghislain","@id":"https:\/\/web.umons.ac.be\/fs\/#\/schema\/person\/7c9889b0ce8057f3ff48fad706e67242"},"headline":"Enzymes artificielles : un travail de recherche impliquant des chimistes de l\u2019UMONS est publi\u00e9 dans Nature Nanotechnology","datePublished":"2018-05-02T06:15:35+00:00","dateModified":"2018-05-03T07:33:25+00:00","mainEntityOfPage":{"@id":"https:\/\/web.umons.ac.be\/fs\/fr\/enzymes-artificielles-travail-de-recherche-impliquant-chimistes-de-lumons-publie-nature-nanotechnology\/"},"wordCount":471,"commentCount":0,"image":{"@id":"https:\/\/web.umons.ac.be\/fs\/fr\/enzymes-artificielles-travail-de-recherche-impliquant-chimistes-de-lumons-publie-nature-nanotechnology\/#primaryimage"},"thumbnailUrl":"https:\/\/web.umons.ac.be\/app\/uploads\/sites\/11\/2018\/05\/image_UMONS_fond-blanc.jpg","articleSection":["International","Recherche"],"inLanguage":"fr-FR","potentialAction":[{"@type":"CommentAction","name":"Comment","target":["https:\/\/web.umons.ac.be\/fs\/fr\/enzymes-artificielles-travail-de-recherche-impliquant-chimistes-de-lumons-publie-nature-nanotechnology\/#respond"]}]},{"@type":"WebPage","@id":"https:\/\/web.umons.ac.be\/fs\/fr\/enzymes-artificielles-travail-de-recherche-impliquant-chimistes-de-lumons-publie-nature-nanotechnology\/","url":"https:\/\/web.umons.ac.be\/fs\/fr\/enzymes-artificielles-travail-de-recherche-impliquant-chimistes-de-lumons-publie-nature-nanotechnology\/","name":"Enzymes artificielles : un travail de recherche impliquant des chimistes de l\u2019UMONS est publi\u00e9 dans Nature Nanotechnology - Facult\u00e9 \/ FS","isPartOf":{"@id":"https:\/\/web.umons.ac.be\/fs\/#website"},"primaryImageOfPage":{"@id":"https:\/\/web.umons.ac.be\/fs\/fr\/enzymes-artificielles-travail-de-recherche-impliquant-chimistes-de-lumons-publie-nature-nanotechnology\/#primaryimage"},"image":{"@id":"https:\/\/web.umons.ac.be\/fs\/fr\/enzymes-artificielles-travail-de-recherche-impliquant-chimistes-de-lumons-publie-nature-nanotechnology\/#primaryimage"},"thumbnailUrl":"https:\/\/web.umons.ac.be\/app\/uploads\/sites\/11\/2018\/05\/image_UMONS_fond-blanc.jpg","datePublished":"2018-05-02T06:15:35+00:00","dateModified":"2018-05-03T07:33:25+00:00","author":{"@id":"https:\/\/web.umons.ac.be\/fs\/#\/schema\/person\/7c9889b0ce8057f3ff48fad706e67242"},"breadcrumb":{"@id":"https:\/\/web.umons.ac.be\/fs\/fr\/enzymes-artificielles-travail-de-recherche-impliquant-chimistes-de-lumons-publie-nature-nanotechnology\/#breadcrumb"},"inLanguage":"fr-FR","potentialAction":[{"@type":"ReadAction","target":["https:\/\/web.umons.ac.be\/fs\/fr\/enzymes-artificielles-travail-de-recherche-impliquant-chimistes-de-lumons-publie-nature-nanotechnology\/"]}]},{"@type":"ImageObject","inLanguage":"fr-FR","@id":"https:\/\/web.umons.ac.be\/fs\/fr\/enzymes-artificielles-travail-de-recherche-impliquant-chimistes-de-lumons-publie-nature-nanotechnology\/#primaryimage","url":"https:\/\/web.umons.ac.be\/app\/uploads\/sites\/11\/2018\/05\/image_UMONS_fond-blanc.jpg","contentUrl":"https:\/\/web.umons.ac.be\/app\/uploads\/sites\/11\/2018\/05\/image_UMONS_fond-blanc.jpg","width":1281,"height":721},{"@type":"BreadcrumbList","@id":"https:\/\/web.umons.ac.be\/fs\/fr\/enzymes-artificielles-travail-de-recherche-impliquant-chimistes-de-lumons-publie-nature-nanotechnology\/#breadcrumb","itemListElement":[{"@type":"ListItem","position":1,"name":"Accueil","item":"https:\/\/web.umons.ac.be\/fs\/fr\/"},{"@type":"ListItem","position":2,"name":"Enzymes artificielles : un travail de recherche impliquant des chimistes de l\u2019UMONS est publi\u00e9 dans Nature Nanotechnology"}]},{"@type":"WebSite","@id":"https:\/\/web.umons.ac.be\/fs\/#website","url":"https:\/\/web.umons.ac.be\/fs\/","name":"Facult\u00e9 \/ FS","description":"","potentialAction":[{"@type":"SearchAction","target":{"@type":"EntryPoint","urlTemplate":"https:\/\/web.umons.ac.be\/fs\/?s={search_term_string}"},"query-input":{"@type":"PropertyValueSpecification","valueRequired":true,"valueName":"search_term_string"}}],"inLanguage":"fr-FR"},{"@type":"Person","@id":"https:\/\/web.umons.ac.be\/fs\/#\/schema\/person\/7c9889b0ce8057f3ff48fad706e67242","name":"Valery Saintghislain","image":{"@type":"ImageObject","inLanguage":"fr-FR","@id":"https:\/\/secure.gravatar.com\/avatar\/44bb4e1f113ddb10a7bae21f28b83af0917b5de0f146ddff631329aa1705ff6a?s=96&d=mm&r=g","url":"https:\/\/secure.gravatar.com\/avatar\/44bb4e1f113ddb10a7bae21f28b83af0917b5de0f146ddff631329aa1705ff6a?s=96&d=mm&r=g","contentUrl":"https:\/\/secure.gravatar.com\/avatar\/44bb4e1f113ddb10a7bae21f28b83af0917b5de0f146ddff631329aa1705ff6a?s=96&d=mm&r=g","caption":"Valery Saintghislain"},"url":"https:\/\/web.umons.ac.be\/fs\/author\/vsaintghislain\/"}]}},"lang":"fr","translations":{"fr":850},"pll_sync_post":[],"_links":{"self":[{"href":"https:\/\/web.umons.ac.be\/fs\/wp-json\/wp\/v2\/posts\/850","targetHints":{"allow":["GET"]}}],"collection":[{"href":"https:\/\/web.umons.ac.be\/fs\/wp-json\/wp\/v2\/posts"}],"about":[{"href":"https:\/\/web.umons.ac.be\/fs\/wp-json\/wp\/v2\/types\/post"}],"author":[{"embeddable":true,"href":"https:\/\/web.umons.ac.be\/fs\/wp-json\/wp\/v2\/users\/5"}],"replies":[{"embeddable":true,"href":"https:\/\/web.umons.ac.be\/fs\/wp-json\/wp\/v2\/comments?post=850"}],"version-history":[{"count":7,"href":"https:\/\/web.umons.ac.be\/fs\/wp-json\/wp\/v2\/posts\/850\/revisions"}],"predecessor-version":[{"id":862,"href":"https:\/\/web.umons.ac.be\/fs\/wp-json\/wp\/v2\/posts\/850\/revisions\/862"}],"wp:featuredmedia":[{"embeddable":true,"href":"https:\/\/web.umons.ac.be\/fs\/wp-json\/wp\/v2\/media\/861"}],"wp:attachment":[{"href":"https:\/\/web.umons.ac.be\/fs\/wp-json\/wp\/v2\/media?parent=850"}],"wp:term":[{"taxonomy":"category","embeddable":true,"href":"https:\/\/web.umons.ac.be\/fs\/wp-json\/wp\/v2\/categories?post=850"},{"taxonomy":"post_tag","embeddable":true,"href":"https:\/\/web.umons.ac.be\/fs\/wp-json\/wp\/v2\/tags?post=850"}],"curies":[{"name":"wp","href":"https:\/\/api.w.org\/{rel}","templated":true}]}}