{"id":202,"date":"2010-01-14T17:34:30","date_gmt":"2010-01-14T16:34:30","guid":{"rendered":"https:\/\/web.umons.ac.be\/langage\/?p=202"},"modified":"2017-11-17T17:35:54","modified_gmt":"2017-11-17T16:35:54","slug":"des-etudiants-de-luniversite-de-bordeaux-2-a-lumons-pour-se-perfectionner-en-linguistique-cognitive","status":"publish","type":"post","link":"https:\/\/web.umons.ac.be\/langage\/fr\/des-etudiants-de-luniversite-de-bordeaux-2-a-lumons-pour-se-perfectionner-en-linguistique-cognitive\/","title":{"rendered":"Des \u00e9tudiants de l&rsquo;Universit\u00e9 de Bordeaux 2 \u00e0 l&rsquo;UMONS pour se perfectionner en linguistique cognitive"},"content":{"rendered":"<p>Sept \u00e9tudiants de Master 2 recherche de\u00a0<span class=\"ms-rteCustom-Gras\">l&rsquo;Universit\u00e9 Victor S\u00e9galen \u2013 Bordeaux 2<\/span>\u00a0viendront suivre un module intensif de linguistique cognitive \u00e0 l&rsquo;UMons du 19 au 23 avril prochain.<\/p>\n<p>Leur visite leur permettra d&rsquo;approfondir leurs connaissances dans les th\u00e9matiques suivantes: la neuropsycholinguistique des d\u00e9mences, langage inn\u00e9 ou langage acquis, langage et r\u00e9cursion.<\/p>\n<p>Elle portera aussi sur les liens entre l&rsquo;approche non verbale mise au point par l&rsquo;\u00e9quipe de sciences cognitives montoise (Non Verbal Communication Device approach) et la fonction langagi\u00e8re. La d\u00e9l\u00e9gation aura \u00e9galement droit \u00e0 une formation pratique \u00e0 l&#8217;emploi de ces NVCD.<\/p>\n<p>Lors de leur s\u00e9jour, les \u00e9tudiants bordelais pr\u00e9senteront\u00a0 l&rsquo;\u00e9tat d&rsquo;avancement de leurs recherches de Master \u00e0 l&rsquo;\u00e9quipe et aux \u00e9tudiants montois. Une journ\u00e9e de s\u00e9minaire sera enfin consacr\u00e9e \u00e0 une pr\u00e9sentation de l&rsquo;\u00e9tat d&rsquo;avancement des recherches men\u00e9es par les chercheurs et les \u00e9tudiants montois \u00e0 leurs h\u00f4tes bordelais.<\/p>\n<p>Le s\u00e9jour se terminera le vendredi soir vers 18h par un verre \u00ab\u00a0d&rsquo;au revoir\u00a0\u00bb o\u00f9 les \u00e9tudiants bordelais auront l&rsquo;occasion de rencontrer d&rsquo;autres \u00e9tudiants et enseignants montois.<\/p>\n<p>La personne de contact est M. Francis Lowenthal,\u00a0 directeur du laboratoire des sciences cognitives de l&rsquo;UMONS, Pr\u00e9sident du Conseil de Direction de l&rsquo;Institut des siences du langage.<\/p>\n<p>Il est joignable au 065 37 31 27 ou via le mail\u00a0<a href=\"mailto:Francis.Lowenthal@umons.ac.be\">Francis.Lowenthal@umons.ac.be<\/a><\/p>\n","protected":false},"excerpt":{"rendered":"<p>Sept \u00e9tudiants de l&rsquo;Universit\u00e9 Victor S\u00e9galen \u2013 Bordeaux 2 viendront suivre un module intensif de linguistique cognitive \u00e0 l&rsquo;UMons du 19 au 23 avril prochain.<\/p>\n","protected":false},"author":1,"featured_media":19,"comment_status":"open","ping_status":"open","sticky":false,"template":"","format":"standard","meta":{"footnotes":""},"categories":[],"tags":[],"class_list":["post-202","post","type-post","status-publish","format-standard","has-post-thumbnail","hentry"],"yoast_head":"<!-- This site is optimized with the Yoast SEO plugin v27.2 - https:\/\/yoast.com\/product\/yoast-seo-wordpress\/ -->\n<title>Des \u00e9tudiants de l&#039;Universit\u00e9 de Bordeaux 2 \u00e0 l&#039;UMONS pour se perfectionner en linguistique cognitive - Institut \/ Langage<\/title>\n<meta name=\"robots\" content=\"index, follow, max-snippet:-1, max-image-preview:large, max-video-preview:-1\" \/>\n<link rel=\"canonical\" href=\"https:\/\/web.umons.ac.be\/langage\/fr\/des-etudiants-de-luniversite-de-bordeaux-2-a-lumons-pour-se-perfectionner-en-linguistique-cognitive\/\" \/>\n<meta property=\"og:locale\" content=\"fr_FR\" \/>\n<meta property=\"og:type\" content=\"article\" \/>\n<meta property=\"og:title\" content=\"Des \u00e9tudiants de l&#039;Universit\u00e9 de Bordeaux 2 \u00e0 l&#039;UMONS pour se perfectionner en linguistique cognitive - Institut \/ Langage\" \/>\n<meta property=\"og:description\" content=\"Sept \u00e9tudiants de l&#039;Universit\u00e9 Victor S\u00e9galen \u2013 Bordeaux 2 viendront suivre un module intensif de linguistique cognitive \u00e0 l&#039;UMons du 19 au 23 avril prochain.\" \/>\n<meta property=\"og:url\" content=\"https:\/\/web.umons.ac.be\/langage\/fr\/des-etudiants-de-luniversite-de-bordeaux-2-a-lumons-pour-se-perfectionner-en-linguistique-cognitive\/\" \/>\n<meta property=\"og:site_name\" content=\"Institut \/ Langage\" \/>\n<meta property=\"article:published_time\" content=\"2010-01-14T16:34:30+00:00\" \/>\n<meta property=\"article:modified_time\" content=\"2017-11-17T16:35:54+00:00\" \/>\n<meta property=\"og:image\" content=\"https:\/\/web.umons.ac.be\/app\/uploads\/sites\/39\/2017\/09\/langage.png\" \/>\n\t<meta property=\"og:image:width\" content=\"172\" \/>\n\t<meta property=\"og:image:height\" content=\"51\" \/>\n\t<meta property=\"og:image:type\" content=\"image\/png\" \/>\n<meta name=\"author\" content=\"UMONS Administration\" \/>\n<meta name=\"twitter:card\" content=\"summary_large_image\" \/>\n<meta name=\"twitter:label1\" content=\"\u00c9crit par\" \/>\n\t<meta name=\"twitter:data1\" content=\"UMONS Administration\" \/>\n\t<meta name=\"twitter:label2\" content=\"Dur\u00e9e de lecture estim\u00e9e\" \/>\n\t<meta name=\"twitter:data2\" content=\"1 minute\" \/>\n<script type=\"application\/ld+json\" class=\"yoast-schema-graph\">{\"@context\":\"https:\/\/schema.org\",\"@graph\":[{\"@type\":\"Article\",\"@id\":\"https:\/\/web.umons.ac.be\/langage\/fr\/des-etudiants-de-luniversite-de-bordeaux-2-a-lumons-pour-se-perfectionner-en-linguistique-cognitive\/#article\",\"isPartOf\":{\"@id\":\"https:\/\/web.umons.ac.be\/langage\/fr\/des-etudiants-de-luniversite-de-bordeaux-2-a-lumons-pour-se-perfectionner-en-linguistique-cognitive\/\"},\"author\":{\"name\":\"UMONS Administration\",\"@id\":\"https:\/\/web.umons.ac.be\/langage\/#\/schema\/person\/fe6f953d2fd33e92c6d457f8f86a305f\"},\"headline\":\"Des \u00e9tudiants de l&rsquo;Universit\u00e9 de Bordeaux 2 \u00e0 l&rsquo;UMONS pour se perfectionner en linguistique cognitive\",\"datePublished\":\"2010-01-14T16:34:30+00:00\",\"dateModified\":\"2017-11-17T16:35:54+00:00\",\"mainEntityOfPage\":{\"@id\":\"https:\/\/web.umons.ac.be\/langage\/fr\/des-etudiants-de-luniversite-de-bordeaux-2-a-lumons-pour-se-perfectionner-en-linguistique-cognitive\/\"},\"wordCount\":246,\"commentCount\":0,\"image\":{\"@id\":\"https:\/\/web.umons.ac.be\/langage\/fr\/des-etudiants-de-luniversite-de-bordeaux-2-a-lumons-pour-se-perfectionner-en-linguistique-cognitive\/#primaryimage\"},\"thumbnailUrl\":\"https:\/\/web.umons.ac.be\/app\/uploads\/sites\/39\/2017\/09\/langage.png\",\"inLanguage\":\"fr-FR\",\"potentialAction\":[{\"@type\":\"CommentAction\",\"name\":\"Comment\",\"target\":[\"https:\/\/web.umons.ac.be\/langage\/fr\/des-etudiants-de-luniversite-de-bordeaux-2-a-lumons-pour-se-perfectionner-en-linguistique-cognitive\/#respond\"]}]},{\"@type\":\"WebPage\",\"@id\":\"https:\/\/web.umons.ac.be\/langage\/fr\/des-etudiants-de-luniversite-de-bordeaux-2-a-lumons-pour-se-perfectionner-en-linguistique-cognitive\/\",\"url\":\"https:\/\/web.umons.ac.be\/langage\/fr\/des-etudiants-de-luniversite-de-bordeaux-2-a-lumons-pour-se-perfectionner-en-linguistique-cognitive\/\",\"name\":\"Des \u00e9tudiants de l'Universit\u00e9 de Bordeaux 2 \u00e0 l'UMONS pour se perfectionner en linguistique cognitive - Institut \/ Langage\",\"isPartOf\":{\"@id\":\"https:\/\/web.umons.ac.be\/langage\/#website\"},\"primaryImageOfPage\":{\"@id\":\"https:\/\/web.umons.ac.be\/langage\/fr\/des-etudiants-de-luniversite-de-bordeaux-2-a-lumons-pour-se-perfectionner-en-linguistique-cognitive\/#primaryimage\"},\"image\":{\"@id\":\"https:\/\/web.umons.ac.be\/langage\/fr\/des-etudiants-de-luniversite-de-bordeaux-2-a-lumons-pour-se-perfectionner-en-linguistique-cognitive\/#primaryimage\"},\"thumbnailUrl\":\"https:\/\/web.umons.ac.be\/app\/uploads\/sites\/39\/2017\/09\/langage.png\",\"datePublished\":\"2010-01-14T16:34:30+00:00\",\"dateModified\":\"2017-11-17T16:35:54+00:00\",\"author\":{\"@id\":\"https:\/\/web.umons.ac.be\/langage\/#\/schema\/person\/fe6f953d2fd33e92c6d457f8f86a305f\"},\"breadcrumb\":{\"@id\":\"https:\/\/web.umons.ac.be\/langage\/fr\/des-etudiants-de-luniversite-de-bordeaux-2-a-lumons-pour-se-perfectionner-en-linguistique-cognitive\/#breadcrumb\"},\"inLanguage\":\"fr-FR\",\"potentialAction\":[{\"@type\":\"ReadAction\",\"target\":[\"https:\/\/web.umons.ac.be\/langage\/fr\/des-etudiants-de-luniversite-de-bordeaux-2-a-lumons-pour-se-perfectionner-en-linguistique-cognitive\/\"]}]},{\"@type\":\"ImageObject\",\"inLanguage\":\"fr-FR\",\"@id\":\"https:\/\/web.umons.ac.be\/langage\/fr\/des-etudiants-de-luniversite-de-bordeaux-2-a-lumons-pour-se-perfectionner-en-linguistique-cognitive\/#primaryimage\",\"url\":\"https:\/\/web.umons.ac.be\/app\/uploads\/sites\/39\/2017\/09\/langage.png\",\"contentUrl\":\"https:\/\/web.umons.ac.be\/app\/uploads\/sites\/39\/2017\/09\/langage.png\",\"width\":172,\"height\":51},{\"@type\":\"BreadcrumbList\",\"@id\":\"https:\/\/web.umons.ac.be\/langage\/fr\/des-etudiants-de-luniversite-de-bordeaux-2-a-lumons-pour-se-perfectionner-en-linguistique-cognitive\/#breadcrumb\",\"itemListElement\":[{\"@type\":\"ListItem\",\"position\":1,\"name\":\"Accueil\",\"item\":\"https:\/\/web.umons.ac.be\/langage\/fr\/\"},{\"@type\":\"ListItem\",\"position\":2,\"name\":\"Des \u00e9tudiants de l&rsquo;Universit\u00e9 de Bordeaux 2 \u00e0 l&rsquo;UMONS pour se perfectionner en linguistique cognitive\"}]},{\"@type\":\"WebSite\",\"@id\":\"https:\/\/web.umons.ac.be\/langage\/#website\",\"url\":\"https:\/\/web.umons.ac.be\/langage\/\",\"name\":\"Institut \/ Langage\",\"description\":\"Un site utilisant Universit\u00e9 de Mons \u2013 UMONS\",\"potentialAction\":[{\"@type\":\"SearchAction\",\"target\":{\"@type\":\"EntryPoint\",\"urlTemplate\":\"https:\/\/web.umons.ac.be\/langage\/?s={search_term_string}\"},\"query-input\":{\"@type\":\"PropertyValueSpecification\",\"valueRequired\":true,\"valueName\":\"search_term_string\"}}],\"inLanguage\":\"fr-FR\"},{\"@type\":\"Person\",\"@id\":\"https:\/\/web.umons.ac.be\/langage\/#\/schema\/person\/fe6f953d2fd33e92c6d457f8f86a305f\",\"name\":\"UMONS Administration\",\"image\":{\"@type\":\"ImageObject\",\"inLanguage\":\"fr-FR\",\"@id\":\"https:\/\/secure.gravatar.com\/avatar\/a2a4086b60c40f46aa897949adc459f31405f93c9f0702f0a82b68f226f30bdc?s=96&d=mm&r=g\",\"url\":\"https:\/\/secure.gravatar.com\/avatar\/a2a4086b60c40f46aa897949adc459f31405f93c9f0702f0a82b68f226f30bdc?s=96&d=mm&r=g\",\"contentUrl\":\"https:\/\/secure.gravatar.com\/avatar\/a2a4086b60c40f46aa897949adc459f31405f93c9f0702f0a82b68f226f30bdc?s=96&d=mm&r=g\",\"caption\":\"UMONS Administration\"},\"url\":\"https:\/\/web.umons.ac.be\/langage\/author\/umons\/\"}]}<\/script>\n<!-- \/ Yoast SEO plugin. -->","yoast_head_json":{"title":"Des \u00e9tudiants de l'Universit\u00e9 de Bordeaux 2 \u00e0 l'UMONS pour se perfectionner en linguistique cognitive - Institut \/ Langage","robots":{"index":"index","follow":"follow","max-snippet":"max-snippet:-1","max-image-preview":"max-image-preview:large","max-video-preview":"max-video-preview:-1"},"canonical":"https:\/\/web.umons.ac.be\/langage\/fr\/des-etudiants-de-luniversite-de-bordeaux-2-a-lumons-pour-se-perfectionner-en-linguistique-cognitive\/","og_locale":"fr_FR","og_type":"article","og_title":"Des \u00e9tudiants de l'Universit\u00e9 de Bordeaux 2 \u00e0 l'UMONS pour se perfectionner en linguistique cognitive - Institut \/ Langage","og_description":"Sept \u00e9tudiants de l'Universit\u00e9 Victor S\u00e9galen \u2013 Bordeaux 2 viendront suivre un module intensif de linguistique cognitive \u00e0 l'UMons du 19 au 23 avril prochain.","og_url":"https:\/\/web.umons.ac.be\/langage\/fr\/des-etudiants-de-luniversite-de-bordeaux-2-a-lumons-pour-se-perfectionner-en-linguistique-cognitive\/","og_site_name":"Institut \/ Langage","article_published_time":"2010-01-14T16:34:30+00:00","article_modified_time":"2017-11-17T16:35:54+00:00","og_image":[{"width":172,"height":51,"url":"https:\/\/web.umons.ac.be\/app\/uploads\/sites\/39\/2017\/09\/langage.png","type":"image\/png"}],"author":"UMONS Administration","twitter_card":"summary_large_image","twitter_misc":{"\u00c9crit par":"UMONS Administration","Dur\u00e9e de lecture estim\u00e9e":"1 minute"},"schema":{"@context":"https:\/\/schema.org","@graph":[{"@type":"Article","@id":"https:\/\/web.umons.ac.be\/langage\/fr\/des-etudiants-de-luniversite-de-bordeaux-2-a-lumons-pour-se-perfectionner-en-linguistique-cognitive\/#article","isPartOf":{"@id":"https:\/\/web.umons.ac.be\/langage\/fr\/des-etudiants-de-luniversite-de-bordeaux-2-a-lumons-pour-se-perfectionner-en-linguistique-cognitive\/"},"author":{"name":"UMONS Administration","@id":"https:\/\/web.umons.ac.be\/langage\/#\/schema\/person\/fe6f953d2fd33e92c6d457f8f86a305f"},"headline":"Des \u00e9tudiants de l&rsquo;Universit\u00e9 de Bordeaux 2 \u00e0 l&rsquo;UMONS pour se perfectionner en linguistique cognitive","datePublished":"2010-01-14T16:34:30+00:00","dateModified":"2017-11-17T16:35:54+00:00","mainEntityOfPage":{"@id":"https:\/\/web.umons.ac.be\/langage\/fr\/des-etudiants-de-luniversite-de-bordeaux-2-a-lumons-pour-se-perfectionner-en-linguistique-cognitive\/"},"wordCount":246,"commentCount":0,"image":{"@id":"https:\/\/web.umons.ac.be\/langage\/fr\/des-etudiants-de-luniversite-de-bordeaux-2-a-lumons-pour-se-perfectionner-en-linguistique-cognitive\/#primaryimage"},"thumbnailUrl":"https:\/\/web.umons.ac.be\/app\/uploads\/sites\/39\/2017\/09\/langage.png","inLanguage":"fr-FR","potentialAction":[{"@type":"CommentAction","name":"Comment","target":["https:\/\/web.umons.ac.be\/langage\/fr\/des-etudiants-de-luniversite-de-bordeaux-2-a-lumons-pour-se-perfectionner-en-linguistique-cognitive\/#respond"]}]},{"@type":"WebPage","@id":"https:\/\/web.umons.ac.be\/langage\/fr\/des-etudiants-de-luniversite-de-bordeaux-2-a-lumons-pour-se-perfectionner-en-linguistique-cognitive\/","url":"https:\/\/web.umons.ac.be\/langage\/fr\/des-etudiants-de-luniversite-de-bordeaux-2-a-lumons-pour-se-perfectionner-en-linguistique-cognitive\/","name":"Des \u00e9tudiants de l'Universit\u00e9 de Bordeaux 2 \u00e0 l'UMONS pour se perfectionner en linguistique cognitive - Institut \/ Langage","isPartOf":{"@id":"https:\/\/web.umons.ac.be\/langage\/#website"},"primaryImageOfPage":{"@id":"https:\/\/web.umons.ac.be\/langage\/fr\/des-etudiants-de-luniversite-de-bordeaux-2-a-lumons-pour-se-perfectionner-en-linguistique-cognitive\/#primaryimage"},"image":{"@id":"https:\/\/web.umons.ac.be\/langage\/fr\/des-etudiants-de-luniversite-de-bordeaux-2-a-lumons-pour-se-perfectionner-en-linguistique-cognitive\/#primaryimage"},"thumbnailUrl":"https:\/\/web.umons.ac.be\/app\/uploads\/sites\/39\/2017\/09\/langage.png","datePublished":"2010-01-14T16:34:30+00:00","dateModified":"2017-11-17T16:35:54+00:00","author":{"@id":"https:\/\/web.umons.ac.be\/langage\/#\/schema\/person\/fe6f953d2fd33e92c6d457f8f86a305f"},"breadcrumb":{"@id":"https:\/\/web.umons.ac.be\/langage\/fr\/des-etudiants-de-luniversite-de-bordeaux-2-a-lumons-pour-se-perfectionner-en-linguistique-cognitive\/#breadcrumb"},"inLanguage":"fr-FR","potentialAction":[{"@type":"ReadAction","target":["https:\/\/web.umons.ac.be\/langage\/fr\/des-etudiants-de-luniversite-de-bordeaux-2-a-lumons-pour-se-perfectionner-en-linguistique-cognitive\/"]}]},{"@type":"ImageObject","inLanguage":"fr-FR","@id":"https:\/\/web.umons.ac.be\/langage\/fr\/des-etudiants-de-luniversite-de-bordeaux-2-a-lumons-pour-se-perfectionner-en-linguistique-cognitive\/#primaryimage","url":"https:\/\/web.umons.ac.be\/app\/uploads\/sites\/39\/2017\/09\/langage.png","contentUrl":"https:\/\/web.umons.ac.be\/app\/uploads\/sites\/39\/2017\/09\/langage.png","width":172,"height":51},{"@type":"BreadcrumbList","@id":"https:\/\/web.umons.ac.be\/langage\/fr\/des-etudiants-de-luniversite-de-bordeaux-2-a-lumons-pour-se-perfectionner-en-linguistique-cognitive\/#breadcrumb","itemListElement":[{"@type":"ListItem","position":1,"name":"Accueil","item":"https:\/\/web.umons.ac.be\/langage\/fr\/"},{"@type":"ListItem","position":2,"name":"Des \u00e9tudiants de l&rsquo;Universit\u00e9 de Bordeaux 2 \u00e0 l&rsquo;UMONS pour se perfectionner en linguistique cognitive"}]},{"@type":"WebSite","@id":"https:\/\/web.umons.ac.be\/langage\/#website","url":"https:\/\/web.umons.ac.be\/langage\/","name":"Institut \/ Langage","description":"Un site utilisant Universit\u00e9 de Mons \u2013 UMONS","potentialAction":[{"@type":"SearchAction","target":{"@type":"EntryPoint","urlTemplate":"https:\/\/web.umons.ac.be\/langage\/?s={search_term_string}"},"query-input":{"@type":"PropertyValueSpecification","valueRequired":true,"valueName":"search_term_string"}}],"inLanguage":"fr-FR"},{"@type":"Person","@id":"https:\/\/web.umons.ac.be\/langage\/#\/schema\/person\/fe6f953d2fd33e92c6d457f8f86a305f","name":"UMONS Administration","image":{"@type":"ImageObject","inLanguage":"fr-FR","@id":"https:\/\/secure.gravatar.com\/avatar\/a2a4086b60c40f46aa897949adc459f31405f93c9f0702f0a82b68f226f30bdc?s=96&d=mm&r=g","url":"https:\/\/secure.gravatar.com\/avatar\/a2a4086b60c40f46aa897949adc459f31405f93c9f0702f0a82b68f226f30bdc?s=96&d=mm&r=g","contentUrl":"https:\/\/secure.gravatar.com\/avatar\/a2a4086b60c40f46aa897949adc459f31405f93c9f0702f0a82b68f226f30bdc?s=96&d=mm&r=g","caption":"UMONS Administration"},"url":"https:\/\/web.umons.ac.be\/langage\/author\/umons\/"}]}},"lang":"fr","translations":{"fr":202},"pll_sync_post":[],"_links":{"self":[{"href":"https:\/\/web.umons.ac.be\/langage\/wp-json\/wp\/v2\/posts\/202","targetHints":{"allow":["GET"]}}],"collection":[{"href":"https:\/\/web.umons.ac.be\/langage\/wp-json\/wp\/v2\/posts"}],"about":[{"href":"https:\/\/web.umons.ac.be\/langage\/wp-json\/wp\/v2\/types\/post"}],"author":[{"embeddable":true,"href":"https:\/\/web.umons.ac.be\/langage\/wp-json\/wp\/v2\/users\/1"}],"replies":[{"embeddable":true,"href":"https:\/\/web.umons.ac.be\/langage\/wp-json\/wp\/v2\/comments?post=202"}],"version-history":[{"count":1,"href":"https:\/\/web.umons.ac.be\/langage\/wp-json\/wp\/v2\/posts\/202\/revisions"}],"predecessor-version":[{"id":203,"href":"https:\/\/web.umons.ac.be\/langage\/wp-json\/wp\/v2\/posts\/202\/revisions\/203"}],"wp:featuredmedia":[{"embeddable":true,"href":"https:\/\/web.umons.ac.be\/langage\/wp-json\/wp\/v2\/media\/19"}],"wp:attachment":[{"href":"https:\/\/web.umons.ac.be\/langage\/wp-json\/wp\/v2\/media?parent=202"}],"wp:term":[{"taxonomy":"category","embeddable":true,"href":"https:\/\/web.umons.ac.be\/langage\/wp-json\/wp\/v2\/categories?post=202"},{"taxonomy":"post_tag","embeddable":true,"href":"https:\/\/web.umons.ac.be\/langage\/wp-json\/wp\/v2\/tags?post=202"}],"curies":[{"name":"wp","href":"https:\/\/api.w.org\/{rel}","templated":true}]}}