{"id":206,"date":"2014-02-13T17:38:01","date_gmt":"2014-02-13T16:38:01","guid":{"rendered":"https:\/\/web.umons.ac.be\/langage\/?p=206"},"modified":"2017-11-17T17:39:40","modified_gmt":"2017-11-17T16:39:40","slug":"le-langage-sous-toutes-ses-formes-au-coeur-de-la-6e-journee-scientifque-du-pole-hainuyer","status":"publish","type":"post","link":"https:\/\/web.umons.ac.be\/langage\/fr\/le-langage-sous-toutes-ses-formes-au-coeur-de-la-6e-journee-scientifque-du-pole-hainuyer\/","title":{"rendered":"Le langage sous toutes ses formes au coeur de la 6e Journ\u00e9e Scientifque du P\u00f4le Hainuyer"},"content":{"rendered":"<p style=\"font-weight: 400;\">La 6e Journ\u00e9e Scientifique du P\u00f4le hainuyer<span style=\"font-weight: inherit; font-style: inherit;\">\u00a0\u00a0<\/span>(JSPH6) a eu lieu le jeudi 13 f\u00e9vrier 2014 \u00e0 l\u2019amphith\u00e9\u00e2tre Sti\u00e9venart de l\u2019UMONS.<span style=\"font-weight: inherit; font-style: inherit;\">\u00a0\u00a0<\/span>Pour cette 6\u00e8me \u00e9dition, la th\u00e9matique choisie \u00e9tait le langage sous toutes ses formes et les diff\u00e9rents aspects de son \u00e9tude.<\/p>\n<p style=\"font-weight: 400;\">Cette journ\u00e9e organis\u00e9e par la Commission Recherche du P\u00f4le hainuyer et l\u2019Institut de Recherche en Sciences et Technologies du Langage de l\u2019UMONS (Institut LANGAGE) a \u00e9t\u00e9 un succ\u00e8s incontestable.<span style=\"font-weight: inherit; font-style: inherit;\">\u00a0\u00a0<\/span>Pr\u00e8s de 350 personnes, professeurs, \u00e9tudiants ou chercheurs, toutes institutions confondues, ont r\u00e9pondu pr\u00e9sent avec un taux de participation record de la part des Hautes Ecoles.<\/p>\n<p style=\"font-weight: 400;\">\u00ab Je suis satisfait de la journ\u00e9e car si elle a \u00e9t\u00e9 l&rsquo;occasion, pour les universitaires, d&rsquo;\u00e9changer leurs r\u00e9flexions, elle a surtout b\u00e9n\u00e9fici\u00e9 d\u2019une remarquable participation des \u00e9tablissements non universitaires de l\u2019actuel P\u00f4le hainuyer, tant au niveau des enseignants qu&rsquo;\u00e0 celui des \u00e9tudiants, a comment\u00e9 le Professeur Bernard Harmegnies, Pr\u00e9sident de l\u2019Institut LANGAGE de l\u2019UMONS et membre du comit\u00e9 de pilotage de la JSPH6. Elle a \u00e9galement attir\u00e9 des membres des institutions du futur P\u00f4le en formation. Cela augure de nouvelles dynamiques tr\u00e8s positives pour l\u2019avenir et nous ne pouvons que nous en r\u00e9jouir.\u00bb<\/p>\n<p style=\"font-weight: 400;\">Gil Van Cayseele \u00e9tudiant \u00e0 Arts2 affirme que\u00a0\u00ab ce genre de journ\u00e9e est tr\u00e8s int\u00e9ressant pour les \u00e9coles artistiques. Tout le monde sait que les arts et les sciences sont des disciplines qui se sont toujours inspir\u00e9es mutuellement. C\u2019est tr\u00e8s enrichissant de pr\u00e9senter son projet lors d\u2019une telle rencontre, cela apporte de nouvelles perspectives\u00bb. Guillaume Fran\u00e7ois, enseignant \u00e0 la HEH, ajoute que \u00ab la JSPH\u00a0a donn\u00e9 l\u2019occasion de rencontrer de nouvelles personnes ou de consolider les relations qui sont parfois d\u00e9j\u00e0 \u00e9tablies avec des personnes travaillant dans la m\u00eame th\u00e9matique mais avec des expertises compl\u00e9mentaires. \u00bb<span style=\"font-weight: inherit; font-style: inherit;\">\u00a0<\/span><\/p>\n<p style=\"font-weight: 400;\">La JSPH6 s\u2019est termin\u00e9e sur une note positive pour les institutions partenaires du P\u00f4le avec une remise de prix r\u00e9compensant les meilleurs posters prospectifs et scientifiques. C\u2019est une \u00e9tudiante de la HEPH-Condorcet, Oc\u00e9ane Benayache, qui a remport\u00e9 la distinction du public pour son poster prospectif sur \u00ab l\u2019apport de la pratique th\u00e9\u00e2trale dans l\u2019expressivit\u00e9 de patients aphasiques de type Broca \u00bb.<span style=\"font-weight: inherit; font-style: inherit;\">\u00a0\u00a0<\/span>Le comit\u00e9 scientifique de la journ\u00e9e a quant \u00e0 lui d\u00e9cern\u00e9 un prix au poster scientifique \u00ab Impact of laryngopharyngeal reflux on subjective and objective voice assessment \u00bb pr\u00e9sent\u00e9 par un doctorant de l\u2019UMONS-Institut Langage, J\u00e9r\u00f4me Lechien.<\/p>\n<p style=\"font-weight: 400;\">Les organisateurs ne peuvent encore en dire plus sur la forme et la th\u00e9matique de la prochaine journ\u00e9e scientifique du P\u00f4le hainuyer mais tout porte \u00e0 croire, au vu du succ\u00e8s de cette 6\u00e8me \u00e9dition, que les JSPH ont encore de beaux jours devant elles.<\/p>\n","protected":false},"excerpt":{"rendered":"<p>350 professeurs, \u00e9tudiants et chercheurs issus des hautes \u00e9coles et de l&rsquo;UMONS ont pris part \u00e0 la 6e JSPH d\u00e9di\u00e9e au langage, organis\u00e9e par la Commission Recherche du P\u00f4le hainuyer et par l\u2019Institut de Recherche en Sciences et Technologies de l\u2019UMONS. <\/p>\n","protected":false},"author":1,"featured_media":208,"comment_status":"open","ping_status":"open","sticky":false,"template":"","format":"standard","meta":{"footnotes":""},"categories":[],"tags":[],"class_list":["post-206","post","type-post","status-publish","format-standard","has-post-thumbnail","hentry"],"yoast_head":"<!-- This site is optimized with the Yoast SEO plugin v27.2 - https:\/\/yoast.com\/product\/yoast-seo-wordpress\/ -->\n<title>Le langage sous toutes ses formes au coeur de la 6e Journ\u00e9e Scientifque du P\u00f4le Hainuyer - Institut \/ Langage<\/title>\n<meta name=\"robots\" content=\"index, follow, max-snippet:-1, max-image-preview:large, max-video-preview:-1\" \/>\n<link rel=\"canonical\" href=\"https:\/\/web.umons.ac.be\/langage\/fr\/le-langage-sous-toutes-ses-formes-au-coeur-de-la-6e-journee-scientifque-du-pole-hainuyer\/\" \/>\n<meta property=\"og:locale\" content=\"fr_FR\" \/>\n<meta property=\"og:type\" content=\"article\" \/>\n<meta property=\"og:title\" content=\"Le langage sous toutes ses formes au coeur de la 6e Journ\u00e9e Scientifque du P\u00f4le Hainuyer - Institut \/ Langage\" \/>\n<meta property=\"og:description\" content=\"350 professeurs, \u00e9tudiants et chercheurs issus des hautes \u00e9coles et de l&#039;UMONS ont pris part \u00e0 la 6e JSPH d\u00e9di\u00e9e au langage, organis\u00e9e par la Commission Recherche du P\u00f4le hainuyer et par l\u2019Institut de Recherche en Sciences et Technologies de l\u2019UMONS.\" \/>\n<meta property=\"og:url\" content=\"https:\/\/web.umons.ac.be\/langage\/fr\/le-langage-sous-toutes-ses-formes-au-coeur-de-la-6e-journee-scientifque-du-pole-hainuyer\/\" \/>\n<meta property=\"og:site_name\" content=\"Institut \/ Langage\" \/>\n<meta property=\"article:published_time\" content=\"2014-02-13T16:38:01+00:00\" \/>\n<meta property=\"article:modified_time\" content=\"2017-11-17T16:39:40+00:00\" \/>\n<meta property=\"og:image\" content=\"https:\/\/web.umons.ac.be\/app\/uploads\/sites\/39\/2017\/11\/JSPH2.jpg\" \/>\n\t<meta property=\"og:image:width\" content=\"470\" \/>\n\t<meta property=\"og:image:height\" content=\"291\" \/>\n\t<meta property=\"og:image:type\" content=\"image\/jpeg\" \/>\n<meta name=\"author\" content=\"UMONS Administration\" \/>\n<meta name=\"twitter:card\" content=\"summary_large_image\" \/>\n<meta name=\"twitter:label1\" content=\"\u00c9crit par\" \/>\n\t<meta name=\"twitter:data1\" content=\"UMONS Administration\" \/>\n\t<meta name=\"twitter:label2\" content=\"Dur\u00e9e de lecture estim\u00e9e\" \/>\n\t<meta name=\"twitter:data2\" content=\"3 minutes\" \/>\n<script type=\"application\/ld+json\" class=\"yoast-schema-graph\">{\"@context\":\"https:\/\/schema.org\",\"@graph\":[{\"@type\":\"Article\",\"@id\":\"https:\/\/web.umons.ac.be\/langage\/fr\/le-langage-sous-toutes-ses-formes-au-coeur-de-la-6e-journee-scientifque-du-pole-hainuyer\/#article\",\"isPartOf\":{\"@id\":\"https:\/\/web.umons.ac.be\/langage\/fr\/le-langage-sous-toutes-ses-formes-au-coeur-de-la-6e-journee-scientifque-du-pole-hainuyer\/\"},\"author\":{\"name\":\"UMONS Administration\",\"@id\":\"https:\/\/web.umons.ac.be\/langage\/#\/schema\/person\/fe6f953d2fd33e92c6d457f8f86a305f\"},\"headline\":\"Le langage sous toutes ses formes au coeur de la 6e Journ\u00e9e Scientifque du P\u00f4le Hainuyer\",\"datePublished\":\"2014-02-13T16:38:01+00:00\",\"dateModified\":\"2017-11-17T16:39:40+00:00\",\"mainEntityOfPage\":{\"@id\":\"https:\/\/web.umons.ac.be\/langage\/fr\/le-langage-sous-toutes-ses-formes-au-coeur-de-la-6e-journee-scientifque-du-pole-hainuyer\/\"},\"wordCount\":501,\"commentCount\":0,\"image\":{\"@id\":\"https:\/\/web.umons.ac.be\/langage\/fr\/le-langage-sous-toutes-ses-formes-au-coeur-de-la-6e-journee-scientifque-du-pole-hainuyer\/#primaryimage\"},\"thumbnailUrl\":\"https:\/\/web.umons.ac.be\/app\/uploads\/sites\/39\/2017\/11\/JSPH2.jpg\",\"inLanguage\":\"fr-FR\",\"potentialAction\":[{\"@type\":\"CommentAction\",\"name\":\"Comment\",\"target\":[\"https:\/\/web.umons.ac.be\/langage\/fr\/le-langage-sous-toutes-ses-formes-au-coeur-de-la-6e-journee-scientifque-du-pole-hainuyer\/#respond\"]}]},{\"@type\":\"WebPage\",\"@id\":\"https:\/\/web.umons.ac.be\/langage\/fr\/le-langage-sous-toutes-ses-formes-au-coeur-de-la-6e-journee-scientifque-du-pole-hainuyer\/\",\"url\":\"https:\/\/web.umons.ac.be\/langage\/fr\/le-langage-sous-toutes-ses-formes-au-coeur-de-la-6e-journee-scientifque-du-pole-hainuyer\/\",\"name\":\"Le langage sous toutes ses formes au coeur de la 6e Journ\u00e9e Scientifque du P\u00f4le Hainuyer - Institut \/ Langage\",\"isPartOf\":{\"@id\":\"https:\/\/web.umons.ac.be\/langage\/#website\"},\"primaryImageOfPage\":{\"@id\":\"https:\/\/web.umons.ac.be\/langage\/fr\/le-langage-sous-toutes-ses-formes-au-coeur-de-la-6e-journee-scientifque-du-pole-hainuyer\/#primaryimage\"},\"image\":{\"@id\":\"https:\/\/web.umons.ac.be\/langage\/fr\/le-langage-sous-toutes-ses-formes-au-coeur-de-la-6e-journee-scientifque-du-pole-hainuyer\/#primaryimage\"},\"thumbnailUrl\":\"https:\/\/web.umons.ac.be\/app\/uploads\/sites\/39\/2017\/11\/JSPH2.jpg\",\"datePublished\":\"2014-02-13T16:38:01+00:00\",\"dateModified\":\"2017-11-17T16:39:40+00:00\",\"author\":{\"@id\":\"https:\/\/web.umons.ac.be\/langage\/#\/schema\/person\/fe6f953d2fd33e92c6d457f8f86a305f\"},\"breadcrumb\":{\"@id\":\"https:\/\/web.umons.ac.be\/langage\/fr\/le-langage-sous-toutes-ses-formes-au-coeur-de-la-6e-journee-scientifque-du-pole-hainuyer\/#breadcrumb\"},\"inLanguage\":\"fr-FR\",\"potentialAction\":[{\"@type\":\"ReadAction\",\"target\":[\"https:\/\/web.umons.ac.be\/langage\/fr\/le-langage-sous-toutes-ses-formes-au-coeur-de-la-6e-journee-scientifque-du-pole-hainuyer\/\"]}]},{\"@type\":\"ImageObject\",\"inLanguage\":\"fr-FR\",\"@id\":\"https:\/\/web.umons.ac.be\/langage\/fr\/le-langage-sous-toutes-ses-formes-au-coeur-de-la-6e-journee-scientifque-du-pole-hainuyer\/#primaryimage\",\"url\":\"https:\/\/web.umons.ac.be\/app\/uploads\/sites\/39\/2017\/11\/JSPH2.jpg\",\"contentUrl\":\"https:\/\/web.umons.ac.be\/app\/uploads\/sites\/39\/2017\/11\/JSPH2.jpg\",\"width\":470,\"height\":291},{\"@type\":\"BreadcrumbList\",\"@id\":\"https:\/\/web.umons.ac.be\/langage\/fr\/le-langage-sous-toutes-ses-formes-au-coeur-de-la-6e-journee-scientifque-du-pole-hainuyer\/#breadcrumb\",\"itemListElement\":[{\"@type\":\"ListItem\",\"position\":1,\"name\":\"Accueil\",\"item\":\"https:\/\/web.umons.ac.be\/langage\/fr\/\"},{\"@type\":\"ListItem\",\"position\":2,\"name\":\"Le langage sous toutes ses formes au coeur de la 6e Journ\u00e9e Scientifque du P\u00f4le Hainuyer\"}]},{\"@type\":\"WebSite\",\"@id\":\"https:\/\/web.umons.ac.be\/langage\/#website\",\"url\":\"https:\/\/web.umons.ac.be\/langage\/\",\"name\":\"Institut \/ Langage\",\"description\":\"Un site utilisant Universit\u00e9 de Mons \u2013 UMONS\",\"potentialAction\":[{\"@type\":\"SearchAction\",\"target\":{\"@type\":\"EntryPoint\",\"urlTemplate\":\"https:\/\/web.umons.ac.be\/langage\/?s={search_term_string}\"},\"query-input\":{\"@type\":\"PropertyValueSpecification\",\"valueRequired\":true,\"valueName\":\"search_term_string\"}}],\"inLanguage\":\"fr-FR\"},{\"@type\":\"Person\",\"@id\":\"https:\/\/web.umons.ac.be\/langage\/#\/schema\/person\/fe6f953d2fd33e92c6d457f8f86a305f\",\"name\":\"UMONS Administration\",\"image\":{\"@type\":\"ImageObject\",\"inLanguage\":\"fr-FR\",\"@id\":\"https:\/\/secure.gravatar.com\/avatar\/a2a4086b60c40f46aa897949adc459f31405f93c9f0702f0a82b68f226f30bdc?s=96&d=mm&r=g\",\"url\":\"https:\/\/secure.gravatar.com\/avatar\/a2a4086b60c40f46aa897949adc459f31405f93c9f0702f0a82b68f226f30bdc?s=96&d=mm&r=g\",\"contentUrl\":\"https:\/\/secure.gravatar.com\/avatar\/a2a4086b60c40f46aa897949adc459f31405f93c9f0702f0a82b68f226f30bdc?s=96&d=mm&r=g\",\"caption\":\"UMONS Administration\"},\"url\":\"https:\/\/web.umons.ac.be\/langage\/author\/umons\/\"}]}<\/script>\n<!-- \/ Yoast SEO plugin. -->","yoast_head_json":{"title":"Le langage sous toutes ses formes au coeur de la 6e Journ\u00e9e Scientifque du P\u00f4le Hainuyer - Institut \/ Langage","robots":{"index":"index","follow":"follow","max-snippet":"max-snippet:-1","max-image-preview":"max-image-preview:large","max-video-preview":"max-video-preview:-1"},"canonical":"https:\/\/web.umons.ac.be\/langage\/fr\/le-langage-sous-toutes-ses-formes-au-coeur-de-la-6e-journee-scientifque-du-pole-hainuyer\/","og_locale":"fr_FR","og_type":"article","og_title":"Le langage sous toutes ses formes au coeur de la 6e Journ\u00e9e Scientifque du P\u00f4le Hainuyer - Institut \/ Langage","og_description":"350 professeurs, \u00e9tudiants et chercheurs issus des hautes \u00e9coles et de l'UMONS ont pris part \u00e0 la 6e JSPH d\u00e9di\u00e9e au langage, organis\u00e9e par la Commission Recherche du P\u00f4le hainuyer et par l\u2019Institut de Recherche en Sciences et Technologies de l\u2019UMONS.","og_url":"https:\/\/web.umons.ac.be\/langage\/fr\/le-langage-sous-toutes-ses-formes-au-coeur-de-la-6e-journee-scientifque-du-pole-hainuyer\/","og_site_name":"Institut \/ Langage","article_published_time":"2014-02-13T16:38:01+00:00","article_modified_time":"2017-11-17T16:39:40+00:00","og_image":[{"width":470,"height":291,"url":"https:\/\/web.umons.ac.be\/app\/uploads\/sites\/39\/2017\/11\/JSPH2.jpg","type":"image\/jpeg"}],"author":"UMONS Administration","twitter_card":"summary_large_image","twitter_misc":{"\u00c9crit par":"UMONS Administration","Dur\u00e9e de lecture estim\u00e9e":"3 minutes"},"schema":{"@context":"https:\/\/schema.org","@graph":[{"@type":"Article","@id":"https:\/\/web.umons.ac.be\/langage\/fr\/le-langage-sous-toutes-ses-formes-au-coeur-de-la-6e-journee-scientifque-du-pole-hainuyer\/#article","isPartOf":{"@id":"https:\/\/web.umons.ac.be\/langage\/fr\/le-langage-sous-toutes-ses-formes-au-coeur-de-la-6e-journee-scientifque-du-pole-hainuyer\/"},"author":{"name":"UMONS Administration","@id":"https:\/\/web.umons.ac.be\/langage\/#\/schema\/person\/fe6f953d2fd33e92c6d457f8f86a305f"},"headline":"Le langage sous toutes ses formes au coeur de la 6e Journ\u00e9e Scientifque du P\u00f4le Hainuyer","datePublished":"2014-02-13T16:38:01+00:00","dateModified":"2017-11-17T16:39:40+00:00","mainEntityOfPage":{"@id":"https:\/\/web.umons.ac.be\/langage\/fr\/le-langage-sous-toutes-ses-formes-au-coeur-de-la-6e-journee-scientifque-du-pole-hainuyer\/"},"wordCount":501,"commentCount":0,"image":{"@id":"https:\/\/web.umons.ac.be\/langage\/fr\/le-langage-sous-toutes-ses-formes-au-coeur-de-la-6e-journee-scientifque-du-pole-hainuyer\/#primaryimage"},"thumbnailUrl":"https:\/\/web.umons.ac.be\/app\/uploads\/sites\/39\/2017\/11\/JSPH2.jpg","inLanguage":"fr-FR","potentialAction":[{"@type":"CommentAction","name":"Comment","target":["https:\/\/web.umons.ac.be\/langage\/fr\/le-langage-sous-toutes-ses-formes-au-coeur-de-la-6e-journee-scientifque-du-pole-hainuyer\/#respond"]}]},{"@type":"WebPage","@id":"https:\/\/web.umons.ac.be\/langage\/fr\/le-langage-sous-toutes-ses-formes-au-coeur-de-la-6e-journee-scientifque-du-pole-hainuyer\/","url":"https:\/\/web.umons.ac.be\/langage\/fr\/le-langage-sous-toutes-ses-formes-au-coeur-de-la-6e-journee-scientifque-du-pole-hainuyer\/","name":"Le langage sous toutes ses formes au coeur de la 6e Journ\u00e9e Scientifque du P\u00f4le Hainuyer - Institut \/ Langage","isPartOf":{"@id":"https:\/\/web.umons.ac.be\/langage\/#website"},"primaryImageOfPage":{"@id":"https:\/\/web.umons.ac.be\/langage\/fr\/le-langage-sous-toutes-ses-formes-au-coeur-de-la-6e-journee-scientifque-du-pole-hainuyer\/#primaryimage"},"image":{"@id":"https:\/\/web.umons.ac.be\/langage\/fr\/le-langage-sous-toutes-ses-formes-au-coeur-de-la-6e-journee-scientifque-du-pole-hainuyer\/#primaryimage"},"thumbnailUrl":"https:\/\/web.umons.ac.be\/app\/uploads\/sites\/39\/2017\/11\/JSPH2.jpg","datePublished":"2014-02-13T16:38:01+00:00","dateModified":"2017-11-17T16:39:40+00:00","author":{"@id":"https:\/\/web.umons.ac.be\/langage\/#\/schema\/person\/fe6f953d2fd33e92c6d457f8f86a305f"},"breadcrumb":{"@id":"https:\/\/web.umons.ac.be\/langage\/fr\/le-langage-sous-toutes-ses-formes-au-coeur-de-la-6e-journee-scientifque-du-pole-hainuyer\/#breadcrumb"},"inLanguage":"fr-FR","potentialAction":[{"@type":"ReadAction","target":["https:\/\/web.umons.ac.be\/langage\/fr\/le-langage-sous-toutes-ses-formes-au-coeur-de-la-6e-journee-scientifque-du-pole-hainuyer\/"]}]},{"@type":"ImageObject","inLanguage":"fr-FR","@id":"https:\/\/web.umons.ac.be\/langage\/fr\/le-langage-sous-toutes-ses-formes-au-coeur-de-la-6e-journee-scientifque-du-pole-hainuyer\/#primaryimage","url":"https:\/\/web.umons.ac.be\/app\/uploads\/sites\/39\/2017\/11\/JSPH2.jpg","contentUrl":"https:\/\/web.umons.ac.be\/app\/uploads\/sites\/39\/2017\/11\/JSPH2.jpg","width":470,"height":291},{"@type":"BreadcrumbList","@id":"https:\/\/web.umons.ac.be\/langage\/fr\/le-langage-sous-toutes-ses-formes-au-coeur-de-la-6e-journee-scientifque-du-pole-hainuyer\/#breadcrumb","itemListElement":[{"@type":"ListItem","position":1,"name":"Accueil","item":"https:\/\/web.umons.ac.be\/langage\/fr\/"},{"@type":"ListItem","position":2,"name":"Le langage sous toutes ses formes au coeur de la 6e Journ\u00e9e Scientifque du P\u00f4le Hainuyer"}]},{"@type":"WebSite","@id":"https:\/\/web.umons.ac.be\/langage\/#website","url":"https:\/\/web.umons.ac.be\/langage\/","name":"Institut \/ Langage","description":"Un site utilisant Universit\u00e9 de Mons \u2013 UMONS","potentialAction":[{"@type":"SearchAction","target":{"@type":"EntryPoint","urlTemplate":"https:\/\/web.umons.ac.be\/langage\/?s={search_term_string}"},"query-input":{"@type":"PropertyValueSpecification","valueRequired":true,"valueName":"search_term_string"}}],"inLanguage":"fr-FR"},{"@type":"Person","@id":"https:\/\/web.umons.ac.be\/langage\/#\/schema\/person\/fe6f953d2fd33e92c6d457f8f86a305f","name":"UMONS Administration","image":{"@type":"ImageObject","inLanguage":"fr-FR","@id":"https:\/\/secure.gravatar.com\/avatar\/a2a4086b60c40f46aa897949adc459f31405f93c9f0702f0a82b68f226f30bdc?s=96&d=mm&r=g","url":"https:\/\/secure.gravatar.com\/avatar\/a2a4086b60c40f46aa897949adc459f31405f93c9f0702f0a82b68f226f30bdc?s=96&d=mm&r=g","contentUrl":"https:\/\/secure.gravatar.com\/avatar\/a2a4086b60c40f46aa897949adc459f31405f93c9f0702f0a82b68f226f30bdc?s=96&d=mm&r=g","caption":"UMONS Administration"},"url":"https:\/\/web.umons.ac.be\/langage\/author\/umons\/"}]}},"lang":"fr","translations":{"fr":206},"pll_sync_post":[],"_links":{"self":[{"href":"https:\/\/web.umons.ac.be\/langage\/wp-json\/wp\/v2\/posts\/206","targetHints":{"allow":["GET"]}}],"collection":[{"href":"https:\/\/web.umons.ac.be\/langage\/wp-json\/wp\/v2\/posts"}],"about":[{"href":"https:\/\/web.umons.ac.be\/langage\/wp-json\/wp\/v2\/types\/post"}],"author":[{"embeddable":true,"href":"https:\/\/web.umons.ac.be\/langage\/wp-json\/wp\/v2\/users\/1"}],"replies":[{"embeddable":true,"href":"https:\/\/web.umons.ac.be\/langage\/wp-json\/wp\/v2\/comments?post=206"}],"version-history":[{"count":1,"href":"https:\/\/web.umons.ac.be\/langage\/wp-json\/wp\/v2\/posts\/206\/revisions"}],"predecessor-version":[{"id":210,"href":"https:\/\/web.umons.ac.be\/langage\/wp-json\/wp\/v2\/posts\/206\/revisions\/210"}],"wp:featuredmedia":[{"embeddable":true,"href":"https:\/\/web.umons.ac.be\/langage\/wp-json\/wp\/v2\/media\/208"}],"wp:attachment":[{"href":"https:\/\/web.umons.ac.be\/langage\/wp-json\/wp\/v2\/media?parent=206"}],"wp:term":[{"taxonomy":"category","embeddable":true,"href":"https:\/\/web.umons.ac.be\/langage\/wp-json\/wp\/v2\/categories?post=206"},{"taxonomy":"post_tag","embeddable":true,"href":"https:\/\/web.umons.ac.be\/langage\/wp-json\/wp\/v2\/tags?post=206"}],"curies":[{"name":"wp","href":"https:\/\/api.w.org\/{rel}","templated":true}]}}