{"id":566,"date":"2024-11-26T11:04:17","date_gmt":"2024-11-26T10:04:17","guid":{"rendered":"https:\/\/web.umons.ac.be\/langage\/?p=566"},"modified":"2024-11-28T09:56:33","modified_gmt":"2024-11-28T08:56:33","slug":"conversations-de-lirstl-myriam-tonelotto","status":"publish","type":"post","link":"https:\/\/web.umons.ac.be\/langage\/fr\/conversations-de-lirstl-myriam-tonelotto\/","title":{"rendered":"Conversations de l&rsquo;IRSTL &#8211; Myriam Tonelotto"},"content":{"rendered":"<div class=\"xdj266r x11i5rnm xat24cr x1mh8g0r x1vvkbs x126k92a\">\n<div dir=\"auto\">Myriam Tonelotto a r\u00e9alis\u00e9 ce 13 novembre une conf\u00e9rence passionnante portant le titre <em><a href=\"https:\/\/mumons.be\/museum\/activites\/comment-les-documentaires-nous-parlent\/?fbclid=IwY2xjawGPDSVleHRuA2FlbQIxMAABHa6riEa4KGvJIK4vzhBkm5zpnhwf2dPwixx-xgekV9wIkt_0yh9OgtceJg_aem__fvO-0gYXbcqmibVwiXkvA\">Bien plus qu&rsquo;un langage &#8211; Comment les documentaires nous parlent<\/a><\/em>. Merci pour cette pr\u00e9sentation et ces riches \u00e9changes !<\/div>\n<div dir=\"auto\"><\/div>\n<\/div>\n<div class=\"x11i5rnm xat24cr x1mh8g0r x1vvkbs xtlvy1s x126k92a\">\n<div dir=\"auto\">On se retrouve le 4 d\u00e9cembre pour le prochain \u00e9v\u00e9nement <em>Conversations de l\u2019IRSTL <\/em>avec une conf\u00e9rence donn\u00e9e par <a href=\"https:\/\/web.umons.ac.be\/langage\/event\/conference-grands-public-conversations-de-lirstl-jean-marie-klinkenberg\/\">Jean-Marie Klinkenberg<\/a>.<\/div>\n<\/div>\n<div dir=\"auto\">\n<div class=\"row\">\n<div class=\"col-lg-12 text-center\"><\/div>\n<\/div>\n<\/div>\n<div class=\"x11i5rnm xat24cr x1mh8g0r x1vvkbs xtlvy1s x126k92a\">\n<div dir=\"auto\"><img loading=\"lazy\" decoding=\"async\" class=\"alignnone size-medium wp-image-567\" src=\"https:\/\/web.umons.ac.be\/app\/uploads\/sites\/39\/2024\/11\/466163396_122173881716138632_7840730087585498908_n-300x225.jpg\" alt=\"\" width=\"300\" height=\"225\" srcset=\"https:\/\/web.umons.ac.be\/app\/uploads\/sites\/39\/2024\/11\/466163396_122173881716138632_7840730087585498908_n-300x225.jpg 300w, https:\/\/web.umons.ac.be\/app\/uploads\/sites\/39\/2024\/11\/466163396_122173881716138632_7840730087585498908_n-1024x768.jpg 1024w, https:\/\/web.umons.ac.be\/app\/uploads\/sites\/39\/2024\/11\/466163396_122173881716138632_7840730087585498908_n-768x576.jpg 768w, https:\/\/web.umons.ac.be\/app\/uploads\/sites\/39\/2024\/11\/466163396_122173881716138632_7840730087585498908_n-1536x1152.jpg 1536w, https:\/\/web.umons.ac.be\/app\/uploads\/sites\/39\/2024\/11\/466163396_122173881716138632_7840730087585498908_n-880x660.jpg 880w, https:\/\/web.umons.ac.be\/app\/uploads\/sites\/39\/2024\/11\/466163396_122173881716138632_7840730087585498908_n-30x23.jpg 30w, https:\/\/web.umons.ac.be\/app\/uploads\/sites\/39\/2024\/11\/466163396_122173881716138632_7840730087585498908_n-60x45.jpg 60w, https:\/\/web.umons.ac.be\/app\/uploads\/sites\/39\/2024\/11\/466163396_122173881716138632_7840730087585498908_n-360x270.jpg 360w, https:\/\/web.umons.ac.be\/app\/uploads\/sites\/39\/2024\/11\/466163396_122173881716138632_7840730087585498908_n.jpg 2048w\" sizes=\"auto, (max-width: 300px) 100vw, 300px\" \/><\/div>\n<\/div>\n","protected":false},"excerpt":{"rendered":"<p>Myriam Tonelotto a r\u00e9alis\u00e9 ce 13 novembre une conf\u00e9rence passionnante portant le titre Bien plus qu&rsquo;un langage &#8211; Comment les documentaires nous parlent. Merci pour cette pr\u00e9sentation et ces riches \u00e9changes ! On se retrouve le 4 d\u00e9cembre pour le prochain \u00e9v\u00e9nement Conversations de l\u2019IRSTL avec une conf\u00e9rence donn\u00e9e par Jean-Marie Klinkenberg.<\/p>\n","protected":false},"author":283,"featured_media":573,"comment_status":"closed","ping_status":"closed","sticky":false,"template":"","format":"standard","meta":{"footnotes":""},"categories":[38],"tags":[],"class_list":["post-566","post","type-post","status-publish","format-standard","has-post-thumbnail","hentry","category-conferences-colloques"],"yoast_head":"<!-- This site is optimized with the Yoast SEO plugin v27.2 - https:\/\/yoast.com\/product\/yoast-seo-wordpress\/ -->\n<title>Conversations de l&#039;IRSTL - Myriam Tonelotto - Institut \/ Langage<\/title>\n<meta name=\"robots\" content=\"index, follow, max-snippet:-1, max-image-preview:large, max-video-preview:-1\" \/>\n<link rel=\"canonical\" href=\"https:\/\/web.umons.ac.be\/langage\/fr\/conversations-de-lirstl-myriam-tonelotto\/\" \/>\n<meta property=\"og:locale\" content=\"fr_FR\" \/>\n<meta property=\"og:type\" content=\"article\" \/>\n<meta property=\"og:title\" content=\"Conversations de l&#039;IRSTL - Myriam Tonelotto - Institut \/ Langage\" \/>\n<meta property=\"og:description\" content=\"Myriam Tonelotto a r\u00e9alis\u00e9 ce 13 novembre une conf\u00e9rence passionnante portant le titre Bien plus qu&rsquo;un langage &#8211; Comment les documentaires nous parlent. Merci pour cette pr\u00e9sentation et ces riches \u00e9changes ! On se retrouve le 4 d\u00e9cembre pour le prochain \u00e9v\u00e9nement Conversations de l\u2019IRSTL avec une conf\u00e9rence donn\u00e9e par Jean-Marie Klinkenberg.\" \/>\n<meta property=\"og:url\" content=\"https:\/\/web.umons.ac.be\/langage\/fr\/conversations-de-lirstl-myriam-tonelotto\/\" \/>\n<meta property=\"og:site_name\" content=\"Institut \/ Langage\" \/>\n<meta property=\"article:published_time\" content=\"2024-11-26T10:04:17+00:00\" \/>\n<meta property=\"article:modified_time\" content=\"2024-11-28T08:56:33+00:00\" \/>\n<meta property=\"og:image\" content=\"https:\/\/web.umons.ac.be\/app\/uploads\/sites\/39\/2024\/11\/1730293326256.jpg\" \/>\n\t<meta property=\"og:image:width\" content=\"800\" \/>\n\t<meta property=\"og:image:height\" content=\"640\" \/>\n\t<meta property=\"og:image:type\" content=\"image\/jpeg\" \/>\n<meta name=\"author\" content=\"Sophie Fagniart\" \/>\n<meta name=\"twitter:card\" content=\"summary_large_image\" \/>\n<meta name=\"twitter:label1\" content=\"\u00c9crit par\" \/>\n\t<meta name=\"twitter:data1\" content=\"Sophie Fagniart\" \/>\n\t<meta name=\"twitter:label2\" content=\"Dur\u00e9e de lecture estim\u00e9e\" \/>\n\t<meta name=\"twitter:data2\" content=\"1 minute\" \/>\n<script type=\"application\/ld+json\" class=\"yoast-schema-graph\">{\"@context\":\"https:\/\/schema.org\",\"@graph\":[{\"@type\":\"Article\",\"@id\":\"https:\/\/web.umons.ac.be\/langage\/fr\/conversations-de-lirstl-myriam-tonelotto\/#article\",\"isPartOf\":{\"@id\":\"https:\/\/web.umons.ac.be\/langage\/fr\/conversations-de-lirstl-myriam-tonelotto\/\"},\"author\":{\"name\":\"Sophie Fagniart\",\"@id\":\"https:\/\/web.umons.ac.be\/langage\/#\/schema\/person\/b88618f772d61a9c8af478c4e9dc7cae\"},\"headline\":\"Conversations de l&rsquo;IRSTL &#8211; Myriam Tonelotto\",\"datePublished\":\"2024-11-26T10:04:17+00:00\",\"dateModified\":\"2024-11-28T08:56:33+00:00\",\"mainEntityOfPage\":{\"@id\":\"https:\/\/web.umons.ac.be\/langage\/fr\/conversations-de-lirstl-myriam-tonelotto\/\"},\"wordCount\":65,\"image\":{\"@id\":\"https:\/\/web.umons.ac.be\/langage\/fr\/conversations-de-lirstl-myriam-tonelotto\/#primaryimage\"},\"thumbnailUrl\":\"https:\/\/web.umons.ac.be\/app\/uploads\/sites\/39\/2024\/11\/1730293326256.jpg\",\"articleSection\":[\"Conf\u00e9rences\/Colloques\"],\"inLanguage\":\"fr-FR\"},{\"@type\":\"WebPage\",\"@id\":\"https:\/\/web.umons.ac.be\/langage\/fr\/conversations-de-lirstl-myriam-tonelotto\/\",\"url\":\"https:\/\/web.umons.ac.be\/langage\/fr\/conversations-de-lirstl-myriam-tonelotto\/\",\"name\":\"Conversations de l'IRSTL - Myriam Tonelotto - Institut \/ Langage\",\"isPartOf\":{\"@id\":\"https:\/\/web.umons.ac.be\/langage\/#website\"},\"primaryImageOfPage\":{\"@id\":\"https:\/\/web.umons.ac.be\/langage\/fr\/conversations-de-lirstl-myriam-tonelotto\/#primaryimage\"},\"image\":{\"@id\":\"https:\/\/web.umons.ac.be\/langage\/fr\/conversations-de-lirstl-myriam-tonelotto\/#primaryimage\"},\"thumbnailUrl\":\"https:\/\/web.umons.ac.be\/app\/uploads\/sites\/39\/2024\/11\/1730293326256.jpg\",\"datePublished\":\"2024-11-26T10:04:17+00:00\",\"dateModified\":\"2024-11-28T08:56:33+00:00\",\"author\":{\"@id\":\"https:\/\/web.umons.ac.be\/langage\/#\/schema\/person\/b88618f772d61a9c8af478c4e9dc7cae\"},\"breadcrumb\":{\"@id\":\"https:\/\/web.umons.ac.be\/langage\/fr\/conversations-de-lirstl-myriam-tonelotto\/#breadcrumb\"},\"inLanguage\":\"fr-FR\",\"potentialAction\":[{\"@type\":\"ReadAction\",\"target\":[\"https:\/\/web.umons.ac.be\/langage\/fr\/conversations-de-lirstl-myriam-tonelotto\/\"]}]},{\"@type\":\"ImageObject\",\"inLanguage\":\"fr-FR\",\"@id\":\"https:\/\/web.umons.ac.be\/langage\/fr\/conversations-de-lirstl-myriam-tonelotto\/#primaryimage\",\"url\":\"https:\/\/web.umons.ac.be\/app\/uploads\/sites\/39\/2024\/11\/1730293326256.jpg\",\"contentUrl\":\"https:\/\/web.umons.ac.be\/app\/uploads\/sites\/39\/2024\/11\/1730293326256.jpg\",\"width\":800,\"height\":640},{\"@type\":\"BreadcrumbList\",\"@id\":\"https:\/\/web.umons.ac.be\/langage\/fr\/conversations-de-lirstl-myriam-tonelotto\/#breadcrumb\",\"itemListElement\":[{\"@type\":\"ListItem\",\"position\":1,\"name\":\"Accueil\",\"item\":\"https:\/\/web.umons.ac.be\/langage\/fr\/\"},{\"@type\":\"ListItem\",\"position\":2,\"name\":\"Conversations de l&rsquo;IRSTL &#8211; Myriam Tonelotto\"}]},{\"@type\":\"WebSite\",\"@id\":\"https:\/\/web.umons.ac.be\/langage\/#website\",\"url\":\"https:\/\/web.umons.ac.be\/langage\/\",\"name\":\"Institut \/ Langage\",\"description\":\"Un site utilisant Universit\u00e9 de Mons \u2013 UMONS\",\"potentialAction\":[{\"@type\":\"SearchAction\",\"target\":{\"@type\":\"EntryPoint\",\"urlTemplate\":\"https:\/\/web.umons.ac.be\/langage\/?s={search_term_string}\"},\"query-input\":{\"@type\":\"PropertyValueSpecification\",\"valueRequired\":true,\"valueName\":\"search_term_string\"}}],\"inLanguage\":\"fr-FR\"},{\"@type\":\"Person\",\"@id\":\"https:\/\/web.umons.ac.be\/langage\/#\/schema\/person\/b88618f772d61a9c8af478c4e9dc7cae\",\"name\":\"Sophie Fagniart\",\"image\":{\"@type\":\"ImageObject\",\"inLanguage\":\"fr-FR\",\"@id\":\"https:\/\/secure.gravatar.com\/avatar\/3f3f2084ccc64faf2c9d61e376e98f86aa6a1df1cc01ef2032a752e581ea7ad6?s=96&d=mm&r=g\",\"url\":\"https:\/\/secure.gravatar.com\/avatar\/3f3f2084ccc64faf2c9d61e376e98f86aa6a1df1cc01ef2032a752e581ea7ad6?s=96&d=mm&r=g\",\"contentUrl\":\"https:\/\/secure.gravatar.com\/avatar\/3f3f2084ccc64faf2c9d61e376e98f86aa6a1df1cc01ef2032a752e581ea7ad6?s=96&d=mm&r=g\",\"caption\":\"Sophie Fagniart\"},\"url\":\"https:\/\/web.umons.ac.be\/langage\/author\/sfagniart\/\"}]}<\/script>\n<!-- \/ Yoast SEO plugin. -->","yoast_head_json":{"title":"Conversations de l'IRSTL - Myriam Tonelotto - Institut \/ Langage","robots":{"index":"index","follow":"follow","max-snippet":"max-snippet:-1","max-image-preview":"max-image-preview:large","max-video-preview":"max-video-preview:-1"},"canonical":"https:\/\/web.umons.ac.be\/langage\/fr\/conversations-de-lirstl-myriam-tonelotto\/","og_locale":"fr_FR","og_type":"article","og_title":"Conversations de l'IRSTL - Myriam Tonelotto - Institut \/ Langage","og_description":"Myriam Tonelotto a r\u00e9alis\u00e9 ce 13 novembre une conf\u00e9rence passionnante portant le titre Bien plus qu&rsquo;un langage &#8211; Comment les documentaires nous parlent. Merci pour cette pr\u00e9sentation et ces riches \u00e9changes ! On se retrouve le 4 d\u00e9cembre pour le prochain \u00e9v\u00e9nement Conversations de l\u2019IRSTL avec une conf\u00e9rence donn\u00e9e par Jean-Marie Klinkenberg.","og_url":"https:\/\/web.umons.ac.be\/langage\/fr\/conversations-de-lirstl-myriam-tonelotto\/","og_site_name":"Institut \/ Langage","article_published_time":"2024-11-26T10:04:17+00:00","article_modified_time":"2024-11-28T08:56:33+00:00","og_image":[{"width":800,"height":640,"url":"https:\/\/web.umons.ac.be\/app\/uploads\/sites\/39\/2024\/11\/1730293326256.jpg","type":"image\/jpeg"}],"author":"Sophie Fagniart","twitter_card":"summary_large_image","twitter_misc":{"\u00c9crit par":"Sophie Fagniart","Dur\u00e9e de lecture estim\u00e9e":"1 minute"},"schema":{"@context":"https:\/\/schema.org","@graph":[{"@type":"Article","@id":"https:\/\/web.umons.ac.be\/langage\/fr\/conversations-de-lirstl-myriam-tonelotto\/#article","isPartOf":{"@id":"https:\/\/web.umons.ac.be\/langage\/fr\/conversations-de-lirstl-myriam-tonelotto\/"},"author":{"name":"Sophie Fagniart","@id":"https:\/\/web.umons.ac.be\/langage\/#\/schema\/person\/b88618f772d61a9c8af478c4e9dc7cae"},"headline":"Conversations de l&rsquo;IRSTL &#8211; Myriam Tonelotto","datePublished":"2024-11-26T10:04:17+00:00","dateModified":"2024-11-28T08:56:33+00:00","mainEntityOfPage":{"@id":"https:\/\/web.umons.ac.be\/langage\/fr\/conversations-de-lirstl-myriam-tonelotto\/"},"wordCount":65,"image":{"@id":"https:\/\/web.umons.ac.be\/langage\/fr\/conversations-de-lirstl-myriam-tonelotto\/#primaryimage"},"thumbnailUrl":"https:\/\/web.umons.ac.be\/app\/uploads\/sites\/39\/2024\/11\/1730293326256.jpg","articleSection":["Conf\u00e9rences\/Colloques"],"inLanguage":"fr-FR"},{"@type":"WebPage","@id":"https:\/\/web.umons.ac.be\/langage\/fr\/conversations-de-lirstl-myriam-tonelotto\/","url":"https:\/\/web.umons.ac.be\/langage\/fr\/conversations-de-lirstl-myriam-tonelotto\/","name":"Conversations de l'IRSTL - Myriam Tonelotto - Institut \/ Langage","isPartOf":{"@id":"https:\/\/web.umons.ac.be\/langage\/#website"},"primaryImageOfPage":{"@id":"https:\/\/web.umons.ac.be\/langage\/fr\/conversations-de-lirstl-myriam-tonelotto\/#primaryimage"},"image":{"@id":"https:\/\/web.umons.ac.be\/langage\/fr\/conversations-de-lirstl-myriam-tonelotto\/#primaryimage"},"thumbnailUrl":"https:\/\/web.umons.ac.be\/app\/uploads\/sites\/39\/2024\/11\/1730293326256.jpg","datePublished":"2024-11-26T10:04:17+00:00","dateModified":"2024-11-28T08:56:33+00:00","author":{"@id":"https:\/\/web.umons.ac.be\/langage\/#\/schema\/person\/b88618f772d61a9c8af478c4e9dc7cae"},"breadcrumb":{"@id":"https:\/\/web.umons.ac.be\/langage\/fr\/conversations-de-lirstl-myriam-tonelotto\/#breadcrumb"},"inLanguage":"fr-FR","potentialAction":[{"@type":"ReadAction","target":["https:\/\/web.umons.ac.be\/langage\/fr\/conversations-de-lirstl-myriam-tonelotto\/"]}]},{"@type":"ImageObject","inLanguage":"fr-FR","@id":"https:\/\/web.umons.ac.be\/langage\/fr\/conversations-de-lirstl-myriam-tonelotto\/#primaryimage","url":"https:\/\/web.umons.ac.be\/app\/uploads\/sites\/39\/2024\/11\/1730293326256.jpg","contentUrl":"https:\/\/web.umons.ac.be\/app\/uploads\/sites\/39\/2024\/11\/1730293326256.jpg","width":800,"height":640},{"@type":"BreadcrumbList","@id":"https:\/\/web.umons.ac.be\/langage\/fr\/conversations-de-lirstl-myriam-tonelotto\/#breadcrumb","itemListElement":[{"@type":"ListItem","position":1,"name":"Accueil","item":"https:\/\/web.umons.ac.be\/langage\/fr\/"},{"@type":"ListItem","position":2,"name":"Conversations de l&rsquo;IRSTL &#8211; Myriam Tonelotto"}]},{"@type":"WebSite","@id":"https:\/\/web.umons.ac.be\/langage\/#website","url":"https:\/\/web.umons.ac.be\/langage\/","name":"Institut \/ Langage","description":"Un site utilisant Universit\u00e9 de Mons \u2013 UMONS","potentialAction":[{"@type":"SearchAction","target":{"@type":"EntryPoint","urlTemplate":"https:\/\/web.umons.ac.be\/langage\/?s={search_term_string}"},"query-input":{"@type":"PropertyValueSpecification","valueRequired":true,"valueName":"search_term_string"}}],"inLanguage":"fr-FR"},{"@type":"Person","@id":"https:\/\/web.umons.ac.be\/langage\/#\/schema\/person\/b88618f772d61a9c8af478c4e9dc7cae","name":"Sophie Fagniart","image":{"@type":"ImageObject","inLanguage":"fr-FR","@id":"https:\/\/secure.gravatar.com\/avatar\/3f3f2084ccc64faf2c9d61e376e98f86aa6a1df1cc01ef2032a752e581ea7ad6?s=96&d=mm&r=g","url":"https:\/\/secure.gravatar.com\/avatar\/3f3f2084ccc64faf2c9d61e376e98f86aa6a1df1cc01ef2032a752e581ea7ad6?s=96&d=mm&r=g","contentUrl":"https:\/\/secure.gravatar.com\/avatar\/3f3f2084ccc64faf2c9d61e376e98f86aa6a1df1cc01ef2032a752e581ea7ad6?s=96&d=mm&r=g","caption":"Sophie Fagniart"},"url":"https:\/\/web.umons.ac.be\/langage\/author\/sfagniart\/"}]}},"lang":"fr","translations":{"fr":566},"pll_sync_post":[],"_links":{"self":[{"href":"https:\/\/web.umons.ac.be\/langage\/wp-json\/wp\/v2\/posts\/566","targetHints":{"allow":["GET"]}}],"collection":[{"href":"https:\/\/web.umons.ac.be\/langage\/wp-json\/wp\/v2\/posts"}],"about":[{"href":"https:\/\/web.umons.ac.be\/langage\/wp-json\/wp\/v2\/types\/post"}],"author":[{"embeddable":true,"href":"https:\/\/web.umons.ac.be\/langage\/wp-json\/wp\/v2\/users\/283"}],"replies":[{"embeddable":true,"href":"https:\/\/web.umons.ac.be\/langage\/wp-json\/wp\/v2\/comments?post=566"}],"version-history":[{"count":4,"href":"https:\/\/web.umons.ac.be\/langage\/wp-json\/wp\/v2\/posts\/566\/revisions"}],"predecessor-version":[{"id":591,"href":"https:\/\/web.umons.ac.be\/langage\/wp-json\/wp\/v2\/posts\/566\/revisions\/591"}],"wp:featuredmedia":[{"embeddable":true,"href":"https:\/\/web.umons.ac.be\/langage\/wp-json\/wp\/v2\/media\/573"}],"wp:attachment":[{"href":"https:\/\/web.umons.ac.be\/langage\/wp-json\/wp\/v2\/media?parent=566"}],"wp:term":[{"taxonomy":"category","embeddable":true,"href":"https:\/\/web.umons.ac.be\/langage\/wp-json\/wp\/v2\/categories?post=566"},{"taxonomy":"post_tag","embeddable":true,"href":"https:\/\/web.umons.ac.be\/langage\/wp-json\/wp\/v2\/tags?post=566"}],"curies":[{"name":"wp","href":"https:\/\/api.w.org\/{rel}","templated":true}]}}