{"id":625,"date":"2025-02-14T11:48:28","date_gmt":"2025-02-14T10:48:28","guid":{"rendered":"https:\/\/web.umons.ac.be\/langage\/?p=625"},"modified":"2025-02-14T11:56:49","modified_gmt":"2025-02-14T10:56:49","slug":"conversations-avec-gilles-remy","status":"publish","type":"post","link":"https:\/\/web.umons.ac.be\/langage\/fr\/conversations-avec-gilles-remy\/","title":{"rendered":"\u00ab\u00a0Conversations\u00a0\u00bb avec Gilles R\u00e9my"},"content":{"rendered":"<p><span style=\"font-family: 'Helvetica Neue', Helvetica, Arial, sans-serif; font-size: 14px; font-style: normal; font-variant-ligatures: normal; font-variant-caps: normal; font-weight: 400;\">Le 5 f\u00e9vrier dernier, v<\/span>ous \u00e9tiez nombreux\u2022ses pour l\u2019intervention\u00a0<span style=\"font-size: 14px;\">de l\u2019historien de l\u2019art Gilles R\u00e9my, qui nous a expliqu\u00e9 comment la musique instrumentale nous parle. \ud83c\udfb5 \ud83c\udfb6 \ud83c\udfba<\/span><\/p>\n<p>Merci \u00e0 lui !<\/p>\n<p><img loading=\"lazy\" decoding=\"async\" class=\"alignnone size-medium wp-image-629\" src=\"https:\/\/web.umons.ac.be\/app\/uploads\/sites\/39\/2025\/02\/1738837002379-225x300.jpg\" alt=\"\" width=\"225\" height=\"300\" srcset=\"https:\/\/web.umons.ac.be\/app\/uploads\/sites\/39\/2025\/02\/1738837002379-225x300.jpg 225w, https:\/\/web.umons.ac.be\/app\/uploads\/sites\/39\/2025\/02\/1738837002379-768x1024.jpg 768w, https:\/\/web.umons.ac.be\/app\/uploads\/sites\/39\/2025\/02\/1738837002379-1152x1536.jpg 1152w, https:\/\/web.umons.ac.be\/app\/uploads\/sites\/39\/2025\/02\/1738837002379-495x660.jpg 495w, https:\/\/web.umons.ac.be\/app\/uploads\/sites\/39\/2025\/02\/1738837002379-30x40.jpg 30w, https:\/\/web.umons.ac.be\/app\/uploads\/sites\/39\/2025\/02\/1738837002379-45x60.jpg 45w, https:\/\/web.umons.ac.be\/app\/uploads\/sites\/39\/2025\/02\/1738837002379-360x480.jpg 360w, https:\/\/web.umons.ac.be\/app\/uploads\/sites\/39\/2025\/02\/1738837002379.jpg 1200w\" sizes=\"auto, (max-width: 225px) 100vw, 225px\" \/> <img loading=\"lazy\" decoding=\"async\" class=\"alignnone size-medium wp-image-628\" src=\"https:\/\/web.umons.ac.be\/app\/uploads\/sites\/39\/2025\/02\/1738837002552-225x300.jpg\" alt=\"\" width=\"225\" height=\"300\" srcset=\"https:\/\/web.umons.ac.be\/app\/uploads\/sites\/39\/2025\/02\/1738837002552-225x300.jpg 225w, https:\/\/web.umons.ac.be\/app\/uploads\/sites\/39\/2025\/02\/1738837002552-768x1024.jpg 768w, https:\/\/web.umons.ac.be\/app\/uploads\/sites\/39\/2025\/02\/1738837002552-1152x1536.jpg 1152w, https:\/\/web.umons.ac.be\/app\/uploads\/sites\/39\/2025\/02\/1738837002552-495x660.jpg 495w, https:\/\/web.umons.ac.be\/app\/uploads\/sites\/39\/2025\/02\/1738837002552-30x40.jpg 30w, https:\/\/web.umons.ac.be\/app\/uploads\/sites\/39\/2025\/02\/1738837002552-45x60.jpg 45w, https:\/\/web.umons.ac.be\/app\/uploads\/sites\/39\/2025\/02\/1738837002552-360x480.jpg 360w, https:\/\/web.umons.ac.be\/app\/uploads\/sites\/39\/2025\/02\/1738837002552.jpg 1200w\" sizes=\"auto, (max-width: 225px) 100vw, 225px\" \/><\/p>\n<p><img loading=\"lazy\" decoding=\"async\" class=\"alignnone size-medium wp-image-626\" src=\"https:\/\/web.umons.ac.be\/app\/uploads\/sites\/39\/2025\/02\/1738837002731-225x300.jpg\" alt=\"\" width=\"225\" height=\"300\" srcset=\"https:\/\/web.umons.ac.be\/app\/uploads\/sites\/39\/2025\/02\/1738837002731-225x300.jpg 225w, https:\/\/web.umons.ac.be\/app\/uploads\/sites\/39\/2025\/02\/1738837002731-768x1024.jpg 768w, https:\/\/web.umons.ac.be\/app\/uploads\/sites\/39\/2025\/02\/1738837002731-1152x1536.jpg 1152w, https:\/\/web.umons.ac.be\/app\/uploads\/sites\/39\/2025\/02\/1738837002731-495x660.jpg 495w, https:\/\/web.umons.ac.be\/app\/uploads\/sites\/39\/2025\/02\/1738837002731-30x40.jpg 30w, https:\/\/web.umons.ac.be\/app\/uploads\/sites\/39\/2025\/02\/1738837002731-45x60.jpg 45w, https:\/\/web.umons.ac.be\/app\/uploads\/sites\/39\/2025\/02\/1738837002731-360x480.jpg 360w, https:\/\/web.umons.ac.be\/app\/uploads\/sites\/39\/2025\/02\/1738837002731.jpg 1200w\" sizes=\"auto, (max-width: 225px) 100vw, 225px\" \/><\/p>\n","protected":false},"excerpt":{"rendered":"<p>Le 5 f\u00e9vrier dernier, vous \u00e9tiez nombreux\u2022ses pour l\u2019intervention\u00a0de l\u2019historien de l\u2019art Gilles R\u00e9my, qui nous a expliqu\u00e9 comment la musique instrumentale nous parle. \ud83c\udfb5 \ud83c\udfb6 \ud83c\udfba Merci \u00e0 lui !<\/p>\n","protected":false},"author":283,"featured_media":626,"comment_status":"closed","ping_status":"closed","sticky":false,"template":"","format":"standard","meta":{"footnotes":""},"categories":[38],"tags":[],"class_list":["post-625","post","type-post","status-publish","format-standard","has-post-thumbnail","hentry","category-conferences-colloques"],"yoast_head":"<!-- This site is optimized with the Yoast SEO plugin v27.2 - https:\/\/yoast.com\/product\/yoast-seo-wordpress\/ -->\n<title>&quot;Conversations&quot; avec Gilles R\u00e9my - Institut \/ Langage<\/title>\n<meta name=\"robots\" content=\"index, follow, max-snippet:-1, max-image-preview:large, max-video-preview:-1\" \/>\n<link rel=\"canonical\" href=\"https:\/\/web.umons.ac.be\/langage\/fr\/conversations-avec-gilles-remy\/\" \/>\n<meta property=\"og:locale\" content=\"fr_FR\" \/>\n<meta property=\"og:type\" content=\"article\" \/>\n<meta property=\"og:title\" content=\"&quot;Conversations&quot; avec Gilles R\u00e9my - Institut \/ Langage\" \/>\n<meta property=\"og:description\" content=\"Le 5 f\u00e9vrier dernier, vous \u00e9tiez nombreux\u2022ses pour l\u2019intervention\u00a0de l\u2019historien de l\u2019art Gilles R\u00e9my, qui nous a expliqu\u00e9 comment la musique instrumentale nous parle. \ud83c\udfb5 \ud83c\udfb6 \ud83c\udfba Merci \u00e0 lui !\" \/>\n<meta property=\"og:url\" content=\"https:\/\/web.umons.ac.be\/langage\/fr\/conversations-avec-gilles-remy\/\" \/>\n<meta property=\"og:site_name\" content=\"Institut \/ Langage\" \/>\n<meta property=\"article:published_time\" content=\"2025-02-14T10:48:28+00:00\" \/>\n<meta property=\"article:modified_time\" content=\"2025-02-14T10:56:49+00:00\" \/>\n<meta property=\"og:image\" content=\"https:\/\/web.umons.ac.be\/app\/uploads\/sites\/39\/2025\/02\/1738837002731.jpg\" \/>\n\t<meta property=\"og:image:width\" content=\"1200\" \/>\n\t<meta property=\"og:image:height\" content=\"1600\" \/>\n\t<meta property=\"og:image:type\" content=\"image\/jpeg\" \/>\n<meta name=\"author\" content=\"Sophie Fagniart\" \/>\n<meta name=\"twitter:card\" content=\"summary_large_image\" \/>\n<meta name=\"twitter:label1\" content=\"\u00c9crit par\" \/>\n\t<meta name=\"twitter:data1\" content=\"Sophie Fagniart\" \/>\n\t<meta name=\"twitter:label2\" content=\"Dur\u00e9e de lecture estim\u00e9e\" \/>\n\t<meta name=\"twitter:data2\" content=\"1 minute\" \/>\n<script type=\"application\/ld+json\" class=\"yoast-schema-graph\">{\"@context\":\"https:\/\/schema.org\",\"@graph\":[{\"@type\":\"Article\",\"@id\":\"https:\/\/web.umons.ac.be\/langage\/fr\/conversations-avec-gilles-remy\/#article\",\"isPartOf\":{\"@id\":\"https:\/\/web.umons.ac.be\/langage\/fr\/conversations-avec-gilles-remy\/\"},\"author\":{\"name\":\"Sophie Fagniart\",\"@id\":\"https:\/\/web.umons.ac.be\/langage\/#\/schema\/person\/b88618f772d61a9c8af478c4e9dc7cae\"},\"headline\":\"\u00ab\u00a0Conversations\u00a0\u00bb avec Gilles R\u00e9my\",\"datePublished\":\"2025-02-14T10:48:28+00:00\",\"dateModified\":\"2025-02-14T10:56:49+00:00\",\"mainEntityOfPage\":{\"@id\":\"https:\/\/web.umons.ac.be\/langage\/fr\/conversations-avec-gilles-remy\/\"},\"wordCount\":42,\"image\":{\"@id\":\"https:\/\/web.umons.ac.be\/langage\/fr\/conversations-avec-gilles-remy\/#primaryimage\"},\"thumbnailUrl\":\"https:\/\/web.umons.ac.be\/app\/uploads\/sites\/39\/2025\/02\/1738837002731.jpg\",\"articleSection\":[\"Conf\u00e9rences\/Colloques\"],\"inLanguage\":\"fr-FR\"},{\"@type\":\"WebPage\",\"@id\":\"https:\/\/web.umons.ac.be\/langage\/fr\/conversations-avec-gilles-remy\/\",\"url\":\"https:\/\/web.umons.ac.be\/langage\/fr\/conversations-avec-gilles-remy\/\",\"name\":\"\\\"Conversations\\\" avec Gilles R\u00e9my - Institut \/ Langage\",\"isPartOf\":{\"@id\":\"https:\/\/web.umons.ac.be\/langage\/#website\"},\"primaryImageOfPage\":{\"@id\":\"https:\/\/web.umons.ac.be\/langage\/fr\/conversations-avec-gilles-remy\/#primaryimage\"},\"image\":{\"@id\":\"https:\/\/web.umons.ac.be\/langage\/fr\/conversations-avec-gilles-remy\/#primaryimage\"},\"thumbnailUrl\":\"https:\/\/web.umons.ac.be\/app\/uploads\/sites\/39\/2025\/02\/1738837002731.jpg\",\"datePublished\":\"2025-02-14T10:48:28+00:00\",\"dateModified\":\"2025-02-14T10:56:49+00:00\",\"author\":{\"@id\":\"https:\/\/web.umons.ac.be\/langage\/#\/schema\/person\/b88618f772d61a9c8af478c4e9dc7cae\"},\"breadcrumb\":{\"@id\":\"https:\/\/web.umons.ac.be\/langage\/fr\/conversations-avec-gilles-remy\/#breadcrumb\"},\"inLanguage\":\"fr-FR\",\"potentialAction\":[{\"@type\":\"ReadAction\",\"target\":[\"https:\/\/web.umons.ac.be\/langage\/fr\/conversations-avec-gilles-remy\/\"]}]},{\"@type\":\"ImageObject\",\"inLanguage\":\"fr-FR\",\"@id\":\"https:\/\/web.umons.ac.be\/langage\/fr\/conversations-avec-gilles-remy\/#primaryimage\",\"url\":\"https:\/\/web.umons.ac.be\/app\/uploads\/sites\/39\/2025\/02\/1738837002731.jpg\",\"contentUrl\":\"https:\/\/web.umons.ac.be\/app\/uploads\/sites\/39\/2025\/02\/1738837002731.jpg\",\"width\":1200,\"height\":1600},{\"@type\":\"BreadcrumbList\",\"@id\":\"https:\/\/web.umons.ac.be\/langage\/fr\/conversations-avec-gilles-remy\/#breadcrumb\",\"itemListElement\":[{\"@type\":\"ListItem\",\"position\":1,\"name\":\"Accueil\",\"item\":\"https:\/\/web.umons.ac.be\/langage\/fr\/\"},{\"@type\":\"ListItem\",\"position\":2,\"name\":\"\u00ab\u00a0Conversations\u00a0\u00bb avec Gilles R\u00e9my\"}]},{\"@type\":\"WebSite\",\"@id\":\"https:\/\/web.umons.ac.be\/langage\/#website\",\"url\":\"https:\/\/web.umons.ac.be\/langage\/\",\"name\":\"Institut \/ Langage\",\"description\":\"Un site utilisant Universit\u00e9 de Mons \u2013 UMONS\",\"potentialAction\":[{\"@type\":\"SearchAction\",\"target\":{\"@type\":\"EntryPoint\",\"urlTemplate\":\"https:\/\/web.umons.ac.be\/langage\/?s={search_term_string}\"},\"query-input\":{\"@type\":\"PropertyValueSpecification\",\"valueRequired\":true,\"valueName\":\"search_term_string\"}}],\"inLanguage\":\"fr-FR\"},{\"@type\":\"Person\",\"@id\":\"https:\/\/web.umons.ac.be\/langage\/#\/schema\/person\/b88618f772d61a9c8af478c4e9dc7cae\",\"name\":\"Sophie Fagniart\",\"image\":{\"@type\":\"ImageObject\",\"inLanguage\":\"fr-FR\",\"@id\":\"https:\/\/secure.gravatar.com\/avatar\/3f3f2084ccc64faf2c9d61e376e98f86aa6a1df1cc01ef2032a752e581ea7ad6?s=96&d=mm&r=g\",\"url\":\"https:\/\/secure.gravatar.com\/avatar\/3f3f2084ccc64faf2c9d61e376e98f86aa6a1df1cc01ef2032a752e581ea7ad6?s=96&d=mm&r=g\",\"contentUrl\":\"https:\/\/secure.gravatar.com\/avatar\/3f3f2084ccc64faf2c9d61e376e98f86aa6a1df1cc01ef2032a752e581ea7ad6?s=96&d=mm&r=g\",\"caption\":\"Sophie Fagniart\"},\"url\":\"https:\/\/web.umons.ac.be\/langage\/author\/sfagniart\/\"}]}<\/script>\n<!-- \/ Yoast SEO plugin. -->","yoast_head_json":{"title":"\"Conversations\" avec Gilles R\u00e9my - Institut \/ Langage","robots":{"index":"index","follow":"follow","max-snippet":"max-snippet:-1","max-image-preview":"max-image-preview:large","max-video-preview":"max-video-preview:-1"},"canonical":"https:\/\/web.umons.ac.be\/langage\/fr\/conversations-avec-gilles-remy\/","og_locale":"fr_FR","og_type":"article","og_title":"\"Conversations\" avec Gilles R\u00e9my - Institut \/ Langage","og_description":"Le 5 f\u00e9vrier dernier, vous \u00e9tiez nombreux\u2022ses pour l\u2019intervention\u00a0de l\u2019historien de l\u2019art Gilles R\u00e9my, qui nous a expliqu\u00e9 comment la musique instrumentale nous parle. \ud83c\udfb5 \ud83c\udfb6 \ud83c\udfba Merci \u00e0 lui !","og_url":"https:\/\/web.umons.ac.be\/langage\/fr\/conversations-avec-gilles-remy\/","og_site_name":"Institut \/ Langage","article_published_time":"2025-02-14T10:48:28+00:00","article_modified_time":"2025-02-14T10:56:49+00:00","og_image":[{"width":1200,"height":1600,"url":"https:\/\/web.umons.ac.be\/app\/uploads\/sites\/39\/2025\/02\/1738837002731.jpg","type":"image\/jpeg"}],"author":"Sophie Fagniart","twitter_card":"summary_large_image","twitter_misc":{"\u00c9crit par":"Sophie Fagniart","Dur\u00e9e de lecture estim\u00e9e":"1 minute"},"schema":{"@context":"https:\/\/schema.org","@graph":[{"@type":"Article","@id":"https:\/\/web.umons.ac.be\/langage\/fr\/conversations-avec-gilles-remy\/#article","isPartOf":{"@id":"https:\/\/web.umons.ac.be\/langage\/fr\/conversations-avec-gilles-remy\/"},"author":{"name":"Sophie Fagniart","@id":"https:\/\/web.umons.ac.be\/langage\/#\/schema\/person\/b88618f772d61a9c8af478c4e9dc7cae"},"headline":"\u00ab\u00a0Conversations\u00a0\u00bb avec Gilles R\u00e9my","datePublished":"2025-02-14T10:48:28+00:00","dateModified":"2025-02-14T10:56:49+00:00","mainEntityOfPage":{"@id":"https:\/\/web.umons.ac.be\/langage\/fr\/conversations-avec-gilles-remy\/"},"wordCount":42,"image":{"@id":"https:\/\/web.umons.ac.be\/langage\/fr\/conversations-avec-gilles-remy\/#primaryimage"},"thumbnailUrl":"https:\/\/web.umons.ac.be\/app\/uploads\/sites\/39\/2025\/02\/1738837002731.jpg","articleSection":["Conf\u00e9rences\/Colloques"],"inLanguage":"fr-FR"},{"@type":"WebPage","@id":"https:\/\/web.umons.ac.be\/langage\/fr\/conversations-avec-gilles-remy\/","url":"https:\/\/web.umons.ac.be\/langage\/fr\/conversations-avec-gilles-remy\/","name":"\"Conversations\" avec Gilles R\u00e9my - Institut \/ Langage","isPartOf":{"@id":"https:\/\/web.umons.ac.be\/langage\/#website"},"primaryImageOfPage":{"@id":"https:\/\/web.umons.ac.be\/langage\/fr\/conversations-avec-gilles-remy\/#primaryimage"},"image":{"@id":"https:\/\/web.umons.ac.be\/langage\/fr\/conversations-avec-gilles-remy\/#primaryimage"},"thumbnailUrl":"https:\/\/web.umons.ac.be\/app\/uploads\/sites\/39\/2025\/02\/1738837002731.jpg","datePublished":"2025-02-14T10:48:28+00:00","dateModified":"2025-02-14T10:56:49+00:00","author":{"@id":"https:\/\/web.umons.ac.be\/langage\/#\/schema\/person\/b88618f772d61a9c8af478c4e9dc7cae"},"breadcrumb":{"@id":"https:\/\/web.umons.ac.be\/langage\/fr\/conversations-avec-gilles-remy\/#breadcrumb"},"inLanguage":"fr-FR","potentialAction":[{"@type":"ReadAction","target":["https:\/\/web.umons.ac.be\/langage\/fr\/conversations-avec-gilles-remy\/"]}]},{"@type":"ImageObject","inLanguage":"fr-FR","@id":"https:\/\/web.umons.ac.be\/langage\/fr\/conversations-avec-gilles-remy\/#primaryimage","url":"https:\/\/web.umons.ac.be\/app\/uploads\/sites\/39\/2025\/02\/1738837002731.jpg","contentUrl":"https:\/\/web.umons.ac.be\/app\/uploads\/sites\/39\/2025\/02\/1738837002731.jpg","width":1200,"height":1600},{"@type":"BreadcrumbList","@id":"https:\/\/web.umons.ac.be\/langage\/fr\/conversations-avec-gilles-remy\/#breadcrumb","itemListElement":[{"@type":"ListItem","position":1,"name":"Accueil","item":"https:\/\/web.umons.ac.be\/langage\/fr\/"},{"@type":"ListItem","position":2,"name":"\u00ab\u00a0Conversations\u00a0\u00bb avec Gilles R\u00e9my"}]},{"@type":"WebSite","@id":"https:\/\/web.umons.ac.be\/langage\/#website","url":"https:\/\/web.umons.ac.be\/langage\/","name":"Institut \/ Langage","description":"Un site utilisant Universit\u00e9 de Mons \u2013 UMONS","potentialAction":[{"@type":"SearchAction","target":{"@type":"EntryPoint","urlTemplate":"https:\/\/web.umons.ac.be\/langage\/?s={search_term_string}"},"query-input":{"@type":"PropertyValueSpecification","valueRequired":true,"valueName":"search_term_string"}}],"inLanguage":"fr-FR"},{"@type":"Person","@id":"https:\/\/web.umons.ac.be\/langage\/#\/schema\/person\/b88618f772d61a9c8af478c4e9dc7cae","name":"Sophie Fagniart","image":{"@type":"ImageObject","inLanguage":"fr-FR","@id":"https:\/\/secure.gravatar.com\/avatar\/3f3f2084ccc64faf2c9d61e376e98f86aa6a1df1cc01ef2032a752e581ea7ad6?s=96&d=mm&r=g","url":"https:\/\/secure.gravatar.com\/avatar\/3f3f2084ccc64faf2c9d61e376e98f86aa6a1df1cc01ef2032a752e581ea7ad6?s=96&d=mm&r=g","contentUrl":"https:\/\/secure.gravatar.com\/avatar\/3f3f2084ccc64faf2c9d61e376e98f86aa6a1df1cc01ef2032a752e581ea7ad6?s=96&d=mm&r=g","caption":"Sophie Fagniart"},"url":"https:\/\/web.umons.ac.be\/langage\/author\/sfagniart\/"}]}},"lang":"fr","translations":{"fr":625},"pll_sync_post":[],"_links":{"self":[{"href":"https:\/\/web.umons.ac.be\/langage\/wp-json\/wp\/v2\/posts\/625","targetHints":{"allow":["GET"]}}],"collection":[{"href":"https:\/\/web.umons.ac.be\/langage\/wp-json\/wp\/v2\/posts"}],"about":[{"href":"https:\/\/web.umons.ac.be\/langage\/wp-json\/wp\/v2\/types\/post"}],"author":[{"embeddable":true,"href":"https:\/\/web.umons.ac.be\/langage\/wp-json\/wp\/v2\/users\/283"}],"replies":[{"embeddable":true,"href":"https:\/\/web.umons.ac.be\/langage\/wp-json\/wp\/v2\/comments?post=625"}],"version-history":[{"count":3,"href":"https:\/\/web.umons.ac.be\/langage\/wp-json\/wp\/v2\/posts\/625\/revisions"}],"predecessor-version":[{"id":642,"href":"https:\/\/web.umons.ac.be\/langage\/wp-json\/wp\/v2\/posts\/625\/revisions\/642"}],"wp:featuredmedia":[{"embeddable":true,"href":"https:\/\/web.umons.ac.be\/langage\/wp-json\/wp\/v2\/media\/626"}],"wp:attachment":[{"href":"https:\/\/web.umons.ac.be\/langage\/wp-json\/wp\/v2\/media?parent=625"}],"wp:term":[{"taxonomy":"category","embeddable":true,"href":"https:\/\/web.umons.ac.be\/langage\/wp-json\/wp\/v2\/categories?post=625"},{"taxonomy":"post_tag","embeddable":true,"href":"https:\/\/web.umons.ac.be\/langage\/wp-json\/wp\/v2\/tags?post=625"}],"curies":[{"name":"wp","href":"https:\/\/api.w.org\/{rel}","templated":true}]}}