{"id":632,"date":"2025-02-14T11:53:03","date_gmt":"2025-02-14T10:53:03","guid":{"rendered":"https:\/\/web.umons.ac.be\/langage\/?p=632"},"modified":"2025-02-14T11:55:39","modified_gmt":"2025-02-14T10:55:39","slug":"conversations-avec-jean-marie-klinkenberg","status":"publish","type":"post","link":"https:\/\/web.umons.ac.be\/langage\/fr\/conversations-avec-jean-marie-klinkenberg\/","title":{"rendered":"\u00ab\u00a0Conversations\u00a0\u00bb avec Jean-Marie Klinkenberg"},"content":{"rendered":"<p>Le 4 d\u00e9cembre, nous avons eu le plaisir d&rsquo;\u00e9couter un linguiste de renom, Jean-Marie Klinkenberg. La conf\u00e9rence portait sur les \u00e9volutions du fran\u00e7ais et a mis la lumi\u00e8re sur de nombreuses id\u00e9es re\u00e7ues. \ud83e\udd13<\/p>\n<p>A tr\u00e8s vite pour notre prochaine conf\u00e9rence Conversations \u00e0 l&rsquo;IRSTL. \ud83d\udcac<\/p>\n<p><img loading=\"lazy\" decoding=\"async\" class=\"alignnone size-medium wp-image-637\" src=\"https:\/\/web.umons.ac.be\/app\/uploads\/sites\/39\/2025\/02\/1733391511662-225x300.jpg\" alt=\"\" width=\"225\" height=\"300\" srcset=\"https:\/\/web.umons.ac.be\/app\/uploads\/sites\/39\/2025\/02\/1733391511662-225x300.jpg 225w, https:\/\/web.umons.ac.be\/app\/uploads\/sites\/39\/2025\/02\/1733391511662-768x1024.jpg 768w, https:\/\/web.umons.ac.be\/app\/uploads\/sites\/39\/2025\/02\/1733391511662-1152x1536.jpg 1152w, https:\/\/web.umons.ac.be\/app\/uploads\/sites\/39\/2025\/02\/1733391511662-495x660.jpg 495w, https:\/\/web.umons.ac.be\/app\/uploads\/sites\/39\/2025\/02\/1733391511662-30x40.jpg 30w, https:\/\/web.umons.ac.be\/app\/uploads\/sites\/39\/2025\/02\/1733391511662-45x60.jpg 45w, https:\/\/web.umons.ac.be\/app\/uploads\/sites\/39\/2025\/02\/1733391511662-360x480.jpg 360w, https:\/\/web.umons.ac.be\/app\/uploads\/sites\/39\/2025\/02\/1733391511662.jpg 1280w\" sizes=\"auto, (max-width: 225px) 100vw, 225px\" \/> <img loading=\"lazy\" decoding=\"async\" class=\"alignnone size-medium wp-image-635\" src=\"https:\/\/web.umons.ac.be\/app\/uploads\/sites\/39\/2025\/02\/1733391511822-225x300.jpg\" alt=\"\" width=\"225\" height=\"300\" srcset=\"https:\/\/web.umons.ac.be\/app\/uploads\/sites\/39\/2025\/02\/1733391511822-225x300.jpg 225w, https:\/\/web.umons.ac.be\/app\/uploads\/sites\/39\/2025\/02\/1733391511822-768x1024.jpg 768w, https:\/\/web.umons.ac.be\/app\/uploads\/sites\/39\/2025\/02\/1733391511822-1152x1536.jpg 1152w, https:\/\/web.umons.ac.be\/app\/uploads\/sites\/39\/2025\/02\/1733391511822-495x660.jpg 495w, https:\/\/web.umons.ac.be\/app\/uploads\/sites\/39\/2025\/02\/1733391511822-30x40.jpg 30w, https:\/\/web.umons.ac.be\/app\/uploads\/sites\/39\/2025\/02\/1733391511822-45x60.jpg 45w, https:\/\/web.umons.ac.be\/app\/uploads\/sites\/39\/2025\/02\/1733391511822-360x480.jpg 360w, https:\/\/web.umons.ac.be\/app\/uploads\/sites\/39\/2025\/02\/1733391511822.jpg 1280w\" sizes=\"auto, (max-width: 225px) 100vw, 225px\" \/><img loading=\"lazy\" decoding=\"async\" class=\"alignnone size-medium wp-image-633\" src=\"https:\/\/web.umons.ac.be\/app\/uploads\/sites\/39\/2025\/02\/1733391511385-225x300.jpg\" alt=\"\" width=\"225\" height=\"300\" srcset=\"https:\/\/web.umons.ac.be\/app\/uploads\/sites\/39\/2025\/02\/1733391511385-225x300.jpg 225w, https:\/\/web.umons.ac.be\/app\/uploads\/sites\/39\/2025\/02\/1733391511385-768x1024.jpg 768w, https:\/\/web.umons.ac.be\/app\/uploads\/sites\/39\/2025\/02\/1733391511385-1152x1536.jpg 1152w, https:\/\/web.umons.ac.be\/app\/uploads\/sites\/39\/2025\/02\/1733391511385-495x660.jpg 495w, https:\/\/web.umons.ac.be\/app\/uploads\/sites\/39\/2025\/02\/1733391511385-30x40.jpg 30w, https:\/\/web.umons.ac.be\/app\/uploads\/sites\/39\/2025\/02\/1733391511385-45x60.jpg 45w, https:\/\/web.umons.ac.be\/app\/uploads\/sites\/39\/2025\/02\/1733391511385-360x480.jpg 360w, https:\/\/web.umons.ac.be\/app\/uploads\/sites\/39\/2025\/02\/1733391511385.jpg 1280w\" sizes=\"auto, (max-width: 225px) 100vw, 225px\" \/><\/p>\n","protected":false},"excerpt":{"rendered":"<p>Le 4 d\u00e9cembre, nous avons eu le plaisir d&rsquo;\u00e9couter un linguiste de renom, Jean-Marie Klinkenberg. La conf\u00e9rence portait sur les \u00e9volutions du fran\u00e7ais et a mis la lumi\u00e8re sur de nombreuses id\u00e9es re\u00e7ues. \ud83e\udd13 A tr\u00e8s vite pour notre prochaine conf\u00e9rence Conversations \u00e0 l&rsquo;IRSTL. \ud83d\udcac<\/p>\n","protected":false},"author":283,"featured_media":637,"comment_status":"closed","ping_status":"closed","sticky":false,"template":"","format":"standard","meta":{"footnotes":""},"categories":[38],"tags":[],"class_list":["post-632","post","type-post","status-publish","format-standard","has-post-thumbnail","hentry","category-conferences-colloques"],"yoast_head":"<!-- This site is optimized with the Yoast SEO plugin v27.2 - https:\/\/yoast.com\/product\/yoast-seo-wordpress\/ -->\n<title>&quot;Conversations&quot; avec Jean-Marie Klinkenberg - Institut \/ Langage<\/title>\n<meta name=\"robots\" content=\"index, follow, max-snippet:-1, max-image-preview:large, max-video-preview:-1\" \/>\n<link rel=\"canonical\" href=\"https:\/\/web.umons.ac.be\/langage\/fr\/conversations-avec-jean-marie-klinkenberg\/\" \/>\n<meta property=\"og:locale\" content=\"fr_FR\" \/>\n<meta property=\"og:type\" content=\"article\" \/>\n<meta property=\"og:title\" content=\"&quot;Conversations&quot; avec Jean-Marie Klinkenberg - Institut \/ Langage\" \/>\n<meta property=\"og:description\" content=\"Le 4 d\u00e9cembre, nous avons eu le plaisir d&rsquo;\u00e9couter un linguiste de renom, Jean-Marie Klinkenberg. La conf\u00e9rence portait sur les \u00e9volutions du fran\u00e7ais et a mis la lumi\u00e8re sur de nombreuses id\u00e9es re\u00e7ues. \ud83e\udd13 A tr\u00e8s vite pour notre prochaine conf\u00e9rence Conversations \u00e0 l&rsquo;IRSTL. \ud83d\udcac\" \/>\n<meta property=\"og:url\" content=\"https:\/\/web.umons.ac.be\/langage\/fr\/conversations-avec-jean-marie-klinkenberg\/\" \/>\n<meta property=\"og:site_name\" content=\"Institut \/ Langage\" \/>\n<meta property=\"article:published_time\" content=\"2025-02-14T10:53:03+00:00\" \/>\n<meta property=\"article:modified_time\" content=\"2025-02-14T10:55:39+00:00\" \/>\n<meta property=\"og:image\" content=\"https:\/\/web.umons.ac.be\/app\/uploads\/sites\/39\/2025\/02\/1733391511662.jpg\" \/>\n\t<meta property=\"og:image:width\" content=\"1280\" \/>\n\t<meta property=\"og:image:height\" content=\"1706\" \/>\n\t<meta property=\"og:image:type\" content=\"image\/jpeg\" \/>\n<meta name=\"author\" content=\"Sophie Fagniart\" \/>\n<meta name=\"twitter:card\" content=\"summary_large_image\" \/>\n<meta name=\"twitter:label1\" content=\"\u00c9crit par\" \/>\n\t<meta name=\"twitter:data1\" content=\"Sophie Fagniart\" \/>\n\t<meta name=\"twitter:label2\" content=\"Dur\u00e9e de lecture estim\u00e9e\" \/>\n\t<meta name=\"twitter:data2\" content=\"2 minutes\" \/>\n<script type=\"application\/ld+json\" class=\"yoast-schema-graph\">{\"@context\":\"https:\/\/schema.org\",\"@graph\":[{\"@type\":\"Article\",\"@id\":\"https:\/\/web.umons.ac.be\/langage\/fr\/conversations-avec-jean-marie-klinkenberg\/#article\",\"isPartOf\":{\"@id\":\"https:\/\/web.umons.ac.be\/langage\/fr\/conversations-avec-jean-marie-klinkenberg\/\"},\"author\":{\"name\":\"Sophie Fagniart\",\"@id\":\"https:\/\/web.umons.ac.be\/langage\/#\/schema\/person\/b88618f772d61a9c8af478c4e9dc7cae\"},\"headline\":\"\u00ab\u00a0Conversations\u00a0\u00bb avec Jean-Marie Klinkenberg\",\"datePublished\":\"2025-02-14T10:53:03+00:00\",\"dateModified\":\"2025-02-14T10:55:39+00:00\",\"mainEntityOfPage\":{\"@id\":\"https:\/\/web.umons.ac.be\/langage\/fr\/conversations-avec-jean-marie-klinkenberg\/\"},\"wordCount\":57,\"image\":{\"@id\":\"https:\/\/web.umons.ac.be\/langage\/fr\/conversations-avec-jean-marie-klinkenberg\/#primaryimage\"},\"thumbnailUrl\":\"https:\/\/web.umons.ac.be\/app\/uploads\/sites\/39\/2025\/02\/1733391511662.jpg\",\"articleSection\":[\"Conf\u00e9rences\/Colloques\"],\"inLanguage\":\"fr-FR\"},{\"@type\":\"WebPage\",\"@id\":\"https:\/\/web.umons.ac.be\/langage\/fr\/conversations-avec-jean-marie-klinkenberg\/\",\"url\":\"https:\/\/web.umons.ac.be\/langage\/fr\/conversations-avec-jean-marie-klinkenberg\/\",\"name\":\"\\\"Conversations\\\" avec Jean-Marie Klinkenberg - Institut \/ Langage\",\"isPartOf\":{\"@id\":\"https:\/\/web.umons.ac.be\/langage\/#website\"},\"primaryImageOfPage\":{\"@id\":\"https:\/\/web.umons.ac.be\/langage\/fr\/conversations-avec-jean-marie-klinkenberg\/#primaryimage\"},\"image\":{\"@id\":\"https:\/\/web.umons.ac.be\/langage\/fr\/conversations-avec-jean-marie-klinkenberg\/#primaryimage\"},\"thumbnailUrl\":\"https:\/\/web.umons.ac.be\/app\/uploads\/sites\/39\/2025\/02\/1733391511662.jpg\",\"datePublished\":\"2025-02-14T10:53:03+00:00\",\"dateModified\":\"2025-02-14T10:55:39+00:00\",\"author\":{\"@id\":\"https:\/\/web.umons.ac.be\/langage\/#\/schema\/person\/b88618f772d61a9c8af478c4e9dc7cae\"},\"breadcrumb\":{\"@id\":\"https:\/\/web.umons.ac.be\/langage\/fr\/conversations-avec-jean-marie-klinkenberg\/#breadcrumb\"},\"inLanguage\":\"fr-FR\",\"potentialAction\":[{\"@type\":\"ReadAction\",\"target\":[\"https:\/\/web.umons.ac.be\/langage\/fr\/conversations-avec-jean-marie-klinkenberg\/\"]}]},{\"@type\":\"ImageObject\",\"inLanguage\":\"fr-FR\",\"@id\":\"https:\/\/web.umons.ac.be\/langage\/fr\/conversations-avec-jean-marie-klinkenberg\/#primaryimage\",\"url\":\"https:\/\/web.umons.ac.be\/app\/uploads\/sites\/39\/2025\/02\/1733391511662.jpg\",\"contentUrl\":\"https:\/\/web.umons.ac.be\/app\/uploads\/sites\/39\/2025\/02\/1733391511662.jpg\",\"width\":1280,\"height\":1706},{\"@type\":\"BreadcrumbList\",\"@id\":\"https:\/\/web.umons.ac.be\/langage\/fr\/conversations-avec-jean-marie-klinkenberg\/#breadcrumb\",\"itemListElement\":[{\"@type\":\"ListItem\",\"position\":1,\"name\":\"Accueil\",\"item\":\"https:\/\/web.umons.ac.be\/langage\/fr\/\"},{\"@type\":\"ListItem\",\"position\":2,\"name\":\"\u00ab\u00a0Conversations\u00a0\u00bb avec Jean-Marie Klinkenberg\"}]},{\"@type\":\"WebSite\",\"@id\":\"https:\/\/web.umons.ac.be\/langage\/#website\",\"url\":\"https:\/\/web.umons.ac.be\/langage\/\",\"name\":\"Institut \/ Langage\",\"description\":\"Un site utilisant Universit\u00e9 de Mons \u2013 UMONS\",\"potentialAction\":[{\"@type\":\"SearchAction\",\"target\":{\"@type\":\"EntryPoint\",\"urlTemplate\":\"https:\/\/web.umons.ac.be\/langage\/?s={search_term_string}\"},\"query-input\":{\"@type\":\"PropertyValueSpecification\",\"valueRequired\":true,\"valueName\":\"search_term_string\"}}],\"inLanguage\":\"fr-FR\"},{\"@type\":\"Person\",\"@id\":\"https:\/\/web.umons.ac.be\/langage\/#\/schema\/person\/b88618f772d61a9c8af478c4e9dc7cae\",\"name\":\"Sophie Fagniart\",\"image\":{\"@type\":\"ImageObject\",\"inLanguage\":\"fr-FR\",\"@id\":\"https:\/\/secure.gravatar.com\/avatar\/3f3f2084ccc64faf2c9d61e376e98f86aa6a1df1cc01ef2032a752e581ea7ad6?s=96&d=mm&r=g\",\"url\":\"https:\/\/secure.gravatar.com\/avatar\/3f3f2084ccc64faf2c9d61e376e98f86aa6a1df1cc01ef2032a752e581ea7ad6?s=96&d=mm&r=g\",\"contentUrl\":\"https:\/\/secure.gravatar.com\/avatar\/3f3f2084ccc64faf2c9d61e376e98f86aa6a1df1cc01ef2032a752e581ea7ad6?s=96&d=mm&r=g\",\"caption\":\"Sophie Fagniart\"},\"url\":\"https:\/\/web.umons.ac.be\/langage\/author\/sfagniart\/\"}]}<\/script>\n<!-- \/ Yoast SEO plugin. -->","yoast_head_json":{"title":"\"Conversations\" avec Jean-Marie Klinkenberg - Institut \/ Langage","robots":{"index":"index","follow":"follow","max-snippet":"max-snippet:-1","max-image-preview":"max-image-preview:large","max-video-preview":"max-video-preview:-1"},"canonical":"https:\/\/web.umons.ac.be\/langage\/fr\/conversations-avec-jean-marie-klinkenberg\/","og_locale":"fr_FR","og_type":"article","og_title":"\"Conversations\" avec Jean-Marie Klinkenberg - Institut \/ Langage","og_description":"Le 4 d\u00e9cembre, nous avons eu le plaisir d&rsquo;\u00e9couter un linguiste de renom, Jean-Marie Klinkenberg. La conf\u00e9rence portait sur les \u00e9volutions du fran\u00e7ais et a mis la lumi\u00e8re sur de nombreuses id\u00e9es re\u00e7ues. \ud83e\udd13 A tr\u00e8s vite pour notre prochaine conf\u00e9rence Conversations \u00e0 l&rsquo;IRSTL. \ud83d\udcac","og_url":"https:\/\/web.umons.ac.be\/langage\/fr\/conversations-avec-jean-marie-klinkenberg\/","og_site_name":"Institut \/ Langage","article_published_time":"2025-02-14T10:53:03+00:00","article_modified_time":"2025-02-14T10:55:39+00:00","og_image":[{"width":1280,"height":1706,"url":"https:\/\/web.umons.ac.be\/app\/uploads\/sites\/39\/2025\/02\/1733391511662.jpg","type":"image\/jpeg"}],"author":"Sophie Fagniart","twitter_card":"summary_large_image","twitter_misc":{"\u00c9crit par":"Sophie Fagniart","Dur\u00e9e de lecture estim\u00e9e":"2 minutes"},"schema":{"@context":"https:\/\/schema.org","@graph":[{"@type":"Article","@id":"https:\/\/web.umons.ac.be\/langage\/fr\/conversations-avec-jean-marie-klinkenberg\/#article","isPartOf":{"@id":"https:\/\/web.umons.ac.be\/langage\/fr\/conversations-avec-jean-marie-klinkenberg\/"},"author":{"name":"Sophie Fagniart","@id":"https:\/\/web.umons.ac.be\/langage\/#\/schema\/person\/b88618f772d61a9c8af478c4e9dc7cae"},"headline":"\u00ab\u00a0Conversations\u00a0\u00bb avec Jean-Marie Klinkenberg","datePublished":"2025-02-14T10:53:03+00:00","dateModified":"2025-02-14T10:55:39+00:00","mainEntityOfPage":{"@id":"https:\/\/web.umons.ac.be\/langage\/fr\/conversations-avec-jean-marie-klinkenberg\/"},"wordCount":57,"image":{"@id":"https:\/\/web.umons.ac.be\/langage\/fr\/conversations-avec-jean-marie-klinkenberg\/#primaryimage"},"thumbnailUrl":"https:\/\/web.umons.ac.be\/app\/uploads\/sites\/39\/2025\/02\/1733391511662.jpg","articleSection":["Conf\u00e9rences\/Colloques"],"inLanguage":"fr-FR"},{"@type":"WebPage","@id":"https:\/\/web.umons.ac.be\/langage\/fr\/conversations-avec-jean-marie-klinkenberg\/","url":"https:\/\/web.umons.ac.be\/langage\/fr\/conversations-avec-jean-marie-klinkenberg\/","name":"\"Conversations\" avec Jean-Marie Klinkenberg - Institut \/ Langage","isPartOf":{"@id":"https:\/\/web.umons.ac.be\/langage\/#website"},"primaryImageOfPage":{"@id":"https:\/\/web.umons.ac.be\/langage\/fr\/conversations-avec-jean-marie-klinkenberg\/#primaryimage"},"image":{"@id":"https:\/\/web.umons.ac.be\/langage\/fr\/conversations-avec-jean-marie-klinkenberg\/#primaryimage"},"thumbnailUrl":"https:\/\/web.umons.ac.be\/app\/uploads\/sites\/39\/2025\/02\/1733391511662.jpg","datePublished":"2025-02-14T10:53:03+00:00","dateModified":"2025-02-14T10:55:39+00:00","author":{"@id":"https:\/\/web.umons.ac.be\/langage\/#\/schema\/person\/b88618f772d61a9c8af478c4e9dc7cae"},"breadcrumb":{"@id":"https:\/\/web.umons.ac.be\/langage\/fr\/conversations-avec-jean-marie-klinkenberg\/#breadcrumb"},"inLanguage":"fr-FR","potentialAction":[{"@type":"ReadAction","target":["https:\/\/web.umons.ac.be\/langage\/fr\/conversations-avec-jean-marie-klinkenberg\/"]}]},{"@type":"ImageObject","inLanguage":"fr-FR","@id":"https:\/\/web.umons.ac.be\/langage\/fr\/conversations-avec-jean-marie-klinkenberg\/#primaryimage","url":"https:\/\/web.umons.ac.be\/app\/uploads\/sites\/39\/2025\/02\/1733391511662.jpg","contentUrl":"https:\/\/web.umons.ac.be\/app\/uploads\/sites\/39\/2025\/02\/1733391511662.jpg","width":1280,"height":1706},{"@type":"BreadcrumbList","@id":"https:\/\/web.umons.ac.be\/langage\/fr\/conversations-avec-jean-marie-klinkenberg\/#breadcrumb","itemListElement":[{"@type":"ListItem","position":1,"name":"Accueil","item":"https:\/\/web.umons.ac.be\/langage\/fr\/"},{"@type":"ListItem","position":2,"name":"\u00ab\u00a0Conversations\u00a0\u00bb avec Jean-Marie Klinkenberg"}]},{"@type":"WebSite","@id":"https:\/\/web.umons.ac.be\/langage\/#website","url":"https:\/\/web.umons.ac.be\/langage\/","name":"Institut \/ Langage","description":"Un site utilisant Universit\u00e9 de Mons \u2013 UMONS","potentialAction":[{"@type":"SearchAction","target":{"@type":"EntryPoint","urlTemplate":"https:\/\/web.umons.ac.be\/langage\/?s={search_term_string}"},"query-input":{"@type":"PropertyValueSpecification","valueRequired":true,"valueName":"search_term_string"}}],"inLanguage":"fr-FR"},{"@type":"Person","@id":"https:\/\/web.umons.ac.be\/langage\/#\/schema\/person\/b88618f772d61a9c8af478c4e9dc7cae","name":"Sophie Fagniart","image":{"@type":"ImageObject","inLanguage":"fr-FR","@id":"https:\/\/secure.gravatar.com\/avatar\/3f3f2084ccc64faf2c9d61e376e98f86aa6a1df1cc01ef2032a752e581ea7ad6?s=96&d=mm&r=g","url":"https:\/\/secure.gravatar.com\/avatar\/3f3f2084ccc64faf2c9d61e376e98f86aa6a1df1cc01ef2032a752e581ea7ad6?s=96&d=mm&r=g","contentUrl":"https:\/\/secure.gravatar.com\/avatar\/3f3f2084ccc64faf2c9d61e376e98f86aa6a1df1cc01ef2032a752e581ea7ad6?s=96&d=mm&r=g","caption":"Sophie Fagniart"},"url":"https:\/\/web.umons.ac.be\/langage\/author\/sfagniart\/"}]}},"lang":"fr","translations":{"fr":632},"pll_sync_post":[],"_links":{"self":[{"href":"https:\/\/web.umons.ac.be\/langage\/wp-json\/wp\/v2\/posts\/632","targetHints":{"allow":["GET"]}}],"collection":[{"href":"https:\/\/web.umons.ac.be\/langage\/wp-json\/wp\/v2\/posts"}],"about":[{"href":"https:\/\/web.umons.ac.be\/langage\/wp-json\/wp\/v2\/types\/post"}],"author":[{"embeddable":true,"href":"https:\/\/web.umons.ac.be\/langage\/wp-json\/wp\/v2\/users\/283"}],"replies":[{"embeddable":true,"href":"https:\/\/web.umons.ac.be\/langage\/wp-json\/wp\/v2\/comments?post=632"}],"version-history":[{"count":3,"href":"https:\/\/web.umons.ac.be\/langage\/wp-json\/wp\/v2\/posts\/632\/revisions"}],"predecessor-version":[{"id":641,"href":"https:\/\/web.umons.ac.be\/langage\/wp-json\/wp\/v2\/posts\/632\/revisions\/641"}],"wp:featuredmedia":[{"embeddable":true,"href":"https:\/\/web.umons.ac.be\/langage\/wp-json\/wp\/v2\/media\/637"}],"wp:attachment":[{"href":"https:\/\/web.umons.ac.be\/langage\/wp-json\/wp\/v2\/media?parent=632"}],"wp:term":[{"taxonomy":"category","embeddable":true,"href":"https:\/\/web.umons.ac.be\/langage\/wp-json\/wp\/v2\/categories?post=632"},{"taxonomy":"post_tag","embeddable":true,"href":"https:\/\/web.umons.ac.be\/langage\/wp-json\/wp\/v2\/tags?post=632"}],"curies":[{"name":"wp","href":"https:\/\/api.w.org\/{rel}","templated":true}]}}