{"id":693,"date":"2025-01-09T09:45:24","date_gmt":"2025-01-09T08:45:24","guid":{"rendered":"https:\/\/web.umons.ac.be\/materiaux\/?p=693"},"modified":"2025-01-09T09:45:24","modified_gmt":"2025-01-09T08:45:24","slug":"un-avenir-prometteur-pour-la-dentisterie-grace-au-projet-i3ident","status":"publish","type":"post","link":"https:\/\/web.umons.ac.be\/materiaux\/fr\/2025\/01\/09\/un-avenir-prometteur-pour-la-dentisterie-grace-au-projet-i3ident\/","title":{"rendered":"Un avenir prometteur pour la dentisterie gr\u00e2ce au projet I3iDENT"},"content":{"rendered":"<p style=\"font-weight: 400;\">En Wallonie, l&rsquo;industrie de la sant\u00e9, en particulier le secteur des dispositifs m\u00e9dicaux, est tr\u00e8s dynamique. Le d\u00e9veloppement de ces dispositifs a pour particularit\u00e9 de n\u00e9cessiter des comp\u00e9tences et des expertises dans des disciplines vari\u00e9es et parfois tr\u00e8s \u00e9loign\u00e9es, comme la science des mat\u00e9riaux, l\u2019ing\u00e9nierie, la biologie et la m\u00e9decine.<\/p>\n<p>En Wallonie, ce secteur en croissance comprend diverses niches domin\u00e9es par des PME et conna\u00eet un important d\u00e9veloppement de la recherche dans les universit\u00e9s et les centres de recherche. De plus en plus d&rsquo;investisseurs internationaux soutiennent les biotechnologies et la <em>Medtech<\/em> en Wallonie. L&#8217;emploi dans ces domaines augmente, et le Benelux pourrait devenir le principal p\u00f4le biotechnologique d&rsquo;Europe dans les prochaines ann\u00e9es.<\/p>\n<p style=\"font-weight: 400;\">C\u2019est dans ce contexte qu\u2019intervient le projet I3iDENT, r\u00e9cemment accept\u00e9 dans le cadre du programme Win<sup>2<\/sup>WAL, et n\u00e9 d\u2019une collaboration entre l\u2019UMONS, Materia Nova et la soci\u00e9t\u00e9 Cerhum, active dans l\u2019impression 3D d\u2019os synth\u00e9tiques.<\/p>\n<blockquote>\n<p style=\"font-weight: 400;\">\u00ab\u00a0<em>Ce projet vise \u00e0 d\u00e9velopper une nouvelle g\u00e9n\u00e9ration de composites \u00e0 base d\u2019hydroxyapatite et de polym\u00e8res bior\u00e9sorbables avec des qualit\u00e9s d\u2019interface charges-matrice \u00e9lev\u00e9es dans la chirurgie intra-orale<\/em>\u00bb, pr\u00e9cise le Prof. Jean-Marie Raquez, chef du service des Mat\u00e9riaux Polym\u00e8res et Composites de l\u2019UMONS.<\/p>\n<\/blockquote>\n<h5 style=\"font-weight: 400;\"><strong>Une innovation pour la chirurgie maxillofaciale <\/strong><\/h5>\n<p style=\"font-weight: 400;\">I3iDENT r\u00e9unit des expertises et comp\u00e9tences diversifi\u00e9es :<\/p>\n<ul>\n<li>Le d\u00e9veloppement de composites bior\u00e9sorbables du c\u00f4t\u00e9 de l\u2019UMONS (Jean-Marie Raquez &amp; Rosica Mincheva)\u00a0;<\/li>\n<li>Le contr\u00f4le de la qualit\u00e9 des interfaces par traitement plasma pour l\u2019UMONS Innovation Center Materia Nova\u00a0(Hemberg Axel et Soumaya Lafqir);<\/li>\n<li>Enfin, le d\u00e9veloppement des greffons intra-oraux composites pour Cerhum (Gr\u00e9gory Nolens et Islam Bouakaz).<\/li>\n<\/ul>\n<p style=\"font-weight: 400;\">Cerhum a d\u2019ailleurs d\u00e9j\u00e0 d\u00e9velopp\u00e9 une solution innovante avec MyBone, un greffon osseux lanc\u00e9 en 2020 et d\u00e9velopp\u00e9 avec 3D-SIDE, financ\u00e9 par la R\u00e9gion wallonne (DGO6). MyBone, qui \u00e9vite les complications des mat\u00e9riaux synth\u00e9tiques comme le titane ou le plastique, permet la reconstruction sans pr\u00e9l\u00e8vements osseux. D\u00e9di\u00e9 \u00e0 la chirurgie maxillofaciale, le produit est autoris\u00e9 sur le march\u00e9 europ\u00e9en et vendu en Belgique, en France et aux Pays-Bas. Pour obtenir la certification FDA pour les indications dentaires et acc\u00e9der au march\u00e9 am\u00e9ricain, Cerhum doit toutefois adapter sa technologie\u2026 Un des objectifs du projet I3iDENT\u00a0!<\/p>\n<p style=\"font-weight: 400;\"><em>\u00a0<\/em><em>\u00ab\u00a0Cerhum a pour ambition de devenir leader dans greffons osseux sur mesure pour la chirurgie faciale. Pour atteindre cet objectif, il est crucial de rester \u00e0 la pointe de l\u2019innovation tout en r\u00e9pondant aux attentes des chirurgiens et des patients.\u00a0\u00bb <\/em>pr\u00e9cise le Dr. Gr\u00e9gory Nolens, fondateur et Responsable Scientifique chez Cerhum.<\/p>\n<p style=\"font-weight: 400;\">L&rsquo;originalit\u00e9 du projet\u00a0? L&rsquo;utilisation des technologies plasma pour traiter la surface des poudres c\u00e9ramiques et l&rsquo;\u00e9laboration de ces mat\u00e9riaux via des techniques d\u2019impression 3D. L&rsquo;objectif est de parvenir \u00e0 une d\u00e9monstration de faisabilit\u00e9, montrant que ces composites bior\u00e9sorbables avec des interfaces optimis\u00e9es sont r\u00e9alisables.<\/p>\n<p style=\"font-weight: 400;\">I3iDENT sera financ\u00e9 par le programme Win<sup>2<\/sup>WAL\u00a0: un programme en Wallonie qui finance, au sein des universit\u00e9s, hautes \u00e9coles et centres de recherche agr\u00e9\u00e9s, des projets de recherche industrielle qui permettront l&rsquo;\u00e9mergence d&rsquo;un produit, d&rsquo;un proc\u00e9d\u00e9 ou d&rsquo;un service (PPS).<\/p>\n","protected":false},"excerpt":{"rendered":"<p>Port\u00e9 par l\u2019UMONS, en collaboration avec Materia Nova et la soci\u00e9t\u00e9 Cerhum, le projet I3iDENT vise \u00e0 cr\u00e9er de nouveaux mat\u00e9riaux pour les greffons intra-oraux en utilisant des composites d\u2019hydroxyapatite et de polym\u00e8res bior\u00e9sorbables avec des interfaces am\u00e9lior\u00e9es. La recherche est financ\u00e9e par le programme Win2WAL, pour un budget total de pr\u00e8s d\u20191 million d\u2019euros.<\/p>\n","protected":false},"author":209,"featured_media":694,"comment_status":"closed","ping_status":"closed","sticky":false,"template":"","format":"standard","meta":{"footnotes":""},"categories":[66,78],"tags":[],"class_list":["post-693","post","type-post","status-publish","format-standard","has-post-thumbnail","hentry","category-entreprises","category-recherche"],"yoast_head":"<!-- This site is optimized with the Yoast SEO plugin v27.2 - https:\/\/yoast.com\/product\/yoast-seo-wordpress\/ -->\n<title>Un avenir prometteur pour la dentisterie gr\u00e2ce au projet I3iDENT - Institut \/ Mat\u00e9riaux<\/title>\n<meta name=\"robots\" content=\"index, follow, max-snippet:-1, max-image-preview:large, max-video-preview:-1\" \/>\n<link rel=\"canonical\" href=\"https:\/\/web.umons.ac.be\/materiaux\/fr\/2025\/01\/09\/un-avenir-prometteur-pour-la-dentisterie-grace-au-projet-i3ident\/\" \/>\n<meta property=\"og:locale\" content=\"fr_FR\" \/>\n<meta property=\"og:type\" content=\"article\" \/>\n<meta property=\"og:title\" content=\"Un avenir prometteur pour la dentisterie gr\u00e2ce au projet I3iDENT - Institut \/ Mat\u00e9riaux\" \/>\n<meta property=\"og:description\" content=\"Port\u00e9 par l\u2019UMONS, en collaboration avec Materia Nova et la soci\u00e9t\u00e9 Cerhum, le projet I3iDENT vise \u00e0 cr\u00e9er de nouveaux mat\u00e9riaux pour les greffons intra-oraux en utilisant des composites d\u2019hydroxyapatite et de polym\u00e8res bior\u00e9sorbables avec des interfaces am\u00e9lior\u00e9es. La recherche est financ\u00e9e par le programme Win2WAL, pour un budget total de pr\u00e8s d\u20191 million d\u2019euros.\" \/>\n<meta property=\"og:url\" content=\"https:\/\/web.umons.ac.be\/materiaux\/fr\/2025\/01\/09\/un-avenir-prometteur-pour-la-dentisterie-grace-au-projet-i3ident\/\" \/>\n<meta property=\"og:site_name\" content=\"Institut \/ Mat\u00e9riaux\" \/>\n<meta property=\"article:published_time\" content=\"2025-01-09T08:45:24+00:00\" \/>\n<meta property=\"og:image\" content=\"https:\/\/web.umons.ac.be\/app\/uploads\/sites\/38\/2025\/01\/Illu_-I3iDENT_ChirMaxillofaciale-2.png\" \/>\n\t<meta property=\"og:image:width\" content=\"1000\" \/>\n\t<meta property=\"og:image:height\" content=\"600\" \/>\n\t<meta property=\"og:image:type\" content=\"image\/png\" \/>\n<meta name=\"author\" content=\"Damiano Di Stazio\" \/>\n<meta name=\"twitter:card\" content=\"summary_large_image\" \/>\n<meta name=\"twitter:label1\" content=\"\u00c9crit par\" \/>\n\t<meta name=\"twitter:data1\" content=\"Damiano Di Stazio\" \/>\n\t<meta name=\"twitter:label2\" content=\"Dur\u00e9e de lecture estim\u00e9e\" \/>\n\t<meta name=\"twitter:data2\" content=\"3 minutes\" \/>\n<script type=\"application\/ld+json\" class=\"yoast-schema-graph\">{\"@context\":\"https:\/\/schema.org\",\"@graph\":[{\"@type\":\"Article\",\"@id\":\"https:\/\/web.umons.ac.be\/materiaux\/fr\/2025\/01\/09\/un-avenir-prometteur-pour-la-dentisterie-grace-au-projet-i3ident\/#article\",\"isPartOf\":{\"@id\":\"https:\/\/web.umons.ac.be\/materiaux\/fr\/2025\/01\/09\/un-avenir-prometteur-pour-la-dentisterie-grace-au-projet-i3ident\/\"},\"author\":{\"name\":\"Damiano Di Stazio\",\"@id\":\"https:\/\/web.umons.ac.be\/materiaux\/#\/schema\/person\/9ebd47776577983ce0c6fd57d432ed15\"},\"headline\":\"Un avenir prometteur pour la dentisterie gr\u00e2ce au projet I3iDENT\",\"datePublished\":\"2025-01-09T08:45:24+00:00\",\"mainEntityOfPage\":{\"@id\":\"https:\/\/web.umons.ac.be\/materiaux\/fr\/2025\/01\/09\/un-avenir-prometteur-pour-la-dentisterie-grace-au-projet-i3ident\/\"},\"wordCount\":581,\"image\":{\"@id\":\"https:\/\/web.umons.ac.be\/materiaux\/fr\/2025\/01\/09\/un-avenir-prometteur-pour-la-dentisterie-grace-au-projet-i3ident\/#primaryimage\"},\"thumbnailUrl\":\"https:\/\/web.umons.ac.be\/app\/uploads\/sites\/38\/2025\/01\/Illu_-I3iDENT_ChirMaxillofaciale-2.png\",\"articleSection\":[\"Entreprises\",\"Recherche\"],\"inLanguage\":\"fr-FR\"},{\"@type\":\"WebPage\",\"@id\":\"https:\/\/web.umons.ac.be\/materiaux\/fr\/2025\/01\/09\/un-avenir-prometteur-pour-la-dentisterie-grace-au-projet-i3ident\/\",\"url\":\"https:\/\/web.umons.ac.be\/materiaux\/fr\/2025\/01\/09\/un-avenir-prometteur-pour-la-dentisterie-grace-au-projet-i3ident\/\",\"name\":\"Un avenir prometteur pour la dentisterie gr\u00e2ce au projet I3iDENT - Institut \/ Mat\u00e9riaux\",\"isPartOf\":{\"@id\":\"https:\/\/web.umons.ac.be\/materiaux\/#website\"},\"primaryImageOfPage\":{\"@id\":\"https:\/\/web.umons.ac.be\/materiaux\/fr\/2025\/01\/09\/un-avenir-prometteur-pour-la-dentisterie-grace-au-projet-i3ident\/#primaryimage\"},\"image\":{\"@id\":\"https:\/\/web.umons.ac.be\/materiaux\/fr\/2025\/01\/09\/un-avenir-prometteur-pour-la-dentisterie-grace-au-projet-i3ident\/#primaryimage\"},\"thumbnailUrl\":\"https:\/\/web.umons.ac.be\/app\/uploads\/sites\/38\/2025\/01\/Illu_-I3iDENT_ChirMaxillofaciale-2.png\",\"datePublished\":\"2025-01-09T08:45:24+00:00\",\"author\":{\"@id\":\"https:\/\/web.umons.ac.be\/materiaux\/#\/schema\/person\/9ebd47776577983ce0c6fd57d432ed15\"},\"breadcrumb\":{\"@id\":\"https:\/\/web.umons.ac.be\/materiaux\/fr\/2025\/01\/09\/un-avenir-prometteur-pour-la-dentisterie-grace-au-projet-i3ident\/#breadcrumb\"},\"inLanguage\":\"fr-FR\",\"potentialAction\":[{\"@type\":\"ReadAction\",\"target\":[\"https:\/\/web.umons.ac.be\/materiaux\/fr\/2025\/01\/09\/un-avenir-prometteur-pour-la-dentisterie-grace-au-projet-i3ident\/\"]}]},{\"@type\":\"ImageObject\",\"inLanguage\":\"fr-FR\",\"@id\":\"https:\/\/web.umons.ac.be\/materiaux\/fr\/2025\/01\/09\/un-avenir-prometteur-pour-la-dentisterie-grace-au-projet-i3ident\/#primaryimage\",\"url\":\"https:\/\/web.umons.ac.be\/app\/uploads\/sites\/38\/2025\/01\/Illu_-I3iDENT_ChirMaxillofaciale-2.png\",\"contentUrl\":\"https:\/\/web.umons.ac.be\/app\/uploads\/sites\/38\/2025\/01\/Illu_-I3iDENT_ChirMaxillofaciale-2.png\",\"width\":1000,\"height\":600},{\"@type\":\"BreadcrumbList\",\"@id\":\"https:\/\/web.umons.ac.be\/materiaux\/fr\/2025\/01\/09\/un-avenir-prometteur-pour-la-dentisterie-grace-au-projet-i3ident\/#breadcrumb\",\"itemListElement\":[{\"@type\":\"ListItem\",\"position\":1,\"name\":\"Accueil\",\"item\":\"https:\/\/web.umons.ac.be\/materiaux\/\"},{\"@type\":\"ListItem\",\"position\":2,\"name\":\"Un avenir prometteur pour la dentisterie gr\u00e2ce au projet I3iDENT\"}]},{\"@type\":\"WebSite\",\"@id\":\"https:\/\/web.umons.ac.be\/materiaux\/#website\",\"url\":\"https:\/\/web.umons.ac.be\/materiaux\/\",\"name\":\"Institut \/ Mat\u00e9riaux\",\"description\":\"Un site utilisant Universit\u00e9 de Mons \u2013 UMONS\",\"potentialAction\":[{\"@type\":\"SearchAction\",\"target\":{\"@type\":\"EntryPoint\",\"urlTemplate\":\"https:\/\/web.umons.ac.be\/materiaux\/?s={search_term_string}\"},\"query-input\":{\"@type\":\"PropertyValueSpecification\",\"valueRequired\":true,\"valueName\":\"search_term_string\"}}],\"inLanguage\":\"fr-FR\"},{\"@type\":\"Person\",\"@id\":\"https:\/\/web.umons.ac.be\/materiaux\/#\/schema\/person\/9ebd47776577983ce0c6fd57d432ed15\",\"name\":\"Damiano Di Stazio\",\"image\":{\"@type\":\"ImageObject\",\"inLanguage\":\"fr-FR\",\"@id\":\"https:\/\/secure.gravatar.com\/avatar\/8f8800ce50c63e3da3af996b36ff63eb6e55b85aed77828a11eb864879bf2a59?s=96&d=mm&r=g\",\"url\":\"https:\/\/secure.gravatar.com\/avatar\/8f8800ce50c63e3da3af996b36ff63eb6e55b85aed77828a11eb864879bf2a59?s=96&d=mm&r=g\",\"contentUrl\":\"https:\/\/secure.gravatar.com\/avatar\/8f8800ce50c63e3da3af996b36ff63eb6e55b85aed77828a11eb864879bf2a59?s=96&d=mm&r=g\",\"caption\":\"Damiano Di Stazio\"},\"url\":\"https:\/\/web.umons.ac.be\/materiaux\/author\/ddistazio\/\"}]}<\/script>\n<!-- \/ Yoast SEO plugin. -->","yoast_head_json":{"title":"Un avenir prometteur pour la dentisterie gr\u00e2ce au projet I3iDENT - Institut \/ Mat\u00e9riaux","robots":{"index":"index","follow":"follow","max-snippet":"max-snippet:-1","max-image-preview":"max-image-preview:large","max-video-preview":"max-video-preview:-1"},"canonical":"https:\/\/web.umons.ac.be\/materiaux\/fr\/2025\/01\/09\/un-avenir-prometteur-pour-la-dentisterie-grace-au-projet-i3ident\/","og_locale":"fr_FR","og_type":"article","og_title":"Un avenir prometteur pour la dentisterie gr\u00e2ce au projet I3iDENT - Institut \/ Mat\u00e9riaux","og_description":"Port\u00e9 par l\u2019UMONS, en collaboration avec Materia Nova et la soci\u00e9t\u00e9 Cerhum, le projet I3iDENT vise \u00e0 cr\u00e9er de nouveaux mat\u00e9riaux pour les greffons intra-oraux en utilisant des composites d\u2019hydroxyapatite et de polym\u00e8res bior\u00e9sorbables avec des interfaces am\u00e9lior\u00e9es. La recherche est financ\u00e9e par le programme Win2WAL, pour un budget total de pr\u00e8s d\u20191 million d\u2019euros.","og_url":"https:\/\/web.umons.ac.be\/materiaux\/fr\/2025\/01\/09\/un-avenir-prometteur-pour-la-dentisterie-grace-au-projet-i3ident\/","og_site_name":"Institut \/ Mat\u00e9riaux","article_published_time":"2025-01-09T08:45:24+00:00","og_image":[{"width":1000,"height":600,"url":"https:\/\/web.umons.ac.be\/app\/uploads\/sites\/38\/2025\/01\/Illu_-I3iDENT_ChirMaxillofaciale-2.png","type":"image\/png"}],"author":"Damiano Di Stazio","twitter_card":"summary_large_image","twitter_misc":{"\u00c9crit par":"Damiano Di Stazio","Dur\u00e9e de lecture estim\u00e9e":"3 minutes"},"schema":{"@context":"https:\/\/schema.org","@graph":[{"@type":"Article","@id":"https:\/\/web.umons.ac.be\/materiaux\/fr\/2025\/01\/09\/un-avenir-prometteur-pour-la-dentisterie-grace-au-projet-i3ident\/#article","isPartOf":{"@id":"https:\/\/web.umons.ac.be\/materiaux\/fr\/2025\/01\/09\/un-avenir-prometteur-pour-la-dentisterie-grace-au-projet-i3ident\/"},"author":{"name":"Damiano Di Stazio","@id":"https:\/\/web.umons.ac.be\/materiaux\/#\/schema\/person\/9ebd47776577983ce0c6fd57d432ed15"},"headline":"Un avenir prometteur pour la dentisterie gr\u00e2ce au projet I3iDENT","datePublished":"2025-01-09T08:45:24+00:00","mainEntityOfPage":{"@id":"https:\/\/web.umons.ac.be\/materiaux\/fr\/2025\/01\/09\/un-avenir-prometteur-pour-la-dentisterie-grace-au-projet-i3ident\/"},"wordCount":581,"image":{"@id":"https:\/\/web.umons.ac.be\/materiaux\/fr\/2025\/01\/09\/un-avenir-prometteur-pour-la-dentisterie-grace-au-projet-i3ident\/#primaryimage"},"thumbnailUrl":"https:\/\/web.umons.ac.be\/app\/uploads\/sites\/38\/2025\/01\/Illu_-I3iDENT_ChirMaxillofaciale-2.png","articleSection":["Entreprises","Recherche"],"inLanguage":"fr-FR"},{"@type":"WebPage","@id":"https:\/\/web.umons.ac.be\/materiaux\/fr\/2025\/01\/09\/un-avenir-prometteur-pour-la-dentisterie-grace-au-projet-i3ident\/","url":"https:\/\/web.umons.ac.be\/materiaux\/fr\/2025\/01\/09\/un-avenir-prometteur-pour-la-dentisterie-grace-au-projet-i3ident\/","name":"Un avenir prometteur pour la dentisterie gr\u00e2ce au projet I3iDENT - Institut \/ Mat\u00e9riaux","isPartOf":{"@id":"https:\/\/web.umons.ac.be\/materiaux\/#website"},"primaryImageOfPage":{"@id":"https:\/\/web.umons.ac.be\/materiaux\/fr\/2025\/01\/09\/un-avenir-prometteur-pour-la-dentisterie-grace-au-projet-i3ident\/#primaryimage"},"image":{"@id":"https:\/\/web.umons.ac.be\/materiaux\/fr\/2025\/01\/09\/un-avenir-prometteur-pour-la-dentisterie-grace-au-projet-i3ident\/#primaryimage"},"thumbnailUrl":"https:\/\/web.umons.ac.be\/app\/uploads\/sites\/38\/2025\/01\/Illu_-I3iDENT_ChirMaxillofaciale-2.png","datePublished":"2025-01-09T08:45:24+00:00","author":{"@id":"https:\/\/web.umons.ac.be\/materiaux\/#\/schema\/person\/9ebd47776577983ce0c6fd57d432ed15"},"breadcrumb":{"@id":"https:\/\/web.umons.ac.be\/materiaux\/fr\/2025\/01\/09\/un-avenir-prometteur-pour-la-dentisterie-grace-au-projet-i3ident\/#breadcrumb"},"inLanguage":"fr-FR","potentialAction":[{"@type":"ReadAction","target":["https:\/\/web.umons.ac.be\/materiaux\/fr\/2025\/01\/09\/un-avenir-prometteur-pour-la-dentisterie-grace-au-projet-i3ident\/"]}]},{"@type":"ImageObject","inLanguage":"fr-FR","@id":"https:\/\/web.umons.ac.be\/materiaux\/fr\/2025\/01\/09\/un-avenir-prometteur-pour-la-dentisterie-grace-au-projet-i3ident\/#primaryimage","url":"https:\/\/web.umons.ac.be\/app\/uploads\/sites\/38\/2025\/01\/Illu_-I3iDENT_ChirMaxillofaciale-2.png","contentUrl":"https:\/\/web.umons.ac.be\/app\/uploads\/sites\/38\/2025\/01\/Illu_-I3iDENT_ChirMaxillofaciale-2.png","width":1000,"height":600},{"@type":"BreadcrumbList","@id":"https:\/\/web.umons.ac.be\/materiaux\/fr\/2025\/01\/09\/un-avenir-prometteur-pour-la-dentisterie-grace-au-projet-i3ident\/#breadcrumb","itemListElement":[{"@type":"ListItem","position":1,"name":"Accueil","item":"https:\/\/web.umons.ac.be\/materiaux\/"},{"@type":"ListItem","position":2,"name":"Un avenir prometteur pour la dentisterie gr\u00e2ce au projet I3iDENT"}]},{"@type":"WebSite","@id":"https:\/\/web.umons.ac.be\/materiaux\/#website","url":"https:\/\/web.umons.ac.be\/materiaux\/","name":"Institut \/ Mat\u00e9riaux","description":"Un site utilisant Universit\u00e9 de Mons \u2013 UMONS","potentialAction":[{"@type":"SearchAction","target":{"@type":"EntryPoint","urlTemplate":"https:\/\/web.umons.ac.be\/materiaux\/?s={search_term_string}"},"query-input":{"@type":"PropertyValueSpecification","valueRequired":true,"valueName":"search_term_string"}}],"inLanguage":"fr-FR"},{"@type":"Person","@id":"https:\/\/web.umons.ac.be\/materiaux\/#\/schema\/person\/9ebd47776577983ce0c6fd57d432ed15","name":"Damiano Di Stazio","image":{"@type":"ImageObject","inLanguage":"fr-FR","@id":"https:\/\/secure.gravatar.com\/avatar\/8f8800ce50c63e3da3af996b36ff63eb6e55b85aed77828a11eb864879bf2a59?s=96&d=mm&r=g","url":"https:\/\/secure.gravatar.com\/avatar\/8f8800ce50c63e3da3af996b36ff63eb6e55b85aed77828a11eb864879bf2a59?s=96&d=mm&r=g","contentUrl":"https:\/\/secure.gravatar.com\/avatar\/8f8800ce50c63e3da3af996b36ff63eb6e55b85aed77828a11eb864879bf2a59?s=96&d=mm&r=g","caption":"Damiano Di Stazio"},"url":"https:\/\/web.umons.ac.be\/materiaux\/author\/ddistazio\/"}]}},"lang":"fr","translations":{"fr":693},"pll_sync_post":[],"_links":{"self":[{"href":"https:\/\/web.umons.ac.be\/materiaux\/wp-json\/wp\/v2\/posts\/693","targetHints":{"allow":["GET"]}}],"collection":[{"href":"https:\/\/web.umons.ac.be\/materiaux\/wp-json\/wp\/v2\/posts"}],"about":[{"href":"https:\/\/web.umons.ac.be\/materiaux\/wp-json\/wp\/v2\/types\/post"}],"author":[{"embeddable":true,"href":"https:\/\/web.umons.ac.be\/materiaux\/wp-json\/wp\/v2\/users\/209"}],"replies":[{"embeddable":true,"href":"https:\/\/web.umons.ac.be\/materiaux\/wp-json\/wp\/v2\/comments?post=693"}],"version-history":[{"count":1,"href":"https:\/\/web.umons.ac.be\/materiaux\/wp-json\/wp\/v2\/posts\/693\/revisions"}],"predecessor-version":[{"id":695,"href":"https:\/\/web.umons.ac.be\/materiaux\/wp-json\/wp\/v2\/posts\/693\/revisions\/695"}],"wp:featuredmedia":[{"embeddable":true,"href":"https:\/\/web.umons.ac.be\/materiaux\/wp-json\/wp\/v2\/media\/694"}],"wp:attachment":[{"href":"https:\/\/web.umons.ac.be\/materiaux\/wp-json\/wp\/v2\/media?parent=693"}],"wp:term":[{"taxonomy":"category","embeddable":true,"href":"https:\/\/web.umons.ac.be\/materiaux\/wp-json\/wp\/v2\/categories?post=693"},{"taxonomy":"post_tag","embeddable":true,"href":"https:\/\/web.umons.ac.be\/materiaux\/wp-json\/wp\/v2\/tags?post=693"}],"curies":[{"name":"wp","href":"https:\/\/api.w.org\/{rel}","templated":true}]}}