{"id":128,"date":"2024-10-30T13:38:11","date_gmt":"2024-10-30T12:38:11","guid":{"rendered":"https:\/\/web.umons.ac.be\/pme\/?p=128"},"modified":"2025-02-12T16:34:29","modified_gmt":"2025-02-12T15:34:29","slug":"ecole-doctorale-thematique-seminaire-en-collaboration","status":"publish","type":"post","link":"https:\/\/web.umons.ac.be\/pme\/fr\/2024\/10\/30\/ecole-doctorale-thematique-seminaire-en-collaboration\/","title":{"rendered":"\u00c9cole doctorale th\u00e9matique-s\u00e9minaire en collaboration"},"content":{"rendered":"<p>Le professeur <strong>Olivier Maes<\/strong> membre du service de <a href=\"https:\/\/web.umons.ac.be\/pme\/fr\/\"><strong>P\u00e9dagogie et M\u00e9thodologie de l&rsquo;Enseignement<\/strong><\/a> \u00e0 l&rsquo;<a href=\"https:\/\/web.umons.ac.be\/efe\/fr\/\"><strong>Ecole de Formation des Enseignants<\/strong><\/a> (<strong>UMons)<\/strong> a pr\u00e9sent\u00e9 en collaboration avec\u00a0 le professeur <strong>St\u00e9phane Colognesi<\/strong> professeur \u00e0 l&rsquo;<strong>Universit\u00e9 Catholique de Louvain<\/strong>, un s\u00e9minaire intitul\u00e9 \u00ab M\u00e9thodologie d\u2019analyse des pratiques enseignantes \u00bb. Ce s\u00e9minaire s\u2019est d\u00e9roul\u00e9 le 17 octobre dans les auditoires de l&rsquo;UMons devant un public compos\u00e9 de doctorants et de chercheurs dans le cadre de l&rsquo;\u00e9cole doctorale th\u00e9matique (EDT) en sciences PSYChologiques et de l&rsquo;EDUCation, PSYCHEDUC. Le s\u00e9minaire avait pour objectif celui d&rsquo;\u00e9toffer les connaissances des m\u00e9thodes d&rsquo;analyse des pratiques enseignantes \u00e0 travers un dispositif d&rsquo;\u00e9changes et de partages. Plus de 40 participants ont pu ainsi participer au s\u00e9minaire et \u00e0 la discussion qui a suivi faisant part de leurs questionnements et exp\u00e9riences dans le cadre des recherches men\u00e9es autour de l&rsquo;analyse des pratiques de classe. Nous remercions sp\u00e9cialement St\u00e9phanie Bridoux pour son aide pr\u00e9cieuse dans le cadre de l&rsquo;organisation de ce s\u00e9minaire.<\/p>\n<p>Les travaux de St\u00e9phane Colognesi portent notamment sur la question des pratiques de classe et leurs accompagnements. <a href=\"https:\/\/urls.fr\/x-shA0\" target=\"_blank\" rel=\"noopener\">Plus d&rsquo;informations<\/a><\/p>\n<p>Les travaux de OIivier Maes portent notamment sur le processus de construction du jugement \u00e9valuatif par les superviseurs en stage. <a href=\"https:\/\/urls.fr\/5NDpg2\" target=\"_blank\" rel=\"noopener\">Plus d&rsquo;informations <\/a><\/p>\n<p><a href=\"https:\/\/www.linkedin.com\/company\/service-peme\/posts\/?feedView=all\">Suivez nos actualit\u00e9s sur Linkedin.<\/a><\/p>\n<p><img loading=\"lazy\" decoding=\"async\" class=\"size-medium wp-image-122 alignleft\" src=\"https:\/\/web.umons.ac.be\/app\/uploads\/sites\/208\/2024\/10\/Maes-Colognesi-300x225.jpg\" alt=\"\" width=\"300\" height=\"225\" srcset=\"https:\/\/web.umons.ac.be\/app\/uploads\/sites\/208\/2024\/10\/Maes-Colognesi-300x225.jpg 300w, https:\/\/web.umons.ac.be\/app\/uploads\/sites\/208\/2024\/10\/Maes-Colognesi-1024x768.jpg 1024w, https:\/\/web.umons.ac.be\/app\/uploads\/sites\/208\/2024\/10\/Maes-Colognesi-768x576.jpg 768w, https:\/\/web.umons.ac.be\/app\/uploads\/sites\/208\/2024\/10\/Maes-Colognesi-880x660.jpg 880w, https:\/\/web.umons.ac.be\/app\/uploads\/sites\/208\/2024\/10\/Maes-Colognesi-30x23.jpg 30w, https:\/\/web.umons.ac.be\/app\/uploads\/sites\/208\/2024\/10\/Maes-Colognesi-60x45.jpg 60w, https:\/\/web.umons.ac.be\/app\/uploads\/sites\/208\/2024\/10\/Maes-Colognesi-360x270.jpg 360w, https:\/\/web.umons.ac.be\/app\/uploads\/sites\/208\/2024\/10\/Maes-Colognesi.jpg 1280w\" sizes=\"auto, (max-width: 300px) 100vw, 300px\" \/> <img loading=\"lazy\" decoding=\"async\" class=\"size-medium wp-image-120 alignright\" src=\"https:\/\/web.umons.ac.be\/app\/uploads\/sites\/208\/2024\/10\/Colognesi-Maes-300x230.jpg\" alt=\"\" width=\"300\" height=\"230\" srcset=\"https:\/\/web.umons.ac.be\/app\/uploads\/sites\/208\/2024\/10\/Colognesi-Maes-300x230.jpg 300w, https:\/\/web.umons.ac.be\/app\/uploads\/sites\/208\/2024\/10\/Colognesi-Maes-768x588.jpg 768w, https:\/\/web.umons.ac.be\/app\/uploads\/sites\/208\/2024\/10\/Colognesi-Maes-30x23.jpg 30w, https:\/\/web.umons.ac.be\/app\/uploads\/sites\/208\/2024\/10\/Colognesi-Maes-60x46.jpg 60w, https:\/\/web.umons.ac.be\/app\/uploads\/sites\/208\/2024\/10\/Colognesi-Maes-360x276.jpg 360w, https:\/\/web.umons.ac.be\/app\/uploads\/sites\/208\/2024\/10\/Colognesi-Maes.jpg 798w\" sizes=\"auto, (max-width: 300px) 100vw, 300px\" \/><\/p>\n","protected":false},"excerpt":{"rendered":"<p>Le professeur Olivier Maes membre du service de P\u00e9dagogie et M\u00e9thodologie de l&rsquo;Enseignement \u00e0 l&rsquo;Ecole de Formation des Enseignants (UMons) a pr\u00e9sent\u00e9 en collaboration avec\u00a0 le professeur St\u00e9phane Colognesi professeur \u00e0 l&rsquo;Universit\u00e9 Catholique de Louvain, un s\u00e9minaire intitul\u00e9 \u00ab M\u00e9thodologie d\u2019analyse des pratiques enseignantes \u00bb. Ce s\u00e9minaire s\u2019est d\u00e9roul\u00e9 le 17 octobre dans les auditoires [&hellip;]<\/p>\n","protected":false},"author":245,"featured_media":0,"comment_status":"closed","ping_status":"closed","sticky":false,"template":"","format":"standard","meta":{"footnotes":""},"categories":[156],"tags":[],"class_list":["post-128","post","type-post","status-publish","format-standard","hentry","category-formation"],"yoast_head":"<!-- This site is optimized with the Yoast SEO plugin v27.2 - https:\/\/yoast.com\/product\/yoast-seo-wordpress\/ -->\n<title>\u00c9cole doctorale th\u00e9matique-s\u00e9minaire en collaboration - Service \/ EFE - P\u00e9dagogie et M\u00e9thodologie de l\u2019Enseignement<\/title>\n<meta name=\"robots\" content=\"index, follow, max-snippet:-1, max-image-preview:large, max-video-preview:-1\" \/>\n<link rel=\"canonical\" href=\"https:\/\/web.umons.ac.be\/pme\/fr\/2024\/10\/30\/ecole-doctorale-thematique-seminaire-en-collaboration\/\" \/>\n<meta property=\"og:locale\" content=\"fr_FR\" \/>\n<meta property=\"og:type\" content=\"article\" \/>\n<meta property=\"og:title\" content=\"\u00c9cole doctorale th\u00e9matique-s\u00e9minaire en collaboration - Service \/ EFE - P\u00e9dagogie et M\u00e9thodologie de l\u2019Enseignement\" \/>\n<meta property=\"og:description\" content=\"Le professeur Olivier Maes membre du service de P\u00e9dagogie et M\u00e9thodologie de l&rsquo;Enseignement \u00e0 l&rsquo;Ecole de Formation des Enseignants (UMons) a pr\u00e9sent\u00e9 en collaboration avec\u00a0 le professeur St\u00e9phane Colognesi professeur \u00e0 l&rsquo;Universit\u00e9 Catholique de Louvain, un s\u00e9minaire intitul\u00e9 \u00ab M\u00e9thodologie d\u2019analyse des pratiques enseignantes \u00bb. Ce s\u00e9minaire s\u2019est d\u00e9roul\u00e9 le 17 octobre dans les auditoires [&hellip;]\" \/>\n<meta property=\"og:url\" content=\"https:\/\/web.umons.ac.be\/pme\/fr\/2024\/10\/30\/ecole-doctorale-thematique-seminaire-en-collaboration\/\" \/>\n<meta property=\"og:site_name\" content=\"Service \/ EFE - P\u00e9dagogie et M\u00e9thodologie de l\u2019Enseignement\" \/>\n<meta property=\"article:published_time\" content=\"2024-10-30T12:38:11+00:00\" \/>\n<meta property=\"article:modified_time\" content=\"2025-02-12T15:34:29+00:00\" \/>\n<meta property=\"og:image\" content=\"https:\/\/web.umons.ac.be\/app\/uploads\/sites\/208\/2024\/10\/Maes-Colognesi.jpg\" \/>\n\t<meta property=\"og:image:width\" content=\"1280\" \/>\n\t<meta property=\"og:image:height\" content=\"960\" \/>\n\t<meta property=\"og:image:type\" content=\"image\/jpeg\" \/>\n<meta name=\"author\" content=\"Geralda Rika\" \/>\n<meta name=\"twitter:card\" content=\"summary_large_image\" \/>\n<meta name=\"twitter:label1\" content=\"\u00c9crit par\" \/>\n\t<meta name=\"twitter:data1\" content=\"Geralda Rika\" \/>\n\t<meta name=\"twitter:label2\" content=\"Dur\u00e9e de lecture estim\u00e9e\" \/>\n\t<meta name=\"twitter:data2\" content=\"2 minutes\" \/>\n<script type=\"application\/ld+json\" class=\"yoast-schema-graph\">{\"@context\":\"https:\/\/schema.org\",\"@graph\":[{\"@type\":\"Article\",\"@id\":\"https:\/\/web.umons.ac.be\/pme\/fr\/2024\/10\/30\/ecole-doctorale-thematique-seminaire-en-collaboration\/#article\",\"isPartOf\":{\"@id\":\"https:\/\/web.umons.ac.be\/pme\/fr\/2024\/10\/30\/ecole-doctorale-thematique-seminaire-en-collaboration\/\"},\"author\":{\"name\":\"Geralda Rika\",\"@id\":\"https:\/\/web.umons.ac.be\/pme\/#\/schema\/person\/d492cc4bdce06b7f641358c31b244d65\"},\"headline\":\"\u00c9cole doctorale th\u00e9matique-s\u00e9minaire en collaboration\",\"datePublished\":\"2024-10-30T12:38:11+00:00\",\"dateModified\":\"2025-02-12T15:34:29+00:00\",\"mainEntityOfPage\":{\"@id\":\"https:\/\/web.umons.ac.be\/pme\/fr\/2024\/10\/30\/ecole-doctorale-thematique-seminaire-en-collaboration\/\"},\"wordCount\":238,\"image\":{\"@id\":\"https:\/\/web.umons.ac.be\/pme\/fr\/2024\/10\/30\/ecole-doctorale-thematique-seminaire-en-collaboration\/#primaryimage\"},\"thumbnailUrl\":\"https:\/\/web.umons.ac.be\/app\/uploads\/sites\/208\/2024\/10\/Maes-Colognesi-300x225.jpg\",\"articleSection\":[\"Formation\"],\"inLanguage\":\"fr-FR\"},{\"@type\":\"WebPage\",\"@id\":\"https:\/\/web.umons.ac.be\/pme\/fr\/2024\/10\/30\/ecole-doctorale-thematique-seminaire-en-collaboration\/\",\"url\":\"https:\/\/web.umons.ac.be\/pme\/fr\/2024\/10\/30\/ecole-doctorale-thematique-seminaire-en-collaboration\/\",\"name\":\"\u00c9cole doctorale th\u00e9matique-s\u00e9minaire en collaboration - Service \/ EFE - P\u00e9dagogie et M\u00e9thodologie de l\u2019Enseignement\",\"isPartOf\":{\"@id\":\"https:\/\/web.umons.ac.be\/pme\/#website\"},\"primaryImageOfPage\":{\"@id\":\"https:\/\/web.umons.ac.be\/pme\/fr\/2024\/10\/30\/ecole-doctorale-thematique-seminaire-en-collaboration\/#primaryimage\"},\"image\":{\"@id\":\"https:\/\/web.umons.ac.be\/pme\/fr\/2024\/10\/30\/ecole-doctorale-thematique-seminaire-en-collaboration\/#primaryimage\"},\"thumbnailUrl\":\"https:\/\/web.umons.ac.be\/app\/uploads\/sites\/208\/2024\/10\/Maes-Colognesi-300x225.jpg\",\"datePublished\":\"2024-10-30T12:38:11+00:00\",\"dateModified\":\"2025-02-12T15:34:29+00:00\",\"author\":{\"@id\":\"https:\/\/web.umons.ac.be\/pme\/#\/schema\/person\/d492cc4bdce06b7f641358c31b244d65\"},\"breadcrumb\":{\"@id\":\"https:\/\/web.umons.ac.be\/pme\/fr\/2024\/10\/30\/ecole-doctorale-thematique-seminaire-en-collaboration\/#breadcrumb\"},\"inLanguage\":\"fr-FR\",\"potentialAction\":[{\"@type\":\"ReadAction\",\"target\":[\"https:\/\/web.umons.ac.be\/pme\/fr\/2024\/10\/30\/ecole-doctorale-thematique-seminaire-en-collaboration\/\"]}]},{\"@type\":\"ImageObject\",\"inLanguage\":\"fr-FR\",\"@id\":\"https:\/\/web.umons.ac.be\/pme\/fr\/2024\/10\/30\/ecole-doctorale-thematique-seminaire-en-collaboration\/#primaryimage\",\"url\":\"https:\/\/web.umons.ac.be\/app\/uploads\/sites\/208\/2024\/10\/Maes-Colognesi-300x225.jpg\",\"contentUrl\":\"https:\/\/web.umons.ac.be\/app\/uploads\/sites\/208\/2024\/10\/Maes-Colognesi-300x225.jpg\"},{\"@type\":\"BreadcrumbList\",\"@id\":\"https:\/\/web.umons.ac.be\/pme\/fr\/2024\/10\/30\/ecole-doctorale-thematique-seminaire-en-collaboration\/#breadcrumb\",\"itemListElement\":[{\"@type\":\"ListItem\",\"position\":1,\"name\":\"Accueil\",\"item\":\"https:\/\/web.umons.ac.be\/pme\/fr\/\"},{\"@type\":\"ListItem\",\"position\":2,\"name\":\"\u00c9cole doctorale th\u00e9matique-s\u00e9minaire en collaboration\"}]},{\"@type\":\"WebSite\",\"@id\":\"https:\/\/web.umons.ac.be\/pme\/#website\",\"url\":\"https:\/\/web.umons.ac.be\/pme\/\",\"name\":\"Service \/ EFE - P\u00e9dagogie et M\u00e9thodologie de l\u2019Enseignement\",\"description\":\"\",\"potentialAction\":[{\"@type\":\"SearchAction\",\"target\":{\"@type\":\"EntryPoint\",\"urlTemplate\":\"https:\/\/web.umons.ac.be\/pme\/?s={search_term_string}\"},\"query-input\":{\"@type\":\"PropertyValueSpecification\",\"valueRequired\":true,\"valueName\":\"search_term_string\"}}],\"inLanguage\":\"fr-FR\"},{\"@type\":\"Person\",\"@id\":\"https:\/\/web.umons.ac.be\/pme\/#\/schema\/person\/d492cc4bdce06b7f641358c31b244d65\",\"name\":\"Geralda Rika\",\"image\":{\"@type\":\"ImageObject\",\"inLanguage\":\"fr-FR\",\"@id\":\"https:\/\/secure.gravatar.com\/avatar\/149969b535504e81ec8331b0a08d62e8fcc7235dced39b2035d08c3c5286b02a?s=96&d=mm&r=g\",\"url\":\"https:\/\/secure.gravatar.com\/avatar\/149969b535504e81ec8331b0a08d62e8fcc7235dced39b2035d08c3c5286b02a?s=96&d=mm&r=g\",\"contentUrl\":\"https:\/\/secure.gravatar.com\/avatar\/149969b535504e81ec8331b0a08d62e8fcc7235dced39b2035d08c3c5286b02a?s=96&d=mm&r=g\",\"caption\":\"Geralda Rika\"},\"url\":\"https:\/\/web.umons.ac.be\/pme\/author\/grika\/\"}]}<\/script>\n<!-- \/ Yoast SEO plugin. -->","yoast_head_json":{"title":"\u00c9cole doctorale th\u00e9matique-s\u00e9minaire en collaboration - Service \/ EFE - P\u00e9dagogie et M\u00e9thodologie de l\u2019Enseignement","robots":{"index":"index","follow":"follow","max-snippet":"max-snippet:-1","max-image-preview":"max-image-preview:large","max-video-preview":"max-video-preview:-1"},"canonical":"https:\/\/web.umons.ac.be\/pme\/fr\/2024\/10\/30\/ecole-doctorale-thematique-seminaire-en-collaboration\/","og_locale":"fr_FR","og_type":"article","og_title":"\u00c9cole doctorale th\u00e9matique-s\u00e9minaire en collaboration - Service \/ EFE - P\u00e9dagogie et M\u00e9thodologie de l\u2019Enseignement","og_description":"Le professeur Olivier Maes membre du service de P\u00e9dagogie et M\u00e9thodologie de l&rsquo;Enseignement \u00e0 l&rsquo;Ecole de Formation des Enseignants (UMons) a pr\u00e9sent\u00e9 en collaboration avec\u00a0 le professeur St\u00e9phane Colognesi professeur \u00e0 l&rsquo;Universit\u00e9 Catholique de Louvain, un s\u00e9minaire intitul\u00e9 \u00ab M\u00e9thodologie d\u2019analyse des pratiques enseignantes \u00bb. Ce s\u00e9minaire s\u2019est d\u00e9roul\u00e9 le 17 octobre dans les auditoires [&hellip;]","og_url":"https:\/\/web.umons.ac.be\/pme\/fr\/2024\/10\/30\/ecole-doctorale-thematique-seminaire-en-collaboration\/","og_site_name":"Service \/ EFE - P\u00e9dagogie et M\u00e9thodologie de l\u2019Enseignement","article_published_time":"2024-10-30T12:38:11+00:00","article_modified_time":"2025-02-12T15:34:29+00:00","og_image":[{"width":1280,"height":960,"url":"https:\/\/web.umons.ac.be\/app\/uploads\/sites\/208\/2024\/10\/Maes-Colognesi.jpg","type":"image\/jpeg"}],"author":"Geralda Rika","twitter_card":"summary_large_image","twitter_misc":{"\u00c9crit par":"Geralda Rika","Dur\u00e9e de lecture estim\u00e9e":"2 minutes"},"schema":{"@context":"https:\/\/schema.org","@graph":[{"@type":"Article","@id":"https:\/\/web.umons.ac.be\/pme\/fr\/2024\/10\/30\/ecole-doctorale-thematique-seminaire-en-collaboration\/#article","isPartOf":{"@id":"https:\/\/web.umons.ac.be\/pme\/fr\/2024\/10\/30\/ecole-doctorale-thematique-seminaire-en-collaboration\/"},"author":{"name":"Geralda Rika","@id":"https:\/\/web.umons.ac.be\/pme\/#\/schema\/person\/d492cc4bdce06b7f641358c31b244d65"},"headline":"\u00c9cole doctorale th\u00e9matique-s\u00e9minaire en collaboration","datePublished":"2024-10-30T12:38:11+00:00","dateModified":"2025-02-12T15:34:29+00:00","mainEntityOfPage":{"@id":"https:\/\/web.umons.ac.be\/pme\/fr\/2024\/10\/30\/ecole-doctorale-thematique-seminaire-en-collaboration\/"},"wordCount":238,"image":{"@id":"https:\/\/web.umons.ac.be\/pme\/fr\/2024\/10\/30\/ecole-doctorale-thematique-seminaire-en-collaboration\/#primaryimage"},"thumbnailUrl":"https:\/\/web.umons.ac.be\/app\/uploads\/sites\/208\/2024\/10\/Maes-Colognesi-300x225.jpg","articleSection":["Formation"],"inLanguage":"fr-FR"},{"@type":"WebPage","@id":"https:\/\/web.umons.ac.be\/pme\/fr\/2024\/10\/30\/ecole-doctorale-thematique-seminaire-en-collaboration\/","url":"https:\/\/web.umons.ac.be\/pme\/fr\/2024\/10\/30\/ecole-doctorale-thematique-seminaire-en-collaboration\/","name":"\u00c9cole doctorale th\u00e9matique-s\u00e9minaire en collaboration - Service \/ EFE - P\u00e9dagogie et M\u00e9thodologie de l\u2019Enseignement","isPartOf":{"@id":"https:\/\/web.umons.ac.be\/pme\/#website"},"primaryImageOfPage":{"@id":"https:\/\/web.umons.ac.be\/pme\/fr\/2024\/10\/30\/ecole-doctorale-thematique-seminaire-en-collaboration\/#primaryimage"},"image":{"@id":"https:\/\/web.umons.ac.be\/pme\/fr\/2024\/10\/30\/ecole-doctorale-thematique-seminaire-en-collaboration\/#primaryimage"},"thumbnailUrl":"https:\/\/web.umons.ac.be\/app\/uploads\/sites\/208\/2024\/10\/Maes-Colognesi-300x225.jpg","datePublished":"2024-10-30T12:38:11+00:00","dateModified":"2025-02-12T15:34:29+00:00","author":{"@id":"https:\/\/web.umons.ac.be\/pme\/#\/schema\/person\/d492cc4bdce06b7f641358c31b244d65"},"breadcrumb":{"@id":"https:\/\/web.umons.ac.be\/pme\/fr\/2024\/10\/30\/ecole-doctorale-thematique-seminaire-en-collaboration\/#breadcrumb"},"inLanguage":"fr-FR","potentialAction":[{"@type":"ReadAction","target":["https:\/\/web.umons.ac.be\/pme\/fr\/2024\/10\/30\/ecole-doctorale-thematique-seminaire-en-collaboration\/"]}]},{"@type":"ImageObject","inLanguage":"fr-FR","@id":"https:\/\/web.umons.ac.be\/pme\/fr\/2024\/10\/30\/ecole-doctorale-thematique-seminaire-en-collaboration\/#primaryimage","url":"https:\/\/web.umons.ac.be\/app\/uploads\/sites\/208\/2024\/10\/Maes-Colognesi-300x225.jpg","contentUrl":"https:\/\/web.umons.ac.be\/app\/uploads\/sites\/208\/2024\/10\/Maes-Colognesi-300x225.jpg"},{"@type":"BreadcrumbList","@id":"https:\/\/web.umons.ac.be\/pme\/fr\/2024\/10\/30\/ecole-doctorale-thematique-seminaire-en-collaboration\/#breadcrumb","itemListElement":[{"@type":"ListItem","position":1,"name":"Accueil","item":"https:\/\/web.umons.ac.be\/pme\/fr\/"},{"@type":"ListItem","position":2,"name":"\u00c9cole doctorale th\u00e9matique-s\u00e9minaire en collaboration"}]},{"@type":"WebSite","@id":"https:\/\/web.umons.ac.be\/pme\/#website","url":"https:\/\/web.umons.ac.be\/pme\/","name":"Service \/ EFE - P\u00e9dagogie et M\u00e9thodologie de l\u2019Enseignement","description":"","potentialAction":[{"@type":"SearchAction","target":{"@type":"EntryPoint","urlTemplate":"https:\/\/web.umons.ac.be\/pme\/?s={search_term_string}"},"query-input":{"@type":"PropertyValueSpecification","valueRequired":true,"valueName":"search_term_string"}}],"inLanguage":"fr-FR"},{"@type":"Person","@id":"https:\/\/web.umons.ac.be\/pme\/#\/schema\/person\/d492cc4bdce06b7f641358c31b244d65","name":"Geralda Rika","image":{"@type":"ImageObject","inLanguage":"fr-FR","@id":"https:\/\/secure.gravatar.com\/avatar\/149969b535504e81ec8331b0a08d62e8fcc7235dced39b2035d08c3c5286b02a?s=96&d=mm&r=g","url":"https:\/\/secure.gravatar.com\/avatar\/149969b535504e81ec8331b0a08d62e8fcc7235dced39b2035d08c3c5286b02a?s=96&d=mm&r=g","contentUrl":"https:\/\/secure.gravatar.com\/avatar\/149969b535504e81ec8331b0a08d62e8fcc7235dced39b2035d08c3c5286b02a?s=96&d=mm&r=g","caption":"Geralda Rika"},"url":"https:\/\/web.umons.ac.be\/pme\/author\/grika\/"}]}},"lang":"fr","translations":{"fr":128},"pll_sync_post":[],"_links":{"self":[{"href":"https:\/\/web.umons.ac.be\/pme\/wp-json\/wp\/v2\/posts\/128","targetHints":{"allow":["GET"]}}],"collection":[{"href":"https:\/\/web.umons.ac.be\/pme\/wp-json\/wp\/v2\/posts"}],"about":[{"href":"https:\/\/web.umons.ac.be\/pme\/wp-json\/wp\/v2\/types\/post"}],"author":[{"embeddable":true,"href":"https:\/\/web.umons.ac.be\/pme\/wp-json\/wp\/v2\/users\/245"}],"replies":[{"embeddable":true,"href":"https:\/\/web.umons.ac.be\/pme\/wp-json\/wp\/v2\/comments?post=128"}],"version-history":[{"count":3,"href":"https:\/\/web.umons.ac.be\/pme\/wp-json\/wp\/v2\/posts\/128\/revisions"}],"predecessor-version":[{"id":159,"href":"https:\/\/web.umons.ac.be\/pme\/wp-json\/wp\/v2\/posts\/128\/revisions\/159"}],"wp:attachment":[{"href":"https:\/\/web.umons.ac.be\/pme\/wp-json\/wp\/v2\/media?parent=128"}],"wp:term":[{"taxonomy":"category","embeddable":true,"href":"https:\/\/web.umons.ac.be\/pme\/wp-json\/wp\/v2\/categories?post=128"},{"taxonomy":"post_tag","embeddable":true,"href":"https:\/\/web.umons.ac.be\/pme\/wp-json\/wp\/v2\/tags?post=128"}],"curies":[{"name":"wp","href":"https:\/\/api.w.org\/{rel}","templated":true}]}}