{"id":176,"date":"2025-02-12T16:23:52","date_gmt":"2025-02-12T15:23:52","guid":{"rendered":"https:\/\/web.umons.ac.be\/pme\/?p=176"},"modified":"2025-02-12T16:26:06","modified_gmt":"2025-02-12T15:26:06","slug":"fille-ou-garcon-je-peux-tout-faire","status":"publish","type":"post","link":"https:\/\/web.umons.ac.be\/pme\/fr\/2025\/02\/12\/fille-ou-garcon-je-peux-tout-faire\/","title":{"rendered":"Fille ou gar\u00e7on, je peux tout faire !"},"content":{"rendered":"<p>Le mercredi 22 janvier, Sandrine Lothaire membre du service de <a href=\"https:\/\/web.umons.ac.be\/pme\/fr\/\" rel=\"noopener\"><strong>P\u00e9dagogie et M\u00e9thodologie de l&rsquo;Enseignement<\/strong><\/a> \u00e0 l&rsquo;<a href=\"https:\/\/web.umons.ac.be\/efe\/fr\/\" rel=\"noopener\"><strong>Ecole de Formation des Enseignants<\/strong><\/a> (<strong>UMons<\/strong>), a anim\u00e9 un atelier \u00e0 l&rsquo;<a href=\"https:\/\/mumons.be\/museum\/activites\/universite-des-enfants-mons\/\">Universit\u00e9 des Enfants<\/a> (<strong>UMons<\/strong>) intitul\u00e9 \u00ab\u00a0Fille ou gar\u00e7on, je peux tout faire\u00a0\u00bb. Durant cette journ\u00e9e des ateliers scientifiques et vari\u00e9es ont \u00e9t\u00e9 propos\u00e9s aux enfants \u00e2g\u00e9s de 6 \u00e0 12 ans. L&rsquo;atelier que Sandrine Lothaire a anim\u00e9 apporte une dimension sociologique et critique vis \u00e0 vis des st\u00e9r\u00e9otypes sexu\u00e9s et genr\u00e9s. Il vise \u00e0 amener les enfants \u00e0 prendre conscience de ces st\u00e9r\u00e9otypes qui persistent dans notre soci\u00e9t\u00e9 et qui peuvent influencer les choix scolaires et, plus tard dans leurs vies, les choix professionnels.<\/p>\n<p>A travers quatre activit\u00e9s compl\u00e9mentaires, l\u2019existence de ces st\u00e9r\u00e9otypes a \u00e9t\u00e9 mise en lumi\u00e8re. Les enfants ont \u00e9t\u00e9 amen\u00e9s \u00e0 discuter de leur impact sur le monde du travail. Ils ont \u00e9t\u00e9 encourag\u00e9s \u00e0 r\u00e9fl\u00e9chir sur leur libert\u00e9 de choix dans leur vie quotidienne, \u00e0 l\u2019\u00e9cole et dans leur futur parcours professionnel. Quelle richesse d&rsquo;inviter les enfants \u00e0 se projeter librement, sans limites impos\u00e9es par les st\u00e9r\u00e9otypes en vue de construire un avenir de tous les possibles !<img loading=\"lazy\" decoding=\"async\" class=\"aligncenter wp-image-177\" src=\"https:\/\/web.umons.ac.be\/app\/uploads\/sites\/208\/2025\/02\/Univesite-des-Enfants-Sandrine-e1739185296930-210x300.jpg\" alt=\"\" width=\"400\" height=\"571\" srcset=\"https:\/\/web.umons.ac.be\/app\/uploads\/sites\/208\/2025\/02\/Univesite-des-Enfants-Sandrine-e1739185296930-210x300.jpg 210w, https:\/\/web.umons.ac.be\/app\/uploads\/sites\/208\/2025\/02\/Univesite-des-Enfants-Sandrine-e1739185296930-717x1024.jpg 717w, https:\/\/web.umons.ac.be\/app\/uploads\/sites\/208\/2025\/02\/Univesite-des-Enfants-Sandrine-e1739185296930-768x1097.jpg 768w, https:\/\/web.umons.ac.be\/app\/uploads\/sites\/208\/2025\/02\/Univesite-des-Enfants-Sandrine-e1739185296930-1075x1536.jpg 1075w, https:\/\/web.umons.ac.be\/app\/uploads\/sites\/208\/2025\/02\/Univesite-des-Enfants-Sandrine-e1739185296930-462x660.jpg 462w, https:\/\/web.umons.ac.be\/app\/uploads\/sites\/208\/2025\/02\/Univesite-des-Enfants-Sandrine-e1739185296930-30x43.jpg 30w, https:\/\/web.umons.ac.be\/app\/uploads\/sites\/208\/2025\/02\/Univesite-des-Enfants-Sandrine-e1739185296930-42x60.jpg 42w, https:\/\/web.umons.ac.be\/app\/uploads\/sites\/208\/2025\/02\/Univesite-des-Enfants-Sandrine-e1739185296930-360x514.jpg 360w, https:\/\/web.umons.ac.be\/app\/uploads\/sites\/208\/2025\/02\/Univesite-des-Enfants-Sandrine-e1739185296930.jpg 1125w\" sizes=\"auto, (max-width: 400px) 100vw, 400px\" \/><\/p>\n<hr \/>\n<p>&nbsp;<\/p>\n<hr \/>\n<p>&nbsp;<\/p>\n","protected":false},"excerpt":{"rendered":"<p>Le mercredi 22 janvier, Sandrine Lothaire membre du service de P\u00e9dagogie et M\u00e9thodologie de l&rsquo;Enseignement \u00e0 l&rsquo;Ecole de Formation des Enseignants (UMons), a anim\u00e9 un atelier \u00e0 l&rsquo;Universit\u00e9 des Enfants (UMons) intitul\u00e9 \u00ab\u00a0Fille ou gar\u00e7on, je peux tout faire\u00a0\u00bb. Durant cette journ\u00e9e des ateliers scientifiques et vari\u00e9es ont \u00e9t\u00e9 propos\u00e9s aux enfants \u00e2g\u00e9s de 6 [&hellip;]<\/p>\n","protected":false},"author":245,"featured_media":0,"comment_status":"closed","ping_status":"closed","sticky":false,"template":"","format":"standard","meta":{"footnotes":""},"categories":[15],"tags":[],"class_list":["post-176","post","type-post","status-publish","format-standard","hentry","category-conferences-et-colloques"],"yoast_head":"<!-- This site is optimized with the Yoast SEO plugin v27.2 - https:\/\/yoast.com\/product\/yoast-seo-wordpress\/ -->\n<title>Fille ou gar\u00e7on, je peux tout faire ! - Service \/ EFE - P\u00e9dagogie et M\u00e9thodologie de l\u2019Enseignement<\/title>\n<meta name=\"robots\" content=\"index, follow, max-snippet:-1, max-image-preview:large, max-video-preview:-1\" \/>\n<link rel=\"canonical\" href=\"https:\/\/web.umons.ac.be\/pme\/fr\/2025\/02\/12\/fille-ou-garcon-je-peux-tout-faire\/\" \/>\n<meta property=\"og:locale\" content=\"fr_FR\" \/>\n<meta property=\"og:type\" content=\"article\" \/>\n<meta property=\"og:title\" content=\"Fille ou gar\u00e7on, je peux tout faire ! - Service \/ EFE - P\u00e9dagogie et M\u00e9thodologie de l\u2019Enseignement\" \/>\n<meta property=\"og:description\" content=\"Le mercredi 22 janvier, Sandrine Lothaire membre du service de P\u00e9dagogie et M\u00e9thodologie de l&rsquo;Enseignement \u00e0 l&rsquo;Ecole de Formation des Enseignants (UMons), a anim\u00e9 un atelier \u00e0 l&rsquo;Universit\u00e9 des Enfants (UMons) intitul\u00e9 \u00ab\u00a0Fille ou gar\u00e7on, je peux tout faire\u00a0\u00bb. Durant cette journ\u00e9e des ateliers scientifiques et vari\u00e9es ont \u00e9t\u00e9 propos\u00e9s aux enfants \u00e2g\u00e9s de 6 [&hellip;]\" \/>\n<meta property=\"og:url\" content=\"https:\/\/web.umons.ac.be\/pme\/fr\/2025\/02\/12\/fille-ou-garcon-je-peux-tout-faire\/\" \/>\n<meta property=\"og:site_name\" content=\"Service \/ EFE - P\u00e9dagogie et M\u00e9thodologie de l\u2019Enseignement\" \/>\n<meta property=\"article:published_time\" content=\"2025-02-12T15:23:52+00:00\" \/>\n<meta property=\"article:modified_time\" content=\"2025-02-12T15:26:06+00:00\" \/>\n<meta property=\"og:image\" content=\"https:\/\/web.umons.ac.be\/app\/uploads\/sites\/208\/2025\/02\/Univesite-des-Enfants-Sandrine-e1739185296930.jpg\" \/>\n\t<meta property=\"og:image:width\" content=\"1125\" \/>\n\t<meta property=\"og:image:height\" content=\"1607\" \/>\n\t<meta property=\"og:image:type\" content=\"image\/jpeg\" \/>\n<meta name=\"author\" content=\"Geralda Rika\" \/>\n<meta name=\"twitter:card\" content=\"summary_large_image\" \/>\n<meta name=\"twitter:label1\" content=\"\u00c9crit par\" \/>\n\t<meta name=\"twitter:data1\" content=\"Geralda Rika\" \/>\n\t<meta name=\"twitter:label2\" content=\"Dur\u00e9e de lecture estim\u00e9e\" \/>\n\t<meta name=\"twitter:data2\" content=\"2 minutes\" \/>\n<script type=\"application\/ld+json\" class=\"yoast-schema-graph\">{\"@context\":\"https:\/\/schema.org\",\"@graph\":[{\"@type\":\"Article\",\"@id\":\"https:\/\/web.umons.ac.be\/pme\/fr\/2025\/02\/12\/fille-ou-garcon-je-peux-tout-faire\/#article\",\"isPartOf\":{\"@id\":\"https:\/\/web.umons.ac.be\/pme\/fr\/2025\/02\/12\/fille-ou-garcon-je-peux-tout-faire\/\"},\"author\":{\"name\":\"Geralda Rika\",\"@id\":\"https:\/\/web.umons.ac.be\/pme\/#\/schema\/person\/d492cc4bdce06b7f641358c31b244d65\"},\"headline\":\"Fille ou gar\u00e7on, je peux tout faire !\",\"datePublished\":\"2025-02-12T15:23:52+00:00\",\"dateModified\":\"2025-02-12T15:26:06+00:00\",\"mainEntityOfPage\":{\"@id\":\"https:\/\/web.umons.ac.be\/pme\/fr\/2025\/02\/12\/fille-ou-garcon-je-peux-tout-faire\/\"},\"wordCount\":218,\"image\":{\"@id\":\"https:\/\/web.umons.ac.be\/pme\/fr\/2025\/02\/12\/fille-ou-garcon-je-peux-tout-faire\/#primaryimage\"},\"thumbnailUrl\":\"https:\/\/web.umons.ac.be\/app\/uploads\/sites\/208\/2025\/02\/Univesite-des-Enfants-Sandrine-e1739185296930-210x300.jpg\",\"articleSection\":[\"Conf\u00e9rences &amp; Colloques\"],\"inLanguage\":\"fr-FR\"},{\"@type\":\"WebPage\",\"@id\":\"https:\/\/web.umons.ac.be\/pme\/fr\/2025\/02\/12\/fille-ou-garcon-je-peux-tout-faire\/\",\"url\":\"https:\/\/web.umons.ac.be\/pme\/fr\/2025\/02\/12\/fille-ou-garcon-je-peux-tout-faire\/\",\"name\":\"Fille ou gar\u00e7on, je peux tout faire ! - Service \/ EFE - P\u00e9dagogie et M\u00e9thodologie de l\u2019Enseignement\",\"isPartOf\":{\"@id\":\"https:\/\/web.umons.ac.be\/pme\/#website\"},\"primaryImageOfPage\":{\"@id\":\"https:\/\/web.umons.ac.be\/pme\/fr\/2025\/02\/12\/fille-ou-garcon-je-peux-tout-faire\/#primaryimage\"},\"image\":{\"@id\":\"https:\/\/web.umons.ac.be\/pme\/fr\/2025\/02\/12\/fille-ou-garcon-je-peux-tout-faire\/#primaryimage\"},\"thumbnailUrl\":\"https:\/\/web.umons.ac.be\/app\/uploads\/sites\/208\/2025\/02\/Univesite-des-Enfants-Sandrine-e1739185296930-210x300.jpg\",\"datePublished\":\"2025-02-12T15:23:52+00:00\",\"dateModified\":\"2025-02-12T15:26:06+00:00\",\"author\":{\"@id\":\"https:\/\/web.umons.ac.be\/pme\/#\/schema\/person\/d492cc4bdce06b7f641358c31b244d65\"},\"breadcrumb\":{\"@id\":\"https:\/\/web.umons.ac.be\/pme\/fr\/2025\/02\/12\/fille-ou-garcon-je-peux-tout-faire\/#breadcrumb\"},\"inLanguage\":\"fr-FR\",\"potentialAction\":[{\"@type\":\"ReadAction\",\"target\":[\"https:\/\/web.umons.ac.be\/pme\/fr\/2025\/02\/12\/fille-ou-garcon-je-peux-tout-faire\/\"]}]},{\"@type\":\"ImageObject\",\"inLanguage\":\"fr-FR\",\"@id\":\"https:\/\/web.umons.ac.be\/pme\/fr\/2025\/02\/12\/fille-ou-garcon-je-peux-tout-faire\/#primaryimage\",\"url\":\"https:\/\/web.umons.ac.be\/app\/uploads\/sites\/208\/2025\/02\/Univesite-des-Enfants-Sandrine-e1739185296930-210x300.jpg\",\"contentUrl\":\"https:\/\/web.umons.ac.be\/app\/uploads\/sites\/208\/2025\/02\/Univesite-des-Enfants-Sandrine-e1739185296930-210x300.jpg\"},{\"@type\":\"BreadcrumbList\",\"@id\":\"https:\/\/web.umons.ac.be\/pme\/fr\/2025\/02\/12\/fille-ou-garcon-je-peux-tout-faire\/#breadcrumb\",\"itemListElement\":[{\"@type\":\"ListItem\",\"position\":1,\"name\":\"Accueil\",\"item\":\"https:\/\/web.umons.ac.be\/pme\/fr\/\"},{\"@type\":\"ListItem\",\"position\":2,\"name\":\"Fille ou gar\u00e7on, je peux tout faire !\"}]},{\"@type\":\"WebSite\",\"@id\":\"https:\/\/web.umons.ac.be\/pme\/#website\",\"url\":\"https:\/\/web.umons.ac.be\/pme\/\",\"name\":\"Service \/ EFE - P\u00e9dagogie et M\u00e9thodologie de l\u2019Enseignement\",\"description\":\"\",\"potentialAction\":[{\"@type\":\"SearchAction\",\"target\":{\"@type\":\"EntryPoint\",\"urlTemplate\":\"https:\/\/web.umons.ac.be\/pme\/?s={search_term_string}\"},\"query-input\":{\"@type\":\"PropertyValueSpecification\",\"valueRequired\":true,\"valueName\":\"search_term_string\"}}],\"inLanguage\":\"fr-FR\"},{\"@type\":\"Person\",\"@id\":\"https:\/\/web.umons.ac.be\/pme\/#\/schema\/person\/d492cc4bdce06b7f641358c31b244d65\",\"name\":\"Geralda Rika\",\"image\":{\"@type\":\"ImageObject\",\"inLanguage\":\"fr-FR\",\"@id\":\"https:\/\/secure.gravatar.com\/avatar\/149969b535504e81ec8331b0a08d62e8fcc7235dced39b2035d08c3c5286b02a?s=96&d=mm&r=g\",\"url\":\"https:\/\/secure.gravatar.com\/avatar\/149969b535504e81ec8331b0a08d62e8fcc7235dced39b2035d08c3c5286b02a?s=96&d=mm&r=g\",\"contentUrl\":\"https:\/\/secure.gravatar.com\/avatar\/149969b535504e81ec8331b0a08d62e8fcc7235dced39b2035d08c3c5286b02a?s=96&d=mm&r=g\",\"caption\":\"Geralda Rika\"},\"url\":\"https:\/\/web.umons.ac.be\/pme\/author\/grika\/\"}]}<\/script>\n<!-- \/ Yoast SEO plugin. -->","yoast_head_json":{"title":"Fille ou gar\u00e7on, je peux tout faire ! - Service \/ EFE - P\u00e9dagogie et M\u00e9thodologie de l\u2019Enseignement","robots":{"index":"index","follow":"follow","max-snippet":"max-snippet:-1","max-image-preview":"max-image-preview:large","max-video-preview":"max-video-preview:-1"},"canonical":"https:\/\/web.umons.ac.be\/pme\/fr\/2025\/02\/12\/fille-ou-garcon-je-peux-tout-faire\/","og_locale":"fr_FR","og_type":"article","og_title":"Fille ou gar\u00e7on, je peux tout faire ! - Service \/ EFE - P\u00e9dagogie et M\u00e9thodologie de l\u2019Enseignement","og_description":"Le mercredi 22 janvier, Sandrine Lothaire membre du service de P\u00e9dagogie et M\u00e9thodologie de l&rsquo;Enseignement \u00e0 l&rsquo;Ecole de Formation des Enseignants (UMons), a anim\u00e9 un atelier \u00e0 l&rsquo;Universit\u00e9 des Enfants (UMons) intitul\u00e9 \u00ab\u00a0Fille ou gar\u00e7on, je peux tout faire\u00a0\u00bb. Durant cette journ\u00e9e des ateliers scientifiques et vari\u00e9es ont \u00e9t\u00e9 propos\u00e9s aux enfants \u00e2g\u00e9s de 6 [&hellip;]","og_url":"https:\/\/web.umons.ac.be\/pme\/fr\/2025\/02\/12\/fille-ou-garcon-je-peux-tout-faire\/","og_site_name":"Service \/ EFE - P\u00e9dagogie et M\u00e9thodologie de l\u2019Enseignement","article_published_time":"2025-02-12T15:23:52+00:00","article_modified_time":"2025-02-12T15:26:06+00:00","og_image":[{"width":1125,"height":1607,"url":"https:\/\/web.umons.ac.be\/app\/uploads\/sites\/208\/2025\/02\/Univesite-des-Enfants-Sandrine-e1739185296930.jpg","type":"image\/jpeg"}],"author":"Geralda Rika","twitter_card":"summary_large_image","twitter_misc":{"\u00c9crit par":"Geralda Rika","Dur\u00e9e de lecture estim\u00e9e":"2 minutes"},"schema":{"@context":"https:\/\/schema.org","@graph":[{"@type":"Article","@id":"https:\/\/web.umons.ac.be\/pme\/fr\/2025\/02\/12\/fille-ou-garcon-je-peux-tout-faire\/#article","isPartOf":{"@id":"https:\/\/web.umons.ac.be\/pme\/fr\/2025\/02\/12\/fille-ou-garcon-je-peux-tout-faire\/"},"author":{"name":"Geralda Rika","@id":"https:\/\/web.umons.ac.be\/pme\/#\/schema\/person\/d492cc4bdce06b7f641358c31b244d65"},"headline":"Fille ou gar\u00e7on, je peux tout faire !","datePublished":"2025-02-12T15:23:52+00:00","dateModified":"2025-02-12T15:26:06+00:00","mainEntityOfPage":{"@id":"https:\/\/web.umons.ac.be\/pme\/fr\/2025\/02\/12\/fille-ou-garcon-je-peux-tout-faire\/"},"wordCount":218,"image":{"@id":"https:\/\/web.umons.ac.be\/pme\/fr\/2025\/02\/12\/fille-ou-garcon-je-peux-tout-faire\/#primaryimage"},"thumbnailUrl":"https:\/\/web.umons.ac.be\/app\/uploads\/sites\/208\/2025\/02\/Univesite-des-Enfants-Sandrine-e1739185296930-210x300.jpg","articleSection":["Conf\u00e9rences &amp; Colloques"],"inLanguage":"fr-FR"},{"@type":"WebPage","@id":"https:\/\/web.umons.ac.be\/pme\/fr\/2025\/02\/12\/fille-ou-garcon-je-peux-tout-faire\/","url":"https:\/\/web.umons.ac.be\/pme\/fr\/2025\/02\/12\/fille-ou-garcon-je-peux-tout-faire\/","name":"Fille ou gar\u00e7on, je peux tout faire ! - Service \/ EFE - P\u00e9dagogie et M\u00e9thodologie de l\u2019Enseignement","isPartOf":{"@id":"https:\/\/web.umons.ac.be\/pme\/#website"},"primaryImageOfPage":{"@id":"https:\/\/web.umons.ac.be\/pme\/fr\/2025\/02\/12\/fille-ou-garcon-je-peux-tout-faire\/#primaryimage"},"image":{"@id":"https:\/\/web.umons.ac.be\/pme\/fr\/2025\/02\/12\/fille-ou-garcon-je-peux-tout-faire\/#primaryimage"},"thumbnailUrl":"https:\/\/web.umons.ac.be\/app\/uploads\/sites\/208\/2025\/02\/Univesite-des-Enfants-Sandrine-e1739185296930-210x300.jpg","datePublished":"2025-02-12T15:23:52+00:00","dateModified":"2025-02-12T15:26:06+00:00","author":{"@id":"https:\/\/web.umons.ac.be\/pme\/#\/schema\/person\/d492cc4bdce06b7f641358c31b244d65"},"breadcrumb":{"@id":"https:\/\/web.umons.ac.be\/pme\/fr\/2025\/02\/12\/fille-ou-garcon-je-peux-tout-faire\/#breadcrumb"},"inLanguage":"fr-FR","potentialAction":[{"@type":"ReadAction","target":["https:\/\/web.umons.ac.be\/pme\/fr\/2025\/02\/12\/fille-ou-garcon-je-peux-tout-faire\/"]}]},{"@type":"ImageObject","inLanguage":"fr-FR","@id":"https:\/\/web.umons.ac.be\/pme\/fr\/2025\/02\/12\/fille-ou-garcon-je-peux-tout-faire\/#primaryimage","url":"https:\/\/web.umons.ac.be\/app\/uploads\/sites\/208\/2025\/02\/Univesite-des-Enfants-Sandrine-e1739185296930-210x300.jpg","contentUrl":"https:\/\/web.umons.ac.be\/app\/uploads\/sites\/208\/2025\/02\/Univesite-des-Enfants-Sandrine-e1739185296930-210x300.jpg"},{"@type":"BreadcrumbList","@id":"https:\/\/web.umons.ac.be\/pme\/fr\/2025\/02\/12\/fille-ou-garcon-je-peux-tout-faire\/#breadcrumb","itemListElement":[{"@type":"ListItem","position":1,"name":"Accueil","item":"https:\/\/web.umons.ac.be\/pme\/fr\/"},{"@type":"ListItem","position":2,"name":"Fille ou gar\u00e7on, je peux tout faire !"}]},{"@type":"WebSite","@id":"https:\/\/web.umons.ac.be\/pme\/#website","url":"https:\/\/web.umons.ac.be\/pme\/","name":"Service \/ EFE - P\u00e9dagogie et M\u00e9thodologie de l\u2019Enseignement","description":"","potentialAction":[{"@type":"SearchAction","target":{"@type":"EntryPoint","urlTemplate":"https:\/\/web.umons.ac.be\/pme\/?s={search_term_string}"},"query-input":{"@type":"PropertyValueSpecification","valueRequired":true,"valueName":"search_term_string"}}],"inLanguage":"fr-FR"},{"@type":"Person","@id":"https:\/\/web.umons.ac.be\/pme\/#\/schema\/person\/d492cc4bdce06b7f641358c31b244d65","name":"Geralda Rika","image":{"@type":"ImageObject","inLanguage":"fr-FR","@id":"https:\/\/secure.gravatar.com\/avatar\/149969b535504e81ec8331b0a08d62e8fcc7235dced39b2035d08c3c5286b02a?s=96&d=mm&r=g","url":"https:\/\/secure.gravatar.com\/avatar\/149969b535504e81ec8331b0a08d62e8fcc7235dced39b2035d08c3c5286b02a?s=96&d=mm&r=g","contentUrl":"https:\/\/secure.gravatar.com\/avatar\/149969b535504e81ec8331b0a08d62e8fcc7235dced39b2035d08c3c5286b02a?s=96&d=mm&r=g","caption":"Geralda Rika"},"url":"https:\/\/web.umons.ac.be\/pme\/author\/grika\/"}]}},"lang":"fr","translations":{"fr":176},"pll_sync_post":[],"_links":{"self":[{"href":"https:\/\/web.umons.ac.be\/pme\/wp-json\/wp\/v2\/posts\/176","targetHints":{"allow":["GET"]}}],"collection":[{"href":"https:\/\/web.umons.ac.be\/pme\/wp-json\/wp\/v2\/posts"}],"about":[{"href":"https:\/\/web.umons.ac.be\/pme\/wp-json\/wp\/v2\/types\/post"}],"author":[{"embeddable":true,"href":"https:\/\/web.umons.ac.be\/pme\/wp-json\/wp\/v2\/users\/245"}],"replies":[{"embeddable":true,"href":"https:\/\/web.umons.ac.be\/pme\/wp-json\/wp\/v2\/comments?post=176"}],"version-history":[{"count":4,"href":"https:\/\/web.umons.ac.be\/pme\/wp-json\/wp\/v2\/posts\/176\/revisions"}],"predecessor-version":[{"id":193,"href":"https:\/\/web.umons.ac.be\/pme\/wp-json\/wp\/v2\/posts\/176\/revisions\/193"}],"wp:attachment":[{"href":"https:\/\/web.umons.ac.be\/pme\/wp-json\/wp\/v2\/media?parent=176"}],"wp:term":[{"taxonomy":"category","embeddable":true,"href":"https:\/\/web.umons.ac.be\/pme\/wp-json\/wp\/v2\/categories?post=176"},{"taxonomy":"post_tag","embeddable":true,"href":"https:\/\/web.umons.ac.be\/pme\/wp-json\/wp\/v2\/tags?post=176"}],"curies":[{"name":"wp","href":"https:\/\/api.w.org\/{rel}","templated":true}]}}