{"id":327,"date":"2026-04-20T10:49:31","date_gmt":"2026-04-20T08:49:31","guid":{"rendered":"https:\/\/web.umons.ac.be\/pnsn\/?p=327"},"modified":"2026-04-20T10:49:31","modified_gmt":"2026-04-20T08:49:31","slug":"une-4e-nuit-de-la-radioactivite-a-lumons","status":"publish","type":"post","link":"https:\/\/web.umons.ac.be\/pnsn\/2026\/04\/20\/une-4e-nuit-de-la-radioactivite-a-lumons\/","title":{"rendered":"Une 4e Nuit de la radioactivit\u00e9 \u00e0 l&rsquo;UMONS"},"content":{"rendered":"<p>Ce 18 avril 2026, Nicolas Demasy (MUMONS), Evelyne Daubie et Sabrina Devouge ont anim\u00e9 la 4e Nuit de la radioactivit\u00e9. L<span style=\"font-family: 'Helvetica Neue', Helvetica, Arial, sans-serif; font-size: 14px; font-style: normal; font-variant-ligatures: normal; font-variant-caps: normal; font-weight: 400;\">e public a \u00e9t\u00e9 conquis par <\/span><span style=\"font-size: 14px;\">la remarquable p\u00e9dagogie dont ont fait preuve les animateurs, le tout dans une ambiance conviviale et chaleureuse.\u00a0<\/span><\/p>\n<p><a href=\"https:\/\/mumons.be\/museum\/activites\/nuit-de-la-radioactivite-edition-2026\/\">Nuit de la radioactivit\u00e9 &#8211; \u00c9dition 2026 &#8211; MUMONS<\/a><\/p>\n<p><img loading=\"lazy\" decoding=\"async\" class=\"alignnone size-medium wp-image-328\" src=\"https:\/\/web.umons.ac.be\/app\/uploads\/sites\/79\/2026\/04\/20260418_192334-300x178.jpg\" alt=\"\" width=\"300\" height=\"178\" srcset=\"https:\/\/web.umons.ac.be\/app\/uploads\/sites\/79\/2026\/04\/20260418_192334-300x178.jpg 300w, https:\/\/web.umons.ac.be\/app\/uploads\/sites\/79\/2026\/04\/20260418_192334-1024x608.jpg 1024w, https:\/\/web.umons.ac.be\/app\/uploads\/sites\/79\/2026\/04\/20260418_192334-768x456.jpg 768w, https:\/\/web.umons.ac.be\/app\/uploads\/sites\/79\/2026\/04\/20260418_192334-1536x912.jpg 1536w, https:\/\/web.umons.ac.be\/app\/uploads\/sites\/79\/2026\/04\/20260418_192334-2048x1217.jpg 2048w, https:\/\/web.umons.ac.be\/app\/uploads\/sites\/79\/2026\/04\/20260418_192334-1111x660.jpg 1111w, https:\/\/web.umons.ac.be\/app\/uploads\/sites\/79\/2026\/04\/20260418_192334-30x18.jpg 30w, https:\/\/web.umons.ac.be\/app\/uploads\/sites\/79\/2026\/04\/20260418_192334-60x36.jpg 60w, https:\/\/web.umons.ac.be\/app\/uploads\/sites\/79\/2026\/04\/20260418_192334-360x214.jpg 360w\" sizes=\"auto, (max-width: 300px) 100vw, 300px\" \/><\/p>\n<p><img loading=\"lazy\" decoding=\"async\" class=\"alignnone size-medium wp-image-330\" src=\"https:\/\/web.umons.ac.be\/app\/uploads\/sites\/79\/2026\/04\/20260418_231013-300x169.jpg\" alt=\"\" width=\"300\" height=\"169\" srcset=\"https:\/\/web.umons.ac.be\/app\/uploads\/sites\/79\/2026\/04\/20260418_231013-300x169.jpg 300w, https:\/\/web.umons.ac.be\/app\/uploads\/sites\/79\/2026\/04\/20260418_231013-1024x577.jpg 1024w, https:\/\/web.umons.ac.be\/app\/uploads\/sites\/79\/2026\/04\/20260418_231013-768x432.jpg 768w, https:\/\/web.umons.ac.be\/app\/uploads\/sites\/79\/2026\/04\/20260418_231013-1536x865.jpg 1536w, https:\/\/web.umons.ac.be\/app\/uploads\/sites\/79\/2026\/04\/20260418_231013-2048x1153.jpg 2048w, https:\/\/web.umons.ac.be\/app\/uploads\/sites\/79\/2026\/04\/20260418_231013-1172x660.jpg 1172w, https:\/\/web.umons.ac.be\/app\/uploads\/sites\/79\/2026\/04\/20260418_231013-30x17.jpg 30w, https:\/\/web.umons.ac.be\/app\/uploads\/sites\/79\/2026\/04\/20260418_231013-60x34.jpg 60w, https:\/\/web.umons.ac.be\/app\/uploads\/sites\/79\/2026\/04\/20260418_231013-360x203.jpg 360w\" sizes=\"auto, (max-width: 300px) 100vw, 300px\" \/><\/p>\n","protected":false},"excerpt":{"rendered":"<p>Ce 18 avril 2026, Nicolas Demasy (MUMONS), Evelyne Daubie et Sabrina Devouge ont anim\u00e9 la 4e Nuit de la radioactivit\u00e9. Le public a \u00e9t\u00e9 conquis par la remarquable p\u00e9dagogie dont ont fait preuve les animateurs, le tout dans une ambiance conviviale et chaleureuse.\u00a0 Nuit de la radioactivit\u00e9 &#8211; \u00c9dition 2026 &#8211; MUMONS<\/p>\n","protected":false},"author":154,"featured_media":328,"comment_status":"closed","ping_status":"closed","sticky":false,"template":"","format":"standard","meta":{"footnotes":""},"categories":[139,35,137],"tags":[],"class_list":["post-327","post","type-post","status-publish","format-standard","has-post-thumbnail","hentry","category-mumons","category-vie-culturelle-et-sportive","category-vulgarisation"],"yoast_head":"<!-- This site is optimized with the Yoast SEO plugin v27.2 - https:\/\/yoast.com\/product\/yoast-seo-wordpress\/ -->\n<title>Une 4e Nuit de la radioactivit\u00e9 \u00e0 l&#039;UMONS - Service \/ FS - Physique Nucl\u00e9aire et Subnucl\u00e9aire<\/title>\n<meta name=\"robots\" content=\"index, follow, max-snippet:-1, max-image-preview:large, max-video-preview:-1\" \/>\n<link rel=\"canonical\" href=\"https:\/\/web.umons.ac.be\/pnsn\/2026\/04\/20\/une-4e-nuit-de-la-radioactivite-a-lumons\/\" \/>\n<meta property=\"og:locale\" content=\"fr_FR\" \/>\n<meta property=\"og:type\" content=\"article\" \/>\n<meta property=\"og:title\" content=\"Une 4e Nuit de la radioactivit\u00e9 \u00e0 l&#039;UMONS - Service \/ FS - Physique Nucl\u00e9aire et Subnucl\u00e9aire\" \/>\n<meta property=\"og:description\" content=\"Ce 18 avril 2026, Nicolas Demasy (MUMONS), Evelyne Daubie et Sabrina Devouge ont anim\u00e9 la 4e Nuit de la radioactivit\u00e9. Le public a \u00e9t\u00e9 conquis par la remarquable p\u00e9dagogie dont ont fait preuve les animateurs, le tout dans une ambiance conviviale et chaleureuse.\u00a0 Nuit de la radioactivit\u00e9 &#8211; \u00c9dition 2026 &#8211; MUMONS\" \/>\n<meta property=\"og:url\" content=\"https:\/\/web.umons.ac.be\/pnsn\/2026\/04\/20\/une-4e-nuit-de-la-radioactivite-a-lumons\/\" \/>\n<meta property=\"og:site_name\" content=\"Service \/ FS - Physique Nucl\u00e9aire et Subnucl\u00e9aire\" \/>\n<meta property=\"article:published_time\" content=\"2026-04-20T08:49:31+00:00\" \/>\n<meta property=\"og:image\" content=\"https:\/\/web.umons.ac.be\/app\/uploads\/sites\/79\/2026\/04\/20260418_192334-scaled.jpg\" \/>\n\t<meta property=\"og:image:width\" content=\"2560\" \/>\n\t<meta property=\"og:image:height\" content=\"1521\" \/>\n\t<meta property=\"og:image:type\" content=\"image\/jpeg\" \/>\n<meta name=\"author\" content=\"Claude Semay\" \/>\n<meta name=\"twitter:card\" content=\"summary_large_image\" \/>\n<meta name=\"twitter:label1\" content=\"\u00c9crit par\" \/>\n\t<meta name=\"twitter:data1\" content=\"Claude Semay\" \/>\n\t<meta name=\"twitter:label2\" content=\"Dur\u00e9e de lecture estim\u00e9e\" \/>\n\t<meta name=\"twitter:data2\" content=\"1 minute\" \/>\n<script type=\"application\/ld+json\" class=\"yoast-schema-graph\">{\"@context\":\"https:\/\/schema.org\",\"@graph\":[{\"@type\":\"Article\",\"@id\":\"https:\/\/web.umons.ac.be\/pnsn\/2026\/04\/20\/une-4e-nuit-de-la-radioactivite-a-lumons\/#article\",\"isPartOf\":{\"@id\":\"https:\/\/web.umons.ac.be\/pnsn\/2026\/04\/20\/une-4e-nuit-de-la-radioactivite-a-lumons\/\"},\"author\":{\"name\":\"Claude Semay\",\"@id\":\"https:\/\/web.umons.ac.be\/pnsn\/#\/schema\/person\/ebf9948f541c6e253a36f8173f5718dd\"},\"headline\":\"Une 4e Nuit de la radioactivit\u00e9 \u00e0 l&rsquo;UMONS\",\"datePublished\":\"2026-04-20T08:49:31+00:00\",\"mainEntityOfPage\":{\"@id\":\"https:\/\/web.umons.ac.be\/pnsn\/2026\/04\/20\/une-4e-nuit-de-la-radioactivite-a-lumons\/\"},\"wordCount\":58,\"image\":{\"@id\":\"https:\/\/web.umons.ac.be\/pnsn\/2026\/04\/20\/une-4e-nuit-de-la-radioactivite-a-lumons\/#primaryimage\"},\"thumbnailUrl\":\"https:\/\/web.umons.ac.be\/app\/uploads\/sites\/79\/2026\/04\/20260418_192334-scaled.jpg\",\"articleSection\":[\"MUMONS\",\"Vie culturelle et sportive\",\"Vulgarisation\"],\"inLanguage\":\"fr-FR\"},{\"@type\":\"WebPage\",\"@id\":\"https:\/\/web.umons.ac.be\/pnsn\/2026\/04\/20\/une-4e-nuit-de-la-radioactivite-a-lumons\/\",\"url\":\"https:\/\/web.umons.ac.be\/pnsn\/2026\/04\/20\/une-4e-nuit-de-la-radioactivite-a-lumons\/\",\"name\":\"Une 4e Nuit de la radioactivit\u00e9 \u00e0 l'UMONS - Service \/ FS - Physique Nucl\u00e9aire et Subnucl\u00e9aire\",\"isPartOf\":{\"@id\":\"https:\/\/web.umons.ac.be\/pnsn\/#website\"},\"primaryImageOfPage\":{\"@id\":\"https:\/\/web.umons.ac.be\/pnsn\/2026\/04\/20\/une-4e-nuit-de-la-radioactivite-a-lumons\/#primaryimage\"},\"image\":{\"@id\":\"https:\/\/web.umons.ac.be\/pnsn\/2026\/04\/20\/une-4e-nuit-de-la-radioactivite-a-lumons\/#primaryimage\"},\"thumbnailUrl\":\"https:\/\/web.umons.ac.be\/app\/uploads\/sites\/79\/2026\/04\/20260418_192334-scaled.jpg\",\"datePublished\":\"2026-04-20T08:49:31+00:00\",\"author\":{\"@id\":\"https:\/\/web.umons.ac.be\/pnsn\/#\/schema\/person\/ebf9948f541c6e253a36f8173f5718dd\"},\"breadcrumb\":{\"@id\":\"https:\/\/web.umons.ac.be\/pnsn\/2026\/04\/20\/une-4e-nuit-de-la-radioactivite-a-lumons\/#breadcrumb\"},\"inLanguage\":\"fr-FR\",\"potentialAction\":[{\"@type\":\"ReadAction\",\"target\":[\"https:\/\/web.umons.ac.be\/pnsn\/2026\/04\/20\/une-4e-nuit-de-la-radioactivite-a-lumons\/\"]}]},{\"@type\":\"ImageObject\",\"inLanguage\":\"fr-FR\",\"@id\":\"https:\/\/web.umons.ac.be\/pnsn\/2026\/04\/20\/une-4e-nuit-de-la-radioactivite-a-lumons\/#primaryimage\",\"url\":\"https:\/\/web.umons.ac.be\/app\/uploads\/sites\/79\/2026\/04\/20260418_192334-scaled.jpg\",\"contentUrl\":\"https:\/\/web.umons.ac.be\/app\/uploads\/sites\/79\/2026\/04\/20260418_192334-scaled.jpg\",\"width\":2560,\"height\":1521},{\"@type\":\"BreadcrumbList\",\"@id\":\"https:\/\/web.umons.ac.be\/pnsn\/2026\/04\/20\/une-4e-nuit-de-la-radioactivite-a-lumons\/#breadcrumb\",\"itemListElement\":[{\"@type\":\"ListItem\",\"position\":1,\"name\":\"Home\",\"item\":\"https:\/\/web.umons.ac.be\/pnsn\/\"},{\"@type\":\"ListItem\",\"position\":2,\"name\":\"Une 4e Nuit de la radioactivit\u00e9 \u00e0 l&rsquo;UMONS\"}]},{\"@type\":\"WebSite\",\"@id\":\"https:\/\/web.umons.ac.be\/pnsn\/#website\",\"url\":\"https:\/\/web.umons.ac.be\/pnsn\/\",\"name\":\"Service \/ FS - Physique Nucl\u00e9aire et Subnucl\u00e9aire\",\"description\":\"\",\"potentialAction\":[{\"@type\":\"SearchAction\",\"target\":{\"@type\":\"EntryPoint\",\"urlTemplate\":\"https:\/\/web.umons.ac.be\/pnsn\/?s={search_term_string}\"},\"query-input\":{\"@type\":\"PropertyValueSpecification\",\"valueRequired\":true,\"valueName\":\"search_term_string\"}}],\"inLanguage\":\"fr-FR\"},{\"@type\":\"Person\",\"@id\":\"https:\/\/web.umons.ac.be\/pnsn\/#\/schema\/person\/ebf9948f541c6e253a36f8173f5718dd\",\"name\":\"Claude Semay\",\"image\":{\"@type\":\"ImageObject\",\"inLanguage\":\"fr-FR\",\"@id\":\"https:\/\/secure.gravatar.com\/avatar\/730d0e166c72cb575db07ec301eea652d3c823bac597eee52cbd7a0adbcd8c8f?s=96&d=mm&r=g\",\"url\":\"https:\/\/secure.gravatar.com\/avatar\/730d0e166c72cb575db07ec301eea652d3c823bac597eee52cbd7a0adbcd8c8f?s=96&d=mm&r=g\",\"contentUrl\":\"https:\/\/secure.gravatar.com\/avatar\/730d0e166c72cb575db07ec301eea652d3c823bac597eee52cbd7a0adbcd8c8f?s=96&d=mm&r=g\",\"caption\":\"Claude Semay\"},\"url\":\"https:\/\/web.umons.ac.be\/pnsn\/author\/csemay\/\"}]}<\/script>\n<!-- \/ Yoast SEO plugin. -->","yoast_head_json":{"title":"Une 4e Nuit de la radioactivit\u00e9 \u00e0 l'UMONS - Service \/ FS - Physique Nucl\u00e9aire et Subnucl\u00e9aire","robots":{"index":"index","follow":"follow","max-snippet":"max-snippet:-1","max-image-preview":"max-image-preview:large","max-video-preview":"max-video-preview:-1"},"canonical":"https:\/\/web.umons.ac.be\/pnsn\/2026\/04\/20\/une-4e-nuit-de-la-radioactivite-a-lumons\/","og_locale":"fr_FR","og_type":"article","og_title":"Une 4e Nuit de la radioactivit\u00e9 \u00e0 l'UMONS - Service \/ FS - Physique Nucl\u00e9aire et Subnucl\u00e9aire","og_description":"Ce 18 avril 2026, Nicolas Demasy (MUMONS), Evelyne Daubie et Sabrina Devouge ont anim\u00e9 la 4e Nuit de la radioactivit\u00e9. Le public a \u00e9t\u00e9 conquis par la remarquable p\u00e9dagogie dont ont fait preuve les animateurs, le tout dans une ambiance conviviale et chaleureuse.\u00a0 Nuit de la radioactivit\u00e9 &#8211; \u00c9dition 2026 &#8211; MUMONS","og_url":"https:\/\/web.umons.ac.be\/pnsn\/2026\/04\/20\/une-4e-nuit-de-la-radioactivite-a-lumons\/","og_site_name":"Service \/ FS - Physique Nucl\u00e9aire et Subnucl\u00e9aire","article_published_time":"2026-04-20T08:49:31+00:00","og_image":[{"width":2560,"height":1521,"url":"https:\/\/web.umons.ac.be\/app\/uploads\/sites\/79\/2026\/04\/20260418_192334-scaled.jpg","type":"image\/jpeg"}],"author":"Claude Semay","twitter_card":"summary_large_image","twitter_misc":{"\u00c9crit par":"Claude Semay","Dur\u00e9e de lecture estim\u00e9e":"1 minute"},"schema":{"@context":"https:\/\/schema.org","@graph":[{"@type":"Article","@id":"https:\/\/web.umons.ac.be\/pnsn\/2026\/04\/20\/une-4e-nuit-de-la-radioactivite-a-lumons\/#article","isPartOf":{"@id":"https:\/\/web.umons.ac.be\/pnsn\/2026\/04\/20\/une-4e-nuit-de-la-radioactivite-a-lumons\/"},"author":{"name":"Claude Semay","@id":"https:\/\/web.umons.ac.be\/pnsn\/#\/schema\/person\/ebf9948f541c6e253a36f8173f5718dd"},"headline":"Une 4e Nuit de la radioactivit\u00e9 \u00e0 l&rsquo;UMONS","datePublished":"2026-04-20T08:49:31+00:00","mainEntityOfPage":{"@id":"https:\/\/web.umons.ac.be\/pnsn\/2026\/04\/20\/une-4e-nuit-de-la-radioactivite-a-lumons\/"},"wordCount":58,"image":{"@id":"https:\/\/web.umons.ac.be\/pnsn\/2026\/04\/20\/une-4e-nuit-de-la-radioactivite-a-lumons\/#primaryimage"},"thumbnailUrl":"https:\/\/web.umons.ac.be\/app\/uploads\/sites\/79\/2026\/04\/20260418_192334-scaled.jpg","articleSection":["MUMONS","Vie culturelle et sportive","Vulgarisation"],"inLanguage":"fr-FR"},{"@type":"WebPage","@id":"https:\/\/web.umons.ac.be\/pnsn\/2026\/04\/20\/une-4e-nuit-de-la-radioactivite-a-lumons\/","url":"https:\/\/web.umons.ac.be\/pnsn\/2026\/04\/20\/une-4e-nuit-de-la-radioactivite-a-lumons\/","name":"Une 4e Nuit de la radioactivit\u00e9 \u00e0 l'UMONS - Service \/ FS - Physique Nucl\u00e9aire et Subnucl\u00e9aire","isPartOf":{"@id":"https:\/\/web.umons.ac.be\/pnsn\/#website"},"primaryImageOfPage":{"@id":"https:\/\/web.umons.ac.be\/pnsn\/2026\/04\/20\/une-4e-nuit-de-la-radioactivite-a-lumons\/#primaryimage"},"image":{"@id":"https:\/\/web.umons.ac.be\/pnsn\/2026\/04\/20\/une-4e-nuit-de-la-radioactivite-a-lumons\/#primaryimage"},"thumbnailUrl":"https:\/\/web.umons.ac.be\/app\/uploads\/sites\/79\/2026\/04\/20260418_192334-scaled.jpg","datePublished":"2026-04-20T08:49:31+00:00","author":{"@id":"https:\/\/web.umons.ac.be\/pnsn\/#\/schema\/person\/ebf9948f541c6e253a36f8173f5718dd"},"breadcrumb":{"@id":"https:\/\/web.umons.ac.be\/pnsn\/2026\/04\/20\/une-4e-nuit-de-la-radioactivite-a-lumons\/#breadcrumb"},"inLanguage":"fr-FR","potentialAction":[{"@type":"ReadAction","target":["https:\/\/web.umons.ac.be\/pnsn\/2026\/04\/20\/une-4e-nuit-de-la-radioactivite-a-lumons\/"]}]},{"@type":"ImageObject","inLanguage":"fr-FR","@id":"https:\/\/web.umons.ac.be\/pnsn\/2026\/04\/20\/une-4e-nuit-de-la-radioactivite-a-lumons\/#primaryimage","url":"https:\/\/web.umons.ac.be\/app\/uploads\/sites\/79\/2026\/04\/20260418_192334-scaled.jpg","contentUrl":"https:\/\/web.umons.ac.be\/app\/uploads\/sites\/79\/2026\/04\/20260418_192334-scaled.jpg","width":2560,"height":1521},{"@type":"BreadcrumbList","@id":"https:\/\/web.umons.ac.be\/pnsn\/2026\/04\/20\/une-4e-nuit-de-la-radioactivite-a-lumons\/#breadcrumb","itemListElement":[{"@type":"ListItem","position":1,"name":"Home","item":"https:\/\/web.umons.ac.be\/pnsn\/"},{"@type":"ListItem","position":2,"name":"Une 4e Nuit de la radioactivit\u00e9 \u00e0 l&rsquo;UMONS"}]},{"@type":"WebSite","@id":"https:\/\/web.umons.ac.be\/pnsn\/#website","url":"https:\/\/web.umons.ac.be\/pnsn\/","name":"Service \/ FS - Physique Nucl\u00e9aire et Subnucl\u00e9aire","description":"","potentialAction":[{"@type":"SearchAction","target":{"@type":"EntryPoint","urlTemplate":"https:\/\/web.umons.ac.be\/pnsn\/?s={search_term_string}"},"query-input":{"@type":"PropertyValueSpecification","valueRequired":true,"valueName":"search_term_string"}}],"inLanguage":"fr-FR"},{"@type":"Person","@id":"https:\/\/web.umons.ac.be\/pnsn\/#\/schema\/person\/ebf9948f541c6e253a36f8173f5718dd","name":"Claude Semay","image":{"@type":"ImageObject","inLanguage":"fr-FR","@id":"https:\/\/secure.gravatar.com\/avatar\/730d0e166c72cb575db07ec301eea652d3c823bac597eee52cbd7a0adbcd8c8f?s=96&d=mm&r=g","url":"https:\/\/secure.gravatar.com\/avatar\/730d0e166c72cb575db07ec301eea652d3c823bac597eee52cbd7a0adbcd8c8f?s=96&d=mm&r=g","contentUrl":"https:\/\/secure.gravatar.com\/avatar\/730d0e166c72cb575db07ec301eea652d3c823bac597eee52cbd7a0adbcd8c8f?s=96&d=mm&r=g","caption":"Claude Semay"},"url":"https:\/\/web.umons.ac.be\/pnsn\/author\/csemay\/"}]}},"lang":"fr","translations":{"fr":327},"pll_sync_post":[],"_links":{"self":[{"href":"https:\/\/web.umons.ac.be\/pnsn\/wp-json\/wp\/v2\/posts\/327","targetHints":{"allow":["GET"]}}],"collection":[{"href":"https:\/\/web.umons.ac.be\/pnsn\/wp-json\/wp\/v2\/posts"}],"about":[{"href":"https:\/\/web.umons.ac.be\/pnsn\/wp-json\/wp\/v2\/types\/post"}],"author":[{"embeddable":true,"href":"https:\/\/web.umons.ac.be\/pnsn\/wp-json\/wp\/v2\/users\/154"}],"replies":[{"embeddable":true,"href":"https:\/\/web.umons.ac.be\/pnsn\/wp-json\/wp\/v2\/comments?post=327"}],"version-history":[{"count":3,"href":"https:\/\/web.umons.ac.be\/pnsn\/wp-json\/wp\/v2\/posts\/327\/revisions"}],"predecessor-version":[{"id":332,"href":"https:\/\/web.umons.ac.be\/pnsn\/wp-json\/wp\/v2\/posts\/327\/revisions\/332"}],"wp:featuredmedia":[{"embeddable":true,"href":"https:\/\/web.umons.ac.be\/pnsn\/wp-json\/wp\/v2\/media\/328"}],"wp:attachment":[{"href":"https:\/\/web.umons.ac.be\/pnsn\/wp-json\/wp\/v2\/media?parent=327"}],"wp:term":[{"taxonomy":"category","embeddable":true,"href":"https:\/\/web.umons.ac.be\/pnsn\/wp-json\/wp\/v2\/categories?post=327"},{"taxonomy":"post_tag","embeddable":true,"href":"https:\/\/web.umons.ac.be\/pnsn\/wp-json\/wp\/v2\/tags?post=327"}],"curies":[{"name":"wp","href":"https:\/\/api.w.org\/{rel}","templated":true}]}}