{"id":1219,"date":"2026-04-30T08:48:01","date_gmt":"2026-04-30T06:48:01","guid":{"rendered":"https:\/\/web.umons.ac.be\/sante\/?p=1219"},"modified":"2026-04-24T09:28:21","modified_gmt":"2026-04-24T07:28:21","slug":"troubles-cognitifs-et-sclerose-en-plaques-lia-au-coeur-dune-recherche-entre-lumons-et-les-chu-helora","status":"publish","type":"post","link":"https:\/\/web.umons.ac.be\/sante\/fr\/2026\/04\/30\/troubles-cognitifs-et-sclerose-en-plaques-lia-au-coeur-dune-recherche-entre-lumons-et-les-chu-helora\/","title":{"rendered":"Troubles cognitifs et scl\u00e9rose en plaques : l\u2019IA au c\u0153ur d\u2019une recherche entre l&rsquo;UMONS et les CHU HELORA"},"content":{"rendered":"<div>\n<p>Derri\u00e8re les l\u00e9sions visibles \u00e0 l\u2019imagerie c\u00e9r\u00e9brale, une autre r\u00e9alit\u00e9 persiste : celle de troubles cognitifs difficiles \u00e0 objectiver et \u00e0 anticiper. M\u00e9moire, attention, vitesse de traitement\u2026 ces fonctions peuvent \u00eatre alt\u00e9r\u00e9es de mani\u00e8re progressive et tr\u00e8s variable selon les patients. Pourtant, les liens entre les anomalies observ\u00e9es \u00e0 l\u2019IRM et les performances cognitives restent encore partiellement compris.<\/p>\n<p><span style=\"font-size: 14px;\">C\u2019est pr\u00e9cis\u00e9ment cette zone d\u2019ombre que le Dr Vito Tota, neurologue au sein des CHU HELORA et chercheur dans le service de Neurosciences de l\u2019UMONS, souhaite \u00e9clairer. Son projet de recherche repose sur une approche innovante : mobiliser l\u2019intelligence artificielle pour analyser simultan\u00e9ment une grande diversit\u00e9 de donn\u00e9es, cliniques, radiologiques et psychologiques, afin d\u2019en extraire des sch\u00e9mas jusque-l\u00e0 invisibles.<\/span><\/p>\n<\/div>\n<div>\n<blockquote><p>\u00ab <i>Face \u00e0 la complexit\u00e9 des troubles cognitifs li\u00e9s \u00e0 la scl\u00e9rose en plaques, l\u2019intelligence artificielle devient un alli\u00e9 indispensable. Cette technologie permet de traiter simultan\u00e9ment une multitude de variables pour r\u00e9v\u00e9ler les facteurs pr\u00e9disposants et protecteurs, ouvrant ainsi la voie \u00e0 une approche th\u00e9rapeutique personnalis\u00e9e <\/i>\u00bb, explique Vito Tota.<\/p><\/blockquote>\n<p><b style=\"color: #d60044; font-family: Gotham, Arial, Helvetica, sans-serif; font-size: 1.125rem;\">\u00c0 la crois\u00e9e du soin et de la recherche : un partenariat CHU HELORA et UMONS<\/b><\/p>\n<\/div>\n<div>\n<p>&nbsp;<\/p>\n<\/div>\n<div>\n<p>Ce projet s\u2019inscrit dans le cadre du cr\u00e9dit-temps m\u00e9dical, un dispositif qui permet \u00e0 des cliniciens des CHU HELORA de consacrer une partie de leur temps \u00e0 la recherche, en immersion au sein de l\u2019UMONS. Pendant quatre ans, Vito Tota d\u00e9veloppera ainsi ses travaux au sein du service de Neurosciences, dans une logique r\u00e9solument translationnelle : faire dialoguer recherche fondamentale et pratique clinique.<\/p>\n<p><span style=\"font-size: 14px;\">Au c\u0153ur de cette dynamique, le Centre de Recherche HELORA-UMONS structure une collaboration d\u00e9j\u00e0 bien \u00e9tablie entre les deux institutions et facilite l\u2019\u00e9mergence de projets conjoints, au b\u00e9n\u00e9fice direct des patients.<\/span><\/p>\n<\/div>\n<div>\n<blockquote><p>\u00ab <i>Cette collaboration entre cliniciens et chercheurs permet de mieux comprendre des ph\u00e9nom\u00e8nes complexes et d\u2019acc\u00e9l\u00e9rer leur traduction en pratiques m\u00e9dicales\u00a0\u00bb, <\/i>souligne Laurence Ris, cheffe du service Neurosciences de l\u2019UMONS. \u00ab\u00a0<i>Elle illustre pleinement l\u2019int\u00e9r\u00eat d\u2019une recherche ancr\u00e9e dans le r\u00e9el\u00a0\u00bb.<\/i><\/p><\/blockquote>\n<p><span style=\"font-size: 14px;\">\u00c0 terme, les travaux men\u00e9s pourraient permettre d\u2019identifier des biomarqueurs du d\u00e9clin cognitif, mais aussi des facteurs protecteurs, ouvrant la voie \u00e0 des strat\u00e9gies de pr\u00e9vention plus cibl\u00e9es et \u00e0 des essais cliniques mieux con\u00e7us. Une \u00e9tape de plus vers une compr\u00e9hension plus fine de la scl\u00e9rose en plaques et de ses impacts cognitifs.<\/span><\/p>\n<\/div>\n<div>\n<p>&nbsp;<\/p>\n<\/div>\n<div>\n<p>Ce travail s\u2019inscrit par ailleurs dans la continuit\u00e9 des collaborations d\u00e9j\u00e0 engag\u00e9es entre le service de neurologie des CHU HELORA et l\u2019UMONS autour des maladies neurod\u00e9g\u00e9n\u00e9ratives, notamment dans le cadre de projets soutenus par des financements europ\u00e9ens du FEDER, qui contribuent \u00e0 structurer durablement cette dynamique de recherche conjointe.<\/p>\n<\/div>\n","protected":false},"excerpt":{"rendered":"<p>Les troubles cognitifs li\u00e9s \u00e0 la scl\u00e9rose en plaques peuvent concerner jusqu\u2019\u00e0 65 % des patients, avec des r\u00e9percussions parfois invisibles mais bien r\u00e9elles au quotidien. \u00c0 Mons, le neurologue Vito Tota va b\u00e9n\u00e9ficier d\u2019un cr\u00e9dit-temps m\u00e9dical, octroy\u00e9 dans le cadre du partenariat entre les CHU HELORA et l\u2019UMONS via le Centre de Recherche HELORA-UMONS (CRHU), pour mener ses recherches au sein du service de Neurosciences dirig\u00e9 par la Professeure Laurence Ris. Objectif ? Mieux comprendre ces m\u00e9canismes complexes gr\u00e2ce \u00e0 l\u2019intelligence artificielle, en croisant donn\u00e9es cliniques, imagerie c\u00e9r\u00e9brale et facteurs psychologiques.<\/p>\n","protected":false},"author":209,"featured_media":1223,"comment_status":"closed","ping_status":"closed","sticky":false,"template":"","format":"standard","meta":{"footnotes":""},"categories":[84,88,96],"tags":[],"class_list":["post-1219","post","type-post","status-publish","format-standard","has-post-thumbnail","hentry","category-entreprises","category-institution","category-recherche"],"yoast_head":"<!-- This site is optimized with the Yoast SEO plugin v27.2 - https:\/\/yoast.com\/product\/yoast-seo-wordpress\/ -->\n<title>Troubles cognitifs et scl\u00e9rose en plaques : l\u2019IA au c\u0153ur d\u2019une recherche entre l&#039;UMONS et les CHU HELORA - Institut \/ Sant\u00e9<\/title>\n<meta name=\"robots\" content=\"index, follow, max-snippet:-1, max-image-preview:large, max-video-preview:-1\" \/>\n<link rel=\"canonical\" href=\"https:\/\/web.umons.ac.be\/sante\/fr\/2026\/04\/30\/troubles-cognitifs-et-sclerose-en-plaques-lia-au-coeur-dune-recherche-entre-lumons-et-les-chu-helora\/\" \/>\n<meta property=\"og:locale\" content=\"fr_FR\" \/>\n<meta property=\"og:type\" content=\"article\" \/>\n<meta property=\"og:title\" content=\"Troubles cognitifs et scl\u00e9rose en plaques : l\u2019IA au c\u0153ur d\u2019une recherche entre l&#039;UMONS et les CHU HELORA - Institut \/ Sant\u00e9\" \/>\n<meta property=\"og:description\" content=\"Les troubles cognitifs li\u00e9s \u00e0 la scl\u00e9rose en plaques peuvent concerner jusqu\u2019\u00e0 65 % des patients, avec des r\u00e9percussions parfois invisibles mais bien r\u00e9elles au quotidien. \u00c0 Mons, le neurologue Vito Tota va b\u00e9n\u00e9ficier d\u2019un cr\u00e9dit-temps m\u00e9dical, octroy\u00e9 dans le cadre du partenariat entre les CHU HELORA et l\u2019UMONS via le Centre de Recherche HELORA-UMONS (CRHU), pour mener ses recherches au sein du service de Neurosciences dirig\u00e9 par la Professeure Laurence Ris. Objectif ? Mieux comprendre ces m\u00e9canismes complexes gr\u00e2ce \u00e0 l\u2019intelligence artificielle, en croisant donn\u00e9es cliniques, imagerie c\u00e9r\u00e9brale et facteurs psychologiques.\" \/>\n<meta property=\"og:url\" content=\"https:\/\/web.umons.ac.be\/sante\/fr\/2026\/04\/30\/troubles-cognitifs-et-sclerose-en-plaques-lia-au-coeur-dune-recherche-entre-lumons-et-les-chu-helora\/\" \/>\n<meta property=\"og:site_name\" content=\"Institut \/ Sant\u00e9\" \/>\n<meta property=\"article:published_time\" content=\"2026-04-30T06:48:01+00:00\" \/>\n<meta property=\"og:image\" content=\"https:\/\/web.umons.ac.be\/app\/uploads\/sites\/35\/2026\/04\/2026_IRM-1024x724.png\" \/>\n\t<meta property=\"og:image:width\" content=\"1024\" \/>\n\t<meta property=\"og:image:height\" content=\"724\" \/>\n\t<meta property=\"og:image:type\" content=\"image\/png\" \/>\n<meta name=\"author\" content=\"Damiano Di Stazio\" \/>\n<meta name=\"twitter:card\" content=\"summary_large_image\" \/>\n<meta name=\"twitter:label1\" content=\"\u00c9crit par\" \/>\n\t<meta name=\"twitter:data1\" content=\"Damiano Di Stazio\" \/>\n\t<meta name=\"twitter:label2\" content=\"Dur\u00e9e de lecture estim\u00e9e\" \/>\n\t<meta name=\"twitter:data2\" content=\"2 minutes\" \/>\n<script type=\"application\/ld+json\" class=\"yoast-schema-graph\">{\"@context\":\"https:\/\/schema.org\",\"@graph\":[{\"@type\":\"Article\",\"@id\":\"https:\/\/web.umons.ac.be\/sante\/fr\/2026\/04\/30\/troubles-cognitifs-et-sclerose-en-plaques-lia-au-coeur-dune-recherche-entre-lumons-et-les-chu-helora\/#article\",\"isPartOf\":{\"@id\":\"https:\/\/web.umons.ac.be\/sante\/fr\/2026\/04\/30\/troubles-cognitifs-et-sclerose-en-plaques-lia-au-coeur-dune-recherche-entre-lumons-et-les-chu-helora\/\"},\"author\":{\"name\":\"Damiano Di Stazio\",\"@id\":\"https:\/\/web.umons.ac.be\/sante\/#\/schema\/person\/9ebd47776577983ce0c6fd57d432ed15\"},\"headline\":\"Troubles cognitifs et scl\u00e9rose en plaques : l\u2019IA au c\u0153ur d\u2019une recherche entre l&rsquo;UMONS et les CHU HELORA\",\"datePublished\":\"2026-04-30T06:48:01+00:00\",\"mainEntityOfPage\":{\"@id\":\"https:\/\/web.umons.ac.be\/sante\/fr\/2026\/04\/30\/troubles-cognitifs-et-sclerose-en-plaques-lia-au-coeur-dune-recherche-entre-lumons-et-les-chu-helora\/\"},\"wordCount\":497,\"image\":{\"@id\":\"https:\/\/web.umons.ac.be\/sante\/fr\/2026\/04\/30\/troubles-cognitifs-et-sclerose-en-plaques-lia-au-coeur-dune-recherche-entre-lumons-et-les-chu-helora\/#primaryimage\"},\"thumbnailUrl\":\"https:\/\/web.umons.ac.be\/app\/uploads\/sites\/35\/2026\/04\/2026_IRM.png\",\"articleSection\":[\"Entreprises\",\"Institution\",\"Recherche\"],\"inLanguage\":\"fr-FR\"},{\"@type\":\"WebPage\",\"@id\":\"https:\/\/web.umons.ac.be\/sante\/fr\/2026\/04\/30\/troubles-cognitifs-et-sclerose-en-plaques-lia-au-coeur-dune-recherche-entre-lumons-et-les-chu-helora\/\",\"url\":\"https:\/\/web.umons.ac.be\/sante\/fr\/2026\/04\/30\/troubles-cognitifs-et-sclerose-en-plaques-lia-au-coeur-dune-recherche-entre-lumons-et-les-chu-helora\/\",\"name\":\"Troubles cognitifs et scl\u00e9rose en plaques : l\u2019IA au c\u0153ur d\u2019une recherche entre l'UMONS et les CHU HELORA - Institut \/ Sant\u00e9\",\"isPartOf\":{\"@id\":\"https:\/\/web.umons.ac.be\/sante\/#website\"},\"primaryImageOfPage\":{\"@id\":\"https:\/\/web.umons.ac.be\/sante\/fr\/2026\/04\/30\/troubles-cognitifs-et-sclerose-en-plaques-lia-au-coeur-dune-recherche-entre-lumons-et-les-chu-helora\/#primaryimage\"},\"image\":{\"@id\":\"https:\/\/web.umons.ac.be\/sante\/fr\/2026\/04\/30\/troubles-cognitifs-et-sclerose-en-plaques-lia-au-coeur-dune-recherche-entre-lumons-et-les-chu-helora\/#primaryimage\"},\"thumbnailUrl\":\"https:\/\/web.umons.ac.be\/app\/uploads\/sites\/35\/2026\/04\/2026_IRM.png\",\"datePublished\":\"2026-04-30T06:48:01+00:00\",\"author\":{\"@id\":\"https:\/\/web.umons.ac.be\/sante\/#\/schema\/person\/9ebd47776577983ce0c6fd57d432ed15\"},\"breadcrumb\":{\"@id\":\"https:\/\/web.umons.ac.be\/sante\/fr\/2026\/04\/30\/troubles-cognitifs-et-sclerose-en-plaques-lia-au-coeur-dune-recherche-entre-lumons-et-les-chu-helora\/#breadcrumb\"},\"inLanguage\":\"fr-FR\",\"potentialAction\":[{\"@type\":\"ReadAction\",\"target\":[\"https:\/\/web.umons.ac.be\/sante\/fr\/2026\/04\/30\/troubles-cognitifs-et-sclerose-en-plaques-lia-au-coeur-dune-recherche-entre-lumons-et-les-chu-helora\/\"]}]},{\"@type\":\"ImageObject\",\"inLanguage\":\"fr-FR\",\"@id\":\"https:\/\/web.umons.ac.be\/sante\/fr\/2026\/04\/30\/troubles-cognitifs-et-sclerose-en-plaques-lia-au-coeur-dune-recherche-entre-lumons-et-les-chu-helora\/#primaryimage\",\"url\":\"https:\/\/web.umons.ac.be\/app\/uploads\/sites\/35\/2026\/04\/2026_IRM.png\",\"contentUrl\":\"https:\/\/web.umons.ac.be\/app\/uploads\/sites\/35\/2026\/04\/2026_IRM.png\",\"width\":2000,\"height\":1414},{\"@type\":\"BreadcrumbList\",\"@id\":\"https:\/\/web.umons.ac.be\/sante\/fr\/2026\/04\/30\/troubles-cognitifs-et-sclerose-en-plaques-lia-au-coeur-dune-recherche-entre-lumons-et-les-chu-helora\/#breadcrumb\",\"itemListElement\":[{\"@type\":\"ListItem\",\"position\":1,\"name\":\"Accueil\",\"item\":\"https:\/\/web.umons.ac.be\/sante\/fr\/\"},{\"@type\":\"ListItem\",\"position\":2,\"name\":\"Troubles cognitifs et scl\u00e9rose en plaques : l\u2019IA au c\u0153ur d\u2019une recherche entre l&rsquo;UMONS et les CHU HELORA\"}]},{\"@type\":\"WebSite\",\"@id\":\"https:\/\/web.umons.ac.be\/sante\/#website\",\"url\":\"https:\/\/web.umons.ac.be\/sante\/\",\"name\":\"Institut \/ Sant\u00e9\",\"description\":\"Un site utilisant Universit\u00e9 de Mons \u2013 UMONS\",\"potentialAction\":[{\"@type\":\"SearchAction\",\"target\":{\"@type\":\"EntryPoint\",\"urlTemplate\":\"https:\/\/web.umons.ac.be\/sante\/?s={search_term_string}\"},\"query-input\":{\"@type\":\"PropertyValueSpecification\",\"valueRequired\":true,\"valueName\":\"search_term_string\"}}],\"inLanguage\":\"fr-FR\"},{\"@type\":\"Person\",\"@id\":\"https:\/\/web.umons.ac.be\/sante\/#\/schema\/person\/9ebd47776577983ce0c6fd57d432ed15\",\"name\":\"Damiano Di Stazio\",\"image\":{\"@type\":\"ImageObject\",\"inLanguage\":\"fr-FR\",\"@id\":\"https:\/\/secure.gravatar.com\/avatar\/8f8800ce50c63e3da3af996b36ff63eb6e55b85aed77828a11eb864879bf2a59?s=96&d=mm&r=g\",\"url\":\"https:\/\/secure.gravatar.com\/avatar\/8f8800ce50c63e3da3af996b36ff63eb6e55b85aed77828a11eb864879bf2a59?s=96&d=mm&r=g\",\"contentUrl\":\"https:\/\/secure.gravatar.com\/avatar\/8f8800ce50c63e3da3af996b36ff63eb6e55b85aed77828a11eb864879bf2a59?s=96&d=mm&r=g\",\"caption\":\"Damiano Di Stazio\"},\"url\":\"https:\/\/web.umons.ac.be\/sante\/author\/ddistazio\/\"}]}<\/script>\n<!-- \/ Yoast SEO plugin. -->","yoast_head_json":{"title":"Troubles cognitifs et scl\u00e9rose en plaques : l\u2019IA au c\u0153ur d\u2019une recherche entre l'UMONS et les CHU HELORA - Institut \/ Sant\u00e9","robots":{"index":"index","follow":"follow","max-snippet":"max-snippet:-1","max-image-preview":"max-image-preview:large","max-video-preview":"max-video-preview:-1"},"canonical":"https:\/\/web.umons.ac.be\/sante\/fr\/2026\/04\/30\/troubles-cognitifs-et-sclerose-en-plaques-lia-au-coeur-dune-recherche-entre-lumons-et-les-chu-helora\/","og_locale":"fr_FR","og_type":"article","og_title":"Troubles cognitifs et scl\u00e9rose en plaques : l\u2019IA au c\u0153ur d\u2019une recherche entre l'UMONS et les CHU HELORA - Institut \/ Sant\u00e9","og_description":"Les troubles cognitifs li\u00e9s \u00e0 la scl\u00e9rose en plaques peuvent concerner jusqu\u2019\u00e0 65 % des patients, avec des r\u00e9percussions parfois invisibles mais bien r\u00e9elles au quotidien. \u00c0 Mons, le neurologue Vito Tota va b\u00e9n\u00e9ficier d\u2019un cr\u00e9dit-temps m\u00e9dical, octroy\u00e9 dans le cadre du partenariat entre les CHU HELORA et l\u2019UMONS via le Centre de Recherche HELORA-UMONS (CRHU), pour mener ses recherches au sein du service de Neurosciences dirig\u00e9 par la Professeure Laurence Ris. Objectif ? Mieux comprendre ces m\u00e9canismes complexes gr\u00e2ce \u00e0 l\u2019intelligence artificielle, en croisant donn\u00e9es cliniques, imagerie c\u00e9r\u00e9brale et facteurs psychologiques.","og_url":"https:\/\/web.umons.ac.be\/sante\/fr\/2026\/04\/30\/troubles-cognitifs-et-sclerose-en-plaques-lia-au-coeur-dune-recherche-entre-lumons-et-les-chu-helora\/","og_site_name":"Institut \/ Sant\u00e9","article_published_time":"2026-04-30T06:48:01+00:00","og_image":[{"width":1024,"height":724,"url":"https:\/\/web.umons.ac.be\/app\/uploads\/sites\/35\/2026\/04\/2026_IRM-1024x724.png","type":"image\/png"}],"author":"Damiano Di Stazio","twitter_card":"summary_large_image","twitter_misc":{"\u00c9crit par":"Damiano Di Stazio","Dur\u00e9e de lecture estim\u00e9e":"2 minutes"},"schema":{"@context":"https:\/\/schema.org","@graph":[{"@type":"Article","@id":"https:\/\/web.umons.ac.be\/sante\/fr\/2026\/04\/30\/troubles-cognitifs-et-sclerose-en-plaques-lia-au-coeur-dune-recherche-entre-lumons-et-les-chu-helora\/#article","isPartOf":{"@id":"https:\/\/web.umons.ac.be\/sante\/fr\/2026\/04\/30\/troubles-cognitifs-et-sclerose-en-plaques-lia-au-coeur-dune-recherche-entre-lumons-et-les-chu-helora\/"},"author":{"name":"Damiano Di Stazio","@id":"https:\/\/web.umons.ac.be\/sante\/#\/schema\/person\/9ebd47776577983ce0c6fd57d432ed15"},"headline":"Troubles cognitifs et scl\u00e9rose en plaques : l\u2019IA au c\u0153ur d\u2019une recherche entre l&rsquo;UMONS et les CHU HELORA","datePublished":"2026-04-30T06:48:01+00:00","mainEntityOfPage":{"@id":"https:\/\/web.umons.ac.be\/sante\/fr\/2026\/04\/30\/troubles-cognitifs-et-sclerose-en-plaques-lia-au-coeur-dune-recherche-entre-lumons-et-les-chu-helora\/"},"wordCount":497,"image":{"@id":"https:\/\/web.umons.ac.be\/sante\/fr\/2026\/04\/30\/troubles-cognitifs-et-sclerose-en-plaques-lia-au-coeur-dune-recherche-entre-lumons-et-les-chu-helora\/#primaryimage"},"thumbnailUrl":"https:\/\/web.umons.ac.be\/app\/uploads\/sites\/35\/2026\/04\/2026_IRM.png","articleSection":["Entreprises","Institution","Recherche"],"inLanguage":"fr-FR"},{"@type":"WebPage","@id":"https:\/\/web.umons.ac.be\/sante\/fr\/2026\/04\/30\/troubles-cognitifs-et-sclerose-en-plaques-lia-au-coeur-dune-recherche-entre-lumons-et-les-chu-helora\/","url":"https:\/\/web.umons.ac.be\/sante\/fr\/2026\/04\/30\/troubles-cognitifs-et-sclerose-en-plaques-lia-au-coeur-dune-recherche-entre-lumons-et-les-chu-helora\/","name":"Troubles cognitifs et scl\u00e9rose en plaques : l\u2019IA au c\u0153ur d\u2019une recherche entre l'UMONS et les CHU HELORA - Institut \/ Sant\u00e9","isPartOf":{"@id":"https:\/\/web.umons.ac.be\/sante\/#website"},"primaryImageOfPage":{"@id":"https:\/\/web.umons.ac.be\/sante\/fr\/2026\/04\/30\/troubles-cognitifs-et-sclerose-en-plaques-lia-au-coeur-dune-recherche-entre-lumons-et-les-chu-helora\/#primaryimage"},"image":{"@id":"https:\/\/web.umons.ac.be\/sante\/fr\/2026\/04\/30\/troubles-cognitifs-et-sclerose-en-plaques-lia-au-coeur-dune-recherche-entre-lumons-et-les-chu-helora\/#primaryimage"},"thumbnailUrl":"https:\/\/web.umons.ac.be\/app\/uploads\/sites\/35\/2026\/04\/2026_IRM.png","datePublished":"2026-04-30T06:48:01+00:00","author":{"@id":"https:\/\/web.umons.ac.be\/sante\/#\/schema\/person\/9ebd47776577983ce0c6fd57d432ed15"},"breadcrumb":{"@id":"https:\/\/web.umons.ac.be\/sante\/fr\/2026\/04\/30\/troubles-cognitifs-et-sclerose-en-plaques-lia-au-coeur-dune-recherche-entre-lumons-et-les-chu-helora\/#breadcrumb"},"inLanguage":"fr-FR","potentialAction":[{"@type":"ReadAction","target":["https:\/\/web.umons.ac.be\/sante\/fr\/2026\/04\/30\/troubles-cognitifs-et-sclerose-en-plaques-lia-au-coeur-dune-recherche-entre-lumons-et-les-chu-helora\/"]}]},{"@type":"ImageObject","inLanguage":"fr-FR","@id":"https:\/\/web.umons.ac.be\/sante\/fr\/2026\/04\/30\/troubles-cognitifs-et-sclerose-en-plaques-lia-au-coeur-dune-recherche-entre-lumons-et-les-chu-helora\/#primaryimage","url":"https:\/\/web.umons.ac.be\/app\/uploads\/sites\/35\/2026\/04\/2026_IRM.png","contentUrl":"https:\/\/web.umons.ac.be\/app\/uploads\/sites\/35\/2026\/04\/2026_IRM.png","width":2000,"height":1414},{"@type":"BreadcrumbList","@id":"https:\/\/web.umons.ac.be\/sante\/fr\/2026\/04\/30\/troubles-cognitifs-et-sclerose-en-plaques-lia-au-coeur-dune-recherche-entre-lumons-et-les-chu-helora\/#breadcrumb","itemListElement":[{"@type":"ListItem","position":1,"name":"Accueil","item":"https:\/\/web.umons.ac.be\/sante\/fr\/"},{"@type":"ListItem","position":2,"name":"Troubles cognitifs et scl\u00e9rose en plaques : l\u2019IA au c\u0153ur d\u2019une recherche entre l&rsquo;UMONS et les CHU HELORA"}]},{"@type":"WebSite","@id":"https:\/\/web.umons.ac.be\/sante\/#website","url":"https:\/\/web.umons.ac.be\/sante\/","name":"Institut \/ Sant\u00e9","description":"Un site utilisant Universit\u00e9 de Mons \u2013 UMONS","potentialAction":[{"@type":"SearchAction","target":{"@type":"EntryPoint","urlTemplate":"https:\/\/web.umons.ac.be\/sante\/?s={search_term_string}"},"query-input":{"@type":"PropertyValueSpecification","valueRequired":true,"valueName":"search_term_string"}}],"inLanguage":"fr-FR"},{"@type":"Person","@id":"https:\/\/web.umons.ac.be\/sante\/#\/schema\/person\/9ebd47776577983ce0c6fd57d432ed15","name":"Damiano Di Stazio","image":{"@type":"ImageObject","inLanguage":"fr-FR","@id":"https:\/\/secure.gravatar.com\/avatar\/8f8800ce50c63e3da3af996b36ff63eb6e55b85aed77828a11eb864879bf2a59?s=96&d=mm&r=g","url":"https:\/\/secure.gravatar.com\/avatar\/8f8800ce50c63e3da3af996b36ff63eb6e55b85aed77828a11eb864879bf2a59?s=96&d=mm&r=g","contentUrl":"https:\/\/secure.gravatar.com\/avatar\/8f8800ce50c63e3da3af996b36ff63eb6e55b85aed77828a11eb864879bf2a59?s=96&d=mm&r=g","caption":"Damiano Di Stazio"},"url":"https:\/\/web.umons.ac.be\/sante\/author\/ddistazio\/"}]}},"lang":"fr","translations":{"fr":1219},"pll_sync_post":[],"_links":{"self":[{"href":"https:\/\/web.umons.ac.be\/sante\/wp-json\/wp\/v2\/posts\/1219","targetHints":{"allow":["GET"]}}],"collection":[{"href":"https:\/\/web.umons.ac.be\/sante\/wp-json\/wp\/v2\/posts"}],"about":[{"href":"https:\/\/web.umons.ac.be\/sante\/wp-json\/wp\/v2\/types\/post"}],"author":[{"embeddable":true,"href":"https:\/\/web.umons.ac.be\/sante\/wp-json\/wp\/v2\/users\/209"}],"replies":[{"embeddable":true,"href":"https:\/\/web.umons.ac.be\/sante\/wp-json\/wp\/v2\/comments?post=1219"}],"version-history":[{"count":3,"href":"https:\/\/web.umons.ac.be\/sante\/wp-json\/wp\/v2\/posts\/1219\/revisions"}],"predecessor-version":[{"id":1224,"href":"https:\/\/web.umons.ac.be\/sante\/wp-json\/wp\/v2\/posts\/1219\/revisions\/1224"}],"wp:featuredmedia":[{"embeddable":true,"href":"https:\/\/web.umons.ac.be\/sante\/wp-json\/wp\/v2\/media\/1223"}],"wp:attachment":[{"href":"https:\/\/web.umons.ac.be\/sante\/wp-json\/wp\/v2\/media?parent=1219"}],"wp:term":[{"taxonomy":"category","embeddable":true,"href":"https:\/\/web.umons.ac.be\/sante\/wp-json\/wp\/v2\/categories?post=1219"},{"taxonomy":"post_tag","embeddable":true,"href":"https:\/\/web.umons.ac.be\/sante\/wp-json\/wp\/v2\/tags?post=1219"}],"curies":[{"name":"wp","href":"https:\/\/api.w.org\/{rel}","templated":true}]}}