{"id":734,"date":"2022-08-31T23:01:19","date_gmt":"2022-08-31T21:01:19","guid":{"rendered":"https:\/\/web.umons.ac.be\/sante\/?p=734"},"modified":"2022-08-31T23:01:19","modified_gmt":"2022-08-31T21:01:19","slug":"soiree-thematique-sante-du-1-mars-2022-sport-science-et-resilience-du-tatami-aux-labos-de-recherche","status":"publish","type":"post","link":"https:\/\/web.umons.ac.be\/sante\/fr\/2022\/08\/31\/soiree-thematique-sante-du-1-mars-2022-sport-science-et-resilience-du-tatami-aux-labos-de-recherche\/","title":{"rendered":"Soir\u00e9e Th\u00e9matique Sant\u00e9 du 1 mars 2022 \u2018Sport, science et r\u00e9silience. Du tatami aux labos de recherche !\u2019"},"content":{"rendered":"<p>&nbsp;<\/p>\n<p style=\"text-align: justify\">La soir\u00e9e th\u00e9matique de l\u2019institut qui a eu lieu dans la magnifique salle de la Maison Folie le 1<sup>er<\/sup> mars dernier nous a plong\u00e9s dans l\u2019univers du sport, du d\u00e9passement de soi, du plaisir et du bien-\u00eatre, entre exp\u00e9riences de vie\u2026 et de laboratoire. La soir\u00e9e a \u00e9t\u00e9 un vrai succ\u00e8s. Nous remercions encore les membres UMONS qui ont particip\u00e9 \u00e0 la r\u00e9alisation de l\u2019\u00e9v\u00e8nement.<\/p>\n<p style=\"text-align: justify\">La vid\u00e9o est disponible en suivant le lien\u00a0: <span style=\"color: #098c92\"><a style=\"color: #098c92\" href=\"https:\/\/www.youtube.com\/watch?v=LUvgIsSGf6w&amp;t=4539s\">https:\/\/www.youtube.com\/watch?v=LUvgIsSGf6w&amp;t=4539s<\/a><\/span><\/p>\n","protected":false},"excerpt":{"rendered":"<p>Un succ\u00e8s pour la soir\u00e9e th\u00e9matique \u00ab\u00a0Sport, science et r\u00e9silience. Du tatami aux labos de recherche !&rsquo;<\/p>\n","protected":false},"author":26,"featured_media":0,"comment_status":"open","ping_status":"open","sticky":false,"template":"","format":"standard","meta":{"footnotes":""},"categories":[88,96,98],"tags":[],"class_list":["post-734","post","type-post","status-publish","format-standard","hentry","category-institution","category-recherche","category-vie-culturelle-et-sportive"],"yoast_head":"<!-- This site is optimized with the Yoast SEO plugin v27.2 - https:\/\/yoast.com\/product\/yoast-seo-wordpress\/ -->\n<title>Soir\u00e9e Th\u00e9matique Sant\u00e9 du 1 mars 2022 \u2018Sport, science et r\u00e9silience. Du tatami aux labos de recherche !\u2019 - Institut \/ Sant\u00e9<\/title>\n<meta name=\"description\" content=\"Succ\u00e8s pour la soir\u00e9e th\u00e9matique &#039;Sport, science et r\u00e9silience. Du tatami aux labos de recherche !&#039;, organis\u00e9 par l&#039;Institut Sant\u00e9 UMONS.\" \/>\n<meta name=\"robots\" content=\"index, follow, max-snippet:-1, max-image-preview:large, max-video-preview:-1\" \/>\n<link rel=\"canonical\" href=\"https:\/\/web.umons.ac.be\/sante\/fr\/2022\/08\/31\/soiree-thematique-sante-du-1-mars-2022-sport-science-et-resilience-du-tatami-aux-labos-de-recherche\/\" \/>\n<meta property=\"og:locale\" content=\"fr_FR\" \/>\n<meta property=\"og:type\" content=\"article\" \/>\n<meta property=\"og:title\" content=\"Soir\u00e9e Th\u00e9matique Sant\u00e9 du 1 mars 2022 \u2018Sport, science et r\u00e9silience. Du tatami aux labos de recherche !\u2019 - Institut \/ Sant\u00e9\" \/>\n<meta property=\"og:description\" content=\"Succ\u00e8s pour la soir\u00e9e th\u00e9matique &#039;Sport, science et r\u00e9silience. Du tatami aux labos de recherche !&#039;, organis\u00e9 par l&#039;Institut Sant\u00e9 UMONS.\" \/>\n<meta property=\"og:url\" content=\"https:\/\/web.umons.ac.be\/sante\/fr\/2022\/08\/31\/soiree-thematique-sante-du-1-mars-2022-sport-science-et-resilience-du-tatami-aux-labos-de-recherche\/\" \/>\n<meta property=\"og:site_name\" content=\"Institut \/ Sant\u00e9\" \/>\n<meta property=\"article:published_time\" content=\"2022-08-31T21:01:19+00:00\" \/>\n<meta name=\"author\" content=\"Luca Tiberi\" \/>\n<meta name=\"twitter:card\" content=\"summary_large_image\" \/>\n<meta name=\"twitter:label1\" content=\"\u00c9crit par\" \/>\n\t<meta name=\"twitter:data1\" content=\"Luca Tiberi\" \/>\n\t<meta name=\"twitter:label2\" content=\"Dur\u00e9e de lecture estim\u00e9e\" \/>\n\t<meta name=\"twitter:data2\" content=\"1 minute\" \/>\n<script type=\"application\/ld+json\" class=\"yoast-schema-graph\">{\"@context\":\"https:\/\/schema.org\",\"@graph\":[{\"@type\":\"Article\",\"@id\":\"https:\/\/web.umons.ac.be\/sante\/fr\/2022\/08\/31\/soiree-thematique-sante-du-1-mars-2022-sport-science-et-resilience-du-tatami-aux-labos-de-recherche\/#article\",\"isPartOf\":{\"@id\":\"https:\/\/web.umons.ac.be\/sante\/fr\/2022\/08\/31\/soiree-thematique-sante-du-1-mars-2022-sport-science-et-resilience-du-tatami-aux-labos-de-recherche\/\"},\"author\":{\"name\":\"Luca Tiberi\",\"@id\":\"https:\/\/web.umons.ac.be\/sante\/#\/schema\/person\/f597bb21f27f54a1dc2d0c2bac6d51d7\"},\"headline\":\"Soir\u00e9e Th\u00e9matique Sant\u00e9 du 1 mars 2022 \u2018Sport, science et r\u00e9silience. Du tatami aux labos de recherche !\u2019\",\"datePublished\":\"2022-08-31T21:01:19+00:00\",\"mainEntityOfPage\":{\"@id\":\"https:\/\/web.umons.ac.be\/sante\/fr\/2022\/08\/31\/soiree-thematique-sante-du-1-mars-2022-sport-science-et-resilience-du-tatami-aux-labos-de-recherche\/\"},\"wordCount\":116,\"commentCount\":0,\"articleSection\":[\"Institution\",\"Recherche\",\"Vie culturelle et sportive\"],\"inLanguage\":\"fr-FR\",\"potentialAction\":[{\"@type\":\"CommentAction\",\"name\":\"Comment\",\"target\":[\"https:\/\/web.umons.ac.be\/sante\/fr\/2022\/08\/31\/soiree-thematique-sante-du-1-mars-2022-sport-science-et-resilience-du-tatami-aux-labos-de-recherche\/#respond\"]}]},{\"@type\":\"WebPage\",\"@id\":\"https:\/\/web.umons.ac.be\/sante\/fr\/2022\/08\/31\/soiree-thematique-sante-du-1-mars-2022-sport-science-et-resilience-du-tatami-aux-labos-de-recherche\/\",\"url\":\"https:\/\/web.umons.ac.be\/sante\/fr\/2022\/08\/31\/soiree-thematique-sante-du-1-mars-2022-sport-science-et-resilience-du-tatami-aux-labos-de-recherche\/\",\"name\":\"Soir\u00e9e Th\u00e9matique Sant\u00e9 du 1 mars 2022 \u2018Sport, science et r\u00e9silience. Du tatami aux labos de recherche !\u2019 - Institut \/ Sant\u00e9\",\"isPartOf\":{\"@id\":\"https:\/\/web.umons.ac.be\/sante\/#website\"},\"datePublished\":\"2022-08-31T21:01:19+00:00\",\"author\":{\"@id\":\"https:\/\/web.umons.ac.be\/sante\/#\/schema\/person\/f597bb21f27f54a1dc2d0c2bac6d51d7\"},\"description\":\"Succ\u00e8s pour la soir\u00e9e th\u00e9matique 'Sport, science et r\u00e9silience. Du tatami aux labos de recherche !', organis\u00e9 par l'Institut Sant\u00e9 UMONS.\",\"breadcrumb\":{\"@id\":\"https:\/\/web.umons.ac.be\/sante\/fr\/2022\/08\/31\/soiree-thematique-sante-du-1-mars-2022-sport-science-et-resilience-du-tatami-aux-labos-de-recherche\/#breadcrumb\"},\"inLanguage\":\"fr-FR\",\"potentialAction\":[{\"@type\":\"ReadAction\",\"target\":[\"https:\/\/web.umons.ac.be\/sante\/fr\/2022\/08\/31\/soiree-thematique-sante-du-1-mars-2022-sport-science-et-resilience-du-tatami-aux-labos-de-recherche\/\"]}]},{\"@type\":\"BreadcrumbList\",\"@id\":\"https:\/\/web.umons.ac.be\/sante\/fr\/2022\/08\/31\/soiree-thematique-sante-du-1-mars-2022-sport-science-et-resilience-du-tatami-aux-labos-de-recherche\/#breadcrumb\",\"itemListElement\":[{\"@type\":\"ListItem\",\"position\":1,\"name\":\"Accueil\",\"item\":\"https:\/\/web.umons.ac.be\/sante\/fr\/\"},{\"@type\":\"ListItem\",\"position\":2,\"name\":\"Soir\u00e9e Th\u00e9matique Sant\u00e9 du 1 mars 2022 \u2018Sport, science et r\u00e9silience. Du tatami aux labos de recherche !\u2019\"}]},{\"@type\":\"WebSite\",\"@id\":\"https:\/\/web.umons.ac.be\/sante\/#website\",\"url\":\"https:\/\/web.umons.ac.be\/sante\/\",\"name\":\"Institut \/ Sant\u00e9\",\"description\":\"Un site utilisant Universit\u00e9 de Mons \u2013 UMONS\",\"potentialAction\":[{\"@type\":\"SearchAction\",\"target\":{\"@type\":\"EntryPoint\",\"urlTemplate\":\"https:\/\/web.umons.ac.be\/sante\/?s={search_term_string}\"},\"query-input\":{\"@type\":\"PropertyValueSpecification\",\"valueRequired\":true,\"valueName\":\"search_term_string\"}}],\"inLanguage\":\"fr-FR\"},{\"@type\":\"Person\",\"@id\":\"https:\/\/web.umons.ac.be\/sante\/#\/schema\/person\/f597bb21f27f54a1dc2d0c2bac6d51d7\",\"name\":\"Luca Tiberi\",\"image\":{\"@type\":\"ImageObject\",\"inLanguage\":\"fr-FR\",\"@id\":\"https:\/\/secure.gravatar.com\/avatar\/3a832a72f5408d7e8d8a18ed643b60a11e6ec054b6d81b28ebd9cf94f1b33c4f?s=96&d=mm&r=g\",\"url\":\"https:\/\/secure.gravatar.com\/avatar\/3a832a72f5408d7e8d8a18ed643b60a11e6ec054b6d81b28ebd9cf94f1b33c4f?s=96&d=mm&r=g\",\"contentUrl\":\"https:\/\/secure.gravatar.com\/avatar\/3a832a72f5408d7e8d8a18ed643b60a11e6ec054b6d81b28ebd9cf94f1b33c4f?s=96&d=mm&r=g\",\"caption\":\"Luca Tiberi\"},\"url\":\"https:\/\/web.umons.ac.be\/sante\/author\/ltiberi\/\"}]}<\/script>\n<!-- \/ Yoast SEO plugin. -->","yoast_head_json":{"title":"Soir\u00e9e Th\u00e9matique Sant\u00e9 du 1 mars 2022 \u2018Sport, science et r\u00e9silience. Du tatami aux labos de recherche !\u2019 - Institut \/ Sant\u00e9","description":"Succ\u00e8s pour la soir\u00e9e th\u00e9matique 'Sport, science et r\u00e9silience. Du tatami aux labos de recherche !', organis\u00e9 par l'Institut Sant\u00e9 UMONS.","robots":{"index":"index","follow":"follow","max-snippet":"max-snippet:-1","max-image-preview":"max-image-preview:large","max-video-preview":"max-video-preview:-1"},"canonical":"https:\/\/web.umons.ac.be\/sante\/fr\/2022\/08\/31\/soiree-thematique-sante-du-1-mars-2022-sport-science-et-resilience-du-tatami-aux-labos-de-recherche\/","og_locale":"fr_FR","og_type":"article","og_title":"Soir\u00e9e Th\u00e9matique Sant\u00e9 du 1 mars 2022 \u2018Sport, science et r\u00e9silience. Du tatami aux labos de recherche !\u2019 - Institut \/ Sant\u00e9","og_description":"Succ\u00e8s pour la soir\u00e9e th\u00e9matique 'Sport, science et r\u00e9silience. Du tatami aux labos de recherche !', organis\u00e9 par l'Institut Sant\u00e9 UMONS.","og_url":"https:\/\/web.umons.ac.be\/sante\/fr\/2022\/08\/31\/soiree-thematique-sante-du-1-mars-2022-sport-science-et-resilience-du-tatami-aux-labos-de-recherche\/","og_site_name":"Institut \/ Sant\u00e9","article_published_time":"2022-08-31T21:01:19+00:00","author":"Luca Tiberi","twitter_card":"summary_large_image","twitter_misc":{"\u00c9crit par":"Luca Tiberi","Dur\u00e9e de lecture estim\u00e9e":"1 minute"},"schema":{"@context":"https:\/\/schema.org","@graph":[{"@type":"Article","@id":"https:\/\/web.umons.ac.be\/sante\/fr\/2022\/08\/31\/soiree-thematique-sante-du-1-mars-2022-sport-science-et-resilience-du-tatami-aux-labos-de-recherche\/#article","isPartOf":{"@id":"https:\/\/web.umons.ac.be\/sante\/fr\/2022\/08\/31\/soiree-thematique-sante-du-1-mars-2022-sport-science-et-resilience-du-tatami-aux-labos-de-recherche\/"},"author":{"name":"Luca Tiberi","@id":"https:\/\/web.umons.ac.be\/sante\/#\/schema\/person\/f597bb21f27f54a1dc2d0c2bac6d51d7"},"headline":"Soir\u00e9e Th\u00e9matique Sant\u00e9 du 1 mars 2022 \u2018Sport, science et r\u00e9silience. Du tatami aux labos de recherche !\u2019","datePublished":"2022-08-31T21:01:19+00:00","mainEntityOfPage":{"@id":"https:\/\/web.umons.ac.be\/sante\/fr\/2022\/08\/31\/soiree-thematique-sante-du-1-mars-2022-sport-science-et-resilience-du-tatami-aux-labos-de-recherche\/"},"wordCount":116,"commentCount":0,"articleSection":["Institution","Recherche","Vie culturelle et sportive"],"inLanguage":"fr-FR","potentialAction":[{"@type":"CommentAction","name":"Comment","target":["https:\/\/web.umons.ac.be\/sante\/fr\/2022\/08\/31\/soiree-thematique-sante-du-1-mars-2022-sport-science-et-resilience-du-tatami-aux-labos-de-recherche\/#respond"]}]},{"@type":"WebPage","@id":"https:\/\/web.umons.ac.be\/sante\/fr\/2022\/08\/31\/soiree-thematique-sante-du-1-mars-2022-sport-science-et-resilience-du-tatami-aux-labos-de-recherche\/","url":"https:\/\/web.umons.ac.be\/sante\/fr\/2022\/08\/31\/soiree-thematique-sante-du-1-mars-2022-sport-science-et-resilience-du-tatami-aux-labos-de-recherche\/","name":"Soir\u00e9e Th\u00e9matique Sant\u00e9 du 1 mars 2022 \u2018Sport, science et r\u00e9silience. Du tatami aux labos de recherche !\u2019 - Institut \/ Sant\u00e9","isPartOf":{"@id":"https:\/\/web.umons.ac.be\/sante\/#website"},"datePublished":"2022-08-31T21:01:19+00:00","author":{"@id":"https:\/\/web.umons.ac.be\/sante\/#\/schema\/person\/f597bb21f27f54a1dc2d0c2bac6d51d7"},"description":"Succ\u00e8s pour la soir\u00e9e th\u00e9matique 'Sport, science et r\u00e9silience. Du tatami aux labos de recherche !', organis\u00e9 par l'Institut Sant\u00e9 UMONS.","breadcrumb":{"@id":"https:\/\/web.umons.ac.be\/sante\/fr\/2022\/08\/31\/soiree-thematique-sante-du-1-mars-2022-sport-science-et-resilience-du-tatami-aux-labos-de-recherche\/#breadcrumb"},"inLanguage":"fr-FR","potentialAction":[{"@type":"ReadAction","target":["https:\/\/web.umons.ac.be\/sante\/fr\/2022\/08\/31\/soiree-thematique-sante-du-1-mars-2022-sport-science-et-resilience-du-tatami-aux-labos-de-recherche\/"]}]},{"@type":"BreadcrumbList","@id":"https:\/\/web.umons.ac.be\/sante\/fr\/2022\/08\/31\/soiree-thematique-sante-du-1-mars-2022-sport-science-et-resilience-du-tatami-aux-labos-de-recherche\/#breadcrumb","itemListElement":[{"@type":"ListItem","position":1,"name":"Accueil","item":"https:\/\/web.umons.ac.be\/sante\/fr\/"},{"@type":"ListItem","position":2,"name":"Soir\u00e9e Th\u00e9matique Sant\u00e9 du 1 mars 2022 \u2018Sport, science et r\u00e9silience. Du tatami aux labos de recherche !\u2019"}]},{"@type":"WebSite","@id":"https:\/\/web.umons.ac.be\/sante\/#website","url":"https:\/\/web.umons.ac.be\/sante\/","name":"Institut \/ Sant\u00e9","description":"Un site utilisant Universit\u00e9 de Mons \u2013 UMONS","potentialAction":[{"@type":"SearchAction","target":{"@type":"EntryPoint","urlTemplate":"https:\/\/web.umons.ac.be\/sante\/?s={search_term_string}"},"query-input":{"@type":"PropertyValueSpecification","valueRequired":true,"valueName":"search_term_string"}}],"inLanguage":"fr-FR"},{"@type":"Person","@id":"https:\/\/web.umons.ac.be\/sante\/#\/schema\/person\/f597bb21f27f54a1dc2d0c2bac6d51d7","name":"Luca Tiberi","image":{"@type":"ImageObject","inLanguage":"fr-FR","@id":"https:\/\/secure.gravatar.com\/avatar\/3a832a72f5408d7e8d8a18ed643b60a11e6ec054b6d81b28ebd9cf94f1b33c4f?s=96&d=mm&r=g","url":"https:\/\/secure.gravatar.com\/avatar\/3a832a72f5408d7e8d8a18ed643b60a11e6ec054b6d81b28ebd9cf94f1b33c4f?s=96&d=mm&r=g","contentUrl":"https:\/\/secure.gravatar.com\/avatar\/3a832a72f5408d7e8d8a18ed643b60a11e6ec054b6d81b28ebd9cf94f1b33c4f?s=96&d=mm&r=g","caption":"Luca Tiberi"},"url":"https:\/\/web.umons.ac.be\/sante\/author\/ltiberi\/"}]}},"lang":"fr","translations":{"fr":734,"en":756},"pll_sync_post":[],"_links":{"self":[{"href":"https:\/\/web.umons.ac.be\/sante\/wp-json\/wp\/v2\/posts\/734","targetHints":{"allow":["GET"]}}],"collection":[{"href":"https:\/\/web.umons.ac.be\/sante\/wp-json\/wp\/v2\/posts"}],"about":[{"href":"https:\/\/web.umons.ac.be\/sante\/wp-json\/wp\/v2\/types\/post"}],"author":[{"embeddable":true,"href":"https:\/\/web.umons.ac.be\/sante\/wp-json\/wp\/v2\/users\/26"}],"replies":[{"embeddable":true,"href":"https:\/\/web.umons.ac.be\/sante\/wp-json\/wp\/v2\/comments?post=734"}],"version-history":[{"count":3,"href":"https:\/\/web.umons.ac.be\/sante\/wp-json\/wp\/v2\/posts\/734\/revisions"}],"predecessor-version":[{"id":755,"href":"https:\/\/web.umons.ac.be\/sante\/wp-json\/wp\/v2\/posts\/734\/revisions\/755"}],"wp:attachment":[{"href":"https:\/\/web.umons.ac.be\/sante\/wp-json\/wp\/v2\/media?parent=734"}],"wp:term":[{"taxonomy":"category","embeddable":true,"href":"https:\/\/web.umons.ac.be\/sante\/wp-json\/wp\/v2\/categories?post=734"},{"taxonomy":"post_tag","embeddable":true,"href":"https:\/\/web.umons.ac.be\/sante\/wp-json\/wp\/v2\/tags?post=734"}],"curies":[{"name":"wp","href":"https:\/\/api.w.org\/{rel}","templated":true}]}}