{"id":880,"date":"2022-09-22T17:07:38","date_gmt":"2022-09-22T15:07:38","guid":{"rendered":"https:\/\/web.umons.ac.be\/sante\/?p=880"},"modified":"2022-09-23T13:51:51","modified_gmt":"2022-09-23T11:51:51","slug":"interuniversity-phd-student-day","status":"publish","type":"post","link":"https:\/\/web.umons.ac.be\/sante\/fr\/2022\/09\/22\/interuniversity-phd-student-day\/","title":{"rendered":"Interuniversity PhD Student Day"},"content":{"rendered":"<p><img loading=\"lazy\" decoding=\"async\" class=\"size-medium wp-image-881 alignnone\" style=\"font-style: normal;font-weight: 400;font-family: 'Helvetica Neue', Helvetica, Arial, sans-serif;font-size: 14px\" src=\"https:\/\/web.umons.ac.be\/app\/uploads\/sites\/35\/2022\/09\/laureate-UMONS-300x225.jpg\" alt=\"\" width=\"300\" height=\"225\" srcset=\"https:\/\/web.umons.ac.be\/app\/uploads\/sites\/35\/2022\/09\/laureate-UMONS-300x225.jpg 300w, https:\/\/web.umons.ac.be\/app\/uploads\/sites\/35\/2022\/09\/laureate-UMONS-1024x768.jpg 1024w, https:\/\/web.umons.ac.be\/app\/uploads\/sites\/35\/2022\/09\/laureate-UMONS-768x576.jpg 768w, https:\/\/web.umons.ac.be\/app\/uploads\/sites\/35\/2022\/09\/laureate-UMONS-1536x1152.jpg 1536w, https:\/\/web.umons.ac.be\/app\/uploads\/sites\/35\/2022\/09\/laureate-UMONS-2048x1536.jpg 2048w, https:\/\/web.umons.ac.be\/app\/uploads\/sites\/35\/2022\/09\/laureate-UMONS-880x660.jpg 880w, https:\/\/web.umons.ac.be\/app\/uploads\/sites\/35\/2022\/09\/laureate-UMONS-30x23.jpg 30w, https:\/\/web.umons.ac.be\/app\/uploads\/sites\/35\/2022\/09\/laureate-UMONS-60x45.jpg 60w, https:\/\/web.umons.ac.be\/app\/uploads\/sites\/35\/2022\/09\/laureate-UMONS-360x270.jpg 360w\" sizes=\"auto, (max-width: 300px) 100vw, 300px\" \/><\/p>\n<p>Le 9 septembre dernier a eu lieu la 3\u00e8 \u00e9dition de l\u2019 &lsquo;Interuniversity PhD Student Day\u2019 organis\u00e9 par l\u2019EDT-Biologie Cellulaire et Mol\u00e9culaire &amp;Biochimie. Cette journ\u00e9e, qui s\u2019est d\u00e9roul\u00e9e \u00e0 l\u2019UNamur, a permis \u00e0 une centaine de doctorants de pr\u00e9senter leurs travaux de recherche sous forme de flash talk et poster. Deux prix ont \u00e9t\u00e9 attribu\u00e9s pour r\u00e9compenser les meilleurs posters et la pr\u00e9sentation associ\u00e9e.<\/p>\n<p>Mme Nour MHAIDLY du service d\u2019Anatomie humaine et oncologie exp\u00e9rimentale (Prof. Saussez) a obtenu un des prix pour son travail intitul\u00e9 \u2018Macrophage Plasticity and Function in the Head and Neck Tumor Microenvironment in 3D multicellular Spheroid model\u2019.<\/p>\n<p>Mme Mhaidly termine sa 2<sup>\u00e8me<\/sup> ann\u00e9e de th\u00e8se sous la supervision du Prof. Saussez (Promoteur) et du Prof. Laurent (Co-Promotrice) et est encadr\u00e9e dans son travail par les Drs. Fabrice Journ\u00e9 et G\u00e9raldine Descamps.<\/p>\n<p>&nbsp;<\/p>\n","protected":false},"excerpt":{"rendered":"<p>Une doctorante de l&rsquo;UMONS prim\u00e9e \u00e0 l\u2019 \u2018Interuniversity PhD Student Day\u2019.<\/p>\n","protected":false},"author":25,"featured_media":881,"comment_status":"open","ping_status":"open","sticky":false,"template":"","format":"standard","meta":{"footnotes":""},"categories":[80,94],"tags":[],"class_list":["post-880","post","type-post","status-publish","format-standard","has-post-thumbnail","hentry","category-conferences-colloques","category-prix-bourses-et-distinctions"],"yoast_head":"<!-- This site is optimized with the Yoast SEO plugin v27.2 - https:\/\/yoast.com\/product\/yoast-seo-wordpress\/ -->\n<title>Interuniversity PhD Student Day - Institut \/ Sant\u00e9<\/title>\n<meta name=\"robots\" content=\"index, follow, max-snippet:-1, max-image-preview:large, max-video-preview:-1\" \/>\n<link rel=\"canonical\" href=\"https:\/\/web.umons.ac.be\/sante\/fr\/2022\/09\/22\/interuniversity-phd-student-day\/\" \/>\n<meta property=\"og:locale\" content=\"fr_FR\" \/>\n<meta property=\"og:type\" content=\"article\" \/>\n<meta property=\"og:title\" content=\"Interuniversity PhD Student Day - Institut \/ Sant\u00e9\" \/>\n<meta property=\"og:description\" content=\"Une doctorante de l&#039;UMONS prim\u00e9e \u00e0 l\u2019 \u2018Interuniversity PhD Student Day\u2019.\" \/>\n<meta property=\"og:url\" content=\"https:\/\/web.umons.ac.be\/sante\/fr\/2022\/09\/22\/interuniversity-phd-student-day\/\" \/>\n<meta property=\"og:site_name\" content=\"Institut \/ Sant\u00e9\" \/>\n<meta property=\"article:published_time\" content=\"2022-09-22T15:07:38+00:00\" \/>\n<meta property=\"article:modified_time\" content=\"2022-09-23T11:51:51+00:00\" \/>\n<meta property=\"og:image\" content=\"https:\/\/web.umons.ac.be\/app\/uploads\/sites\/35\/2022\/09\/laureate-UMONS-scaled.jpg\" \/>\n\t<meta property=\"og:image:width\" content=\"2560\" \/>\n\t<meta property=\"og:image:height\" content=\"1920\" \/>\n\t<meta property=\"og:image:type\" content=\"image\/jpeg\" \/>\n<meta name=\"author\" content=\"Thomas Zwakhals\" \/>\n<meta name=\"twitter:card\" content=\"summary_large_image\" \/>\n<meta name=\"twitter:label1\" content=\"\u00c9crit par\" \/>\n\t<meta name=\"twitter:data1\" content=\"Fr\u00e9d\u00e9rique Copp\u00e9e\" \/>\n\t<meta name=\"twitter:label2\" content=\"Dur\u00e9e de lecture estim\u00e9e\" \/>\n\t<meta name=\"twitter:data2\" content=\"1 minute\" \/>\n<script type=\"application\/ld+json\" class=\"yoast-schema-graph\">{\"@context\":\"https:\/\/schema.org\",\"@graph\":[{\"@type\":\"Article\",\"@id\":\"https:\/\/web.umons.ac.be\/sante\/fr\/2022\/09\/22\/interuniversity-phd-student-day\/#article\",\"isPartOf\":{\"@id\":\"https:\/\/web.umons.ac.be\/sante\/fr\/2022\/09\/22\/interuniversity-phd-student-day\/\"},\"author\":{\"name\":\"Thomas Zwakhals\",\"@id\":\"https:\/\/web.umons.ac.be\/sante\/#\/schema\/person\/2c5648fb60875344628bc6664dfe02d1\"},\"headline\":\"Interuniversity PhD Student Day\",\"datePublished\":\"2022-09-22T15:07:38+00:00\",\"dateModified\":\"2022-09-23T11:51:51+00:00\",\"mainEntityOfPage\":{\"@id\":\"https:\/\/web.umons.ac.be\/sante\/fr\/2022\/09\/22\/interuniversity-phd-student-day\/\"},\"wordCount\":155,\"commentCount\":0,\"image\":{\"@id\":\"https:\/\/web.umons.ac.be\/sante\/fr\/2022\/09\/22\/interuniversity-phd-student-day\/#primaryimage\"},\"thumbnailUrl\":\"https:\/\/web.umons.ac.be\/app\/uploads\/sites\/35\/2022\/09\/laureate-UMONS-scaled.jpg\",\"articleSection\":[\"Conf\u00e9rences\/Colloques\",\"Prix, bourses et distinctions\"],\"inLanguage\":\"fr-FR\",\"potentialAction\":[{\"@type\":\"CommentAction\",\"name\":\"Comment\",\"target\":[\"https:\/\/web.umons.ac.be\/sante\/fr\/2022\/09\/22\/interuniversity-phd-student-day\/#respond\"]}]},{\"@type\":\"WebPage\",\"@id\":\"https:\/\/web.umons.ac.be\/sante\/fr\/2022\/09\/22\/interuniversity-phd-student-day\/\",\"url\":\"https:\/\/web.umons.ac.be\/sante\/fr\/2022\/09\/22\/interuniversity-phd-student-day\/\",\"name\":\"Interuniversity PhD Student Day - Institut \/ Sant\u00e9\",\"isPartOf\":{\"@id\":\"https:\/\/web.umons.ac.be\/sante\/#website\"},\"primaryImageOfPage\":{\"@id\":\"https:\/\/web.umons.ac.be\/sante\/fr\/2022\/09\/22\/interuniversity-phd-student-day\/#primaryimage\"},\"image\":{\"@id\":\"https:\/\/web.umons.ac.be\/sante\/fr\/2022\/09\/22\/interuniversity-phd-student-day\/#primaryimage\"},\"thumbnailUrl\":\"https:\/\/web.umons.ac.be\/app\/uploads\/sites\/35\/2022\/09\/laureate-UMONS-scaled.jpg\",\"datePublished\":\"2022-09-22T15:07:38+00:00\",\"dateModified\":\"2022-09-23T11:51:51+00:00\",\"author\":{\"@id\":\"https:\/\/web.umons.ac.be\/sante\/#\/schema\/person\/2c5648fb60875344628bc6664dfe02d1\"},\"breadcrumb\":{\"@id\":\"https:\/\/web.umons.ac.be\/sante\/fr\/2022\/09\/22\/interuniversity-phd-student-day\/#breadcrumb\"},\"inLanguage\":\"fr-FR\",\"potentialAction\":[{\"@type\":\"ReadAction\",\"target\":[\"https:\/\/web.umons.ac.be\/sante\/fr\/2022\/09\/22\/interuniversity-phd-student-day\/\"]}]},{\"@type\":\"ImageObject\",\"inLanguage\":\"fr-FR\",\"@id\":\"https:\/\/web.umons.ac.be\/sante\/fr\/2022\/09\/22\/interuniversity-phd-student-day\/#primaryimage\",\"url\":\"https:\/\/web.umons.ac.be\/app\/uploads\/sites\/35\/2022\/09\/laureate-UMONS-scaled.jpg\",\"contentUrl\":\"https:\/\/web.umons.ac.be\/app\/uploads\/sites\/35\/2022\/09\/laureate-UMONS-scaled.jpg\",\"width\":2560,\"height\":1920},{\"@type\":\"BreadcrumbList\",\"@id\":\"https:\/\/web.umons.ac.be\/sante\/fr\/2022\/09\/22\/interuniversity-phd-student-day\/#breadcrumb\",\"itemListElement\":[{\"@type\":\"ListItem\",\"position\":1,\"name\":\"Accueil\",\"item\":\"https:\/\/web.umons.ac.be\/sante\/fr\/\"},{\"@type\":\"ListItem\",\"position\":2,\"name\":\"Interuniversity PhD Student Day\"}]},{\"@type\":\"WebSite\",\"@id\":\"https:\/\/web.umons.ac.be\/sante\/#website\",\"url\":\"https:\/\/web.umons.ac.be\/sante\/\",\"name\":\"Institut \/ Sant\u00e9\",\"description\":\"Un site utilisant Universit\u00e9 de Mons \u2013 UMONS\",\"potentialAction\":[{\"@type\":\"SearchAction\",\"target\":{\"@type\":\"EntryPoint\",\"urlTemplate\":\"https:\/\/web.umons.ac.be\/sante\/?s={search_term_string}\"},\"query-input\":{\"@type\":\"PropertyValueSpecification\",\"valueRequired\":true,\"valueName\":\"search_term_string\"}}],\"inLanguage\":\"fr-FR\"},{\"@type\":\"Person\",\"@id\":\"https:\/\/web.umons.ac.be\/sante\/#\/schema\/person\/2c5648fb60875344628bc6664dfe02d1\",\"name\":\"Thomas Zwakhals\",\"image\":{\"@type\":\"ImageObject\",\"inLanguage\":\"fr-FR\",\"@id\":\"https:\/\/secure.gravatar.com\/avatar\/00fead0d888f392626689cba89a0b0f6c81ef64683e42b82e9b44c0096ce4060?s=96&d=mm&r=g\",\"url\":\"https:\/\/secure.gravatar.com\/avatar\/00fead0d888f392626689cba89a0b0f6c81ef64683e42b82e9b44c0096ce4060?s=96&d=mm&r=g\",\"contentUrl\":\"https:\/\/secure.gravatar.com\/avatar\/00fead0d888f392626689cba89a0b0f6c81ef64683e42b82e9b44c0096ce4060?s=96&d=mm&r=g\",\"caption\":\"Thomas Zwakhals\"},\"url\":\"https:\/\/web.umons.ac.be\/sante\/author\/tzwakhals\/\"}]}<\/script>\n<!-- \/ Yoast SEO plugin. -->","yoast_head_json":{"title":"Interuniversity PhD Student Day - Institut \/ Sant\u00e9","robots":{"index":"index","follow":"follow","max-snippet":"max-snippet:-1","max-image-preview":"max-image-preview:large","max-video-preview":"max-video-preview:-1"},"canonical":"https:\/\/web.umons.ac.be\/sante\/fr\/2022\/09\/22\/interuniversity-phd-student-day\/","og_locale":"fr_FR","og_type":"article","og_title":"Interuniversity PhD Student Day - Institut \/ Sant\u00e9","og_description":"Une doctorante de l'UMONS prim\u00e9e \u00e0 l\u2019 \u2018Interuniversity PhD Student Day\u2019.","og_url":"https:\/\/web.umons.ac.be\/sante\/fr\/2022\/09\/22\/interuniversity-phd-student-day\/","og_site_name":"Institut \/ Sant\u00e9","article_published_time":"2022-09-22T15:07:38+00:00","article_modified_time":"2022-09-23T11:51:51+00:00","og_image":[{"width":2560,"height":1920,"url":"https:\/\/web.umons.ac.be\/app\/uploads\/sites\/35\/2022\/09\/laureate-UMONS-scaled.jpg","type":"image\/jpeg"}],"author":"Thomas Zwakhals","twitter_card":"summary_large_image","twitter_misc":{"\u00c9crit par":"Fr\u00e9d\u00e9rique Copp\u00e9e","Dur\u00e9e de lecture estim\u00e9e":"1 minute"},"schema":{"@context":"https:\/\/schema.org","@graph":[{"@type":"Article","@id":"https:\/\/web.umons.ac.be\/sante\/fr\/2022\/09\/22\/interuniversity-phd-student-day\/#article","isPartOf":{"@id":"https:\/\/web.umons.ac.be\/sante\/fr\/2022\/09\/22\/interuniversity-phd-student-day\/"},"author":{"name":"Thomas Zwakhals","@id":"https:\/\/web.umons.ac.be\/sante\/#\/schema\/person\/2c5648fb60875344628bc6664dfe02d1"},"headline":"Interuniversity PhD Student Day","datePublished":"2022-09-22T15:07:38+00:00","dateModified":"2022-09-23T11:51:51+00:00","mainEntityOfPage":{"@id":"https:\/\/web.umons.ac.be\/sante\/fr\/2022\/09\/22\/interuniversity-phd-student-day\/"},"wordCount":155,"commentCount":0,"image":{"@id":"https:\/\/web.umons.ac.be\/sante\/fr\/2022\/09\/22\/interuniversity-phd-student-day\/#primaryimage"},"thumbnailUrl":"https:\/\/web.umons.ac.be\/app\/uploads\/sites\/35\/2022\/09\/laureate-UMONS-scaled.jpg","articleSection":["Conf\u00e9rences\/Colloques","Prix, bourses et distinctions"],"inLanguage":"fr-FR","potentialAction":[{"@type":"CommentAction","name":"Comment","target":["https:\/\/web.umons.ac.be\/sante\/fr\/2022\/09\/22\/interuniversity-phd-student-day\/#respond"]}]},{"@type":"WebPage","@id":"https:\/\/web.umons.ac.be\/sante\/fr\/2022\/09\/22\/interuniversity-phd-student-day\/","url":"https:\/\/web.umons.ac.be\/sante\/fr\/2022\/09\/22\/interuniversity-phd-student-day\/","name":"Interuniversity PhD Student Day - Institut \/ Sant\u00e9","isPartOf":{"@id":"https:\/\/web.umons.ac.be\/sante\/#website"},"primaryImageOfPage":{"@id":"https:\/\/web.umons.ac.be\/sante\/fr\/2022\/09\/22\/interuniversity-phd-student-day\/#primaryimage"},"image":{"@id":"https:\/\/web.umons.ac.be\/sante\/fr\/2022\/09\/22\/interuniversity-phd-student-day\/#primaryimage"},"thumbnailUrl":"https:\/\/web.umons.ac.be\/app\/uploads\/sites\/35\/2022\/09\/laureate-UMONS-scaled.jpg","datePublished":"2022-09-22T15:07:38+00:00","dateModified":"2022-09-23T11:51:51+00:00","author":{"@id":"https:\/\/web.umons.ac.be\/sante\/#\/schema\/person\/2c5648fb60875344628bc6664dfe02d1"},"breadcrumb":{"@id":"https:\/\/web.umons.ac.be\/sante\/fr\/2022\/09\/22\/interuniversity-phd-student-day\/#breadcrumb"},"inLanguage":"fr-FR","potentialAction":[{"@type":"ReadAction","target":["https:\/\/web.umons.ac.be\/sante\/fr\/2022\/09\/22\/interuniversity-phd-student-day\/"]}]},{"@type":"ImageObject","inLanguage":"fr-FR","@id":"https:\/\/web.umons.ac.be\/sante\/fr\/2022\/09\/22\/interuniversity-phd-student-day\/#primaryimage","url":"https:\/\/web.umons.ac.be\/app\/uploads\/sites\/35\/2022\/09\/laureate-UMONS-scaled.jpg","contentUrl":"https:\/\/web.umons.ac.be\/app\/uploads\/sites\/35\/2022\/09\/laureate-UMONS-scaled.jpg","width":2560,"height":1920},{"@type":"BreadcrumbList","@id":"https:\/\/web.umons.ac.be\/sante\/fr\/2022\/09\/22\/interuniversity-phd-student-day\/#breadcrumb","itemListElement":[{"@type":"ListItem","position":1,"name":"Accueil","item":"https:\/\/web.umons.ac.be\/sante\/fr\/"},{"@type":"ListItem","position":2,"name":"Interuniversity PhD Student Day"}]},{"@type":"WebSite","@id":"https:\/\/web.umons.ac.be\/sante\/#website","url":"https:\/\/web.umons.ac.be\/sante\/","name":"Institut \/ Sant\u00e9","description":"Un site utilisant Universit\u00e9 de Mons \u2013 UMONS","potentialAction":[{"@type":"SearchAction","target":{"@type":"EntryPoint","urlTemplate":"https:\/\/web.umons.ac.be\/sante\/?s={search_term_string}"},"query-input":{"@type":"PropertyValueSpecification","valueRequired":true,"valueName":"search_term_string"}}],"inLanguage":"fr-FR"},{"@type":"Person","@id":"https:\/\/web.umons.ac.be\/sante\/#\/schema\/person\/2c5648fb60875344628bc6664dfe02d1","name":"Thomas Zwakhals","image":{"@type":"ImageObject","inLanguage":"fr-FR","@id":"https:\/\/secure.gravatar.com\/avatar\/00fead0d888f392626689cba89a0b0f6c81ef64683e42b82e9b44c0096ce4060?s=96&d=mm&r=g","url":"https:\/\/secure.gravatar.com\/avatar\/00fead0d888f392626689cba89a0b0f6c81ef64683e42b82e9b44c0096ce4060?s=96&d=mm&r=g","contentUrl":"https:\/\/secure.gravatar.com\/avatar\/00fead0d888f392626689cba89a0b0f6c81ef64683e42b82e9b44c0096ce4060?s=96&d=mm&r=g","caption":"Thomas Zwakhals"},"url":"https:\/\/web.umons.ac.be\/sante\/author\/tzwakhals\/"}]}},"lang":"fr","translations":{"fr":880},"pll_sync_post":[],"_links":{"self":[{"href":"https:\/\/web.umons.ac.be\/sante\/wp-json\/wp\/v2\/posts\/880","targetHints":{"allow":["GET"]}}],"collection":[{"href":"https:\/\/web.umons.ac.be\/sante\/wp-json\/wp\/v2\/posts"}],"about":[{"href":"https:\/\/web.umons.ac.be\/sante\/wp-json\/wp\/v2\/types\/post"}],"author":[{"embeddable":true,"href":"https:\/\/web.umons.ac.be\/sante\/wp-json\/wp\/v2\/users\/25"}],"replies":[{"embeddable":true,"href":"https:\/\/web.umons.ac.be\/sante\/wp-json\/wp\/v2\/comments?post=880"}],"version-history":[{"count":4,"href":"https:\/\/web.umons.ac.be\/sante\/wp-json\/wp\/v2\/posts\/880\/revisions"}],"predecessor-version":[{"id":889,"href":"https:\/\/web.umons.ac.be\/sante\/wp-json\/wp\/v2\/posts\/880\/revisions\/889"}],"wp:featuredmedia":[{"embeddable":true,"href":"https:\/\/web.umons.ac.be\/sante\/wp-json\/wp\/v2\/media\/881"}],"wp:attachment":[{"href":"https:\/\/web.umons.ac.be\/sante\/wp-json\/wp\/v2\/media?parent=880"}],"wp:term":[{"taxonomy":"category","embeddable":true,"href":"https:\/\/web.umons.ac.be\/sante\/wp-json\/wp\/v2\/categories?post=880"},{"taxonomy":"post_tag","embeddable":true,"href":"https:\/\/web.umons.ac.be\/sante\/wp-json\/wp\/v2\/tags?post=880"}],"curies":[{"name":"wp","href":"https:\/\/api.w.org\/{rel}","templated":true}]}}