{"id":59,"date":"2023-11-12T15:15:53","date_gmt":"2023-11-12T14:15:53","guid":{"rendered":"https:\/\/web.umons.ac.be\/seiia\/?p=59"},"modified":"2023-11-12T15:52:45","modified_gmt":"2023-11-12T14:52:45","slug":"seminaire-carme-junyent-sur-les-minorites-linguistiques-1ere-edition","status":"publish","type":"post","link":"https:\/\/web.umons.ac.be\/seiia\/fr\/2023\/11\/12\/seminaire-carme-junyent-sur-les-minorites-linguistiques-1ere-edition\/","title":{"rendered":"S\u00e9minaire \u00ab Carme Junyent \u00bb sur les minorit\u00e9s linguistiques, 1\u00e8re \u00e9dition"},"content":{"rendered":"\r\n<p>Le Service d\u2019\u00e9tudes ib\u00e9riques et ib\u00e9ro-am\u00e9ricaines et le Service d\u2019\u00e9tudes et de recherches sur l\u2019espace germanophone organisent la premi\u00e8re \u00e9dition du S\u00e9minaire \u00ab Carme Junyent \u00bb sur les minorit\u00e9s linguistiques de la FTI.\u00a0Ce s\u00e9minaire doit son nom \u00e0 la sociolinguiste catalane <a href=\"https:\/\/en.wikipedia.org\/wiki\/Carme_Junyent\">Carme Junyent. <\/a><\/p>\r\n<p>Carme Junyent fut sp\u00e9cialiste des langues africaines, responsable du prestigieux <a href=\"https:\/\/www.gela.cat\/doku.php?id=gela\">Groupe d\u2019\u00e9tudes sur les langues menac\u00e9es de l\u2019Universit\u00e9 de Barcelone<\/a> et chantre des droits linguistiques des catalanophones en Espagne. Atteinte d\u2019une maladie incurable dont elle est d\u00e9c\u00e9d\u00e9e le 3 septembre dernier, elle nous a laiss\u00e9, en guise de testament intellectuel, <a href=\"https:\/\/www.vilaweb.cat\/noticies\/morir-se-en-catala-carme-junyent\/\">un texte d\u2019une rare beaut\u00e9<\/a> sur le droit \u00e0 mourir dans sa langue.<br \/><br \/>Le S\u00e9minaire sur les minorit\u00e9s linguistiques, d\u2019une p\u00e9riodicit\u00e9 annuelle, est le r\u00e9sultat de la collaboration entre l\u2019UMONS et l<a href=\"https:\/\/www.llull.cat\/francais\/home\/index.cfm\">\u2019Institut Ramon Llull (IRL)<\/a>, organisme charg\u00e9 de la diffusion de la langue et de la culture catalanes \u00e0 travers le monde. La diffusion d\u2019activit\u00e9s de recherche en lien avec les politiques linguistiques et les droits des minorit\u00e9s fait \u00e9galement partie de son mandat.<br \/><br \/>Le sujet de cette premi\u00e8re \u00e9dition sera \u00ab Les autonomies culturelles en Europe de l\u2019Ouest \u00bb : nos conf\u00e9renciers invit\u00e9s seront <a href=\"https:\/\/www.serbski-institut.de\/en\/mitarbeiter\/dr-jean-remi-carbonneau\/\">R\u00e9mi Carbonneau<\/a> (Serbski institut, Bautzen, Allemagne), <a href=\"https:\/\/researchportal.vub.be\/en\/persons\/philipp-kr\u00e4mer\">Philipp Kr\u00e4mer<\/a> (VUB) et <a href=\"https:\/\/staff.umons.ac.be\/Juan.JIMENEZ-SALCEDO\/index.html\">Juan Jim\u00e9nez-Salcedo<\/a> (UMONS). Le format est simple : une premi\u00e8re prise de position des trois intervenants et un d\u00e9bat \u00e0 partir des sujets propos\u00e9s par <a href=\"https:\/\/staff.umons.ac.be\/beatrice.costa\/\">B\u00e9atrice Costa<\/a> (UMONS), qui mod\u00e9rera et animera la s\u00e9ance.<br \/><br \/>Philipp Kr\u00e4mer posera les jalons th\u00e9oriques du d\u00e9bat, avec un rappel de quelques termes de base en sociolinguistique des langues minoritaires (minorisation, droits linguistiques, h\u00e9g\u00e9monie linguistique, s\u00e9curit\u00e9 culturelle, substitution\u2026) et quelques renvois au cas concret des droits linguistiques en France. Viendra ensuite un bref aper\u00e7u du cas allemand, notamment en ce qui a trait \u00e0 la minorit\u00e9 de langue sorabe (R\u00e9mi Carbonneau) et un court expos\u00e9 sur la comparaison des r\u00e9gimes linguistiques espagnol et belge (Juan Jim\u00e9nez-Salcedo). Le dernier ouvrage de R\u00e9mi Carbonneau, <a href=\"https:\/\/www.puq.ca\/catalogue\/livres\/federalisme-legitimation-des-langues-minoritaires-4103.html\"><em>F\u00e9d\u00e9ralisme et l\u00e9gitimation des langues minoritaires. Le cas de la Lusace et des Pays catalans<\/em><\/a>, servira \u00e9galement de fil conducteur pour les d\u00e9bats.<br \/><br \/>La s\u00e9ance aura lieu le 23 novembre prochain, de 16h \u00e0 18h, \u00e0 la Salle Polyvalente de la FTI. L\u2019acc\u00e8s \u00e0 la s\u00e9ance est libre et gratuit, <a href=\"https:\/\/forms.office.com\/Pages\/ResponsePage.aspx?id=ne2LSKfW1Ui6H-vsOCOzV4tZ5bi8UUhFoxr2XLGI6Y9UQUdOM1NWUjhUS0VEUUtJWEc4TFhUMzdOUC4u\">l\u2019inscription au pr\u00e9alable<\/a> est vivement conseill\u00e9e.<br \/><br \/>Ce s\u00e9minaire est rendu possible gr\u00e2ce \u00e0 l\u2019aide financi\u00e8re de l<a href=\"https:\/\/web.umons.ac.be\/soci_e_ter\/en\/\">\u2019Institut Soci&amp;ter<\/a> et de l\u2019<a href=\"https:\/\/web.umons.ac.be\/langage\/fr\/\">Institut Langage<\/a>. L\u2019activit\u00e9 est propos\u00e9e en partenariat avec le Centre de recherche TELL de la FTI.<\/p>\r\n","protected":false},"excerpt":{"rendered":"<p>Le Service d\u2019\u00e9tudes ib\u00e9riques et ib\u00e9ro-am\u00e9ricaines et le Service d\u2019\u00e9tudes et de recherches sur l\u2019espace germanophone organisent la premi\u00e8re \u00e9dition du S\u00e9minaire \u00ab Carme Junyent \u00bb sur les minorit\u00e9s linguistiques de la FTI.\u00a0Ce s\u00e9minaire doit son nom \u00e0 la sociolinguiste catalane Carme Junyent. Carme Junyent fut sp\u00e9cialiste des langues africaines, responsable du prestigieux Groupe d\u2019\u00e9tudes [&hellip;]<\/p>\n","protected":false},"author":226,"featured_media":0,"comment_status":"open","ping_status":"open","sticky":false,"template":"","format":"standard","meta":{"footnotes":""},"categories":[15,33,48],"tags":[154,152,158,156,146,150,148],"class_list":["post-59","post","type-post","status-publish","format-standard","hentry","category-conferences-et-colloques","category-phd-college","category-recherche","tag-etudes-germaniques","tag-etudes-iberiques","tag-langue-catalane","tag-langue-sorabe","tag-langues-minorisees","tag-minorites","tag-politiques-linguistiques"],"yoast_head":"<!-- This site is optimized with the Yoast SEO plugin v27.2 - https:\/\/yoast.com\/product\/yoast-seo-wordpress\/ -->\n<title>S\u00e9minaire \u00ab Carme Junyent \u00bb sur les minorit\u00e9s linguistiques, 1\u00e8re \u00e9dition - Service \/ FTI-EII - \u00c9tudes ib\u00e9riques et ib\u00e9ro-am\u00e9ricaines<\/title>\n<meta name=\"description\" content=\"% S\u00e9minaire \u00ab Carme Junyent \u00bb sur les minorit\u00e9s linguistiques, 1\u00e8re \u00e9dition\" \/>\n<meta name=\"robots\" content=\"index, follow, max-snippet:-1, max-image-preview:large, max-video-preview:-1\" \/>\n<link rel=\"canonical\" href=\"https:\/\/web.umons.ac.be\/seiia\/fr\/2023\/11\/12\/seminaire-carme-junyent-sur-les-minorites-linguistiques-1ere-edition\/\" \/>\n<meta property=\"og:locale\" content=\"fr_FR\" \/>\n<meta property=\"og:type\" content=\"article\" \/>\n<meta property=\"og:title\" content=\"S\u00e9minaire \u00ab Carme Junyent \u00bb sur les minorit\u00e9s linguistiques, 1\u00e8re \u00e9dition - Service \/ FTI-EII - \u00c9tudes ib\u00e9riques et ib\u00e9ro-am\u00e9ricaines\" \/>\n<meta property=\"og:description\" content=\"% S\u00e9minaire \u00ab Carme Junyent \u00bb sur les minorit\u00e9s linguistiques, 1\u00e8re \u00e9dition\" \/>\n<meta property=\"og:url\" content=\"https:\/\/web.umons.ac.be\/seiia\/fr\/2023\/11\/12\/seminaire-carme-junyent-sur-les-minorites-linguistiques-1ere-edition\/\" \/>\n<meta property=\"og:site_name\" content=\"Service \/ FTI-EII - \u00c9tudes ib\u00e9riques et ib\u00e9ro-am\u00e9ricaines\" \/>\n<meta property=\"article:published_time\" content=\"2023-11-12T14:15:53+00:00\" \/>\n<meta property=\"article:modified_time\" content=\"2023-11-12T14:52:45+00:00\" \/>\n<meta name=\"author\" content=\"Jimenez-Salcedo Juan\" \/>\n<meta name=\"twitter:card\" content=\"summary_large_image\" \/>\n<meta name=\"twitter:label1\" content=\"\u00c9crit par\" \/>\n\t<meta name=\"twitter:data1\" content=\"Jimenez-Salcedo Juan\" \/>\n\t<meta name=\"twitter:label2\" content=\"Dur\u00e9e de lecture estim\u00e9e\" \/>\n\t<meta name=\"twitter:data2\" content=\"3 minutes\" \/>\n<script type=\"application\/ld+json\" class=\"yoast-schema-graph\">{\"@context\":\"https:\/\/schema.org\",\"@graph\":[{\"@type\":\"Article\",\"@id\":\"https:\/\/web.umons.ac.be\/seiia\/fr\/2023\/11\/12\/seminaire-carme-junyent-sur-les-minorites-linguistiques-1ere-edition\/#article\",\"isPartOf\":{\"@id\":\"https:\/\/web.umons.ac.be\/seiia\/fr\/2023\/11\/12\/seminaire-carme-junyent-sur-les-minorites-linguistiques-1ere-edition\/\"},\"author\":{\"name\":\"Jimenez-Salcedo Juan\",\"@id\":\"https:\/\/web.umons.ac.be\/seiia\/#\/schema\/person\/04a2057ac7ce3d00e55ec64d3ccb8032\"},\"headline\":\"S\u00e9minaire \u00ab Carme Junyent \u00bb sur les minorit\u00e9s linguistiques, 1\u00e8re \u00e9dition\",\"datePublished\":\"2023-11-12T14:15:53+00:00\",\"dateModified\":\"2023-11-12T14:52:45+00:00\",\"mainEntityOfPage\":{\"@id\":\"https:\/\/web.umons.ac.be\/seiia\/fr\/2023\/11\/12\/seminaire-carme-junyent-sur-les-minorites-linguistiques-1ere-edition\/\"},\"wordCount\":470,\"commentCount\":0,\"keywords\":[\"\u00e9tudes germaniques\",\"\u00e9tudes ib\u00e9riques\",\"langue catalane\",\"langue sorabe\",\"langues minoris\u00e9es\",\"minorit\u00e9s\",\"politiques linguistiques\"],\"articleSection\":[\"Conf\u00e9rences &amp; Colloques\",\"PhD College\",\"Recherche\"],\"inLanguage\":\"fr-FR\",\"potentialAction\":[{\"@type\":\"CommentAction\",\"name\":\"Comment\",\"target\":[\"https:\/\/web.umons.ac.be\/seiia\/fr\/2023\/11\/12\/seminaire-carme-junyent-sur-les-minorites-linguistiques-1ere-edition\/#respond\"]}]},{\"@type\":\"WebPage\",\"@id\":\"https:\/\/web.umons.ac.be\/seiia\/fr\/2023\/11\/12\/seminaire-carme-junyent-sur-les-minorites-linguistiques-1ere-edition\/\",\"url\":\"https:\/\/web.umons.ac.be\/seiia\/fr\/2023\/11\/12\/seminaire-carme-junyent-sur-les-minorites-linguistiques-1ere-edition\/\",\"name\":\"S\u00e9minaire \u00ab Carme Junyent \u00bb sur les minorit\u00e9s linguistiques, 1\u00e8re \u00e9dition - Service \/ FTI-EII - \u00c9tudes ib\u00e9riques et ib\u00e9ro-am\u00e9ricaines\",\"isPartOf\":{\"@id\":\"https:\/\/web.umons.ac.be\/seiia\/#website\"},\"datePublished\":\"2023-11-12T14:15:53+00:00\",\"dateModified\":\"2023-11-12T14:52:45+00:00\",\"author\":{\"@id\":\"https:\/\/web.umons.ac.be\/seiia\/#\/schema\/person\/04a2057ac7ce3d00e55ec64d3ccb8032\"},\"description\":\"% S\u00e9minaire \u00ab Carme Junyent \u00bb sur les minorit\u00e9s linguistiques, 1\u00e8re \u00e9dition\",\"breadcrumb\":{\"@id\":\"https:\/\/web.umons.ac.be\/seiia\/fr\/2023\/11\/12\/seminaire-carme-junyent-sur-les-minorites-linguistiques-1ere-edition\/#breadcrumb\"},\"inLanguage\":\"fr-FR\",\"potentialAction\":[{\"@type\":\"ReadAction\",\"target\":[\"https:\/\/web.umons.ac.be\/seiia\/fr\/2023\/11\/12\/seminaire-carme-junyent-sur-les-minorites-linguistiques-1ere-edition\/\"]}]},{\"@type\":\"BreadcrumbList\",\"@id\":\"https:\/\/web.umons.ac.be\/seiia\/fr\/2023\/11\/12\/seminaire-carme-junyent-sur-les-minorites-linguistiques-1ere-edition\/#breadcrumb\",\"itemListElement\":[{\"@type\":\"ListItem\",\"position\":1,\"name\":\"Accueil\",\"item\":\"https:\/\/web.umons.ac.be\/seiia\/fr\/\"},{\"@type\":\"ListItem\",\"position\":2,\"name\":\"S\u00e9minaire \u00ab Carme Junyent \u00bb sur les minorit\u00e9s linguistiques, 1\u00e8re \u00e9dition\"}]},{\"@type\":\"WebSite\",\"@id\":\"https:\/\/web.umons.ac.be\/seiia\/#website\",\"url\":\"https:\/\/web.umons.ac.be\/seiia\/\",\"name\":\"Service \/ FTI-EII - \u00c9tudes ib\u00e9riques et ib\u00e9ro-am\u00e9ricaines\",\"description\":\"\",\"potentialAction\":[{\"@type\":\"SearchAction\",\"target\":{\"@type\":\"EntryPoint\",\"urlTemplate\":\"https:\/\/web.umons.ac.be\/seiia\/?s={search_term_string}\"},\"query-input\":{\"@type\":\"PropertyValueSpecification\",\"valueRequired\":true,\"valueName\":\"search_term_string\"}}],\"inLanguage\":\"fr-FR\"},{\"@type\":\"Person\",\"@id\":\"https:\/\/web.umons.ac.be\/seiia\/#\/schema\/person\/04a2057ac7ce3d00e55ec64d3ccb8032\",\"name\":\"Jimenez-Salcedo Juan\",\"image\":{\"@type\":\"ImageObject\",\"inLanguage\":\"fr-FR\",\"@id\":\"https:\/\/secure.gravatar.com\/avatar\/246f1c22d4fe052e3f7d460db881a1f55afd0d9416601813b412c2bd5c5a43e7?s=96&d=mm&r=g\",\"url\":\"https:\/\/secure.gravatar.com\/avatar\/246f1c22d4fe052e3f7d460db881a1f55afd0d9416601813b412c2bd5c5a43e7?s=96&d=mm&r=g\",\"contentUrl\":\"https:\/\/secure.gravatar.com\/avatar\/246f1c22d4fe052e3f7d460db881a1f55afd0d9416601813b412c2bd5c5a43e7?s=96&d=mm&r=g\",\"caption\":\"Jimenez-Salcedo Juan\"},\"url\":\"https:\/\/web.umons.ac.be\/seiia\/author\/jjimenezsalcedo\/\"}]}<\/script>\n<!-- \/ Yoast SEO plugin. -->","yoast_head_json":{"title":"S\u00e9minaire \u00ab Carme Junyent \u00bb sur les minorit\u00e9s linguistiques, 1\u00e8re \u00e9dition - Service \/ FTI-EII - \u00c9tudes ib\u00e9riques et ib\u00e9ro-am\u00e9ricaines","description":"% S\u00e9minaire \u00ab Carme Junyent \u00bb sur les minorit\u00e9s linguistiques, 1\u00e8re \u00e9dition","robots":{"index":"index","follow":"follow","max-snippet":"max-snippet:-1","max-image-preview":"max-image-preview:large","max-video-preview":"max-video-preview:-1"},"canonical":"https:\/\/web.umons.ac.be\/seiia\/fr\/2023\/11\/12\/seminaire-carme-junyent-sur-les-minorites-linguistiques-1ere-edition\/","og_locale":"fr_FR","og_type":"article","og_title":"S\u00e9minaire \u00ab Carme Junyent \u00bb sur les minorit\u00e9s linguistiques, 1\u00e8re \u00e9dition - Service \/ FTI-EII - \u00c9tudes ib\u00e9riques et ib\u00e9ro-am\u00e9ricaines","og_description":"% S\u00e9minaire \u00ab Carme Junyent \u00bb sur les minorit\u00e9s linguistiques, 1\u00e8re \u00e9dition","og_url":"https:\/\/web.umons.ac.be\/seiia\/fr\/2023\/11\/12\/seminaire-carme-junyent-sur-les-minorites-linguistiques-1ere-edition\/","og_site_name":"Service \/ FTI-EII - \u00c9tudes ib\u00e9riques et ib\u00e9ro-am\u00e9ricaines","article_published_time":"2023-11-12T14:15:53+00:00","article_modified_time":"2023-11-12T14:52:45+00:00","author":"Jimenez-Salcedo Juan","twitter_card":"summary_large_image","twitter_misc":{"\u00c9crit par":"Jimenez-Salcedo Juan","Dur\u00e9e de lecture estim\u00e9e":"3 minutes"},"schema":{"@context":"https:\/\/schema.org","@graph":[{"@type":"Article","@id":"https:\/\/web.umons.ac.be\/seiia\/fr\/2023\/11\/12\/seminaire-carme-junyent-sur-les-minorites-linguistiques-1ere-edition\/#article","isPartOf":{"@id":"https:\/\/web.umons.ac.be\/seiia\/fr\/2023\/11\/12\/seminaire-carme-junyent-sur-les-minorites-linguistiques-1ere-edition\/"},"author":{"name":"Jimenez-Salcedo Juan","@id":"https:\/\/web.umons.ac.be\/seiia\/#\/schema\/person\/04a2057ac7ce3d00e55ec64d3ccb8032"},"headline":"S\u00e9minaire \u00ab Carme Junyent \u00bb sur les minorit\u00e9s linguistiques, 1\u00e8re \u00e9dition","datePublished":"2023-11-12T14:15:53+00:00","dateModified":"2023-11-12T14:52:45+00:00","mainEntityOfPage":{"@id":"https:\/\/web.umons.ac.be\/seiia\/fr\/2023\/11\/12\/seminaire-carme-junyent-sur-les-minorites-linguistiques-1ere-edition\/"},"wordCount":470,"commentCount":0,"keywords":["\u00e9tudes germaniques","\u00e9tudes ib\u00e9riques","langue catalane","langue sorabe","langues minoris\u00e9es","minorit\u00e9s","politiques linguistiques"],"articleSection":["Conf\u00e9rences &amp; Colloques","PhD College","Recherche"],"inLanguage":"fr-FR","potentialAction":[{"@type":"CommentAction","name":"Comment","target":["https:\/\/web.umons.ac.be\/seiia\/fr\/2023\/11\/12\/seminaire-carme-junyent-sur-les-minorites-linguistiques-1ere-edition\/#respond"]}]},{"@type":"WebPage","@id":"https:\/\/web.umons.ac.be\/seiia\/fr\/2023\/11\/12\/seminaire-carme-junyent-sur-les-minorites-linguistiques-1ere-edition\/","url":"https:\/\/web.umons.ac.be\/seiia\/fr\/2023\/11\/12\/seminaire-carme-junyent-sur-les-minorites-linguistiques-1ere-edition\/","name":"S\u00e9minaire \u00ab Carme Junyent \u00bb sur les minorit\u00e9s linguistiques, 1\u00e8re \u00e9dition - Service \/ FTI-EII - \u00c9tudes ib\u00e9riques et ib\u00e9ro-am\u00e9ricaines","isPartOf":{"@id":"https:\/\/web.umons.ac.be\/seiia\/#website"},"datePublished":"2023-11-12T14:15:53+00:00","dateModified":"2023-11-12T14:52:45+00:00","author":{"@id":"https:\/\/web.umons.ac.be\/seiia\/#\/schema\/person\/04a2057ac7ce3d00e55ec64d3ccb8032"},"description":"% S\u00e9minaire \u00ab Carme Junyent \u00bb sur les minorit\u00e9s linguistiques, 1\u00e8re \u00e9dition","breadcrumb":{"@id":"https:\/\/web.umons.ac.be\/seiia\/fr\/2023\/11\/12\/seminaire-carme-junyent-sur-les-minorites-linguistiques-1ere-edition\/#breadcrumb"},"inLanguage":"fr-FR","potentialAction":[{"@type":"ReadAction","target":["https:\/\/web.umons.ac.be\/seiia\/fr\/2023\/11\/12\/seminaire-carme-junyent-sur-les-minorites-linguistiques-1ere-edition\/"]}]},{"@type":"BreadcrumbList","@id":"https:\/\/web.umons.ac.be\/seiia\/fr\/2023\/11\/12\/seminaire-carme-junyent-sur-les-minorites-linguistiques-1ere-edition\/#breadcrumb","itemListElement":[{"@type":"ListItem","position":1,"name":"Accueil","item":"https:\/\/web.umons.ac.be\/seiia\/fr\/"},{"@type":"ListItem","position":2,"name":"S\u00e9minaire \u00ab Carme Junyent \u00bb sur les minorit\u00e9s linguistiques, 1\u00e8re \u00e9dition"}]},{"@type":"WebSite","@id":"https:\/\/web.umons.ac.be\/seiia\/#website","url":"https:\/\/web.umons.ac.be\/seiia\/","name":"Service \/ FTI-EII - \u00c9tudes ib\u00e9riques et ib\u00e9ro-am\u00e9ricaines","description":"","potentialAction":[{"@type":"SearchAction","target":{"@type":"EntryPoint","urlTemplate":"https:\/\/web.umons.ac.be\/seiia\/?s={search_term_string}"},"query-input":{"@type":"PropertyValueSpecification","valueRequired":true,"valueName":"search_term_string"}}],"inLanguage":"fr-FR"},{"@type":"Person","@id":"https:\/\/web.umons.ac.be\/seiia\/#\/schema\/person\/04a2057ac7ce3d00e55ec64d3ccb8032","name":"Jimenez-Salcedo Juan","image":{"@type":"ImageObject","inLanguage":"fr-FR","@id":"https:\/\/secure.gravatar.com\/avatar\/246f1c22d4fe052e3f7d460db881a1f55afd0d9416601813b412c2bd5c5a43e7?s=96&d=mm&r=g","url":"https:\/\/secure.gravatar.com\/avatar\/246f1c22d4fe052e3f7d460db881a1f55afd0d9416601813b412c2bd5c5a43e7?s=96&d=mm&r=g","contentUrl":"https:\/\/secure.gravatar.com\/avatar\/246f1c22d4fe052e3f7d460db881a1f55afd0d9416601813b412c2bd5c5a43e7?s=96&d=mm&r=g","caption":"Jimenez-Salcedo Juan"},"url":"https:\/\/web.umons.ac.be\/seiia\/author\/jjimenezsalcedo\/"}]}},"lang":"fr","translations":{"fr":59},"pll_sync_post":[],"_links":{"self":[{"href":"https:\/\/web.umons.ac.be\/seiia\/wp-json\/wp\/v2\/posts\/59","targetHints":{"allow":["GET"]}}],"collection":[{"href":"https:\/\/web.umons.ac.be\/seiia\/wp-json\/wp\/v2\/posts"}],"about":[{"href":"https:\/\/web.umons.ac.be\/seiia\/wp-json\/wp\/v2\/types\/post"}],"author":[{"embeddable":true,"href":"https:\/\/web.umons.ac.be\/seiia\/wp-json\/wp\/v2\/users\/226"}],"replies":[{"embeddable":true,"href":"https:\/\/web.umons.ac.be\/seiia\/wp-json\/wp\/v2\/comments?post=59"}],"version-history":[{"count":4,"href":"https:\/\/web.umons.ac.be\/seiia\/wp-json\/wp\/v2\/posts\/59\/revisions"}],"predecessor-version":[{"id":75,"href":"https:\/\/web.umons.ac.be\/seiia\/wp-json\/wp\/v2\/posts\/59\/revisions\/75"}],"wp:attachment":[{"href":"https:\/\/web.umons.ac.be\/seiia\/wp-json\/wp\/v2\/media?parent=59"}],"wp:term":[{"taxonomy":"category","embeddable":true,"href":"https:\/\/web.umons.ac.be\/seiia\/wp-json\/wp\/v2\/categories?post=59"},{"taxonomy":"post_tag","embeddable":true,"href":"https:\/\/web.umons.ac.be\/seiia\/wp-json\/wp\/v2\/tags?post=59"}],"curies":[{"name":"wp","href":"https:\/\/api.w.org\/{rel}","templated":true}]}}