{"id":2067,"date":"2024-04-17T09:58:11","date_gmt":"2024-04-17T07:58:11","guid":{"rendered":"https:\/\/web.umons.ac.be\/semf\/?p=2067"},"modified":"2024-04-17T09:58:11","modified_gmt":"2024-04-17T07:58:11","slug":"nouveau-chapitre-douvrage","status":"publish","type":"post","link":"https:\/\/web.umons.ac.be\/semf\/2024\/04\/17\/nouveau-chapitre-douvrage\/","title":{"rendered":"Nouveau chapitre d&rsquo;ouvrage !"},"content":{"rendered":"<p><a href=\"https:\/\/www.deboecksuperieur.com\/ouvrage\/9782807361300-la-place-du-terrain-dans-la-formation-initiale-des-enseignants\" target=\"_blank\" rel=\"noopener\"><img loading=\"lazy\" decoding=\"async\" class=\"alignnone size-full wp-image-2068\" src=\"https:\/\/web.umons.ac.be\/app\/uploads\/sites\/103\/2024\/04\/DeBoeck_placeduterrain.jpg\" alt=\"\" width=\"390\" height=\"585\" srcset=\"https:\/\/web.umons.ac.be\/app\/uploads\/sites\/103\/2024\/04\/DeBoeck_placeduterrain.jpg 390w, https:\/\/web.umons.ac.be\/app\/uploads\/sites\/103\/2024\/04\/DeBoeck_placeduterrain-200x300.jpg 200w, https:\/\/web.umons.ac.be\/app\/uploads\/sites\/103\/2024\/04\/DeBoeck_placeduterrain-30x45.jpg 30w, https:\/\/web.umons.ac.be\/app\/uploads\/sites\/103\/2024\/04\/DeBoeck_placeduterrain-40x60.jpg 40w, https:\/\/web.umons.ac.be\/app\/uploads\/sites\/103\/2024\/04\/DeBoeck_placeduterrain-360x540.jpg 360w\" sizes=\"auto, (max-width: 390px) 100vw, 390px\" \/><\/a><\/p>\n","protected":false},"excerpt":{"rendered":"<p>L&rsquo;INAS est heureux de vous annoncer la parution de l&rsquo;ouvrage \u00ab\u00a0La Place du terrain dans la formation initiale des enseignants\u00a0\u00bb dans lequel nos coll\u00e8gues Antoine Derobertmasure, Marie Bocquillon, Marc Demeuse, Laetitia Delbart et Christophe Baco ont sign\u00e9 un chapitre.<\/p>\n","protected":false},"author":122,"featured_media":2068,"comment_status":"closed","ping_status":"closed","sticky":false,"template":"","format":"standard","meta":{"footnotes":""},"categories":[17,138,47],"tags":[],"class_list":["post-2067","post","type-post","status-publish","format-standard","has-post-thumbnail","hentry","category-enseignement","category-publications","category-recherche"],"yoast_head":"<!-- This site is optimized with the Yoast SEO plugin v27.2 - https:\/\/yoast.com\/product\/yoast-seo-wordpress\/ -->\n<title>Nouveau chapitre d&#039;ouvrage ! - Service \/ FPSE - Sciences de l&#039;Enseignement et de la Formation<\/title>\n<meta name=\"robots\" content=\"index, follow, max-snippet:-1, max-image-preview:large, max-video-preview:-1\" \/>\n<link rel=\"canonical\" href=\"https:\/\/web.umons.ac.be\/semf\/2024\/04\/17\/nouveau-chapitre-douvrage\/\" \/>\n<meta property=\"og:locale\" content=\"fr_FR\" \/>\n<meta property=\"og:type\" content=\"article\" \/>\n<meta property=\"og:title\" content=\"Nouveau chapitre d&#039;ouvrage ! - Service \/ FPSE - Sciences de l&#039;Enseignement et de la Formation\" \/>\n<meta property=\"og:description\" content=\"L&#039;INAS est heureux de vous annoncer la parution de l&#039;ouvrage &quot;La Place du terrain dans la formation initiale des enseignants&quot; dans lequel nos coll\u00e8gues Antoine Derobertmasure, Marie Bocquillon, Marc Demeuse, Laetitia Delbart et Christophe Baco ont sign\u00e9 un chapitre.\" \/>\n<meta property=\"og:url\" content=\"https:\/\/web.umons.ac.be\/semf\/2024\/04\/17\/nouveau-chapitre-douvrage\/\" \/>\n<meta property=\"og:site_name\" content=\"Service \/ FPSE - Sciences de l&#039;Enseignement et de la Formation\" \/>\n<meta property=\"article:published_time\" content=\"2024-04-17T07:58:11+00:00\" \/>\n<meta property=\"og:image\" content=\"https:\/\/web.umons.ac.be\/app\/uploads\/sites\/103\/2024\/04\/DeBoeck_placeduterrain.jpg\" \/>\n\t<meta property=\"og:image:width\" content=\"390\" \/>\n\t<meta property=\"og:image:height\" content=\"585\" \/>\n\t<meta property=\"og:image:type\" content=\"image\/jpeg\" \/>\n<meta name=\"author\" content=\"Anne Senecal\" \/>\n<meta name=\"twitter:card\" content=\"summary_large_image\" \/>\n<meta name=\"twitter:label1\" content=\"\u00c9crit par\" \/>\n\t<meta name=\"twitter:data1\" content=\"Anne Senecal\" \/>\n\t<meta name=\"twitter:label2\" content=\"Dur\u00e9e de lecture estim\u00e9e\" \/>\n\t<meta name=\"twitter:data2\" content=\"1 minute\" \/>\n<script type=\"application\/ld+json\" class=\"yoast-schema-graph\">{\"@context\":\"https:\/\/schema.org\",\"@graph\":[{\"@type\":\"Article\",\"@id\":\"https:\/\/web.umons.ac.be\/semf\/2024\/04\/17\/nouveau-chapitre-douvrage\/#article\",\"isPartOf\":{\"@id\":\"https:\/\/web.umons.ac.be\/semf\/2024\/04\/17\/nouveau-chapitre-douvrage\/\"},\"author\":{\"name\":\"Anne Senecal\",\"@id\":\"https:\/\/web.umons.ac.be\/semf\/#\/schema\/person\/fc66023c009ec7e0a56ac48c64c3308f\"},\"headline\":\"Nouveau chapitre d&rsquo;ouvrage !\",\"datePublished\":\"2024-04-17T07:58:11+00:00\",\"mainEntityOfPage\":{\"@id\":\"https:\/\/web.umons.ac.be\/semf\/2024\/04\/17\/nouveau-chapitre-douvrage\/\"},\"wordCount\":4,\"publisher\":{\"@id\":\"https:\/\/web.umons.ac.be\/semf\/#organization\"},\"image\":{\"@id\":\"https:\/\/web.umons.ac.be\/semf\/2024\/04\/17\/nouveau-chapitre-douvrage\/#primaryimage\"},\"thumbnailUrl\":\"https:\/\/web.umons.ac.be\/app\/uploads\/sites\/103\/2024\/04\/DeBoeck_placeduterrain.jpg\",\"articleSection\":[\"Enseignement\",\"Publications\",\"Recherche\"],\"inLanguage\":\"fr-FR\"},{\"@type\":\"WebPage\",\"@id\":\"https:\/\/web.umons.ac.be\/semf\/2024\/04\/17\/nouveau-chapitre-douvrage\/\",\"url\":\"https:\/\/web.umons.ac.be\/semf\/2024\/04\/17\/nouveau-chapitre-douvrage\/\",\"name\":\"Nouveau chapitre d'ouvrage ! - Service \/ FPSE - Sciences de l&#039;Enseignement et de la Formation\",\"isPartOf\":{\"@id\":\"https:\/\/web.umons.ac.be\/semf\/#website\"},\"primaryImageOfPage\":{\"@id\":\"https:\/\/web.umons.ac.be\/semf\/2024\/04\/17\/nouveau-chapitre-douvrage\/#primaryimage\"},\"image\":{\"@id\":\"https:\/\/web.umons.ac.be\/semf\/2024\/04\/17\/nouveau-chapitre-douvrage\/#primaryimage\"},\"thumbnailUrl\":\"https:\/\/web.umons.ac.be\/app\/uploads\/sites\/103\/2024\/04\/DeBoeck_placeduterrain.jpg\",\"datePublished\":\"2024-04-17T07:58:11+00:00\",\"breadcrumb\":{\"@id\":\"https:\/\/web.umons.ac.be\/semf\/2024\/04\/17\/nouveau-chapitre-douvrage\/#breadcrumb\"},\"inLanguage\":\"fr-FR\",\"potentialAction\":[{\"@type\":\"ReadAction\",\"target\":[\"https:\/\/web.umons.ac.be\/semf\/2024\/04\/17\/nouveau-chapitre-douvrage\/\"]}]},{\"@type\":\"ImageObject\",\"inLanguage\":\"fr-FR\",\"@id\":\"https:\/\/web.umons.ac.be\/semf\/2024\/04\/17\/nouveau-chapitre-douvrage\/#primaryimage\",\"url\":\"https:\/\/web.umons.ac.be\/app\/uploads\/sites\/103\/2024\/04\/DeBoeck_placeduterrain.jpg\",\"contentUrl\":\"https:\/\/web.umons.ac.be\/app\/uploads\/sites\/103\/2024\/04\/DeBoeck_placeduterrain.jpg\",\"width\":390,\"height\":585},{\"@type\":\"BreadcrumbList\",\"@id\":\"https:\/\/web.umons.ac.be\/semf\/2024\/04\/17\/nouveau-chapitre-douvrage\/#breadcrumb\",\"itemListElement\":[{\"@type\":\"ListItem\",\"position\":1,\"name\":\"Home\",\"item\":\"https:\/\/web.umons.ac.be\/semf\/\"},{\"@type\":\"ListItem\",\"position\":2,\"name\":\"Nouveau chapitre d&rsquo;ouvrage !\"}]},{\"@type\":\"WebSite\",\"@id\":\"https:\/\/web.umons.ac.be\/semf\/#website\",\"url\":\"https:\/\/web.umons.ac.be\/semf\/\",\"name\":\"Service \/ FPSE - M\u00e9thodologie et formation\",\"description\":\"\",\"publisher\":{\"@id\":\"https:\/\/web.umons.ac.be\/semf\/#organization\"},\"potentialAction\":[{\"@type\":\"SearchAction\",\"target\":{\"@type\":\"EntryPoint\",\"urlTemplate\":\"https:\/\/web.umons.ac.be\/semf\/?s={search_term_string}\"},\"query-input\":{\"@type\":\"PropertyValueSpecification\",\"valueRequired\":true,\"valueName\":\"search_term_string\"}}],\"inLanguage\":\"fr-FR\"},{\"@type\":\"Organization\",\"@id\":\"https:\/\/web.umons.ac.be\/semf\/#organization\",\"name\":\"Service \/ FPSE - M\u00e9thodologie et formation\",\"url\":\"https:\/\/web.umons.ac.be\/semf\/\",\"logo\":{\"@type\":\"ImageObject\",\"inLanguage\":\"fr-FR\",\"@id\":\"https:\/\/web.umons.ac.be\/semf\/#\/schema\/logo\/image\/\",\"url\":\"https:\/\/web.umons.ac.be\/app\/uploads\/sites\/103\/2021\/11\/LOGOP316_Benoit-VANSCHOEBEKE.svg\",\"contentUrl\":\"https:\/\/web.umons.ac.be\/app\/uploads\/sites\/103\/2021\/11\/LOGOP316_Benoit-VANSCHOEBEKE.svg\",\"width\":1,\"height\":1,\"caption\":\"Service \/ FPSE - M\u00e9thodologie et formation\"},\"image\":{\"@id\":\"https:\/\/web.umons.ac.be\/semf\/#\/schema\/logo\/image\/\"}},{\"@type\":\"Person\",\"@id\":\"https:\/\/web.umons.ac.be\/semf\/#\/schema\/person\/fc66023c009ec7e0a56ac48c64c3308f\",\"name\":\"Anne Senecal\",\"image\":{\"@type\":\"ImageObject\",\"inLanguage\":\"fr-FR\",\"@id\":\"https:\/\/secure.gravatar.com\/avatar\/f8cb2fee72dd926957939b5a98c78efc8cd4e751b381ab45ce15a5275acf1119?s=96&d=mm&r=g\",\"url\":\"https:\/\/secure.gravatar.com\/avatar\/f8cb2fee72dd926957939b5a98c78efc8cd4e751b381ab45ce15a5275acf1119?s=96&d=mm&r=g\",\"contentUrl\":\"https:\/\/secure.gravatar.com\/avatar\/f8cb2fee72dd926957939b5a98c78efc8cd4e751b381ab45ce15a5275acf1119?s=96&d=mm&r=g\",\"caption\":\"Anne Senecal\"},\"url\":\"https:\/\/web.umons.ac.be\/semf\/author\/asenecal\/\"}]}<\/script>\n<!-- \/ Yoast SEO plugin. -->","yoast_head_json":{"title":"Nouveau chapitre d'ouvrage ! - Service \/ FPSE - Sciences de l&#039;Enseignement et de la Formation","robots":{"index":"index","follow":"follow","max-snippet":"max-snippet:-1","max-image-preview":"max-image-preview:large","max-video-preview":"max-video-preview:-1"},"canonical":"https:\/\/web.umons.ac.be\/semf\/2024\/04\/17\/nouveau-chapitre-douvrage\/","og_locale":"fr_FR","og_type":"article","og_title":"Nouveau chapitre d'ouvrage ! - Service \/ FPSE - Sciences de l&#039;Enseignement et de la Formation","og_description":"L'INAS est heureux de vous annoncer la parution de l'ouvrage \"La Place du terrain dans la formation initiale des enseignants\" dans lequel nos coll\u00e8gues Antoine Derobertmasure, Marie Bocquillon, Marc Demeuse, Laetitia Delbart et Christophe Baco ont sign\u00e9 un chapitre.","og_url":"https:\/\/web.umons.ac.be\/semf\/2024\/04\/17\/nouveau-chapitre-douvrage\/","og_site_name":"Service \/ FPSE - Sciences de l&#039;Enseignement et de la Formation","article_published_time":"2024-04-17T07:58:11+00:00","og_image":[{"width":390,"height":585,"url":"https:\/\/web.umons.ac.be\/app\/uploads\/sites\/103\/2024\/04\/DeBoeck_placeduterrain.jpg","type":"image\/jpeg"}],"author":"Anne Senecal","twitter_card":"summary_large_image","twitter_misc":{"\u00c9crit par":"Anne Senecal","Dur\u00e9e de lecture estim\u00e9e":"1 minute"},"schema":{"@context":"https:\/\/schema.org","@graph":[{"@type":"Article","@id":"https:\/\/web.umons.ac.be\/semf\/2024\/04\/17\/nouveau-chapitre-douvrage\/#article","isPartOf":{"@id":"https:\/\/web.umons.ac.be\/semf\/2024\/04\/17\/nouveau-chapitre-douvrage\/"},"author":{"name":"Anne Senecal","@id":"https:\/\/web.umons.ac.be\/semf\/#\/schema\/person\/fc66023c009ec7e0a56ac48c64c3308f"},"headline":"Nouveau chapitre d&rsquo;ouvrage !","datePublished":"2024-04-17T07:58:11+00:00","mainEntityOfPage":{"@id":"https:\/\/web.umons.ac.be\/semf\/2024\/04\/17\/nouveau-chapitre-douvrage\/"},"wordCount":4,"publisher":{"@id":"https:\/\/web.umons.ac.be\/semf\/#organization"},"image":{"@id":"https:\/\/web.umons.ac.be\/semf\/2024\/04\/17\/nouveau-chapitre-douvrage\/#primaryimage"},"thumbnailUrl":"https:\/\/web.umons.ac.be\/app\/uploads\/sites\/103\/2024\/04\/DeBoeck_placeduterrain.jpg","articleSection":["Enseignement","Publications","Recherche"],"inLanguage":"fr-FR"},{"@type":"WebPage","@id":"https:\/\/web.umons.ac.be\/semf\/2024\/04\/17\/nouveau-chapitre-douvrage\/","url":"https:\/\/web.umons.ac.be\/semf\/2024\/04\/17\/nouveau-chapitre-douvrage\/","name":"Nouveau chapitre d'ouvrage ! - Service \/ FPSE - Sciences de l&#039;Enseignement et de la Formation","isPartOf":{"@id":"https:\/\/web.umons.ac.be\/semf\/#website"},"primaryImageOfPage":{"@id":"https:\/\/web.umons.ac.be\/semf\/2024\/04\/17\/nouveau-chapitre-douvrage\/#primaryimage"},"image":{"@id":"https:\/\/web.umons.ac.be\/semf\/2024\/04\/17\/nouveau-chapitre-douvrage\/#primaryimage"},"thumbnailUrl":"https:\/\/web.umons.ac.be\/app\/uploads\/sites\/103\/2024\/04\/DeBoeck_placeduterrain.jpg","datePublished":"2024-04-17T07:58:11+00:00","breadcrumb":{"@id":"https:\/\/web.umons.ac.be\/semf\/2024\/04\/17\/nouveau-chapitre-douvrage\/#breadcrumb"},"inLanguage":"fr-FR","potentialAction":[{"@type":"ReadAction","target":["https:\/\/web.umons.ac.be\/semf\/2024\/04\/17\/nouveau-chapitre-douvrage\/"]}]},{"@type":"ImageObject","inLanguage":"fr-FR","@id":"https:\/\/web.umons.ac.be\/semf\/2024\/04\/17\/nouveau-chapitre-douvrage\/#primaryimage","url":"https:\/\/web.umons.ac.be\/app\/uploads\/sites\/103\/2024\/04\/DeBoeck_placeduterrain.jpg","contentUrl":"https:\/\/web.umons.ac.be\/app\/uploads\/sites\/103\/2024\/04\/DeBoeck_placeduterrain.jpg","width":390,"height":585},{"@type":"BreadcrumbList","@id":"https:\/\/web.umons.ac.be\/semf\/2024\/04\/17\/nouveau-chapitre-douvrage\/#breadcrumb","itemListElement":[{"@type":"ListItem","position":1,"name":"Home","item":"https:\/\/web.umons.ac.be\/semf\/"},{"@type":"ListItem","position":2,"name":"Nouveau chapitre d&rsquo;ouvrage !"}]},{"@type":"WebSite","@id":"https:\/\/web.umons.ac.be\/semf\/#website","url":"https:\/\/web.umons.ac.be\/semf\/","name":"Service \/ FPSE - M\u00e9thodologie et formation","description":"","publisher":{"@id":"https:\/\/web.umons.ac.be\/semf\/#organization"},"potentialAction":[{"@type":"SearchAction","target":{"@type":"EntryPoint","urlTemplate":"https:\/\/web.umons.ac.be\/semf\/?s={search_term_string}"},"query-input":{"@type":"PropertyValueSpecification","valueRequired":true,"valueName":"search_term_string"}}],"inLanguage":"fr-FR"},{"@type":"Organization","@id":"https:\/\/web.umons.ac.be\/semf\/#organization","name":"Service \/ FPSE - M\u00e9thodologie et formation","url":"https:\/\/web.umons.ac.be\/semf\/","logo":{"@type":"ImageObject","inLanguage":"fr-FR","@id":"https:\/\/web.umons.ac.be\/semf\/#\/schema\/logo\/image\/","url":"https:\/\/web.umons.ac.be\/app\/uploads\/sites\/103\/2021\/11\/LOGOP316_Benoit-VANSCHOEBEKE.svg","contentUrl":"https:\/\/web.umons.ac.be\/app\/uploads\/sites\/103\/2021\/11\/LOGOP316_Benoit-VANSCHOEBEKE.svg","width":1,"height":1,"caption":"Service \/ FPSE - M\u00e9thodologie et formation"},"image":{"@id":"https:\/\/web.umons.ac.be\/semf\/#\/schema\/logo\/image\/"}},{"@type":"Person","@id":"https:\/\/web.umons.ac.be\/semf\/#\/schema\/person\/fc66023c009ec7e0a56ac48c64c3308f","name":"Anne Senecal","image":{"@type":"ImageObject","inLanguage":"fr-FR","@id":"https:\/\/secure.gravatar.com\/avatar\/f8cb2fee72dd926957939b5a98c78efc8cd4e751b381ab45ce15a5275acf1119?s=96&d=mm&r=g","url":"https:\/\/secure.gravatar.com\/avatar\/f8cb2fee72dd926957939b5a98c78efc8cd4e751b381ab45ce15a5275acf1119?s=96&d=mm&r=g","contentUrl":"https:\/\/secure.gravatar.com\/avatar\/f8cb2fee72dd926957939b5a98c78efc8cd4e751b381ab45ce15a5275acf1119?s=96&d=mm&r=g","caption":"Anne Senecal"},"url":"https:\/\/web.umons.ac.be\/semf\/author\/asenecal\/"}]}},"lang":"fr","translations":{"fr":2067},"pll_sync_post":[],"_links":{"self":[{"href":"https:\/\/web.umons.ac.be\/semf\/wp-json\/wp\/v2\/posts\/2067","targetHints":{"allow":["GET"]}}],"collection":[{"href":"https:\/\/web.umons.ac.be\/semf\/wp-json\/wp\/v2\/posts"}],"about":[{"href":"https:\/\/web.umons.ac.be\/semf\/wp-json\/wp\/v2\/types\/post"}],"author":[{"embeddable":true,"href":"https:\/\/web.umons.ac.be\/semf\/wp-json\/wp\/v2\/users\/122"}],"replies":[{"embeddable":true,"href":"https:\/\/web.umons.ac.be\/semf\/wp-json\/wp\/v2\/comments?post=2067"}],"version-history":[{"count":3,"href":"https:\/\/web.umons.ac.be\/semf\/wp-json\/wp\/v2\/posts\/2067\/revisions"}],"predecessor-version":[{"id":2071,"href":"https:\/\/web.umons.ac.be\/semf\/wp-json\/wp\/v2\/posts\/2067\/revisions\/2071"}],"wp:featuredmedia":[{"embeddable":true,"href":"https:\/\/web.umons.ac.be\/semf\/wp-json\/wp\/v2\/media\/2068"}],"wp:attachment":[{"href":"https:\/\/web.umons.ac.be\/semf\/wp-json\/wp\/v2\/media?parent=2067"}],"wp:term":[{"taxonomy":"category","embeddable":true,"href":"https:\/\/web.umons.ac.be\/semf\/wp-json\/wp\/v2\/categories?post=2067"},{"taxonomy":"post_tag","embeddable":true,"href":"https:\/\/web.umons.ac.be\/semf\/wp-json\/wp\/v2\/tags?post=2067"}],"curies":[{"name":"wp","href":"https:\/\/api.w.org\/{rel}","templated":true}]}}