{"id":3234,"date":"2026-03-23T15:36:31","date_gmt":"2026-03-23T14:36:31","guid":{"rendered":"https:\/\/web.umons.ac.be\/semf\/?p=3234"},"modified":"2026-03-23T15:36:31","modified_gmt":"2026-03-23T14:36:31","slug":"cathy-perret-de-lube-a-anime-un-seminaire-portant-sur-la-lutte-contre-la-precarite-etudiante","status":"publish","type":"post","link":"https:\/\/web.umons.ac.be\/semf\/2026\/03\/23\/cathy-perret-de-lube-a-anime-un-seminaire-portant-sur-la-lutte-contre-la-precarite-etudiante\/","title":{"rendered":"Cathy Perret de l&rsquo;UBE a anim\u00e9 un s\u00e9minaire portant sur la lutte contre la pr\u00e9carit\u00e9 \u00e9tudiante."},"content":{"rendered":"<p>Apr\u00e8s une premi\u00e8re partie consacr\u00e9e \u00e0 la probl\u00e9matique dans le contexte fran\u00e7ais, Cathy Perret, a partag\u00e9 une s\u00e9rie de dispositifs mis en place dans plusieurs universit\u00e9s fran\u00e7aises et tout particuli\u00e8rement \u00e0 l\u2019UBE. Le s\u00e9minaire s\u2019est conclu par un temps d\u2019\u00e9changes et de r\u00e9flexion avec les diff\u00e9rents participants pr\u00e9sents, majoritairement issus de services d\u00e9vou\u00e9s \u00e0 l\u2019accompagnement des \u00e9tudiants de l\u2019enseignement sup\u00e9rieur montois.<\/p>\n<p>Si vous souhaitez en savoir plus sur ce qui se fait \u00e0 l\u2019UBE pour accompagner la r\u00e9ussite des \u00e9tudiants, consultez le lien suivant\u00a0: <u><a href=\"https:\/\/www.cahiers-pedagogiques.com\/un-coup-de-pouce-pour-reussir\/\">Un coup de pouce pour r\u00e9ussir &#8211; Les Cahiers p\u00e9dagogiques<\/a><\/u><\/p>\n<p><img loading=\"lazy\" decoding=\"async\" class=\"alignnone size-full wp-image-3237\" src=\"https:\/\/web.umons.ac.be\/app\/uploads\/sites\/103\/2026\/03\/02bf4b05-b13a-494a-9ea3-fd27f8c1cced.jpg\" alt=\"\" width=\"1536\" height=\"2048\" srcset=\"https:\/\/web.umons.ac.be\/app\/uploads\/sites\/103\/2026\/03\/02bf4b05-b13a-494a-9ea3-fd27f8c1cced.jpg 1536w, https:\/\/web.umons.ac.be\/app\/uploads\/sites\/103\/2026\/03\/02bf4b05-b13a-494a-9ea3-fd27f8c1cced-225x300.jpg 225w, https:\/\/web.umons.ac.be\/app\/uploads\/sites\/103\/2026\/03\/02bf4b05-b13a-494a-9ea3-fd27f8c1cced-768x1024.jpg 768w, https:\/\/web.umons.ac.be\/app\/uploads\/sites\/103\/2026\/03\/02bf4b05-b13a-494a-9ea3-fd27f8c1cced-1152x1536.jpg 1152w, https:\/\/web.umons.ac.be\/app\/uploads\/sites\/103\/2026\/03\/02bf4b05-b13a-494a-9ea3-fd27f8c1cced-495x660.jpg 495w, https:\/\/web.umons.ac.be\/app\/uploads\/sites\/103\/2026\/03\/02bf4b05-b13a-494a-9ea3-fd27f8c1cced-30x40.jpg 30w, https:\/\/web.umons.ac.be\/app\/uploads\/sites\/103\/2026\/03\/02bf4b05-b13a-494a-9ea3-fd27f8c1cced-45x60.jpg 45w, https:\/\/web.umons.ac.be\/app\/uploads\/sites\/103\/2026\/03\/02bf4b05-b13a-494a-9ea3-fd27f8c1cced-360x480.jpg 360w\" sizes=\"auto, (max-width: 1536px) 100vw, 1536px\" \/><\/p>\n","protected":false},"excerpt":{"rendered":"<p>Ce jeudi 19 f\u00e9vrier, le Service des Sciences de l&rsquo;Enseignement et de la Formation a eu le plaisir d&rsquo;accueillir Cathy Perret, ing\u00e9nieure de recherche au sein de l\u2019IREDU (Institut de Recherche en \u00c9ducation) \u00e0 l\u2019Universit\u00e9 de Bourgogne-Europe (UBE), pour un s\u00e9minaire portant sur la lutte contre la pr\u00e9carit\u00e9 \u00e9tudiante.<\/p>\n","protected":false},"author":122,"featured_media":3238,"comment_status":"closed","ping_status":"closed","sticky":false,"template":"","format":"standard","meta":{"footnotes":""},"categories":[47],"tags":[],"class_list":["post-3234","post","type-post","status-publish","format-standard","has-post-thumbnail","hentry","category-recherche"],"yoast_head":"<!-- This site is optimized with the Yoast SEO plugin v27.2 - https:\/\/yoast.com\/product\/yoast-seo-wordpress\/ -->\n<title>Cathy Perret de l&#039;UBE a anim\u00e9 un s\u00e9minaire portant sur la lutte contre la pr\u00e9carit\u00e9 \u00e9tudiante. - Service \/ FPSE - Sciences de l&#039;Enseignement et de la Formation<\/title>\n<meta name=\"robots\" content=\"index, follow, max-snippet:-1, max-image-preview:large, max-video-preview:-1\" \/>\n<link rel=\"canonical\" href=\"https:\/\/web.umons.ac.be\/semf\/2026\/03\/23\/cathy-perret-de-lube-a-anime-un-seminaire-portant-sur-la-lutte-contre-la-precarite-etudiante\/\" \/>\n<meta property=\"og:locale\" content=\"fr_FR\" \/>\n<meta property=\"og:type\" content=\"article\" \/>\n<meta property=\"og:title\" content=\"Cathy Perret de l&#039;UBE a anim\u00e9 un s\u00e9minaire portant sur la lutte contre la pr\u00e9carit\u00e9 \u00e9tudiante. - Service \/ FPSE - Sciences de l&#039;Enseignement et de la Formation\" \/>\n<meta property=\"og:description\" content=\"Ce jeudi 19 f\u00e9vrier, le Service des Sciences de l&#039;Enseignement et de la Formation a eu le plaisir d&#039;accueillir Cathy Perret, ing\u00e9nieure de recherche au sein de l\u2019IREDU (Institut de Recherche en \u00c9ducation) \u00e0 l\u2019Universit\u00e9 de Bourgogne-Europe (UBE), pour un s\u00e9minaire portant sur la lutte contre la pr\u00e9carit\u00e9 \u00e9tudiante.\" \/>\n<meta property=\"og:url\" content=\"https:\/\/web.umons.ac.be\/semf\/2026\/03\/23\/cathy-perret-de-lube-a-anime-un-seminaire-portant-sur-la-lutte-contre-la-precarite-etudiante\/\" \/>\n<meta property=\"og:site_name\" content=\"Service \/ FPSE - Sciences de l&#039;Enseignement et de la Formation\" \/>\n<meta property=\"article:published_time\" content=\"2026-03-23T14:36:31+00:00\" \/>\n<meta property=\"og:image\" content=\"https:\/\/web.umons.ac.be\/app\/uploads\/sites\/103\/2026\/03\/1000029582-scaled.jpg\" \/>\n\t<meta property=\"og:image:width\" content=\"2560\" \/>\n\t<meta property=\"og:image:height\" content=\"1928\" \/>\n\t<meta property=\"og:image:type\" content=\"image\/jpeg\" \/>\n<meta name=\"author\" content=\"Anne Senecal\" \/>\n<meta name=\"twitter:card\" content=\"summary_large_image\" \/>\n<meta name=\"twitter:label1\" content=\"\u00c9crit par\" \/>\n\t<meta name=\"twitter:data1\" content=\"Anne Senecal\" \/>\n\t<meta name=\"twitter:label2\" content=\"Dur\u00e9e de lecture estim\u00e9e\" \/>\n\t<meta name=\"twitter:data2\" content=\"1 minute\" \/>\n<script type=\"application\/ld+json\" class=\"yoast-schema-graph\">{\"@context\":\"https:\/\/schema.org\",\"@graph\":[{\"@type\":\"Article\",\"@id\":\"https:\/\/web.umons.ac.be\/semf\/2026\/03\/23\/cathy-perret-de-lube-a-anime-un-seminaire-portant-sur-la-lutte-contre-la-precarite-etudiante\/#article\",\"isPartOf\":{\"@id\":\"https:\/\/web.umons.ac.be\/semf\/2026\/03\/23\/cathy-perret-de-lube-a-anime-un-seminaire-portant-sur-la-lutte-contre-la-precarite-etudiante\/\"},\"author\":{\"name\":\"Anne Senecal\",\"@id\":\"https:\/\/web.umons.ac.be\/semf\/#\/schema\/person\/fc66023c009ec7e0a56ac48c64c3308f\"},\"headline\":\"Cathy Perret de l&rsquo;UBE a anim\u00e9 un s\u00e9minaire portant sur la lutte contre la pr\u00e9carit\u00e9 \u00e9tudiante.\",\"datePublished\":\"2026-03-23T14:36:31+00:00\",\"mainEntityOfPage\":{\"@id\":\"https:\/\/web.umons.ac.be\/semf\/2026\/03\/23\/cathy-perret-de-lube-a-anime-un-seminaire-portant-sur-la-lutte-contre-la-precarite-etudiante\/\"},\"wordCount\":134,\"publisher\":{\"@id\":\"https:\/\/web.umons.ac.be\/semf\/#organization\"},\"image\":{\"@id\":\"https:\/\/web.umons.ac.be\/semf\/2026\/03\/23\/cathy-perret-de-lube-a-anime-un-seminaire-portant-sur-la-lutte-contre-la-precarite-etudiante\/#primaryimage\"},\"thumbnailUrl\":\"https:\/\/web.umons.ac.be\/app\/uploads\/sites\/103\/2026\/03\/1000029582-scaled.jpg\",\"articleSection\":[\"Recherche\"],\"inLanguage\":\"fr-FR\"},{\"@type\":\"WebPage\",\"@id\":\"https:\/\/web.umons.ac.be\/semf\/2026\/03\/23\/cathy-perret-de-lube-a-anime-un-seminaire-portant-sur-la-lutte-contre-la-precarite-etudiante\/\",\"url\":\"https:\/\/web.umons.ac.be\/semf\/2026\/03\/23\/cathy-perret-de-lube-a-anime-un-seminaire-portant-sur-la-lutte-contre-la-precarite-etudiante\/\",\"name\":\"Cathy Perret de l'UBE a anim\u00e9 un s\u00e9minaire portant sur la lutte contre la pr\u00e9carit\u00e9 \u00e9tudiante. - Service \/ FPSE - Sciences de l&#039;Enseignement et de la Formation\",\"isPartOf\":{\"@id\":\"https:\/\/web.umons.ac.be\/semf\/#website\"},\"primaryImageOfPage\":{\"@id\":\"https:\/\/web.umons.ac.be\/semf\/2026\/03\/23\/cathy-perret-de-lube-a-anime-un-seminaire-portant-sur-la-lutte-contre-la-precarite-etudiante\/#primaryimage\"},\"image\":{\"@id\":\"https:\/\/web.umons.ac.be\/semf\/2026\/03\/23\/cathy-perret-de-lube-a-anime-un-seminaire-portant-sur-la-lutte-contre-la-precarite-etudiante\/#primaryimage\"},\"thumbnailUrl\":\"https:\/\/web.umons.ac.be\/app\/uploads\/sites\/103\/2026\/03\/1000029582-scaled.jpg\",\"datePublished\":\"2026-03-23T14:36:31+00:00\",\"breadcrumb\":{\"@id\":\"https:\/\/web.umons.ac.be\/semf\/2026\/03\/23\/cathy-perret-de-lube-a-anime-un-seminaire-portant-sur-la-lutte-contre-la-precarite-etudiante\/#breadcrumb\"},\"inLanguage\":\"fr-FR\",\"potentialAction\":[{\"@type\":\"ReadAction\",\"target\":[\"https:\/\/web.umons.ac.be\/semf\/2026\/03\/23\/cathy-perret-de-lube-a-anime-un-seminaire-portant-sur-la-lutte-contre-la-precarite-etudiante\/\"]}]},{\"@type\":\"ImageObject\",\"inLanguage\":\"fr-FR\",\"@id\":\"https:\/\/web.umons.ac.be\/semf\/2026\/03\/23\/cathy-perret-de-lube-a-anime-un-seminaire-portant-sur-la-lutte-contre-la-precarite-etudiante\/#primaryimage\",\"url\":\"https:\/\/web.umons.ac.be\/app\/uploads\/sites\/103\/2026\/03\/1000029582-scaled.jpg\",\"contentUrl\":\"https:\/\/web.umons.ac.be\/app\/uploads\/sites\/103\/2026\/03\/1000029582-scaled.jpg\",\"width\":2560,\"height\":1928},{\"@type\":\"BreadcrumbList\",\"@id\":\"https:\/\/web.umons.ac.be\/semf\/2026\/03\/23\/cathy-perret-de-lube-a-anime-un-seminaire-portant-sur-la-lutte-contre-la-precarite-etudiante\/#breadcrumb\",\"itemListElement\":[{\"@type\":\"ListItem\",\"position\":1,\"name\":\"Home\",\"item\":\"https:\/\/web.umons.ac.be\/semf\/\"},{\"@type\":\"ListItem\",\"position\":2,\"name\":\"Cathy Perret de l&rsquo;UBE a anim\u00e9 un s\u00e9minaire portant sur la lutte contre la pr\u00e9carit\u00e9 \u00e9tudiante.\"}]},{\"@type\":\"WebSite\",\"@id\":\"https:\/\/web.umons.ac.be\/semf\/#website\",\"url\":\"https:\/\/web.umons.ac.be\/semf\/\",\"name\":\"Service \/ FPSE - M\u00e9thodologie et formation\",\"description\":\"\",\"publisher\":{\"@id\":\"https:\/\/web.umons.ac.be\/semf\/#organization\"},\"potentialAction\":[{\"@type\":\"SearchAction\",\"target\":{\"@type\":\"EntryPoint\",\"urlTemplate\":\"https:\/\/web.umons.ac.be\/semf\/?s={search_term_string}\"},\"query-input\":{\"@type\":\"PropertyValueSpecification\",\"valueRequired\":true,\"valueName\":\"search_term_string\"}}],\"inLanguage\":\"fr-FR\"},{\"@type\":\"Organization\",\"@id\":\"https:\/\/web.umons.ac.be\/semf\/#organization\",\"name\":\"Service \/ FPSE - M\u00e9thodologie et formation\",\"url\":\"https:\/\/web.umons.ac.be\/semf\/\",\"logo\":{\"@type\":\"ImageObject\",\"inLanguage\":\"fr-FR\",\"@id\":\"https:\/\/web.umons.ac.be\/semf\/#\/schema\/logo\/image\/\",\"url\":\"https:\/\/web.umons.ac.be\/app\/uploads\/sites\/103\/2021\/11\/LOGOP316_Benoit-VANSCHOEBEKE.svg\",\"contentUrl\":\"https:\/\/web.umons.ac.be\/app\/uploads\/sites\/103\/2021\/11\/LOGOP316_Benoit-VANSCHOEBEKE.svg\",\"width\":1,\"height\":1,\"caption\":\"Service \/ FPSE - M\u00e9thodologie et formation\"},\"image\":{\"@id\":\"https:\/\/web.umons.ac.be\/semf\/#\/schema\/logo\/image\/\"}},{\"@type\":\"Person\",\"@id\":\"https:\/\/web.umons.ac.be\/semf\/#\/schema\/person\/fc66023c009ec7e0a56ac48c64c3308f\",\"name\":\"Anne Senecal\",\"image\":{\"@type\":\"ImageObject\",\"inLanguage\":\"fr-FR\",\"@id\":\"https:\/\/secure.gravatar.com\/avatar\/f8cb2fee72dd926957939b5a98c78efc8cd4e751b381ab45ce15a5275acf1119?s=96&d=mm&r=g\",\"url\":\"https:\/\/secure.gravatar.com\/avatar\/f8cb2fee72dd926957939b5a98c78efc8cd4e751b381ab45ce15a5275acf1119?s=96&d=mm&r=g\",\"contentUrl\":\"https:\/\/secure.gravatar.com\/avatar\/f8cb2fee72dd926957939b5a98c78efc8cd4e751b381ab45ce15a5275acf1119?s=96&d=mm&r=g\",\"caption\":\"Anne Senecal\"},\"url\":\"https:\/\/web.umons.ac.be\/semf\/author\/asenecal\/\"}]}<\/script>\n<!-- \/ Yoast SEO plugin. -->","yoast_head_json":{"title":"Cathy Perret de l'UBE a anim\u00e9 un s\u00e9minaire portant sur la lutte contre la pr\u00e9carit\u00e9 \u00e9tudiante. - Service \/ FPSE - Sciences de l&#039;Enseignement et de la Formation","robots":{"index":"index","follow":"follow","max-snippet":"max-snippet:-1","max-image-preview":"max-image-preview:large","max-video-preview":"max-video-preview:-1"},"canonical":"https:\/\/web.umons.ac.be\/semf\/2026\/03\/23\/cathy-perret-de-lube-a-anime-un-seminaire-portant-sur-la-lutte-contre-la-precarite-etudiante\/","og_locale":"fr_FR","og_type":"article","og_title":"Cathy Perret de l'UBE a anim\u00e9 un s\u00e9minaire portant sur la lutte contre la pr\u00e9carit\u00e9 \u00e9tudiante. - Service \/ FPSE - Sciences de l&#039;Enseignement et de la Formation","og_description":"Ce jeudi 19 f\u00e9vrier, le Service des Sciences de l'Enseignement et de la Formation a eu le plaisir d'accueillir Cathy Perret, ing\u00e9nieure de recherche au sein de l\u2019IREDU (Institut de Recherche en \u00c9ducation) \u00e0 l\u2019Universit\u00e9 de Bourgogne-Europe (UBE), pour un s\u00e9minaire portant sur la lutte contre la pr\u00e9carit\u00e9 \u00e9tudiante.","og_url":"https:\/\/web.umons.ac.be\/semf\/2026\/03\/23\/cathy-perret-de-lube-a-anime-un-seminaire-portant-sur-la-lutte-contre-la-precarite-etudiante\/","og_site_name":"Service \/ FPSE - Sciences de l&#039;Enseignement et de la Formation","article_published_time":"2026-03-23T14:36:31+00:00","og_image":[{"width":2560,"height":1928,"url":"https:\/\/web.umons.ac.be\/app\/uploads\/sites\/103\/2026\/03\/1000029582-scaled.jpg","type":"image\/jpeg"}],"author":"Anne Senecal","twitter_card":"summary_large_image","twitter_misc":{"\u00c9crit par":"Anne Senecal","Dur\u00e9e de lecture estim\u00e9e":"1 minute"},"schema":{"@context":"https:\/\/schema.org","@graph":[{"@type":"Article","@id":"https:\/\/web.umons.ac.be\/semf\/2026\/03\/23\/cathy-perret-de-lube-a-anime-un-seminaire-portant-sur-la-lutte-contre-la-precarite-etudiante\/#article","isPartOf":{"@id":"https:\/\/web.umons.ac.be\/semf\/2026\/03\/23\/cathy-perret-de-lube-a-anime-un-seminaire-portant-sur-la-lutte-contre-la-precarite-etudiante\/"},"author":{"name":"Anne Senecal","@id":"https:\/\/web.umons.ac.be\/semf\/#\/schema\/person\/fc66023c009ec7e0a56ac48c64c3308f"},"headline":"Cathy Perret de l&rsquo;UBE a anim\u00e9 un s\u00e9minaire portant sur la lutte contre la pr\u00e9carit\u00e9 \u00e9tudiante.","datePublished":"2026-03-23T14:36:31+00:00","mainEntityOfPage":{"@id":"https:\/\/web.umons.ac.be\/semf\/2026\/03\/23\/cathy-perret-de-lube-a-anime-un-seminaire-portant-sur-la-lutte-contre-la-precarite-etudiante\/"},"wordCount":134,"publisher":{"@id":"https:\/\/web.umons.ac.be\/semf\/#organization"},"image":{"@id":"https:\/\/web.umons.ac.be\/semf\/2026\/03\/23\/cathy-perret-de-lube-a-anime-un-seminaire-portant-sur-la-lutte-contre-la-precarite-etudiante\/#primaryimage"},"thumbnailUrl":"https:\/\/web.umons.ac.be\/app\/uploads\/sites\/103\/2026\/03\/1000029582-scaled.jpg","articleSection":["Recherche"],"inLanguage":"fr-FR"},{"@type":"WebPage","@id":"https:\/\/web.umons.ac.be\/semf\/2026\/03\/23\/cathy-perret-de-lube-a-anime-un-seminaire-portant-sur-la-lutte-contre-la-precarite-etudiante\/","url":"https:\/\/web.umons.ac.be\/semf\/2026\/03\/23\/cathy-perret-de-lube-a-anime-un-seminaire-portant-sur-la-lutte-contre-la-precarite-etudiante\/","name":"Cathy Perret de l'UBE a anim\u00e9 un s\u00e9minaire portant sur la lutte contre la pr\u00e9carit\u00e9 \u00e9tudiante. - Service \/ FPSE - Sciences de l&#039;Enseignement et de la Formation","isPartOf":{"@id":"https:\/\/web.umons.ac.be\/semf\/#website"},"primaryImageOfPage":{"@id":"https:\/\/web.umons.ac.be\/semf\/2026\/03\/23\/cathy-perret-de-lube-a-anime-un-seminaire-portant-sur-la-lutte-contre-la-precarite-etudiante\/#primaryimage"},"image":{"@id":"https:\/\/web.umons.ac.be\/semf\/2026\/03\/23\/cathy-perret-de-lube-a-anime-un-seminaire-portant-sur-la-lutte-contre-la-precarite-etudiante\/#primaryimage"},"thumbnailUrl":"https:\/\/web.umons.ac.be\/app\/uploads\/sites\/103\/2026\/03\/1000029582-scaled.jpg","datePublished":"2026-03-23T14:36:31+00:00","breadcrumb":{"@id":"https:\/\/web.umons.ac.be\/semf\/2026\/03\/23\/cathy-perret-de-lube-a-anime-un-seminaire-portant-sur-la-lutte-contre-la-precarite-etudiante\/#breadcrumb"},"inLanguage":"fr-FR","potentialAction":[{"@type":"ReadAction","target":["https:\/\/web.umons.ac.be\/semf\/2026\/03\/23\/cathy-perret-de-lube-a-anime-un-seminaire-portant-sur-la-lutte-contre-la-precarite-etudiante\/"]}]},{"@type":"ImageObject","inLanguage":"fr-FR","@id":"https:\/\/web.umons.ac.be\/semf\/2026\/03\/23\/cathy-perret-de-lube-a-anime-un-seminaire-portant-sur-la-lutte-contre-la-precarite-etudiante\/#primaryimage","url":"https:\/\/web.umons.ac.be\/app\/uploads\/sites\/103\/2026\/03\/1000029582-scaled.jpg","contentUrl":"https:\/\/web.umons.ac.be\/app\/uploads\/sites\/103\/2026\/03\/1000029582-scaled.jpg","width":2560,"height":1928},{"@type":"BreadcrumbList","@id":"https:\/\/web.umons.ac.be\/semf\/2026\/03\/23\/cathy-perret-de-lube-a-anime-un-seminaire-portant-sur-la-lutte-contre-la-precarite-etudiante\/#breadcrumb","itemListElement":[{"@type":"ListItem","position":1,"name":"Home","item":"https:\/\/web.umons.ac.be\/semf\/"},{"@type":"ListItem","position":2,"name":"Cathy Perret de l&rsquo;UBE a anim\u00e9 un s\u00e9minaire portant sur la lutte contre la pr\u00e9carit\u00e9 \u00e9tudiante."}]},{"@type":"WebSite","@id":"https:\/\/web.umons.ac.be\/semf\/#website","url":"https:\/\/web.umons.ac.be\/semf\/","name":"Service \/ FPSE - M\u00e9thodologie et formation","description":"","publisher":{"@id":"https:\/\/web.umons.ac.be\/semf\/#organization"},"potentialAction":[{"@type":"SearchAction","target":{"@type":"EntryPoint","urlTemplate":"https:\/\/web.umons.ac.be\/semf\/?s={search_term_string}"},"query-input":{"@type":"PropertyValueSpecification","valueRequired":true,"valueName":"search_term_string"}}],"inLanguage":"fr-FR"},{"@type":"Organization","@id":"https:\/\/web.umons.ac.be\/semf\/#organization","name":"Service \/ FPSE - M\u00e9thodologie et formation","url":"https:\/\/web.umons.ac.be\/semf\/","logo":{"@type":"ImageObject","inLanguage":"fr-FR","@id":"https:\/\/web.umons.ac.be\/semf\/#\/schema\/logo\/image\/","url":"https:\/\/web.umons.ac.be\/app\/uploads\/sites\/103\/2021\/11\/LOGOP316_Benoit-VANSCHOEBEKE.svg","contentUrl":"https:\/\/web.umons.ac.be\/app\/uploads\/sites\/103\/2021\/11\/LOGOP316_Benoit-VANSCHOEBEKE.svg","width":1,"height":1,"caption":"Service \/ FPSE - M\u00e9thodologie et formation"},"image":{"@id":"https:\/\/web.umons.ac.be\/semf\/#\/schema\/logo\/image\/"}},{"@type":"Person","@id":"https:\/\/web.umons.ac.be\/semf\/#\/schema\/person\/fc66023c009ec7e0a56ac48c64c3308f","name":"Anne Senecal","image":{"@type":"ImageObject","inLanguage":"fr-FR","@id":"https:\/\/secure.gravatar.com\/avatar\/f8cb2fee72dd926957939b5a98c78efc8cd4e751b381ab45ce15a5275acf1119?s=96&d=mm&r=g","url":"https:\/\/secure.gravatar.com\/avatar\/f8cb2fee72dd926957939b5a98c78efc8cd4e751b381ab45ce15a5275acf1119?s=96&d=mm&r=g","contentUrl":"https:\/\/secure.gravatar.com\/avatar\/f8cb2fee72dd926957939b5a98c78efc8cd4e751b381ab45ce15a5275acf1119?s=96&d=mm&r=g","caption":"Anne Senecal"},"url":"https:\/\/web.umons.ac.be\/semf\/author\/asenecal\/"}]}},"lang":"fr","translations":{"fr":3234},"pll_sync_post":[],"_links":{"self":[{"href":"https:\/\/web.umons.ac.be\/semf\/wp-json\/wp\/v2\/posts\/3234","targetHints":{"allow":["GET"]}}],"collection":[{"href":"https:\/\/web.umons.ac.be\/semf\/wp-json\/wp\/v2\/posts"}],"about":[{"href":"https:\/\/web.umons.ac.be\/semf\/wp-json\/wp\/v2\/types\/post"}],"author":[{"embeddable":true,"href":"https:\/\/web.umons.ac.be\/semf\/wp-json\/wp\/v2\/users\/122"}],"replies":[{"embeddable":true,"href":"https:\/\/web.umons.ac.be\/semf\/wp-json\/wp\/v2\/comments?post=3234"}],"version-history":[{"count":3,"href":"https:\/\/web.umons.ac.be\/semf\/wp-json\/wp\/v2\/posts\/3234\/revisions"}],"predecessor-version":[{"id":3239,"href":"https:\/\/web.umons.ac.be\/semf\/wp-json\/wp\/v2\/posts\/3234\/revisions\/3239"}],"wp:featuredmedia":[{"embeddable":true,"href":"https:\/\/web.umons.ac.be\/semf\/wp-json\/wp\/v2\/media\/3238"}],"wp:attachment":[{"href":"https:\/\/web.umons.ac.be\/semf\/wp-json\/wp\/v2\/media?parent=3234"}],"wp:term":[{"taxonomy":"category","embeddable":true,"href":"https:\/\/web.umons.ac.be\/semf\/wp-json\/wp\/v2\/categories?post=3234"},{"taxonomy":"post_tag","embeddable":true,"href":"https:\/\/web.umons.ac.be\/semf\/wp-json\/wp\/v2\/tags?post=3234"}],"curies":[{"name":"wp","href":"https:\/\/api.w.org\/{rel}","templated":true}]}}