{"id":3256,"date":"2026-03-26T15:38:48","date_gmt":"2026-03-26T14:38:48","guid":{"rendered":"https:\/\/web.umons.ac.be\/semf\/?p=3256"},"modified":"2026-03-26T15:40:12","modified_gmt":"2026-03-26T14:40:12","slug":"recentes-evolutions-de-lenseignement-superieur-en-france-par-cathy-perret","status":"publish","type":"post","link":"https:\/\/web.umons.ac.be\/semf\/2026\/03\/26\/recentes-evolutions-de-lenseignement-superieur-en-france-par-cathy-perret\/","title":{"rendered":"R\u00e9centes \u00e9volutions de l\u2019enseignement sup\u00e9rieur en France par Cathy Perret"},"content":{"rendered":"<p>Cathy Perret est ing\u00e9nieure de recherche au sein de l\u2019IREDU (Institut de Recherche en \u00c9ducation) \u00e0 l\u2019Universit\u00e9 de Bourgogne-Europe (UBE). La th\u00e9matique portait cette fois-ci sur les r\u00e9centes \u00e9volutions de l\u2019enseignement sup\u00e9rieur en France.<\/p>\n<p><img loading=\"lazy\" decoding=\"async\" class=\"alignnone size-full wp-image-3259\" src=\"https:\/\/web.umons.ac.be\/app\/uploads\/sites\/103\/2026\/03\/4836.jpg\" alt=\"\" width=\"2048\" height=\"1536\" srcset=\"https:\/\/web.umons.ac.be\/app\/uploads\/sites\/103\/2026\/03\/4836.jpg 2048w, https:\/\/web.umons.ac.be\/app\/uploads\/sites\/103\/2026\/03\/4836-300x225.jpg 300w, https:\/\/web.umons.ac.be\/app\/uploads\/sites\/103\/2026\/03\/4836-1024x768.jpg 1024w, https:\/\/web.umons.ac.be\/app\/uploads\/sites\/103\/2026\/03\/4836-768x576.jpg 768w, https:\/\/web.umons.ac.be\/app\/uploads\/sites\/103\/2026\/03\/4836-1536x1152.jpg 1536w, https:\/\/web.umons.ac.be\/app\/uploads\/sites\/103\/2026\/03\/4836-880x660.jpg 880w, https:\/\/web.umons.ac.be\/app\/uploads\/sites\/103\/2026\/03\/4836-30x23.jpg 30w, https:\/\/web.umons.ac.be\/app\/uploads\/sites\/103\/2026\/03\/4836-60x45.jpg 60w, https:\/\/web.umons.ac.be\/app\/uploads\/sites\/103\/2026\/03\/4836-360x270.jpg 360w\" sizes=\"auto, (max-width: 2048px) 100vw, 2048px\" \/><\/p>\n<p>Lors de ce s\u00e9minaire, Cathy Perret a expliqu\u00e9 la restructuration de l&rsquo;enseignement sup\u00e9rieur fran\u00e7ais en regard des r\u00e9formes successives ainsi que les cons\u00e9quences du foisonnement de formations et d&rsquo;\u00e9tablissements issus de l&rsquo;enseignement sup\u00e9rieur priv\u00e9. Le s\u00e9minaire s\u2019est conclu par un temps d\u2019\u00e9changes et de r\u00e9flexion en regard de notre propre syst\u00e8me d&rsquo;enseignement sup\u00e9rieur en Belgique francophone.<\/p>\n<p>Si vous souhaitez en savoir plus sur l&rsquo;organisation des \u00e9tudes dans l&rsquo;enseignement sup\u00e9rieur en France, consultez le lien suivant\u00a0: <a href=\"https:\/\/www.onisep.fr\/orientation\/l-enseignement-superieur\/le-schema-des-etudes-apres-le-bac\" target=\"_blank\" rel=\"noopener\">Sch\u00e9ma des \u00e9tudes apr\u00e8s le bac \u2013 Comprendre les parcours &#8211; Onisep<\/a><\/p>\n","protected":false},"excerpt":{"rendered":"<p>Ce lundi 23 f\u00e9vrier, les \u00e9tudiants du cours d&rsquo;Organisation de l&rsquo;enseignement sup\u00e9rieur en Communaut\u00e9 fran\u00e7aise ont eu le plaisir d&rsquo;assister au deuxi\u00e8me s\u00e9minaire donn\u00e9 par Cathy Perret et organis\u00e9 par le Service des Sciences de l&rsquo;Enseignement et de la Formation.<\/p>\n","protected":false},"author":122,"featured_media":3258,"comment_status":"closed","ping_status":"closed","sticky":false,"template":"","format":"standard","meta":{"footnotes":""},"categories":[17],"tags":[],"class_list":["post-3256","post","type-post","status-publish","format-standard","has-post-thumbnail","hentry","category-enseignement"],"yoast_head":"<!-- This site is optimized with the Yoast SEO plugin v27.2 - https:\/\/yoast.com\/product\/yoast-seo-wordpress\/ -->\n<title>R\u00e9centes \u00e9volutions de l\u2019enseignement sup\u00e9rieur en France par Cathy Perret - Service \/ FPSE - Sciences de l&#039;Enseignement et de la Formation<\/title>\n<meta name=\"robots\" content=\"index, follow, max-snippet:-1, max-image-preview:large, max-video-preview:-1\" \/>\n<link rel=\"canonical\" href=\"https:\/\/web.umons.ac.be\/semf\/2026\/03\/26\/recentes-evolutions-de-lenseignement-superieur-en-france-par-cathy-perret\/\" \/>\n<meta property=\"og:locale\" content=\"fr_FR\" \/>\n<meta property=\"og:type\" content=\"article\" \/>\n<meta property=\"og:title\" content=\"R\u00e9centes \u00e9volutions de l\u2019enseignement sup\u00e9rieur en France par Cathy Perret - Service \/ FPSE - Sciences de l&#039;Enseignement et de la Formation\" \/>\n<meta property=\"og:description\" content=\"Ce lundi 23 f\u00e9vrier, les \u00e9tudiants du cours d&#039;Organisation de l&#039;enseignement sup\u00e9rieur en Communaut\u00e9 fran\u00e7aise ont eu le plaisir d&#039;assister au deuxi\u00e8me s\u00e9minaire donn\u00e9 par Cathy Perret et organis\u00e9 par le Service des Sciences de l&#039;Enseignement et de la Formation.\" \/>\n<meta property=\"og:url\" content=\"https:\/\/web.umons.ac.be\/semf\/2026\/03\/26\/recentes-evolutions-de-lenseignement-superieur-en-france-par-cathy-perret\/\" \/>\n<meta property=\"og:site_name\" content=\"Service \/ FPSE - Sciences de l&#039;Enseignement et de la Formation\" \/>\n<meta property=\"article:published_time\" content=\"2026-03-26T14:38:48+00:00\" \/>\n<meta property=\"article:modified_time\" content=\"2026-03-26T14:40:12+00:00\" \/>\n<meta property=\"og:image\" content=\"https:\/\/web.umons.ac.be\/app\/uploads\/sites\/103\/2026\/03\/4831.jpg\" \/>\n\t<meta property=\"og:image:width\" content=\"2048\" \/>\n\t<meta property=\"og:image:height\" content=\"1536\" \/>\n\t<meta property=\"og:image:type\" content=\"image\/jpeg\" \/>\n<meta name=\"author\" content=\"Anne Senecal\" \/>\n<meta name=\"twitter:card\" content=\"summary_large_image\" \/>\n<meta name=\"twitter:label1\" content=\"\u00c9crit par\" \/>\n\t<meta name=\"twitter:data1\" content=\"Anne Senecal\" \/>\n\t<meta name=\"twitter:label2\" content=\"Dur\u00e9e de lecture estim\u00e9e\" \/>\n\t<meta name=\"twitter:data2\" content=\"2 minutes\" \/>\n<script type=\"application\/ld+json\" class=\"yoast-schema-graph\">{\"@context\":\"https:\/\/schema.org\",\"@graph\":[{\"@type\":\"Article\",\"@id\":\"https:\/\/web.umons.ac.be\/semf\/2026\/03\/26\/recentes-evolutions-de-lenseignement-superieur-en-france-par-cathy-perret\/#article\",\"isPartOf\":{\"@id\":\"https:\/\/web.umons.ac.be\/semf\/2026\/03\/26\/recentes-evolutions-de-lenseignement-superieur-en-france-par-cathy-perret\/\"},\"author\":{\"name\":\"Anne Senecal\",\"@id\":\"https:\/\/web.umons.ac.be\/semf\/#\/schema\/person\/fc66023c009ec7e0a56ac48c64c3308f\"},\"headline\":\"R\u00e9centes \u00e9volutions de l\u2019enseignement sup\u00e9rieur en France par Cathy Perret\",\"datePublished\":\"2026-03-26T14:38:48+00:00\",\"dateModified\":\"2026-03-26T14:40:12+00:00\",\"mainEntityOfPage\":{\"@id\":\"https:\/\/web.umons.ac.be\/semf\/2026\/03\/26\/recentes-evolutions-de-lenseignement-superieur-en-france-par-cathy-perret\/\"},\"wordCount\":160,\"publisher\":{\"@id\":\"https:\/\/web.umons.ac.be\/semf\/#organization\"},\"image\":{\"@id\":\"https:\/\/web.umons.ac.be\/semf\/2026\/03\/26\/recentes-evolutions-de-lenseignement-superieur-en-france-par-cathy-perret\/#primaryimage\"},\"thumbnailUrl\":\"https:\/\/web.umons.ac.be\/app\/uploads\/sites\/103\/2026\/03\/4831.jpg\",\"articleSection\":[\"Enseignement\"],\"inLanguage\":\"fr-FR\"},{\"@type\":\"WebPage\",\"@id\":\"https:\/\/web.umons.ac.be\/semf\/2026\/03\/26\/recentes-evolutions-de-lenseignement-superieur-en-france-par-cathy-perret\/\",\"url\":\"https:\/\/web.umons.ac.be\/semf\/2026\/03\/26\/recentes-evolutions-de-lenseignement-superieur-en-france-par-cathy-perret\/\",\"name\":\"R\u00e9centes \u00e9volutions de l\u2019enseignement sup\u00e9rieur en France par Cathy Perret - Service \/ FPSE - Sciences de l&#039;Enseignement et de la Formation\",\"isPartOf\":{\"@id\":\"https:\/\/web.umons.ac.be\/semf\/#website\"},\"primaryImageOfPage\":{\"@id\":\"https:\/\/web.umons.ac.be\/semf\/2026\/03\/26\/recentes-evolutions-de-lenseignement-superieur-en-france-par-cathy-perret\/#primaryimage\"},\"image\":{\"@id\":\"https:\/\/web.umons.ac.be\/semf\/2026\/03\/26\/recentes-evolutions-de-lenseignement-superieur-en-france-par-cathy-perret\/#primaryimage\"},\"thumbnailUrl\":\"https:\/\/web.umons.ac.be\/app\/uploads\/sites\/103\/2026\/03\/4831.jpg\",\"datePublished\":\"2026-03-26T14:38:48+00:00\",\"dateModified\":\"2026-03-26T14:40:12+00:00\",\"breadcrumb\":{\"@id\":\"https:\/\/web.umons.ac.be\/semf\/2026\/03\/26\/recentes-evolutions-de-lenseignement-superieur-en-france-par-cathy-perret\/#breadcrumb\"},\"inLanguage\":\"fr-FR\",\"potentialAction\":[{\"@type\":\"ReadAction\",\"target\":[\"https:\/\/web.umons.ac.be\/semf\/2026\/03\/26\/recentes-evolutions-de-lenseignement-superieur-en-france-par-cathy-perret\/\"]}]},{\"@type\":\"ImageObject\",\"inLanguage\":\"fr-FR\",\"@id\":\"https:\/\/web.umons.ac.be\/semf\/2026\/03\/26\/recentes-evolutions-de-lenseignement-superieur-en-france-par-cathy-perret\/#primaryimage\",\"url\":\"https:\/\/web.umons.ac.be\/app\/uploads\/sites\/103\/2026\/03\/4831.jpg\",\"contentUrl\":\"https:\/\/web.umons.ac.be\/app\/uploads\/sites\/103\/2026\/03\/4831.jpg\",\"width\":2048,\"height\":1536},{\"@type\":\"BreadcrumbList\",\"@id\":\"https:\/\/web.umons.ac.be\/semf\/2026\/03\/26\/recentes-evolutions-de-lenseignement-superieur-en-france-par-cathy-perret\/#breadcrumb\",\"itemListElement\":[{\"@type\":\"ListItem\",\"position\":1,\"name\":\"Home\",\"item\":\"https:\/\/web.umons.ac.be\/semf\/\"},{\"@type\":\"ListItem\",\"position\":2,\"name\":\"R\u00e9centes \u00e9volutions de l\u2019enseignement sup\u00e9rieur en France par Cathy Perret\"}]},{\"@type\":\"WebSite\",\"@id\":\"https:\/\/web.umons.ac.be\/semf\/#website\",\"url\":\"https:\/\/web.umons.ac.be\/semf\/\",\"name\":\"Service \/ FPSE - M\u00e9thodologie et formation\",\"description\":\"\",\"publisher\":{\"@id\":\"https:\/\/web.umons.ac.be\/semf\/#organization\"},\"potentialAction\":[{\"@type\":\"SearchAction\",\"target\":{\"@type\":\"EntryPoint\",\"urlTemplate\":\"https:\/\/web.umons.ac.be\/semf\/?s={search_term_string}\"},\"query-input\":{\"@type\":\"PropertyValueSpecification\",\"valueRequired\":true,\"valueName\":\"search_term_string\"}}],\"inLanguage\":\"fr-FR\"},{\"@type\":\"Organization\",\"@id\":\"https:\/\/web.umons.ac.be\/semf\/#organization\",\"name\":\"Service \/ FPSE - M\u00e9thodologie et formation\",\"url\":\"https:\/\/web.umons.ac.be\/semf\/\",\"logo\":{\"@type\":\"ImageObject\",\"inLanguage\":\"fr-FR\",\"@id\":\"https:\/\/web.umons.ac.be\/semf\/#\/schema\/logo\/image\/\",\"url\":\"https:\/\/web.umons.ac.be\/app\/uploads\/sites\/103\/2021\/11\/LOGOP316_Benoit-VANSCHOEBEKE.svg\",\"contentUrl\":\"https:\/\/web.umons.ac.be\/app\/uploads\/sites\/103\/2021\/11\/LOGOP316_Benoit-VANSCHOEBEKE.svg\",\"width\":1,\"height\":1,\"caption\":\"Service \/ FPSE - M\u00e9thodologie et formation\"},\"image\":{\"@id\":\"https:\/\/web.umons.ac.be\/semf\/#\/schema\/logo\/image\/\"}},{\"@type\":\"Person\",\"@id\":\"https:\/\/web.umons.ac.be\/semf\/#\/schema\/person\/fc66023c009ec7e0a56ac48c64c3308f\",\"name\":\"Anne Senecal\",\"image\":{\"@type\":\"ImageObject\",\"inLanguage\":\"fr-FR\",\"@id\":\"https:\/\/secure.gravatar.com\/avatar\/f8cb2fee72dd926957939b5a98c78efc8cd4e751b381ab45ce15a5275acf1119?s=96&d=mm&r=g\",\"url\":\"https:\/\/secure.gravatar.com\/avatar\/f8cb2fee72dd926957939b5a98c78efc8cd4e751b381ab45ce15a5275acf1119?s=96&d=mm&r=g\",\"contentUrl\":\"https:\/\/secure.gravatar.com\/avatar\/f8cb2fee72dd926957939b5a98c78efc8cd4e751b381ab45ce15a5275acf1119?s=96&d=mm&r=g\",\"caption\":\"Anne Senecal\"},\"url\":\"https:\/\/web.umons.ac.be\/semf\/author\/asenecal\/\"}]}<\/script>\n<!-- \/ Yoast SEO plugin. -->","yoast_head_json":{"title":"R\u00e9centes \u00e9volutions de l\u2019enseignement sup\u00e9rieur en France par Cathy Perret - Service \/ FPSE - Sciences de l&#039;Enseignement et de la Formation","robots":{"index":"index","follow":"follow","max-snippet":"max-snippet:-1","max-image-preview":"max-image-preview:large","max-video-preview":"max-video-preview:-1"},"canonical":"https:\/\/web.umons.ac.be\/semf\/2026\/03\/26\/recentes-evolutions-de-lenseignement-superieur-en-france-par-cathy-perret\/","og_locale":"fr_FR","og_type":"article","og_title":"R\u00e9centes \u00e9volutions de l\u2019enseignement sup\u00e9rieur en France par Cathy Perret - Service \/ FPSE - Sciences de l&#039;Enseignement et de la Formation","og_description":"Ce lundi 23 f\u00e9vrier, les \u00e9tudiants du cours d'Organisation de l'enseignement sup\u00e9rieur en Communaut\u00e9 fran\u00e7aise ont eu le plaisir d'assister au deuxi\u00e8me s\u00e9minaire donn\u00e9 par Cathy Perret et organis\u00e9 par le Service des Sciences de l'Enseignement et de la Formation.","og_url":"https:\/\/web.umons.ac.be\/semf\/2026\/03\/26\/recentes-evolutions-de-lenseignement-superieur-en-france-par-cathy-perret\/","og_site_name":"Service \/ FPSE - Sciences de l&#039;Enseignement et de la Formation","article_published_time":"2026-03-26T14:38:48+00:00","article_modified_time":"2026-03-26T14:40:12+00:00","og_image":[{"width":2048,"height":1536,"url":"https:\/\/web.umons.ac.be\/app\/uploads\/sites\/103\/2026\/03\/4831.jpg","type":"image\/jpeg"}],"author":"Anne Senecal","twitter_card":"summary_large_image","twitter_misc":{"\u00c9crit par":"Anne Senecal","Dur\u00e9e de lecture estim\u00e9e":"2 minutes"},"schema":{"@context":"https:\/\/schema.org","@graph":[{"@type":"Article","@id":"https:\/\/web.umons.ac.be\/semf\/2026\/03\/26\/recentes-evolutions-de-lenseignement-superieur-en-france-par-cathy-perret\/#article","isPartOf":{"@id":"https:\/\/web.umons.ac.be\/semf\/2026\/03\/26\/recentes-evolutions-de-lenseignement-superieur-en-france-par-cathy-perret\/"},"author":{"name":"Anne Senecal","@id":"https:\/\/web.umons.ac.be\/semf\/#\/schema\/person\/fc66023c009ec7e0a56ac48c64c3308f"},"headline":"R\u00e9centes \u00e9volutions de l\u2019enseignement sup\u00e9rieur en France par Cathy Perret","datePublished":"2026-03-26T14:38:48+00:00","dateModified":"2026-03-26T14:40:12+00:00","mainEntityOfPage":{"@id":"https:\/\/web.umons.ac.be\/semf\/2026\/03\/26\/recentes-evolutions-de-lenseignement-superieur-en-france-par-cathy-perret\/"},"wordCount":160,"publisher":{"@id":"https:\/\/web.umons.ac.be\/semf\/#organization"},"image":{"@id":"https:\/\/web.umons.ac.be\/semf\/2026\/03\/26\/recentes-evolutions-de-lenseignement-superieur-en-france-par-cathy-perret\/#primaryimage"},"thumbnailUrl":"https:\/\/web.umons.ac.be\/app\/uploads\/sites\/103\/2026\/03\/4831.jpg","articleSection":["Enseignement"],"inLanguage":"fr-FR"},{"@type":"WebPage","@id":"https:\/\/web.umons.ac.be\/semf\/2026\/03\/26\/recentes-evolutions-de-lenseignement-superieur-en-france-par-cathy-perret\/","url":"https:\/\/web.umons.ac.be\/semf\/2026\/03\/26\/recentes-evolutions-de-lenseignement-superieur-en-france-par-cathy-perret\/","name":"R\u00e9centes \u00e9volutions de l\u2019enseignement sup\u00e9rieur en France par Cathy Perret - Service \/ FPSE - Sciences de l&#039;Enseignement et de la Formation","isPartOf":{"@id":"https:\/\/web.umons.ac.be\/semf\/#website"},"primaryImageOfPage":{"@id":"https:\/\/web.umons.ac.be\/semf\/2026\/03\/26\/recentes-evolutions-de-lenseignement-superieur-en-france-par-cathy-perret\/#primaryimage"},"image":{"@id":"https:\/\/web.umons.ac.be\/semf\/2026\/03\/26\/recentes-evolutions-de-lenseignement-superieur-en-france-par-cathy-perret\/#primaryimage"},"thumbnailUrl":"https:\/\/web.umons.ac.be\/app\/uploads\/sites\/103\/2026\/03\/4831.jpg","datePublished":"2026-03-26T14:38:48+00:00","dateModified":"2026-03-26T14:40:12+00:00","breadcrumb":{"@id":"https:\/\/web.umons.ac.be\/semf\/2026\/03\/26\/recentes-evolutions-de-lenseignement-superieur-en-france-par-cathy-perret\/#breadcrumb"},"inLanguage":"fr-FR","potentialAction":[{"@type":"ReadAction","target":["https:\/\/web.umons.ac.be\/semf\/2026\/03\/26\/recentes-evolutions-de-lenseignement-superieur-en-france-par-cathy-perret\/"]}]},{"@type":"ImageObject","inLanguage":"fr-FR","@id":"https:\/\/web.umons.ac.be\/semf\/2026\/03\/26\/recentes-evolutions-de-lenseignement-superieur-en-france-par-cathy-perret\/#primaryimage","url":"https:\/\/web.umons.ac.be\/app\/uploads\/sites\/103\/2026\/03\/4831.jpg","contentUrl":"https:\/\/web.umons.ac.be\/app\/uploads\/sites\/103\/2026\/03\/4831.jpg","width":2048,"height":1536},{"@type":"BreadcrumbList","@id":"https:\/\/web.umons.ac.be\/semf\/2026\/03\/26\/recentes-evolutions-de-lenseignement-superieur-en-france-par-cathy-perret\/#breadcrumb","itemListElement":[{"@type":"ListItem","position":1,"name":"Home","item":"https:\/\/web.umons.ac.be\/semf\/"},{"@type":"ListItem","position":2,"name":"R\u00e9centes \u00e9volutions de l\u2019enseignement sup\u00e9rieur en France par Cathy Perret"}]},{"@type":"WebSite","@id":"https:\/\/web.umons.ac.be\/semf\/#website","url":"https:\/\/web.umons.ac.be\/semf\/","name":"Service \/ FPSE - M\u00e9thodologie et formation","description":"","publisher":{"@id":"https:\/\/web.umons.ac.be\/semf\/#organization"},"potentialAction":[{"@type":"SearchAction","target":{"@type":"EntryPoint","urlTemplate":"https:\/\/web.umons.ac.be\/semf\/?s={search_term_string}"},"query-input":{"@type":"PropertyValueSpecification","valueRequired":true,"valueName":"search_term_string"}}],"inLanguage":"fr-FR"},{"@type":"Organization","@id":"https:\/\/web.umons.ac.be\/semf\/#organization","name":"Service \/ FPSE - M\u00e9thodologie et formation","url":"https:\/\/web.umons.ac.be\/semf\/","logo":{"@type":"ImageObject","inLanguage":"fr-FR","@id":"https:\/\/web.umons.ac.be\/semf\/#\/schema\/logo\/image\/","url":"https:\/\/web.umons.ac.be\/app\/uploads\/sites\/103\/2021\/11\/LOGOP316_Benoit-VANSCHOEBEKE.svg","contentUrl":"https:\/\/web.umons.ac.be\/app\/uploads\/sites\/103\/2021\/11\/LOGOP316_Benoit-VANSCHOEBEKE.svg","width":1,"height":1,"caption":"Service \/ FPSE - M\u00e9thodologie et formation"},"image":{"@id":"https:\/\/web.umons.ac.be\/semf\/#\/schema\/logo\/image\/"}},{"@type":"Person","@id":"https:\/\/web.umons.ac.be\/semf\/#\/schema\/person\/fc66023c009ec7e0a56ac48c64c3308f","name":"Anne Senecal","image":{"@type":"ImageObject","inLanguage":"fr-FR","@id":"https:\/\/secure.gravatar.com\/avatar\/f8cb2fee72dd926957939b5a98c78efc8cd4e751b381ab45ce15a5275acf1119?s=96&d=mm&r=g","url":"https:\/\/secure.gravatar.com\/avatar\/f8cb2fee72dd926957939b5a98c78efc8cd4e751b381ab45ce15a5275acf1119?s=96&d=mm&r=g","contentUrl":"https:\/\/secure.gravatar.com\/avatar\/f8cb2fee72dd926957939b5a98c78efc8cd4e751b381ab45ce15a5275acf1119?s=96&d=mm&r=g","caption":"Anne Senecal"},"url":"https:\/\/web.umons.ac.be\/semf\/author\/asenecal\/"}]}},"lang":"fr","translations":{"fr":3256},"pll_sync_post":[],"_links":{"self":[{"href":"https:\/\/web.umons.ac.be\/semf\/wp-json\/wp\/v2\/posts\/3256","targetHints":{"allow":["GET"]}}],"collection":[{"href":"https:\/\/web.umons.ac.be\/semf\/wp-json\/wp\/v2\/posts"}],"about":[{"href":"https:\/\/web.umons.ac.be\/semf\/wp-json\/wp\/v2\/types\/post"}],"author":[{"embeddable":true,"href":"https:\/\/web.umons.ac.be\/semf\/wp-json\/wp\/v2\/users\/122"}],"replies":[{"embeddable":true,"href":"https:\/\/web.umons.ac.be\/semf\/wp-json\/wp\/v2\/comments?post=3256"}],"version-history":[{"count":3,"href":"https:\/\/web.umons.ac.be\/semf\/wp-json\/wp\/v2\/posts\/3256\/revisions"}],"predecessor-version":[{"id":3261,"href":"https:\/\/web.umons.ac.be\/semf\/wp-json\/wp\/v2\/posts\/3256\/revisions\/3261"}],"wp:featuredmedia":[{"embeddable":true,"href":"https:\/\/web.umons.ac.be\/semf\/wp-json\/wp\/v2\/media\/3258"}],"wp:attachment":[{"href":"https:\/\/web.umons.ac.be\/semf\/wp-json\/wp\/v2\/media?parent=3256"}],"wp:term":[{"taxonomy":"category","embeddable":true,"href":"https:\/\/web.umons.ac.be\/semf\/wp-json\/wp\/v2\/categories?post=3256"},{"taxonomy":"post_tag","embeddable":true,"href":"https:\/\/web.umons.ac.be\/semf\/wp-json\/wp\/v2\/tags?post=3256"}],"curies":[{"name":"wp","href":"https:\/\/api.w.org\/{rel}","templated":true}]}}